{"id":1959,"date":"2018-08-02T19:03:16","date_gmt":"2018-08-02T17:03:16","guid":{"rendered":"http:\/\/evertonfc.cz\/?p=1959"},"modified":"2019-01-31T19:04:16","modified_gmt":"2019-01-31T18:04:16","slug":"williams-hostuje-ve-stoke-city","status":"publish","type":"post","link":"https:\/\/evertonfc.cz\/index.php\/2018\/08\/02\/williams-hostuje-ve-stoke-city\/","title":{"rendered":"Williams hostuje ve Stoke City"},"content":{"rendered":"\n<h4 class=\"wp-block-heading\">S bl\u00ed\u017e\u00edc\u00edm se koncem p\u0159estupov\u00e9 obdob\u00ed lze o\u010dek\u00e1vat zv\u00fd\u0161enou fluktuaci v k\u00e1dru Toffees. Dal\u0161\u00edm hr\u00e1\u010dem, kter\u00fd nefiguroval v pl\u00e1nech nov\u00e9ho mana\u017eera Marca Silvy, je Ashley Williams.<\/h4>\n\n\n\n<p>V srpnu 34let\u00e9ho stopera si p\u0159ivedl na Goodison Park p\u0159ed dv\u011bma lety tehdej\u0161\u00ed mana\u017eer Ronald Koeman, kter\u00fd hledal zkou\u0161enou posilu do st\u0159edu obrany, a tak nev\u00e1hal poslat Swansea a\u017e 12 milion\u016f liber.<\/p>\n\n\n\n<p>Williams se p\u0159\u00edchodu do nov\u00e9ho p\u016fsobi\u0161t\u011b t\u00e9m\u011b\u0159 okam\u017eit\u011b usadil v z\u00e1kladn\u00ed sestav\u011b a Evertonu v sez\u00f3n\u011b 2016\/17 pomohl ke kone\u010dn\u00e9mu sedm\u00e9mu m\u00edstu v lize.<\/p>\n\n\n\n<p>V debutov\u00e9 sez\u00f3n\u011b v modr\u00e9m dresu sice pod\u00e1val pr\u016fm\u011brn\u00e9 v\u00fdkony, i tak to ale stacilo, aby p\u0159isp\u011bl ke zlep\u0161en\u00ed defenzivn\u00ed \u010dinnosti mu\u017estva, kter\u00e1 se v p\u0159edch\u00e1zej\u00edc\u00ed sez\u00f3n\u011b pod mana\u017eerem Robertem Mart\u00ednezem prezentovala ve velmi \u0161patn\u00e9m sv\u011btle.<\/p>\n\n\n\n<p>V sez\u00f3n\u011b 2017\/18 se v\u0161ak potvrdily skeptick\u00e9 hlasy, je\u017e od po\u010d\u00e1tku p\u0159estup Williamse odsuzovaly kv\u016fli jeho pokro\u010dilej\u0161\u00edmu v\u011bku. V\u00fdrazn\u00e9 zhor\u0161en\u00ed v\u00fdkonnosti Evertonu se zrcadlilo s hrou vel\u0161sk\u00e9ho reprezentanta, na jeho\u017e adresu byly opr\u00e1vn\u011bn\u011b sm\u011b\u0159ov\u00e1ny \u010detn\u00e9 kritick\u00e9 koment\u00e1\u0159e. Williams, a\u010d n\u011bkolikr\u00e1t navl\u00e9kl kapit\u00e1nskou p\u00e1sku, p\u0159edstavoval p\u0159esn\u00fd opak spr\u00e1vn\u00e9ho l\u00eddra, proto nep\u0159ekvapilo, \u017ee v z\u00e1v\u011bru ro\u010dn\u00edku used\u00e1val jen mezi n\u00e1hradn\u00edky.<\/p>\n\n\n\n<p>S anga\u017eov\u00e1n\u00edm nov\u00e9ho mana\u017eera Marca Silvy a sportovn\u00edho \u0159editele Marcela Brandse bylo brzy z\u0159ejm\u00e9, \u017ee st\u00e1rnouc\u00ed a s 70 tis\u00edcov\u00fdm t\u00fddenn\u00edm platem v\u00fdkonnostn\u011b upadaj\u00edc\u00ed Williams si bude muset hledat nov\u00fd t\u00fdm.<\/p>\n\n\n\n<p>Rod\u00e1k z Wolverhamptonu se stal posilou do druh\u00e9 ligy sestoupiv\u0161\u00edho Stoke City. Na Bet365 Stadium odch\u00e1z\u00ed v r\u00e1mci sez\u00f3nn\u00edho hostov\u00e1n\u00ed, je v\u0161ak nepravd\u011bpodobn\u00e9, \u017ee se po jeho konci vr\u00e1t\u00ed do Evertonu, proto\u017ee mu se z\u00e1v\u011brem leto\u0161n\u00ed sezony exspiruje na Goodison Parku smlouva.<\/p>\n\n\n\n<p>Williams nastoupil za Everton k 73 z\u00e1pas\u016fm a vst\u0159elil t\u0159i branky.<\/p>\n","protected":false},"excerpt":{"rendered":"<p>S bl\u00ed\u017e\u00edc\u00edm se koncem p\u0159estupov\u00e9 obdob\u00ed lze o\u010dek\u00e1vat zv\u00fd\u0161enou fluktuaci v k\u00e1dru Toffees. Dal\u0161\u00edm hr\u00e1\u010dem, kter\u00fd nefiguroval v pl\u00e1nech nov\u00e9ho&hellip;<\/p>\n","protected":false},"author":6,"featured_media":1927,"comment_status":"open","ping_status":"closed","sticky":false,"template":"","format":"standard","meta":{"_eb_attr":"","_monsterinsights_skip_tracking":false,"_monsterinsights_sitenote_active":false,"_monsterinsights_sitenote_note":"","_monsterinsights_sitenote_category":0,"footnotes":""},"categories":[41],"tags":[],"yoast_head":"<!-- This site is optimized with the Yoast SEO plugin v23.4 - https:\/\/yoast.com\/wordpress\/plugins\/seo\/ -->\n<title>Williams hostuje ve Stoke City - Official Czech &amp; Slovak Everton Supporters&#039; Club<\/title>\n<meta name=\"robots\" content=\"index, follow, max-snippet:-1, max-image-preview:large, max-video-preview:-1\" \/>\n<link rel=\"canonical\" href=\"https:\/\/evertonfc.cz\/index.php\/2018\/08\/02\/williams-hostuje-ve-stoke-city\/\" \/>\n<meta property=\"og:locale\" content=\"cs_CZ\" \/>\n<meta property=\"og:type\" content=\"article\" \/>\n<meta property=\"og:title\" content=\"Williams hostuje ve Stoke City - Official Czech &amp; Slovak Everton Supporters&#039; Club\" \/>\n<meta property=\"og:description\" content=\"S bl\u00ed\u017e\u00edc\u00edm se koncem p\u0159estupov\u00e9 obdob\u00ed lze o\u010dek\u00e1vat zv\u00fd\u0161enou fluktuaci v k\u00e1dru Toffees. Dal\u0161\u00edm hr\u00e1\u010dem, kter\u00fd nefiguroval v pl\u00e1nech nov\u00e9ho&hellip;\" \/>\n<meta property=\"og:url\" content=\"https:\/\/evertonfc.cz\/index.php\/2018\/08\/02\/williams-hostuje-ve-stoke-city\/\" \/>\n<meta property=\"og:site_name\" content=\"Official Czech &amp; Slovak Everton Supporters&#039; Club\" \/>\n<meta property=\"article:publisher\" content=\"https:\/\/www.facebook.com\/everton.fans.cz.sk\" \/>\n<meta property=\"article:published_time\" content=\"2018-08-02T17:03:16+00:00\" \/>\n<meta property=\"article:modified_time\" content=\"2019-01-31T18:04:16+00:00\" \/>\n<meta property=\"og:image\" content=\"https:\/\/evertonfc.cz\/wp-content\/uploads\/2019\/01\/williams_2_8_2018.jpg\" \/>\n\t<meta property=\"og:image:width\" content=\"720\" \/>\n\t<meta property=\"og:image:height\" content=\"405\" \/>\n\t<meta property=\"og:image:type\" content=\"image\/jpeg\" \/>\n<meta name=\"author\" content=\"Ri\u010di\" \/>\n<meta name=\"twitter:card\" content=\"summary_large_image\" \/>\n<meta name=\"twitter:creator\" content=\"@rbrejsa\" \/>\n<meta name=\"twitter:label1\" content=\"Napsal(a)\" \/>\n\t<meta name=\"twitter:data1\" content=\"Ri\u010di\" \/>\n\t<meta name=\"twitter:label2\" content=\"Odhadovan\u00e1 doba \u010dten\u00ed\" \/>\n\t<meta name=\"twitter:data2\" content=\"2 minuty\" \/>\n<script type=\"application\/ld+json\" class=\"yoast-schema-graph\">{\"@context\":\"https:\/\/schema.org\",\"@graph\":[{\"@type\":\"Article\",\"@id\":\"https:\/\/evertonfc.cz\/index.php\/2018\/08\/02\/williams-hostuje-ve-stoke-city\/#article\",\"isPartOf\":{\"@id\":\"https:\/\/evertonfc.cz\/index.php\/2018\/08\/02\/williams-hostuje-ve-stoke-city\/\"},\"author\":{\"name\":\"Ri\u010di\",\"@id\":\"https:\/\/evertonfc.cz\/#\/schema\/person\/f7a5daedb2ffee98480bc70e191aaef1\"},\"headline\":\"Williams hostuje ve Stoke City\",\"datePublished\":\"2018-08-02T17:03:16+00:00\",\"dateModified\":\"2019-01-31T18:04:16+00:00\",\"mainEntityOfPage\":{\"@id\":\"https:\/\/evertonfc.cz\/index.php\/2018\/08\/02\/williams-hostuje-ve-stoke-city\/\"},\"wordCount\":379,\"commentCount\":0,\"publisher\":{\"@id\":\"https:\/\/evertonfc.cz\/#organization\"},\"image\":{\"@id\":\"https:\/\/evertonfc.cz\/index.php\/2018\/08\/02\/williams-hostuje-ve-stoke-city\/#primaryimage\"},\"thumbnailUrl\":\"https:\/\/evertonfc.cz\/wp-content\/uploads\/2019\/01\/williams_2_8_2018.jpg\",\"articleSection\":[\"P\u0159estupy\"],\"inLanguage\":\"cs\",\"potentialAction\":[{\"@type\":\"CommentAction\",\"name\":\"Comment\",\"target\":[\"https:\/\/evertonfc.cz\/index.php\/2018\/08\/02\/williams-hostuje-ve-stoke-city\/#respond\"]}]},{\"@type\":\"WebPage\",\"@id\":\"https:\/\/evertonfc.cz\/index.php\/2018\/08\/02\/williams-hostuje-ve-stoke-city\/\",\"url\":\"https:\/\/evertonfc.cz\/index.php\/2018\/08\/02\/williams-hostuje-ve-stoke-city\/\",\"name\":\"Williams hostuje ve Stoke City - Official Czech &amp; Slovak Everton Supporters&#039; Club\",\"isPartOf\":{\"@id\":\"https:\/\/evertonfc.cz\/#website\"},\"primaryImageOfPage\":{\"@id\":\"https:\/\/evertonfc.cz\/index.php\/2018\/08\/02\/williams-hostuje-ve-stoke-city\/#primaryimage\"},\"image\":{\"@id\":\"https:\/\/evertonfc.cz\/index.php\/2018\/08\/02\/williams-hostuje-ve-stoke-city\/#primaryimage\"},\"thumbnailUrl\":\"https:\/\/evertonfc.cz\/wp-content\/uploads\/2019\/01\/williams_2_8_2018.jpg\",\"datePublished\":\"2018-08-02T17:03:16+00:00\",\"dateModified\":\"2019-01-31T18:04:16+00:00\",\"breadcrumb\":{\"@id\":\"https:\/\/evertonfc.cz\/index.php\/2018\/08\/02\/williams-hostuje-ve-stoke-city\/#breadcrumb\"},\"inLanguage\":\"cs\",\"potentialAction\":[{\"@type\":\"ReadAction\",\"target\":[\"https:\/\/evertonfc.cz\/index.php\/2018\/08\/02\/williams-hostuje-ve-stoke-city\/\"]}]},{\"@type\":\"ImageObject\",\"inLanguage\":\"cs\",\"@id\":\"https:\/\/evertonfc.cz\/index.php\/2018\/08\/02\/williams-hostuje-ve-stoke-city\/#primaryimage\",\"url\":\"https:\/\/evertonfc.cz\/wp-content\/uploads\/2019\/01\/williams_2_8_2018.jpg\",\"contentUrl\":\"https:\/\/evertonfc.cz\/wp-content\/uploads\/2019\/01\/williams_2_8_2018.jpg\",\"width\":720,\"height\":405},{\"@type\":\"BreadcrumbList\",\"@id\":\"https:\/\/evertonfc.cz\/index.php\/2018\/08\/02\/williams-hostuje-ve-stoke-city\/#breadcrumb\",\"itemListElement\":[{\"@type\":\"ListItem\",\"position\":1,\"name\":\"Home\",\"item\":\"https:\/\/evertonfc.cz\/\"},{\"@type\":\"ListItem\",\"position\":2,\"name\":\"Williams hostuje ve Stoke City\"}]},{\"@type\":\"WebSite\",\"@id\":\"https:\/\/evertonfc.cz\/#website\",\"url\":\"https:\/\/evertonfc.cz\/\",\"name\":\"Official Czech &amp; Slovak Everton Supporters&#039; Club\",\"description\":\"\",\"publisher\":{\"@id\":\"https:\/\/evertonfc.cz\/#organization\"},\"potentialAction\":[{\"@type\":\"SearchAction\",\"target\":{\"@type\":\"EntryPoint\",\"urlTemplate\":\"https:\/\/evertonfc.cz\/?s={search_term_string}\"},\"query-input\":{\"@type\":\"PropertyValueSpecification\",\"valueRequired\":true,\"valueName\":\"search_term_string\"}}],\"inLanguage\":\"cs\"},{\"@type\":\"Organization\",\"@id\":\"https:\/\/evertonfc.cz\/#organization\",\"name\":\"Official Czech & Slovak Everton Supporters' Club\",\"url\":\"https:\/\/evertonfc.cz\/\",\"logo\":{\"@type\":\"ImageObject\",\"inLanguage\":\"cs\",\"@id\":\"https:\/\/evertonfc.cz\/#\/schema\/logo\/image\/\",\"url\":\"https:\/\/evertonfc.cz\/wp-content\/uploads\/2019\/05\/logo.png\",\"contentUrl\":\"https:\/\/evertonfc.cz\/wp-content\/uploads\/2019\/05\/logo.png\",\"width\":112,\"height\":112,\"caption\":\"Official Czech & Slovak Everton Supporters' Club\"},\"image\":{\"@id\":\"https:\/\/evertonfc.cz\/#\/schema\/logo\/image\/\"},\"sameAs\":[\"https:\/\/www.facebook.com\/everton.fans.cz.sk\"]},{\"@type\":\"Person\",\"@id\":\"https:\/\/evertonfc.cz\/#\/schema\/person\/f7a5daedb2ffee98480bc70e191aaef1\",\"name\":\"Ri\u010di\",\"sameAs\":[\"https:\/\/x.com\/rbrejsa\"],\"url\":\"https:\/\/evertonfc.cz\/index.php\/author\/rici\/\"}]}<\/script>\n<!-- \/ Yoast SEO plugin. -->","yoast_head_json":{"title":"Williams hostuje ve Stoke City - Official Czech &amp; Slovak Everton Supporters&#039; Club","robots":{"index":"index","follow":"follow","max-snippet":"max-snippet:-1","max-image-preview":"max-image-preview:large","max-video-preview":"max-video-preview:-1"},"canonical":"https:\/\/evertonfc.cz\/index.php\/2018\/08\/02\/williams-hostuje-ve-stoke-city\/","og_locale":"cs_CZ","og_type":"article","og_title":"Williams hostuje ve Stoke City - Official Czech &amp; Slovak Everton Supporters&#039; Club","og_description":"S bl\u00ed\u017e\u00edc\u00edm se koncem p\u0159estupov\u00e9 obdob\u00ed lze o\u010dek\u00e1vat zv\u00fd\u0161enou fluktuaci v k\u00e1dru Toffees. Dal\u0161\u00edm hr\u00e1\u010dem, kter\u00fd nefiguroval v pl\u00e1nech nov\u00e9ho&hellip;","og_url":"https:\/\/evertonfc.cz\/index.php\/2018\/08\/02\/williams-hostuje-ve-stoke-city\/","og_site_name":"Official Czech &amp; Slovak Everton Supporters&#039; Club","article_publisher":"https:\/\/www.facebook.com\/everton.fans.cz.sk","article_published_time":"2018-08-02T17:03:16+00:00","article_modified_time":"2019-01-31T18:04:16+00:00","og_image":[{"width":720,"height":405,"url":"https:\/\/evertonfc.cz\/wp-content\/uploads\/2019\/01\/williams_2_8_2018.jpg","type":"image\/jpeg"}],"author":"Ri\u010di","twitter_card":"summary_large_image","twitter_creator":"@rbrejsa","twitter_misc":{"Napsal(a)":"Ri\u010di","Odhadovan\u00e1 doba \u010dten\u00ed":"2 minuty"},"schema":{"@context":"https:\/\/schema.org","@graph":[{"@type":"Article","@id":"https:\/\/evertonfc.cz\/index.php\/2018\/08\/02\/williams-hostuje-ve-stoke-city\/#article","isPartOf":{"@id":"https:\/\/evertonfc.cz\/index.php\/2018\/08\/02\/williams-hostuje-ve-stoke-city\/"},"author":{"name":"Ri\u010di","@id":"https:\/\/evertonfc.cz\/#\/schema\/person\/f7a5daedb2ffee98480bc70e191aaef1"},"headline":"Williams hostuje ve Stoke City","datePublished":"2018-08-02T17:03:16+00:00","dateModified":"2019-01-31T18:04:16+00:00","mainEntityOfPage":{"@id":"https:\/\/evertonfc.cz\/index.php\/2018\/08\/02\/williams-hostuje-ve-stoke-city\/"},"wordCount":379,"commentCount":0,"publisher":{"@id":"https:\/\/evertonfc.cz\/#organization"},"image":{"@id":"https:\/\/evertonfc.cz\/index.php\/2018\/08\/02\/williams-hostuje-ve-stoke-city\/#primaryimage"},"thumbnailUrl":"https:\/\/evertonfc.cz\/wp-content\/uploads\/2019\/01\/williams_2_8_2018.jpg","articleSection":["P\u0159estupy"],"inLanguage":"cs","potentialAction":[{"@type":"CommentAction","name":"Comment","target":["https:\/\/evertonfc.cz\/index.php\/2018\/08\/02\/williams-hostuje-ve-stoke-city\/#respond"]}]},{"@type":"WebPage","@id":"https:\/\/evertonfc.cz\/index.php\/2018\/08\/02\/williams-hostuje-ve-stoke-city\/","url":"https:\/\/evertonfc.cz\/index.php\/2018\/08\/02\/williams-hostuje-ve-stoke-city\/","name":"Williams hostuje ve Stoke City - Official Czech &amp; Slovak Everton Supporters&#039; Club","isPartOf":{"@id":"https:\/\/evertonfc.cz\/#website"},"primaryImageOfPage":{"@id":"https:\/\/evertonfc.cz\/index.php\/2018\/08\/02\/williams-hostuje-ve-stoke-city\/#primaryimage"},"image":{"@id":"https:\/\/evertonfc.cz\/index.php\/2018\/08\/02\/williams-hostuje-ve-stoke-city\/#primaryimage"},"thumbnailUrl":"https:\/\/evertonfc.cz\/wp-content\/uploads\/2019\/01\/williams_2_8_2018.jpg","datePublished":"2018-08-02T17:03:16+00:00","dateModified":"2019-01-31T18:04:16+00:00","breadcrumb":{"@id":"https:\/\/evertonfc.cz\/index.php\/2018\/08\/02\/williams-hostuje-ve-stoke-city\/#breadcrumb"},"inLanguage":"cs","potentialAction":[{"@type":"ReadAction","target":["https:\/\/evertonfc.cz\/index.php\/2018\/08\/02\/williams-hostuje-ve-stoke-city\/"]}]},{"@type":"ImageObject","inLanguage":"cs","@id":"https:\/\/evertonfc.cz\/index.php\/2018\/08\/02\/williams-hostuje-ve-stoke-city\/#primaryimage","url":"https:\/\/evertonfc.cz\/wp-content\/uploads\/2019\/01\/williams_2_8_2018.jpg","contentUrl":"https:\/\/evertonfc.cz\/wp-content\/uploads\/2019\/01\/williams_2_8_2018.jpg","width":720,"height":405},{"@type":"BreadcrumbList","@id":"https:\/\/evertonfc.cz\/index.php\/2018\/08\/02\/williams-hostuje-ve-stoke-city\/#breadcrumb","itemListElement":[{"@type":"ListItem","position":1,"name":"Home","item":"https:\/\/evertonfc.cz\/"},{"@type":"ListItem","position":2,"name":"Williams hostuje ve Stoke City"}]},{"@type":"WebSite","@id":"https:\/\/evertonfc.cz\/#website","url":"https:\/\/evertonfc.cz\/","name":"Official Czech &amp; Slovak Everton Supporters&#039; Club","description":"","publisher":{"@id":"https:\/\/evertonfc.cz\/#organization"},"potentialAction":[{"@type":"SearchAction","target":{"@type":"EntryPoint","urlTemplate":"https:\/\/evertonfc.cz\/?s={search_term_string}"},"query-input":{"@type":"PropertyValueSpecification","valueRequired":true,"valueName":"search_term_string"}}],"inLanguage":"cs"},{"@type":"Organization","@id":"https:\/\/evertonfc.cz\/#organization","name":"Official Czech & Slovak Everton Supporters' Club","url":"https:\/\/evertonfc.cz\/","logo":{"@type":"ImageObject","inLanguage":"cs","@id":"https:\/\/evertonfc.cz\/#\/schema\/logo\/image\/","url":"https:\/\/evertonfc.cz\/wp-content\/uploads\/2019\/05\/logo.png","contentUrl":"https:\/\/evertonfc.cz\/wp-content\/uploads\/2019\/05\/logo.png","width":112,"height":112,"caption":"Official Czech & Slovak Everton Supporters' Club"},"image":{"@id":"https:\/\/evertonfc.cz\/#\/schema\/logo\/image\/"},"sameAs":["https:\/\/www.facebook.com\/everton.fans.cz.sk"]},{"@type":"Person","@id":"https:\/\/evertonfc.cz\/#\/schema\/person\/f7a5daedb2ffee98480bc70e191aaef1","name":"Ri\u010di","sameAs":["https:\/\/x.com\/rbrejsa"],"url":"https:\/\/evertonfc.cz\/index.php\/author\/rici\/"}]}},"_links":{"self":[{"href":"https:\/\/evertonfc.cz\/index.php\/wp-json\/wp\/v2\/posts\/1959"}],"collection":[{"href":"https:\/\/evertonfc.cz\/index.php\/wp-json\/wp\/v2\/posts"}],"about":[{"href":"https:\/\/evertonfc.cz\/index.php\/wp-json\/wp\/v2\/types\/post"}],"author":[{"embeddable":true,"href":"https:\/\/evertonfc.cz\/index.php\/wp-json\/wp\/v2\/users\/6"}],"replies":[{"embeddable":true,"href":"https:\/\/evertonfc.cz\/index.php\/wp-json\/wp\/v2\/comments?post=1959"}],"version-history":[{"count":1,"href":"https:\/\/evertonfc.cz\/index.php\/wp-json\/wp\/v2\/posts\/1959\/revisions"}],"predecessor-version":[{"id":1960,"href":"https:\/\/evertonfc.cz\/index.php\/wp-json\/wp\/v2\/posts\/1959\/revisions\/1960"}],"wp:featuredmedia":[{"embeddable":true,"href":"https:\/\/evertonfc.cz\/index.php\/wp-json\/wp\/v2\/media\/1927"}],"wp:attachment":[{"href":"https:\/\/evertonfc.cz\/index.php\/wp-json\/wp\/v2\/media?parent=1959"}],"wp:term":[{"taxonomy":"category","embeddable":true,"href":"https:\/\/evertonfc.cz\/index.php\/wp-json\/wp\/v2\/categories?post=1959"},{"taxonomy":"post_tag","embeddable":true,"href":"https:\/\/evertonfc.cz\/index.php\/wp-json\/wp\/v2\/tags?post=1959"}],"curies":[{"name":"wp","href":"https:\/\/api.w.org\/{rel}","templated":true}]}}