{"id":19603,"date":"2022-08-27T14:10:21","date_gmt":"2022-08-27T12:10:21","guid":{"rendered":"https:\/\/evertonfc.cz\/?p=19603"},"modified":"2022-08-27T15:54:21","modified_gmt":"2022-08-27T13:54:21","slug":"preview-brentford-everton-2","status":"publish","type":"post","link":"https:\/\/evertonfc.cz\/index.php\/2022\/08\/27\/preview-brentford-everton-2\/","title":{"rendered":"Preview: Brentford &#8211; Everton"},"content":{"rendered":"<h4>Nevyzpytateln\u00e9 jsou osudy v (nejen) ostrovn\u00ed kopan\u00e9. Brentford se dlouho ut\u00e1p\u011bl v ni\u017e\u0161\u00edch sout\u011b\u017e\u00edch, aby vloni uh\u00e1jil stylov\u011b prvoligovou p\u0159\u00edslu\u0161nost. A p\u0159es odchod znovuzrozen\u00e9ho Eriksena za\u010dal novou sez\u00f3nu p\u016fsobiv\u011b.<\/h4>\n<p>Everton naraz\u00ed na t\u00fdm, kter\u00fd rozhodn\u011b neprod\u00e1 ani letos svou k\u016f\u017ei lacino. Mohlo by se nam\u00edtnout ono hororov\u00e9 pravidlo o druh\u00e9 sez\u00f6n\u011b v sout\u011b\u017ei, ale na to v z\u00e1padn\u00edm Lond\u00fdn\u011b jaksi nedbaj\u00ed. T\u00fdm pos\u00edlil, vede je hou\u017eevnat\u00fd Thomas Frank, celkov\u011b se d\u00e1 \u0159\u00edct, \u017ee klub m\u00e1 pl\u00e1n a v\u0161echno \u0161lape dob\u0159e.<\/p>\n<p>Jak u\u017e bylo \u0159e\u010deno, vloni tak trochu zast\u00ednila v\u0161echny hv\u011bzda Christiana Eriksena, kter\u00fd p\u0159estoupil do Manchesteru United. Celkov\u011b vzato ale Bees zahr\u00e1li dob\u0159e jako t\u00fdm. Pravda, asi nejv\u011bt\u0161\u00edm jm\u00e9nem byl Ivan Toney, nejlep\u0161\u00ed st\u0159elec, kter\u00fd neztratil punc st\u0159elce p\u0159inesen\u00fd z Championship. Tak\u00e9 kolem n\u011bj st\u00e1le v\u00ed\u0159\u00ed spekulace. By\u0165 by se jeho branky nenahrazovaly snadno, v sestav\u011b vedle n\u011bj nezapadlo n\u011bkolik dal\u0161\u00edch jmen, kter\u00e1 ale z\u016fstala pod radarem lovc\u016f hlav.<\/p>\n<p>Mezi takov\u00e9 je t\u0159eba jmenovat k\u0159\u00eddeln\u00edky Mbuema s\u00a0Wissou, kte\u0159\u00ed dok\u00e1zali b\u00fdt produktivn\u00ed. Sv\u00fdmi drobn\u00fdmi p\u0159isp\u011bli i z\u00e1lo\u017en\u00edci Sergio Canos nebo Christian N\u00f8rgaard, neztratili se ani stoper Kristoffer Ajer nebo krajn\u00ed bek Richo Henry, v\u00a0brance spolehliv\u00fd David Raya.<\/p>\n<p>T\u00fdm je tedy sehran\u00fd, neb\u00e1l bych se \u0159\u00edct, vzhledem k rozs\u00e1hl\u00e9 denmarkizaci, \u017ee dr\u017e\u00ed pohromad\u011b jako Lego. K tomu dorazilo n\u011bkolik z\u00e1vid\u011bn\u00edhodn\u00fdch posil. O kreativitu ze stran by se m\u011bli sna\u017eit Keane Lewis-Potter (21), jeho\u017e si Everton na za\u010d\u00e1tku p\u0159estupn\u00edho obdob\u00ed \u00fadajn\u011b nemohl dovolit, z Hullu dorazil za 19 milion\u016f eur. Jen o p\u016fl roku star\u0161\u00ed je posila z janovsk\u00e9 Sampdorie, Mikkel Damsgaard. Jeho nebezpe\u010dn\u00e9 st\u0159ely zd\u00e1lky si pamatuj\u00ed nejen fanou\u0161ci Anglie z posledn\u00edho Eura. Ten st\u00e1l p\u0159ibli\u017en\u011b 15 milion\u016f.<\/p>\n<p>Dal\u0161\u00ed posilou, pro zm\u011bnu do obrany, je zbloudil\u00fd Skot, teprve dvacetilet\u00fd Aaron Hickey z Bologny za dal\u0161\u00edch 16,5 milionu. K tomu zadarmo dorazili zku\u0161en\u00fd Ben Mee z padl\u00fdch Burnley a alb\u00e1nsk\u00fd brank\u00e1\u0159 Thomas Strakosha. Mus\u00edm p\u0159iznat, \u017ee za mne velmi sympatick\u00e9 p\u0159estupy.<\/p>\n<p>Brentford stihl v t\u00e9to sez\u00f3n\u011b ve 4 z\u00e1pasech vst\u0159elit u\u017e 10 branek, pod\u011blilo se o n\u011b 8 st\u0159elc\u016f. No kdo to m\u00e1, \u017ee? U\u017e v prvn\u00edm kole dok\u00e1zali dorovnat dvoubrankov\u00e9 manko s Li\u0161kami, pak rozpoutali doma polo\u010dasov\u00e9 peklo, kter\u00e9 odnesli Rud\u00ed z Manchesteru. N\u00e1sledovala prohra s Cottagers a povinn\u00fd pr\u016fchod v Ligov\u00e9m poh\u00e1r\u016f po v\u00edt\u011bzstv\u00ed na p\u016fd\u011b \u010dvrtiligov\u00e9ho Colchesteru. I kdy\u017e, je\u0161t\u011b p\u0159ed 8 lety spolu oba t\u00fdmy z\u00e1polily v League One. Brentfordu se da\u0159\u00ed p\u0159edev\u0161\u00edm doma dr\u017eet soup\u011b\u0159e na dost\u0159el, \u010dist\u00e9 konto udr\u017eeli 6kr\u00e1t z posledn\u00edch 8 vystoupen\u00ed.<\/p>\n<p>V t\u00e1bo\u0159e host\u00ed takov\u00e1 pohoda zdaleka nepanuje. Nejhor\u0161\u00ed start za posledn\u00edch 11 let. Snad nebude \u010dek\u00e1n\u00ed na prvn\u00ed ligovou v\u00fdhru dlouh\u00e9 jak tehdy, nebo v sez\u00f3n\u011b 1994\/95, kdy to bylo a\u017e 12 kol. Everton sice dok\u00e1zal p\u0159iv\u00e9st kone\u010dn\u011b <a href=\"https:\/\/evertonfc.cz\/index.php\/2022\/08\/26\/konecne-novy-bienvenue-maupay\/\">\u00fato\u010dn\u00edka<\/a>, ale Neal Maupay do z\u00e1pasu je\u0161t\u011b nebude moci zas\u00e1hnout. Frank Lampard m\u016f\u017ee sice po\u010d\u00edtat st\u00e1le s odchovancem Anthonym Gordonem, ale dle jeho vystupov\u00e1n\u00ed na lavi\u010dce ve Fleetwoodu\u00a0 nen\u00ed mlad\u00edk dostate\u010dn\u011b soust\u0159ed\u011bn\u00fd. I kdy\u017e se d\u00e1 \u010dekat piln\u00fd z\u00e1v\u011br p\u0159estupn\u00edho obdob\u00ed, Frank Lampard se zat\u00edm bude muset spokojit s t\u00edm, co minule.<\/p>\n<p>A to st\u00e1le znamen\u00e1 bez zran\u011bn\u00e9 \u0161estice DCL (za t\u00fdden u\u017e ale za\u010dne s\u00a0tr\u00e9ninkem), Doucour\u00e9, Godfrey, Gomes (na tr\u00e9ninku ale byl), Mina a Townsend. P\u0159edchoz\u00ed ostavec nebyl \u00fapln\u011b p\u0159esn\u00fd, proto\u017ee oproti minule budeme bez Alliho a Gbamina, kte\u0159\u00ed u\u017e se vyh\u0159\u00edvaj\u00ed v\u00a0Turecku.<\/p>\n<p>Super Frankie sice za\u017eil proti Brentfordu v\u00edt\u011bznou premi\u00e9ru na lavi\u010dce Toffees, kdy\u017e se t\u00fdmy utkaly v \u00fanoru v FA Cupu a Toffees proskota\u010dili d\u00e1l po v\u00fdh\u0159e 4:1. Jen\u017ee v kv\u011btnu, kdy\u017e \u0161lo opravdu do tuh\u00e9ho, nedok\u00e1zal druh\u00e9ho Franka p\u0159etla\u010dit a doma jsme ztratili veden\u00ed a mnoho z n\u00e1s i nad\u011bji p\u0159i proh\u0159e 2:3.<\/p>\n<p>Celkov\u011b tedy v\u00a0lize 2-0 pro The Bees, k\u00a0tomu lze p\u0159i\u010d\u00edst z\u00a0let 2 z\u00e1pasy z\u00a0prvn\u00ed pov\u00e1le\u010dn\u00e9 a jeden z\u00a0posledn\u00ed p\u0159edv\u00e1le\u010dn\u00e9 sez\u00f3ny, celkem tedy 5 z\u00e1pas\u016f, kdy se nepoda\u0159ilo Brentford zlomit. Posledn\u00ed prvoligov\u00e1 v\u00fdhra nad dne\u0161n\u00edm soupe\u0159em je tedy dosti vousat\u00e1, ze z\u00e1\u0159\u00ed 1938, kdy poko\u0159il soupe\u0159e dvakr\u00e1t Tommy Lawton. Av\u0161ak v\u00a0Brentfordu, a\u0165 ji\u017e v\u00a0Griffin Parku nebo nov\u00e9m st\u00e1nku ale Everton je\u0161t\u011b v\u00a0nejvy\u0161\u0161\u00ed sout\u011b\u017ei nezv\u00edt\u011bzil. Mezi t\u00edm se t\u00fdmy utkaly 6kr\u00e1t v\u00a0druh\u00e9 lize v\u00a050. letech s\u00a0bilanc\u00ed 4-0-2 16:5 pro Toffees. Celkov\u00e1 bilance ale z\u016fst\u00e1v\u00e1 \u201ep\u0159ekvapiv\u011b\u201c vyrovnan\u00e1: 19 z\u00e1pas\u016f 8-3-8 34:25.<\/p>\n<p>Uvid\u00edme, jestli se tren\u00e9rsk\u00e9mu t\u00fdmu poda\u0159\u00ed kone\u010dn\u011b vymyslet n\u011bco, jak prolomit zoufalou bilanci z\u00a0venku, proto\u017ee 4 body z\u00a010 z\u00e1pas\u016f pod Lampardem nev\u011bst\u00ed nic dobr\u00e9ho. Dom\u00e1c\u00ed budou hr\u00e1t 4-3-3, je tedy ke zv\u00e1\u017een\u00ed, zda n\u00e1s ust\u00e1len\u00e9 rozestaven\u00ed se 3 st\u0159edov\u00fdmi obr\u00e1nci nedostane pod velk\u00fd tlak. Ofenz\u00edvu se snad poda\u0159\u00ed brzo pos\u00edlit, ale tentokr\u00e1t maj\u00ed Bees je\u0161t\u011b \u0161t\u011bst\u00ed, ale kdo v\u00ed, Everton m\u016f\u017ee p\u0159ekvapit.<\/p>\n<p><strong>Co<\/strong>: 4 .kolo Premier League<br \/>\n<strong>Kdy<\/strong>: sobota 27. srpna 2022 od 16:00<br \/>\n<strong>TV<\/strong>: na stanici Canal+ Sport 3, z\u00e1pasov\u00fd stream<br \/>\n<strong>Kde<\/strong>: Gtech Community Stadium, Lionel Road South, Brentford, TW8 0RU<br \/>\n<strong>Rozhod\u010d\u00ed:<\/strong> John Brooks\u00a0 <strong>Postrann\u00ed:\u00a0<\/strong>Gary Beswick, Adam Nunn\u00a0 <strong>\u010ctvrt\u00fd rozhod\u010d\u00ed:\u00a0<\/strong>David Webb<br \/>\n<strong>VAR:<\/strong> Lee Mason\u00a0 <strong>Pomocnice VAR:\u00a0<\/strong>Natalie Aspinallov\u00e1<\/p>\n","protected":false},"excerpt":{"rendered":"<p>Nevyzpytateln\u00e9 jsou osudy v (nejen) v ostrovn\u00ed kopan\u00e9. Brentford se dlouho ut\u00e1p\u011bl v ni\u017e\u0161\u00edch sout\u011b\u017e\u00edch, aby vloni uh\u00e1jil stylov\u011b prvoligovou p\u0159\u00edslu\u0161nost. A p\u0159es odchod znovuzrozen\u00e9ho Eriksena za\u010dal novou sez\u00f3nu p\u016fsobiv\u011b. <\/p>\n","protected":false},"author":10,"featured_media":17028,"comment_status":"open","ping_status":"closed","sticky":false,"template":"","format":"standard","meta":{"_eb_attr":"","_monsterinsights_skip_tracking":false,"_monsterinsights_sitenote_active":false,"_monsterinsights_sitenote_note":"","_monsterinsights_sitenote_category":0,"footnotes":""},"categories":[4],"tags":[],"yoast_head":"<!-- This site is optimized with the Yoast SEO plugin v23.4 - https:\/\/yoast.com\/wordpress\/plugins\/seo\/ -->\n<title>Preview: Brentford - Everton - Official Czech &amp; Slovak Everton Supporters&#039; Club<\/title>\n<meta name=\"robots\" content=\"index, follow, max-snippet:-1, max-image-preview:large, max-video-preview:-1\" \/>\n<link rel=\"canonical\" href=\"https:\/\/evertonfc.cz\/index.php\/2022\/08\/27\/preview-brentford-everton-2\/\" \/>\n<meta property=\"og:locale\" content=\"cs_CZ\" \/>\n<meta property=\"og:type\" content=\"article\" \/>\n<meta property=\"og:title\" content=\"Preview: Brentford - Everton - Official Czech &amp; Slovak Everton Supporters&#039; Club\" \/>\n<meta property=\"og:description\" content=\"Nevyzpytateln\u00e9 jsou osudy v (nejen) v ostrovn\u00ed kopan\u00e9. Brentford se dlouho ut\u00e1p\u011bl v ni\u017e\u0161\u00edch sout\u011b\u017e\u00edch, aby vloni uh\u00e1jil stylov\u011b prvoligovou p\u0159\u00edslu\u0161nost. A p\u0159es odchod znovuzrozen\u00e9ho Eriksena za\u010dal novou sez\u00f3nu p\u016fsobiv\u011b.\" \/>\n<meta property=\"og:url\" content=\"https:\/\/evertonfc.cz\/index.php\/2022\/08\/27\/preview-brentford-everton-2\/\" \/>\n<meta property=\"og:site_name\" content=\"Official Czech &amp; Slovak Everton Supporters&#039; Club\" \/>\n<meta property=\"article:publisher\" content=\"https:\/\/www.facebook.com\/everton.fans.cz.sk\" \/>\n<meta property=\"article:published_time\" content=\"2022-08-27T12:10:21+00:00\" \/>\n<meta property=\"article:modified_time\" content=\"2022-08-27T13:54:21+00:00\" \/>\n<meta property=\"og:image\" content=\"https:\/\/evertonfc.cz\/wp-content\/uploads\/2021\/11\/Brentford-VS-Everton.png\" \/>\n\t<meta property=\"og:image:width\" content=\"720\" \/>\n\t<meta property=\"og:image:height\" content=\"405\" \/>\n\t<meta property=\"og:image:type\" content=\"image\/png\" \/>\n<meta name=\"author\" content=\"Fip\" \/>\n<meta name=\"twitter:card\" content=\"summary_large_image\" \/>\n<meta name=\"twitter:label1\" content=\"Napsal(a)\" \/>\n\t<meta name=\"twitter:data1\" content=\"Fip\" \/>\n\t<meta name=\"twitter:label2\" content=\"Odhadovan\u00e1 doba \u010dten\u00ed\" \/>\n\t<meta name=\"twitter:data2\" content=\"5 minut\" \/>\n<script type=\"application\/ld+json\" class=\"yoast-schema-graph\">{\"@context\":\"https:\/\/schema.org\",\"@graph\":[{\"@type\":\"Article\",\"@id\":\"https:\/\/evertonfc.cz\/index.php\/2022\/08\/27\/preview-brentford-everton-2\/#article\",\"isPartOf\":{\"@id\":\"https:\/\/evertonfc.cz\/index.php\/2022\/08\/27\/preview-brentford-everton-2\/\"},\"author\":{\"name\":\"Fip\",\"@id\":\"https:\/\/evertonfc.cz\/#\/schema\/person\/35904009755e8eaa0dc1a5f5f0419002\"},\"headline\":\"Preview: Brentford &#8211; Everton\",\"datePublished\":\"2022-08-27T12:10:21+00:00\",\"dateModified\":\"2022-08-27T13:54:21+00:00\",\"mainEntityOfPage\":{\"@id\":\"https:\/\/evertonfc.cz\/index.php\/2022\/08\/27\/preview-brentford-everton-2\/\"},\"wordCount\":1014,\"commentCount\":5,\"publisher\":{\"@id\":\"https:\/\/evertonfc.cz\/#organization\"},\"image\":{\"@id\":\"https:\/\/evertonfc.cz\/index.php\/2022\/08\/27\/preview-brentford-everton-2\/#primaryimage\"},\"thumbnailUrl\":\"https:\/\/evertonfc.cz\/wp-content\/uploads\/2021\/11\/Brentford-VS-Everton.png\",\"articleSection\":[\"Z\u00e1pasy\"],\"inLanguage\":\"cs\",\"potentialAction\":[{\"@type\":\"CommentAction\",\"name\":\"Comment\",\"target\":[\"https:\/\/evertonfc.cz\/index.php\/2022\/08\/27\/preview-brentford-everton-2\/#respond\"]}]},{\"@type\":\"WebPage\",\"@id\":\"https:\/\/evertonfc.cz\/index.php\/2022\/08\/27\/preview-brentford-everton-2\/\",\"url\":\"https:\/\/evertonfc.cz\/index.php\/2022\/08\/27\/preview-brentford-everton-2\/\",\"name\":\"Preview: Brentford - Everton - Official Czech &amp; Slovak Everton Supporters&#039; Club\",\"isPartOf\":{\"@id\":\"https:\/\/evertonfc.cz\/#website\"},\"primaryImageOfPage\":{\"@id\":\"https:\/\/evertonfc.cz\/index.php\/2022\/08\/27\/preview-brentford-everton-2\/#primaryimage\"},\"image\":{\"@id\":\"https:\/\/evertonfc.cz\/index.php\/2022\/08\/27\/preview-brentford-everton-2\/#primaryimage\"},\"thumbnailUrl\":\"https:\/\/evertonfc.cz\/wp-content\/uploads\/2021\/11\/Brentford-VS-Everton.png\",\"datePublished\":\"2022-08-27T12:10:21+00:00\",\"dateModified\":\"2022-08-27T13:54:21+00:00\",\"breadcrumb\":{\"@id\":\"https:\/\/evertonfc.cz\/index.php\/2022\/08\/27\/preview-brentford-everton-2\/#breadcrumb\"},\"inLanguage\":\"cs\",\"potentialAction\":[{\"@type\":\"ReadAction\",\"target\":[\"https:\/\/evertonfc.cz\/index.php\/2022\/08\/27\/preview-brentford-everton-2\/\"]}]},{\"@type\":\"ImageObject\",\"inLanguage\":\"cs\",\"@id\":\"https:\/\/evertonfc.cz\/index.php\/2022\/08\/27\/preview-brentford-everton-2\/#primaryimage\",\"url\":\"https:\/\/evertonfc.cz\/wp-content\/uploads\/2021\/11\/Brentford-VS-Everton.png\",\"contentUrl\":\"https:\/\/evertonfc.cz\/wp-content\/uploads\/2021\/11\/Brentford-VS-Everton.png\",\"width\":720,\"height\":405},{\"@type\":\"BreadcrumbList\",\"@id\":\"https:\/\/evertonfc.cz\/index.php\/2022\/08\/27\/preview-brentford-everton-2\/#breadcrumb\",\"itemListElement\":[{\"@type\":\"ListItem\",\"position\":1,\"name\":\"Home\",\"item\":\"https:\/\/evertonfc.cz\/\"},{\"@type\":\"ListItem\",\"position\":2,\"name\":\"Preview: Brentford &#8211; Everton\"}]},{\"@type\":\"WebSite\",\"@id\":\"https:\/\/evertonfc.cz\/#website\",\"url\":\"https:\/\/evertonfc.cz\/\",\"name\":\"Official Czech &amp; Slovak Everton Supporters&#039; Club\",\"description\":\"\",\"publisher\":{\"@id\":\"https:\/\/evertonfc.cz\/#organization\"},\"potentialAction\":[{\"@type\":\"SearchAction\",\"target\":{\"@type\":\"EntryPoint\",\"urlTemplate\":\"https:\/\/evertonfc.cz\/?s={search_term_string}\"},\"query-input\":{\"@type\":\"PropertyValueSpecification\",\"valueRequired\":true,\"valueName\":\"search_term_string\"}}],\"inLanguage\":\"cs\"},{\"@type\":\"Organization\",\"@id\":\"https:\/\/evertonfc.cz\/#organization\",\"name\":\"Official Czech & Slovak Everton Supporters' Club\",\"url\":\"https:\/\/evertonfc.cz\/\",\"logo\":{\"@type\":\"ImageObject\",\"inLanguage\":\"cs\",\"@id\":\"https:\/\/evertonfc.cz\/#\/schema\/logo\/image\/\",\"url\":\"https:\/\/evertonfc.cz\/wp-content\/uploads\/2019\/05\/logo.png\",\"contentUrl\":\"https:\/\/evertonfc.cz\/wp-content\/uploads\/2019\/05\/logo.png\",\"width\":112,\"height\":112,\"caption\":\"Official Czech & Slovak Everton Supporters' Club\"},\"image\":{\"@id\":\"https:\/\/evertonfc.cz\/#\/schema\/logo\/image\/\"},\"sameAs\":[\"https:\/\/www.facebook.com\/everton.fans.cz.sk\"]},{\"@type\":\"Person\",\"@id\":\"https:\/\/evertonfc.cz\/#\/schema\/person\/35904009755e8eaa0dc1a5f5f0419002\",\"name\":\"Fip\",\"url\":\"https:\/\/evertonfc.cz\/index.php\/author\/fip\/\"}]}<\/script>\n<!-- \/ Yoast SEO plugin. -->","yoast_head_json":{"title":"Preview: Brentford - Everton - Official Czech &amp; Slovak Everton Supporters&#039; Club","robots":{"index":"index","follow":"follow","max-snippet":"max-snippet:-1","max-image-preview":"max-image-preview:large","max-video-preview":"max-video-preview:-1"},"canonical":"https:\/\/evertonfc.cz\/index.php\/2022\/08\/27\/preview-brentford-everton-2\/","og_locale":"cs_CZ","og_type":"article","og_title":"Preview: Brentford - Everton - Official Czech &amp; Slovak Everton Supporters&#039; Club","og_description":"Nevyzpytateln\u00e9 jsou osudy v (nejen) v ostrovn\u00ed kopan\u00e9. Brentford se dlouho ut\u00e1p\u011bl v ni\u017e\u0161\u00edch sout\u011b\u017e\u00edch, aby vloni uh\u00e1jil stylov\u011b prvoligovou p\u0159\u00edslu\u0161nost. A p\u0159es odchod znovuzrozen\u00e9ho Eriksena za\u010dal novou sez\u00f3nu p\u016fsobiv\u011b.","og_url":"https:\/\/evertonfc.cz\/index.php\/2022\/08\/27\/preview-brentford-everton-2\/","og_site_name":"Official Czech &amp; Slovak Everton Supporters&#039; Club","article_publisher":"https:\/\/www.facebook.com\/everton.fans.cz.sk","article_published_time":"2022-08-27T12:10:21+00:00","article_modified_time":"2022-08-27T13:54:21+00:00","og_image":[{"width":720,"height":405,"url":"https:\/\/evertonfc.cz\/wp-content\/uploads\/2021\/11\/Brentford-VS-Everton.png","type":"image\/png"}],"author":"Fip","twitter_card":"summary_large_image","twitter_misc":{"Napsal(a)":"Fip","Odhadovan\u00e1 doba \u010dten\u00ed":"5 minut"},"schema":{"@context":"https:\/\/schema.org","@graph":[{"@type":"Article","@id":"https:\/\/evertonfc.cz\/index.php\/2022\/08\/27\/preview-brentford-everton-2\/#article","isPartOf":{"@id":"https:\/\/evertonfc.cz\/index.php\/2022\/08\/27\/preview-brentford-everton-2\/"},"author":{"name":"Fip","@id":"https:\/\/evertonfc.cz\/#\/schema\/person\/35904009755e8eaa0dc1a5f5f0419002"},"headline":"Preview: Brentford &#8211; Everton","datePublished":"2022-08-27T12:10:21+00:00","dateModified":"2022-08-27T13:54:21+00:00","mainEntityOfPage":{"@id":"https:\/\/evertonfc.cz\/index.php\/2022\/08\/27\/preview-brentford-everton-2\/"},"wordCount":1014,"commentCount":5,"publisher":{"@id":"https:\/\/evertonfc.cz\/#organization"},"image":{"@id":"https:\/\/evertonfc.cz\/index.php\/2022\/08\/27\/preview-brentford-everton-2\/#primaryimage"},"thumbnailUrl":"https:\/\/evertonfc.cz\/wp-content\/uploads\/2021\/11\/Brentford-VS-Everton.png","articleSection":["Z\u00e1pasy"],"inLanguage":"cs","potentialAction":[{"@type":"CommentAction","name":"Comment","target":["https:\/\/evertonfc.cz\/index.php\/2022\/08\/27\/preview-brentford-everton-2\/#respond"]}]},{"@type":"WebPage","@id":"https:\/\/evertonfc.cz\/index.php\/2022\/08\/27\/preview-brentford-everton-2\/","url":"https:\/\/evertonfc.cz\/index.php\/2022\/08\/27\/preview-brentford-everton-2\/","name":"Preview: Brentford - Everton - Official Czech &amp; Slovak Everton Supporters&#039; Club","isPartOf":{"@id":"https:\/\/evertonfc.cz\/#website"},"primaryImageOfPage":{"@id":"https:\/\/evertonfc.cz\/index.php\/2022\/08\/27\/preview-brentford-everton-2\/#primaryimage"},"image":{"@id":"https:\/\/evertonfc.cz\/index.php\/2022\/08\/27\/preview-brentford-everton-2\/#primaryimage"},"thumbnailUrl":"https:\/\/evertonfc.cz\/wp-content\/uploads\/2021\/11\/Brentford-VS-Everton.png","datePublished":"2022-08-27T12:10:21+00:00","dateModified":"2022-08-27T13:54:21+00:00","breadcrumb":{"@id":"https:\/\/evertonfc.cz\/index.php\/2022\/08\/27\/preview-brentford-everton-2\/#breadcrumb"},"inLanguage":"cs","potentialAction":[{"@type":"ReadAction","target":["https:\/\/evertonfc.cz\/index.php\/2022\/08\/27\/preview-brentford-everton-2\/"]}]},{"@type":"ImageObject","inLanguage":"cs","@id":"https:\/\/evertonfc.cz\/index.php\/2022\/08\/27\/preview-brentford-everton-2\/#primaryimage","url":"https:\/\/evertonfc.cz\/wp-content\/uploads\/2021\/11\/Brentford-VS-Everton.png","contentUrl":"https:\/\/evertonfc.cz\/wp-content\/uploads\/2021\/11\/Brentford-VS-Everton.png","width":720,"height":405},{"@type":"BreadcrumbList","@id":"https:\/\/evertonfc.cz\/index.php\/2022\/08\/27\/preview-brentford-everton-2\/#breadcrumb","itemListElement":[{"@type":"ListItem","position":1,"name":"Home","item":"https:\/\/evertonfc.cz\/"},{"@type":"ListItem","position":2,"name":"Preview: Brentford &#8211; Everton"}]},{"@type":"WebSite","@id":"https:\/\/evertonfc.cz\/#website","url":"https:\/\/evertonfc.cz\/","name":"Official Czech &amp; Slovak Everton Supporters&#039; Club","description":"","publisher":{"@id":"https:\/\/evertonfc.cz\/#organization"},"potentialAction":[{"@type":"SearchAction","target":{"@type":"EntryPoint","urlTemplate":"https:\/\/evertonfc.cz\/?s={search_term_string}"},"query-input":{"@type":"PropertyValueSpecification","valueRequired":true,"valueName":"search_term_string"}}],"inLanguage":"cs"},{"@type":"Organization","@id":"https:\/\/evertonfc.cz\/#organization","name":"Official Czech & Slovak Everton Supporters' Club","url":"https:\/\/evertonfc.cz\/","logo":{"@type":"ImageObject","inLanguage":"cs","@id":"https:\/\/evertonfc.cz\/#\/schema\/logo\/image\/","url":"https:\/\/evertonfc.cz\/wp-content\/uploads\/2019\/05\/logo.png","contentUrl":"https:\/\/evertonfc.cz\/wp-content\/uploads\/2019\/05\/logo.png","width":112,"height":112,"caption":"Official Czech & Slovak Everton Supporters' Club"},"image":{"@id":"https:\/\/evertonfc.cz\/#\/schema\/logo\/image\/"},"sameAs":["https:\/\/www.facebook.com\/everton.fans.cz.sk"]},{"@type":"Person","@id":"https:\/\/evertonfc.cz\/#\/schema\/person\/35904009755e8eaa0dc1a5f5f0419002","name":"Fip","url":"https:\/\/evertonfc.cz\/index.php\/author\/fip\/"}]}},"_links":{"self":[{"href":"https:\/\/evertonfc.cz\/index.php\/wp-json\/wp\/v2\/posts\/19603"}],"collection":[{"href":"https:\/\/evertonfc.cz\/index.php\/wp-json\/wp\/v2\/posts"}],"about":[{"href":"https:\/\/evertonfc.cz\/index.php\/wp-json\/wp\/v2\/types\/post"}],"author":[{"embeddable":true,"href":"https:\/\/evertonfc.cz\/index.php\/wp-json\/wp\/v2\/users\/10"}],"replies":[{"embeddable":true,"href":"https:\/\/evertonfc.cz\/index.php\/wp-json\/wp\/v2\/comments?post=19603"}],"version-history":[{"count":4,"href":"https:\/\/evertonfc.cz\/index.php\/wp-json\/wp\/v2\/posts\/19603\/revisions"}],"predecessor-version":[{"id":19610,"href":"https:\/\/evertonfc.cz\/index.php\/wp-json\/wp\/v2\/posts\/19603\/revisions\/19610"}],"wp:featuredmedia":[{"embeddable":true,"href":"https:\/\/evertonfc.cz\/index.php\/wp-json\/wp\/v2\/media\/17028"}],"wp:attachment":[{"href":"https:\/\/evertonfc.cz\/index.php\/wp-json\/wp\/v2\/media?parent=19603"}],"wp:term":[{"taxonomy":"category","embeddable":true,"href":"https:\/\/evertonfc.cz\/index.php\/wp-json\/wp\/v2\/categories?post=19603"},{"taxonomy":"post_tag","embeddable":true,"href":"https:\/\/evertonfc.cz\/index.php\/wp-json\/wp\/v2\/tags?post=19603"}],"curies":[{"name":"wp","href":"https:\/\/api.w.org\/{rel}","templated":true}]}}