{"id":1961,"date":"2018-08-01T19:04:24","date_gmt":"2018-08-01T17:04:24","guid":{"rendered":"http:\/\/evertonfc.cz\/?p=1961"},"modified":"2019-01-31T19:05:30","modified_gmt":"2019-01-31T18:05:30","slug":"druhou-posilou-je-lucas-digne","status":"publish","type":"post","link":"https:\/\/evertonfc.cz\/index.php\/2018\/08\/01\/druhou-posilou-je-lucas-digne\/","title":{"rendered":"Druhou posilou je Lucas Digne"},"content":{"rendered":"\n<h4 class=\"wp-block-heading\">LB3 je spolehlivost sama. Ale i on \u010dasem doslou\u017e\u00ed &#8211; a v t\u00fdmu je ji\u017e jeho n\u00e1hrada.<\/h4>\n\n\n\n<p>Vylep\u0161en\u00ed konkurence na lev\u00e9m kraji obrany bylo jednou z priorit leto\u0161n\u00edho l\u00e9ta. A poda\u0159ilo se &#8211; ze slovutn\u00e9 Barcelony p\u0159estupuje do Evertonu francouzsk\u00fd lev\u00fd obr\u00e1nce Lucas Digne. Co tedy o n\u011bm v\u00edme (krom\u011b toho, \u017ee za Barcelonu sp\u00ed\u0161e nenastupoval ne\u017e nastupoval)?<\/p>\n\n\n\n<p>Rod\u00e1k z Meaux (asi 40 km severov\u00fdchodn\u011b od Pa\u0159\u00ed\u017ee) za\u010dal s profesion\u00e1ln\u00edm fotbalem v Lille, kdy\u017e tam hr\u00e1val Gana. Tam str\u00e1vil t\u0159i roky, ve kter\u00fdch vs\u00edtil t\u0159i branky. Jeho v\u00fdkony zaujaly PSG, tak\u017ee se v roce 2013 st\u011bhoval do m\u011bsta pod Eiffelovkou. Zde ale moc nehr\u00e1l a tak vzal pro sez\u00f3nu 2015-16 zavd\u011bk hostov\u00e1n\u00edm ve v\u011b\u010dn\u00e9m m\u011bst\u011b, kde obl\u00e9kal barvy p\u016fvodn\u00edho t\u00fdmu. Tam mu naopak p\u0161enka kvetla, nastupoval pravideln\u011b a upoutal sv\u00fdmi v\u00fdkony pozornost blaugranas. Celkov\u00e1 bilance za PSG? Obl\u00edben\u00e1 &#8211; 3 roky, 3 branky (pravda, v\u0161e v posledn\u00ed sez\u00f3n\u011b za AS).<\/p>\n\n\n\n<p>V Barcelon\u011b se nep\u0159ekvapiv\u011b (Jordi Alba opravdu nebyl kupov\u00e1n na le\u0161t\u011bn\u00ed lavi\u010dky) stal sou\u010d\u00e1st\u00ed sp\u00ed\u0161e druh\u00e9 jeden\u00e1ctky, tak\u017ee nastupoval pravideln\u011b ve \u0161pan\u011blsk\u00e9m poh\u00e1ru. Nakonec zde odehr\u00e1l dv\u011b sez\u00f3ny, ve kter\u00fdch dal nep\u0159ekvapiv\u011b dva g\u00f3ly. Ale na prvn\u00ed a zat\u00edm jedinou branku v LM (nav\u00edc po asistenci od Messiho) bude jist\u011b vzpom\u00ednat i na star\u00e1 kolena. No a kdy\u017e se ozve Everton, tak samoz\u0159ejm\u011b nen\u00ed a nebylo co \u0159e\u0161it, to v\u0161ichni v\u00edme.<\/p>\n\n\n\n<p>Francouzsk\u00fd st\u0159\u00edzl\u00edk pro\u0161el v\u0161emi v\u011bkov\u00fdmi kategoriemi v n\u00e1rodn\u00edm dresu (v\u010detn\u011b zlata z roku 2013 na MS do 20 let) a dokonce si zahr\u00e1l o rok pozd\u011bji na MS \u00e1\u010dek, odkud zn\u00e1 Schneiderlina. Letos do Ruska vzat nebyl &#8211; a p\u0159i\u0161el tak o zlato. Everton za n\u011bj zaplatil 18 milion\u016f liber a hr\u00e1\u010d bude nosit dres \u010d\u00edslo 12. Smlouva byla podeps\u00e1na na p\u011bt rok\u016f.<\/p>\n","protected":false},"excerpt":{"rendered":"<p>LB3 je spolehlivost sama. Ale i on \u010dasem doslou\u017e\u00ed &#8211; a v t\u00fdmu je ji\u017e jeho n\u00e1hrada. Vylep\u0161en\u00ed konkurence na&hellip;<\/p>\n","protected":false},"author":12,"featured_media":1915,"comment_status":"open","ping_status":"closed","sticky":false,"template":"","format":"standard","meta":{"_eb_attr":"","_monsterinsights_skip_tracking":false,"_monsterinsights_sitenote_active":false,"_monsterinsights_sitenote_note":"","_monsterinsights_sitenote_category":0,"footnotes":""},"categories":[41],"tags":[],"yoast_head":"<!-- This site is optimized with the Yoast SEO plugin v23.4 - https:\/\/yoast.com\/wordpress\/plugins\/seo\/ -->\n<title>Druhou posilou je Lucas Digne - Official Czech &amp; Slovak Everton Supporters&#039; Club<\/title>\n<meta name=\"robots\" content=\"index, follow, max-snippet:-1, max-image-preview:large, max-video-preview:-1\" \/>\n<link rel=\"canonical\" href=\"https:\/\/evertonfc.cz\/index.php\/2018\/08\/01\/druhou-posilou-je-lucas-digne\/\" \/>\n<meta property=\"og:locale\" content=\"cs_CZ\" \/>\n<meta property=\"og:type\" content=\"article\" \/>\n<meta property=\"og:title\" content=\"Druhou posilou je Lucas Digne - Official Czech &amp; Slovak Everton Supporters&#039; Club\" \/>\n<meta property=\"og:description\" content=\"LB3 je spolehlivost sama. Ale i on \u010dasem doslou\u017e\u00ed &#8211; a v t\u00fdmu je ji\u017e jeho n\u00e1hrada. Vylep\u0161en\u00ed konkurence na&hellip;\" \/>\n<meta property=\"og:url\" content=\"https:\/\/evertonfc.cz\/index.php\/2018\/08\/01\/druhou-posilou-je-lucas-digne\/\" \/>\n<meta property=\"og:site_name\" content=\"Official Czech &amp; Slovak Everton Supporters&#039; Club\" \/>\n<meta property=\"article:publisher\" content=\"https:\/\/www.facebook.com\/everton.fans.cz.sk\" \/>\n<meta property=\"article:published_time\" content=\"2018-08-01T17:04:24+00:00\" \/>\n<meta property=\"article:modified_time\" content=\"2019-01-31T18:05:30+00:00\" \/>\n<meta property=\"og:image\" content=\"https:\/\/evertonfc.cz\/wp-content\/uploads\/2019\/01\/digne_1_8_2018.jpg\" \/>\n\t<meta property=\"og:image:width\" content=\"720\" \/>\n\t<meta property=\"og:image:height\" content=\"405\" \/>\n\t<meta property=\"og:image:type\" content=\"image\/jpeg\" \/>\n<meta name=\"author\" content=\"Javor\" \/>\n<meta name=\"twitter:card\" content=\"summary_large_image\" \/>\n<meta name=\"twitter:creator\" content=\"@LoudinJan\" \/>\n<meta name=\"twitter:label1\" content=\"Napsal(a)\" \/>\n\t<meta name=\"twitter:data1\" content=\"Javor\" \/>\n\t<meta name=\"twitter:label2\" content=\"Odhadovan\u00e1 doba \u010dten\u00ed\" \/>\n\t<meta name=\"twitter:data2\" content=\"2 minuty\" \/>\n<script type=\"application\/ld+json\" class=\"yoast-schema-graph\">{\"@context\":\"https:\/\/schema.org\",\"@graph\":[{\"@type\":\"Article\",\"@id\":\"https:\/\/evertonfc.cz\/index.php\/2018\/08\/01\/druhou-posilou-je-lucas-digne\/#article\",\"isPartOf\":{\"@id\":\"https:\/\/evertonfc.cz\/index.php\/2018\/08\/01\/druhou-posilou-je-lucas-digne\/\"},\"author\":{\"name\":\"Javor\",\"@id\":\"https:\/\/evertonfc.cz\/#\/schema\/person\/b30daf6a5852f4811f8207a17ec1bf78\"},\"headline\":\"Druhou posilou je Lucas Digne\",\"datePublished\":\"2018-08-01T17:04:24+00:00\",\"dateModified\":\"2019-01-31T18:05:30+00:00\",\"mainEntityOfPage\":{\"@id\":\"https:\/\/evertonfc.cz\/index.php\/2018\/08\/01\/druhou-posilou-je-lucas-digne\/\"},\"wordCount\":368,\"commentCount\":0,\"publisher\":{\"@id\":\"https:\/\/evertonfc.cz\/#organization\"},\"image\":{\"@id\":\"https:\/\/evertonfc.cz\/index.php\/2018\/08\/01\/druhou-posilou-je-lucas-digne\/#primaryimage\"},\"thumbnailUrl\":\"https:\/\/evertonfc.cz\/wp-content\/uploads\/2019\/01\/digne_1_8_2018.jpg\",\"articleSection\":[\"P\u0159estupy\"],\"inLanguage\":\"cs\",\"potentialAction\":[{\"@type\":\"CommentAction\",\"name\":\"Comment\",\"target\":[\"https:\/\/evertonfc.cz\/index.php\/2018\/08\/01\/druhou-posilou-je-lucas-digne\/#respond\"]}]},{\"@type\":\"WebPage\",\"@id\":\"https:\/\/evertonfc.cz\/index.php\/2018\/08\/01\/druhou-posilou-je-lucas-digne\/\",\"url\":\"https:\/\/evertonfc.cz\/index.php\/2018\/08\/01\/druhou-posilou-je-lucas-digne\/\",\"name\":\"Druhou posilou je Lucas Digne - Official Czech &amp; Slovak Everton Supporters&#039; Club\",\"isPartOf\":{\"@id\":\"https:\/\/evertonfc.cz\/#website\"},\"primaryImageOfPage\":{\"@id\":\"https:\/\/evertonfc.cz\/index.php\/2018\/08\/01\/druhou-posilou-je-lucas-digne\/#primaryimage\"},\"image\":{\"@id\":\"https:\/\/evertonfc.cz\/index.php\/2018\/08\/01\/druhou-posilou-je-lucas-digne\/#primaryimage\"},\"thumbnailUrl\":\"https:\/\/evertonfc.cz\/wp-content\/uploads\/2019\/01\/digne_1_8_2018.jpg\",\"datePublished\":\"2018-08-01T17:04:24+00:00\",\"dateModified\":\"2019-01-31T18:05:30+00:00\",\"breadcrumb\":{\"@id\":\"https:\/\/evertonfc.cz\/index.php\/2018\/08\/01\/druhou-posilou-je-lucas-digne\/#breadcrumb\"},\"inLanguage\":\"cs\",\"potentialAction\":[{\"@type\":\"ReadAction\",\"target\":[\"https:\/\/evertonfc.cz\/index.php\/2018\/08\/01\/druhou-posilou-je-lucas-digne\/\"]}]},{\"@type\":\"ImageObject\",\"inLanguage\":\"cs\",\"@id\":\"https:\/\/evertonfc.cz\/index.php\/2018\/08\/01\/druhou-posilou-je-lucas-digne\/#primaryimage\",\"url\":\"https:\/\/evertonfc.cz\/wp-content\/uploads\/2019\/01\/digne_1_8_2018.jpg\",\"contentUrl\":\"https:\/\/evertonfc.cz\/wp-content\/uploads\/2019\/01\/digne_1_8_2018.jpg\",\"width\":720,\"height\":405},{\"@type\":\"BreadcrumbList\",\"@id\":\"https:\/\/evertonfc.cz\/index.php\/2018\/08\/01\/druhou-posilou-je-lucas-digne\/#breadcrumb\",\"itemListElement\":[{\"@type\":\"ListItem\",\"position\":1,\"name\":\"Home\",\"item\":\"https:\/\/evertonfc.cz\/\"},{\"@type\":\"ListItem\",\"position\":2,\"name\":\"Druhou posilou je Lucas Digne\"}]},{\"@type\":\"WebSite\",\"@id\":\"https:\/\/evertonfc.cz\/#website\",\"url\":\"https:\/\/evertonfc.cz\/\",\"name\":\"Official Czech &amp; Slovak Everton Supporters&#039; Club\",\"description\":\"\",\"publisher\":{\"@id\":\"https:\/\/evertonfc.cz\/#organization\"},\"potentialAction\":[{\"@type\":\"SearchAction\",\"target\":{\"@type\":\"EntryPoint\",\"urlTemplate\":\"https:\/\/evertonfc.cz\/?s={search_term_string}\"},\"query-input\":{\"@type\":\"PropertyValueSpecification\",\"valueRequired\":true,\"valueName\":\"search_term_string\"}}],\"inLanguage\":\"cs\"},{\"@type\":\"Organization\",\"@id\":\"https:\/\/evertonfc.cz\/#organization\",\"name\":\"Official Czech & Slovak Everton Supporters' Club\",\"url\":\"https:\/\/evertonfc.cz\/\",\"logo\":{\"@type\":\"ImageObject\",\"inLanguage\":\"cs\",\"@id\":\"https:\/\/evertonfc.cz\/#\/schema\/logo\/image\/\",\"url\":\"https:\/\/evertonfc.cz\/wp-content\/uploads\/2019\/05\/logo.png\",\"contentUrl\":\"https:\/\/evertonfc.cz\/wp-content\/uploads\/2019\/05\/logo.png\",\"width\":112,\"height\":112,\"caption\":\"Official Czech & Slovak Everton Supporters' Club\"},\"image\":{\"@id\":\"https:\/\/evertonfc.cz\/#\/schema\/logo\/image\/\"},\"sameAs\":[\"https:\/\/www.facebook.com\/everton.fans.cz.sk\"]},{\"@type\":\"Person\",\"@id\":\"https:\/\/evertonfc.cz\/#\/schema\/person\/b30daf6a5852f4811f8207a17ec1bf78\",\"name\":\"Javor\",\"sameAs\":[\"https:\/\/x.com\/LoudinJan\"],\"url\":\"https:\/\/evertonfc.cz\/index.php\/author\/javor\/\"}]}<\/script>\n<!-- \/ Yoast SEO plugin. -->","yoast_head_json":{"title":"Druhou posilou je Lucas Digne - Official Czech &amp; Slovak Everton Supporters&#039; Club","robots":{"index":"index","follow":"follow","max-snippet":"max-snippet:-1","max-image-preview":"max-image-preview:large","max-video-preview":"max-video-preview:-1"},"canonical":"https:\/\/evertonfc.cz\/index.php\/2018\/08\/01\/druhou-posilou-je-lucas-digne\/","og_locale":"cs_CZ","og_type":"article","og_title":"Druhou posilou je Lucas Digne - Official Czech &amp; Slovak Everton Supporters&#039; Club","og_description":"LB3 je spolehlivost sama. Ale i on \u010dasem doslou\u017e\u00ed &#8211; a v t\u00fdmu je ji\u017e jeho n\u00e1hrada. Vylep\u0161en\u00ed konkurence na&hellip;","og_url":"https:\/\/evertonfc.cz\/index.php\/2018\/08\/01\/druhou-posilou-je-lucas-digne\/","og_site_name":"Official Czech &amp; Slovak Everton Supporters&#039; Club","article_publisher":"https:\/\/www.facebook.com\/everton.fans.cz.sk","article_published_time":"2018-08-01T17:04:24+00:00","article_modified_time":"2019-01-31T18:05:30+00:00","og_image":[{"width":720,"height":405,"url":"https:\/\/evertonfc.cz\/wp-content\/uploads\/2019\/01\/digne_1_8_2018.jpg","type":"image\/jpeg"}],"author":"Javor","twitter_card":"summary_large_image","twitter_creator":"@LoudinJan","twitter_misc":{"Napsal(a)":"Javor","Odhadovan\u00e1 doba \u010dten\u00ed":"2 minuty"},"schema":{"@context":"https:\/\/schema.org","@graph":[{"@type":"Article","@id":"https:\/\/evertonfc.cz\/index.php\/2018\/08\/01\/druhou-posilou-je-lucas-digne\/#article","isPartOf":{"@id":"https:\/\/evertonfc.cz\/index.php\/2018\/08\/01\/druhou-posilou-je-lucas-digne\/"},"author":{"name":"Javor","@id":"https:\/\/evertonfc.cz\/#\/schema\/person\/b30daf6a5852f4811f8207a17ec1bf78"},"headline":"Druhou posilou je Lucas Digne","datePublished":"2018-08-01T17:04:24+00:00","dateModified":"2019-01-31T18:05:30+00:00","mainEntityOfPage":{"@id":"https:\/\/evertonfc.cz\/index.php\/2018\/08\/01\/druhou-posilou-je-lucas-digne\/"},"wordCount":368,"commentCount":0,"publisher":{"@id":"https:\/\/evertonfc.cz\/#organization"},"image":{"@id":"https:\/\/evertonfc.cz\/index.php\/2018\/08\/01\/druhou-posilou-je-lucas-digne\/#primaryimage"},"thumbnailUrl":"https:\/\/evertonfc.cz\/wp-content\/uploads\/2019\/01\/digne_1_8_2018.jpg","articleSection":["P\u0159estupy"],"inLanguage":"cs","potentialAction":[{"@type":"CommentAction","name":"Comment","target":["https:\/\/evertonfc.cz\/index.php\/2018\/08\/01\/druhou-posilou-je-lucas-digne\/#respond"]}]},{"@type":"WebPage","@id":"https:\/\/evertonfc.cz\/index.php\/2018\/08\/01\/druhou-posilou-je-lucas-digne\/","url":"https:\/\/evertonfc.cz\/index.php\/2018\/08\/01\/druhou-posilou-je-lucas-digne\/","name":"Druhou posilou je Lucas Digne - Official Czech &amp; Slovak Everton Supporters&#039; Club","isPartOf":{"@id":"https:\/\/evertonfc.cz\/#website"},"primaryImageOfPage":{"@id":"https:\/\/evertonfc.cz\/index.php\/2018\/08\/01\/druhou-posilou-je-lucas-digne\/#primaryimage"},"image":{"@id":"https:\/\/evertonfc.cz\/index.php\/2018\/08\/01\/druhou-posilou-je-lucas-digne\/#primaryimage"},"thumbnailUrl":"https:\/\/evertonfc.cz\/wp-content\/uploads\/2019\/01\/digne_1_8_2018.jpg","datePublished":"2018-08-01T17:04:24+00:00","dateModified":"2019-01-31T18:05:30+00:00","breadcrumb":{"@id":"https:\/\/evertonfc.cz\/index.php\/2018\/08\/01\/druhou-posilou-je-lucas-digne\/#breadcrumb"},"inLanguage":"cs","potentialAction":[{"@type":"ReadAction","target":["https:\/\/evertonfc.cz\/index.php\/2018\/08\/01\/druhou-posilou-je-lucas-digne\/"]}]},{"@type":"ImageObject","inLanguage":"cs","@id":"https:\/\/evertonfc.cz\/index.php\/2018\/08\/01\/druhou-posilou-je-lucas-digne\/#primaryimage","url":"https:\/\/evertonfc.cz\/wp-content\/uploads\/2019\/01\/digne_1_8_2018.jpg","contentUrl":"https:\/\/evertonfc.cz\/wp-content\/uploads\/2019\/01\/digne_1_8_2018.jpg","width":720,"height":405},{"@type":"BreadcrumbList","@id":"https:\/\/evertonfc.cz\/index.php\/2018\/08\/01\/druhou-posilou-je-lucas-digne\/#breadcrumb","itemListElement":[{"@type":"ListItem","position":1,"name":"Home","item":"https:\/\/evertonfc.cz\/"},{"@type":"ListItem","position":2,"name":"Druhou posilou je Lucas Digne"}]},{"@type":"WebSite","@id":"https:\/\/evertonfc.cz\/#website","url":"https:\/\/evertonfc.cz\/","name":"Official Czech &amp; Slovak Everton Supporters&#039; Club","description":"","publisher":{"@id":"https:\/\/evertonfc.cz\/#organization"},"potentialAction":[{"@type":"SearchAction","target":{"@type":"EntryPoint","urlTemplate":"https:\/\/evertonfc.cz\/?s={search_term_string}"},"query-input":{"@type":"PropertyValueSpecification","valueRequired":true,"valueName":"search_term_string"}}],"inLanguage":"cs"},{"@type":"Organization","@id":"https:\/\/evertonfc.cz\/#organization","name":"Official Czech & Slovak Everton Supporters' Club","url":"https:\/\/evertonfc.cz\/","logo":{"@type":"ImageObject","inLanguage":"cs","@id":"https:\/\/evertonfc.cz\/#\/schema\/logo\/image\/","url":"https:\/\/evertonfc.cz\/wp-content\/uploads\/2019\/05\/logo.png","contentUrl":"https:\/\/evertonfc.cz\/wp-content\/uploads\/2019\/05\/logo.png","width":112,"height":112,"caption":"Official Czech & Slovak Everton Supporters' Club"},"image":{"@id":"https:\/\/evertonfc.cz\/#\/schema\/logo\/image\/"},"sameAs":["https:\/\/www.facebook.com\/everton.fans.cz.sk"]},{"@type":"Person","@id":"https:\/\/evertonfc.cz\/#\/schema\/person\/b30daf6a5852f4811f8207a17ec1bf78","name":"Javor","sameAs":["https:\/\/x.com\/LoudinJan"],"url":"https:\/\/evertonfc.cz\/index.php\/author\/javor\/"}]}},"_links":{"self":[{"href":"https:\/\/evertonfc.cz\/index.php\/wp-json\/wp\/v2\/posts\/1961"}],"collection":[{"href":"https:\/\/evertonfc.cz\/index.php\/wp-json\/wp\/v2\/posts"}],"about":[{"href":"https:\/\/evertonfc.cz\/index.php\/wp-json\/wp\/v2\/types\/post"}],"author":[{"embeddable":true,"href":"https:\/\/evertonfc.cz\/index.php\/wp-json\/wp\/v2\/users\/12"}],"replies":[{"embeddable":true,"href":"https:\/\/evertonfc.cz\/index.php\/wp-json\/wp\/v2\/comments?post=1961"}],"version-history":[{"count":1,"href":"https:\/\/evertonfc.cz\/index.php\/wp-json\/wp\/v2\/posts\/1961\/revisions"}],"predecessor-version":[{"id":1962,"href":"https:\/\/evertonfc.cz\/index.php\/wp-json\/wp\/v2\/posts\/1961\/revisions\/1962"}],"wp:featuredmedia":[{"embeddable":true,"href":"https:\/\/evertonfc.cz\/index.php\/wp-json\/wp\/v2\/media\/1915"}],"wp:attachment":[{"href":"https:\/\/evertonfc.cz\/index.php\/wp-json\/wp\/v2\/media?parent=1961"}],"wp:term":[{"taxonomy":"category","embeddable":true,"href":"https:\/\/evertonfc.cz\/index.php\/wp-json\/wp\/v2\/categories?post=1961"},{"taxonomy":"post_tag","embeddable":true,"href":"https:\/\/evertonfc.cz\/index.php\/wp-json\/wp\/v2\/tags?post=1961"}],"curies":[{"name":"wp","href":"https:\/\/api.w.org\/{rel}","templated":true}]}}