{"id":19676,"date":"2022-09-01T23:32:37","date_gmt":"2022-09-01T21:32:37","guid":{"rendered":"https:\/\/evertonfc.cz\/?p=19676"},"modified":"2022-09-13T19:29:08","modified_gmt":"2022-09-13T17:29:08","slug":"zalohu-vyztuzi-jeste-garner","status":"publish","type":"post","link":"https:\/\/evertonfc.cz\/index.php\/2022\/09\/01\/zalohu-vyztuzi-jeste-garner\/","title":{"rendered":"Z\u00e1lohu vyztu\u017e\u00ed je\u0161t\u011b Garner"},"content":{"rendered":"<h4>Kompetentn\u00ed v Evertonu se p\u0159es l\u00e9to odv\u00e1\u017eili p\u0159ekopat nejen st\u0159ed obrany, ale tak\u00e9 z\u00e1lohy. Mlad\u00fd James Garner z Manchesteru United slibuje zaj\u00edmav\u00fd potenci\u00e1l.<\/h4>\n<p>Onana, Gueye a posledn\u011b Garner. Dle letn\u00edch posil asi net\u0159eba dlouze analyzovat, jak byl mana\u017eer Frank Lampard spokojen\u00fd s fungov\u00e1n\u00edm st\u0159edn\u00ed z\u00e1lohy v lo\u0148sk\u00e9 sez\u00f3n\u011b.<\/p>\n<p>Jamese Garnera si Everton vyhl\u00e9dl v Manchesteru United a v honb\u011b za jeho podpisem p\u0159ed\u010dil Southampton, Leicester City a Nottingham Forest.<\/p>\n<p>Toffees bude p\u0159estup st\u00e1t jist\u00fdch dev\u011bt milion\u016f liber a dal\u0161\u00edch 5,5 milionu liber je zakotveno ve v\u00fdkonnostn\u00edch bonusech. Mo\u017en\u00e1 celkov\u00e1 \u010d\u00e1stka ve v\u00fd\u0161i 14,5 milionu liber za 21let\u00e9ho Angli\u010dana, kter\u00fd m\u00e1 ji\u017e na kont\u011b 81 odehran\u00fdch z\u00e1pas\u016f v Championshipu, je p\u0159edpokladem rozumn\u00e9ho obchodu.<\/p>\n<p>Rod\u00e1k z merseysidsk\u00e9ho Birkenheadu nej\u010dast\u011bji nastupuje jako box-to-box z\u00e1lo\u017en\u00edk, alternovat ale umn\u011b dok\u00e1\u017ee i na pozici defenzivn\u00edho \u0161t\u00edtu. <em>\u201eJames je fantastick\u00fd z\u00e1lo\u017en\u00edk se v\u0161estrann\u00fdmi schopnostmi, kter\u00e9 Evertonians zcela jist\u011b ocen\u00ed. M\u00e1m radost z dal\u0161\u00edho kvalitn\u00edho dopln\u011bn\u00ed na\u0161eho k\u00e1dru,\u201d<\/em> p\u0159iv\u00edtal Lampard svou osmou letn\u00ed posilu.<\/p>\n<p>Garner se p\u0159ipojil k akademii Manchesteru United ji\u017e ve sv\u00fdch osmi letech. Debutu v A-t\u00fdmu se do\u010dkal v \u00fanoru 2019, kdy\u017e coby 17let\u00fd nasko\u010dil na posledn\u00ed minutu do ligov\u00e9ho utk\u00e1n\u00ed na p\u016fd\u011b Crystal Palace. Zaj\u00edmav\u011bj\u0161\u00ed p\u0159\u00edle\u017eitost pro mlad\u00e9ho odchovance nab\u00eddla \u00fa\u010dast Red Devils v Evropsk\u00e9 lize na podzim t\u00e9ho\u017e roku. V z\u00e1kladn\u00ed skupin\u011b odehr\u00e1l \u010dty\u0159i utk\u00e1n\u00ed.<\/p>\n<p>N\u00e1sleduj\u00edc\u00ed sez\u00f3nu 2019\/20 zam\u00ed\u0159il na sv\u00e9 prvn\u00ed hostov\u00e1n\u00ed, zku\u0161enosti mu nab\u00eddl druholigov\u00fd Watford, za n\u011bj\u017e b\u011bhem p\u016flroku odehr\u00e1l solidn\u00edch 20 z\u00e1pas\u016f. Po zm\u011bn\u011b mana\u017eera u Hornets ale hr\u00e1\u010dovi z\u00e1stupci proz\u00edrav\u011b prosadili hostov\u00e1n\u00ed v Nottinghamu Forest, kde anglick\u00fd ml\u00e1de\u017enick\u00fd reprezentant \u00fasp\u011b\u0161n\u011b pokra\u010doval v progresu. Spokojen\u00ed Tricky Trees prodlou\u017eili spolupr\u00e1ci i pro lo\u0148sk\u00fd ro\u010dn\u00edk 2021\/22, kter\u00fd se na City Ground povedl v\u0161em z\u00fa\u010dastn\u011bn\u00fdm a vygradoval a\u017e postupem do Premier League. Ta v\u0161ak na Garnera \u010dek\u00e1 u\u017e v dresu Evertonu. Smlouvu podepsal do roku 2026 a \u010d\u00edslo dresu si vybral 37.<\/p>\n","protected":false},"excerpt":{"rendered":"<p>Kompetentn\u00ed v Evertonu se p\u0159es l\u00e9to odv\u00e1\u017eili p\u0159ekopat nejen st\u0159ed obrany, ale tak\u00e9 z\u00e1lohy. Mlad\u00fd James Garner z Manchesteru United slibuje zaj\u00edmav\u00fd potenci\u00e1l.<\/p>\n","protected":false},"author":6,"featured_media":19684,"comment_status":"open","ping_status":"closed","sticky":false,"template":"","format":"standard","meta":{"_eb_attr":"","_monsterinsights_skip_tracking":false,"_monsterinsights_sitenote_active":false,"_monsterinsights_sitenote_note":"","_monsterinsights_sitenote_category":0,"footnotes":""},"categories":[41],"tags":[],"yoast_head":"<!-- This site is optimized with the Yoast SEO plugin v23.4 - https:\/\/yoast.com\/wordpress\/plugins\/seo\/ -->\n<title>Z\u00e1lohu vyztu\u017e\u00ed je\u0161t\u011b Garner - Official Czech &amp; Slovak Everton Supporters&#039; Club<\/title>\n<meta name=\"description\" content=\"Kompetentn\u00ed v Evertonu se p\u0159es l\u00e9to odv\u00e1\u017eili p\u0159ekopat nejen st\u0159ed obrany, ale tak\u00e9 z\u00e1lohy. Mlad\u00fd James Garner z Manchesteru United slibuje zaj\u00edmav\u00fd potenci\u00e1l.\" \/>\n<meta name=\"robots\" content=\"index, follow, max-snippet:-1, max-image-preview:large, max-video-preview:-1\" \/>\n<link rel=\"canonical\" href=\"https:\/\/evertonfc.cz\/index.php\/2022\/09\/01\/zalohu-vyztuzi-jeste-garner\/\" \/>\n<meta property=\"og:locale\" content=\"cs_CZ\" \/>\n<meta property=\"og:type\" content=\"article\" \/>\n<meta property=\"og:title\" content=\"Z\u00e1lohu vyztu\u017e\u00ed je\u0161t\u011b Garner - Official Czech &amp; Slovak Everton Supporters&#039; Club\" \/>\n<meta property=\"og:description\" content=\"Kompetentn\u00ed v Evertonu se p\u0159es l\u00e9to odv\u00e1\u017eili p\u0159ekopat nejen st\u0159ed obrany, ale tak\u00e9 z\u00e1lohy. Mlad\u00fd James Garner z Manchesteru United slibuje zaj\u00edmav\u00fd potenci\u00e1l.\" \/>\n<meta property=\"og:url\" content=\"https:\/\/evertonfc.cz\/index.php\/2022\/09\/01\/zalohu-vyztuzi-jeste-garner\/\" \/>\n<meta property=\"og:site_name\" content=\"Official Czech &amp; Slovak Everton Supporters&#039; Club\" \/>\n<meta property=\"article:publisher\" content=\"https:\/\/www.facebook.com\/everton.fans.cz.sk\" \/>\n<meta property=\"article:published_time\" content=\"2022-09-01T21:32:37+00:00\" \/>\n<meta property=\"article:modified_time\" content=\"2022-09-13T17:29:08+00:00\" \/>\n<meta property=\"og:image\" content=\"https:\/\/evertonfc.cz\/wp-content\/uploads\/2022\/09\/garner_1_9_2022.jpg\" \/>\n\t<meta property=\"og:image:width\" content=\"720\" \/>\n\t<meta property=\"og:image:height\" content=\"405\" \/>\n\t<meta property=\"og:image:type\" content=\"image\/jpeg\" \/>\n<meta name=\"author\" content=\"Ri\u010di\" \/>\n<meta name=\"twitter:card\" content=\"summary_large_image\" \/>\n<meta name=\"twitter:creator\" content=\"@rbrejsa\" \/>\n<meta name=\"twitter:label1\" content=\"Napsal(a)\" \/>\n\t<meta name=\"twitter:data1\" content=\"Ri\u010di\" \/>\n\t<meta name=\"twitter:label2\" content=\"Odhadovan\u00e1 doba \u010dten\u00ed\" \/>\n\t<meta name=\"twitter:data2\" content=\"2 minuty\" \/>\n<script type=\"application\/ld+json\" class=\"yoast-schema-graph\">{\"@context\":\"https:\/\/schema.org\",\"@graph\":[{\"@type\":\"Article\",\"@id\":\"https:\/\/evertonfc.cz\/index.php\/2022\/09\/01\/zalohu-vyztuzi-jeste-garner\/#article\",\"isPartOf\":{\"@id\":\"https:\/\/evertonfc.cz\/index.php\/2022\/09\/01\/zalohu-vyztuzi-jeste-garner\/\"},\"author\":{\"name\":\"Ri\u010di\",\"@id\":\"https:\/\/evertonfc.cz\/#\/schema\/person\/f7a5daedb2ffee98480bc70e191aaef1\"},\"headline\":\"Z\u00e1lohu vyztu\u017e\u00ed je\u0161t\u011b Garner\",\"datePublished\":\"2022-09-01T21:32:37+00:00\",\"dateModified\":\"2022-09-13T17:29:08+00:00\",\"mainEntityOfPage\":{\"@id\":\"https:\/\/evertonfc.cz\/index.php\/2022\/09\/01\/zalohu-vyztuzi-jeste-garner\/\"},\"wordCount\":407,\"commentCount\":1,\"publisher\":{\"@id\":\"https:\/\/evertonfc.cz\/#organization\"},\"image\":{\"@id\":\"https:\/\/evertonfc.cz\/index.php\/2022\/09\/01\/zalohu-vyztuzi-jeste-garner\/#primaryimage\"},\"thumbnailUrl\":\"https:\/\/evertonfc.cz\/wp-content\/uploads\/2022\/09\/garner_1_9_2022.jpg\",\"articleSection\":[\"P\u0159estupy\"],\"inLanguage\":\"cs\",\"potentialAction\":[{\"@type\":\"CommentAction\",\"name\":\"Comment\",\"target\":[\"https:\/\/evertonfc.cz\/index.php\/2022\/09\/01\/zalohu-vyztuzi-jeste-garner\/#respond\"]}]},{\"@type\":\"WebPage\",\"@id\":\"https:\/\/evertonfc.cz\/index.php\/2022\/09\/01\/zalohu-vyztuzi-jeste-garner\/\",\"url\":\"https:\/\/evertonfc.cz\/index.php\/2022\/09\/01\/zalohu-vyztuzi-jeste-garner\/\",\"name\":\"Z\u00e1lohu vyztu\u017e\u00ed je\u0161t\u011b Garner - Official Czech &amp; Slovak Everton Supporters&#039; Club\",\"isPartOf\":{\"@id\":\"https:\/\/evertonfc.cz\/#website\"},\"primaryImageOfPage\":{\"@id\":\"https:\/\/evertonfc.cz\/index.php\/2022\/09\/01\/zalohu-vyztuzi-jeste-garner\/#primaryimage\"},\"image\":{\"@id\":\"https:\/\/evertonfc.cz\/index.php\/2022\/09\/01\/zalohu-vyztuzi-jeste-garner\/#primaryimage\"},\"thumbnailUrl\":\"https:\/\/evertonfc.cz\/wp-content\/uploads\/2022\/09\/garner_1_9_2022.jpg\",\"datePublished\":\"2022-09-01T21:32:37+00:00\",\"dateModified\":\"2022-09-13T17:29:08+00:00\",\"description\":\"Kompetentn\u00ed v Evertonu se p\u0159es l\u00e9to odv\u00e1\u017eili p\u0159ekopat nejen st\u0159ed obrany, ale tak\u00e9 z\u00e1lohy. Mlad\u00fd James Garner z Manchesteru United slibuje zaj\u00edmav\u00fd potenci\u00e1l.\",\"breadcrumb\":{\"@id\":\"https:\/\/evertonfc.cz\/index.php\/2022\/09\/01\/zalohu-vyztuzi-jeste-garner\/#breadcrumb\"},\"inLanguage\":\"cs\",\"potentialAction\":[{\"@type\":\"ReadAction\",\"target\":[\"https:\/\/evertonfc.cz\/index.php\/2022\/09\/01\/zalohu-vyztuzi-jeste-garner\/\"]}]},{\"@type\":\"ImageObject\",\"inLanguage\":\"cs\",\"@id\":\"https:\/\/evertonfc.cz\/index.php\/2022\/09\/01\/zalohu-vyztuzi-jeste-garner\/#primaryimage\",\"url\":\"https:\/\/evertonfc.cz\/wp-content\/uploads\/2022\/09\/garner_1_9_2022.jpg\",\"contentUrl\":\"https:\/\/evertonfc.cz\/wp-content\/uploads\/2022\/09\/garner_1_9_2022.jpg\",\"width\":720,\"height\":405},{\"@type\":\"BreadcrumbList\",\"@id\":\"https:\/\/evertonfc.cz\/index.php\/2022\/09\/01\/zalohu-vyztuzi-jeste-garner\/#breadcrumb\",\"itemListElement\":[{\"@type\":\"ListItem\",\"position\":1,\"name\":\"Home\",\"item\":\"https:\/\/evertonfc.cz\/\"},{\"@type\":\"ListItem\",\"position\":2,\"name\":\"Z\u00e1lohu vyztu\u017e\u00ed je\u0161t\u011b Garner\"}]},{\"@type\":\"WebSite\",\"@id\":\"https:\/\/evertonfc.cz\/#website\",\"url\":\"https:\/\/evertonfc.cz\/\",\"name\":\"Official Czech &amp; Slovak Everton Supporters&#039; Club\",\"description\":\"\",\"publisher\":{\"@id\":\"https:\/\/evertonfc.cz\/#organization\"},\"potentialAction\":[{\"@type\":\"SearchAction\",\"target\":{\"@type\":\"EntryPoint\",\"urlTemplate\":\"https:\/\/evertonfc.cz\/?s={search_term_string}\"},\"query-input\":{\"@type\":\"PropertyValueSpecification\",\"valueRequired\":true,\"valueName\":\"search_term_string\"}}],\"inLanguage\":\"cs\"},{\"@type\":\"Organization\",\"@id\":\"https:\/\/evertonfc.cz\/#organization\",\"name\":\"Official Czech & Slovak Everton Supporters' Club\",\"url\":\"https:\/\/evertonfc.cz\/\",\"logo\":{\"@type\":\"ImageObject\",\"inLanguage\":\"cs\",\"@id\":\"https:\/\/evertonfc.cz\/#\/schema\/logo\/image\/\",\"url\":\"https:\/\/evertonfc.cz\/wp-content\/uploads\/2019\/05\/logo.png\",\"contentUrl\":\"https:\/\/evertonfc.cz\/wp-content\/uploads\/2019\/05\/logo.png\",\"width\":112,\"height\":112,\"caption\":\"Official Czech & Slovak Everton Supporters' Club\"},\"image\":{\"@id\":\"https:\/\/evertonfc.cz\/#\/schema\/logo\/image\/\"},\"sameAs\":[\"https:\/\/www.facebook.com\/everton.fans.cz.sk\"]},{\"@type\":\"Person\",\"@id\":\"https:\/\/evertonfc.cz\/#\/schema\/person\/f7a5daedb2ffee98480bc70e191aaef1\",\"name\":\"Ri\u010di\",\"sameAs\":[\"https:\/\/x.com\/rbrejsa\"],\"url\":\"https:\/\/evertonfc.cz\/index.php\/author\/rici\/\"}]}<\/script>\n<!-- \/ Yoast SEO plugin. -->","yoast_head_json":{"title":"Z\u00e1lohu vyztu\u017e\u00ed je\u0161t\u011b Garner - Official Czech &amp; Slovak Everton Supporters&#039; Club","description":"Kompetentn\u00ed v Evertonu se p\u0159es l\u00e9to odv\u00e1\u017eili p\u0159ekopat nejen st\u0159ed obrany, ale tak\u00e9 z\u00e1lohy. Mlad\u00fd James Garner z Manchesteru United slibuje zaj\u00edmav\u00fd potenci\u00e1l.","robots":{"index":"index","follow":"follow","max-snippet":"max-snippet:-1","max-image-preview":"max-image-preview:large","max-video-preview":"max-video-preview:-1"},"canonical":"https:\/\/evertonfc.cz\/index.php\/2022\/09\/01\/zalohu-vyztuzi-jeste-garner\/","og_locale":"cs_CZ","og_type":"article","og_title":"Z\u00e1lohu vyztu\u017e\u00ed je\u0161t\u011b Garner - Official Czech &amp; Slovak Everton Supporters&#039; Club","og_description":"Kompetentn\u00ed v Evertonu se p\u0159es l\u00e9to odv\u00e1\u017eili p\u0159ekopat nejen st\u0159ed obrany, ale tak\u00e9 z\u00e1lohy. Mlad\u00fd James Garner z Manchesteru United slibuje zaj\u00edmav\u00fd potenci\u00e1l.","og_url":"https:\/\/evertonfc.cz\/index.php\/2022\/09\/01\/zalohu-vyztuzi-jeste-garner\/","og_site_name":"Official Czech &amp; Slovak Everton Supporters&#039; Club","article_publisher":"https:\/\/www.facebook.com\/everton.fans.cz.sk","article_published_time":"2022-09-01T21:32:37+00:00","article_modified_time":"2022-09-13T17:29:08+00:00","og_image":[{"width":720,"height":405,"url":"https:\/\/evertonfc.cz\/wp-content\/uploads\/2022\/09\/garner_1_9_2022.jpg","type":"image\/jpeg"}],"author":"Ri\u010di","twitter_card":"summary_large_image","twitter_creator":"@rbrejsa","twitter_misc":{"Napsal(a)":"Ri\u010di","Odhadovan\u00e1 doba \u010dten\u00ed":"2 minuty"},"schema":{"@context":"https:\/\/schema.org","@graph":[{"@type":"Article","@id":"https:\/\/evertonfc.cz\/index.php\/2022\/09\/01\/zalohu-vyztuzi-jeste-garner\/#article","isPartOf":{"@id":"https:\/\/evertonfc.cz\/index.php\/2022\/09\/01\/zalohu-vyztuzi-jeste-garner\/"},"author":{"name":"Ri\u010di","@id":"https:\/\/evertonfc.cz\/#\/schema\/person\/f7a5daedb2ffee98480bc70e191aaef1"},"headline":"Z\u00e1lohu vyztu\u017e\u00ed je\u0161t\u011b Garner","datePublished":"2022-09-01T21:32:37+00:00","dateModified":"2022-09-13T17:29:08+00:00","mainEntityOfPage":{"@id":"https:\/\/evertonfc.cz\/index.php\/2022\/09\/01\/zalohu-vyztuzi-jeste-garner\/"},"wordCount":407,"commentCount":1,"publisher":{"@id":"https:\/\/evertonfc.cz\/#organization"},"image":{"@id":"https:\/\/evertonfc.cz\/index.php\/2022\/09\/01\/zalohu-vyztuzi-jeste-garner\/#primaryimage"},"thumbnailUrl":"https:\/\/evertonfc.cz\/wp-content\/uploads\/2022\/09\/garner_1_9_2022.jpg","articleSection":["P\u0159estupy"],"inLanguage":"cs","potentialAction":[{"@type":"CommentAction","name":"Comment","target":["https:\/\/evertonfc.cz\/index.php\/2022\/09\/01\/zalohu-vyztuzi-jeste-garner\/#respond"]}]},{"@type":"WebPage","@id":"https:\/\/evertonfc.cz\/index.php\/2022\/09\/01\/zalohu-vyztuzi-jeste-garner\/","url":"https:\/\/evertonfc.cz\/index.php\/2022\/09\/01\/zalohu-vyztuzi-jeste-garner\/","name":"Z\u00e1lohu vyztu\u017e\u00ed je\u0161t\u011b Garner - Official Czech &amp; Slovak Everton Supporters&#039; Club","isPartOf":{"@id":"https:\/\/evertonfc.cz\/#website"},"primaryImageOfPage":{"@id":"https:\/\/evertonfc.cz\/index.php\/2022\/09\/01\/zalohu-vyztuzi-jeste-garner\/#primaryimage"},"image":{"@id":"https:\/\/evertonfc.cz\/index.php\/2022\/09\/01\/zalohu-vyztuzi-jeste-garner\/#primaryimage"},"thumbnailUrl":"https:\/\/evertonfc.cz\/wp-content\/uploads\/2022\/09\/garner_1_9_2022.jpg","datePublished":"2022-09-01T21:32:37+00:00","dateModified":"2022-09-13T17:29:08+00:00","description":"Kompetentn\u00ed v Evertonu se p\u0159es l\u00e9to odv\u00e1\u017eili p\u0159ekopat nejen st\u0159ed obrany, ale tak\u00e9 z\u00e1lohy. Mlad\u00fd James Garner z Manchesteru United slibuje zaj\u00edmav\u00fd potenci\u00e1l.","breadcrumb":{"@id":"https:\/\/evertonfc.cz\/index.php\/2022\/09\/01\/zalohu-vyztuzi-jeste-garner\/#breadcrumb"},"inLanguage":"cs","potentialAction":[{"@type":"ReadAction","target":["https:\/\/evertonfc.cz\/index.php\/2022\/09\/01\/zalohu-vyztuzi-jeste-garner\/"]}]},{"@type":"ImageObject","inLanguage":"cs","@id":"https:\/\/evertonfc.cz\/index.php\/2022\/09\/01\/zalohu-vyztuzi-jeste-garner\/#primaryimage","url":"https:\/\/evertonfc.cz\/wp-content\/uploads\/2022\/09\/garner_1_9_2022.jpg","contentUrl":"https:\/\/evertonfc.cz\/wp-content\/uploads\/2022\/09\/garner_1_9_2022.jpg","width":720,"height":405},{"@type":"BreadcrumbList","@id":"https:\/\/evertonfc.cz\/index.php\/2022\/09\/01\/zalohu-vyztuzi-jeste-garner\/#breadcrumb","itemListElement":[{"@type":"ListItem","position":1,"name":"Home","item":"https:\/\/evertonfc.cz\/"},{"@type":"ListItem","position":2,"name":"Z\u00e1lohu vyztu\u017e\u00ed je\u0161t\u011b Garner"}]},{"@type":"WebSite","@id":"https:\/\/evertonfc.cz\/#website","url":"https:\/\/evertonfc.cz\/","name":"Official Czech &amp; Slovak Everton Supporters&#039; Club","description":"","publisher":{"@id":"https:\/\/evertonfc.cz\/#organization"},"potentialAction":[{"@type":"SearchAction","target":{"@type":"EntryPoint","urlTemplate":"https:\/\/evertonfc.cz\/?s={search_term_string}"},"query-input":{"@type":"PropertyValueSpecification","valueRequired":true,"valueName":"search_term_string"}}],"inLanguage":"cs"},{"@type":"Organization","@id":"https:\/\/evertonfc.cz\/#organization","name":"Official Czech & Slovak Everton Supporters' Club","url":"https:\/\/evertonfc.cz\/","logo":{"@type":"ImageObject","inLanguage":"cs","@id":"https:\/\/evertonfc.cz\/#\/schema\/logo\/image\/","url":"https:\/\/evertonfc.cz\/wp-content\/uploads\/2019\/05\/logo.png","contentUrl":"https:\/\/evertonfc.cz\/wp-content\/uploads\/2019\/05\/logo.png","width":112,"height":112,"caption":"Official Czech & Slovak Everton Supporters' Club"},"image":{"@id":"https:\/\/evertonfc.cz\/#\/schema\/logo\/image\/"},"sameAs":["https:\/\/www.facebook.com\/everton.fans.cz.sk"]},{"@type":"Person","@id":"https:\/\/evertonfc.cz\/#\/schema\/person\/f7a5daedb2ffee98480bc70e191aaef1","name":"Ri\u010di","sameAs":["https:\/\/x.com\/rbrejsa"],"url":"https:\/\/evertonfc.cz\/index.php\/author\/rici\/"}]}},"_links":{"self":[{"href":"https:\/\/evertonfc.cz\/index.php\/wp-json\/wp\/v2\/posts\/19676"}],"collection":[{"href":"https:\/\/evertonfc.cz\/index.php\/wp-json\/wp\/v2\/posts"}],"about":[{"href":"https:\/\/evertonfc.cz\/index.php\/wp-json\/wp\/v2\/types\/post"}],"author":[{"embeddable":true,"href":"https:\/\/evertonfc.cz\/index.php\/wp-json\/wp\/v2\/users\/6"}],"replies":[{"embeddable":true,"href":"https:\/\/evertonfc.cz\/index.php\/wp-json\/wp\/v2\/comments?post=19676"}],"version-history":[{"count":13,"href":"https:\/\/evertonfc.cz\/index.php\/wp-json\/wp\/v2\/posts\/19676\/revisions"}],"predecessor-version":[{"id":19700,"href":"https:\/\/evertonfc.cz\/index.php\/wp-json\/wp\/v2\/posts\/19676\/revisions\/19700"}],"wp:featuredmedia":[{"embeddable":true,"href":"https:\/\/evertonfc.cz\/index.php\/wp-json\/wp\/v2\/media\/19684"}],"wp:attachment":[{"href":"https:\/\/evertonfc.cz\/index.php\/wp-json\/wp\/v2\/media?parent=19676"}],"wp:term":[{"taxonomy":"category","embeddable":true,"href":"https:\/\/evertonfc.cz\/index.php\/wp-json\/wp\/v2\/categories?post=19676"},{"taxonomy":"post_tag","embeddable":true,"href":"https:\/\/evertonfc.cz\/index.php\/wp-json\/wp\/v2\/tags?post=19676"}],"curies":[{"name":"wp","href":"https:\/\/api.w.org\/{rel}","templated":true}]}}