{"id":19712,"date":"2022-09-02T21:18:47","date_gmt":"2022-09-02T19:18:47","guid":{"rendered":"https:\/\/evertonfc.cz\/?p=19712"},"modified":"2022-09-03T11:22:54","modified_gmt":"2022-09-03T09:22:54","slug":"preview-everton-liverpool-11","status":"publish","type":"post","link":"https:\/\/evertonfc.cz\/index.php\/2022\/09\/02\/preview-everton-liverpool-11\/","title":{"rendered":"Preview: Everton &#8211; Liverpool"},"content":{"rendered":"<h4>Merseyside derby ji\u017e po n\u011bjakou dobu p\u0159in\u00e1\u0161\u00ed fanou\u0161k\u016fm p\u016fvodn\u00edho fotbalov\u00e9ho klubu z Merseyside okam\u017eiky opatrn\u00e9 nad\u011bje, v\u011bt\u0161inou n\u00e1sledovan\u00e9 drobn\u00fdm vyst\u0159\u00edzliv\u011bn\u00edm. Nesm\u00edme si na to ale zvykat, proto\u017ee tentokr\u00e1t to ur\u010dit\u011b vyjde.<\/h4>\n<p style=\"font-weight: 400;\">Radost v\u00fdhry na kdysi domovsk\u00e9m Anfieldu jsme za\u017eili relativn\u011b ned\u00e1vno, Carlo Ancelotti vysvobodil Toffees z dlouh\u00e9ho proklet\u00ed loni v \u00fanoru. Doma takov\u00e9ho ryt\u00ed\u0159e hled\u00e1me bohu\u017eel u\u017e t\u00e9m\u011b\u0159 12 let. Posledn\u00ed <a href=\"https:\/\/www.premierleague.com\/video\/single\/1861866\" data-saferedirecturl=\"https:\/\/www.google.com\/url?q=https:\/\/www.premierleague.com\/video\/single\/1861866&amp;source=gmail&amp;ust=1662201627468000&amp;usg=AOvVaw2elusu9ALKMVKJFVi8KAc2\">v\u00edt\u011bzstv\u00ed<\/a> prob\u011bhlo 17.10.2010. Excel mi napov\u00edd\u00e1, \u017ee to je p\u0159esn\u011b\u2026 no, je to hodn\u011b dn\u00ed. Jak je mo\u017en\u00e9 si v\u0161imnout, na prvn\u00ed branku Cahillovi nahr\u00e1v\u00e1 n\u00e1\u0161 sou\u010dasn\u00fd kapit\u00e1n Seamus Coleman (co\u017e o mnoh\u00e9m vypov\u00edd\u00e1), druhou vst\u0159elil mana\u017eer sou\u010dasn\u00e9ho l\u00eddra tabulky \u2013 Mikel Arteta. Od t\u00e9 doby se hr\u00e1lo v Goodison Parku 11 ligov\u00fdch Merseyside derby a d\u00e1 se \u0159\u00edci, \u017ee nejpravd\u011bpodobn\u011bj\u0161\u00ed v\u00fdsledek je rem\u00edza, od onoho v\u00edt\u011bzstv\u00ed to doma na bod vy\u0161lo 8kr\u00e1t, v\u00edt\u011bzstv\u00ed modr\u00e9 poloviny se, jak \u0159\u00edk\u00e1m, zat\u00edm nedostavilo. Celkov\u00e1 bilance, nebudeme to rozmaz\u00e1vat, je z pohledu Evertonu \u010d\u00edm d\u00e1l t\u00edm hor\u0161\u00ed.<\/p>\n<h4>Deadline day<\/h4>\n<p style=\"font-weight: 400;\">Obdob\u00ed dvoum\u011bs\u00ed\u010dn\u00edho teroru je kone\u010dn\u011b za n\u00e1mi. Zat\u00edmco d\u011bti a ml\u00e1de\u017e si u\u017e\u00edvali pr\u00e1zdnin, fanou\u0161ci anglick\u00e9 kopan\u00e9 bojuj\u00ed s fixac\u00ed na zpravodajsk\u00e9 linky r\u016fzn\u00e9 d\u016fv\u011bryhodnosti, aby zbytek \u010dasu vyplnili ohlod\u00e1v\u00e1n\u00edm neht\u016f a un\u00e1\u0161en\u00edm se na vln\u00e1ch r\u016fzn\u00fdch fantazi\u00ed. Oba akt\u00e9\u0159i z\u00edt\u0159ej\u0161\u00edho derby na deadline day pos\u00edlili z\u00e1lo\u017en\u00ed \u0159ady. Zat\u00edmco Everton z\u00edskal star\u00e9ho zn\u00e1m\u00e9ho <a href=\"https:\/\/evertonfc.cz\/index.php\/2022\/09\/01\/navrat-senegalskeho-prince\/\" data-saferedirecturl=\"https:\/\/www.google.com\/url?q=https:\/\/evertonfc.cz\/index.php\/2022\/09\/01\/navrat-senegalskeho-prince\/&amp;source=gmail&amp;ust=1662201627468000&amp;usg=AOvVaw1eVToha7VZoKZ_7MEcKBeO\">Idrissu Ganu Gueyeho<\/a>\u00a0a\u00a0<a href=\"https:\/\/evertonfc.cz\/index.php\/2022\/09\/01\/zalohu-vyztuzi-jeste-garner\/\" data-saferedirecturl=\"https:\/\/www.google.com\/url?q=https:\/\/evertonfc.cz\/index.php\/2022\/09\/01\/zalohu-vyztuzi-jeste-garner\/&amp;source=gmail&amp;ust=1662201627468000&amp;usg=AOvVaw0QLTNZknx8wd6aeYHtNdL9\">Jamese Garnera<\/a>, temn\u00e1 strana pos\u00edlila o sv\u00e9ho \u010dtvrt\u00e9ho Brazilce v\u00a0podob\u011b Artura Mela, jen\u017e p\u0159i\u0161el na hostov\u00e1n\u00ed z\u00a0Juventusu.<\/p>\n<p style=\"font-weight: 400;\">Celkov\u011b ale jsou Rud\u00ed patrn\u011b se sv\u00fdm t\u00fdmem spokojeni, proto\u017ee za l\u00e9to dorazily jen 3 posily (tohle kolo jsme s 8 posilami vyhr\u00e1li). Mlad\u00ed Fabio Carvalho (proto\u017ee Fulham je nov\u00fd Southampton), Calvin Ramsay a pak tak\u00e9 za velk\u00e9 pen\u00edze z Benficy st\u0159elec Darwin N\u00fa\u00f1ez. Nebylo to levn\u00e9, ale na rozd\u00edl od n\u011bkter\u00fdch jin\u00fdch velk\u00fdch p\u0159estup\u016f v lize to d\u00e1v\u00e1 smysl. Ostatn\u011b, nemalou \u010d\u00e1st\u00ed na p\u0159\u00edchod Uruguayce se pod\u00edleli Gruji\u010d, Man\u00e9, Minamino, Neco Williams a Ben Davies,\u00a0 t\u00edm, \u017ee byli prod\u00e1ni.<\/p>\n<h4>Jak jsou na tom<\/h4>\n<p style=\"font-weight: 400;\">Rival \u00fadajn\u011b za\u010dal sez\u00f3nu \u0161patn\u011b, ale p\u0159esto je nyn\u00ed na 6. m\u00edst\u011b. Po 2 \u00favodn\u00edch patech s lond\u00fdnsk\u00fdm duem Fulham-Palace p\u0159i\u0161la dlouho o\u010dek\u00e1v\u00e1n\u00e1 por\u00e1\u017eka s United. N\u00e1sledn\u011b p\u0159ipravili Scotta Parkera o pr\u00e1ci a naposledy v kontroverzn\u00edm z\u00e1pase odrovnali ambici\u00f3zn\u00ed Newcastle.<\/p>\n<p style=\"font-weight: 400;\">T\u00fdm z\u00a0Anfieldu bude postr\u00e1dat jist\u011b 6 hr\u00e1\u010d\u016f, ale pokud v\u00edm, tak jen jeden z\u00a0nich je ze z\u00e1kladn\u00ed sestavy. O to v\u00edce jeho nep\u0159\u00edtomnost je balz\u00e1mem na nervy modr\u00fdch, nastoupit pro zran\u011bn\u00ed stehenn\u00edho svalu nebude moci samozvan\u00fd Mirek Du\u0161\u00edn alias Jordan Henderson. D\u00e1le nen\u00ed jist\u00fd start Kellehera, Thiaga a Joty.<\/p>\n<h4>A co u n\u00e1s<\/h4>\n<p style=\"font-weight: 400;\">Gana Gueye v \u00favodn\u00edm rozhovoru p\u0159ipomn\u011bl sv\u00e9 vazby na Everton. Jeho posledn\u00ed derby prob\u011bhlo v b\u0159eznu 2019, na Goodisonu se hr\u00e1lo bez branek. Z tehdej\u0161\u00ed sestavy jsou v k\u00e1dru u\u017e jen 3, z toho kapit\u00e1n Coleman a Michael Keane patrn\u011b do z\u00e1kladu nenastoup\u00ed. A to i p\u0159esto, \u017ee Keane je z k\u00e1dru nejlep\u0161\u00edm st\u0159elcem v derby. Jeho 2 brank\u00e1m konkuruj\u00ed jen DCL a Gray s jednou. T\u00edm t\u0159et\u00edm z pam\u00e1tn\u00edku Senegalce je tak st\u00e1lice v brance Jordan Pickford. Ka\u017ed\u00e1 jeho sekunda p\u0159i rozehr\u00e1v\u00e1n\u00ed se na ve\u0159ejnosti po\u010d\u00edt\u00e1 za 2, uvid\u00edme, jak\u00e9 divadlo rozehraje n\u011bmeck\u00fd kou\u010d soupe\u0159e a jakou trp\u011blivost prok\u00e1\u017ee sud\u00ed Anthony Taylor.<\/p>\n<p style=\"font-weight: 400;\">Dal\u0161\u00ed kamar\u00e1d ze star\u00e9 party, Andre Gomes, se s\u00a0n\u00e1mi rozlou\u010dil hostov\u00e1n\u00edm v\u00a0Lille, absentovat tak\u00e9 bude u\u017e obvykl\u00e1 \u0161estice DCL, Doucour\u00e9, Holgate, Godfrey, Mina a Townsend. T\u00edm \u0161krt\u00e1me dal\u0161\u00ed 2 b\u00fdval\u00e9 spoluhr\u00e1\u010de IGG a z\u016fst\u00e1v\u00e1 n\u00e1m u\u017e jen Tom Davies.<\/p>\n<p style=\"font-weight: 400;\">\u010cek\u00e1 n\u00e1s nelehk\u00e9 st\u0159etnut\u00ed, ale posledn\u00ed z\u00e1pasy m\u016f\u017eeme mluvit o zlep\u0161en\u00ed hern\u00edho projevu. Bude ale pot\u0159eba zapnout na nejvy\u0161\u0161\u00ed obr\u00e1tky. Nen\u00ed mo\u017en\u00e9, abychom obranu, kde jist\u011b nebude chyb\u011bt odchovanec LFC Conor Coady, vystavit takov\u00e9mu tlaku soupe\u0159e, jako se to stalo ve venkovn\u00edch z\u00e1pasech. Pln\u011b douf\u00e1me, \u017ee nov\u00e1 posila do \u00fatoku, Neal Maupay, se u\u017e aklimatizovala a \u017ee se poda\u0159\u00ed prolomit tu ne\u0161\u0165astnou \u0161\u0148\u016fru.<\/p>\n<h3 style=\"font-weight: 400; text-align: center;\"><span style=\"color: #3366ff;\"><strong>COYB!<\/strong><\/span><\/h3>\n<p style=\"font-weight: 400;\"><strong>Co<\/strong>: Everton FC &#8211; Liverpool FC, 6. kolo Premier League<br \/>\n<strong>Kdy<\/strong>: sobota 3.9.2022 od 13:30<br \/>\n<strong>Kde<\/strong>: Goodison Park, Goodison Road, Liverpool, L4 4EL (kapacita: 39 572)<br \/>\n<strong>TV<\/strong>: p\u0159\u00edm\u00fd p\u0159enos na Canal+ Sport, Match time s J. Bos\u00e1kem od 13:00<br \/>\n<strong>Rozhod\u010d\u00ed<\/strong>: Anthony Taylor\u00a0 <strong>Postrann\u00ed<\/strong><strong>:\u00a0<\/strong>Gary Beswick, Adam Nunn\u00a0 <strong>\u010ctvrt\u00fd rozhod\u010d\u00ed<\/strong><strong>:\u00a0<\/strong>Craig Pawson<br \/>\n<strong>VAR<\/strong><strong>:<\/strong> Darren England\u00a0 <strong>Asistent\u00a0VAR<\/strong><strong>:\u00a0<\/strong>Timothy Wood<\/p>\n","protected":false},"excerpt":{"rendered":"<p>Merseyside derby ji\u017e po n\u011bjakou dobu p\u0159in\u00e1\u0161\u00ed fanou\u0161k\u016fm p\u016fvodn\u00edho fotbalov\u00e9ho klubu z Merseyside okam\u017eiky opatrn\u00e9 nad\u011bje, v\u011bt\u0161inou n\u00e1sledovan\u00e9 drobn\u00fdm vyst\u0159\u00edzliv\u011bn\u00edm. Nesm\u00edme si na to ale zvykat, proto\u017ee tentokr\u00e1t to ur\u010dit\u011b vyjde.<\/p>\n","protected":false},"author":10,"featured_media":19715,"comment_status":"open","ping_status":"closed","sticky":false,"template":"","format":"standard","meta":{"_eb_attr":"","_monsterinsights_skip_tracking":false,"_monsterinsights_sitenote_active":false,"_monsterinsights_sitenote_note":"","_monsterinsights_sitenote_category":0,"footnotes":""},"categories":[4],"tags":[],"yoast_head":"<!-- This site is optimized with the Yoast SEO plugin v23.4 - https:\/\/yoast.com\/wordpress\/plugins\/seo\/ -->\n<title>Preview: Everton - Liverpool - Official Czech &amp; Slovak Everton Supporters&#039; Club<\/title>\n<meta name=\"robots\" content=\"index, follow, max-snippet:-1, max-image-preview:large, max-video-preview:-1\" \/>\n<link rel=\"canonical\" href=\"https:\/\/evertonfc.cz\/index.php\/2022\/09\/02\/preview-everton-liverpool-11\/\" \/>\n<meta property=\"og:locale\" content=\"cs_CZ\" \/>\n<meta property=\"og:type\" content=\"article\" \/>\n<meta property=\"og:title\" content=\"Preview: Everton - Liverpool - Official Czech &amp; Slovak Everton Supporters&#039; Club\" \/>\n<meta property=\"og:description\" content=\"Merseyside derby ji\u017e po n\u011bjakou dobu p\u0159in\u00e1\u0161\u00ed fanou\u0161k\u016fm p\u016fvodn\u00edho fotbalov\u00e9ho klubu z Merseyside okam\u017eiky opatrn\u00e9 nad\u011bje, v\u011bt\u0161inou n\u00e1sledovan\u00e9 drobn\u00fdm vyst\u0159\u00edzliv\u011bn\u00edm. Nesm\u00edme si na to ale zvykat, proto\u017ee tentokr\u00e1t to ur\u010dit\u011b vyjde.\" \/>\n<meta property=\"og:url\" content=\"https:\/\/evertonfc.cz\/index.php\/2022\/09\/02\/preview-everton-liverpool-11\/\" \/>\n<meta property=\"og:site_name\" content=\"Official Czech &amp; Slovak Everton Supporters&#039; Club\" \/>\n<meta property=\"article:publisher\" content=\"https:\/\/www.facebook.com\/everton.fans.cz.sk\" \/>\n<meta property=\"article:published_time\" content=\"2022-09-02T19:18:47+00:00\" \/>\n<meta property=\"article:modified_time\" content=\"2022-09-03T09:22:54+00:00\" \/>\n<meta property=\"og:image\" content=\"https:\/\/evertonfc.cz\/wp-content\/uploads\/2022\/09\/Everton-VS-Liverpool.png\" \/>\n\t<meta property=\"og:image:width\" content=\"720\" \/>\n\t<meta property=\"og:image:height\" content=\"405\" \/>\n\t<meta property=\"og:image:type\" content=\"image\/png\" \/>\n<meta name=\"author\" content=\"Fip\" \/>\n<meta name=\"twitter:card\" content=\"summary_large_image\" \/>\n<meta name=\"twitter:label1\" content=\"Napsal(a)\" \/>\n\t<meta name=\"twitter:data1\" content=\"Fip\" \/>\n\t<meta name=\"twitter:label2\" content=\"Odhadovan\u00e1 doba \u010dten\u00ed\" \/>\n\t<meta name=\"twitter:data2\" content=\"4 minuty\" \/>\n<script type=\"application\/ld+json\" class=\"yoast-schema-graph\">{\"@context\":\"https:\/\/schema.org\",\"@graph\":[{\"@type\":\"Article\",\"@id\":\"https:\/\/evertonfc.cz\/index.php\/2022\/09\/02\/preview-everton-liverpool-11\/#article\",\"isPartOf\":{\"@id\":\"https:\/\/evertonfc.cz\/index.php\/2022\/09\/02\/preview-everton-liverpool-11\/\"},\"author\":{\"name\":\"Fip\",\"@id\":\"https:\/\/evertonfc.cz\/#\/schema\/person\/35904009755e8eaa0dc1a5f5f0419002\"},\"headline\":\"Preview: Everton &#8211; Liverpool\",\"datePublished\":\"2022-09-02T19:18:47+00:00\",\"dateModified\":\"2022-09-03T09:22:54+00:00\",\"mainEntityOfPage\":{\"@id\":\"https:\/\/evertonfc.cz\/index.php\/2022\/09\/02\/preview-everton-liverpool-11\/\"},\"wordCount\":880,\"commentCount\":17,\"publisher\":{\"@id\":\"https:\/\/evertonfc.cz\/#organization\"},\"image\":{\"@id\":\"https:\/\/evertonfc.cz\/index.php\/2022\/09\/02\/preview-everton-liverpool-11\/#primaryimage\"},\"thumbnailUrl\":\"https:\/\/evertonfc.cz\/wp-content\/uploads\/2022\/09\/Everton-VS-Liverpool.png\",\"articleSection\":[\"Z\u00e1pasy\"],\"inLanguage\":\"cs\",\"potentialAction\":[{\"@type\":\"CommentAction\",\"name\":\"Comment\",\"target\":[\"https:\/\/evertonfc.cz\/index.php\/2022\/09\/02\/preview-everton-liverpool-11\/#respond\"]}]},{\"@type\":\"WebPage\",\"@id\":\"https:\/\/evertonfc.cz\/index.php\/2022\/09\/02\/preview-everton-liverpool-11\/\",\"url\":\"https:\/\/evertonfc.cz\/index.php\/2022\/09\/02\/preview-everton-liverpool-11\/\",\"name\":\"Preview: Everton - Liverpool - Official Czech &amp; Slovak Everton Supporters&#039; Club\",\"isPartOf\":{\"@id\":\"https:\/\/evertonfc.cz\/#website\"},\"primaryImageOfPage\":{\"@id\":\"https:\/\/evertonfc.cz\/index.php\/2022\/09\/02\/preview-everton-liverpool-11\/#primaryimage\"},\"image\":{\"@id\":\"https:\/\/evertonfc.cz\/index.php\/2022\/09\/02\/preview-everton-liverpool-11\/#primaryimage\"},\"thumbnailUrl\":\"https:\/\/evertonfc.cz\/wp-content\/uploads\/2022\/09\/Everton-VS-Liverpool.png\",\"datePublished\":\"2022-09-02T19:18:47+00:00\",\"dateModified\":\"2022-09-03T09:22:54+00:00\",\"breadcrumb\":{\"@id\":\"https:\/\/evertonfc.cz\/index.php\/2022\/09\/02\/preview-everton-liverpool-11\/#breadcrumb\"},\"inLanguage\":\"cs\",\"potentialAction\":[{\"@type\":\"ReadAction\",\"target\":[\"https:\/\/evertonfc.cz\/index.php\/2022\/09\/02\/preview-everton-liverpool-11\/\"]}]},{\"@type\":\"ImageObject\",\"inLanguage\":\"cs\",\"@id\":\"https:\/\/evertonfc.cz\/index.php\/2022\/09\/02\/preview-everton-liverpool-11\/#primaryimage\",\"url\":\"https:\/\/evertonfc.cz\/wp-content\/uploads\/2022\/09\/Everton-VS-Liverpool.png\",\"contentUrl\":\"https:\/\/evertonfc.cz\/wp-content\/uploads\/2022\/09\/Everton-VS-Liverpool.png\",\"width\":720,\"height\":405},{\"@type\":\"BreadcrumbList\",\"@id\":\"https:\/\/evertonfc.cz\/index.php\/2022\/09\/02\/preview-everton-liverpool-11\/#breadcrumb\",\"itemListElement\":[{\"@type\":\"ListItem\",\"position\":1,\"name\":\"Home\",\"item\":\"https:\/\/evertonfc.cz\/\"},{\"@type\":\"ListItem\",\"position\":2,\"name\":\"Preview: Everton &#8211; Liverpool\"}]},{\"@type\":\"WebSite\",\"@id\":\"https:\/\/evertonfc.cz\/#website\",\"url\":\"https:\/\/evertonfc.cz\/\",\"name\":\"Official Czech &amp; Slovak Everton Supporters&#039; Club\",\"description\":\"\",\"publisher\":{\"@id\":\"https:\/\/evertonfc.cz\/#organization\"},\"potentialAction\":[{\"@type\":\"SearchAction\",\"target\":{\"@type\":\"EntryPoint\",\"urlTemplate\":\"https:\/\/evertonfc.cz\/?s={search_term_string}\"},\"query-input\":{\"@type\":\"PropertyValueSpecification\",\"valueRequired\":true,\"valueName\":\"search_term_string\"}}],\"inLanguage\":\"cs\"},{\"@type\":\"Organization\",\"@id\":\"https:\/\/evertonfc.cz\/#organization\",\"name\":\"Official Czech & Slovak Everton Supporters' Club\",\"url\":\"https:\/\/evertonfc.cz\/\",\"logo\":{\"@type\":\"ImageObject\",\"inLanguage\":\"cs\",\"@id\":\"https:\/\/evertonfc.cz\/#\/schema\/logo\/image\/\",\"url\":\"https:\/\/evertonfc.cz\/wp-content\/uploads\/2019\/05\/logo.png\",\"contentUrl\":\"https:\/\/evertonfc.cz\/wp-content\/uploads\/2019\/05\/logo.png\",\"width\":112,\"height\":112,\"caption\":\"Official Czech & Slovak Everton Supporters' Club\"},\"image\":{\"@id\":\"https:\/\/evertonfc.cz\/#\/schema\/logo\/image\/\"},\"sameAs\":[\"https:\/\/www.facebook.com\/everton.fans.cz.sk\"]},{\"@type\":\"Person\",\"@id\":\"https:\/\/evertonfc.cz\/#\/schema\/person\/35904009755e8eaa0dc1a5f5f0419002\",\"name\":\"Fip\",\"url\":\"https:\/\/evertonfc.cz\/index.php\/author\/fip\/\"}]}<\/script>\n<!-- \/ Yoast SEO plugin. -->","yoast_head_json":{"title":"Preview: Everton - Liverpool - Official Czech &amp; Slovak Everton Supporters&#039; Club","robots":{"index":"index","follow":"follow","max-snippet":"max-snippet:-1","max-image-preview":"max-image-preview:large","max-video-preview":"max-video-preview:-1"},"canonical":"https:\/\/evertonfc.cz\/index.php\/2022\/09\/02\/preview-everton-liverpool-11\/","og_locale":"cs_CZ","og_type":"article","og_title":"Preview: Everton - Liverpool - Official Czech &amp; Slovak Everton Supporters&#039; Club","og_description":"Merseyside derby ji\u017e po n\u011bjakou dobu p\u0159in\u00e1\u0161\u00ed fanou\u0161k\u016fm p\u016fvodn\u00edho fotbalov\u00e9ho klubu z Merseyside okam\u017eiky opatrn\u00e9 nad\u011bje, v\u011bt\u0161inou n\u00e1sledovan\u00e9 drobn\u00fdm vyst\u0159\u00edzliv\u011bn\u00edm. Nesm\u00edme si na to ale zvykat, proto\u017ee tentokr\u00e1t to ur\u010dit\u011b vyjde.","og_url":"https:\/\/evertonfc.cz\/index.php\/2022\/09\/02\/preview-everton-liverpool-11\/","og_site_name":"Official Czech &amp; Slovak Everton Supporters&#039; Club","article_publisher":"https:\/\/www.facebook.com\/everton.fans.cz.sk","article_published_time":"2022-09-02T19:18:47+00:00","article_modified_time":"2022-09-03T09:22:54+00:00","og_image":[{"width":720,"height":405,"url":"https:\/\/evertonfc.cz\/wp-content\/uploads\/2022\/09\/Everton-VS-Liverpool.png","type":"image\/png"}],"author":"Fip","twitter_card":"summary_large_image","twitter_misc":{"Napsal(a)":"Fip","Odhadovan\u00e1 doba \u010dten\u00ed":"4 minuty"},"schema":{"@context":"https:\/\/schema.org","@graph":[{"@type":"Article","@id":"https:\/\/evertonfc.cz\/index.php\/2022\/09\/02\/preview-everton-liverpool-11\/#article","isPartOf":{"@id":"https:\/\/evertonfc.cz\/index.php\/2022\/09\/02\/preview-everton-liverpool-11\/"},"author":{"name":"Fip","@id":"https:\/\/evertonfc.cz\/#\/schema\/person\/35904009755e8eaa0dc1a5f5f0419002"},"headline":"Preview: Everton &#8211; Liverpool","datePublished":"2022-09-02T19:18:47+00:00","dateModified":"2022-09-03T09:22:54+00:00","mainEntityOfPage":{"@id":"https:\/\/evertonfc.cz\/index.php\/2022\/09\/02\/preview-everton-liverpool-11\/"},"wordCount":880,"commentCount":17,"publisher":{"@id":"https:\/\/evertonfc.cz\/#organization"},"image":{"@id":"https:\/\/evertonfc.cz\/index.php\/2022\/09\/02\/preview-everton-liverpool-11\/#primaryimage"},"thumbnailUrl":"https:\/\/evertonfc.cz\/wp-content\/uploads\/2022\/09\/Everton-VS-Liverpool.png","articleSection":["Z\u00e1pasy"],"inLanguage":"cs","potentialAction":[{"@type":"CommentAction","name":"Comment","target":["https:\/\/evertonfc.cz\/index.php\/2022\/09\/02\/preview-everton-liverpool-11\/#respond"]}]},{"@type":"WebPage","@id":"https:\/\/evertonfc.cz\/index.php\/2022\/09\/02\/preview-everton-liverpool-11\/","url":"https:\/\/evertonfc.cz\/index.php\/2022\/09\/02\/preview-everton-liverpool-11\/","name":"Preview: Everton - Liverpool - Official Czech &amp; Slovak Everton Supporters&#039; Club","isPartOf":{"@id":"https:\/\/evertonfc.cz\/#website"},"primaryImageOfPage":{"@id":"https:\/\/evertonfc.cz\/index.php\/2022\/09\/02\/preview-everton-liverpool-11\/#primaryimage"},"image":{"@id":"https:\/\/evertonfc.cz\/index.php\/2022\/09\/02\/preview-everton-liverpool-11\/#primaryimage"},"thumbnailUrl":"https:\/\/evertonfc.cz\/wp-content\/uploads\/2022\/09\/Everton-VS-Liverpool.png","datePublished":"2022-09-02T19:18:47+00:00","dateModified":"2022-09-03T09:22:54+00:00","breadcrumb":{"@id":"https:\/\/evertonfc.cz\/index.php\/2022\/09\/02\/preview-everton-liverpool-11\/#breadcrumb"},"inLanguage":"cs","potentialAction":[{"@type":"ReadAction","target":["https:\/\/evertonfc.cz\/index.php\/2022\/09\/02\/preview-everton-liverpool-11\/"]}]},{"@type":"ImageObject","inLanguage":"cs","@id":"https:\/\/evertonfc.cz\/index.php\/2022\/09\/02\/preview-everton-liverpool-11\/#primaryimage","url":"https:\/\/evertonfc.cz\/wp-content\/uploads\/2022\/09\/Everton-VS-Liverpool.png","contentUrl":"https:\/\/evertonfc.cz\/wp-content\/uploads\/2022\/09\/Everton-VS-Liverpool.png","width":720,"height":405},{"@type":"BreadcrumbList","@id":"https:\/\/evertonfc.cz\/index.php\/2022\/09\/02\/preview-everton-liverpool-11\/#breadcrumb","itemListElement":[{"@type":"ListItem","position":1,"name":"Home","item":"https:\/\/evertonfc.cz\/"},{"@type":"ListItem","position":2,"name":"Preview: Everton &#8211; Liverpool"}]},{"@type":"WebSite","@id":"https:\/\/evertonfc.cz\/#website","url":"https:\/\/evertonfc.cz\/","name":"Official Czech &amp; Slovak Everton Supporters&#039; Club","description":"","publisher":{"@id":"https:\/\/evertonfc.cz\/#organization"},"potentialAction":[{"@type":"SearchAction","target":{"@type":"EntryPoint","urlTemplate":"https:\/\/evertonfc.cz\/?s={search_term_string}"},"query-input":{"@type":"PropertyValueSpecification","valueRequired":true,"valueName":"search_term_string"}}],"inLanguage":"cs"},{"@type":"Organization","@id":"https:\/\/evertonfc.cz\/#organization","name":"Official Czech & Slovak Everton Supporters' Club","url":"https:\/\/evertonfc.cz\/","logo":{"@type":"ImageObject","inLanguage":"cs","@id":"https:\/\/evertonfc.cz\/#\/schema\/logo\/image\/","url":"https:\/\/evertonfc.cz\/wp-content\/uploads\/2019\/05\/logo.png","contentUrl":"https:\/\/evertonfc.cz\/wp-content\/uploads\/2019\/05\/logo.png","width":112,"height":112,"caption":"Official Czech & Slovak Everton Supporters' Club"},"image":{"@id":"https:\/\/evertonfc.cz\/#\/schema\/logo\/image\/"},"sameAs":["https:\/\/www.facebook.com\/everton.fans.cz.sk"]},{"@type":"Person","@id":"https:\/\/evertonfc.cz\/#\/schema\/person\/35904009755e8eaa0dc1a5f5f0419002","name":"Fip","url":"https:\/\/evertonfc.cz\/index.php\/author\/fip\/"}]}},"_links":{"self":[{"href":"https:\/\/evertonfc.cz\/index.php\/wp-json\/wp\/v2\/posts\/19712"}],"collection":[{"href":"https:\/\/evertonfc.cz\/index.php\/wp-json\/wp\/v2\/posts"}],"about":[{"href":"https:\/\/evertonfc.cz\/index.php\/wp-json\/wp\/v2\/types\/post"}],"author":[{"embeddable":true,"href":"https:\/\/evertonfc.cz\/index.php\/wp-json\/wp\/v2\/users\/10"}],"replies":[{"embeddable":true,"href":"https:\/\/evertonfc.cz\/index.php\/wp-json\/wp\/v2\/comments?post=19712"}],"version-history":[{"count":7,"href":"https:\/\/evertonfc.cz\/index.php\/wp-json\/wp\/v2\/posts\/19712\/revisions"}],"predecessor-version":[{"id":19721,"href":"https:\/\/evertonfc.cz\/index.php\/wp-json\/wp\/v2\/posts\/19712\/revisions\/19721"}],"wp:featuredmedia":[{"embeddable":true,"href":"https:\/\/evertonfc.cz\/index.php\/wp-json\/wp\/v2\/media\/19715"}],"wp:attachment":[{"href":"https:\/\/evertonfc.cz\/index.php\/wp-json\/wp\/v2\/media?parent=19712"}],"wp:term":[{"taxonomy":"category","embeddable":true,"href":"https:\/\/evertonfc.cz\/index.php\/wp-json\/wp\/v2\/categories?post=19712"},{"taxonomy":"post_tag","embeddable":true,"href":"https:\/\/evertonfc.cz\/index.php\/wp-json\/wp\/v2\/tags?post=19712"}],"curies":[{"name":"wp","href":"https:\/\/api.w.org\/{rel}","templated":true}]}}