{"id":1983,"date":"2018-07-28T19:35:38","date_gmt":"2018-07-28T17:35:38","guid":{"rendered":"http:\/\/evertonfc.cz\/?p=1983"},"modified":"2019-05-24T10:45:07","modified_gmt":"2019-05-24T08:45:07","slug":"blackburn-rovers-everton-30","status":"publish","type":"post","link":"https:\/\/evertonfc.cz\/index.php\/2018\/07\/28\/blackburn-rovers-everton-30\/","title":{"rendered":"Blackburn Rovers &#8211; Everton 3:0"},"content":{"rendered":"\r\n<h4 class=\"wp-block-heading\">V\u00fdsledky v pr\u00edprave nikdy nie s\u00fa prvorad\u00e9, tento v\u0161ak \u010do to nazna\u010dil. Karamelky g\u00f3ly inkasuj\u00fa ve\u013emi \u013eahko a len ve\u013emi \u0165a\u017eko ich strie\u013eaj\u00fa. Portugal\u010dan na lavi\u010dke m\u00e1 na tr\u00e9ningoch rozhodne \u010do robi\u0165.<\/h4>\r\n\r\n\r\n\r\n<p>Ke\u010f Marco Silva nast\u00fapil do svojej funkcie za\u010diatkom j\u00fala, povedal, \u017ee si predstavuje svoje mu\u017estvo o v\u00fdrazne men\u0161om po\u010dte. K\u00e1der, kde o ka\u017ed\u00fa poz\u00edciu bud\u00fa bojova\u0165 dvaja hr\u00e1\u010di. Celkom jednoduch\u00fd model, spravodliv\u00fd. No vy\u017eadoval si doplnenie na ur\u010dit\u00fdch poz\u00edciach. Hovorilo sa spolu s Brandsom o troch, mo\u017eno \u0161tyroch nov\u00fdch posil\u00e1ch. Teraz? Pod\u013ea vlastn\u00fdch slov Silvu by mohlo pr\u00eds\u0165 a\u017e \u0161es\u0165 nov\u00fdch mien. To nie je dobr\u00e1 spr\u00e1va.<\/p>\r\n\r\n\r\n\r\n<p>Niektor\u00ed hr\u00e1\u010di jednoducho nepredv\u00e1dzaj\u00fa potrebn\u00e9 v\u00fdkony a smutnou uk\u00e1\u017ekou toho bol aj \u0161tvrtkov\u00fd z\u00e1pas s nov\u00e1\u010dikom Championship. Dom\u00e1ci, na \u010dele s p\u00f4sobiv\u00fdm Bradleym Dackom, od za\u010diatku dupali na plyn a Toffees sa v podstate k ni\u010domu nedostali zadarmo. Spomenut\u00fd 24 ro\u010dn\u00fd anglick\u00fd z\u00e1lo\u017en\u00edk u\u017e v druhej min\u00fate vystra\u0161il neist\u00e9ho (nie prv\u00fd raz) Stekelenburga v br\u00e1ne a po cel\u00fd z\u00e1pas bol kon\u0161tantnou hrozbou. Pri v\u010deraj\u0161om odchode Klaassena a\u017e \u010dloveka napad\u00e1 my\u0161lienka, pre\u010do sa rad\u0161ej kluby nezameriavaj\u00fa na lacnej\u0161\u00edch dom\u00e1cich \u0161p\u00edlmachrov, zvyknut\u00fdch na fyzikalitu anglick\u00e9ho futbalu a bud\u00fa sk\u00f4r slepo vs\u00e1dza\u0165 na neoveren\u00fd import.<\/p>\r\n\r\n\r\n\r\n<p>Prv\u00fd g\u00f3l stretnutia padol po (op\u00e4\u0165) nezvl\u00e1dnutom z\u00f3novom br\u00e1nen\u00ed. Pod\u013ea m\u00f4jho skromn\u00e9ho n\u00e1zoru s t\u00fdm Everton mus\u00ed okam\u017eite presta\u0165. Na kr\u00e1tko zahran\u00fd roh vyl\u00e1kal extr\u00e9mne mno\u017estvo br\u00e1niacich hr\u00e1\u010dov (nezmyselne na prvej ty\u010di) a lobovan\u00fd center tak mohol kr\u00e1sne n\u00e1js\u0165 vo\u013en\u00e9ho Lenihana, ktor\u00fd padaj\u00facou hlavi\u010dkou efektne znemo\u017enil t\u00edm z prvej ligy. Najv\u00e4\u010d\u0161iu \u0161ancu host\u00ed v prvom pol\u010dase zahodil Sigurdsson, po peknej kombina\u010dnej akcii na jeden dotyk s Daviesom. N\u00e1sledne na to sa uplatnilo pravidlo ned\u00e1\u0161 dostane\u0161 a bol pritom Dack, ktor\u00fd slalomom vyradil modr\u00fa obranu a perfektne na\u0161iel vo\u013en\u00e9ho Samuela, zakon\u010duj\u00faceho takmer do pr\u00e1zdna.<\/p>\r\n\r\n\r\n\r\n\r\n\r\n<p>Tosun po prest\u00e1vke trestuhodne minul dve hlavi\u010dkov\u00e9 pr\u00edle\u017eitosti, na \u010do hr\u00e1\u010d s \u010d\u00edslom 23 jednoducho musel zareagova\u0165 a kone\u010dne si dopria\u0165 zasl\u00fa\u017een\u00fd g\u00f3l aj pre seba. Potom, \u010do sa k nemu dostala lopta pred \u0161estn\u00e1stkou, si poradil s Keaneom v sklze a vyradil Jagielku v s\u00faboji telom. Na prestrelenie Holan\u010fana v br\u00e1ne u\u017e ve\u013ea snahy nepotreboval. 3:0. Za jedin\u00fd svetl\u00fd moment m\u00f4\u017eeme pova\u017eova\u0165 debut Richarlisona. Odkedy pri\u0161iel na ihrisko, okam\u017eite \u017eiaril tak o triedu nad v\u0161etk\u00fdmi. A to u\u017e je \u010do poveda\u0165 aj v pr\u00edpravnom z\u00e1pase.<\/p>\r\n\r\n\r\n\r\n<p><strong>G\u00f3ly:<\/strong>\u00a010\u00b4 Lenihan, 40\u00b4 Samuel, 69\u00b4 Dack<\/p>\r\n\r\n\r\n\r\n<p><strong>Everton FC:<\/strong>\u00a0Stekelenburg \u2013 Kenny (Coleman), Pennington (Jagielka ), Williams (Keane), Robinson (Baines), Be\u0161i\u010d (Schneiderlin), Davies (Gueye), Sigurdsson (Dowell), Sandro (Vla\u0161i\u010d), Niasse (Tosun), Mirallas (Richarlison)<\/p>\r\n","protected":false},"excerpt":{"rendered":"<p>V\u00fdsledky v pr\u00edprave nikdy nie s\u00fa prvorad\u00e9, tento v\u0161ak \u010do to nazna\u010dil. Karamelky g\u00f3ly inkasuj\u00fa ve\u013emi \u013eahko a len ve\u013emi&hellip;<\/p>\n","protected":false},"author":1,"featured_media":1967,"comment_status":"open","ping_status":"closed","sticky":false,"template":"","format":"standard","meta":{"_eb_attr":"","_monsterinsights_skip_tracking":false,"_monsterinsights_sitenote_active":false,"_monsterinsights_sitenote_note":"","_monsterinsights_sitenote_category":0,"footnotes":""},"categories":[4],"tags":[],"yoast_head":"<!-- This site is optimized with the Yoast SEO plugin v23.4 - https:\/\/yoast.com\/wordpress\/plugins\/seo\/ -->\n<title>Blackburn Rovers - Everton 3:0 - Official Czech &amp; Slovak Everton Supporters&#039; Club<\/title>\n<meta name=\"robots\" content=\"index, follow, max-snippet:-1, max-image-preview:large, max-video-preview:-1\" \/>\n<link rel=\"canonical\" href=\"https:\/\/evertonfc.cz\/index.php\/2018\/07\/28\/blackburn-rovers-everton-30\/\" \/>\n<meta property=\"og:locale\" content=\"cs_CZ\" \/>\n<meta property=\"og:type\" content=\"article\" \/>\n<meta property=\"og:title\" content=\"Blackburn Rovers - Everton 3:0 - Official Czech &amp; Slovak Everton Supporters&#039; Club\" \/>\n<meta property=\"og:description\" content=\"V\u00fdsledky v pr\u00edprave nikdy nie s\u00fa prvorad\u00e9, tento v\u0161ak \u010do to nazna\u010dil. Karamelky g\u00f3ly inkasuj\u00fa ve\u013emi \u013eahko a len ve\u013emi&hellip;\" \/>\n<meta property=\"og:url\" content=\"https:\/\/evertonfc.cz\/index.php\/2018\/07\/28\/blackburn-rovers-everton-30\/\" \/>\n<meta property=\"og:site_name\" content=\"Official Czech &amp; Slovak Everton Supporters&#039; Club\" \/>\n<meta property=\"article:publisher\" content=\"https:\/\/www.facebook.com\/everton.fans.cz.sk\" \/>\n<meta property=\"article:published_time\" content=\"2018-07-28T17:35:38+00:00\" \/>\n<meta property=\"article:modified_time\" content=\"2019-05-24T08:45:07+00:00\" \/>\n<meta property=\"og:image\" content=\"https:\/\/evertonfc.cz\/wp-content\/uploads\/2019\/01\/blackburn_28_7_2018.jpg\" \/>\n\t<meta property=\"og:image:width\" content=\"720\" \/>\n\t<meta property=\"og:image:height\" content=\"405\" \/>\n\t<meta property=\"og:image:type\" content=\"image\/jpeg\" \/>\n<meta name=\"author\" content=\"BlueBlooded\" \/>\n<meta name=\"twitter:card\" content=\"summary_large_image\" \/>\n<meta name=\"twitter:label1\" content=\"Napsal(a)\" \/>\n\t<meta name=\"twitter:data1\" content=\"BlueBlooded\" \/>\n\t<meta name=\"twitter:label2\" content=\"Odhadovan\u00e1 doba \u010dten\u00ed\" \/>\n\t<meta name=\"twitter:data2\" content=\"3 minuty\" \/>\n<script type=\"application\/ld+json\" class=\"yoast-schema-graph\">{\"@context\":\"https:\/\/schema.org\",\"@graph\":[{\"@type\":\"Article\",\"@id\":\"https:\/\/evertonfc.cz\/index.php\/2018\/07\/28\/blackburn-rovers-everton-30\/#article\",\"isPartOf\":{\"@id\":\"https:\/\/evertonfc.cz\/index.php\/2018\/07\/28\/blackburn-rovers-everton-30\/\"},\"author\":{\"name\":\"BlueBlooded\",\"@id\":\"https:\/\/evertonfc.cz\/#\/schema\/person\/d4493b8cbea51532597fbc4685698916\"},\"headline\":\"Blackburn Rovers &#8211; Everton 3:0\",\"datePublished\":\"2018-07-28T17:35:38+00:00\",\"dateModified\":\"2019-05-24T08:45:07+00:00\",\"mainEntityOfPage\":{\"@id\":\"https:\/\/evertonfc.cz\/index.php\/2018\/07\/28\/blackburn-rovers-everton-30\/\"},\"wordCount\":524,\"commentCount\":0,\"publisher\":{\"@id\":\"https:\/\/evertonfc.cz\/#organization\"},\"image\":{\"@id\":\"https:\/\/evertonfc.cz\/index.php\/2018\/07\/28\/blackburn-rovers-everton-30\/#primaryimage\"},\"thumbnailUrl\":\"https:\/\/evertonfc.cz\/wp-content\/uploads\/2019\/01\/blackburn_28_7_2018.jpg\",\"articleSection\":[\"Z\u00e1pasy\"],\"inLanguage\":\"cs\",\"potentialAction\":[{\"@type\":\"CommentAction\",\"name\":\"Comment\",\"target\":[\"https:\/\/evertonfc.cz\/index.php\/2018\/07\/28\/blackburn-rovers-everton-30\/#respond\"]}]},{\"@type\":\"WebPage\",\"@id\":\"https:\/\/evertonfc.cz\/index.php\/2018\/07\/28\/blackburn-rovers-everton-30\/\",\"url\":\"https:\/\/evertonfc.cz\/index.php\/2018\/07\/28\/blackburn-rovers-everton-30\/\",\"name\":\"Blackburn Rovers - Everton 3:0 - Official Czech &amp; Slovak Everton Supporters&#039; Club\",\"isPartOf\":{\"@id\":\"https:\/\/evertonfc.cz\/#website\"},\"primaryImageOfPage\":{\"@id\":\"https:\/\/evertonfc.cz\/index.php\/2018\/07\/28\/blackburn-rovers-everton-30\/#primaryimage\"},\"image\":{\"@id\":\"https:\/\/evertonfc.cz\/index.php\/2018\/07\/28\/blackburn-rovers-everton-30\/#primaryimage\"},\"thumbnailUrl\":\"https:\/\/evertonfc.cz\/wp-content\/uploads\/2019\/01\/blackburn_28_7_2018.jpg\",\"datePublished\":\"2018-07-28T17:35:38+00:00\",\"dateModified\":\"2019-05-24T08:45:07+00:00\",\"breadcrumb\":{\"@id\":\"https:\/\/evertonfc.cz\/index.php\/2018\/07\/28\/blackburn-rovers-everton-30\/#breadcrumb\"},\"inLanguage\":\"cs\",\"potentialAction\":[{\"@type\":\"ReadAction\",\"target\":[\"https:\/\/evertonfc.cz\/index.php\/2018\/07\/28\/blackburn-rovers-everton-30\/\"]}]},{\"@type\":\"ImageObject\",\"inLanguage\":\"cs\",\"@id\":\"https:\/\/evertonfc.cz\/index.php\/2018\/07\/28\/blackburn-rovers-everton-30\/#primaryimage\",\"url\":\"https:\/\/evertonfc.cz\/wp-content\/uploads\/2019\/01\/blackburn_28_7_2018.jpg\",\"contentUrl\":\"https:\/\/evertonfc.cz\/wp-content\/uploads\/2019\/01\/blackburn_28_7_2018.jpg\",\"width\":720,\"height\":405},{\"@type\":\"BreadcrumbList\",\"@id\":\"https:\/\/evertonfc.cz\/index.php\/2018\/07\/28\/blackburn-rovers-everton-30\/#breadcrumb\",\"itemListElement\":[{\"@type\":\"ListItem\",\"position\":1,\"name\":\"Home\",\"item\":\"https:\/\/evertonfc.cz\/\"},{\"@type\":\"ListItem\",\"position\":2,\"name\":\"Blackburn Rovers &#8211; Everton 3:0\"}]},{\"@type\":\"WebSite\",\"@id\":\"https:\/\/evertonfc.cz\/#website\",\"url\":\"https:\/\/evertonfc.cz\/\",\"name\":\"Official Czech &amp; Slovak Everton Supporters&#039; Club\",\"description\":\"\",\"publisher\":{\"@id\":\"https:\/\/evertonfc.cz\/#organization\"},\"potentialAction\":[{\"@type\":\"SearchAction\",\"target\":{\"@type\":\"EntryPoint\",\"urlTemplate\":\"https:\/\/evertonfc.cz\/?s={search_term_string}\"},\"query-input\":{\"@type\":\"PropertyValueSpecification\",\"valueRequired\":true,\"valueName\":\"search_term_string\"}}],\"inLanguage\":\"cs\"},{\"@type\":\"Organization\",\"@id\":\"https:\/\/evertonfc.cz\/#organization\",\"name\":\"Official Czech & Slovak Everton Supporters' Club\",\"url\":\"https:\/\/evertonfc.cz\/\",\"logo\":{\"@type\":\"ImageObject\",\"inLanguage\":\"cs\",\"@id\":\"https:\/\/evertonfc.cz\/#\/schema\/logo\/image\/\",\"url\":\"https:\/\/evertonfc.cz\/wp-content\/uploads\/2019\/05\/logo.png\",\"contentUrl\":\"https:\/\/evertonfc.cz\/wp-content\/uploads\/2019\/05\/logo.png\",\"width\":112,\"height\":112,\"caption\":\"Official Czech & Slovak Everton Supporters' Club\"},\"image\":{\"@id\":\"https:\/\/evertonfc.cz\/#\/schema\/logo\/image\/\"},\"sameAs\":[\"https:\/\/www.facebook.com\/everton.fans.cz.sk\"]},{\"@type\":\"Person\",\"@id\":\"https:\/\/evertonfc.cz\/#\/schema\/person\/d4493b8cbea51532597fbc4685698916\",\"name\":\"BlueBlooded\",\"url\":\"https:\/\/evertonfc.cz\/index.php\/author\/admin\/\"}]}<\/script>\n<!-- \/ Yoast SEO plugin. -->","yoast_head_json":{"title":"Blackburn Rovers - Everton 3:0 - Official Czech &amp; Slovak Everton Supporters&#039; Club","robots":{"index":"index","follow":"follow","max-snippet":"max-snippet:-1","max-image-preview":"max-image-preview:large","max-video-preview":"max-video-preview:-1"},"canonical":"https:\/\/evertonfc.cz\/index.php\/2018\/07\/28\/blackburn-rovers-everton-30\/","og_locale":"cs_CZ","og_type":"article","og_title":"Blackburn Rovers - Everton 3:0 - Official Czech &amp; Slovak Everton Supporters&#039; Club","og_description":"V\u00fdsledky v pr\u00edprave nikdy nie s\u00fa prvorad\u00e9, tento v\u0161ak \u010do to nazna\u010dil. Karamelky g\u00f3ly inkasuj\u00fa ve\u013emi \u013eahko a len ve\u013emi&hellip;","og_url":"https:\/\/evertonfc.cz\/index.php\/2018\/07\/28\/blackburn-rovers-everton-30\/","og_site_name":"Official Czech &amp; Slovak Everton Supporters&#039; Club","article_publisher":"https:\/\/www.facebook.com\/everton.fans.cz.sk","article_published_time":"2018-07-28T17:35:38+00:00","article_modified_time":"2019-05-24T08:45:07+00:00","og_image":[{"width":720,"height":405,"url":"https:\/\/evertonfc.cz\/wp-content\/uploads\/2019\/01\/blackburn_28_7_2018.jpg","type":"image\/jpeg"}],"author":"BlueBlooded","twitter_card":"summary_large_image","twitter_misc":{"Napsal(a)":"BlueBlooded","Odhadovan\u00e1 doba \u010dten\u00ed":"3 minuty"},"schema":{"@context":"https:\/\/schema.org","@graph":[{"@type":"Article","@id":"https:\/\/evertonfc.cz\/index.php\/2018\/07\/28\/blackburn-rovers-everton-30\/#article","isPartOf":{"@id":"https:\/\/evertonfc.cz\/index.php\/2018\/07\/28\/blackburn-rovers-everton-30\/"},"author":{"name":"BlueBlooded","@id":"https:\/\/evertonfc.cz\/#\/schema\/person\/d4493b8cbea51532597fbc4685698916"},"headline":"Blackburn Rovers &#8211; Everton 3:0","datePublished":"2018-07-28T17:35:38+00:00","dateModified":"2019-05-24T08:45:07+00:00","mainEntityOfPage":{"@id":"https:\/\/evertonfc.cz\/index.php\/2018\/07\/28\/blackburn-rovers-everton-30\/"},"wordCount":524,"commentCount":0,"publisher":{"@id":"https:\/\/evertonfc.cz\/#organization"},"image":{"@id":"https:\/\/evertonfc.cz\/index.php\/2018\/07\/28\/blackburn-rovers-everton-30\/#primaryimage"},"thumbnailUrl":"https:\/\/evertonfc.cz\/wp-content\/uploads\/2019\/01\/blackburn_28_7_2018.jpg","articleSection":["Z\u00e1pasy"],"inLanguage":"cs","potentialAction":[{"@type":"CommentAction","name":"Comment","target":["https:\/\/evertonfc.cz\/index.php\/2018\/07\/28\/blackburn-rovers-everton-30\/#respond"]}]},{"@type":"WebPage","@id":"https:\/\/evertonfc.cz\/index.php\/2018\/07\/28\/blackburn-rovers-everton-30\/","url":"https:\/\/evertonfc.cz\/index.php\/2018\/07\/28\/blackburn-rovers-everton-30\/","name":"Blackburn Rovers - Everton 3:0 - Official Czech &amp; Slovak Everton Supporters&#039; Club","isPartOf":{"@id":"https:\/\/evertonfc.cz\/#website"},"primaryImageOfPage":{"@id":"https:\/\/evertonfc.cz\/index.php\/2018\/07\/28\/blackburn-rovers-everton-30\/#primaryimage"},"image":{"@id":"https:\/\/evertonfc.cz\/index.php\/2018\/07\/28\/blackburn-rovers-everton-30\/#primaryimage"},"thumbnailUrl":"https:\/\/evertonfc.cz\/wp-content\/uploads\/2019\/01\/blackburn_28_7_2018.jpg","datePublished":"2018-07-28T17:35:38+00:00","dateModified":"2019-05-24T08:45:07+00:00","breadcrumb":{"@id":"https:\/\/evertonfc.cz\/index.php\/2018\/07\/28\/blackburn-rovers-everton-30\/#breadcrumb"},"inLanguage":"cs","potentialAction":[{"@type":"ReadAction","target":["https:\/\/evertonfc.cz\/index.php\/2018\/07\/28\/blackburn-rovers-everton-30\/"]}]},{"@type":"ImageObject","inLanguage":"cs","@id":"https:\/\/evertonfc.cz\/index.php\/2018\/07\/28\/blackburn-rovers-everton-30\/#primaryimage","url":"https:\/\/evertonfc.cz\/wp-content\/uploads\/2019\/01\/blackburn_28_7_2018.jpg","contentUrl":"https:\/\/evertonfc.cz\/wp-content\/uploads\/2019\/01\/blackburn_28_7_2018.jpg","width":720,"height":405},{"@type":"BreadcrumbList","@id":"https:\/\/evertonfc.cz\/index.php\/2018\/07\/28\/blackburn-rovers-everton-30\/#breadcrumb","itemListElement":[{"@type":"ListItem","position":1,"name":"Home","item":"https:\/\/evertonfc.cz\/"},{"@type":"ListItem","position":2,"name":"Blackburn Rovers &#8211; Everton 3:0"}]},{"@type":"WebSite","@id":"https:\/\/evertonfc.cz\/#website","url":"https:\/\/evertonfc.cz\/","name":"Official Czech &amp; Slovak Everton Supporters&#039; Club","description":"","publisher":{"@id":"https:\/\/evertonfc.cz\/#organization"},"potentialAction":[{"@type":"SearchAction","target":{"@type":"EntryPoint","urlTemplate":"https:\/\/evertonfc.cz\/?s={search_term_string}"},"query-input":{"@type":"PropertyValueSpecification","valueRequired":true,"valueName":"search_term_string"}}],"inLanguage":"cs"},{"@type":"Organization","@id":"https:\/\/evertonfc.cz\/#organization","name":"Official Czech & Slovak Everton Supporters' Club","url":"https:\/\/evertonfc.cz\/","logo":{"@type":"ImageObject","inLanguage":"cs","@id":"https:\/\/evertonfc.cz\/#\/schema\/logo\/image\/","url":"https:\/\/evertonfc.cz\/wp-content\/uploads\/2019\/05\/logo.png","contentUrl":"https:\/\/evertonfc.cz\/wp-content\/uploads\/2019\/05\/logo.png","width":112,"height":112,"caption":"Official Czech & Slovak Everton Supporters' Club"},"image":{"@id":"https:\/\/evertonfc.cz\/#\/schema\/logo\/image\/"},"sameAs":["https:\/\/www.facebook.com\/everton.fans.cz.sk"]},{"@type":"Person","@id":"https:\/\/evertonfc.cz\/#\/schema\/person\/d4493b8cbea51532597fbc4685698916","name":"BlueBlooded","url":"https:\/\/evertonfc.cz\/index.php\/author\/admin\/"}]}},"_links":{"self":[{"href":"https:\/\/evertonfc.cz\/index.php\/wp-json\/wp\/v2\/posts\/1983"}],"collection":[{"href":"https:\/\/evertonfc.cz\/index.php\/wp-json\/wp\/v2\/posts"}],"about":[{"href":"https:\/\/evertonfc.cz\/index.php\/wp-json\/wp\/v2\/types\/post"}],"author":[{"embeddable":true,"href":"https:\/\/evertonfc.cz\/index.php\/wp-json\/wp\/v2\/users\/1"}],"replies":[{"embeddable":true,"href":"https:\/\/evertonfc.cz\/index.php\/wp-json\/wp\/v2\/comments?post=1983"}],"version-history":[{"count":2,"href":"https:\/\/evertonfc.cz\/index.php\/wp-json\/wp\/v2\/posts\/1983\/revisions"}],"predecessor-version":[{"id":7817,"href":"https:\/\/evertonfc.cz\/index.php\/wp-json\/wp\/v2\/posts\/1983\/revisions\/7817"}],"wp:featuredmedia":[{"embeddable":true,"href":"https:\/\/evertonfc.cz\/index.php\/wp-json\/wp\/v2\/media\/1967"}],"wp:attachment":[{"href":"https:\/\/evertonfc.cz\/index.php\/wp-json\/wp\/v2\/media?parent=1983"}],"wp:term":[{"taxonomy":"category","embeddable":true,"href":"https:\/\/evertonfc.cz\/index.php\/wp-json\/wp\/v2\/categories?post=1983"},{"taxonomy":"post_tag","embeddable":true,"href":"https:\/\/evertonfc.cz\/index.php\/wp-json\/wp\/v2\/tags?post=1983"}],"curies":[{"name":"wp","href":"https:\/\/api.w.org\/{rel}","templated":true}]}}