{"id":19830,"date":"2022-09-13T19:04:59","date_gmt":"2022-09-13T17:04:59","guid":{"rendered":"https:\/\/evertonfc.cz\/?p=19830"},"modified":"2022-09-14T09:48:04","modified_gmt":"2022-09-14T07:48:04","slug":"prichazi-elise-stenevik","status":"publish","type":"post","link":"https:\/\/evertonfc.cz\/index.php\/2022\/09\/13\/prichazi-elise-stenevik\/","title":{"rendered":"P\u0159ich\u00e1z\u00ed Elise Stenevik"},"content":{"rendered":"<h4>Na\u0161e aktivita na p\u0159estupov\u00e9m trhu nepolevuje. Ze st\u0159edo\u0161v\u00e9dsk\u00e9 Eskilstuny jsme p\u0159il\u00e1kali Elise Stenevik.<\/h4>\n<p>Na\u0161e skandin\u00e1vsk\u00e1 skupina se p\u011bkn\u011b rozr\u016fst\u00e1: v minul\u00e9m t\u00fddnu byla obohacena o 22letou obr\u00e1nkyni Elise Isolde Stenevik. Tato Norka se tak stala dev\u00e1tou posilou leto\u0161n\u00edho p\u0159estupov\u00e9ho okna (a nyn\u00ed ji\u017e v\u00edme, \u017ee nikoliv posilou posledn\u00ed).<\/p>\n<p>Stenevik hraje na pozici lev\u00e9ho beka, ale je schopna velmi slu\u0161n\u011b nastoupit i na druh\u00e9 stran\u011b obrany. V letech 2020-2022 h\u00e1jila barvy \u0161v\u00e9dsk\u00e9 Eskilstuna United. Pozorn\u00ed \u010dten\u00e1\u0159i na\u0161\u00ed str\u00e1nky ji\u017e v\u011bd\u00ed, \u017ee za stejn\u00fd klub nastupovala v minulosti i Natalie Bj\u00f6rn, ale se Stenevik se v jednom klubu potkaj\u00ed a\u017e nyn\u00ed. Elise ve sv\u00e9m posledn\u00edm p\u016fsobi\u0161ti odehr\u00e1la 57 z\u00e1pas\u016f, m\u00ed\u010d do s\u00edt\u011b dopravila dvakr\u00e1t. Pravideln\u011b nastupuje i za Norskou reprezentaci , nyn\u00ed U23, kde nen\u00ed rozhodn\u011b jen do po\u010dtu.<\/p>\n<p>S Evertonem podepsala Stenevik smlouvu do roku 2024 k oboustrann\u00e9 spokojenosti. Vzhledem k tomu, \u017ee posledn\u00ed kvalitn\u00ed full back v na\u0161em t\u00fdmu byla Moe Wold\u00a0 (Turner na sklonku sv\u00e9 obdivuhodn\u00e9 kari\u00e9ry ji\u017e nem\u011bla tak konzistentn\u00ed v\u00fdkony jako ve sv\u00fdch nejlep\u0161\u00edch letech), tak o\u010dek\u00e1v\u00e1n\u00ed od mlad\u00e9 obr\u00e1nkyn\u011b jsou zna\u010dn\u00e1. V\u011b\u0159me, \u017ee v n\u00e1sleduj\u00edc\u00edch letech bude Everton klubem, kter\u00fd Elise umo\u017en\u00ed naplno uk\u00e1zat a rozvinout sv\u00e9 schopnosti. Dr\u017eme j\u00ed v tom palce. <strong><span style=\"color: #0000ff;\">Up The Toffees!<\/span><\/strong><\/p>\n<p style=\"text-align: right;\"><span style=\"font-size: 8pt;\"><em>Zdroj fotografie: https:\/\/eskilstunaunited.se\/<\/em><\/span><\/p>\n","protected":false},"excerpt":{"rendered":"<p>Na\u0161e aktivita na p\u0159estupov\u00e9m trhu nepolevuje. Ze st\u0159edo\u0161v\u00e9dsk\u00e9 Eskilstuny jsme p\u0159il\u00e1kali Elise Stenevik.<\/p>\n","protected":false},"author":26,"featured_media":19834,"comment_status":"open","ping_status":"closed","sticky":false,"template":"","format":"standard","meta":{"_eb_attr":"","_monsterinsights_skip_tracking":false,"_monsterinsights_sitenote_active":false,"_monsterinsights_sitenote_note":"","_monsterinsights_sitenote_category":0,"footnotes":""},"categories":[110],"tags":[],"yoast_head":"<!-- This site is optimized with the Yoast SEO plugin v23.4 - https:\/\/yoast.com\/wordpress\/plugins\/seo\/ -->\n<title>P\u0159ich\u00e1z\u00ed Elise Stenevik - Official Czech &amp; Slovak Everton Supporters&#039; Club<\/title>\n<meta name=\"robots\" content=\"index, follow, max-snippet:-1, max-image-preview:large, max-video-preview:-1\" \/>\n<link rel=\"canonical\" href=\"https:\/\/evertonfc.cz\/index.php\/2022\/09\/13\/prichazi-elise-stenevik\/\" \/>\n<meta property=\"og:locale\" content=\"cs_CZ\" \/>\n<meta property=\"og:type\" content=\"article\" \/>\n<meta property=\"og:title\" content=\"P\u0159ich\u00e1z\u00ed Elise Stenevik - Official Czech &amp; Slovak Everton Supporters&#039; Club\" \/>\n<meta property=\"og:description\" content=\"Na\u0161e aktivita na p\u0159estupov\u00e9m trhu nepolevuje. Ze st\u0159edo\u0161v\u00e9dsk\u00e9 Eskilstuny jsme p\u0159il\u00e1kali Elise Stenevik.\" \/>\n<meta property=\"og:url\" content=\"https:\/\/evertonfc.cz\/index.php\/2022\/09\/13\/prichazi-elise-stenevik\/\" \/>\n<meta property=\"og:site_name\" content=\"Official Czech &amp; Slovak Everton Supporters&#039; Club\" \/>\n<meta property=\"article:publisher\" content=\"https:\/\/www.facebook.com\/everton.fans.cz.sk\" \/>\n<meta property=\"article:published_time\" content=\"2022-09-13T17:04:59+00:00\" \/>\n<meta property=\"article:modified_time\" content=\"2022-09-14T07:48:04+00:00\" \/>\n<meta property=\"og:image\" content=\"https:\/\/evertonfc.cz\/wp-content\/uploads\/2022\/09\/Stenevik-web-13_09_2022.jpg\" \/>\n\t<meta property=\"og:image:width\" content=\"720\" \/>\n\t<meta property=\"og:image:height\" content=\"405\" \/>\n\t<meta property=\"og:image:type\" content=\"image\/jpeg\" \/>\n<meta name=\"author\" content=\"Karamela\" \/>\n<meta name=\"twitter:card\" content=\"summary_large_image\" \/>\n<meta name=\"twitter:label1\" content=\"Napsal(a)\" \/>\n\t<meta name=\"twitter:data1\" content=\"Karamela\" \/>\n\t<meta name=\"twitter:label2\" content=\"Odhadovan\u00e1 doba \u010dten\u00ed\" \/>\n\t<meta name=\"twitter:data2\" content=\"2 minuty\" \/>\n<script type=\"application\/ld+json\" class=\"yoast-schema-graph\">{\"@context\":\"https:\/\/schema.org\",\"@graph\":[{\"@type\":\"Article\",\"@id\":\"https:\/\/evertonfc.cz\/index.php\/2022\/09\/13\/prichazi-elise-stenevik\/#article\",\"isPartOf\":{\"@id\":\"https:\/\/evertonfc.cz\/index.php\/2022\/09\/13\/prichazi-elise-stenevik\/\"},\"author\":{\"name\":\"Karamela\",\"@id\":\"https:\/\/evertonfc.cz\/#\/schema\/person\/e9a24a80a32efa1344dd2c4e5882185c\"},\"headline\":\"P\u0159ich\u00e1z\u00ed Elise Stenevik\",\"datePublished\":\"2022-09-13T17:04:59+00:00\",\"dateModified\":\"2022-09-14T07:48:04+00:00\",\"mainEntityOfPage\":{\"@id\":\"https:\/\/evertonfc.cz\/index.php\/2022\/09\/13\/prichazi-elise-stenevik\/\"},\"wordCount\":264,\"commentCount\":0,\"publisher\":{\"@id\":\"https:\/\/evertonfc.cz\/#organization\"},\"image\":{\"@id\":\"https:\/\/evertonfc.cz\/index.php\/2022\/09\/13\/prichazi-elise-stenevik\/#primaryimage\"},\"thumbnailUrl\":\"https:\/\/evertonfc.cz\/wp-content\/uploads\/2022\/09\/Stenevik-web-13_09_2022.jpg\",\"articleSection\":[\"Everton Women\"],\"inLanguage\":\"cs\",\"potentialAction\":[{\"@type\":\"CommentAction\",\"name\":\"Comment\",\"target\":[\"https:\/\/evertonfc.cz\/index.php\/2022\/09\/13\/prichazi-elise-stenevik\/#respond\"]}]},{\"@type\":\"WebPage\",\"@id\":\"https:\/\/evertonfc.cz\/index.php\/2022\/09\/13\/prichazi-elise-stenevik\/\",\"url\":\"https:\/\/evertonfc.cz\/index.php\/2022\/09\/13\/prichazi-elise-stenevik\/\",\"name\":\"P\u0159ich\u00e1z\u00ed Elise Stenevik - Official Czech &amp; Slovak Everton Supporters&#039; Club\",\"isPartOf\":{\"@id\":\"https:\/\/evertonfc.cz\/#website\"},\"primaryImageOfPage\":{\"@id\":\"https:\/\/evertonfc.cz\/index.php\/2022\/09\/13\/prichazi-elise-stenevik\/#primaryimage\"},\"image\":{\"@id\":\"https:\/\/evertonfc.cz\/index.php\/2022\/09\/13\/prichazi-elise-stenevik\/#primaryimage\"},\"thumbnailUrl\":\"https:\/\/evertonfc.cz\/wp-content\/uploads\/2022\/09\/Stenevik-web-13_09_2022.jpg\",\"datePublished\":\"2022-09-13T17:04:59+00:00\",\"dateModified\":\"2022-09-14T07:48:04+00:00\",\"breadcrumb\":{\"@id\":\"https:\/\/evertonfc.cz\/index.php\/2022\/09\/13\/prichazi-elise-stenevik\/#breadcrumb\"},\"inLanguage\":\"cs\",\"potentialAction\":[{\"@type\":\"ReadAction\",\"target\":[\"https:\/\/evertonfc.cz\/index.php\/2022\/09\/13\/prichazi-elise-stenevik\/\"]}]},{\"@type\":\"ImageObject\",\"inLanguage\":\"cs\",\"@id\":\"https:\/\/evertonfc.cz\/index.php\/2022\/09\/13\/prichazi-elise-stenevik\/#primaryimage\",\"url\":\"https:\/\/evertonfc.cz\/wp-content\/uploads\/2022\/09\/Stenevik-web-13_09_2022.jpg\",\"contentUrl\":\"https:\/\/evertonfc.cz\/wp-content\/uploads\/2022\/09\/Stenevik-web-13_09_2022.jpg\",\"width\":720,\"height\":405},{\"@type\":\"BreadcrumbList\",\"@id\":\"https:\/\/evertonfc.cz\/index.php\/2022\/09\/13\/prichazi-elise-stenevik\/#breadcrumb\",\"itemListElement\":[{\"@type\":\"ListItem\",\"position\":1,\"name\":\"Home\",\"item\":\"https:\/\/evertonfc.cz\/\"},{\"@type\":\"ListItem\",\"position\":2,\"name\":\"P\u0159ich\u00e1z\u00ed Elise Stenevik\"}]},{\"@type\":\"WebSite\",\"@id\":\"https:\/\/evertonfc.cz\/#website\",\"url\":\"https:\/\/evertonfc.cz\/\",\"name\":\"Official Czech &amp; Slovak Everton Supporters&#039; Club\",\"description\":\"\",\"publisher\":{\"@id\":\"https:\/\/evertonfc.cz\/#organization\"},\"potentialAction\":[{\"@type\":\"SearchAction\",\"target\":{\"@type\":\"EntryPoint\",\"urlTemplate\":\"https:\/\/evertonfc.cz\/?s={search_term_string}\"},\"query-input\":{\"@type\":\"PropertyValueSpecification\",\"valueRequired\":true,\"valueName\":\"search_term_string\"}}],\"inLanguage\":\"cs\"},{\"@type\":\"Organization\",\"@id\":\"https:\/\/evertonfc.cz\/#organization\",\"name\":\"Official Czech & Slovak Everton Supporters' Club\",\"url\":\"https:\/\/evertonfc.cz\/\",\"logo\":{\"@type\":\"ImageObject\",\"inLanguage\":\"cs\",\"@id\":\"https:\/\/evertonfc.cz\/#\/schema\/logo\/image\/\",\"url\":\"https:\/\/evertonfc.cz\/wp-content\/uploads\/2019\/05\/logo.png\",\"contentUrl\":\"https:\/\/evertonfc.cz\/wp-content\/uploads\/2019\/05\/logo.png\",\"width\":112,\"height\":112,\"caption\":\"Official Czech & Slovak Everton Supporters' Club\"},\"image\":{\"@id\":\"https:\/\/evertonfc.cz\/#\/schema\/logo\/image\/\"},\"sameAs\":[\"https:\/\/www.facebook.com\/everton.fans.cz.sk\"]},{\"@type\":\"Person\",\"@id\":\"https:\/\/evertonfc.cz\/#\/schema\/person\/e9a24a80a32efa1344dd2c4e5882185c\",\"name\":\"Karamela\",\"url\":\"https:\/\/evertonfc.cz\/index.php\/author\/karamela\/\"}]}<\/script>\n<!-- \/ Yoast SEO plugin. -->","yoast_head_json":{"title":"P\u0159ich\u00e1z\u00ed Elise Stenevik - Official Czech &amp; Slovak Everton Supporters&#039; Club","robots":{"index":"index","follow":"follow","max-snippet":"max-snippet:-1","max-image-preview":"max-image-preview:large","max-video-preview":"max-video-preview:-1"},"canonical":"https:\/\/evertonfc.cz\/index.php\/2022\/09\/13\/prichazi-elise-stenevik\/","og_locale":"cs_CZ","og_type":"article","og_title":"P\u0159ich\u00e1z\u00ed Elise Stenevik - Official Czech &amp; Slovak Everton Supporters&#039; Club","og_description":"Na\u0161e aktivita na p\u0159estupov\u00e9m trhu nepolevuje. Ze st\u0159edo\u0161v\u00e9dsk\u00e9 Eskilstuny jsme p\u0159il\u00e1kali Elise Stenevik.","og_url":"https:\/\/evertonfc.cz\/index.php\/2022\/09\/13\/prichazi-elise-stenevik\/","og_site_name":"Official Czech &amp; Slovak Everton Supporters&#039; Club","article_publisher":"https:\/\/www.facebook.com\/everton.fans.cz.sk","article_published_time":"2022-09-13T17:04:59+00:00","article_modified_time":"2022-09-14T07:48:04+00:00","og_image":[{"width":720,"height":405,"url":"https:\/\/evertonfc.cz\/wp-content\/uploads\/2022\/09\/Stenevik-web-13_09_2022.jpg","type":"image\/jpeg"}],"author":"Karamela","twitter_card":"summary_large_image","twitter_misc":{"Napsal(a)":"Karamela","Odhadovan\u00e1 doba \u010dten\u00ed":"2 minuty"},"schema":{"@context":"https:\/\/schema.org","@graph":[{"@type":"Article","@id":"https:\/\/evertonfc.cz\/index.php\/2022\/09\/13\/prichazi-elise-stenevik\/#article","isPartOf":{"@id":"https:\/\/evertonfc.cz\/index.php\/2022\/09\/13\/prichazi-elise-stenevik\/"},"author":{"name":"Karamela","@id":"https:\/\/evertonfc.cz\/#\/schema\/person\/e9a24a80a32efa1344dd2c4e5882185c"},"headline":"P\u0159ich\u00e1z\u00ed Elise Stenevik","datePublished":"2022-09-13T17:04:59+00:00","dateModified":"2022-09-14T07:48:04+00:00","mainEntityOfPage":{"@id":"https:\/\/evertonfc.cz\/index.php\/2022\/09\/13\/prichazi-elise-stenevik\/"},"wordCount":264,"commentCount":0,"publisher":{"@id":"https:\/\/evertonfc.cz\/#organization"},"image":{"@id":"https:\/\/evertonfc.cz\/index.php\/2022\/09\/13\/prichazi-elise-stenevik\/#primaryimage"},"thumbnailUrl":"https:\/\/evertonfc.cz\/wp-content\/uploads\/2022\/09\/Stenevik-web-13_09_2022.jpg","articleSection":["Everton Women"],"inLanguage":"cs","potentialAction":[{"@type":"CommentAction","name":"Comment","target":["https:\/\/evertonfc.cz\/index.php\/2022\/09\/13\/prichazi-elise-stenevik\/#respond"]}]},{"@type":"WebPage","@id":"https:\/\/evertonfc.cz\/index.php\/2022\/09\/13\/prichazi-elise-stenevik\/","url":"https:\/\/evertonfc.cz\/index.php\/2022\/09\/13\/prichazi-elise-stenevik\/","name":"P\u0159ich\u00e1z\u00ed Elise Stenevik - Official Czech &amp; Slovak Everton Supporters&#039; Club","isPartOf":{"@id":"https:\/\/evertonfc.cz\/#website"},"primaryImageOfPage":{"@id":"https:\/\/evertonfc.cz\/index.php\/2022\/09\/13\/prichazi-elise-stenevik\/#primaryimage"},"image":{"@id":"https:\/\/evertonfc.cz\/index.php\/2022\/09\/13\/prichazi-elise-stenevik\/#primaryimage"},"thumbnailUrl":"https:\/\/evertonfc.cz\/wp-content\/uploads\/2022\/09\/Stenevik-web-13_09_2022.jpg","datePublished":"2022-09-13T17:04:59+00:00","dateModified":"2022-09-14T07:48:04+00:00","breadcrumb":{"@id":"https:\/\/evertonfc.cz\/index.php\/2022\/09\/13\/prichazi-elise-stenevik\/#breadcrumb"},"inLanguage":"cs","potentialAction":[{"@type":"ReadAction","target":["https:\/\/evertonfc.cz\/index.php\/2022\/09\/13\/prichazi-elise-stenevik\/"]}]},{"@type":"ImageObject","inLanguage":"cs","@id":"https:\/\/evertonfc.cz\/index.php\/2022\/09\/13\/prichazi-elise-stenevik\/#primaryimage","url":"https:\/\/evertonfc.cz\/wp-content\/uploads\/2022\/09\/Stenevik-web-13_09_2022.jpg","contentUrl":"https:\/\/evertonfc.cz\/wp-content\/uploads\/2022\/09\/Stenevik-web-13_09_2022.jpg","width":720,"height":405},{"@type":"BreadcrumbList","@id":"https:\/\/evertonfc.cz\/index.php\/2022\/09\/13\/prichazi-elise-stenevik\/#breadcrumb","itemListElement":[{"@type":"ListItem","position":1,"name":"Home","item":"https:\/\/evertonfc.cz\/"},{"@type":"ListItem","position":2,"name":"P\u0159ich\u00e1z\u00ed Elise Stenevik"}]},{"@type":"WebSite","@id":"https:\/\/evertonfc.cz\/#website","url":"https:\/\/evertonfc.cz\/","name":"Official Czech &amp; Slovak Everton Supporters&#039; Club","description":"","publisher":{"@id":"https:\/\/evertonfc.cz\/#organization"},"potentialAction":[{"@type":"SearchAction","target":{"@type":"EntryPoint","urlTemplate":"https:\/\/evertonfc.cz\/?s={search_term_string}"},"query-input":{"@type":"PropertyValueSpecification","valueRequired":true,"valueName":"search_term_string"}}],"inLanguage":"cs"},{"@type":"Organization","@id":"https:\/\/evertonfc.cz\/#organization","name":"Official Czech & Slovak Everton Supporters' Club","url":"https:\/\/evertonfc.cz\/","logo":{"@type":"ImageObject","inLanguage":"cs","@id":"https:\/\/evertonfc.cz\/#\/schema\/logo\/image\/","url":"https:\/\/evertonfc.cz\/wp-content\/uploads\/2019\/05\/logo.png","contentUrl":"https:\/\/evertonfc.cz\/wp-content\/uploads\/2019\/05\/logo.png","width":112,"height":112,"caption":"Official Czech & Slovak Everton Supporters' Club"},"image":{"@id":"https:\/\/evertonfc.cz\/#\/schema\/logo\/image\/"},"sameAs":["https:\/\/www.facebook.com\/everton.fans.cz.sk"]},{"@type":"Person","@id":"https:\/\/evertonfc.cz\/#\/schema\/person\/e9a24a80a32efa1344dd2c4e5882185c","name":"Karamela","url":"https:\/\/evertonfc.cz\/index.php\/author\/karamela\/"}]}},"_links":{"self":[{"href":"https:\/\/evertonfc.cz\/index.php\/wp-json\/wp\/v2\/posts\/19830"}],"collection":[{"href":"https:\/\/evertonfc.cz\/index.php\/wp-json\/wp\/v2\/posts"}],"about":[{"href":"https:\/\/evertonfc.cz\/index.php\/wp-json\/wp\/v2\/types\/post"}],"author":[{"embeddable":true,"href":"https:\/\/evertonfc.cz\/index.php\/wp-json\/wp\/v2\/users\/26"}],"replies":[{"embeddable":true,"href":"https:\/\/evertonfc.cz\/index.php\/wp-json\/wp\/v2\/comments?post=19830"}],"version-history":[{"count":6,"href":"https:\/\/evertonfc.cz\/index.php\/wp-json\/wp\/v2\/posts\/19830\/revisions"}],"predecessor-version":[{"id":19855,"href":"https:\/\/evertonfc.cz\/index.php\/wp-json\/wp\/v2\/posts\/19830\/revisions\/19855"}],"wp:featuredmedia":[{"embeddable":true,"href":"https:\/\/evertonfc.cz\/index.php\/wp-json\/wp\/v2\/media\/19834"}],"wp:attachment":[{"href":"https:\/\/evertonfc.cz\/index.php\/wp-json\/wp\/v2\/media?parent=19830"}],"wp:term":[{"taxonomy":"category","embeddable":true,"href":"https:\/\/evertonfc.cz\/index.php\/wp-json\/wp\/v2\/categories?post=19830"},{"taxonomy":"post_tag","embeddable":true,"href":"https:\/\/evertonfc.cz\/index.php\/wp-json\/wp\/v2\/tags?post=19830"}],"curies":[{"name":"wp","href":"https:\/\/api.w.org\/{rel}","templated":true}]}}