{"id":19836,"date":"2022-09-13T21:07:43","date_gmt":"2022-09-13T19:07:43","guid":{"rendered":"https:\/\/evertonfc.cz\/?p=19836"},"modified":"2022-09-14T09:49:33","modified_gmt":"2022-09-14T07:49:33","slug":"prichazi-giovana-queiroz-costa","status":"publish","type":"post","link":"https:\/\/evertonfc.cz\/index.php\/2022\/09\/13\/prichazi-giovana-queiroz-costa\/","title":{"rendered":"P\u0159ich\u00e1z\u00ed Giovana Queiroz Costa"},"content":{"rendered":"<h4>Des\u00e1t\u00fdm leto\u0161n\u00edm p\u0159\u00edr\u016fstkem do \u0159ad Everton Women se stala k\u0159\u00eddelnice Giovana Queiroz Costa.<\/h4>\n<p><span style=\"color: #000000;\">Devaten\u00e1ctilet\u00e1 roda\u010dka ze<\/span> <span style=\"color: #000000;\">\u00a0S\u00e3o Paulo se na Merseyside dostala oklikou p\u0159es Madrid, Barcelonu a Arsenal. Do lond\u00fdnsk\u00e9ho klubu p\u0159estoupila letos v l\u00e9t\u011b a promptn\u011b byla zap\u016fj\u010dena k n\u00e1m na ro\u010dn\u00ed hostov\u00e1n\u00ed.\u00a0<\/span><\/p>\n<p>P\u0159es sv\u016fj mlad\u00fd v\u011bk byl jej\u00ed vstup do sv\u011bta velk\u00e9ho fotbalu pom\u011brn\u011b impozantn\u00ed: Za Levante nastoupila poprv\u00e9 jako st\u0159\u00eddaj\u00edc\u00ed do kvalifika\u010dn\u00edho z\u00e1pasu Champions League proti Celticu a ve stejn\u00e9 sout\u011b\u017ei\u00a0 zaznamenala i sv\u016fj prvn\u00ed g\u00f3l (respektive hned dva) v prodlou\u017een\u00ed fin\u00e1le prvn\u00edho kola kvalifikace proti norsk\u00e9mu Rosenborgu. Jej\u00ed mezin\u00e1rodn\u00ed reprezenta\u010dn\u00ed kari\u00e9ra je pon\u011bkud divok\u00e1. Postupn\u011b reprezentovala Spojen st\u00e1ty, \u0160pan\u011blsko a nakonec i Braz\u00edlii, za kterou odehr\u00e1la jednak olympijsk\u00fd turnaj 2020 a jednak \u017eenskou Copa Am\u00e9rica 2022. Byla povol\u00e1na do reprezentace i na sv\u011btov\u00fd \u0161ampion\u00e1t\u00a0 U20 v Kostarice 2022, ale nakonec byla z t\u00fdmu sta\u017eena. A nen\u00ed jist\u011b n\u00e1hodou, \u017ee v roce 2021 byla ocen\u011bna \u017eenskou variantou ceny Samba Gold ur\u010denou pro nejlep\u0161\u00ed brazilskou fotbalistku hraj\u00edc\u00ed v Evrop\u011b.<\/p>\n<p>Hostov\u00e1n\u00edm Gio kon\u010d\u00ed p\u0159\u00edchod posil v tomto p\u0159estupov\u00e9m okn\u011b. Deset hr\u00e1\u010dek je dle m\u00e9ho n\u00e1zoru celkem dost, jejich za\u010dlen\u011bn\u00ed do t\u00fdmu as nebude \u00fapln\u011b jednoduch\u00e1 z\u00e1le\u017eitost. Na druhou stranu m\u00e1 nyn\u00ed S\u00f8rensen snad dostatek mo\u017enost\u00ed pro r\u016fzn\u00e9 taktick\u00e9 a hern\u00ed varianty. Je v\u0161ak t\u0159eba m\u00edt na pam\u011bti, \u017ee\u00a0 v \u0159ad\u011b p\u0159\u00edpad\u016f se jedn\u00e1 o mlad\u00e9 nebo velmi mlad\u00e9 hr\u00e1\u010dky, kter\u00e9 sv\u016fj potenci\u00e1l (snad) naplno uplatn\u00ed a\u017e v budoucnosti (a je ot\u00e1zkou, zda to bude v barv\u00e1ch Evertonu). Tak\u017ee leto\u0161n\u00ed sez\u00f3na m\u016f\u017ee b\u00fdt celkem fanou\u0161kovsky n\u00e1ro\u010dn\u00e1.\u00a0 <span style=\"color: #000000;\">V ka\u017ed\u00e9m p\u0159\u00edpad\u011b:<\/span><strong><span style=\"color: #0000ff;\"> Up The Toffees!<\/span><\/strong><\/p>\n<p style=\"text-align: right;\"><span style=\"font-size: 10pt;\"><em>Zdroj fotografie: https:\/\/trend.cema4.onl\/<\/em><\/span><\/p>\n","protected":false},"excerpt":{"rendered":"<p>Des\u00e1t\u00fdm leto\u0161n\u00edm p\u0159\u00edr\u016fstkem do \u0159ad Everton Women se stala k\u0159\u00eddelnice Giovana Queiroz Costa.<\/p>\n","protected":false},"author":26,"featured_media":19849,"comment_status":"open","ping_status":"closed","sticky":false,"template":"","format":"standard","meta":{"_eb_attr":"","_monsterinsights_skip_tracking":false,"_monsterinsights_sitenote_active":false,"_monsterinsights_sitenote_note":"","_monsterinsights_sitenote_category":0,"footnotes":""},"categories":[110],"tags":[],"yoast_head":"<!-- This site is optimized with the Yoast SEO plugin v23.4 - https:\/\/yoast.com\/wordpress\/plugins\/seo\/ -->\n<title>P\u0159ich\u00e1z\u00ed Giovana Queiroz Costa - Official Czech &amp; Slovak Everton Supporters&#039; Club<\/title>\n<meta name=\"robots\" content=\"index, follow, max-snippet:-1, max-image-preview:large, max-video-preview:-1\" \/>\n<link rel=\"canonical\" href=\"https:\/\/evertonfc.cz\/index.php\/2022\/09\/13\/prichazi-giovana-queiroz-costa\/\" \/>\n<meta property=\"og:locale\" content=\"cs_CZ\" \/>\n<meta property=\"og:type\" content=\"article\" \/>\n<meta property=\"og:title\" content=\"P\u0159ich\u00e1z\u00ed Giovana Queiroz Costa - Official Czech &amp; Slovak Everton Supporters&#039; Club\" \/>\n<meta property=\"og:description\" content=\"Des\u00e1t\u00fdm leto\u0161n\u00edm p\u0159\u00edr\u016fstkem do \u0159ad Everton Women se stala k\u0159\u00eddelnice Giovana Queiroz Costa.\" \/>\n<meta property=\"og:url\" content=\"https:\/\/evertonfc.cz\/index.php\/2022\/09\/13\/prichazi-giovana-queiroz-costa\/\" \/>\n<meta property=\"og:site_name\" content=\"Official Czech &amp; Slovak Everton Supporters&#039; Club\" \/>\n<meta property=\"article:publisher\" content=\"https:\/\/www.facebook.com\/everton.fans.cz.sk\" \/>\n<meta property=\"article:published_time\" content=\"2022-09-13T19:07:43+00:00\" \/>\n<meta property=\"article:modified_time\" content=\"2022-09-14T07:49:33+00:00\" \/>\n<meta property=\"og:image\" content=\"https:\/\/evertonfc.cz\/wp-content\/uploads\/2022\/09\/Gio-web-13_9_2022.jpg\" \/>\n\t<meta property=\"og:image:width\" content=\"720\" \/>\n\t<meta property=\"og:image:height\" content=\"405\" \/>\n\t<meta property=\"og:image:type\" content=\"image\/jpeg\" \/>\n<meta name=\"author\" content=\"Karamela\" \/>\n<meta name=\"twitter:card\" content=\"summary_large_image\" \/>\n<meta name=\"twitter:label1\" content=\"Napsal(a)\" \/>\n\t<meta name=\"twitter:data1\" content=\"Karamela\" \/>\n\t<meta name=\"twitter:label2\" content=\"Odhadovan\u00e1 doba \u010dten\u00ed\" \/>\n\t<meta name=\"twitter:data2\" content=\"2 minuty\" \/>\n<script type=\"application\/ld+json\" class=\"yoast-schema-graph\">{\"@context\":\"https:\/\/schema.org\",\"@graph\":[{\"@type\":\"Article\",\"@id\":\"https:\/\/evertonfc.cz\/index.php\/2022\/09\/13\/prichazi-giovana-queiroz-costa\/#article\",\"isPartOf\":{\"@id\":\"https:\/\/evertonfc.cz\/index.php\/2022\/09\/13\/prichazi-giovana-queiroz-costa\/\"},\"author\":{\"name\":\"Karamela\",\"@id\":\"https:\/\/evertonfc.cz\/#\/schema\/person\/e9a24a80a32efa1344dd2c4e5882185c\"},\"headline\":\"P\u0159ich\u00e1z\u00ed Giovana Queiroz Costa\",\"datePublished\":\"2022-09-13T19:07:43+00:00\",\"dateModified\":\"2022-09-14T07:49:33+00:00\",\"mainEntityOfPage\":{\"@id\":\"https:\/\/evertonfc.cz\/index.php\/2022\/09\/13\/prichazi-giovana-queiroz-costa\/\"},\"wordCount\":353,\"commentCount\":0,\"publisher\":{\"@id\":\"https:\/\/evertonfc.cz\/#organization\"},\"image\":{\"@id\":\"https:\/\/evertonfc.cz\/index.php\/2022\/09\/13\/prichazi-giovana-queiroz-costa\/#primaryimage\"},\"thumbnailUrl\":\"https:\/\/evertonfc.cz\/wp-content\/uploads\/2022\/09\/Gio-web-13_9_2022.jpg\",\"articleSection\":[\"Everton Women\"],\"inLanguage\":\"cs\",\"potentialAction\":[{\"@type\":\"CommentAction\",\"name\":\"Comment\",\"target\":[\"https:\/\/evertonfc.cz\/index.php\/2022\/09\/13\/prichazi-giovana-queiroz-costa\/#respond\"]}]},{\"@type\":\"WebPage\",\"@id\":\"https:\/\/evertonfc.cz\/index.php\/2022\/09\/13\/prichazi-giovana-queiroz-costa\/\",\"url\":\"https:\/\/evertonfc.cz\/index.php\/2022\/09\/13\/prichazi-giovana-queiroz-costa\/\",\"name\":\"P\u0159ich\u00e1z\u00ed Giovana Queiroz Costa - Official Czech &amp; Slovak Everton Supporters&#039; Club\",\"isPartOf\":{\"@id\":\"https:\/\/evertonfc.cz\/#website\"},\"primaryImageOfPage\":{\"@id\":\"https:\/\/evertonfc.cz\/index.php\/2022\/09\/13\/prichazi-giovana-queiroz-costa\/#primaryimage\"},\"image\":{\"@id\":\"https:\/\/evertonfc.cz\/index.php\/2022\/09\/13\/prichazi-giovana-queiroz-costa\/#primaryimage\"},\"thumbnailUrl\":\"https:\/\/evertonfc.cz\/wp-content\/uploads\/2022\/09\/Gio-web-13_9_2022.jpg\",\"datePublished\":\"2022-09-13T19:07:43+00:00\",\"dateModified\":\"2022-09-14T07:49:33+00:00\",\"breadcrumb\":{\"@id\":\"https:\/\/evertonfc.cz\/index.php\/2022\/09\/13\/prichazi-giovana-queiroz-costa\/#breadcrumb\"},\"inLanguage\":\"cs\",\"potentialAction\":[{\"@type\":\"ReadAction\",\"target\":[\"https:\/\/evertonfc.cz\/index.php\/2022\/09\/13\/prichazi-giovana-queiroz-costa\/\"]}]},{\"@type\":\"ImageObject\",\"inLanguage\":\"cs\",\"@id\":\"https:\/\/evertonfc.cz\/index.php\/2022\/09\/13\/prichazi-giovana-queiroz-costa\/#primaryimage\",\"url\":\"https:\/\/evertonfc.cz\/wp-content\/uploads\/2022\/09\/Gio-web-13_9_2022.jpg\",\"contentUrl\":\"https:\/\/evertonfc.cz\/wp-content\/uploads\/2022\/09\/Gio-web-13_9_2022.jpg\",\"width\":720,\"height\":405},{\"@type\":\"BreadcrumbList\",\"@id\":\"https:\/\/evertonfc.cz\/index.php\/2022\/09\/13\/prichazi-giovana-queiroz-costa\/#breadcrumb\",\"itemListElement\":[{\"@type\":\"ListItem\",\"position\":1,\"name\":\"Home\",\"item\":\"https:\/\/evertonfc.cz\/\"},{\"@type\":\"ListItem\",\"position\":2,\"name\":\"P\u0159ich\u00e1z\u00ed Giovana Queiroz Costa\"}]},{\"@type\":\"WebSite\",\"@id\":\"https:\/\/evertonfc.cz\/#website\",\"url\":\"https:\/\/evertonfc.cz\/\",\"name\":\"Official Czech &amp; Slovak Everton Supporters&#039; Club\",\"description\":\"\",\"publisher\":{\"@id\":\"https:\/\/evertonfc.cz\/#organization\"},\"potentialAction\":[{\"@type\":\"SearchAction\",\"target\":{\"@type\":\"EntryPoint\",\"urlTemplate\":\"https:\/\/evertonfc.cz\/?s={search_term_string}\"},\"query-input\":{\"@type\":\"PropertyValueSpecification\",\"valueRequired\":true,\"valueName\":\"search_term_string\"}}],\"inLanguage\":\"cs\"},{\"@type\":\"Organization\",\"@id\":\"https:\/\/evertonfc.cz\/#organization\",\"name\":\"Official Czech & Slovak Everton Supporters' Club\",\"url\":\"https:\/\/evertonfc.cz\/\",\"logo\":{\"@type\":\"ImageObject\",\"inLanguage\":\"cs\",\"@id\":\"https:\/\/evertonfc.cz\/#\/schema\/logo\/image\/\",\"url\":\"https:\/\/evertonfc.cz\/wp-content\/uploads\/2019\/05\/logo.png\",\"contentUrl\":\"https:\/\/evertonfc.cz\/wp-content\/uploads\/2019\/05\/logo.png\",\"width\":112,\"height\":112,\"caption\":\"Official Czech & Slovak Everton Supporters' Club\"},\"image\":{\"@id\":\"https:\/\/evertonfc.cz\/#\/schema\/logo\/image\/\"},\"sameAs\":[\"https:\/\/www.facebook.com\/everton.fans.cz.sk\"]},{\"@type\":\"Person\",\"@id\":\"https:\/\/evertonfc.cz\/#\/schema\/person\/e9a24a80a32efa1344dd2c4e5882185c\",\"name\":\"Karamela\",\"url\":\"https:\/\/evertonfc.cz\/index.php\/author\/karamela\/\"}]}<\/script>\n<!-- \/ Yoast SEO plugin. -->","yoast_head_json":{"title":"P\u0159ich\u00e1z\u00ed Giovana Queiroz Costa - Official Czech &amp; Slovak Everton Supporters&#039; Club","robots":{"index":"index","follow":"follow","max-snippet":"max-snippet:-1","max-image-preview":"max-image-preview:large","max-video-preview":"max-video-preview:-1"},"canonical":"https:\/\/evertonfc.cz\/index.php\/2022\/09\/13\/prichazi-giovana-queiroz-costa\/","og_locale":"cs_CZ","og_type":"article","og_title":"P\u0159ich\u00e1z\u00ed Giovana Queiroz Costa - Official Czech &amp; Slovak Everton Supporters&#039; Club","og_description":"Des\u00e1t\u00fdm leto\u0161n\u00edm p\u0159\u00edr\u016fstkem do \u0159ad Everton Women se stala k\u0159\u00eddelnice Giovana Queiroz Costa.","og_url":"https:\/\/evertonfc.cz\/index.php\/2022\/09\/13\/prichazi-giovana-queiroz-costa\/","og_site_name":"Official Czech &amp; Slovak Everton Supporters&#039; Club","article_publisher":"https:\/\/www.facebook.com\/everton.fans.cz.sk","article_published_time":"2022-09-13T19:07:43+00:00","article_modified_time":"2022-09-14T07:49:33+00:00","og_image":[{"width":720,"height":405,"url":"https:\/\/evertonfc.cz\/wp-content\/uploads\/2022\/09\/Gio-web-13_9_2022.jpg","type":"image\/jpeg"}],"author":"Karamela","twitter_card":"summary_large_image","twitter_misc":{"Napsal(a)":"Karamela","Odhadovan\u00e1 doba \u010dten\u00ed":"2 minuty"},"schema":{"@context":"https:\/\/schema.org","@graph":[{"@type":"Article","@id":"https:\/\/evertonfc.cz\/index.php\/2022\/09\/13\/prichazi-giovana-queiroz-costa\/#article","isPartOf":{"@id":"https:\/\/evertonfc.cz\/index.php\/2022\/09\/13\/prichazi-giovana-queiroz-costa\/"},"author":{"name":"Karamela","@id":"https:\/\/evertonfc.cz\/#\/schema\/person\/e9a24a80a32efa1344dd2c4e5882185c"},"headline":"P\u0159ich\u00e1z\u00ed Giovana Queiroz Costa","datePublished":"2022-09-13T19:07:43+00:00","dateModified":"2022-09-14T07:49:33+00:00","mainEntityOfPage":{"@id":"https:\/\/evertonfc.cz\/index.php\/2022\/09\/13\/prichazi-giovana-queiroz-costa\/"},"wordCount":353,"commentCount":0,"publisher":{"@id":"https:\/\/evertonfc.cz\/#organization"},"image":{"@id":"https:\/\/evertonfc.cz\/index.php\/2022\/09\/13\/prichazi-giovana-queiroz-costa\/#primaryimage"},"thumbnailUrl":"https:\/\/evertonfc.cz\/wp-content\/uploads\/2022\/09\/Gio-web-13_9_2022.jpg","articleSection":["Everton Women"],"inLanguage":"cs","potentialAction":[{"@type":"CommentAction","name":"Comment","target":["https:\/\/evertonfc.cz\/index.php\/2022\/09\/13\/prichazi-giovana-queiroz-costa\/#respond"]}]},{"@type":"WebPage","@id":"https:\/\/evertonfc.cz\/index.php\/2022\/09\/13\/prichazi-giovana-queiroz-costa\/","url":"https:\/\/evertonfc.cz\/index.php\/2022\/09\/13\/prichazi-giovana-queiroz-costa\/","name":"P\u0159ich\u00e1z\u00ed Giovana Queiroz Costa - Official Czech &amp; Slovak Everton Supporters&#039; Club","isPartOf":{"@id":"https:\/\/evertonfc.cz\/#website"},"primaryImageOfPage":{"@id":"https:\/\/evertonfc.cz\/index.php\/2022\/09\/13\/prichazi-giovana-queiroz-costa\/#primaryimage"},"image":{"@id":"https:\/\/evertonfc.cz\/index.php\/2022\/09\/13\/prichazi-giovana-queiroz-costa\/#primaryimage"},"thumbnailUrl":"https:\/\/evertonfc.cz\/wp-content\/uploads\/2022\/09\/Gio-web-13_9_2022.jpg","datePublished":"2022-09-13T19:07:43+00:00","dateModified":"2022-09-14T07:49:33+00:00","breadcrumb":{"@id":"https:\/\/evertonfc.cz\/index.php\/2022\/09\/13\/prichazi-giovana-queiroz-costa\/#breadcrumb"},"inLanguage":"cs","potentialAction":[{"@type":"ReadAction","target":["https:\/\/evertonfc.cz\/index.php\/2022\/09\/13\/prichazi-giovana-queiroz-costa\/"]}]},{"@type":"ImageObject","inLanguage":"cs","@id":"https:\/\/evertonfc.cz\/index.php\/2022\/09\/13\/prichazi-giovana-queiroz-costa\/#primaryimage","url":"https:\/\/evertonfc.cz\/wp-content\/uploads\/2022\/09\/Gio-web-13_9_2022.jpg","contentUrl":"https:\/\/evertonfc.cz\/wp-content\/uploads\/2022\/09\/Gio-web-13_9_2022.jpg","width":720,"height":405},{"@type":"BreadcrumbList","@id":"https:\/\/evertonfc.cz\/index.php\/2022\/09\/13\/prichazi-giovana-queiroz-costa\/#breadcrumb","itemListElement":[{"@type":"ListItem","position":1,"name":"Home","item":"https:\/\/evertonfc.cz\/"},{"@type":"ListItem","position":2,"name":"P\u0159ich\u00e1z\u00ed Giovana Queiroz Costa"}]},{"@type":"WebSite","@id":"https:\/\/evertonfc.cz\/#website","url":"https:\/\/evertonfc.cz\/","name":"Official Czech &amp; Slovak Everton Supporters&#039; Club","description":"","publisher":{"@id":"https:\/\/evertonfc.cz\/#organization"},"potentialAction":[{"@type":"SearchAction","target":{"@type":"EntryPoint","urlTemplate":"https:\/\/evertonfc.cz\/?s={search_term_string}"},"query-input":{"@type":"PropertyValueSpecification","valueRequired":true,"valueName":"search_term_string"}}],"inLanguage":"cs"},{"@type":"Organization","@id":"https:\/\/evertonfc.cz\/#organization","name":"Official Czech & Slovak Everton Supporters' Club","url":"https:\/\/evertonfc.cz\/","logo":{"@type":"ImageObject","inLanguage":"cs","@id":"https:\/\/evertonfc.cz\/#\/schema\/logo\/image\/","url":"https:\/\/evertonfc.cz\/wp-content\/uploads\/2019\/05\/logo.png","contentUrl":"https:\/\/evertonfc.cz\/wp-content\/uploads\/2019\/05\/logo.png","width":112,"height":112,"caption":"Official Czech & Slovak Everton Supporters' Club"},"image":{"@id":"https:\/\/evertonfc.cz\/#\/schema\/logo\/image\/"},"sameAs":["https:\/\/www.facebook.com\/everton.fans.cz.sk"]},{"@type":"Person","@id":"https:\/\/evertonfc.cz\/#\/schema\/person\/e9a24a80a32efa1344dd2c4e5882185c","name":"Karamela","url":"https:\/\/evertonfc.cz\/index.php\/author\/karamela\/"}]}},"_links":{"self":[{"href":"https:\/\/evertonfc.cz\/index.php\/wp-json\/wp\/v2\/posts\/19836"}],"collection":[{"href":"https:\/\/evertonfc.cz\/index.php\/wp-json\/wp\/v2\/posts"}],"about":[{"href":"https:\/\/evertonfc.cz\/index.php\/wp-json\/wp\/v2\/types\/post"}],"author":[{"embeddable":true,"href":"https:\/\/evertonfc.cz\/index.php\/wp-json\/wp\/v2\/users\/26"}],"replies":[{"embeddable":true,"href":"https:\/\/evertonfc.cz\/index.php\/wp-json\/wp\/v2\/comments?post=19836"}],"version-history":[{"count":6,"href":"https:\/\/evertonfc.cz\/index.php\/wp-json\/wp\/v2\/posts\/19836\/revisions"}],"predecessor-version":[{"id":19857,"href":"https:\/\/evertonfc.cz\/index.php\/wp-json\/wp\/v2\/posts\/19836\/revisions\/19857"}],"wp:featuredmedia":[{"embeddable":true,"href":"https:\/\/evertonfc.cz\/index.php\/wp-json\/wp\/v2\/media\/19849"}],"wp:attachment":[{"href":"https:\/\/evertonfc.cz\/index.php\/wp-json\/wp\/v2\/media?parent=19836"}],"wp:term":[{"taxonomy":"category","embeddable":true,"href":"https:\/\/evertonfc.cz\/index.php\/wp-json\/wp\/v2\/categories?post=19836"},{"taxonomy":"post_tag","embeddable":true,"href":"https:\/\/evertonfc.cz\/index.php\/wp-json\/wp\/v2\/tags?post=19836"}],"curies":[{"name":"wp","href":"https:\/\/api.w.org\/{rel}","templated":true}]}}