{"id":19860,"date":"2022-09-17T17:27:11","date_gmt":"2022-09-17T15:27:11","guid":{"rendered":"https:\/\/evertonfc.cz\/?p=19860"},"modified":"2022-09-18T09:45:47","modified_gmt":"2022-09-18T07:45:47","slug":"preview-everton-west-ham-united-11","status":"publish","type":"post","link":"https:\/\/evertonfc.cz\/index.php\/2022\/09\/17\/preview-everton-west-ham-united-11\/","title":{"rendered":"Preview: Everton &#8211; West Ham United"},"content":{"rendered":"<h4>Po \u00favodn\u00edch \u0161esti kolech nezakusil Everton radost z pln\u00e9ho bodov\u00e9ho zisku. Je \u010das n\u011bco ud\u011blat se \u010dty\u0159mi body a postaven\u00edm na chvostu tabulky. Proti bude WHU, kter\u00fd je na tom v \u00favodu sez\u00f3ny velmi podobn\u011b.<\/h4>\n<p>Ned\u011bln\u00ed duel slibuje vyrovnanou pod\u00edvanou, jak napov\u00eddaj\u00ed nap\u0159\u00edklad v\u00fdsledky ned\u00e1vn\u00fdch st\u0159etnut\u00ed \u010di dosavadn\u00ed bodov\u00fd zisk obou t\u00fdm\u016f. V posledn\u00edch \u010dty\u0159ech ligov\u00fdch z\u00e1pasech se hr\u00e1lo rozd\u00edlem jednoho g\u00f3lu, bohu\u017eel t\u0159ikr\u00e1t z toho vyhr\u00e1li na\u0161i ned\u011bln\u00ed soupe\u0159i z v\u00fdchodn\u00edho Lond\u00fdna. Toffees za sebou aktu\u00e1ln\u011b maj\u00ed \u010dty\u0159i ligov\u00e9 rem\u00edzy v \u0159ad\u011b, nicm\u00e9n\u011b i kv\u016fli dob\u0159e zvl\u00e1dnut\u00e9mu derby proti Reds v posledn\u00edm z\u00e1pase se n\u00e1lada m\u00edrn\u011b zlep\u0161uje a v\u00fdkony t\u00fdmu vypadaj\u00ed velice slibn\u011b. Sv\u011b\u0159enci Davida Moyese maj\u00ed po vyhran\u00e9m \u010dtvrte\u010dn\u00edm z\u00e1pase Evropsk\u00e9 konferen\u010dn\u00ed ligy jist\u011b o d\u016fvod v\u00edce k radosti, ale pouh\u00e9 \u010dty\u0159i ligov\u00e9 body rozhodn\u011b nejsou ni\u010d\u00edm, na co by mohli b\u00fdt hr\u00e1\u010di a fanou\u0161ci ambici\u00f3zn\u00edho klubu py\u0161n\u00ed.<\/p>\n<h4>Posledn\u00ed z\u00e1pasy s Kladiv\u00e1\u0159i<\/h4>\n<table class=\"matches\" style=\"width: 749px;\" cellspacing=\"0\" cellpadding=\"0\">\n<tbody>\n<tr>\n<td class=\"date\" style=\"width: 127px;\">09.05.2021<\/td>\n<td class=\"comp\" style=\"width: 168px;\">Premier League<\/td>\n<td class=\"stage\" style=\"width: 101px;\">\u00a035. kolo<\/td>\n<td class=\"teams\" style=\"width: 304px;\">\n<div class=\"fl\">West Ham United &#8211;\u00a0<b>Everton FC<\/b><\/div>\n<\/td>\n<td class=\"res nbr\" style=\"width: 49px;\"><a href=\"https:\/\/evertonfc.cz\/index.php\/2021\/05\/09\/west-ham-united-everton-01\/\">0:1<\/a><\/td>\n<\/tr>\n<tr>\n<td class=\"date\" style=\"width: 127px;\">17.10.2021<\/td>\n<td class=\"comp\" style=\"width: 168px;\">Premier League<\/td>\n<td class=\"stage\" style=\"width: 101px;\">\u00a08. kolo<\/td>\n<td class=\"teams\" style=\"width: 304px;\">\n<div class=\"fl\">Everton FC &#8211;\u00a0<b>West Ham United<\/b><\/div>\n<\/td>\n<td class=\"res nbr\" style=\"width: 49px;\"><a href=\"https:\/\/evertonfc.cz\/index.php\/2021\/10\/18\/everton-west-ham-united-01\/\">0:1<\/a><\/td>\n<\/tr>\n<tr class=\"last\">\n<td class=\"date\" style=\"width: 127px;\">03.04.2022<\/td>\n<td class=\"comp\" style=\"width: 168px;\">Premier League<\/td>\n<td class=\"stage\" style=\"width: 101px;\">\u00a031. kolo<\/td>\n<td class=\"teams\" style=\"width: 304px;\">\n<div class=\"fl\"><b>West Ham United<\/b>\u00a0&#8211; Everton FC<\/div>\n<\/td>\n<td class=\"res nbr\" style=\"width: 49px;\"><a href=\"https:\/\/evertonfc.cz\/index.php\/2022\/04\/04\/west-ham-everton-21\/\">2:1<\/a><\/td>\n<\/tr>\n<\/tbody>\n<\/table>\n<h4>O sestav\u011b, o zran\u011bn\u00edch&#8230;<\/h4>\n<p>Pokud mluv\u00edme o indisponovan\u00fdch hr\u00e1\u010d\u00edch, na prvn\u00edm m\u00edst\u011b mus\u00edme zm\u00ednit na\u0161i neot\u0159esitelnou jedni\u010dku Jordana Pickforda, kter\u00fd si v 241. Merseyside derby poranil stehno a bude na 2-3 t\u00fddny mimo hru. Jako velmi spolehliv\u00e1 dvojka se v\u0161ak v posledn\u00ed sez\u00f3n\u011b uk\u00e1zal b\u00fdt zku\u0161en\u00fd Asmir Begovi\u010d, kter\u00e9mu bude kr\u00fdt z\u00e1da je\u0161t\u011b zku\u0161en\u011bj\u0161\u00ed Eldin Jakupovi\u010d. Mimo hru z\u016fst\u00e1vaj\u00ed bezpe\u010dn\u011b Mason Holgate (koleno), Yerri Mina (kotn\u00edk), Ben Godfrey (zlomen\u00e1 l\u00fdtkov\u00e1 kost) a Andros Townsend (p\u0159edn\u00ed zk\u0159\u00ed\u017een\u00fd vaz). Naopak Doucour\u00e9 dol\u00e9\u010dil probl\u00e9my s podkolenn\u00ed \u0161lachou a m\u011bl by b\u00fdt p\u0159ipraven. Stejn\u011b tak by m\u011bl b\u00fdt schopen hr\u00e1t i Garner, kter\u00fd si po p\u0159estupu z Manchesteru Utd je\u0161t\u011b nestihl p\u0159ipsat sv\u016fj debut za Karamelky. Velk\u00fdm otazn\u00edkem z\u016fst\u00e1v\u00e1 start Calverta-Lewina, kter\u00fd se u\u017e sice naplno zapojil do tr\u00e9ninku minul\u00fd t\u00fdden, ale po vlekl\u00e9m zran\u011bn\u00ed kolena jist\u011b je\u0161t\u011b nebude zp\u011bt v pln\u00e9 kondici.<\/p>\n<p>Co se t\u00fdk\u00e1 sestavy host\u00ed, zde nem\u00e1 David Moyes moc negativn\u00edch starost\u00ed, mimo hru budou pouze Nayef Aguerd a Ben Johnson. V posledn\u00edm z\u00e1pase proti Chelsea, kter\u00e9 Kladiv\u00e1\u0159i prohr\u00e1li 2:1, nastoupili v rozestaven\u00ed 3-4-1-2 a proti favoritovi hr\u00e1li velmi dob\u0159e. Je dost mo\u017en\u00e9, \u017ee v ned\u011bln\u00edm z\u00e1pase uvid\u00edme stejnou formaci.<\/p>\n<h4>N\u011bkolik zaj\u00edmavost\u00ed<\/h4>\n<ul>\n<li>P\u011bt po sob\u011b jdouc\u00edch ligov\u00fdch rem\u00edz uhr\u00e1l Everton naposledy p\u0159ed 45 lety<\/li>\n<li>Nevyhr\u00e1t v \u00favodn\u00edch sedmi ligov\u00fdch z\u00e1pasech se n\u00e1m &#8222;poda\u0159ilo&#8220; naposledy v roce 1994<\/li>\n<li>West Ham zaznamenal proti Tofees v posledn\u00ed sez\u00f3n\u011b double, v posledn\u00edch dvou sez\u00f3n\u00e1ch vyloupil Goodison Park v\u017edy pom\u011brem 0:1. Dal\u0161\u00ed v\u00fdhra by znamenala, \u017ee v\u016fbec poprv\u00e9 vyhraj\u00ed trojici ligov\u00fdch z\u00e1pas\u016f venku proti Evertonu<\/li>\n<li>St\u0159elce hledaj\u00ed v aktu\u00e1ln\u00edm ligov\u00e9m ro\u010dn\u00edku oba t\u00fdmy. Zat\u00edmco hr\u00e1\u010di Evertonu sk\u00f3rovali v dosavadn\u00edch \u0161esti z\u00e1pasech pouze \u010dty\u0159ikr\u00e1t, Kladiv\u00e1\u0159i jsou na tom je\u0161t\u011b o g\u00f3l h\u016f\u0159e<\/li>\n<\/ul>\n<p style=\"text-align: center;\"><span style=\"font-size: 14pt; color: #0000ff;\"><strong>Up the Toffees !!<\/strong><\/span><\/p>\n<p><strong>Co: <\/strong>\u00a0Everton FC &#8211; West Ham United, 8.kolo Premier League<br \/>\n<strong>Kdy: <\/strong>ned\u011ble 19.z\u00e1\u0159\u00ed 2022 v 15:15<br \/>\n<strong>Kde: <\/strong>The Grand Old Lady (kapacita: 39\u00a0572)<br \/>\n<strong>TV:\u00a0<\/strong>P\u0159\u00edm\u00fd p\u0159enos na stanici Canal+ Sport<br \/>\n<strong>Rozhod\u010d\u00ed: <\/strong>Michael Oliver\u00a0 <strong>Asistenti: <\/strong>Stuart Burt, Simon Bennett<br \/>\n<strong>VAR: <\/strong>Mike Dean\u00a0\u00a0<strong>Asistent VAR<\/strong>: Dan Cook<\/p>\n","protected":false},"excerpt":{"rendered":"<p>Po \u00favodn\u00edch \u0161esti kolech nezakusil Everton radost z pln\u00e9ho bodov\u00e9ho zisku. Se \u010dty\u0159mi body a postaven\u00edm na chvostu tabulky je \u010das s t\u00edm n\u011bco ud\u011blat. Proti budou WHU, kte\u0159\u00ed jsou na tom v \u00favodu sez\u00f3ny velmi podobn\u011b.\u00a0<\/p>\n","protected":false},"author":562,"featured_media":13403,"comment_status":"open","ping_status":"closed","sticky":false,"template":"","format":"standard","meta":{"_eb_attr":"","_monsterinsights_skip_tracking":false,"_monsterinsights_sitenote_active":false,"_monsterinsights_sitenote_note":"","_monsterinsights_sitenote_category":0,"footnotes":""},"categories":[4],"tags":[],"yoast_head":"<!-- This site is optimized with the Yoast SEO plugin v23.4 - https:\/\/yoast.com\/wordpress\/plugins\/seo\/ -->\n<title>Preview: Everton - West Ham United - Official Czech &amp; Slovak Everton Supporters&#039; Club<\/title>\n<meta name=\"robots\" content=\"index, follow, max-snippet:-1, max-image-preview:large, max-video-preview:-1\" \/>\n<link rel=\"canonical\" href=\"https:\/\/evertonfc.cz\/index.php\/2022\/09\/17\/preview-everton-west-ham-united-11\/\" \/>\n<meta property=\"og:locale\" content=\"cs_CZ\" \/>\n<meta property=\"og:type\" content=\"article\" \/>\n<meta property=\"og:title\" content=\"Preview: Everton - West Ham United - Official Czech &amp; Slovak Everton Supporters&#039; Club\" \/>\n<meta property=\"og:description\" content=\"Po \u00favodn\u00edch \u0161esti kolech nezakusil Everton radost z pln\u00e9ho bodov\u00e9ho zisku. Se \u010dty\u0159mi body a postaven\u00edm na chvostu tabulky je \u010das s t\u00edm n\u011bco ud\u011blat. Proti budou WHU, kte\u0159\u00ed jsou na tom v \u00favodu sez\u00f3ny velmi podobn\u011b.\u00a0\" \/>\n<meta property=\"og:url\" content=\"https:\/\/evertonfc.cz\/index.php\/2022\/09\/17\/preview-everton-west-ham-united-11\/\" \/>\n<meta property=\"og:site_name\" content=\"Official Czech &amp; Slovak Everton Supporters&#039; Club\" \/>\n<meta property=\"article:publisher\" content=\"https:\/\/www.facebook.com\/everton.fans.cz.sk\" \/>\n<meta property=\"article:published_time\" content=\"2022-09-17T15:27:11+00:00\" \/>\n<meta property=\"article:modified_time\" content=\"2022-09-18T07:45:47+00:00\" \/>\n<meta property=\"og:image\" content=\"https:\/\/evertonfc.cz\/wp-content\/uploads\/2021\/01\/Everton-VS-West-Ham.jpg\" \/>\n\t<meta property=\"og:image:width\" content=\"720\" \/>\n\t<meta property=\"og:image:height\" content=\"405\" \/>\n\t<meta property=\"og:image:type\" content=\"image\/jpeg\" \/>\n<meta name=\"author\" content=\"Petr\" \/>\n<meta name=\"twitter:card\" content=\"summary_large_image\" \/>\n<meta name=\"twitter:label1\" content=\"Napsal(a)\" \/>\n\t<meta name=\"twitter:data1\" content=\"Petr\" \/>\n\t<meta name=\"twitter:label2\" content=\"Odhadovan\u00e1 doba \u010dten\u00ed\" \/>\n\t<meta name=\"twitter:data2\" content=\"3 minuty\" \/>\n<script type=\"application\/ld+json\" class=\"yoast-schema-graph\">{\"@context\":\"https:\/\/schema.org\",\"@graph\":[{\"@type\":\"Article\",\"@id\":\"https:\/\/evertonfc.cz\/index.php\/2022\/09\/17\/preview-everton-west-ham-united-11\/#article\",\"isPartOf\":{\"@id\":\"https:\/\/evertonfc.cz\/index.php\/2022\/09\/17\/preview-everton-west-ham-united-11\/\"},\"author\":{\"name\":\"Petr\",\"@id\":\"https:\/\/evertonfc.cz\/#\/schema\/person\/5b54d20cd919070efc6fd6f92621fc50\"},\"headline\":\"Preview: Everton &#8211; West Ham United\",\"datePublished\":\"2022-09-17T15:27:11+00:00\",\"dateModified\":\"2022-09-18T07:45:47+00:00\",\"mainEntityOfPage\":{\"@id\":\"https:\/\/evertonfc.cz\/index.php\/2022\/09\/17\/preview-everton-west-ham-united-11\/\"},\"wordCount\":672,\"commentCount\":4,\"publisher\":{\"@id\":\"https:\/\/evertonfc.cz\/#organization\"},\"image\":{\"@id\":\"https:\/\/evertonfc.cz\/index.php\/2022\/09\/17\/preview-everton-west-ham-united-11\/#primaryimage\"},\"thumbnailUrl\":\"https:\/\/evertonfc.cz\/wp-content\/uploads\/2021\/01\/Everton-VS-West-Ham.jpg\",\"articleSection\":[\"Z\u00e1pasy\"],\"inLanguage\":\"cs\",\"potentialAction\":[{\"@type\":\"CommentAction\",\"name\":\"Comment\",\"target\":[\"https:\/\/evertonfc.cz\/index.php\/2022\/09\/17\/preview-everton-west-ham-united-11\/#respond\"]}]},{\"@type\":\"WebPage\",\"@id\":\"https:\/\/evertonfc.cz\/index.php\/2022\/09\/17\/preview-everton-west-ham-united-11\/\",\"url\":\"https:\/\/evertonfc.cz\/index.php\/2022\/09\/17\/preview-everton-west-ham-united-11\/\",\"name\":\"Preview: Everton - West Ham United - Official Czech &amp; Slovak Everton Supporters&#039; Club\",\"isPartOf\":{\"@id\":\"https:\/\/evertonfc.cz\/#website\"},\"primaryImageOfPage\":{\"@id\":\"https:\/\/evertonfc.cz\/index.php\/2022\/09\/17\/preview-everton-west-ham-united-11\/#primaryimage\"},\"image\":{\"@id\":\"https:\/\/evertonfc.cz\/index.php\/2022\/09\/17\/preview-everton-west-ham-united-11\/#primaryimage\"},\"thumbnailUrl\":\"https:\/\/evertonfc.cz\/wp-content\/uploads\/2021\/01\/Everton-VS-West-Ham.jpg\",\"datePublished\":\"2022-09-17T15:27:11+00:00\",\"dateModified\":\"2022-09-18T07:45:47+00:00\",\"breadcrumb\":{\"@id\":\"https:\/\/evertonfc.cz\/index.php\/2022\/09\/17\/preview-everton-west-ham-united-11\/#breadcrumb\"},\"inLanguage\":\"cs\",\"potentialAction\":[{\"@type\":\"ReadAction\",\"target\":[\"https:\/\/evertonfc.cz\/index.php\/2022\/09\/17\/preview-everton-west-ham-united-11\/\"]}]},{\"@type\":\"ImageObject\",\"inLanguage\":\"cs\",\"@id\":\"https:\/\/evertonfc.cz\/index.php\/2022\/09\/17\/preview-everton-west-ham-united-11\/#primaryimage\",\"url\":\"https:\/\/evertonfc.cz\/wp-content\/uploads\/2021\/01\/Everton-VS-West-Ham.jpg\",\"contentUrl\":\"https:\/\/evertonfc.cz\/wp-content\/uploads\/2021\/01\/Everton-VS-West-Ham.jpg\",\"width\":720,\"height\":405},{\"@type\":\"BreadcrumbList\",\"@id\":\"https:\/\/evertonfc.cz\/index.php\/2022\/09\/17\/preview-everton-west-ham-united-11\/#breadcrumb\",\"itemListElement\":[{\"@type\":\"ListItem\",\"position\":1,\"name\":\"Home\",\"item\":\"https:\/\/evertonfc.cz\/\"},{\"@type\":\"ListItem\",\"position\":2,\"name\":\"Preview: Everton &#8211; West Ham United\"}]},{\"@type\":\"WebSite\",\"@id\":\"https:\/\/evertonfc.cz\/#website\",\"url\":\"https:\/\/evertonfc.cz\/\",\"name\":\"Official Czech &amp; Slovak Everton Supporters&#039; Club\",\"description\":\"\",\"publisher\":{\"@id\":\"https:\/\/evertonfc.cz\/#organization\"},\"potentialAction\":[{\"@type\":\"SearchAction\",\"target\":{\"@type\":\"EntryPoint\",\"urlTemplate\":\"https:\/\/evertonfc.cz\/?s={search_term_string}\"},\"query-input\":{\"@type\":\"PropertyValueSpecification\",\"valueRequired\":true,\"valueName\":\"search_term_string\"}}],\"inLanguage\":\"cs\"},{\"@type\":\"Organization\",\"@id\":\"https:\/\/evertonfc.cz\/#organization\",\"name\":\"Official Czech & Slovak Everton Supporters' Club\",\"url\":\"https:\/\/evertonfc.cz\/\",\"logo\":{\"@type\":\"ImageObject\",\"inLanguage\":\"cs\",\"@id\":\"https:\/\/evertonfc.cz\/#\/schema\/logo\/image\/\",\"url\":\"https:\/\/evertonfc.cz\/wp-content\/uploads\/2019\/05\/logo.png\",\"contentUrl\":\"https:\/\/evertonfc.cz\/wp-content\/uploads\/2019\/05\/logo.png\",\"width\":112,\"height\":112,\"caption\":\"Official Czech & Slovak Everton Supporters' Club\"},\"image\":{\"@id\":\"https:\/\/evertonfc.cz\/#\/schema\/logo\/image\/\"},\"sameAs\":[\"https:\/\/www.facebook.com\/everton.fans.cz.sk\"]},{\"@type\":\"Person\",\"@id\":\"https:\/\/evertonfc.cz\/#\/schema\/person\/5b54d20cd919070efc6fd6f92621fc50\",\"name\":\"Petr\",\"url\":\"https:\/\/evertonfc.cz\/index.php\/author\/petr\/\"}]}<\/script>\n<!-- \/ Yoast SEO plugin. -->","yoast_head_json":{"title":"Preview: Everton - West Ham United - Official Czech &amp; Slovak Everton Supporters&#039; Club","robots":{"index":"index","follow":"follow","max-snippet":"max-snippet:-1","max-image-preview":"max-image-preview:large","max-video-preview":"max-video-preview:-1"},"canonical":"https:\/\/evertonfc.cz\/index.php\/2022\/09\/17\/preview-everton-west-ham-united-11\/","og_locale":"cs_CZ","og_type":"article","og_title":"Preview: Everton - West Ham United - Official Czech &amp; Slovak Everton Supporters&#039; Club","og_description":"Po \u00favodn\u00edch \u0161esti kolech nezakusil Everton radost z pln\u00e9ho bodov\u00e9ho zisku. Se \u010dty\u0159mi body a postaven\u00edm na chvostu tabulky je \u010das s t\u00edm n\u011bco ud\u011blat. Proti budou WHU, kte\u0159\u00ed jsou na tom v \u00favodu sez\u00f3ny velmi podobn\u011b.\u00a0","og_url":"https:\/\/evertonfc.cz\/index.php\/2022\/09\/17\/preview-everton-west-ham-united-11\/","og_site_name":"Official Czech &amp; Slovak Everton Supporters&#039; Club","article_publisher":"https:\/\/www.facebook.com\/everton.fans.cz.sk","article_published_time":"2022-09-17T15:27:11+00:00","article_modified_time":"2022-09-18T07:45:47+00:00","og_image":[{"width":720,"height":405,"url":"https:\/\/evertonfc.cz\/wp-content\/uploads\/2021\/01\/Everton-VS-West-Ham.jpg","type":"image\/jpeg"}],"author":"Petr","twitter_card":"summary_large_image","twitter_misc":{"Napsal(a)":"Petr","Odhadovan\u00e1 doba \u010dten\u00ed":"3 minuty"},"schema":{"@context":"https:\/\/schema.org","@graph":[{"@type":"Article","@id":"https:\/\/evertonfc.cz\/index.php\/2022\/09\/17\/preview-everton-west-ham-united-11\/#article","isPartOf":{"@id":"https:\/\/evertonfc.cz\/index.php\/2022\/09\/17\/preview-everton-west-ham-united-11\/"},"author":{"name":"Petr","@id":"https:\/\/evertonfc.cz\/#\/schema\/person\/5b54d20cd919070efc6fd6f92621fc50"},"headline":"Preview: Everton &#8211; West Ham United","datePublished":"2022-09-17T15:27:11+00:00","dateModified":"2022-09-18T07:45:47+00:00","mainEntityOfPage":{"@id":"https:\/\/evertonfc.cz\/index.php\/2022\/09\/17\/preview-everton-west-ham-united-11\/"},"wordCount":672,"commentCount":4,"publisher":{"@id":"https:\/\/evertonfc.cz\/#organization"},"image":{"@id":"https:\/\/evertonfc.cz\/index.php\/2022\/09\/17\/preview-everton-west-ham-united-11\/#primaryimage"},"thumbnailUrl":"https:\/\/evertonfc.cz\/wp-content\/uploads\/2021\/01\/Everton-VS-West-Ham.jpg","articleSection":["Z\u00e1pasy"],"inLanguage":"cs","potentialAction":[{"@type":"CommentAction","name":"Comment","target":["https:\/\/evertonfc.cz\/index.php\/2022\/09\/17\/preview-everton-west-ham-united-11\/#respond"]}]},{"@type":"WebPage","@id":"https:\/\/evertonfc.cz\/index.php\/2022\/09\/17\/preview-everton-west-ham-united-11\/","url":"https:\/\/evertonfc.cz\/index.php\/2022\/09\/17\/preview-everton-west-ham-united-11\/","name":"Preview: Everton - West Ham United - Official Czech &amp; Slovak Everton Supporters&#039; Club","isPartOf":{"@id":"https:\/\/evertonfc.cz\/#website"},"primaryImageOfPage":{"@id":"https:\/\/evertonfc.cz\/index.php\/2022\/09\/17\/preview-everton-west-ham-united-11\/#primaryimage"},"image":{"@id":"https:\/\/evertonfc.cz\/index.php\/2022\/09\/17\/preview-everton-west-ham-united-11\/#primaryimage"},"thumbnailUrl":"https:\/\/evertonfc.cz\/wp-content\/uploads\/2021\/01\/Everton-VS-West-Ham.jpg","datePublished":"2022-09-17T15:27:11+00:00","dateModified":"2022-09-18T07:45:47+00:00","breadcrumb":{"@id":"https:\/\/evertonfc.cz\/index.php\/2022\/09\/17\/preview-everton-west-ham-united-11\/#breadcrumb"},"inLanguage":"cs","potentialAction":[{"@type":"ReadAction","target":["https:\/\/evertonfc.cz\/index.php\/2022\/09\/17\/preview-everton-west-ham-united-11\/"]}]},{"@type":"ImageObject","inLanguage":"cs","@id":"https:\/\/evertonfc.cz\/index.php\/2022\/09\/17\/preview-everton-west-ham-united-11\/#primaryimage","url":"https:\/\/evertonfc.cz\/wp-content\/uploads\/2021\/01\/Everton-VS-West-Ham.jpg","contentUrl":"https:\/\/evertonfc.cz\/wp-content\/uploads\/2021\/01\/Everton-VS-West-Ham.jpg","width":720,"height":405},{"@type":"BreadcrumbList","@id":"https:\/\/evertonfc.cz\/index.php\/2022\/09\/17\/preview-everton-west-ham-united-11\/#breadcrumb","itemListElement":[{"@type":"ListItem","position":1,"name":"Home","item":"https:\/\/evertonfc.cz\/"},{"@type":"ListItem","position":2,"name":"Preview: Everton &#8211; West Ham United"}]},{"@type":"WebSite","@id":"https:\/\/evertonfc.cz\/#website","url":"https:\/\/evertonfc.cz\/","name":"Official Czech &amp; Slovak Everton Supporters&#039; Club","description":"","publisher":{"@id":"https:\/\/evertonfc.cz\/#organization"},"potentialAction":[{"@type":"SearchAction","target":{"@type":"EntryPoint","urlTemplate":"https:\/\/evertonfc.cz\/?s={search_term_string}"},"query-input":{"@type":"PropertyValueSpecification","valueRequired":true,"valueName":"search_term_string"}}],"inLanguage":"cs"},{"@type":"Organization","@id":"https:\/\/evertonfc.cz\/#organization","name":"Official Czech & Slovak Everton Supporters' Club","url":"https:\/\/evertonfc.cz\/","logo":{"@type":"ImageObject","inLanguage":"cs","@id":"https:\/\/evertonfc.cz\/#\/schema\/logo\/image\/","url":"https:\/\/evertonfc.cz\/wp-content\/uploads\/2019\/05\/logo.png","contentUrl":"https:\/\/evertonfc.cz\/wp-content\/uploads\/2019\/05\/logo.png","width":112,"height":112,"caption":"Official Czech & Slovak Everton Supporters' Club"},"image":{"@id":"https:\/\/evertonfc.cz\/#\/schema\/logo\/image\/"},"sameAs":["https:\/\/www.facebook.com\/everton.fans.cz.sk"]},{"@type":"Person","@id":"https:\/\/evertonfc.cz\/#\/schema\/person\/5b54d20cd919070efc6fd6f92621fc50","name":"Petr","url":"https:\/\/evertonfc.cz\/index.php\/author\/petr\/"}]}},"_links":{"self":[{"href":"https:\/\/evertonfc.cz\/index.php\/wp-json\/wp\/v2\/posts\/19860"}],"collection":[{"href":"https:\/\/evertonfc.cz\/index.php\/wp-json\/wp\/v2\/posts"}],"about":[{"href":"https:\/\/evertonfc.cz\/index.php\/wp-json\/wp\/v2\/types\/post"}],"author":[{"embeddable":true,"href":"https:\/\/evertonfc.cz\/index.php\/wp-json\/wp\/v2\/users\/562"}],"replies":[{"embeddable":true,"href":"https:\/\/evertonfc.cz\/index.php\/wp-json\/wp\/v2\/comments?post=19860"}],"version-history":[{"count":11,"href":"https:\/\/evertonfc.cz\/index.php\/wp-json\/wp\/v2\/posts\/19860\/revisions"}],"predecessor-version":[{"id":19872,"href":"https:\/\/evertonfc.cz\/index.php\/wp-json\/wp\/v2\/posts\/19860\/revisions\/19872"}],"wp:featuredmedia":[{"embeddable":true,"href":"https:\/\/evertonfc.cz\/index.php\/wp-json\/wp\/v2\/media\/13403"}],"wp:attachment":[{"href":"https:\/\/evertonfc.cz\/index.php\/wp-json\/wp\/v2\/media?parent=19860"}],"wp:term":[{"taxonomy":"category","embeddable":true,"href":"https:\/\/evertonfc.cz\/index.php\/wp-json\/wp\/v2\/categories?post=19860"},{"taxonomy":"post_tag","embeddable":true,"href":"https:\/\/evertonfc.cz\/index.php\/wp-json\/wp\/v2\/tags?post=19860"}],"curies":[{"name":"wp","href":"https:\/\/api.w.org\/{rel}","templated":true}]}}