{"id":19920,"date":"2022-09-24T16:23:13","date_gmt":"2022-09-24T14:23:13","guid":{"rendered":"https:\/\/evertonfc.cz\/?p=19920"},"modified":"2022-10-25T14:55:50","modified_gmt":"2022-10-25T12:55:50","slug":"uvod-do-nadzemnych-prac","status":"publish","type":"post","link":"https:\/\/evertonfc.cz\/index.php\/2022\/09\/24\/uvod-do-nadzemnych-prac\/","title":{"rendered":"\u00davod do nadzemn\u00fdch pr\u00e1c"},"content":{"rendered":"<h4>Pevn\u00e9 z\u00e1klady s\u00fa hotov\u00e9, hor sa na rozbor m\u00farov a\u00a0rohov \u0161tadi\u00f3na! Tie sa za\u010dali stava\u0165 v\u00a0decembri 2021 a\u00a0k\u00a0dne\u0161n\u00e9mu d\u0148u u\u017e stoja a\u00a0podpieraj\u00fa prv\u00e9 obrysy trib\u00fan.<\/h4>\n<p>Po polroku pr\u00e1c na mieste bud\u00faceho domova Evertonu bola postaven\u00e1 prv\u00e1 \u010das\u0165 bet\u00f3novej nadstavby nov\u00e9ho \u0161tadi\u00f3na v Bramley-Moore Dock. Klub a dod\u00e1vate\u013e udr\u017eali stabiln\u00fd pokrok od z\u00edskania pl\u00e1novacieho povolenia z mestskej rady Liverpoolu koncom febru\u00e1ra 2021, pri\u010dom pr\u00e1ce sa za\u010dali v lete, ke\u010f klub prevzal kontrolu nad miestom a razom ho premenil na piln\u00e9 stavenisko h\u00fdriace \u017eivotom.<\/p>\n<p>Obrovsk\u00e9 prefabrikovan\u00e9 bet\u00f3nov\u00e9 panely a st\u013apy in\u0161talovan\u00e9 po\u010das chladn\u00fdch decembrov\u00fdch t\u00fd\u017ed\u0148ov, tesne pred viano\u010dn\u00fdmi sviatkami, predch\u00e1dzaj\u00fa povo\u013eovac\u00edm a stavebn\u00fdm pr\u00e1cam. S\u00fa prv\u00fdmi kon\u0161truk\u010dn\u00fdmi prvkami severoz\u00e1padn\u00e9ho jadra, ktor\u00e9 bude zah\u0155\u0148a\u0165 vstupn\u00e9 turnikety na severn\u00fa trib\u00fanu a vytvor\u00ed podporu pre vstupn\u00e9 a v\u00fdstupn\u00e9 schodisko do haly. Tri dvojstenov\u00e9 sekcie a jeden kon\u0161truk\u010dn\u00fd st\u013ap, dodan\u00e9 z priekopn\u00edckeho v\u00fdrobn\u00e9ho z\u00e1vodu menom &#8222;Centrum excelentnosti pre modern\u00e9 stavebn\u00edctvo&#8220; dod\u00e1vate\u013ea Laing O\u2019Rourke, boli starostlivo umiestnen\u00e9 na jednom z prv\u00fdch dokon\u010den\u00fdch z\u00e1kladov na severnom n\u00e1bre\u017e\u00ed.<\/p>\n<h4><strong>Colin Chong, riadite\u013e Evertonu pre v\u00fdstavbu \u0161tadi\u00f3na:<\/strong><\/h4>\n<blockquote><p><span style=\"font-size: 12pt;\"><em>\u201eJe to symbol pokroku, ktor\u00fd sme doteraz dosiahli, a je to do ve\u013ekej miery vyjadrenie z\u00e1meru do bud\u00facnosti. Pred menej ako \u0161iestimi mesiacmi sme st\u00e1le zap\u013a\u0148ali dok. A teraz je tento proces dokon\u010den\u00fd. Podarilo sa n\u00e1m tie\u017e po prv\u00fdkr\u00e1t zrealizova\u0165 d\u00f4le\u017eit\u00fd m\u00ed\u013enik nadzemnej v\u00fdstavby, preto\u017ee \u010das\u0165 z\u00e1kladnej \u0161trukt\u00fary \u0161tadi\u00f3na v\u00a0podobe Severnej trib\u00fany je na mieste. Te\u0161\u00edme sa na rok 2022, kde budeme pokra\u010dova\u0165 vo v\u00fdstavbe \u0161trukt\u00fary \u0161tadi\u00f3na na severe a nakoniec v ju\u017en\u00fdch pr\u00edstavoch.\u201c<\/em><\/span><\/p><\/blockquote>\n<p>Pr\u00e1ce, postupne rozrastaj\u00face sa na v\u0161etk\u00fdch \u0161tyroch rohoch \u0161tadi\u00f3na s kapacitou 52 888 miest, onedlho pon\u00fakli prv\u00fd skuto\u010dn\u00fd poh\u013ead na rozsah tohto projektu. A ke\u010f\u017ee v\u00fdstavba vstupuje do novej f\u00e1zy, roky popredn\u00e9ho pl\u00e1novania priekopn\u00edckej \u201edigit\u00e1lnej zostavy\u201c sa \u010doskoro naplnia do fyzickej realiz\u00e1cie. \u0160tadi\u00f3n Evertonu sa toti\u017e sklad\u00e1 dohromady pomocou technologicky vyspelej met\u00f3dy zn\u00e1mej ako Design for Manufacture and Assembly (DfMA). Povieme si, \u010do to znamen\u00e1 v praxi.<\/p>\n<h4><img loading=\"lazy\" decoding=\"async\" class=\"alignnone size-full wp-image-19918\" src=\"https:\/\/evertonfc.cz\/wp-content\/uploads\/2022\/09\/MBM-2-nadzemne-prace-24-9-2022.jpg\" alt=\"\" width=\"720\" height=\"405\" srcset=\"https:\/\/evertonfc.cz\/wp-content\/uploads\/2022\/09\/MBM-2-nadzemne-prace-24-9-2022.jpg 720w, https:\/\/evertonfc.cz\/wp-content\/uploads\/2022\/09\/MBM-2-nadzemne-prace-24-9-2022-300x169.jpg 300w\" sizes=\"(max-width: 720px) 100vw, 720px\" \/><strong>Ve\u013ek\u00e1 bet\u00f3nov\u00e1 sklada\u010dka<\/strong><\/h4>\n<p>Najsk\u00f4r sa muselo vyrobi\u0165 11 000 prefabrikovan\u00fdch bet\u00f3nov\u00fdch komponentov, ktor\u00e9 bud\u00fa tvori\u0165 nadstavbu a vn\u00fatorn\u00fd ov\u00e1l nov\u00e9ho \u0161tadi\u00f3na. Mnoh\u00e9 z nich bud\u00fa poch\u00e1dza\u0165 zo \u0161pecializovanej tov\u00e1rne firmy Laing O\u2019Rourke v Nottinghamshire, ktor\u00fa sme spom\u00ednali, a bud\u00fa prevezen\u00e9 na miesto, kde sa zmontuj\u00fa pr\u00e1ve v\u010das.<\/p>\n<p>Tieto na mieru vyroben\u00e9 stavebn\u00e9 bloky dorazia na miesto vo vopred ur\u010denom porad\u00ed a efekt\u00edvne sa spoja pomocou 3D modelovania, \u010d\u00edm sa vytvoria podlahy, steny a nosn\u00e9 st\u013apy ako pr\u00edprava na oce\u013eov\u00fd skelet a murovan\u00fd pl\u00e1\u0161\u0165. Prefabrikovan\u00e9 jednotky boli digit\u00e1lne navrhnut\u00e9 tak, aby ur\u00fdchlili n\u00e1sledn\u00fa in\u0161tal\u00e1ciu elektroin\u0161tal\u00e1cie a vodoin\u0161tal\u00e1cie. Tento proces bude v priemere o 30 % r\u00fdchlej\u0161\u00ed ako tradi\u010dn\u00e1 kon\u0161trukcia.<\/p>\n<p>Prijat\u00edm modern\u00fdch stavebn\u00fdch met\u00f3d zalo\u017een\u00fdch na v\u00fdrobe mimo staveniska a d\u00f4sledn\u00fdm pl\u00e1novan\u00edm v\u00fdrobn\u00e9ho rozvrhu vopred sa technick\u00e9mu t\u00edmu Laing O\u2019Rourke podarilo pou\u017ei\u0165 pre tieto komponenty menej cementu v bet\u00f3nov\u00fdch zmesiach, a tak zn\u00ed\u017ei\u0165 celkov\u00fd obsah uhl\u00edka v budove. Pre\u010do je to d\u00f4le\u017eit\u00e9?<\/p>\n<p>Priemysel u\u017e roky zameriava svoje \u00fasilie v oblasti kl\u00edmy na zn\u00ed\u017eenie prev\u00e1dzkovej spotreby energie z osvetlenia, k\u00farenia, chladenia, teplej vody a in\u00fdch zdrojov. A urobil ve\u013ek\u00e9 pokroky pri zvy\u0161ovan\u00ed \u00fa\u010dinnosti a dod\u00e1vok obnovite\u013enej energie. S budovami v\u0161ak s\u00favis\u00ed aj \u010fal\u0161\u00ed, menej zrejm\u00fd zdroj emisi\u00ed sklen\u00edkov\u00fdch plynov. Po slovensky takzvan\u00fd \u201estelesnen\u00fd\u201c uhl\u00edk. V \u010dase, ke\u010f sa materi\u00e1ly dostan\u00fa na miesto stavby, je tento uhl\u00edk u\u017e v atmosf\u00e9re a ticho ohrieva na\u0161u plan\u00e9tu, stotinu po stotine &#8211; konkr\u00e9tne o 0.08\u00b0C ro\u010dne.<\/p>\n<h4><strong>Kl\u00edma na prvom mieste<\/strong><\/h4>\n<p>A v pr\u00edpade nov\u00fdch budov s\u00fa jeho vplyvy na kl\u00edmu takmer rovnak\u00e9 ako v pr\u00edpade prev\u00e1dzkovej energie. Stelesnen\u00fd uhl\u00edk pozost\u00e1va zo v\u0161etk\u00fdch emisi\u00ed sklen\u00edkov\u00fdch plynov spojen\u00fdch s v\u00fdstavbou budov. Vr\u00e1tane t\u00fdch, ktor\u00e9 vznikaj\u00fa pri \u0165a\u017ebe, preprave, v\u00fdrobe a in\u0161tal\u00e1cii stavebn\u00fdch materi\u00e1lov na mieste, ako aj z prev\u00e1dzkov\u00fdch emisi\u00ed a emisi\u00ed po skon\u010den\u00ed \u017eivotnosti spojen\u00fdch s t\u00fdmito materi\u00e1lmi.<\/p>\n<p>Bohu\u017eia\u013e, stelesnen\u00fd uhl\u00edk je \u0165a\u017e\u0161ie mera\u0165 a sledova\u0165 ako prev\u00e1dzkov\u00fd uhl\u00edk, ktor\u00fd sa d\u00e1 relat\u00edvne jednoducho extrapolova\u0165 z \u00fa\u010dtov za energiu. Stanovenie obsiahnut\u00e9ho uhl\u00edka v akomko\u013evek stavebnom materi\u00e1li nie je mo\u017en\u00e9 zisti\u0165 len z hotov\u00e9ho v\u00fdrobku. Vy\u017eaduje si vlastn\u00e9 pos\u00fadenie a transparentnos\u0165 procesu zo strany v\u00fdrobcu.<\/p>\n<p>Dva materi\u00e1ly m\u00f4\u017eu vyzera\u0165 identicky, st\u00e1\u0165 rovnak\u00fa sumu, fungova\u0165 pod\u013ea rovnak\u00e9ho \u0161tandardu. Ale maj\u00fa \u00faplne odli\u0161n\u00e9 stelesnen\u00e9 uhl\u00edkov\u00e9 charakteristiky. Napr\u00edklad 100-percentne recyklovan\u00fd oce\u013eov\u00fd nosn\u00edk vyroben\u00fd pomocou obnovite\u013enej energie sa m\u00f4\u017ee zda\u0165 identick\u00fd s nosn\u00edkom z prim\u00e1rnej ocele vyroben\u00fdm pomocou pece spa\u013euj\u00facej uhlie \u2013 m\u00e1 v\u0161ak v\u00fdrazne odli\u0161n\u00e9 \u00farovne stelesnen\u00e9ho uhl\u00edka.<\/p>\n<h4><img loading=\"lazy\" decoding=\"async\" class=\"alignnone size-full wp-image-19919\" src=\"https:\/\/evertonfc.cz\/wp-content\/uploads\/2022\/09\/MBM-3-nadzemne-prace-24-9-2022.jpg\" alt=\"\" width=\"720\" height=\"405\" srcset=\"https:\/\/evertonfc.cz\/wp-content\/uploads\/2022\/09\/MBM-3-nadzemne-prace-24-9-2022.jpg 720w, https:\/\/evertonfc.cz\/wp-content\/uploads\/2022\/09\/MBM-3-nadzemne-prace-24-9-2022-300x169.jpg 300w\" sizes=\"(max-width: 720px) 100vw, 720px\" \/><strong>Ben Townsley, hlavn\u00fd projektov\u00fd mana\u017e\u00e9r v Laing O\u2019Rourke:<\/strong><\/h4>\n<blockquote><p><span style=\"font-size: 12pt;\"><em>\u201eV mnoh\u00fdch oh\u013eadoch je to sk\u00f4r obrovsk\u00e1 komplexn\u00e1 zostava ne\u017e tradi\u010dn\u00e1 kon\u0161trukcia. Bet\u00f3n je nie\u010do, \u010do existuje u\u017e od r\u00edmskych \u010dias. Av\u0161ak sp\u00f4sob, ak\u00fdm ho vyr\u00e1bame, je priekopn\u00edcky. <\/em><em>V tomto pr\u00edpade s\u00fa tis\u00edce komponentov budovy prefabrikovan\u00e9 v na\u0161om v\u00fdrobnom z\u00e1vode. Tradi\u010dne by sme n\u00e1vrh bet\u00f3nov\u00e9ho r\u00e1mu dokon\u010dili mo\u017eno a\u017e koncom tohto roka. Ale v tomto pr\u00edpade sme museli navrhn\u00fa\u0165 cel\u00fd r\u00e1m ove\u013ea sk\u00f4r. V skuto\u010dnosti sme to urobili minul\u00fd rok.<\/em><\/span><\/p>\n<p><span style=\"font-size: 12pt;\"><em>Tento proces odstra\u0148uje mno\u017estvo potenci\u00e1lnych probl\u00e9mov s kvalitou a bezpe\u010dnos\u0165ou na stavenisku. Kontrolovan\u00e9 prostredie minimalizuje odpad a zlep\u0161uje udr\u017eate\u013enos\u0165. <\/em><em>Namiesto toho, aby ste potrebovali \u0165a\u017ek\u00fa pr\u00e1cu na zriadenie do\u010dasn\u00fdch pr\u00e1c na liatie bet\u00f3nu, doveziete ho a umiestnite na mont\u00e1\u017enu linku, a tak v\u00e1m na stavbe ostan\u00fa len zdv\u00edhacie a \u017eeriavov\u00e9 pr\u00e1ce na in\u0161tal\u00e1ciu jednotiek.<\/em><\/span><\/p>\n<p><span style=\"font-size: 12pt;\"><em>In\u0161tala\u010dn\u00e9 pr\u00e1ce nie s\u00fa v skuto\u010dnosti zaliate do bet\u00f3nov\u00fdch prvkov. Naopak, je potrebn\u00e9 zalia\u0165 do kon\u0161trukcie dutiny, aby bolo mo\u017en\u00e9 nain\u0161talova\u0165 rozvody a in\u0161talat\u00e9rske pr\u00e1ce. Pou\u017eit\u00edm tejto met\u00f3dy sa v\u00e1m vynoria v\u0161etky kol\u00edzie, komplik\u00e1cie a probl\u00e9my, s ktor\u00fdmi sa be\u017ene m\u00f4\u017eete stretn\u00fa\u0165, ne\u017e sa v\u00f4bec dostanete na stavenisko. To umo\u017e\u0148uje ich vyrie\u0161enie e\u0161te predt\u00fdm, ako za\u010dnete.\u201c<\/em><\/span><\/p><\/blockquote>\n<h4><strong>4 mesiace = 4 rohy<\/strong><\/h4>\n<p>Na konci marca tohto roka sa stavba kone\u010dne do\u010dkala prv\u00fdch kompletnej\u0161\u00edch kont\u00far. \u0160tvrt\u00e9 jadro, z\u00e1klad juhov\u00fdchodn\u00e9ho rohu \u0161tadi\u00f3na, bolo osaden\u00e9 prefabrikovan\u00fdmi bet\u00f3nov\u00fdmi stenami. Dev\u00e4\u0165metrov\u00e9 a dvan\u00e1s\u0165tonov\u00e9 monolity pon\u00fakali vzru\u0161uj\u00faci poh\u013ead na obrovsk\u00fa ve\u013ekos\u0165 bud\u00facej ikonickej n\u00e1bre\u017enej stavby. Nadstavba nadzemnej kon\u0161trukcie je teraz v plnom pr\u00fade na v\u0161etk\u00fdch \u0161tyroch rohoch. Za\u010dalo to jadrami na severnej trib\u00fane a potom v juhoz\u00e1padnom rohu.<\/p>\n<p>A teraz na z\u00e1ver v juhov\u00fdchodnom rohu budovy, \u010do je kone\u010dn\u00e1 f\u00e1za dv\u00edhania budovy od zeme. \u0160tyri jadr\u00e1 v podstate poskytuj\u00fa cel\u00e9mu \u0161tadi\u00f3nu ve\u013ek\u00fa stabilitu. Teraz, ke\u010f s\u00fa postaven\u00e9, sa budeme v bud\u00facej \u010dasti venova\u0165 oce\u013eov\u00fdm kon\u0161trukci\u00e1m, ktor\u00e9 sa ako prv\u00e9 za\u010dali montova\u0165 na severnej \u010dasti, spolu so \u0161tartovac\u00edmi podlo\u017eiami na v\u00fdchodnej a z\u00e1padnej trib\u00fane. Formovanie t\u00fdm naber\u00e1 r\u00fdchly sp\u00e1d.<\/p>\n<p style=\"text-align: right;\"><span style=\"font-size: 8pt;\">(fotozdroj: evertonfc.com)<\/span><\/p>\n","protected":false},"excerpt":{"rendered":"<p>Pevn\u00e9 z\u00e1klady s\u00fa hotov\u00e9, hor sa na rozbor m\u00farov a\u00a0rohov \u0161tadi\u00f3na! Tie sa za\u010dali stava\u0165 v\u00a0decembri 2021 a\u00a0k\u00a0dne\u0161n\u00e9mu d\u0148u u\u017e stoja a\u00a0podpieraj\u00fa prv\u00e9 obrysy trib\u00fan.<\/p>\n","protected":false},"author":1,"featured_media":19917,"comment_status":"open","ping_status":"closed","sticky":false,"template":"","format":"standard","meta":{"_eb_attr":"","_monsterinsights_skip_tracking":false,"_monsterinsights_sitenote_active":false,"_monsterinsights_sitenote_note":"","_monsterinsights_sitenote_category":0,"footnotes":""},"categories":[146],"tags":[],"yoast_head":"<!-- This site is optimized with the Yoast SEO plugin v23.4 - https:\/\/yoast.com\/wordpress\/plugins\/seo\/ -->\n<title>\u00davod do nadzemn\u00fdch pr\u00e1c - Official Czech &amp; Slovak Everton Supporters&#039; Club<\/title>\n<meta name=\"robots\" content=\"index, follow, max-snippet:-1, max-image-preview:large, max-video-preview:-1\" \/>\n<link rel=\"canonical\" href=\"https:\/\/evertonfc.cz\/index.php\/2022\/09\/24\/uvod-do-nadzemnych-prac\/\" \/>\n<meta property=\"og:locale\" content=\"cs_CZ\" \/>\n<meta property=\"og:type\" content=\"article\" \/>\n<meta property=\"og:title\" content=\"\u00davod do nadzemn\u00fdch pr\u00e1c - Official Czech &amp; Slovak Everton Supporters&#039; Club\" \/>\n<meta property=\"og:description\" content=\"Pevn\u00e9 z\u00e1klady s\u00fa hotov\u00e9, hor sa na rozbor m\u00farov a\u00a0rohov \u0161tadi\u00f3na! Tie sa za\u010dali stava\u0165 v\u00a0decembri 2021 a\u00a0k\u00a0dne\u0161n\u00e9mu d\u0148u u\u017e stoja a\u00a0podpieraj\u00fa prv\u00e9 obrysy trib\u00fan.\" \/>\n<meta property=\"og:url\" content=\"https:\/\/evertonfc.cz\/index.php\/2022\/09\/24\/uvod-do-nadzemnych-prac\/\" \/>\n<meta property=\"og:site_name\" content=\"Official Czech &amp; Slovak Everton Supporters&#039; Club\" \/>\n<meta property=\"article:publisher\" content=\"https:\/\/www.facebook.com\/everton.fans.cz.sk\" \/>\n<meta property=\"article:published_time\" content=\"2022-09-24T14:23:13+00:00\" \/>\n<meta property=\"article:modified_time\" content=\"2022-10-25T12:55:50+00:00\" \/>\n<meta property=\"og:image\" content=\"https:\/\/evertonfc.cz\/wp-content\/uploads\/2022\/09\/MBM-1-nadzemne-prace-24-9-2022.jpg\" \/>\n\t<meta property=\"og:image:width\" content=\"720\" \/>\n\t<meta property=\"og:image:height\" content=\"405\" \/>\n\t<meta property=\"og:image:type\" content=\"image\/jpeg\" \/>\n<meta name=\"author\" content=\"BlueBlooded\" \/>\n<meta name=\"twitter:card\" content=\"summary_large_image\" \/>\n<meta name=\"twitter:label1\" content=\"Napsal(a)\" \/>\n\t<meta name=\"twitter:data1\" content=\"BlueBlooded\" \/>\n\t<meta name=\"twitter:label2\" content=\"Odhadovan\u00e1 doba \u010dten\u00ed\" \/>\n\t<meta name=\"twitter:data2\" content=\"6 minut\" \/>\n<script type=\"application\/ld+json\" class=\"yoast-schema-graph\">{\"@context\":\"https:\/\/schema.org\",\"@graph\":[{\"@type\":\"Article\",\"@id\":\"https:\/\/evertonfc.cz\/index.php\/2022\/09\/24\/uvod-do-nadzemnych-prac\/#article\",\"isPartOf\":{\"@id\":\"https:\/\/evertonfc.cz\/index.php\/2022\/09\/24\/uvod-do-nadzemnych-prac\/\"},\"author\":{\"name\":\"BlueBlooded\",\"@id\":\"https:\/\/evertonfc.cz\/#\/schema\/person\/d4493b8cbea51532597fbc4685698916\"},\"headline\":\"\u00davod do nadzemn\u00fdch pr\u00e1c\",\"datePublished\":\"2022-09-24T14:23:13+00:00\",\"dateModified\":\"2022-10-25T12:55:50+00:00\",\"mainEntityOfPage\":{\"@id\":\"https:\/\/evertonfc.cz\/index.php\/2022\/09\/24\/uvod-do-nadzemnych-prac\/\"},\"wordCount\":1395,\"commentCount\":4,\"publisher\":{\"@id\":\"https:\/\/evertonfc.cz\/#organization\"},\"image\":{\"@id\":\"https:\/\/evertonfc.cz\/index.php\/2022\/09\/24\/uvod-do-nadzemnych-prac\/#primaryimage\"},\"thumbnailUrl\":\"https:\/\/evertonfc.cz\/wp-content\/uploads\/2022\/09\/MBM-1-nadzemne-prace-24-9-2022.jpg\",\"articleSection\":[\"Making of Bramley-Moore\"],\"inLanguage\":\"cs\",\"potentialAction\":[{\"@type\":\"CommentAction\",\"name\":\"Comment\",\"target\":[\"https:\/\/evertonfc.cz\/index.php\/2022\/09\/24\/uvod-do-nadzemnych-prac\/#respond\"]}]},{\"@type\":\"WebPage\",\"@id\":\"https:\/\/evertonfc.cz\/index.php\/2022\/09\/24\/uvod-do-nadzemnych-prac\/\",\"url\":\"https:\/\/evertonfc.cz\/index.php\/2022\/09\/24\/uvod-do-nadzemnych-prac\/\",\"name\":\"\u00davod do nadzemn\u00fdch pr\u00e1c - Official Czech &amp; Slovak Everton Supporters&#039; Club\",\"isPartOf\":{\"@id\":\"https:\/\/evertonfc.cz\/#website\"},\"primaryImageOfPage\":{\"@id\":\"https:\/\/evertonfc.cz\/index.php\/2022\/09\/24\/uvod-do-nadzemnych-prac\/#primaryimage\"},\"image\":{\"@id\":\"https:\/\/evertonfc.cz\/index.php\/2022\/09\/24\/uvod-do-nadzemnych-prac\/#primaryimage\"},\"thumbnailUrl\":\"https:\/\/evertonfc.cz\/wp-content\/uploads\/2022\/09\/MBM-1-nadzemne-prace-24-9-2022.jpg\",\"datePublished\":\"2022-09-24T14:23:13+00:00\",\"dateModified\":\"2022-10-25T12:55:50+00:00\",\"breadcrumb\":{\"@id\":\"https:\/\/evertonfc.cz\/index.php\/2022\/09\/24\/uvod-do-nadzemnych-prac\/#breadcrumb\"},\"inLanguage\":\"cs\",\"potentialAction\":[{\"@type\":\"ReadAction\",\"target\":[\"https:\/\/evertonfc.cz\/index.php\/2022\/09\/24\/uvod-do-nadzemnych-prac\/\"]}]},{\"@type\":\"ImageObject\",\"inLanguage\":\"cs\",\"@id\":\"https:\/\/evertonfc.cz\/index.php\/2022\/09\/24\/uvod-do-nadzemnych-prac\/#primaryimage\",\"url\":\"https:\/\/evertonfc.cz\/wp-content\/uploads\/2022\/09\/MBM-1-nadzemne-prace-24-9-2022.jpg\",\"contentUrl\":\"https:\/\/evertonfc.cz\/wp-content\/uploads\/2022\/09\/MBM-1-nadzemne-prace-24-9-2022.jpg\",\"width\":720,\"height\":405},{\"@type\":\"BreadcrumbList\",\"@id\":\"https:\/\/evertonfc.cz\/index.php\/2022\/09\/24\/uvod-do-nadzemnych-prac\/#breadcrumb\",\"itemListElement\":[{\"@type\":\"ListItem\",\"position\":1,\"name\":\"Home\",\"item\":\"https:\/\/evertonfc.cz\/\"},{\"@type\":\"ListItem\",\"position\":2,\"name\":\"\u00davod do nadzemn\u00fdch pr\u00e1c\"}]},{\"@type\":\"WebSite\",\"@id\":\"https:\/\/evertonfc.cz\/#website\",\"url\":\"https:\/\/evertonfc.cz\/\",\"name\":\"Official Czech &amp; Slovak Everton Supporters&#039; Club\",\"description\":\"\",\"publisher\":{\"@id\":\"https:\/\/evertonfc.cz\/#organization\"},\"potentialAction\":[{\"@type\":\"SearchAction\",\"target\":{\"@type\":\"EntryPoint\",\"urlTemplate\":\"https:\/\/evertonfc.cz\/?s={search_term_string}\"},\"query-input\":{\"@type\":\"PropertyValueSpecification\",\"valueRequired\":true,\"valueName\":\"search_term_string\"}}],\"inLanguage\":\"cs\"},{\"@type\":\"Organization\",\"@id\":\"https:\/\/evertonfc.cz\/#organization\",\"name\":\"Official Czech & Slovak Everton Supporters' Club\",\"url\":\"https:\/\/evertonfc.cz\/\",\"logo\":{\"@type\":\"ImageObject\",\"inLanguage\":\"cs\",\"@id\":\"https:\/\/evertonfc.cz\/#\/schema\/logo\/image\/\",\"url\":\"https:\/\/evertonfc.cz\/wp-content\/uploads\/2019\/05\/logo.png\",\"contentUrl\":\"https:\/\/evertonfc.cz\/wp-content\/uploads\/2019\/05\/logo.png\",\"width\":112,\"height\":112,\"caption\":\"Official Czech & Slovak Everton Supporters' Club\"},\"image\":{\"@id\":\"https:\/\/evertonfc.cz\/#\/schema\/logo\/image\/\"},\"sameAs\":[\"https:\/\/www.facebook.com\/everton.fans.cz.sk\"]},{\"@type\":\"Person\",\"@id\":\"https:\/\/evertonfc.cz\/#\/schema\/person\/d4493b8cbea51532597fbc4685698916\",\"name\":\"BlueBlooded\",\"url\":\"https:\/\/evertonfc.cz\/index.php\/author\/admin\/\"}]}<\/script>\n<!-- \/ Yoast SEO plugin. -->","yoast_head_json":{"title":"\u00davod do nadzemn\u00fdch pr\u00e1c - Official Czech &amp; Slovak Everton Supporters&#039; Club","robots":{"index":"index","follow":"follow","max-snippet":"max-snippet:-1","max-image-preview":"max-image-preview:large","max-video-preview":"max-video-preview:-1"},"canonical":"https:\/\/evertonfc.cz\/index.php\/2022\/09\/24\/uvod-do-nadzemnych-prac\/","og_locale":"cs_CZ","og_type":"article","og_title":"\u00davod do nadzemn\u00fdch pr\u00e1c - Official Czech &amp; Slovak Everton Supporters&#039; Club","og_description":"Pevn\u00e9 z\u00e1klady s\u00fa hotov\u00e9, hor sa na rozbor m\u00farov a\u00a0rohov \u0161tadi\u00f3na! Tie sa za\u010dali stava\u0165 v\u00a0decembri 2021 a\u00a0k\u00a0dne\u0161n\u00e9mu d\u0148u u\u017e stoja a\u00a0podpieraj\u00fa prv\u00e9 obrysy trib\u00fan.","og_url":"https:\/\/evertonfc.cz\/index.php\/2022\/09\/24\/uvod-do-nadzemnych-prac\/","og_site_name":"Official Czech &amp; Slovak Everton Supporters&#039; Club","article_publisher":"https:\/\/www.facebook.com\/everton.fans.cz.sk","article_published_time":"2022-09-24T14:23:13+00:00","article_modified_time":"2022-10-25T12:55:50+00:00","og_image":[{"width":720,"height":405,"url":"https:\/\/evertonfc.cz\/wp-content\/uploads\/2022\/09\/MBM-1-nadzemne-prace-24-9-2022.jpg","type":"image\/jpeg"}],"author":"BlueBlooded","twitter_card":"summary_large_image","twitter_misc":{"Napsal(a)":"BlueBlooded","Odhadovan\u00e1 doba \u010dten\u00ed":"6 minut"},"schema":{"@context":"https:\/\/schema.org","@graph":[{"@type":"Article","@id":"https:\/\/evertonfc.cz\/index.php\/2022\/09\/24\/uvod-do-nadzemnych-prac\/#article","isPartOf":{"@id":"https:\/\/evertonfc.cz\/index.php\/2022\/09\/24\/uvod-do-nadzemnych-prac\/"},"author":{"name":"BlueBlooded","@id":"https:\/\/evertonfc.cz\/#\/schema\/person\/d4493b8cbea51532597fbc4685698916"},"headline":"\u00davod do nadzemn\u00fdch pr\u00e1c","datePublished":"2022-09-24T14:23:13+00:00","dateModified":"2022-10-25T12:55:50+00:00","mainEntityOfPage":{"@id":"https:\/\/evertonfc.cz\/index.php\/2022\/09\/24\/uvod-do-nadzemnych-prac\/"},"wordCount":1395,"commentCount":4,"publisher":{"@id":"https:\/\/evertonfc.cz\/#organization"},"image":{"@id":"https:\/\/evertonfc.cz\/index.php\/2022\/09\/24\/uvod-do-nadzemnych-prac\/#primaryimage"},"thumbnailUrl":"https:\/\/evertonfc.cz\/wp-content\/uploads\/2022\/09\/MBM-1-nadzemne-prace-24-9-2022.jpg","articleSection":["Making of Bramley-Moore"],"inLanguage":"cs","potentialAction":[{"@type":"CommentAction","name":"Comment","target":["https:\/\/evertonfc.cz\/index.php\/2022\/09\/24\/uvod-do-nadzemnych-prac\/#respond"]}]},{"@type":"WebPage","@id":"https:\/\/evertonfc.cz\/index.php\/2022\/09\/24\/uvod-do-nadzemnych-prac\/","url":"https:\/\/evertonfc.cz\/index.php\/2022\/09\/24\/uvod-do-nadzemnych-prac\/","name":"\u00davod do nadzemn\u00fdch pr\u00e1c - Official Czech &amp; Slovak Everton Supporters&#039; Club","isPartOf":{"@id":"https:\/\/evertonfc.cz\/#website"},"primaryImageOfPage":{"@id":"https:\/\/evertonfc.cz\/index.php\/2022\/09\/24\/uvod-do-nadzemnych-prac\/#primaryimage"},"image":{"@id":"https:\/\/evertonfc.cz\/index.php\/2022\/09\/24\/uvod-do-nadzemnych-prac\/#primaryimage"},"thumbnailUrl":"https:\/\/evertonfc.cz\/wp-content\/uploads\/2022\/09\/MBM-1-nadzemne-prace-24-9-2022.jpg","datePublished":"2022-09-24T14:23:13+00:00","dateModified":"2022-10-25T12:55:50+00:00","breadcrumb":{"@id":"https:\/\/evertonfc.cz\/index.php\/2022\/09\/24\/uvod-do-nadzemnych-prac\/#breadcrumb"},"inLanguage":"cs","potentialAction":[{"@type":"ReadAction","target":["https:\/\/evertonfc.cz\/index.php\/2022\/09\/24\/uvod-do-nadzemnych-prac\/"]}]},{"@type":"ImageObject","inLanguage":"cs","@id":"https:\/\/evertonfc.cz\/index.php\/2022\/09\/24\/uvod-do-nadzemnych-prac\/#primaryimage","url":"https:\/\/evertonfc.cz\/wp-content\/uploads\/2022\/09\/MBM-1-nadzemne-prace-24-9-2022.jpg","contentUrl":"https:\/\/evertonfc.cz\/wp-content\/uploads\/2022\/09\/MBM-1-nadzemne-prace-24-9-2022.jpg","width":720,"height":405},{"@type":"BreadcrumbList","@id":"https:\/\/evertonfc.cz\/index.php\/2022\/09\/24\/uvod-do-nadzemnych-prac\/#breadcrumb","itemListElement":[{"@type":"ListItem","position":1,"name":"Home","item":"https:\/\/evertonfc.cz\/"},{"@type":"ListItem","position":2,"name":"\u00davod do nadzemn\u00fdch pr\u00e1c"}]},{"@type":"WebSite","@id":"https:\/\/evertonfc.cz\/#website","url":"https:\/\/evertonfc.cz\/","name":"Official Czech &amp; Slovak Everton Supporters&#039; Club","description":"","publisher":{"@id":"https:\/\/evertonfc.cz\/#organization"},"potentialAction":[{"@type":"SearchAction","target":{"@type":"EntryPoint","urlTemplate":"https:\/\/evertonfc.cz\/?s={search_term_string}"},"query-input":{"@type":"PropertyValueSpecification","valueRequired":true,"valueName":"search_term_string"}}],"inLanguage":"cs"},{"@type":"Organization","@id":"https:\/\/evertonfc.cz\/#organization","name":"Official Czech & Slovak Everton Supporters' Club","url":"https:\/\/evertonfc.cz\/","logo":{"@type":"ImageObject","inLanguage":"cs","@id":"https:\/\/evertonfc.cz\/#\/schema\/logo\/image\/","url":"https:\/\/evertonfc.cz\/wp-content\/uploads\/2019\/05\/logo.png","contentUrl":"https:\/\/evertonfc.cz\/wp-content\/uploads\/2019\/05\/logo.png","width":112,"height":112,"caption":"Official Czech & Slovak Everton Supporters' Club"},"image":{"@id":"https:\/\/evertonfc.cz\/#\/schema\/logo\/image\/"},"sameAs":["https:\/\/www.facebook.com\/everton.fans.cz.sk"]},{"@type":"Person","@id":"https:\/\/evertonfc.cz\/#\/schema\/person\/d4493b8cbea51532597fbc4685698916","name":"BlueBlooded","url":"https:\/\/evertonfc.cz\/index.php\/author\/admin\/"}]}},"_links":{"self":[{"href":"https:\/\/evertonfc.cz\/index.php\/wp-json\/wp\/v2\/posts\/19920"}],"collection":[{"href":"https:\/\/evertonfc.cz\/index.php\/wp-json\/wp\/v2\/posts"}],"about":[{"href":"https:\/\/evertonfc.cz\/index.php\/wp-json\/wp\/v2\/types\/post"}],"author":[{"embeddable":true,"href":"https:\/\/evertonfc.cz\/index.php\/wp-json\/wp\/v2\/users\/1"}],"replies":[{"embeddable":true,"href":"https:\/\/evertonfc.cz\/index.php\/wp-json\/wp\/v2\/comments?post=19920"}],"version-history":[{"count":13,"href":"https:\/\/evertonfc.cz\/index.php\/wp-json\/wp\/v2\/posts\/19920\/revisions"}],"predecessor-version":[{"id":19980,"href":"https:\/\/evertonfc.cz\/index.php\/wp-json\/wp\/v2\/posts\/19920\/revisions\/19980"}],"wp:featuredmedia":[{"embeddable":true,"href":"https:\/\/evertonfc.cz\/index.php\/wp-json\/wp\/v2\/media\/19917"}],"wp:attachment":[{"href":"https:\/\/evertonfc.cz\/index.php\/wp-json\/wp\/v2\/media?parent=19920"}],"wp:term":[{"taxonomy":"category","embeddable":true,"href":"https:\/\/evertonfc.cz\/index.php\/wp-json\/wp\/v2\/categories?post=19920"},{"taxonomy":"post_tag","embeddable":true,"href":"https:\/\/evertonfc.cz\/index.php\/wp-json\/wp\/v2\/tags?post=19920"}],"curies":[{"name":"wp","href":"https:\/\/api.w.org\/{rel}","templated":true}]}}