{"id":19931,"date":"2022-09-27T10:44:04","date_gmt":"2022-09-27T08:44:04","guid":{"rendered":"https:\/\/evertonfc.cz\/?p=19931"},"modified":"2022-09-28T14:19:36","modified_gmt":"2022-09-28T12:19:36","slug":"liverpool-w-everton-w-03","status":"publish","type":"post","link":"https:\/\/evertonfc.cz\/index.php\/2022\/09\/27\/liverpool-w-everton-w-03\/","title":{"rendered":"Liverpool W &#8211; Everton W 0:3"},"content":{"rendered":"<h4>Merseyside derby m\u016f\u017eeme po dvou letech op\u011bt vid\u011bt i v d\u00e1msk\u00e9 variant\u011b. A \u017ee, p\u0159i Billu Kenwrightovi, bylo tentokr\u00e1t na co koukat!<\/h4>\n<p>Po dvou letech, kter\u00e1 LFC str\u00e1vil v druh\u00e9 lize se WSL Mesrseyside derby vr\u00e1tilo zp\u011bt. A to rovnou na Anfield, nikoliv na dom\u00e1c\u00ed h\u0159i\u0161t\u011b Reds v Prenton Park. V\u00edce ne\u017e 27000 div\u00e1k\u016f sice na pom\u011bry PL nen\u00ed mnoho, v relac\u00edch WSL jde ov\u0161em o slu\u0161n\u00fd po\u010det (a tu\u0161\u00edm, \u017ee p\u0159evy\u0161uje celkovou n\u00e1v\u0161t\u011bvnost jednoho kola Gambrinus ligy). Je skv\u011bl\u00e9, \u017ee obsazen\u00e9 tribuny mohly p\u0159ihl\u00ed\u017eet asi nejlep\u0161\u00edmu v\u00fdkonu karamel za posledn\u00ed m\u011bs\u00edce, nav\u00edc korunovan\u00e9ho pohodlnou v\u00fdhrou 3:0 a lah\u016fdkov\u00fdmi g\u00f3ly. I kdy\u017e je ot\u00e1zkou, zda tribuny obsazen\u00e9 p\u0159ev\u00e1\u017en\u011b temnou stranou toto dok\u00e1zaly n\u00e1le\u017eit\u011b ocenit.<\/p>\n<h4>Prvn\u00ed polo\u010das<\/h4>\n<p>za\u010daly hostky (doporu\u010dovan\u00fd modern\u00ed novotvar. kter\u00e1 zkus\u00edm postupn\u011b vpa\u0161ov\u00e1vat i do t\u011bchto text\u016f &#8211; pozn. autora) jako obvykle aktivn\u011b a velmi sebev\u011bdom\u011b. Na rozd\u00edl od p\u0159edchoz\u00edch z\u00e1pas\u016f v tom dok\u00e1zaly pokra\u010dovat prakticky cel\u00fd z\u00e1pas. V 7. minut\u011b sklidila Campbell ovace tribun za skluz na Park, ale po n\u00e1sledn\u00e9m rohu nechyb\u011blo mnoho a hlavi\u010dka Geroge mohla otev\u0159\u00edt sk\u00f3re. O chv\u00edli pozd\u011bji vyslala Finnigan jagielkovskou st\u0159elu, kterou Laws vyrazila nad b\u0159evno. Po rohu vz\u00e1p\u011bt\u00ed u\u017e m\u00ed\u010d z hlavy Finnigan sm\u011b\u0159oval do branky &#8211; <strong>0:1. <\/strong>D\u00e1my si pak je\u0161t\u011b st\u0159ihly oslavu p\u0159ed The Kopp za bu\u010den\u00ed fanou\u0161k\u016f dom\u00e1c\u00edch a pokra\u010dovalo se d\u00e1l. Prvn\u00edch 20 minut Everton utk\u00e1n\u00ed jasn\u011b dominoval. Pot\u00e9 dom\u00e1c\u00ed zv\u00fd\u0161ily m\u00edrn\u011b aktivitu, Stengel nechutn\u011b snadno obrala o m\u00ed\u010d Sevecke, ale n\u00e1sleduj\u00edc\u00ed akci na\u0161t\u011bst\u00ed zdrbala.<\/p>\n<h4>\u010casn\u00fd kandid\u00e1t na G\u00f3l roku<\/h4>\n<p>Karamely nem\u00ednily p\u0159edat ot\u011b\u017ee utk\u00e1n\u00ed do nepovolan\u00fdch rukou a p\u0159i\u0161la moc p\u011bkn\u00e1 odm\u011bna. U zrodu akce op\u011bt st\u00e1la Stengel, ale tentokr\u00e1t to byla Ameri\u010danka, komu nevy\u0161la p\u0159ihr\u00e1vka. Bj\u00f6rn byla hbit\u011b p\u0159i ruce a p\u011bkn\u00fdm dlouh\u00fdm pasem poslala dop\u0159edu Park. Na\u0161e k\u0159\u00eddelnice p\u0159edvedla co um\u00ed: slalomem set\u0159\u00e1sla dv\u011b obr\u00e1nkyn\u011b, obe\u0161la brank\u00e1\u0159ku a na z\u00e1v\u011br prost\u0159elila\u00a0 marn\u011b zachra\u0148uj\u00edc\u00ed Matthews &#8211; <strong>0:2<\/strong>. Vz\u00e1p\u011bt\u00ed m\u011bla t\u0159et\u00ed g\u00f3l t\u00e9m\u011b\u0159 na kopa\u010dce Snoeijs, ale na p\u0159ihr\u00e1vku od Christiansen nedos\u00e1hla a diving j\u00ed na\u0161t\u011bst\u00ed tak\u00e9 nepomohl.<\/p>\n<h4>Druh\u00fd polo\u010das<\/h4>\n<p>Snoeijs opravdu st\u00e1la o to d\u00e1t g\u00f3l. Tak moc, \u017ee v 50. minut\u011b ignorovala dob\u0159e postavenou Park a vzala odpov\u011bdnost na sebe. Bohu\u017eel zbyte\u010dn\u011b. A nevy\u0161la j\u00ed ani hlavi\u010dka o minutu pozd\u011bji, ani st\u0159ela chv\u00edli pot\u00e9. Everton si i na d\u00e1le d\u011blal na h\u0159i\u0161ti co cht\u011bl.\u00a0 Liverpool zahrozil\u00a0 jen v minut\u011b 59, kdy Daniels prov\u011b\u0159ila pevnost bo\u010dn\u00ed st\u00edt\u011b na\u0161\u00ed branky. Na\u0161t\u011bst\u00ed jen z vn\u011bj\u0161\u00ed strany. Na branku dom\u00e1c\u00edch se naproti tomu valila i nad\u00e1le vlna za vlnou. Na sv\u00e9 jsme si op\u011bt p\u0159i\u0161li v 87. minut\u011b, kdy Gio vzorov\u011b nevypustila zd\u00e1nliv\u011b zbyte\u010dn\u00fd souboj s Campbell. Donutila j\u00ed ke ztr\u00e1t\u011b m\u00ed\u010de, kter\u00e9ho se hbit\u011b ujala Park a serv\u00edrovala jej nab\u00edhaj\u00edc\u00ed Bennison. Ta bez v\u00e1h\u00e1n\u00ed p\u0159idala dal\u0161\u00ed branku &#8211; <strong>0:3. <\/strong>Ani nastaven\u00fdch 7 minut u\u017e sk\u00f3re ani obraz hry nezm\u011bnilo.<\/p>\n<h4>Shrnut\u00ed<\/h4>\n<p>Liverpool po \u00favodn\u00ed v\u00fdh\u0159e nad Chelsea budil zna\u010dn\u00fd respekt.\u00a0 Everton na Anfield p\u0159esto s dom\u00e1c\u00edmi vyt\u0159el a slav\u00ed opr\u00e1vn\u011bn\u00fd triumf. Dr\u017eme si palce, \u017ee p\u0159edveden\u00e1 hra byla prvn\u00ed uk\u00e1zkou zm\u011bny pod veden\u00edm S\u00f8rensena a ne jen obvykl\u00fd vrchol funkce sin everton. V\u00fdkon Park byl skv\u011bl\u00fd a cenu pro hr\u00e1\u010dku z\u00e1pasu si vyslou\u017eila pr\u00e1vem. V\u00fdborn\u011b hr\u00e1l ov\u0161em cel\u00fd t\u00fdm. Z\u00e1loha stoj\u00edc\u00ed na Christiansen a Graham byla tentokr\u00e1t velmi spolehliv\u011b dopln\u011bn\u00e1 i v\u00fdkonem Galli. Snad jedin\u00fd otazn\u00edk vis\u00ed nad v\u00fdkonem Sevecke, kter\u00e1 v minulosti p\u016fsobila v obran\u011b mnohem suver\u00e9n\u011bji. V\u016fbec na\u0161e obran\u00e1 p\u011btice hr\u00e1la dle m\u00e9ho n\u00e1zoru v\u00fdrazn\u011b sebev\u011bdom\u011bji sm\u011brem dop\u0159edu ne\u017e ve sv\u00e9 z\u00e1klan\u00ed obrann\u00e9 \u00faloze. Ale \u010dist\u00e9 konto jsme uh\u00e1jili. \u0160koda, \u017ee se nepoda\u0159ilo zav\u011bsit Snoeijs, zjevn\u011b o to velmi st\u00e1la a pro jej\u00ed sebev\u011bdomi hro\u0165a\u010dky by to byla pot\u0159ebn\u00e1 vzpruha. Doufejme, \u017ee se na n\u00e1\u0161 v\u00fdkon z derby povede nav\u00e1zat i v dal\u0161\u00edm pr\u016fb\u011bhu sez\u00f3ny. U\u017e 29.9. to na Walton Hall Park prov\u011b\u0159\u00ed li\u0161ky. Pro jistotu doporu\u010duji ud\u011blat si screenshot tabulky n\u00ed\u017ee a p\u0159\u00edpadn\u011b se s n\u00edm t\u011b\u0161it v \u010dase nadch\u00e1zej\u00edc\u00edm. <strong><span style=\"color: #0000ff;\">Up the Toffees!<\/span><\/strong><\/p>\n<p style=\"text-align: right;\"><span style=\"font-size: 8pt;\"><em>Fotografie:\u00a0 Finnigan st\u0159elila \u00favodn\u00ed branku,\u00a0 z<\/em><em>droj: Reuters via BBC<\/em><\/span><\/p>\n<p><strong>Dr\u017een\u00ed m\u00ed\u010de<\/strong> 43%: 57%\u00a0 <strong>St\u0159ely<\/strong> 9:19 (na br\u00e1nu 1:9)<\/p>\n<p><strong>Branky:<\/strong> Finnigan (9\u00b4), Park (33\u00b4), Bennison (87\u00b4)\u00a0 <strong>\u017dK:<\/strong> Flaherty (76\u00b4)<\/p>\n<p><strong>Liverpool (3-4-3): <\/strong>Laws; Flaherty, Fahey, Matthews (Daniels 57\u00b4); Koivisto (Roberts 72\u00b4), Kearns (Furness 45\u00b4), Holland, Campbell; Lawley (Wardlaw 72\u00b4), Stengel, Hinds<\/p>\n<p><strong>Everton (5-4-1):<\/strong> Brosnan; Veje, Bj\u00f6rn, Sevecke, George, Finnigan; Graham, Galli, Christiansen (Bennison 63\u00b4), Park (Stenevik 90+1\u00b4); Snoeijs (Queiroz Costa 63\u00b4)<\/p>\n<p><strong>Rozhod\u010d\u00ed:<\/strong> Andrew Kitchen\u00a0 <strong>Div\u00e1ci:<\/strong> 27 504<\/p>\n","protected":false},"excerpt":{"rendered":"<p>Merseyside derby m\u016f\u017eeme po dvou letech op\u011bt vid\u011bt i v d\u00e1msk\u00e9 variant\u011b. A \u017ee, p\u0159i Billu Kenwrightovi, bylo tentokr\u00e1t na co koukat!<\/p>\n","protected":false},"author":26,"featured_media":19949,"comment_status":"open","ping_status":"closed","sticky":false,"template":"","format":"standard","meta":{"_eb_attr":"","_monsterinsights_skip_tracking":false,"_monsterinsights_sitenote_active":false,"_monsterinsights_sitenote_note":"","_monsterinsights_sitenote_category":0,"footnotes":""},"categories":[110],"tags":[],"yoast_head":"<!-- This site is optimized with the Yoast SEO plugin v23.4 - https:\/\/yoast.com\/wordpress\/plugins\/seo\/ -->\n<title>Liverpool W - Everton W 0:3 - Official Czech &amp; Slovak Everton Supporters&#039; Club<\/title>\n<meta name=\"robots\" content=\"index, follow, max-snippet:-1, max-image-preview:large, max-video-preview:-1\" \/>\n<link rel=\"canonical\" href=\"https:\/\/evertonfc.cz\/index.php\/2022\/09\/27\/liverpool-w-everton-w-03\/\" \/>\n<meta property=\"og:locale\" content=\"cs_CZ\" \/>\n<meta property=\"og:type\" content=\"article\" \/>\n<meta property=\"og:title\" content=\"Liverpool W - Everton W 0:3 - Official Czech &amp; Slovak Everton Supporters&#039; Club\" \/>\n<meta property=\"og:description\" content=\"Merseyside derby m\u016f\u017eeme po dvou letech op\u011bt vid\u011bt i v d\u00e1msk\u00e9 variant\u011b. A \u017ee, p\u0159i Billu Kenwrightovi, bylo tentokr\u00e1t na co koukat!\" \/>\n<meta property=\"og:url\" content=\"https:\/\/evertonfc.cz\/index.php\/2022\/09\/27\/liverpool-w-everton-w-03\/\" \/>\n<meta property=\"og:site_name\" content=\"Official Czech &amp; Slovak Everton Supporters&#039; Club\" \/>\n<meta property=\"article:publisher\" content=\"https:\/\/www.facebook.com\/everton.fans.cz.sk\" \/>\n<meta property=\"article:published_time\" content=\"2022-09-27T08:44:04+00:00\" \/>\n<meta property=\"article:modified_time\" content=\"2022-09-28T12:19:36+00:00\" \/>\n<meta property=\"og:image\" content=\"https:\/\/evertonfc.cz\/wp-content\/uploads\/2022\/09\/Finnigan-vs-Liverpool-25_9_2022_web.jpg\" \/>\n\t<meta property=\"og:image:width\" content=\"720\" \/>\n\t<meta property=\"og:image:height\" content=\"405\" \/>\n\t<meta property=\"og:image:type\" content=\"image\/jpeg\" \/>\n<meta name=\"author\" content=\"Karamela\" \/>\n<meta name=\"twitter:card\" content=\"summary_large_image\" \/>\n<meta name=\"twitter:label1\" content=\"Napsal(a)\" \/>\n\t<meta name=\"twitter:data1\" content=\"Karamela\" \/>\n\t<meta name=\"twitter:label2\" content=\"Odhadovan\u00e1 doba \u010dten\u00ed\" \/>\n\t<meta name=\"twitter:data2\" content=\"4 minuty\" \/>\n<script type=\"application\/ld+json\" class=\"yoast-schema-graph\">{\"@context\":\"https:\/\/schema.org\",\"@graph\":[{\"@type\":\"Article\",\"@id\":\"https:\/\/evertonfc.cz\/index.php\/2022\/09\/27\/liverpool-w-everton-w-03\/#article\",\"isPartOf\":{\"@id\":\"https:\/\/evertonfc.cz\/index.php\/2022\/09\/27\/liverpool-w-everton-w-03\/\"},\"author\":{\"name\":\"Karamela\",\"@id\":\"https:\/\/evertonfc.cz\/#\/schema\/person\/e9a24a80a32efa1344dd2c4e5882185c\"},\"headline\":\"Liverpool W &#8211; Everton W 0:3\",\"datePublished\":\"2022-09-27T08:44:04+00:00\",\"dateModified\":\"2022-09-28T12:19:36+00:00\",\"mainEntityOfPage\":{\"@id\":\"https:\/\/evertonfc.cz\/index.php\/2022\/09\/27\/liverpool-w-everton-w-03\/\"},\"wordCount\":944,\"commentCount\":8,\"publisher\":{\"@id\":\"https:\/\/evertonfc.cz\/#organization\"},\"image\":{\"@id\":\"https:\/\/evertonfc.cz\/index.php\/2022\/09\/27\/liverpool-w-everton-w-03\/#primaryimage\"},\"thumbnailUrl\":\"https:\/\/evertonfc.cz\/wp-content\/uploads\/2022\/09\/Finnigan-vs-Liverpool-25_9_2022_web.jpg\",\"articleSection\":[\"Everton Women\"],\"inLanguage\":\"cs\",\"potentialAction\":[{\"@type\":\"CommentAction\",\"name\":\"Comment\",\"target\":[\"https:\/\/evertonfc.cz\/index.php\/2022\/09\/27\/liverpool-w-everton-w-03\/#respond\"]}]},{\"@type\":\"WebPage\",\"@id\":\"https:\/\/evertonfc.cz\/index.php\/2022\/09\/27\/liverpool-w-everton-w-03\/\",\"url\":\"https:\/\/evertonfc.cz\/index.php\/2022\/09\/27\/liverpool-w-everton-w-03\/\",\"name\":\"Liverpool W - Everton W 0:3 - Official Czech &amp; Slovak Everton Supporters&#039; Club\",\"isPartOf\":{\"@id\":\"https:\/\/evertonfc.cz\/#website\"},\"primaryImageOfPage\":{\"@id\":\"https:\/\/evertonfc.cz\/index.php\/2022\/09\/27\/liverpool-w-everton-w-03\/#primaryimage\"},\"image\":{\"@id\":\"https:\/\/evertonfc.cz\/index.php\/2022\/09\/27\/liverpool-w-everton-w-03\/#primaryimage\"},\"thumbnailUrl\":\"https:\/\/evertonfc.cz\/wp-content\/uploads\/2022\/09\/Finnigan-vs-Liverpool-25_9_2022_web.jpg\",\"datePublished\":\"2022-09-27T08:44:04+00:00\",\"dateModified\":\"2022-09-28T12:19:36+00:00\",\"breadcrumb\":{\"@id\":\"https:\/\/evertonfc.cz\/index.php\/2022\/09\/27\/liverpool-w-everton-w-03\/#breadcrumb\"},\"inLanguage\":\"cs\",\"potentialAction\":[{\"@type\":\"ReadAction\",\"target\":[\"https:\/\/evertonfc.cz\/index.php\/2022\/09\/27\/liverpool-w-everton-w-03\/\"]}]},{\"@type\":\"ImageObject\",\"inLanguage\":\"cs\",\"@id\":\"https:\/\/evertonfc.cz\/index.php\/2022\/09\/27\/liverpool-w-everton-w-03\/#primaryimage\",\"url\":\"https:\/\/evertonfc.cz\/wp-content\/uploads\/2022\/09\/Finnigan-vs-Liverpool-25_9_2022_web.jpg\",\"contentUrl\":\"https:\/\/evertonfc.cz\/wp-content\/uploads\/2022\/09\/Finnigan-vs-Liverpool-25_9_2022_web.jpg\",\"width\":720,\"height\":405},{\"@type\":\"BreadcrumbList\",\"@id\":\"https:\/\/evertonfc.cz\/index.php\/2022\/09\/27\/liverpool-w-everton-w-03\/#breadcrumb\",\"itemListElement\":[{\"@type\":\"ListItem\",\"position\":1,\"name\":\"Home\",\"item\":\"https:\/\/evertonfc.cz\/\"},{\"@type\":\"ListItem\",\"position\":2,\"name\":\"Liverpool W &#8211; Everton W 0:3\"}]},{\"@type\":\"WebSite\",\"@id\":\"https:\/\/evertonfc.cz\/#website\",\"url\":\"https:\/\/evertonfc.cz\/\",\"name\":\"Official Czech &amp; Slovak Everton Supporters&#039; Club\",\"description\":\"\",\"publisher\":{\"@id\":\"https:\/\/evertonfc.cz\/#organization\"},\"potentialAction\":[{\"@type\":\"SearchAction\",\"target\":{\"@type\":\"EntryPoint\",\"urlTemplate\":\"https:\/\/evertonfc.cz\/?s={search_term_string}\"},\"query-input\":{\"@type\":\"PropertyValueSpecification\",\"valueRequired\":true,\"valueName\":\"search_term_string\"}}],\"inLanguage\":\"cs\"},{\"@type\":\"Organization\",\"@id\":\"https:\/\/evertonfc.cz\/#organization\",\"name\":\"Official Czech & Slovak Everton Supporters' Club\",\"url\":\"https:\/\/evertonfc.cz\/\",\"logo\":{\"@type\":\"ImageObject\",\"inLanguage\":\"cs\",\"@id\":\"https:\/\/evertonfc.cz\/#\/schema\/logo\/image\/\",\"url\":\"https:\/\/evertonfc.cz\/wp-content\/uploads\/2019\/05\/logo.png\",\"contentUrl\":\"https:\/\/evertonfc.cz\/wp-content\/uploads\/2019\/05\/logo.png\",\"width\":112,\"height\":112,\"caption\":\"Official Czech & Slovak Everton Supporters' Club\"},\"image\":{\"@id\":\"https:\/\/evertonfc.cz\/#\/schema\/logo\/image\/\"},\"sameAs\":[\"https:\/\/www.facebook.com\/everton.fans.cz.sk\"]},{\"@type\":\"Person\",\"@id\":\"https:\/\/evertonfc.cz\/#\/schema\/person\/e9a24a80a32efa1344dd2c4e5882185c\",\"name\":\"Karamela\",\"url\":\"https:\/\/evertonfc.cz\/index.php\/author\/karamela\/\"}]}<\/script>\n<!-- \/ Yoast SEO plugin. -->","yoast_head_json":{"title":"Liverpool W - Everton W 0:3 - Official Czech &amp; Slovak Everton Supporters&#039; Club","robots":{"index":"index","follow":"follow","max-snippet":"max-snippet:-1","max-image-preview":"max-image-preview:large","max-video-preview":"max-video-preview:-1"},"canonical":"https:\/\/evertonfc.cz\/index.php\/2022\/09\/27\/liverpool-w-everton-w-03\/","og_locale":"cs_CZ","og_type":"article","og_title":"Liverpool W - Everton W 0:3 - Official Czech &amp; Slovak Everton Supporters&#039; Club","og_description":"Merseyside derby m\u016f\u017eeme po dvou letech op\u011bt vid\u011bt i v d\u00e1msk\u00e9 variant\u011b. A \u017ee, p\u0159i Billu Kenwrightovi, bylo tentokr\u00e1t na co koukat!","og_url":"https:\/\/evertonfc.cz\/index.php\/2022\/09\/27\/liverpool-w-everton-w-03\/","og_site_name":"Official Czech &amp; Slovak Everton Supporters&#039; Club","article_publisher":"https:\/\/www.facebook.com\/everton.fans.cz.sk","article_published_time":"2022-09-27T08:44:04+00:00","article_modified_time":"2022-09-28T12:19:36+00:00","og_image":[{"width":720,"height":405,"url":"https:\/\/evertonfc.cz\/wp-content\/uploads\/2022\/09\/Finnigan-vs-Liverpool-25_9_2022_web.jpg","type":"image\/jpeg"}],"author":"Karamela","twitter_card":"summary_large_image","twitter_misc":{"Napsal(a)":"Karamela","Odhadovan\u00e1 doba \u010dten\u00ed":"4 minuty"},"schema":{"@context":"https:\/\/schema.org","@graph":[{"@type":"Article","@id":"https:\/\/evertonfc.cz\/index.php\/2022\/09\/27\/liverpool-w-everton-w-03\/#article","isPartOf":{"@id":"https:\/\/evertonfc.cz\/index.php\/2022\/09\/27\/liverpool-w-everton-w-03\/"},"author":{"name":"Karamela","@id":"https:\/\/evertonfc.cz\/#\/schema\/person\/e9a24a80a32efa1344dd2c4e5882185c"},"headline":"Liverpool W &#8211; Everton W 0:3","datePublished":"2022-09-27T08:44:04+00:00","dateModified":"2022-09-28T12:19:36+00:00","mainEntityOfPage":{"@id":"https:\/\/evertonfc.cz\/index.php\/2022\/09\/27\/liverpool-w-everton-w-03\/"},"wordCount":944,"commentCount":8,"publisher":{"@id":"https:\/\/evertonfc.cz\/#organization"},"image":{"@id":"https:\/\/evertonfc.cz\/index.php\/2022\/09\/27\/liverpool-w-everton-w-03\/#primaryimage"},"thumbnailUrl":"https:\/\/evertonfc.cz\/wp-content\/uploads\/2022\/09\/Finnigan-vs-Liverpool-25_9_2022_web.jpg","articleSection":["Everton Women"],"inLanguage":"cs","potentialAction":[{"@type":"CommentAction","name":"Comment","target":["https:\/\/evertonfc.cz\/index.php\/2022\/09\/27\/liverpool-w-everton-w-03\/#respond"]}]},{"@type":"WebPage","@id":"https:\/\/evertonfc.cz\/index.php\/2022\/09\/27\/liverpool-w-everton-w-03\/","url":"https:\/\/evertonfc.cz\/index.php\/2022\/09\/27\/liverpool-w-everton-w-03\/","name":"Liverpool W - Everton W 0:3 - Official Czech &amp; Slovak Everton Supporters&#039; Club","isPartOf":{"@id":"https:\/\/evertonfc.cz\/#website"},"primaryImageOfPage":{"@id":"https:\/\/evertonfc.cz\/index.php\/2022\/09\/27\/liverpool-w-everton-w-03\/#primaryimage"},"image":{"@id":"https:\/\/evertonfc.cz\/index.php\/2022\/09\/27\/liverpool-w-everton-w-03\/#primaryimage"},"thumbnailUrl":"https:\/\/evertonfc.cz\/wp-content\/uploads\/2022\/09\/Finnigan-vs-Liverpool-25_9_2022_web.jpg","datePublished":"2022-09-27T08:44:04+00:00","dateModified":"2022-09-28T12:19:36+00:00","breadcrumb":{"@id":"https:\/\/evertonfc.cz\/index.php\/2022\/09\/27\/liverpool-w-everton-w-03\/#breadcrumb"},"inLanguage":"cs","potentialAction":[{"@type":"ReadAction","target":["https:\/\/evertonfc.cz\/index.php\/2022\/09\/27\/liverpool-w-everton-w-03\/"]}]},{"@type":"ImageObject","inLanguage":"cs","@id":"https:\/\/evertonfc.cz\/index.php\/2022\/09\/27\/liverpool-w-everton-w-03\/#primaryimage","url":"https:\/\/evertonfc.cz\/wp-content\/uploads\/2022\/09\/Finnigan-vs-Liverpool-25_9_2022_web.jpg","contentUrl":"https:\/\/evertonfc.cz\/wp-content\/uploads\/2022\/09\/Finnigan-vs-Liverpool-25_9_2022_web.jpg","width":720,"height":405},{"@type":"BreadcrumbList","@id":"https:\/\/evertonfc.cz\/index.php\/2022\/09\/27\/liverpool-w-everton-w-03\/#breadcrumb","itemListElement":[{"@type":"ListItem","position":1,"name":"Home","item":"https:\/\/evertonfc.cz\/"},{"@type":"ListItem","position":2,"name":"Liverpool W &#8211; Everton W 0:3"}]},{"@type":"WebSite","@id":"https:\/\/evertonfc.cz\/#website","url":"https:\/\/evertonfc.cz\/","name":"Official Czech &amp; Slovak Everton Supporters&#039; Club","description":"","publisher":{"@id":"https:\/\/evertonfc.cz\/#organization"},"potentialAction":[{"@type":"SearchAction","target":{"@type":"EntryPoint","urlTemplate":"https:\/\/evertonfc.cz\/?s={search_term_string}"},"query-input":{"@type":"PropertyValueSpecification","valueRequired":true,"valueName":"search_term_string"}}],"inLanguage":"cs"},{"@type":"Organization","@id":"https:\/\/evertonfc.cz\/#organization","name":"Official Czech & Slovak Everton Supporters' Club","url":"https:\/\/evertonfc.cz\/","logo":{"@type":"ImageObject","inLanguage":"cs","@id":"https:\/\/evertonfc.cz\/#\/schema\/logo\/image\/","url":"https:\/\/evertonfc.cz\/wp-content\/uploads\/2019\/05\/logo.png","contentUrl":"https:\/\/evertonfc.cz\/wp-content\/uploads\/2019\/05\/logo.png","width":112,"height":112,"caption":"Official Czech & Slovak Everton Supporters' Club"},"image":{"@id":"https:\/\/evertonfc.cz\/#\/schema\/logo\/image\/"},"sameAs":["https:\/\/www.facebook.com\/everton.fans.cz.sk"]},{"@type":"Person","@id":"https:\/\/evertonfc.cz\/#\/schema\/person\/e9a24a80a32efa1344dd2c4e5882185c","name":"Karamela","url":"https:\/\/evertonfc.cz\/index.php\/author\/karamela\/"}]}},"_links":{"self":[{"href":"https:\/\/evertonfc.cz\/index.php\/wp-json\/wp\/v2\/posts\/19931"}],"collection":[{"href":"https:\/\/evertonfc.cz\/index.php\/wp-json\/wp\/v2\/posts"}],"about":[{"href":"https:\/\/evertonfc.cz\/index.php\/wp-json\/wp\/v2\/types\/post"}],"author":[{"embeddable":true,"href":"https:\/\/evertonfc.cz\/index.php\/wp-json\/wp\/v2\/users\/26"}],"replies":[{"embeddable":true,"href":"https:\/\/evertonfc.cz\/index.php\/wp-json\/wp\/v2\/comments?post=19931"}],"version-history":[{"count":21,"href":"https:\/\/evertonfc.cz\/index.php\/wp-json\/wp\/v2\/posts\/19931\/revisions"}],"predecessor-version":[{"id":19982,"href":"https:\/\/evertonfc.cz\/index.php\/wp-json\/wp\/v2\/posts\/19931\/revisions\/19982"}],"wp:featuredmedia":[{"embeddable":true,"href":"https:\/\/evertonfc.cz\/index.php\/wp-json\/wp\/v2\/media\/19949"}],"wp:attachment":[{"href":"https:\/\/evertonfc.cz\/index.php\/wp-json\/wp\/v2\/media?parent=19931"}],"wp:term":[{"taxonomy":"category","embeddable":true,"href":"https:\/\/evertonfc.cz\/index.php\/wp-json\/wp\/v2\/categories?post=19931"},{"taxonomy":"post_tag","embeddable":true,"href":"https:\/\/evertonfc.cz\/index.php\/wp-json\/wp\/v2\/tags?post=19931"}],"curies":[{"name":"wp","href":"https:\/\/api.w.org\/{rel}","templated":true}]}}