{"id":19953,"date":"2022-09-26T07:49:21","date_gmt":"2022-09-26T05:49:21","guid":{"rendered":"https:\/\/evertonfc.cz\/?p=19953"},"modified":"2022-09-27T09:07:41","modified_gmt":"2022-09-27T07:07:41","slug":"jeste-jeden-odchod-allan-do-emiratu","status":"publish","type":"post","link":"https:\/\/evertonfc.cz\/index.php\/2022\/09\/26\/jeste-jeden-odchod-allan-do-emiratu\/","title":{"rendered":"Je\u0161t\u011b jeden odchod: Allan do Emir\u00e1t\u016f"},"content":{"rendered":"<h4>31let\u00fd brazilsk\u00fd st\u0159edopola\u0159 ode\u0161el rok p\u0159ed koncem smlouvy do Spojen\u00fdch arabsk\u00fdch emir\u00e1t\u016f, kde se upsal celku Al Wahda z hlavn\u00edho m\u011bsta Abu Dhabi.<\/h4>\n<p>Na Bl\u00edzk\u00e9m v\u00fdchod\u011b podepsal Allan smlouvu na dva roky, o p\u0159estupu informoval na sv\u00fdch komunika\u010dn\u00edch kan\u00e1lech pr\u00e1v\u011b arabsk\u00fd klub. Everton zat\u00edm ml\u010d\u00ed, ofici\u00e1ln\u00ed potvrzen\u00ed z jeho strany bude ale jen formalita.<\/p>\n<p>\u010c\u00e1stka p\u0159estupu zve\u0159ejn\u011bna nebyla, nicm\u00e9n\u011b se o\u010dek\u00e1v\u00e1, \u017ee se bude pohybovat v n\u00edzk\u00fdch \u0159\u00e1dech milion\u016f liber. Allana si do Evertonu p\u0159ivedl p\u0159ed dv\u011bma lety mana\u017eer Carlo Ancelotti z Neapole, \u010d\u00e1stka p\u0159estupu tehdy dosahovala a\u017e 22 milion\u016f liber.<\/p>\n<p>Zku\u0161en\u00fd st\u0159edopola\u0159 se okam\u017eit\u011b usadil v z\u00e1kladn\u00ed sestav\u011b a po t\u00e9m\u011b\u0159 dva roky odv\u00e1d\u011bl profesion\u00e1ln\u00ed a solidn\u00ed v\u00fdkony, t\u0159eba\u017ee v\u011bt\u0161inu \u010dasu nastupoval na pozici defenzivn\u00edho st\u0159edopola\u0159e, kter\u00e1 nen\u00ed jeho preferovanou. Celkem odehr\u00e1l 57 z\u00e1pas\u016f a p\u0159ipsal si t\u0159i asistence. Na vst\u0159elenou branku v modr\u00e9m dresu nedos\u00e1hl.<\/p>\n<p>Sv\u00e9 m\u00edsto v sestav\u011b ztratil a\u017e po p\u0159\u00edchodu mana\u017eera Franka Lamparda. Prim\u00e1rn\u00edm d\u016fvodem bylo hr\u00e1\u010dovo zran\u011bn\u00ed, p\u0159es l\u00e9to ale Toffees rovn\u011b\u017e notn\u011b pos\u00edlili st\u0159ed pole a Allan se de facto b\u011bhem p\u016fl roku stal z kl\u00ed\u010dov\u00e9ho mu\u017ee pouh\u00fdm n\u00e1hradn\u00edkem na pomez\u00ed lavi\u010dky a tribuny.<\/p>\n<p>Allan\u016fv odchod tak\u00e9 znamen\u00e1 nemal\u00e9 u\u0161et\u0159en\u00e9 pen\u00edze pro klubovou kasu, Evertonu mu t\u00fddn\u011b platit t\u00e9m\u011b\u0159 sto tis\u00edc liber.<\/p>\n","protected":false},"excerpt":{"rendered":"<p>31let\u00fd brazilsk\u00fd st\u0159edopola\u0159 ode\u0161el rok p\u0159ed koncem smlouvy do Spojen\u00fdch arabsk\u00fdch emir\u00e1t\u016f, kde se upsal celku Al Wahda z hlavn\u00edho m\u011bsta Abu Dhabi.<\/p>\n","protected":false},"author":6,"featured_media":19952,"comment_status":"open","ping_status":"closed","sticky":false,"template":"","format":"standard","meta":{"_eb_attr":"","_monsterinsights_skip_tracking":false,"_monsterinsights_sitenote_active":false,"_monsterinsights_sitenote_note":"","_monsterinsights_sitenote_category":0,"footnotes":""},"categories":[41],"tags":[],"yoast_head":"<!-- This site is optimized with the Yoast SEO plugin v23.4 - https:\/\/yoast.com\/wordpress\/plugins\/seo\/ -->\n<title>Je\u0161t\u011b jeden odchod: Allan do Emir\u00e1t\u016f - Official Czech &amp; Slovak Everton Supporters&#039; Club<\/title>\n<meta name=\"description\" content=\"31let\u00fd brazilsk\u00fd st\u0159edopola\u0159 ode\u0161el rok p\u0159ed koncem smlouvy do Spojen\u00fdch arabsk\u00fdch emir\u00e1t\u016f, kde se upsal celku Al Wahda z hlavn\u00edho m\u011bsta Abu Dhabi.\" \/>\n<meta name=\"robots\" content=\"index, follow, max-snippet:-1, max-image-preview:large, max-video-preview:-1\" \/>\n<link rel=\"canonical\" href=\"https:\/\/evertonfc.cz\/index.php\/2022\/09\/26\/jeste-jeden-odchod-allan-do-emiratu\/\" \/>\n<meta property=\"og:locale\" content=\"cs_CZ\" \/>\n<meta property=\"og:type\" content=\"article\" \/>\n<meta property=\"og:title\" content=\"Je\u0161t\u011b jeden odchod: Allan do Emir\u00e1t\u016f - Official Czech &amp; Slovak Everton Supporters&#039; Club\" \/>\n<meta property=\"og:description\" content=\"31let\u00fd brazilsk\u00fd st\u0159edopola\u0159 ode\u0161el rok p\u0159ed koncem smlouvy do Spojen\u00fdch arabsk\u00fdch emir\u00e1t\u016f, kde se upsal celku Al Wahda z hlavn\u00edho m\u011bsta Abu Dhabi.\" \/>\n<meta property=\"og:url\" content=\"https:\/\/evertonfc.cz\/index.php\/2022\/09\/26\/jeste-jeden-odchod-allan-do-emiratu\/\" \/>\n<meta property=\"og:site_name\" content=\"Official Czech &amp; Slovak Everton Supporters&#039; Club\" \/>\n<meta property=\"article:publisher\" content=\"https:\/\/www.facebook.com\/everton.fans.cz.sk\" \/>\n<meta property=\"article:published_time\" content=\"2022-09-26T05:49:21+00:00\" \/>\n<meta property=\"article:modified_time\" content=\"2022-09-27T07:07:41+00:00\" \/>\n<meta property=\"og:image\" content=\"https:\/\/evertonfc.cz\/wp-content\/uploads\/2022\/09\/allan_26_9_2022.jpg\" \/>\n\t<meta property=\"og:image:width\" content=\"720\" \/>\n\t<meta property=\"og:image:height\" content=\"405\" \/>\n\t<meta property=\"og:image:type\" content=\"image\/jpeg\" \/>\n<meta name=\"author\" content=\"Ri\u010di\" \/>\n<meta name=\"twitter:card\" content=\"summary_large_image\" \/>\n<meta name=\"twitter:creator\" content=\"@rbrejsa\" \/>\n<meta name=\"twitter:label1\" content=\"Napsal(a)\" \/>\n\t<meta name=\"twitter:data1\" content=\"Ri\u010di\" \/>\n\t<meta name=\"twitter:label2\" content=\"Odhadovan\u00e1 doba \u010dten\u00ed\" \/>\n\t<meta name=\"twitter:data2\" content=\"2 minuty\" \/>\n<script type=\"application\/ld+json\" class=\"yoast-schema-graph\">{\"@context\":\"https:\/\/schema.org\",\"@graph\":[{\"@type\":\"Article\",\"@id\":\"https:\/\/evertonfc.cz\/index.php\/2022\/09\/26\/jeste-jeden-odchod-allan-do-emiratu\/#article\",\"isPartOf\":{\"@id\":\"https:\/\/evertonfc.cz\/index.php\/2022\/09\/26\/jeste-jeden-odchod-allan-do-emiratu\/\"},\"author\":{\"name\":\"Ri\u010di\",\"@id\":\"https:\/\/evertonfc.cz\/#\/schema\/person\/f7a5daedb2ffee98480bc70e191aaef1\"},\"headline\":\"Je\u0161t\u011b jeden odchod: Allan do Emir\u00e1t\u016f\",\"datePublished\":\"2022-09-26T05:49:21+00:00\",\"dateModified\":\"2022-09-27T07:07:41+00:00\",\"mainEntityOfPage\":{\"@id\":\"https:\/\/evertonfc.cz\/index.php\/2022\/09\/26\/jeste-jeden-odchod-allan-do-emiratu\/\"},\"wordCount\":288,\"commentCount\":18,\"publisher\":{\"@id\":\"https:\/\/evertonfc.cz\/#organization\"},\"image\":{\"@id\":\"https:\/\/evertonfc.cz\/index.php\/2022\/09\/26\/jeste-jeden-odchod-allan-do-emiratu\/#primaryimage\"},\"thumbnailUrl\":\"https:\/\/evertonfc.cz\/wp-content\/uploads\/2022\/09\/allan_26_9_2022.jpg\",\"articleSection\":[\"P\u0159estupy\"],\"inLanguage\":\"cs\",\"potentialAction\":[{\"@type\":\"CommentAction\",\"name\":\"Comment\",\"target\":[\"https:\/\/evertonfc.cz\/index.php\/2022\/09\/26\/jeste-jeden-odchod-allan-do-emiratu\/#respond\"]}]},{\"@type\":\"WebPage\",\"@id\":\"https:\/\/evertonfc.cz\/index.php\/2022\/09\/26\/jeste-jeden-odchod-allan-do-emiratu\/\",\"url\":\"https:\/\/evertonfc.cz\/index.php\/2022\/09\/26\/jeste-jeden-odchod-allan-do-emiratu\/\",\"name\":\"Je\u0161t\u011b jeden odchod: Allan do Emir\u00e1t\u016f - Official Czech &amp; Slovak Everton Supporters&#039; Club\",\"isPartOf\":{\"@id\":\"https:\/\/evertonfc.cz\/#website\"},\"primaryImageOfPage\":{\"@id\":\"https:\/\/evertonfc.cz\/index.php\/2022\/09\/26\/jeste-jeden-odchod-allan-do-emiratu\/#primaryimage\"},\"image\":{\"@id\":\"https:\/\/evertonfc.cz\/index.php\/2022\/09\/26\/jeste-jeden-odchod-allan-do-emiratu\/#primaryimage\"},\"thumbnailUrl\":\"https:\/\/evertonfc.cz\/wp-content\/uploads\/2022\/09\/allan_26_9_2022.jpg\",\"datePublished\":\"2022-09-26T05:49:21+00:00\",\"dateModified\":\"2022-09-27T07:07:41+00:00\",\"description\":\"31let\u00fd brazilsk\u00fd st\u0159edopola\u0159 ode\u0161el rok p\u0159ed koncem smlouvy do Spojen\u00fdch arabsk\u00fdch emir\u00e1t\u016f, kde se upsal celku Al Wahda z hlavn\u00edho m\u011bsta Abu Dhabi.\",\"breadcrumb\":{\"@id\":\"https:\/\/evertonfc.cz\/index.php\/2022\/09\/26\/jeste-jeden-odchod-allan-do-emiratu\/#breadcrumb\"},\"inLanguage\":\"cs\",\"potentialAction\":[{\"@type\":\"ReadAction\",\"target\":[\"https:\/\/evertonfc.cz\/index.php\/2022\/09\/26\/jeste-jeden-odchod-allan-do-emiratu\/\"]}]},{\"@type\":\"ImageObject\",\"inLanguage\":\"cs\",\"@id\":\"https:\/\/evertonfc.cz\/index.php\/2022\/09\/26\/jeste-jeden-odchod-allan-do-emiratu\/#primaryimage\",\"url\":\"https:\/\/evertonfc.cz\/wp-content\/uploads\/2022\/09\/allan_26_9_2022.jpg\",\"contentUrl\":\"https:\/\/evertonfc.cz\/wp-content\/uploads\/2022\/09\/allan_26_9_2022.jpg\",\"width\":720,\"height\":405},{\"@type\":\"BreadcrumbList\",\"@id\":\"https:\/\/evertonfc.cz\/index.php\/2022\/09\/26\/jeste-jeden-odchod-allan-do-emiratu\/#breadcrumb\",\"itemListElement\":[{\"@type\":\"ListItem\",\"position\":1,\"name\":\"Home\",\"item\":\"https:\/\/evertonfc.cz\/\"},{\"@type\":\"ListItem\",\"position\":2,\"name\":\"Je\u0161t\u011b jeden odchod: Allan do Emir\u00e1t\u016f\"}]},{\"@type\":\"WebSite\",\"@id\":\"https:\/\/evertonfc.cz\/#website\",\"url\":\"https:\/\/evertonfc.cz\/\",\"name\":\"Official Czech &amp; Slovak Everton Supporters&#039; Club\",\"description\":\"\",\"publisher\":{\"@id\":\"https:\/\/evertonfc.cz\/#organization\"},\"potentialAction\":[{\"@type\":\"SearchAction\",\"target\":{\"@type\":\"EntryPoint\",\"urlTemplate\":\"https:\/\/evertonfc.cz\/?s={search_term_string}\"},\"query-input\":{\"@type\":\"PropertyValueSpecification\",\"valueRequired\":true,\"valueName\":\"search_term_string\"}}],\"inLanguage\":\"cs\"},{\"@type\":\"Organization\",\"@id\":\"https:\/\/evertonfc.cz\/#organization\",\"name\":\"Official Czech & Slovak Everton Supporters' Club\",\"url\":\"https:\/\/evertonfc.cz\/\",\"logo\":{\"@type\":\"ImageObject\",\"inLanguage\":\"cs\",\"@id\":\"https:\/\/evertonfc.cz\/#\/schema\/logo\/image\/\",\"url\":\"https:\/\/evertonfc.cz\/wp-content\/uploads\/2019\/05\/logo.png\",\"contentUrl\":\"https:\/\/evertonfc.cz\/wp-content\/uploads\/2019\/05\/logo.png\",\"width\":112,\"height\":112,\"caption\":\"Official Czech & Slovak Everton Supporters' Club\"},\"image\":{\"@id\":\"https:\/\/evertonfc.cz\/#\/schema\/logo\/image\/\"},\"sameAs\":[\"https:\/\/www.facebook.com\/everton.fans.cz.sk\"]},{\"@type\":\"Person\",\"@id\":\"https:\/\/evertonfc.cz\/#\/schema\/person\/f7a5daedb2ffee98480bc70e191aaef1\",\"name\":\"Ri\u010di\",\"sameAs\":[\"https:\/\/x.com\/rbrejsa\"],\"url\":\"https:\/\/evertonfc.cz\/index.php\/author\/rici\/\"}]}<\/script>\n<!-- \/ Yoast SEO plugin. -->","yoast_head_json":{"title":"Je\u0161t\u011b jeden odchod: Allan do Emir\u00e1t\u016f - Official Czech &amp; Slovak Everton Supporters&#039; Club","description":"31let\u00fd brazilsk\u00fd st\u0159edopola\u0159 ode\u0161el rok p\u0159ed koncem smlouvy do Spojen\u00fdch arabsk\u00fdch emir\u00e1t\u016f, kde se upsal celku Al Wahda z hlavn\u00edho m\u011bsta Abu Dhabi.","robots":{"index":"index","follow":"follow","max-snippet":"max-snippet:-1","max-image-preview":"max-image-preview:large","max-video-preview":"max-video-preview:-1"},"canonical":"https:\/\/evertonfc.cz\/index.php\/2022\/09\/26\/jeste-jeden-odchod-allan-do-emiratu\/","og_locale":"cs_CZ","og_type":"article","og_title":"Je\u0161t\u011b jeden odchod: Allan do Emir\u00e1t\u016f - Official Czech &amp; Slovak Everton Supporters&#039; Club","og_description":"31let\u00fd brazilsk\u00fd st\u0159edopola\u0159 ode\u0161el rok p\u0159ed koncem smlouvy do Spojen\u00fdch arabsk\u00fdch emir\u00e1t\u016f, kde se upsal celku Al Wahda z hlavn\u00edho m\u011bsta Abu Dhabi.","og_url":"https:\/\/evertonfc.cz\/index.php\/2022\/09\/26\/jeste-jeden-odchod-allan-do-emiratu\/","og_site_name":"Official Czech &amp; Slovak Everton Supporters&#039; Club","article_publisher":"https:\/\/www.facebook.com\/everton.fans.cz.sk","article_published_time":"2022-09-26T05:49:21+00:00","article_modified_time":"2022-09-27T07:07:41+00:00","og_image":[{"width":720,"height":405,"url":"https:\/\/evertonfc.cz\/wp-content\/uploads\/2022\/09\/allan_26_9_2022.jpg","type":"image\/jpeg"}],"author":"Ri\u010di","twitter_card":"summary_large_image","twitter_creator":"@rbrejsa","twitter_misc":{"Napsal(a)":"Ri\u010di","Odhadovan\u00e1 doba \u010dten\u00ed":"2 minuty"},"schema":{"@context":"https:\/\/schema.org","@graph":[{"@type":"Article","@id":"https:\/\/evertonfc.cz\/index.php\/2022\/09\/26\/jeste-jeden-odchod-allan-do-emiratu\/#article","isPartOf":{"@id":"https:\/\/evertonfc.cz\/index.php\/2022\/09\/26\/jeste-jeden-odchod-allan-do-emiratu\/"},"author":{"name":"Ri\u010di","@id":"https:\/\/evertonfc.cz\/#\/schema\/person\/f7a5daedb2ffee98480bc70e191aaef1"},"headline":"Je\u0161t\u011b jeden odchod: Allan do Emir\u00e1t\u016f","datePublished":"2022-09-26T05:49:21+00:00","dateModified":"2022-09-27T07:07:41+00:00","mainEntityOfPage":{"@id":"https:\/\/evertonfc.cz\/index.php\/2022\/09\/26\/jeste-jeden-odchod-allan-do-emiratu\/"},"wordCount":288,"commentCount":18,"publisher":{"@id":"https:\/\/evertonfc.cz\/#organization"},"image":{"@id":"https:\/\/evertonfc.cz\/index.php\/2022\/09\/26\/jeste-jeden-odchod-allan-do-emiratu\/#primaryimage"},"thumbnailUrl":"https:\/\/evertonfc.cz\/wp-content\/uploads\/2022\/09\/allan_26_9_2022.jpg","articleSection":["P\u0159estupy"],"inLanguage":"cs","potentialAction":[{"@type":"CommentAction","name":"Comment","target":["https:\/\/evertonfc.cz\/index.php\/2022\/09\/26\/jeste-jeden-odchod-allan-do-emiratu\/#respond"]}]},{"@type":"WebPage","@id":"https:\/\/evertonfc.cz\/index.php\/2022\/09\/26\/jeste-jeden-odchod-allan-do-emiratu\/","url":"https:\/\/evertonfc.cz\/index.php\/2022\/09\/26\/jeste-jeden-odchod-allan-do-emiratu\/","name":"Je\u0161t\u011b jeden odchod: Allan do Emir\u00e1t\u016f - Official Czech &amp; Slovak Everton Supporters&#039; Club","isPartOf":{"@id":"https:\/\/evertonfc.cz\/#website"},"primaryImageOfPage":{"@id":"https:\/\/evertonfc.cz\/index.php\/2022\/09\/26\/jeste-jeden-odchod-allan-do-emiratu\/#primaryimage"},"image":{"@id":"https:\/\/evertonfc.cz\/index.php\/2022\/09\/26\/jeste-jeden-odchod-allan-do-emiratu\/#primaryimage"},"thumbnailUrl":"https:\/\/evertonfc.cz\/wp-content\/uploads\/2022\/09\/allan_26_9_2022.jpg","datePublished":"2022-09-26T05:49:21+00:00","dateModified":"2022-09-27T07:07:41+00:00","description":"31let\u00fd brazilsk\u00fd st\u0159edopola\u0159 ode\u0161el rok p\u0159ed koncem smlouvy do Spojen\u00fdch arabsk\u00fdch emir\u00e1t\u016f, kde se upsal celku Al Wahda z hlavn\u00edho m\u011bsta Abu Dhabi.","breadcrumb":{"@id":"https:\/\/evertonfc.cz\/index.php\/2022\/09\/26\/jeste-jeden-odchod-allan-do-emiratu\/#breadcrumb"},"inLanguage":"cs","potentialAction":[{"@type":"ReadAction","target":["https:\/\/evertonfc.cz\/index.php\/2022\/09\/26\/jeste-jeden-odchod-allan-do-emiratu\/"]}]},{"@type":"ImageObject","inLanguage":"cs","@id":"https:\/\/evertonfc.cz\/index.php\/2022\/09\/26\/jeste-jeden-odchod-allan-do-emiratu\/#primaryimage","url":"https:\/\/evertonfc.cz\/wp-content\/uploads\/2022\/09\/allan_26_9_2022.jpg","contentUrl":"https:\/\/evertonfc.cz\/wp-content\/uploads\/2022\/09\/allan_26_9_2022.jpg","width":720,"height":405},{"@type":"BreadcrumbList","@id":"https:\/\/evertonfc.cz\/index.php\/2022\/09\/26\/jeste-jeden-odchod-allan-do-emiratu\/#breadcrumb","itemListElement":[{"@type":"ListItem","position":1,"name":"Home","item":"https:\/\/evertonfc.cz\/"},{"@type":"ListItem","position":2,"name":"Je\u0161t\u011b jeden odchod: Allan do Emir\u00e1t\u016f"}]},{"@type":"WebSite","@id":"https:\/\/evertonfc.cz\/#website","url":"https:\/\/evertonfc.cz\/","name":"Official Czech &amp; Slovak Everton Supporters&#039; Club","description":"","publisher":{"@id":"https:\/\/evertonfc.cz\/#organization"},"potentialAction":[{"@type":"SearchAction","target":{"@type":"EntryPoint","urlTemplate":"https:\/\/evertonfc.cz\/?s={search_term_string}"},"query-input":{"@type":"PropertyValueSpecification","valueRequired":true,"valueName":"search_term_string"}}],"inLanguage":"cs"},{"@type":"Organization","@id":"https:\/\/evertonfc.cz\/#organization","name":"Official Czech & Slovak Everton Supporters' Club","url":"https:\/\/evertonfc.cz\/","logo":{"@type":"ImageObject","inLanguage":"cs","@id":"https:\/\/evertonfc.cz\/#\/schema\/logo\/image\/","url":"https:\/\/evertonfc.cz\/wp-content\/uploads\/2019\/05\/logo.png","contentUrl":"https:\/\/evertonfc.cz\/wp-content\/uploads\/2019\/05\/logo.png","width":112,"height":112,"caption":"Official Czech & Slovak Everton Supporters' Club"},"image":{"@id":"https:\/\/evertonfc.cz\/#\/schema\/logo\/image\/"},"sameAs":["https:\/\/www.facebook.com\/everton.fans.cz.sk"]},{"@type":"Person","@id":"https:\/\/evertonfc.cz\/#\/schema\/person\/f7a5daedb2ffee98480bc70e191aaef1","name":"Ri\u010di","sameAs":["https:\/\/x.com\/rbrejsa"],"url":"https:\/\/evertonfc.cz\/index.php\/author\/rici\/"}]}},"_links":{"self":[{"href":"https:\/\/evertonfc.cz\/index.php\/wp-json\/wp\/v2\/posts\/19953"}],"collection":[{"href":"https:\/\/evertonfc.cz\/index.php\/wp-json\/wp\/v2\/posts"}],"about":[{"href":"https:\/\/evertonfc.cz\/index.php\/wp-json\/wp\/v2\/types\/post"}],"author":[{"embeddable":true,"href":"https:\/\/evertonfc.cz\/index.php\/wp-json\/wp\/v2\/users\/6"}],"replies":[{"embeddable":true,"href":"https:\/\/evertonfc.cz\/index.php\/wp-json\/wp\/v2\/comments?post=19953"}],"version-history":[{"count":9,"href":"https:\/\/evertonfc.cz\/index.php\/wp-json\/wp\/v2\/posts\/19953\/revisions"}],"predecessor-version":[{"id":19970,"href":"https:\/\/evertonfc.cz\/index.php\/wp-json\/wp\/v2\/posts\/19953\/revisions\/19970"}],"wp:featuredmedia":[{"embeddable":true,"href":"https:\/\/evertonfc.cz\/index.php\/wp-json\/wp\/v2\/media\/19952"}],"wp:attachment":[{"href":"https:\/\/evertonfc.cz\/index.php\/wp-json\/wp\/v2\/media?parent=19953"}],"wp:term":[{"taxonomy":"category","embeddable":true,"href":"https:\/\/evertonfc.cz\/index.php\/wp-json\/wp\/v2\/categories?post=19953"},{"taxonomy":"post_tag","embeddable":true,"href":"https:\/\/evertonfc.cz\/index.php\/wp-json\/wp\/v2\/tags?post=19953"}],"curies":[{"name":"wp","href":"https:\/\/api.w.org\/{rel}","templated":true}]}}