{"id":19983,"date":"2022-09-30T22:43:43","date_gmt":"2022-09-30T20:43:43","guid":{"rendered":"https:\/\/evertonfc.cz\/?p=19983"},"modified":"2022-10-01T12:40:19","modified_gmt":"2022-10-01T10:40:19","slug":"everton-w-leicester-w-10","status":"publish","type":"post","link":"https:\/\/evertonfc.cz\/index.php\/2022\/09\/30\/everton-w-leicester-w-10\/","title":{"rendered":"Everton W &#8211; Leicester W 1:0"},"content":{"rendered":"<h4>Prvn\u00ed dom\u00e1c\u00ed z\u00e1pas nov\u00e9 sez\u00f3ny na vyprodan\u00e9m stadionku skon\u010dil jen se \u0161t\u011bst\u00edm t\u011bsnou v\u00fdhrou dom\u00e1c\u00edch.<\/h4>\n<p>Po suver\u00e9nn\u00edm v\u00fdkonu v Merseyside derby byla n\u00e1lada v t\u00fdmu i mezi fanou\u0161ky vynikaj\u00edc\u00ed a o\u010dek\u00e1v\u00e1n\u00ed vysok\u00e1. P\u0159edveden\u00fd v\u00fdkon n\u00e1s v\u0161ak vr\u00e1til velmi rychle na zem: tahle sez\u00f3na nebude jednoduch\u00e1 a do suverenity m\u00e1me daleko. Sestava se od t\u00e9 v\u00edt\u011bzn\u00e9 na Anfieldu p\u0159\u00edli\u0161 neli\u0161ila, jen v br\u00e1n\u011b dostala mo\u017enost premi\u00e9rov\u011b uk\u00e1zat sv\u00e9 brank\u00e1\u0159sk\u00e9 kvality zap\u016fj\u010den\u00e1 Emilly Ramsey. Vheeler je nemocn\u00e1 a Bever-Jones je\u0161t\u011b pracuje na fyzick\u00e9 kondici. V dresu soupe\u0159e jsme mohli p\u0159iv\u00edtat ex-evertonsk\u00e9 Molly Pike a zejm\u00e9na Kirsti Levell, kter\u00e1 mezi roky 2015-2020 jednapades\u00e1tkr\u00e1t h\u00e1jila branku karamel. A abychom spole\u010denskou rubriku tohoto reportu vyu\u017eili beze zbytku, tak bychom r\u00e1di informovali \u010dten\u00e1\u0159e, \u017ee Tony Duggan ozn\u00e1mila t\u011bhotenstv\u00ed a sez\u00f3nu p\u0159ed\u010dasn\u011b ukon\u010duje. Klub i fanou\u0161ci jsou zpr\u00e1vou pot\u011b\u0161en\u00ed a p\u0159ej\u00ed Tony a jej\u00ed rodin\u011b hodn\u011b \u0161t\u011bst\u00ed. K \u010demu\u017e se r\u00e1di p\u0159ipojujeme.<\/p>\n<h4>Prvn\u00ed polo\u010das<\/h4>\n<p>hned od za\u010d\u00e1tku uk\u00e1zal, \u017ee li\u0161ky n\u00e1m nep\u0159ijely d\u00e1t jen dobrou noc a nechat si u toho nas\u00e1zet t\u0159i g\u00f3ly. Bez v\u00e1h\u00e1n\u00ed rychle p\u0159istupovaly k na\u0161im hr\u00e1\u010dk\u00e1m, neposkytly jim \u010das ani prostor k n\u011bjak\u00e9 rozehr\u00e1vce dop\u0159edu, ale tak\u00e9 se samy netla\u010dily do n\u011bjak\u00e9 v\u00e1\u017en\u011bj\u0161\u00ed akce. Prvn\u00ed seri\u00f3zn\u00ed st\u0159elu na br\u00e1nu vyslala a\u017e po \u010dtvrthodin\u011b hry Pike, ale Ramsey na\u0161\u00ed br\u00e1n\u011b sv\u016fj k\u0159est ohn\u011bm zvl\u00e1dla s jistotou. Za n\u00e1s odpov\u011bd\u011bla Veje o p\u011bt minut pozd\u011bji, ale jej\u00ed st\u0159ela \u0161la mimo branku. D\u00e1le je obt\u00ed\u017en\u00e9 o n\u011b\u010dem referovat, proto\u017ee na h\u0159i\u0161ti se toho skute\u010dn\u011b mnoho ned\u011blo. Na sporadick\u00e9 pr\u016fniky Christiansen ani Park (zapla\u0165p\u00e1nb\u016fh aspo\u0148 za n\u011b) jsme nedok\u00e1zali nav\u00e1zat ani jak\u00fdmkoliv n\u00e1znakem smyslupln\u00e9 kombinace. A Snoeijs op\u011bt pohrdla m\u00ed\u010dem p\u0159edlo\u017een\u00fdm p\u0159\u00edmo p\u0159ed branku. Snad jen st\u0159ela Graham t\u011bsn\u011b p\u0159ed p\u016fl\u00ed mohl na okam\u017eik zv\u00fd\u0161it tepovou frekvenci Evertonians, \u0161la v\u0161ak bohu\u017eel op\u011bt vedle.<\/p>\n<h4>Druh\u00fd polo\u010das<\/h4>\n<p>nebyl zpo\u010d\u00e1tku o mnoho lep\u0161\u00ed. P\u00e1r minut po jej\u00edm za\u010d\u00e1tku si Bj\u00f6rn vyslou\u017eila \u017elutou kartu, kdy\u017e br\u00e1nila Ramsey, kter\u00e9 jak se zd\u00e1lo, Tierney \u0161l\u00e1pla na hlavu. Na\u0161t\u011bst\u00ed z toho \u017e\u00e1dn\u00e9 zran\u011bn\u00ed ani v\u011bt\u0161\u00ed mela nebyly. A\u017e s p\u0159\u00edchodem Bennison a Karen Holmgaard jsme p\u0159eci jen mohli doufat ve zvrat. Ob\u011b p\u0159\u00edchoz\u00ed se z\u00e1hy po naklus\u00e1n\u00ed na tr\u00e1vn\u00edk prezentovaly nebezpe\u010dn\u00fdmi st\u0159elami, v obou p\u0159\u00edpadech v\u0161ak kryt\u00fdmi Levell. Rovn\u011b\u017e p\u0159\u00edchod Gio vnesl trochu \u017eivota do na\u0161\u00ed hry, ale ke g\u00f3lu to nevedlo.<\/p>\n<p>Vymyslet, nato\u017e pak zrealizovat n\u011bjakou kombinaci se n\u00e1m neda\u0159ilo a z\u0159\u00eddkav\u00e9 samostatn\u00e9 pr\u016fniky nebezpe\u010dn\u00e9 nebyly. Kdy\u017e u\u017e se zd\u00e1lo, \u017ee z\u00e1pas skon\u010d\u00ed rem\u00edzou, tak ve t\u0159et\u00ed minut\u011b nastaven\u00ed se Bennison postavila k p\u0159\u00edm\u00e9mu kopu vlevo za hranic\u00ed v\u00e1pna. Na br\u00e1nu vyslala to\u010denou st\u0159elu, kter\u00e1 sice sm\u011b\u0159ovala patrn\u011b mimo, ale Levell se j\u00ed p\u0159esto pokusila vyrazit. P\u0159i t\u00e9 p\u0159\u00edle\u017eitosti si j\u00ed odrazila do branky &#8211; <strong>1:0<\/strong>. A proto\u017ee tato st\u0159ela byla u\u017e t\u00e9m\u011b\u0159 posledn\u00edm kopem do m\u00ed\u010de tohoto z\u00e1pasu, tak to bylo tak\u00e9 sk\u00f3re kone\u010dn\u00e9.<\/p>\n<h4>Shrnut\u00ed<\/h4>\n<p>Po nudn\u00e9m utk\u00e1n\u00ed a b\u00eddn\u00e9m v\u00fdkonu se nakonec p\u0159eci jen povedlo vyk\u0159esat \u010dist\u00e9 konto a hlavn\u011b dal\u0161\u00ed t\u0159i body. Naproti tomu Leicester prodlou\u017eil \u0161\u0148\u016fru sv\u00fdch utk\u00e1n\u00ed bez v\u00edtezstv\u00ed na 20 v \u0159ad\u011b. Z\u00e1rove\u0148 se slu\u0161\u00ed dodat, \u017ee body jsme z\u00edskali se \u0161t\u011bst\u00edm, p\u0159edveden\u00e1 hra si rozhodn\u011b bodov\u00fd zisk moc n\u00e1rokovat nemohla. Pot\u011b\u0161iteln\u00fd byl v\u00fdkon Veje v prvn\u00ed p\u016fli, ve druh\u00e9 pak Holmgaard nazna\u010dila, \u017ee by mohla b\u00fdt cennou posilou. Bj\u00f6rn mysl\u00edm definitivn\u011b uk\u00e1zala, \u017ee jej\u00ed m\u00edsto sp\u00ed\u0161e ne\u017e na stoperu je v z\u00e1loze, kde p\u0159edpokl\u00e1d\u00e1m j\u00ed uvid\u00edme st\u00e1le \u010dast\u011bji. V ka\u017ed\u00e9m p\u0159\u00edpad\u011b z\u00e1pas uk\u00e1zal, \u017ee jak hr\u00e1\u010dky, tak Brian S\u00f8rensen maj\u00ed je\u0161t\u011b na \u010dem pracovat. Do dal\u0161\u00edho z\u00e1pasu zb\u00fdvaj\u00ed v\u00edce ne\u017e dva t\u00fddny. Doufejme, \u017ee se do t\u00e9 doby povede na\u0161\u00ed v\u00fdkonnost zvednou, proto\u017ee 16.10. od 14:00 n\u00e1s \u010dek\u00e1 Chelsea. <strong><span style=\"color: #0000ff;\">Come On You Blue Girls!<\/span><\/strong><\/p>\n<p style=\"text-align: right;\"><span style=\"font-size: 8pt;\"><em>Zdroj fotografie: Sky Sports<\/em><\/span><\/p>\n<p><strong>Dr\u017een\u00ed m\u00ed\u010de:<\/strong> 68% : 32% <strong>St\u0159ely:<\/strong> 8:8 (na br\u00e1nu 2:3)<\/p>\n<p><strong>Branky:<\/strong> Levell &#8211; vlastn\u00ed (90+3\u00b4)\u00a0 <strong>\u017dK: <\/strong>Graham, Bj\u00f6rn &#8211; O\u00b4Brien<\/p>\n<p><strong>Everton (5-4-1): <\/strong>Ramsey; Graham, Finnigan, Sevecke, Veje (Maier 85\u00b4), George (Stenevik 70\u00b4); Park (Gio 69\u00b4), Galli (Holmgaard 60\u00b4), Bj\u00f6rn, Christiansen (Bennison 60\u00b4); Snoeijs<\/p>\n<p><strong>Leicester (3-5-2): <\/strong>Levell; Howard, Tierney, Plumptre; Simon, Whelan, Green, Pike, Purfield; Jones (Flint 55\u00b4 (Scofield 90+3)), O\u00b4Brien (Goodwin 75\u00b4)<\/p>\n<p><strong>Rozhod\u010d\u00ed:<\/strong> Cheryl Foster<\/p>\n<p><iframe loading=\"lazy\" title=\"Everton vs Leicester City - Full Match - FA WSL (29.09.2022)\" width=\"1140\" height=\"641\" src=\"https:\/\/www.youtube.com\/embed\/Qpgq5GukbQs?feature=oembed\" frameborder=\"0\" allow=\"accelerometer; autoplay; clipboard-write; encrypted-media; gyroscope; picture-in-picture\" allowfullscreen><\/iframe><\/p>\n","protected":false},"excerpt":{"rendered":"<p>Prvn\u00ed dom\u00e1c\u00ed z\u00e1pas nov\u00e9 sez\u00f3ny na vyprodan\u00e9m stadionku skon\u010dil jen se \u0161t\u011bst\u00edm t\u011bsnou v\u00fdhrou dom\u00e1c\u00edch.\u00a0<\/p>\n","protected":false},"author":26,"featured_media":20003,"comment_status":"open","ping_status":"closed","sticky":false,"template":"","format":"standard","meta":{"_eb_attr":"","_monsterinsights_skip_tracking":false,"_monsterinsights_sitenote_active":false,"_monsterinsights_sitenote_note":"","_monsterinsights_sitenote_category":0,"footnotes":""},"categories":[110],"tags":[],"yoast_head":"<!-- This site is optimized with the Yoast SEO plugin v23.4 - https:\/\/yoast.com\/wordpress\/plugins\/seo\/ -->\n<title>Everton W - Leicester W 1:0 - Official Czech &amp; Slovak Everton Supporters&#039; Club<\/title>\n<meta name=\"robots\" content=\"index, follow, max-snippet:-1, max-image-preview:large, max-video-preview:-1\" \/>\n<link rel=\"canonical\" href=\"https:\/\/evertonfc.cz\/index.php\/2022\/09\/30\/everton-w-leicester-w-10\/\" \/>\n<meta property=\"og:locale\" content=\"cs_CZ\" \/>\n<meta property=\"og:type\" content=\"article\" \/>\n<meta property=\"og:title\" content=\"Everton W - Leicester W 1:0 - Official Czech &amp; Slovak Everton Supporters&#039; Club\" \/>\n<meta property=\"og:description\" content=\"Prvn\u00ed dom\u00e1c\u00ed z\u00e1pas nov\u00e9 sez\u00f3ny na vyprodan\u00e9m stadionku skon\u010dil jen se \u0161t\u011bst\u00edm t\u011bsnou v\u00fdhrou dom\u00e1c\u00edch.\u00a0\" \/>\n<meta property=\"og:url\" content=\"https:\/\/evertonfc.cz\/index.php\/2022\/09\/30\/everton-w-leicester-w-10\/\" \/>\n<meta property=\"og:site_name\" content=\"Official Czech &amp; Slovak Everton Supporters&#039; Club\" \/>\n<meta property=\"article:publisher\" content=\"https:\/\/www.facebook.com\/everton.fans.cz.sk\" \/>\n<meta property=\"article:published_time\" content=\"2022-09-30T20:43:43+00:00\" \/>\n<meta property=\"article:modified_time\" content=\"2022-10-01T10:40:19+00:00\" \/>\n<meta property=\"og:image\" content=\"https:\/\/evertonfc.cz\/wp-content\/uploads\/2022\/09\/Everton-Leicesterr_web_29_9_2022.jpg\" \/>\n\t<meta property=\"og:image:width\" content=\"720\" \/>\n\t<meta property=\"og:image:height\" content=\"405\" \/>\n\t<meta property=\"og:image:type\" content=\"image\/jpeg\" \/>\n<meta name=\"author\" content=\"Karamela\" \/>\n<meta name=\"twitter:card\" content=\"summary_large_image\" \/>\n<meta name=\"twitter:label1\" content=\"Napsal(a)\" \/>\n\t<meta name=\"twitter:data1\" content=\"Karamela\" \/>\n\t<meta name=\"twitter:label2\" content=\"Odhadovan\u00e1 doba \u010dten\u00ed\" \/>\n\t<meta name=\"twitter:data2\" content=\"4 minuty\" \/>\n<script type=\"application\/ld+json\" class=\"yoast-schema-graph\">{\"@context\":\"https:\/\/schema.org\",\"@graph\":[{\"@type\":\"Article\",\"@id\":\"https:\/\/evertonfc.cz\/index.php\/2022\/09\/30\/everton-w-leicester-w-10\/#article\",\"isPartOf\":{\"@id\":\"https:\/\/evertonfc.cz\/index.php\/2022\/09\/30\/everton-w-leicester-w-10\/\"},\"author\":{\"name\":\"Karamela\",\"@id\":\"https:\/\/evertonfc.cz\/#\/schema\/person\/e9a24a80a32efa1344dd2c4e5882185c\"},\"headline\":\"Everton W &#8211; Leicester W 1:0\",\"datePublished\":\"2022-09-30T20:43:43+00:00\",\"dateModified\":\"2022-10-01T10:40:19+00:00\",\"mainEntityOfPage\":{\"@id\":\"https:\/\/evertonfc.cz\/index.php\/2022\/09\/30\/everton-w-leicester-w-10\/\"},\"wordCount\":905,\"commentCount\":3,\"publisher\":{\"@id\":\"https:\/\/evertonfc.cz\/#organization\"},\"image\":{\"@id\":\"https:\/\/evertonfc.cz\/index.php\/2022\/09\/30\/everton-w-leicester-w-10\/#primaryimage\"},\"thumbnailUrl\":\"https:\/\/evertonfc.cz\/wp-content\/uploads\/2022\/09\/Everton-Leicesterr_web_29_9_2022.jpg\",\"articleSection\":[\"Everton Women\"],\"inLanguage\":\"cs\",\"potentialAction\":[{\"@type\":\"CommentAction\",\"name\":\"Comment\",\"target\":[\"https:\/\/evertonfc.cz\/index.php\/2022\/09\/30\/everton-w-leicester-w-10\/#respond\"]}]},{\"@type\":\"WebPage\",\"@id\":\"https:\/\/evertonfc.cz\/index.php\/2022\/09\/30\/everton-w-leicester-w-10\/\",\"url\":\"https:\/\/evertonfc.cz\/index.php\/2022\/09\/30\/everton-w-leicester-w-10\/\",\"name\":\"Everton W - Leicester W 1:0 - Official Czech &amp; Slovak Everton Supporters&#039; Club\",\"isPartOf\":{\"@id\":\"https:\/\/evertonfc.cz\/#website\"},\"primaryImageOfPage\":{\"@id\":\"https:\/\/evertonfc.cz\/index.php\/2022\/09\/30\/everton-w-leicester-w-10\/#primaryimage\"},\"image\":{\"@id\":\"https:\/\/evertonfc.cz\/index.php\/2022\/09\/30\/everton-w-leicester-w-10\/#primaryimage\"},\"thumbnailUrl\":\"https:\/\/evertonfc.cz\/wp-content\/uploads\/2022\/09\/Everton-Leicesterr_web_29_9_2022.jpg\",\"datePublished\":\"2022-09-30T20:43:43+00:00\",\"dateModified\":\"2022-10-01T10:40:19+00:00\",\"breadcrumb\":{\"@id\":\"https:\/\/evertonfc.cz\/index.php\/2022\/09\/30\/everton-w-leicester-w-10\/#breadcrumb\"},\"inLanguage\":\"cs\",\"potentialAction\":[{\"@type\":\"ReadAction\",\"target\":[\"https:\/\/evertonfc.cz\/index.php\/2022\/09\/30\/everton-w-leicester-w-10\/\"]}]},{\"@type\":\"ImageObject\",\"inLanguage\":\"cs\",\"@id\":\"https:\/\/evertonfc.cz\/index.php\/2022\/09\/30\/everton-w-leicester-w-10\/#primaryimage\",\"url\":\"https:\/\/evertonfc.cz\/wp-content\/uploads\/2022\/09\/Everton-Leicesterr_web_29_9_2022.jpg\",\"contentUrl\":\"https:\/\/evertonfc.cz\/wp-content\/uploads\/2022\/09\/Everton-Leicesterr_web_29_9_2022.jpg\",\"width\":720,\"height\":405},{\"@type\":\"BreadcrumbList\",\"@id\":\"https:\/\/evertonfc.cz\/index.php\/2022\/09\/30\/everton-w-leicester-w-10\/#breadcrumb\",\"itemListElement\":[{\"@type\":\"ListItem\",\"position\":1,\"name\":\"Home\",\"item\":\"https:\/\/evertonfc.cz\/\"},{\"@type\":\"ListItem\",\"position\":2,\"name\":\"Everton W &#8211; Leicester W 1:0\"}]},{\"@type\":\"WebSite\",\"@id\":\"https:\/\/evertonfc.cz\/#website\",\"url\":\"https:\/\/evertonfc.cz\/\",\"name\":\"Official Czech &amp; Slovak Everton Supporters&#039; Club\",\"description\":\"\",\"publisher\":{\"@id\":\"https:\/\/evertonfc.cz\/#organization\"},\"potentialAction\":[{\"@type\":\"SearchAction\",\"target\":{\"@type\":\"EntryPoint\",\"urlTemplate\":\"https:\/\/evertonfc.cz\/?s={search_term_string}\"},\"query-input\":{\"@type\":\"PropertyValueSpecification\",\"valueRequired\":true,\"valueName\":\"search_term_string\"}}],\"inLanguage\":\"cs\"},{\"@type\":\"Organization\",\"@id\":\"https:\/\/evertonfc.cz\/#organization\",\"name\":\"Official Czech & Slovak Everton Supporters' Club\",\"url\":\"https:\/\/evertonfc.cz\/\",\"logo\":{\"@type\":\"ImageObject\",\"inLanguage\":\"cs\",\"@id\":\"https:\/\/evertonfc.cz\/#\/schema\/logo\/image\/\",\"url\":\"https:\/\/evertonfc.cz\/wp-content\/uploads\/2019\/05\/logo.png\",\"contentUrl\":\"https:\/\/evertonfc.cz\/wp-content\/uploads\/2019\/05\/logo.png\",\"width\":112,\"height\":112,\"caption\":\"Official Czech & Slovak Everton Supporters' Club\"},\"image\":{\"@id\":\"https:\/\/evertonfc.cz\/#\/schema\/logo\/image\/\"},\"sameAs\":[\"https:\/\/www.facebook.com\/everton.fans.cz.sk\"]},{\"@type\":\"Person\",\"@id\":\"https:\/\/evertonfc.cz\/#\/schema\/person\/e9a24a80a32efa1344dd2c4e5882185c\",\"name\":\"Karamela\",\"url\":\"https:\/\/evertonfc.cz\/index.php\/author\/karamela\/\"}]}<\/script>\n<!-- \/ Yoast SEO plugin. -->","yoast_head_json":{"title":"Everton W - Leicester W 1:0 - Official Czech &amp; Slovak Everton Supporters&#039; Club","robots":{"index":"index","follow":"follow","max-snippet":"max-snippet:-1","max-image-preview":"max-image-preview:large","max-video-preview":"max-video-preview:-1"},"canonical":"https:\/\/evertonfc.cz\/index.php\/2022\/09\/30\/everton-w-leicester-w-10\/","og_locale":"cs_CZ","og_type":"article","og_title":"Everton W - Leicester W 1:0 - Official Czech &amp; Slovak Everton Supporters&#039; Club","og_description":"Prvn\u00ed dom\u00e1c\u00ed z\u00e1pas nov\u00e9 sez\u00f3ny na vyprodan\u00e9m stadionku skon\u010dil jen se \u0161t\u011bst\u00edm t\u011bsnou v\u00fdhrou dom\u00e1c\u00edch.\u00a0","og_url":"https:\/\/evertonfc.cz\/index.php\/2022\/09\/30\/everton-w-leicester-w-10\/","og_site_name":"Official Czech &amp; Slovak Everton Supporters&#039; Club","article_publisher":"https:\/\/www.facebook.com\/everton.fans.cz.sk","article_published_time":"2022-09-30T20:43:43+00:00","article_modified_time":"2022-10-01T10:40:19+00:00","og_image":[{"width":720,"height":405,"url":"https:\/\/evertonfc.cz\/wp-content\/uploads\/2022\/09\/Everton-Leicesterr_web_29_9_2022.jpg","type":"image\/jpeg"}],"author":"Karamela","twitter_card":"summary_large_image","twitter_misc":{"Napsal(a)":"Karamela","Odhadovan\u00e1 doba \u010dten\u00ed":"4 minuty"},"schema":{"@context":"https:\/\/schema.org","@graph":[{"@type":"Article","@id":"https:\/\/evertonfc.cz\/index.php\/2022\/09\/30\/everton-w-leicester-w-10\/#article","isPartOf":{"@id":"https:\/\/evertonfc.cz\/index.php\/2022\/09\/30\/everton-w-leicester-w-10\/"},"author":{"name":"Karamela","@id":"https:\/\/evertonfc.cz\/#\/schema\/person\/e9a24a80a32efa1344dd2c4e5882185c"},"headline":"Everton W &#8211; Leicester W 1:0","datePublished":"2022-09-30T20:43:43+00:00","dateModified":"2022-10-01T10:40:19+00:00","mainEntityOfPage":{"@id":"https:\/\/evertonfc.cz\/index.php\/2022\/09\/30\/everton-w-leicester-w-10\/"},"wordCount":905,"commentCount":3,"publisher":{"@id":"https:\/\/evertonfc.cz\/#organization"},"image":{"@id":"https:\/\/evertonfc.cz\/index.php\/2022\/09\/30\/everton-w-leicester-w-10\/#primaryimage"},"thumbnailUrl":"https:\/\/evertonfc.cz\/wp-content\/uploads\/2022\/09\/Everton-Leicesterr_web_29_9_2022.jpg","articleSection":["Everton Women"],"inLanguage":"cs","potentialAction":[{"@type":"CommentAction","name":"Comment","target":["https:\/\/evertonfc.cz\/index.php\/2022\/09\/30\/everton-w-leicester-w-10\/#respond"]}]},{"@type":"WebPage","@id":"https:\/\/evertonfc.cz\/index.php\/2022\/09\/30\/everton-w-leicester-w-10\/","url":"https:\/\/evertonfc.cz\/index.php\/2022\/09\/30\/everton-w-leicester-w-10\/","name":"Everton W - Leicester W 1:0 - Official Czech &amp; Slovak Everton Supporters&#039; Club","isPartOf":{"@id":"https:\/\/evertonfc.cz\/#website"},"primaryImageOfPage":{"@id":"https:\/\/evertonfc.cz\/index.php\/2022\/09\/30\/everton-w-leicester-w-10\/#primaryimage"},"image":{"@id":"https:\/\/evertonfc.cz\/index.php\/2022\/09\/30\/everton-w-leicester-w-10\/#primaryimage"},"thumbnailUrl":"https:\/\/evertonfc.cz\/wp-content\/uploads\/2022\/09\/Everton-Leicesterr_web_29_9_2022.jpg","datePublished":"2022-09-30T20:43:43+00:00","dateModified":"2022-10-01T10:40:19+00:00","breadcrumb":{"@id":"https:\/\/evertonfc.cz\/index.php\/2022\/09\/30\/everton-w-leicester-w-10\/#breadcrumb"},"inLanguage":"cs","potentialAction":[{"@type":"ReadAction","target":["https:\/\/evertonfc.cz\/index.php\/2022\/09\/30\/everton-w-leicester-w-10\/"]}]},{"@type":"ImageObject","inLanguage":"cs","@id":"https:\/\/evertonfc.cz\/index.php\/2022\/09\/30\/everton-w-leicester-w-10\/#primaryimage","url":"https:\/\/evertonfc.cz\/wp-content\/uploads\/2022\/09\/Everton-Leicesterr_web_29_9_2022.jpg","contentUrl":"https:\/\/evertonfc.cz\/wp-content\/uploads\/2022\/09\/Everton-Leicesterr_web_29_9_2022.jpg","width":720,"height":405},{"@type":"BreadcrumbList","@id":"https:\/\/evertonfc.cz\/index.php\/2022\/09\/30\/everton-w-leicester-w-10\/#breadcrumb","itemListElement":[{"@type":"ListItem","position":1,"name":"Home","item":"https:\/\/evertonfc.cz\/"},{"@type":"ListItem","position":2,"name":"Everton W &#8211; Leicester W 1:0"}]},{"@type":"WebSite","@id":"https:\/\/evertonfc.cz\/#website","url":"https:\/\/evertonfc.cz\/","name":"Official Czech &amp; Slovak Everton Supporters&#039; Club","description":"","publisher":{"@id":"https:\/\/evertonfc.cz\/#organization"},"potentialAction":[{"@type":"SearchAction","target":{"@type":"EntryPoint","urlTemplate":"https:\/\/evertonfc.cz\/?s={search_term_string}"},"query-input":{"@type":"PropertyValueSpecification","valueRequired":true,"valueName":"search_term_string"}}],"inLanguage":"cs"},{"@type":"Organization","@id":"https:\/\/evertonfc.cz\/#organization","name":"Official Czech & Slovak Everton Supporters' Club","url":"https:\/\/evertonfc.cz\/","logo":{"@type":"ImageObject","inLanguage":"cs","@id":"https:\/\/evertonfc.cz\/#\/schema\/logo\/image\/","url":"https:\/\/evertonfc.cz\/wp-content\/uploads\/2019\/05\/logo.png","contentUrl":"https:\/\/evertonfc.cz\/wp-content\/uploads\/2019\/05\/logo.png","width":112,"height":112,"caption":"Official Czech & Slovak Everton Supporters' Club"},"image":{"@id":"https:\/\/evertonfc.cz\/#\/schema\/logo\/image\/"},"sameAs":["https:\/\/www.facebook.com\/everton.fans.cz.sk"]},{"@type":"Person","@id":"https:\/\/evertonfc.cz\/#\/schema\/person\/e9a24a80a32efa1344dd2c4e5882185c","name":"Karamela","url":"https:\/\/evertonfc.cz\/index.php\/author\/karamela\/"}]}},"_links":{"self":[{"href":"https:\/\/evertonfc.cz\/index.php\/wp-json\/wp\/v2\/posts\/19983"}],"collection":[{"href":"https:\/\/evertonfc.cz\/index.php\/wp-json\/wp\/v2\/posts"}],"about":[{"href":"https:\/\/evertonfc.cz\/index.php\/wp-json\/wp\/v2\/types\/post"}],"author":[{"embeddable":true,"href":"https:\/\/evertonfc.cz\/index.php\/wp-json\/wp\/v2\/users\/26"}],"replies":[{"embeddable":true,"href":"https:\/\/evertonfc.cz\/index.php\/wp-json\/wp\/v2\/comments?post=19983"}],"version-history":[{"count":16,"href":"https:\/\/evertonfc.cz\/index.php\/wp-json\/wp\/v2\/posts\/19983\/revisions"}],"predecessor-version":[{"id":20009,"href":"https:\/\/evertonfc.cz\/index.php\/wp-json\/wp\/v2\/posts\/19983\/revisions\/20009"}],"wp:featuredmedia":[{"embeddable":true,"href":"https:\/\/evertonfc.cz\/index.php\/wp-json\/wp\/v2\/media\/20003"}],"wp:attachment":[{"href":"https:\/\/evertonfc.cz\/index.php\/wp-json\/wp\/v2\/media?parent=19983"}],"wp:term":[{"taxonomy":"category","embeddable":true,"href":"https:\/\/evertonfc.cz\/index.php\/wp-json\/wp\/v2\/categories?post=19983"},{"taxonomy":"post_tag","embeddable":true,"href":"https:\/\/evertonfc.cz\/index.php\/wp-json\/wp\/v2\/tags?post=19983"}],"curies":[{"name":"wp","href":"https:\/\/api.w.org\/{rel}","templated":true}]}}