{"id":2001,"date":"2018-07-19T19:45:55","date_gmt":"2018-07-19T17:45:55","guid":{"rendered":"http:\/\/evertonfc.cz\/?p=2001"},"modified":"2019-01-31T19:50:30","modified_gmt":"2019-01-31T18:50:30","slug":"ladies-predstavily-venkovni-dresy-evertonu","status":"publish","type":"post","link":"https:\/\/evertonfc.cz\/index.php\/2018\/07\/19\/ladies-predstavily-venkovni-dresy-evertonu\/","title":{"rendered":"Ladies p\u0159edstavily venkovn\u00ed dresy Evertonu"},"content":{"rendered":"\n<h4 class=\"wp-block-heading\">\u017densk\u00fd v\u00fdb\u011br Toffees p\u0159edstavil klubov\u00e9 venkovn\u00ed dresy pro sez\u00f3nu 2018\/19. Everton se po osmi letech vrac\u00ed k r\u016f\u017eov\u00e9 barv\u011b, kterou od\u011bvn\u00ed spole\u010dnost Umbro zkombinovala s \u010dernou.<\/h4>\n\n\n\n<p>Everton se stal z\u00e1rove\u0148 prvn\u00edm klubem Premier League, jeho\u017e p\u0159edstaven\u00ed dres\u016f obstaral \u017eensk\u00fd t\u00fdm.<\/p>\n\n\n\n<p>Tmav\u011b \u0161ed\u00e9 a\u017e \u010dern\u00e9 triko doprov\u00e1z\u00ed stejn\u011b barevn\u011b proveden\u00e9 trenky a \u0161tulpny. R\u016f\u017eov\u00e9 podoby se do\u010dkaly klubov\u00fd znak, znak Umbro, sponzorsk\u00e9 n\u00e1pisy SportPesa na hrudi a Angry Birds na lev\u00e9 pa\u017ei, d\u00e1le zakon\u010den\u00ed ruk\u00e1v\u016f a obrys Prince Rupert&#8217;s Tower v oblasti \u0161\u00edje.<\/p>\n\n\n\n<p>Brank\u00e1\u0159sk\u00fd dres je ve fosforeskuj\u00edc\u00ed \u017elut\u00e9 a oran\u017eov\u00e9.<\/p>\n\n\n\n<p>K p\u0159\u00edle\u017eitosti prezentace venkovn\u00edch dres\u016f Everton nav\u00e1zal na kampa\u0148 Go On, kter\u00e1 oslavuje dynamick\u00fd duch klubu a m\u011bsta a pozm\u011bnil propaga\u010dn\u00ed video k dom\u00e1c\u00edm dres\u016fm. Hlavn\u00ed hereck\u00e9 role&nbsp;<a href=\"https:\/\/www.youtube.com\/watch?v=jx2OaSDz9uM\" target=\"_blank\" rel=\"noreferrer noopener\">v nov\u00e9m videu<\/a>&nbsp;si tentokr\u00e1t st\u0159ihly zmi\u0148ovan\u00e9 Everton Ladies (mezi jin\u00fdmi Chloe Kellyov\u00e1, Megan Finniganov\u00e1 \u010di Danielle Turnerov\u00e1), p\u0159\u00edb\u011bh odvypr\u00e1v\u011bla p\u0159\u00edznivkyn\u011b Evertonu a MMA z\u00e1pasnice Molly &#8222;Meatball&#8220; McCannov\u00e1.<\/p>\n\n\n\n<p>Mu\u017esk\u00fd t\u00fdm nov\u00e9 venkovn\u00ed dresy poprv\u00e9 obl\u00e9kne tuto ned\u011bli v\u00a0utk\u00e1n\u00ed s\u00a0Portem v\u00a0r\u00e1mci p\u0159\u00edpravn\u00e9ho turnaje v\u00a0Portugalsku.<\/p>\n\n\n\n<div class=\"wp-block-image\"><figure class=\"aligncenter\"><img loading=\"lazy\" decoding=\"async\" width=\"450\" height=\"269\" src=\"http:\/\/evertonfc.cz\/wp-content\/uploads\/2019\/01\/away_4.jpg\" alt=\"\" class=\"wp-image-1966\" srcset=\"https:\/\/evertonfc.cz\/wp-content\/uploads\/2019\/01\/away_4.jpg 450w, https:\/\/evertonfc.cz\/wp-content\/uploads\/2019\/01\/away_4-300x179.jpg 300w\" sizes=\"(max-width: 450px) 100vw, 450px\" \/><\/figure><\/div>\n\n\n\n<div class=\"wp-block-image\"><figure class=\"aligncenter\"><img loading=\"lazy\" decoding=\"async\" width=\"360\" height=\"640\" src=\"http:\/\/evertonfc.cz\/wp-content\/uploads\/2019\/01\/away_2.jpg\" alt=\"\" class=\"wp-image-1964\" srcset=\"https:\/\/evertonfc.cz\/wp-content\/uploads\/2019\/01\/away_2.jpg 360w, https:\/\/evertonfc.cz\/wp-content\/uploads\/2019\/01\/away_2-169x300.jpg 169w\" sizes=\"(max-width: 360px) 100vw, 360px\" \/><\/figure><\/div>\n\n\n\n<div class=\"wp-block-image\"><figure class=\"aligncenter\"><img loading=\"lazy\" decoding=\"async\" width=\"450\" height=\"269\" src=\"http:\/\/evertonfc.cz\/wp-content\/uploads\/2019\/01\/away_3.jpg\" alt=\"\" class=\"wp-image-1965\" srcset=\"https:\/\/evertonfc.cz\/wp-content\/uploads\/2019\/01\/away_3.jpg 450w, https:\/\/evertonfc.cz\/wp-content\/uploads\/2019\/01\/away_3-300x179.jpg 300w\" sizes=\"(max-width: 450px) 100vw, 450px\" \/><\/figure><\/div>\n\n\n\n<p><br><\/p>\n","protected":false},"excerpt":{"rendered":"<p>\u017densk\u00fd v\u00fdb\u011br Toffees p\u0159edstavil klubov\u00e9 venkovn\u00ed dresy pro sez\u00f3nu 2018\/19. Everton se po osmi letech vrac\u00ed k r\u016f\u017eov\u00e9 barv\u011b, kterou&hellip;<\/p>\n","protected":false},"author":6,"featured_media":1970,"comment_status":"open","ping_status":"closed","sticky":false,"template":"","format":"standard","meta":{"_eb_attr":"","_monsterinsights_skip_tracking":false,"_monsterinsights_sitenote_active":false,"_monsterinsights_sitenote_note":"","_monsterinsights_sitenote_category":0,"footnotes":""},"categories":[42],"tags":[],"yoast_head":"<!-- This site is optimized with the Yoast SEO plugin v23.4 - https:\/\/yoast.com\/wordpress\/plugins\/seo\/ -->\n<title>Ladies p\u0159edstavily venkovn\u00ed dresy Evertonu - Official Czech &amp; Slovak Everton Supporters&#039; Club<\/title>\n<meta name=\"robots\" content=\"index, follow, max-snippet:-1, max-image-preview:large, max-video-preview:-1\" \/>\n<link rel=\"canonical\" href=\"https:\/\/evertonfc.cz\/index.php\/2018\/07\/19\/ladies-predstavily-venkovni-dresy-evertonu\/\" \/>\n<meta property=\"og:locale\" content=\"cs_CZ\" \/>\n<meta property=\"og:type\" content=\"article\" \/>\n<meta property=\"og:title\" content=\"Ladies p\u0159edstavily venkovn\u00ed dresy Evertonu - Official Czech &amp; Slovak Everton Supporters&#039; Club\" \/>\n<meta property=\"og:description\" content=\"\u017densk\u00fd v\u00fdb\u011br Toffees p\u0159edstavil klubov\u00e9 venkovn\u00ed dresy pro sez\u00f3nu 2018\/19. Everton se po osmi letech vrac\u00ed k r\u016f\u017eov\u00e9 barv\u011b, kterou&hellip;\" \/>\n<meta property=\"og:url\" content=\"https:\/\/evertonfc.cz\/index.php\/2018\/07\/19\/ladies-predstavily-venkovni-dresy-evertonu\/\" \/>\n<meta property=\"og:site_name\" content=\"Official Czech &amp; Slovak Everton Supporters&#039; Club\" \/>\n<meta property=\"article:publisher\" content=\"https:\/\/www.facebook.com\/everton.fans.cz.sk\" \/>\n<meta property=\"article:published_time\" content=\"2018-07-19T17:45:55+00:00\" \/>\n<meta property=\"article:modified_time\" content=\"2019-01-31T18:50:30+00:00\" \/>\n<meta property=\"og:image\" content=\"https:\/\/evertonfc.cz\/wp-content\/uploads\/2019\/01\/kit_19_7_2018.jpg\" \/>\n\t<meta property=\"og:image:width\" content=\"1280\" \/>\n\t<meta property=\"og:image:height\" content=\"720\" \/>\n\t<meta property=\"og:image:type\" content=\"image\/jpeg\" \/>\n<meta name=\"author\" content=\"Ri\u010di\" \/>\n<meta name=\"twitter:card\" content=\"summary_large_image\" \/>\n<meta name=\"twitter:creator\" content=\"@rbrejsa\" \/>\n<meta name=\"twitter:label1\" content=\"Napsal(a)\" \/>\n\t<meta name=\"twitter:data1\" content=\"Ri\u010di\" \/>\n\t<meta name=\"twitter:label2\" content=\"Odhadovan\u00e1 doba \u010dten\u00ed\" \/>\n\t<meta name=\"twitter:data2\" content=\"1 minuta\" \/>\n<script type=\"application\/ld+json\" class=\"yoast-schema-graph\">{\"@context\":\"https:\/\/schema.org\",\"@graph\":[{\"@type\":\"Article\",\"@id\":\"https:\/\/evertonfc.cz\/index.php\/2018\/07\/19\/ladies-predstavily-venkovni-dresy-evertonu\/#article\",\"isPartOf\":{\"@id\":\"https:\/\/evertonfc.cz\/index.php\/2018\/07\/19\/ladies-predstavily-venkovni-dresy-evertonu\/\"},\"author\":{\"name\":\"Ri\u010di\",\"@id\":\"https:\/\/evertonfc.cz\/#\/schema\/person\/f7a5daedb2ffee98480bc70e191aaef1\"},\"headline\":\"Ladies p\u0159edstavily venkovn\u00ed dresy Evertonu\",\"datePublished\":\"2018-07-19T17:45:55+00:00\",\"dateModified\":\"2019-01-31T18:50:30+00:00\",\"mainEntityOfPage\":{\"@id\":\"https:\/\/evertonfc.cz\/index.php\/2018\/07\/19\/ladies-predstavily-venkovni-dresy-evertonu\/\"},\"wordCount\":223,\"commentCount\":0,\"publisher\":{\"@id\":\"https:\/\/evertonfc.cz\/#organization\"},\"image\":{\"@id\":\"https:\/\/evertonfc.cz\/index.php\/2018\/07\/19\/ladies-predstavily-venkovni-dresy-evertonu\/#primaryimage\"},\"thumbnailUrl\":\"https:\/\/evertonfc.cz\/wp-content\/uploads\/2019\/01\/kit_19_7_2018.jpg\",\"articleSection\":[\"Aktuality\"],\"inLanguage\":\"cs\",\"potentialAction\":[{\"@type\":\"CommentAction\",\"name\":\"Comment\",\"target\":[\"https:\/\/evertonfc.cz\/index.php\/2018\/07\/19\/ladies-predstavily-venkovni-dresy-evertonu\/#respond\"]}]},{\"@type\":\"WebPage\",\"@id\":\"https:\/\/evertonfc.cz\/index.php\/2018\/07\/19\/ladies-predstavily-venkovni-dresy-evertonu\/\",\"url\":\"https:\/\/evertonfc.cz\/index.php\/2018\/07\/19\/ladies-predstavily-venkovni-dresy-evertonu\/\",\"name\":\"Ladies p\u0159edstavily venkovn\u00ed dresy Evertonu - Official Czech &amp; Slovak Everton Supporters&#039; Club\",\"isPartOf\":{\"@id\":\"https:\/\/evertonfc.cz\/#website\"},\"primaryImageOfPage\":{\"@id\":\"https:\/\/evertonfc.cz\/index.php\/2018\/07\/19\/ladies-predstavily-venkovni-dresy-evertonu\/#primaryimage\"},\"image\":{\"@id\":\"https:\/\/evertonfc.cz\/index.php\/2018\/07\/19\/ladies-predstavily-venkovni-dresy-evertonu\/#primaryimage\"},\"thumbnailUrl\":\"https:\/\/evertonfc.cz\/wp-content\/uploads\/2019\/01\/kit_19_7_2018.jpg\",\"datePublished\":\"2018-07-19T17:45:55+00:00\",\"dateModified\":\"2019-01-31T18:50:30+00:00\",\"breadcrumb\":{\"@id\":\"https:\/\/evertonfc.cz\/index.php\/2018\/07\/19\/ladies-predstavily-venkovni-dresy-evertonu\/#breadcrumb\"},\"inLanguage\":\"cs\",\"potentialAction\":[{\"@type\":\"ReadAction\",\"target\":[\"https:\/\/evertonfc.cz\/index.php\/2018\/07\/19\/ladies-predstavily-venkovni-dresy-evertonu\/\"]}]},{\"@type\":\"ImageObject\",\"inLanguage\":\"cs\",\"@id\":\"https:\/\/evertonfc.cz\/index.php\/2018\/07\/19\/ladies-predstavily-venkovni-dresy-evertonu\/#primaryimage\",\"url\":\"https:\/\/evertonfc.cz\/wp-content\/uploads\/2019\/01\/kit_19_7_2018.jpg\",\"contentUrl\":\"https:\/\/evertonfc.cz\/wp-content\/uploads\/2019\/01\/kit_19_7_2018.jpg\",\"width\":1280,\"height\":720},{\"@type\":\"BreadcrumbList\",\"@id\":\"https:\/\/evertonfc.cz\/index.php\/2018\/07\/19\/ladies-predstavily-venkovni-dresy-evertonu\/#breadcrumb\",\"itemListElement\":[{\"@type\":\"ListItem\",\"position\":1,\"name\":\"Home\",\"item\":\"https:\/\/evertonfc.cz\/\"},{\"@type\":\"ListItem\",\"position\":2,\"name\":\"Ladies p\u0159edstavily venkovn\u00ed dresy Evertonu\"}]},{\"@type\":\"WebSite\",\"@id\":\"https:\/\/evertonfc.cz\/#website\",\"url\":\"https:\/\/evertonfc.cz\/\",\"name\":\"Official Czech &amp; Slovak Everton Supporters&#039; Club\",\"description\":\"\",\"publisher\":{\"@id\":\"https:\/\/evertonfc.cz\/#organization\"},\"potentialAction\":[{\"@type\":\"SearchAction\",\"target\":{\"@type\":\"EntryPoint\",\"urlTemplate\":\"https:\/\/evertonfc.cz\/?s={search_term_string}\"},\"query-input\":{\"@type\":\"PropertyValueSpecification\",\"valueRequired\":true,\"valueName\":\"search_term_string\"}}],\"inLanguage\":\"cs\"},{\"@type\":\"Organization\",\"@id\":\"https:\/\/evertonfc.cz\/#organization\",\"name\":\"Official Czech & Slovak Everton Supporters' Club\",\"url\":\"https:\/\/evertonfc.cz\/\",\"logo\":{\"@type\":\"ImageObject\",\"inLanguage\":\"cs\",\"@id\":\"https:\/\/evertonfc.cz\/#\/schema\/logo\/image\/\",\"url\":\"https:\/\/evertonfc.cz\/wp-content\/uploads\/2019\/05\/logo.png\",\"contentUrl\":\"https:\/\/evertonfc.cz\/wp-content\/uploads\/2019\/05\/logo.png\",\"width\":112,\"height\":112,\"caption\":\"Official Czech & Slovak Everton Supporters' Club\"},\"image\":{\"@id\":\"https:\/\/evertonfc.cz\/#\/schema\/logo\/image\/\"},\"sameAs\":[\"https:\/\/www.facebook.com\/everton.fans.cz.sk\"]},{\"@type\":\"Person\",\"@id\":\"https:\/\/evertonfc.cz\/#\/schema\/person\/f7a5daedb2ffee98480bc70e191aaef1\",\"name\":\"Ri\u010di\",\"sameAs\":[\"https:\/\/x.com\/rbrejsa\"],\"url\":\"https:\/\/evertonfc.cz\/index.php\/author\/rici\/\"}]}<\/script>\n<!-- \/ Yoast SEO plugin. -->","yoast_head_json":{"title":"Ladies p\u0159edstavily venkovn\u00ed dresy Evertonu - Official Czech &amp; Slovak Everton Supporters&#039; Club","robots":{"index":"index","follow":"follow","max-snippet":"max-snippet:-1","max-image-preview":"max-image-preview:large","max-video-preview":"max-video-preview:-1"},"canonical":"https:\/\/evertonfc.cz\/index.php\/2018\/07\/19\/ladies-predstavily-venkovni-dresy-evertonu\/","og_locale":"cs_CZ","og_type":"article","og_title":"Ladies p\u0159edstavily venkovn\u00ed dresy Evertonu - Official Czech &amp; Slovak Everton Supporters&#039; Club","og_description":"\u017densk\u00fd v\u00fdb\u011br Toffees p\u0159edstavil klubov\u00e9 venkovn\u00ed dresy pro sez\u00f3nu 2018\/19. Everton se po osmi letech vrac\u00ed k r\u016f\u017eov\u00e9 barv\u011b, kterou&hellip;","og_url":"https:\/\/evertonfc.cz\/index.php\/2018\/07\/19\/ladies-predstavily-venkovni-dresy-evertonu\/","og_site_name":"Official Czech &amp; Slovak Everton Supporters&#039; Club","article_publisher":"https:\/\/www.facebook.com\/everton.fans.cz.sk","article_published_time":"2018-07-19T17:45:55+00:00","article_modified_time":"2019-01-31T18:50:30+00:00","og_image":[{"width":1280,"height":720,"url":"https:\/\/evertonfc.cz\/wp-content\/uploads\/2019\/01\/kit_19_7_2018.jpg","type":"image\/jpeg"}],"author":"Ri\u010di","twitter_card":"summary_large_image","twitter_creator":"@rbrejsa","twitter_misc":{"Napsal(a)":"Ri\u010di","Odhadovan\u00e1 doba \u010dten\u00ed":"1 minuta"},"schema":{"@context":"https:\/\/schema.org","@graph":[{"@type":"Article","@id":"https:\/\/evertonfc.cz\/index.php\/2018\/07\/19\/ladies-predstavily-venkovni-dresy-evertonu\/#article","isPartOf":{"@id":"https:\/\/evertonfc.cz\/index.php\/2018\/07\/19\/ladies-predstavily-venkovni-dresy-evertonu\/"},"author":{"name":"Ri\u010di","@id":"https:\/\/evertonfc.cz\/#\/schema\/person\/f7a5daedb2ffee98480bc70e191aaef1"},"headline":"Ladies p\u0159edstavily venkovn\u00ed dresy Evertonu","datePublished":"2018-07-19T17:45:55+00:00","dateModified":"2019-01-31T18:50:30+00:00","mainEntityOfPage":{"@id":"https:\/\/evertonfc.cz\/index.php\/2018\/07\/19\/ladies-predstavily-venkovni-dresy-evertonu\/"},"wordCount":223,"commentCount":0,"publisher":{"@id":"https:\/\/evertonfc.cz\/#organization"},"image":{"@id":"https:\/\/evertonfc.cz\/index.php\/2018\/07\/19\/ladies-predstavily-venkovni-dresy-evertonu\/#primaryimage"},"thumbnailUrl":"https:\/\/evertonfc.cz\/wp-content\/uploads\/2019\/01\/kit_19_7_2018.jpg","articleSection":["Aktuality"],"inLanguage":"cs","potentialAction":[{"@type":"CommentAction","name":"Comment","target":["https:\/\/evertonfc.cz\/index.php\/2018\/07\/19\/ladies-predstavily-venkovni-dresy-evertonu\/#respond"]}]},{"@type":"WebPage","@id":"https:\/\/evertonfc.cz\/index.php\/2018\/07\/19\/ladies-predstavily-venkovni-dresy-evertonu\/","url":"https:\/\/evertonfc.cz\/index.php\/2018\/07\/19\/ladies-predstavily-venkovni-dresy-evertonu\/","name":"Ladies p\u0159edstavily venkovn\u00ed dresy Evertonu - Official Czech &amp; Slovak Everton Supporters&#039; Club","isPartOf":{"@id":"https:\/\/evertonfc.cz\/#website"},"primaryImageOfPage":{"@id":"https:\/\/evertonfc.cz\/index.php\/2018\/07\/19\/ladies-predstavily-venkovni-dresy-evertonu\/#primaryimage"},"image":{"@id":"https:\/\/evertonfc.cz\/index.php\/2018\/07\/19\/ladies-predstavily-venkovni-dresy-evertonu\/#primaryimage"},"thumbnailUrl":"https:\/\/evertonfc.cz\/wp-content\/uploads\/2019\/01\/kit_19_7_2018.jpg","datePublished":"2018-07-19T17:45:55+00:00","dateModified":"2019-01-31T18:50:30+00:00","breadcrumb":{"@id":"https:\/\/evertonfc.cz\/index.php\/2018\/07\/19\/ladies-predstavily-venkovni-dresy-evertonu\/#breadcrumb"},"inLanguage":"cs","potentialAction":[{"@type":"ReadAction","target":["https:\/\/evertonfc.cz\/index.php\/2018\/07\/19\/ladies-predstavily-venkovni-dresy-evertonu\/"]}]},{"@type":"ImageObject","inLanguage":"cs","@id":"https:\/\/evertonfc.cz\/index.php\/2018\/07\/19\/ladies-predstavily-venkovni-dresy-evertonu\/#primaryimage","url":"https:\/\/evertonfc.cz\/wp-content\/uploads\/2019\/01\/kit_19_7_2018.jpg","contentUrl":"https:\/\/evertonfc.cz\/wp-content\/uploads\/2019\/01\/kit_19_7_2018.jpg","width":1280,"height":720},{"@type":"BreadcrumbList","@id":"https:\/\/evertonfc.cz\/index.php\/2018\/07\/19\/ladies-predstavily-venkovni-dresy-evertonu\/#breadcrumb","itemListElement":[{"@type":"ListItem","position":1,"name":"Home","item":"https:\/\/evertonfc.cz\/"},{"@type":"ListItem","position":2,"name":"Ladies p\u0159edstavily venkovn\u00ed dresy Evertonu"}]},{"@type":"WebSite","@id":"https:\/\/evertonfc.cz\/#website","url":"https:\/\/evertonfc.cz\/","name":"Official Czech &amp; Slovak Everton Supporters&#039; Club","description":"","publisher":{"@id":"https:\/\/evertonfc.cz\/#organization"},"potentialAction":[{"@type":"SearchAction","target":{"@type":"EntryPoint","urlTemplate":"https:\/\/evertonfc.cz\/?s={search_term_string}"},"query-input":{"@type":"PropertyValueSpecification","valueRequired":true,"valueName":"search_term_string"}}],"inLanguage":"cs"},{"@type":"Organization","@id":"https:\/\/evertonfc.cz\/#organization","name":"Official Czech & Slovak Everton Supporters' Club","url":"https:\/\/evertonfc.cz\/","logo":{"@type":"ImageObject","inLanguage":"cs","@id":"https:\/\/evertonfc.cz\/#\/schema\/logo\/image\/","url":"https:\/\/evertonfc.cz\/wp-content\/uploads\/2019\/05\/logo.png","contentUrl":"https:\/\/evertonfc.cz\/wp-content\/uploads\/2019\/05\/logo.png","width":112,"height":112,"caption":"Official Czech & Slovak Everton Supporters' Club"},"image":{"@id":"https:\/\/evertonfc.cz\/#\/schema\/logo\/image\/"},"sameAs":["https:\/\/www.facebook.com\/everton.fans.cz.sk"]},{"@type":"Person","@id":"https:\/\/evertonfc.cz\/#\/schema\/person\/f7a5daedb2ffee98480bc70e191aaef1","name":"Ri\u010di","sameAs":["https:\/\/x.com\/rbrejsa"],"url":"https:\/\/evertonfc.cz\/index.php\/author\/rici\/"}]}},"_links":{"self":[{"href":"https:\/\/evertonfc.cz\/index.php\/wp-json\/wp\/v2\/posts\/2001"}],"collection":[{"href":"https:\/\/evertonfc.cz\/index.php\/wp-json\/wp\/v2\/posts"}],"about":[{"href":"https:\/\/evertonfc.cz\/index.php\/wp-json\/wp\/v2\/types\/post"}],"author":[{"embeddable":true,"href":"https:\/\/evertonfc.cz\/index.php\/wp-json\/wp\/v2\/users\/6"}],"replies":[{"embeddable":true,"href":"https:\/\/evertonfc.cz\/index.php\/wp-json\/wp\/v2\/comments?post=2001"}],"version-history":[{"count":1,"href":"https:\/\/evertonfc.cz\/index.php\/wp-json\/wp\/v2\/posts\/2001\/revisions"}],"predecessor-version":[{"id":2002,"href":"https:\/\/evertonfc.cz\/index.php\/wp-json\/wp\/v2\/posts\/2001\/revisions\/2002"}],"wp:featuredmedia":[{"embeddable":true,"href":"https:\/\/evertonfc.cz\/index.php\/wp-json\/wp\/v2\/media\/1970"}],"wp:attachment":[{"href":"https:\/\/evertonfc.cz\/index.php\/wp-json\/wp\/v2\/media?parent=2001"}],"wp:term":[{"taxonomy":"category","embeddable":true,"href":"https:\/\/evertonfc.cz\/index.php\/wp-json\/wp\/v2\/categories?post=2001"},{"taxonomy":"post_tag","embeddable":true,"href":"https:\/\/evertonfc.cz\/index.php\/wp-json\/wp\/v2\/tags?post=2001"}],"curies":[{"name":"wp","href":"https:\/\/api.w.org\/{rel}","templated":true}]}}