{"id":20010,"date":"2022-10-01T13:50:31","date_gmt":"2022-10-01T11:50:31","guid":{"rendered":"https:\/\/evertonfc.cz\/?p=20010"},"modified":"2022-10-01T13:55:08","modified_gmt":"2022-10-01T11:55:08","slug":"preview-southampton-everton-11","status":"publish","type":"post","link":"https:\/\/evertonfc.cz\/index.php\/2022\/10\/01\/preview-southampton-everton-11\/","title":{"rendered":"Preview: Southampton \u2013 Everton"},"content":{"rendered":"<h4>Stroj sme kone\u010dne nakopli, m\u00f4\u017eeme u\u017e vypn\u00fa\u0165 s\u00fdti\u010d? Nie. Zima sa bl\u00ed\u017ei a\u00a0my nem\u00e1me e\u0161te dokopy ni\u010d nahran\u00e9. V tabu\u013eke\u00a0kolonky EFC z\u00edva len sedem bodov.<\/h4>\n<p>Za\u010d\u00edna sa to kry\u0161talizova\u0165. Frank Lampard u\u017e nevyzer\u00e1, \u017ee sk\u00fa\u0161a n\u00e1pady z\u00a0brucha, ani \u017ee rie\u0161i probl\u00e9my naokolo bli\u017e\u0161ie. Za\u010d\u00edna to ma\u0165 formu, pevn\u00e9 tvary a\u00a0odhodlanos\u0165. Prv\u00e9 tri body od Kladiv\u00e1rov n\u00e1s n\u00e1ramne pote\u0161ili, a\u00a0tak to mus\u00ed pokra\u010dova\u0165 aj \u010fal\u0161\u00edmi s\u00fapermi podobn\u00e9ho rangu, ktor\u00ed n\u00e1s obkolesuj\u00fa v\u00a0ligovom Exceli.<\/p>\n<p>Okrem toho, \u017ee sme boli kone\u010dne\u00a0 pokutovan\u00ed za jedine\u010dn\u00e9 z\u00e1\u017eitky, ktor\u00e9 futbal prin\u00e1\u0161a, m\u00e1me aj in\u00e9 spr\u00e1vy. Rozhovory o\u00a0nov\u00fdch investoroch a\u00a0mo\u017enom delen\u00ed podielov v\u00a0klube neskon\u010dili. T\u00ed ist\u00ed \u013eudia, ktor\u00ed sa ne\u00faspe\u0161ne pok\u00fa\u0161ali k\u00fapi\u0165 klub po\u010das leta, sa st\u00e1le sna\u017eia presved\u010di\u0165 Moshiriho aspo\u0148 k\u00a0nejakej spolupr\u00e1ci. The Guardian aj The Athletic informuj\u00fa, \u017ee po\u010das nov\u00fdch rozhovorov je v\u00a0hre spolufinancovanie nov\u00e9ho \u0161tadi\u00f3na a\u00a0aj men\u0161inov\u00fd podiel Evertonu na akciovom trhu. Nechajme sa prekvapi\u0165.<\/p>\n<h4><strong>U\u017e to za\u010d\u00edna<\/strong><\/h4>\n<p>Presne ke\u010f si fan\u00fa\u0161ik za\u010d\u00edna myslie\u0165, \u017ee u\u017e to nem\u00f4\u017ee by\u0165 lep\u0161ie, pr\u00edde spr\u00e1va, \u017ee to bude hor\u0161ie. Reprezenta\u010dn\u00e9 povinnosti a\u00a0zranenia s\u00fa ve\u010dne za\u010darovan\u00fd kruh, do ktor\u00e9ho najnov\u0161ie vst\u00fapil Nathan Patterson. Tich\u00e9 prekvapenie sez\u00f3ny toti\u017e bude pauzova\u0165 asi a\u017e do Majstrovstiev sveta v\u00a0Katare, kam pravdepodobne nep\u00f4jde. Lampard nem\u00e1 obavy, \u017ee ho zast\u00fapi Coleman. Tomu by doprial vraj aj viac hern\u00e9ho vy\u0165a\u017eenia.<\/p>\n<p>Aspo\u0148, \u017ee Pickford sa dal dokopy zo zranenia z\u00a0derby a\u00a0m\u00f4\u017ee nast\u00fapi\u0165. To ist\u00e9 sa t\u00fdka aj e\u0161te nevidenej posily Garnera, o\u00a0ktorej n\u00e1m ni\u017e\u0161ie povie viac Super Frank. Ten spomenul, \u017ee si e\u0161te rozmysl\u00ed, \u010di u\u017e po\u0161le 650 do z\u00e1pasu, alebo nie. Zauj\u00edmav\u00e9 je, \u017ee nie pr\u00edli\u0161 spo\u013eahliv\u00fd Daily Mirror pred dvomi d\u0148ami stra\u0161il, \u017ee si na\u0161a deviatka zase nie\u010do spravila na tr\u00e9ningu a\u00a0tak vynech\u00e1 aj ju\u017eansk\u00fd v\u00fdlet.<\/p>\n<p>St\u00e1le indisponovan\u00ed s\u00fa Ben Godfrey zo zlomenou nohou, Yerry Mina s pochr\u00e1man\u00fdm\u00a0\u010dlenkom, Mason Holgate s bo\u013eav\u00fdm kolenom, a\u00a0Andros Townsend st\u00e1le dost\u00e1va nov\u00fd skr\u00ed\u017een\u00fd v\u00e4z do \u0161portu schopn\u00e9ho stavu. Tak\u00e9ho u\u017e nebude schopn\u00fd Fabian Delph. Tento t\u00fd\u017ede\u0148 ozn\u00e1mil koniec svojej profesion\u00e1lnej kari\u00e9ry.<\/p>\n<h4><strong>\u00a0Frank Lampard o Garnerovi:<\/strong><\/h4>\n<blockquote><p><span style=\"font-size: 12pt;\"><em>\u201eKe\u010f k n\u00e1m James pri\u0161iel, nebol fit. Povedal mi to. Pri odchode z Manchesteru netr\u00e9noval na top \u00farovni. Na West Ham u\u017e mal nie\u010do natr\u00e9novan\u00e9, ale je skvel\u00e9, \u017ee teraz odohral v\u00fdborn\u00fd z\u00e1pas za U21 Anglicka. Teraz je u\u017e pripraven\u00fd. Ohromil ma v tr\u00e9ningu, charakterovo aj technicky.\u201c<\/em><\/span><\/p><\/blockquote>\n<p>N\u00e1\u0161 hostite\u013e sa naopak bor\u00ed s\u00a0probl\u00e9mami vybalansovania novo poskladan\u00e9ho t\u00edmu, ktor\u00fd pre\u0161iel v\u00fdrazn\u00fdm omladen\u00edm. To u\u017e druh\u00fd rok \u010derp\u00e1 najm\u00e4 vykupovan\u00edm akad\u00e9mii najlep\u0161\u00edch klubov, predov\u0161etk\u00fdm Manchesteru City. Vedia hra\u0165 ve\u013emi pr\u00ed\u0165a\u017eliv\u00fd futbal, ktor\u00fd sa v\u0161ak \u010dasto nezhoduje s\u00a0potrebn\u00fdm bodov\u00fdm ziskom.<\/p>\n<p>A\u00a0tak sa moment\u00e1lne pre\u0161lo na defenz\u00edvnej\u0161\u00ed prejav, pri ktorom trp\u00ed predt\u00fdm pochvaln\u00e1 intenzita a\u00a0kreativita. V\u00a0lete odi\u0161li aj st\u00e1lice ako Redmond, Romeu, Bednarek, Stephens, \u010di Forster. Dnes im bud\u00fa ch\u00fdba\u0165 Romeo Lavia v\u00a0z\u00e1lohe a\u00a0Tino Livramento v\u00a0obrane. Che Adams by mal by\u0165 sp\u00e4\u0165 po chorobe, a\u00a0pozor si d\u00e1vajme na Ariba.<\/p>\n<h4 style=\"text-align: center;\"><strong>\u0160tatistick\u00e9 okienko:<\/strong><\/h4>\n<ul>\n<li>Hos\u0165uj\u00face t\u00edmy na St Mary&#8217;s vyhrali iba 5 zo 46 stretnut\u00ed Premier League, ktor\u00e9 sa tam odohrali. Everton vyhral \u0161tyri z nich.<\/li>\n<li>Southampton vo febru\u00e1ri porazil Everton 2:0 a mohol by proti nemu zaknihova\u0165 dve ligov\u00e9 v\u00ed\u0165azstv\u00e1 za sebou prv\u00fdkr\u00e1t od decembra 2014.<\/li>\n<li>Everton prehral sedem z posledn\u00fdch deviatich n\u00e1v\u0161tev Southamptonu.<\/li>\n<li>T\u00edm Ralpha Hasenhuttla prehral 13 z posledn\u00fdch 19 z\u00e1pasov najvy\u0161\u0161ej s\u00fa\u0165a\u017ee, pri\u010dom vyhral iba trikr\u00e1t.<\/li>\n<li>The Saints s\u00fa v nebezpe\u010denstve, \u017ee utrpia tri po sebe nasleduj\u00face ligov\u00e9 prehry bez toho, aby sk\u00f3rovali, a\u00a0to prv\u00fdkr\u00e1t od roku 2018.<\/li>\n<li>V posledn\u00fdch \u0161iestich z\u00e1pasoch inkasovali \u00favodn\u00fd g\u00f3l, \u010do je ich najhor\u0161ia s\u00e9ria za posledn\u00fdch 24 rokov a najdlh\u0161ia s\u00e9ria v tejto sez\u00f3ne Premier League.<\/li>\n<li>Southampton si neudr\u017eal \u010dist\u00e9 konto v Premier League v 13 z\u00e1pasoch, a\u00a0to od poslednej v\u00fdhry 1:0 proti Arsenalu v polovici apr\u00edla.<\/li>\n<li>Everton je na p\u00e4\u0165z\u00e1pasovej ligovej \u0161n\u00fare bez prehry, aj ke\u010f \u0161tyri boli rem\u00edzy.<\/li>\n<li>The Toffees si m\u00f4\u017eu udr\u017ea\u0165 tri po sebe id\u00face \u010dist\u00e9 kont\u00e1 prv\u00fdkr\u00e1t od marca 2021, a\u00a0to e\u0161te pod veden\u00edm Carla Ancelottiho.<\/li>\n<li>EFC z\u00edskalo v posledn\u00fdch 20 z\u00e1pasoch vonku len jedno v\u00ed\u0165azstvo a jedno \u010dist\u00e9 konto, a to v m\u00e1ji proti Leicesteru a Watfordu.<\/li>\n<li>Neal Maupay ukon\u010dil s\u00e9riu 12 z\u00e1pasov bez g\u00f3lu, ke\u010f naposledy sk\u00f3roval proti West Hamu. Sk\u00f3roval v\u0161ak pri dvoch z posledn\u00fdch troch n\u00e1v\u0161tev St Mary&#8217;s.<\/li>\n<\/ul>\n<h3 style=\"text-align: center;\"><span style=\"color: #3366ff;\"><em><strong>Up The Toffees !!!<\/strong><\/em><\/span><\/h3>\n<p><strong>\u010co:<\/strong> Southampton FC \u2013 Everton FC, 9. kolo Premier League<br \/>\n<strong>Kedy:<\/strong> 1.10. 2022 od 16:00 SE\u010c<br \/>\n<strong>Ako:<\/strong> stream CANAL+ Sport 5<br \/>\n<strong>Kde:<\/strong> St Mary&#8217;s Stadium \u2013 Britannia Rd, Southampton SO14 5FP (kapacita: 32 384)<br \/>\n<strong>Rozhodca:<\/strong> Andre Marriner \u00a0<strong>Asistenti:<\/strong> S. Long, R. West <strong>\u0160tvrt\u00fd rozhodca:<\/strong> S. Allison<br \/>\n<strong>VAR: <\/strong>Lee Mason \u00a0<strong>Asistent VAR: <\/strong>Marc Perry<\/p>\n","protected":false},"excerpt":{"rendered":"<p>Stroj sme kone\u010dne nakopli, m\u00f4\u017eeme u\u017e vypn\u00fa\u0165 s\u00fdti\u010d? Nie. Zima sa bl\u00ed\u017ei a\u00a0my nem\u00e1me e\u0161te dokopy ni\u010d nahran\u00e9. V tabu\u013eke\u00a0kolonky EFC z\u00edva len sedem bodov.<\/p>\n","protected":false},"author":1,"featured_media":12698,"comment_status":"open","ping_status":"closed","sticky":false,"template":"","format":"standard","meta":{"_eb_attr":"","_monsterinsights_skip_tracking":false,"_monsterinsights_sitenote_active":false,"_monsterinsights_sitenote_note":"","_monsterinsights_sitenote_category":0,"footnotes":""},"categories":[4],"tags":[],"yoast_head":"<!-- This site is optimized with the Yoast SEO plugin v23.4 - https:\/\/yoast.com\/wordpress\/plugins\/seo\/ -->\n<title>Preview: Southampton \u2013 Everton - Official Czech &amp; Slovak Everton Supporters&#039; Club<\/title>\n<meta name=\"robots\" content=\"index, follow, max-snippet:-1, max-image-preview:large, max-video-preview:-1\" \/>\n<link rel=\"canonical\" href=\"https:\/\/evertonfc.cz\/index.php\/2022\/10\/01\/preview-southampton-everton-11\/\" \/>\n<meta property=\"og:locale\" content=\"cs_CZ\" \/>\n<meta property=\"og:type\" content=\"article\" \/>\n<meta property=\"og:title\" content=\"Preview: Southampton \u2013 Everton - Official Czech &amp; Slovak Everton Supporters&#039; Club\" \/>\n<meta property=\"og:description\" content=\"Stroj sme kone\u010dne nakopli, m\u00f4\u017eeme u\u017e vypn\u00fa\u0165 s\u00fdti\u010d? Nie. Zima sa bl\u00ed\u017ei a\u00a0my nem\u00e1me e\u0161te dokopy ni\u010d nahran\u00e9. V tabu\u013eke\u00a0kolonky EFC z\u00edva len sedem bodov.\" \/>\n<meta property=\"og:url\" content=\"https:\/\/evertonfc.cz\/index.php\/2022\/10\/01\/preview-southampton-everton-11\/\" \/>\n<meta property=\"og:site_name\" content=\"Official Czech &amp; Slovak Everton Supporters&#039; Club\" \/>\n<meta property=\"article:publisher\" content=\"https:\/\/www.facebook.com\/everton.fans.cz.sk\" \/>\n<meta property=\"article:published_time\" content=\"2022-10-01T11:50:31+00:00\" \/>\n<meta property=\"article:modified_time\" content=\"2022-10-01T11:55:08+00:00\" \/>\n<meta property=\"og:image\" content=\"https:\/\/evertonfc.cz\/wp-content\/uploads\/2020\/10\/Southampton-VS-Everton-25-10-2020.png.jpg\" \/>\n\t<meta property=\"og:image:width\" content=\"720\" \/>\n\t<meta property=\"og:image:height\" content=\"405\" \/>\n\t<meta property=\"og:image:type\" content=\"image\/jpeg\" \/>\n<meta name=\"author\" content=\"BlueBlooded\" \/>\n<meta name=\"twitter:card\" content=\"summary_large_image\" \/>\n<meta name=\"twitter:label1\" content=\"Napsal(a)\" \/>\n\t<meta name=\"twitter:data1\" content=\"BlueBlooded\" \/>\n\t<meta name=\"twitter:label2\" content=\"Odhadovan\u00e1 doba \u010dten\u00ed\" \/>\n\t<meta name=\"twitter:data2\" content=\"5 minut\" \/>\n<script type=\"application\/ld+json\" class=\"yoast-schema-graph\">{\"@context\":\"https:\/\/schema.org\",\"@graph\":[{\"@type\":\"Article\",\"@id\":\"https:\/\/evertonfc.cz\/index.php\/2022\/10\/01\/preview-southampton-everton-11\/#article\",\"isPartOf\":{\"@id\":\"https:\/\/evertonfc.cz\/index.php\/2022\/10\/01\/preview-southampton-everton-11\/\"},\"author\":{\"name\":\"BlueBlooded\",\"@id\":\"https:\/\/evertonfc.cz\/#\/schema\/person\/d4493b8cbea51532597fbc4685698916\"},\"headline\":\"Preview: Southampton \u2013 Everton\",\"datePublished\":\"2022-10-01T11:50:31+00:00\",\"dateModified\":\"2022-10-01T11:55:08+00:00\",\"mainEntityOfPage\":{\"@id\":\"https:\/\/evertonfc.cz\/index.php\/2022\/10\/01\/preview-southampton-everton-11\/\"},\"wordCount\":934,\"commentCount\":8,\"publisher\":{\"@id\":\"https:\/\/evertonfc.cz\/#organization\"},\"image\":{\"@id\":\"https:\/\/evertonfc.cz\/index.php\/2022\/10\/01\/preview-southampton-everton-11\/#primaryimage\"},\"thumbnailUrl\":\"https:\/\/evertonfc.cz\/wp-content\/uploads\/2020\/10\/Southampton-VS-Everton-25-10-2020.png.jpg\",\"articleSection\":[\"Z\u00e1pasy\"],\"inLanguage\":\"cs\",\"potentialAction\":[{\"@type\":\"CommentAction\",\"name\":\"Comment\",\"target\":[\"https:\/\/evertonfc.cz\/index.php\/2022\/10\/01\/preview-southampton-everton-11\/#respond\"]}]},{\"@type\":\"WebPage\",\"@id\":\"https:\/\/evertonfc.cz\/index.php\/2022\/10\/01\/preview-southampton-everton-11\/\",\"url\":\"https:\/\/evertonfc.cz\/index.php\/2022\/10\/01\/preview-southampton-everton-11\/\",\"name\":\"Preview: Southampton \u2013 Everton - Official Czech &amp; Slovak Everton Supporters&#039; Club\",\"isPartOf\":{\"@id\":\"https:\/\/evertonfc.cz\/#website\"},\"primaryImageOfPage\":{\"@id\":\"https:\/\/evertonfc.cz\/index.php\/2022\/10\/01\/preview-southampton-everton-11\/#primaryimage\"},\"image\":{\"@id\":\"https:\/\/evertonfc.cz\/index.php\/2022\/10\/01\/preview-southampton-everton-11\/#primaryimage\"},\"thumbnailUrl\":\"https:\/\/evertonfc.cz\/wp-content\/uploads\/2020\/10\/Southampton-VS-Everton-25-10-2020.png.jpg\",\"datePublished\":\"2022-10-01T11:50:31+00:00\",\"dateModified\":\"2022-10-01T11:55:08+00:00\",\"breadcrumb\":{\"@id\":\"https:\/\/evertonfc.cz\/index.php\/2022\/10\/01\/preview-southampton-everton-11\/#breadcrumb\"},\"inLanguage\":\"cs\",\"potentialAction\":[{\"@type\":\"ReadAction\",\"target\":[\"https:\/\/evertonfc.cz\/index.php\/2022\/10\/01\/preview-southampton-everton-11\/\"]}]},{\"@type\":\"ImageObject\",\"inLanguage\":\"cs\",\"@id\":\"https:\/\/evertonfc.cz\/index.php\/2022\/10\/01\/preview-southampton-everton-11\/#primaryimage\",\"url\":\"https:\/\/evertonfc.cz\/wp-content\/uploads\/2020\/10\/Southampton-VS-Everton-25-10-2020.png.jpg\",\"contentUrl\":\"https:\/\/evertonfc.cz\/wp-content\/uploads\/2020\/10\/Southampton-VS-Everton-25-10-2020.png.jpg\",\"width\":720,\"height\":405},{\"@type\":\"BreadcrumbList\",\"@id\":\"https:\/\/evertonfc.cz\/index.php\/2022\/10\/01\/preview-southampton-everton-11\/#breadcrumb\",\"itemListElement\":[{\"@type\":\"ListItem\",\"position\":1,\"name\":\"Home\",\"item\":\"https:\/\/evertonfc.cz\/\"},{\"@type\":\"ListItem\",\"position\":2,\"name\":\"Preview: Southampton \u2013 Everton\"}]},{\"@type\":\"WebSite\",\"@id\":\"https:\/\/evertonfc.cz\/#website\",\"url\":\"https:\/\/evertonfc.cz\/\",\"name\":\"Official Czech &amp; Slovak Everton Supporters&#039; Club\",\"description\":\"\",\"publisher\":{\"@id\":\"https:\/\/evertonfc.cz\/#organization\"},\"potentialAction\":[{\"@type\":\"SearchAction\",\"target\":{\"@type\":\"EntryPoint\",\"urlTemplate\":\"https:\/\/evertonfc.cz\/?s={search_term_string}\"},\"query-input\":{\"@type\":\"PropertyValueSpecification\",\"valueRequired\":true,\"valueName\":\"search_term_string\"}}],\"inLanguage\":\"cs\"},{\"@type\":\"Organization\",\"@id\":\"https:\/\/evertonfc.cz\/#organization\",\"name\":\"Official Czech & Slovak Everton Supporters' Club\",\"url\":\"https:\/\/evertonfc.cz\/\",\"logo\":{\"@type\":\"ImageObject\",\"inLanguage\":\"cs\",\"@id\":\"https:\/\/evertonfc.cz\/#\/schema\/logo\/image\/\",\"url\":\"https:\/\/evertonfc.cz\/wp-content\/uploads\/2019\/05\/logo.png\",\"contentUrl\":\"https:\/\/evertonfc.cz\/wp-content\/uploads\/2019\/05\/logo.png\",\"width\":112,\"height\":112,\"caption\":\"Official Czech & Slovak Everton Supporters' Club\"},\"image\":{\"@id\":\"https:\/\/evertonfc.cz\/#\/schema\/logo\/image\/\"},\"sameAs\":[\"https:\/\/www.facebook.com\/everton.fans.cz.sk\"]},{\"@type\":\"Person\",\"@id\":\"https:\/\/evertonfc.cz\/#\/schema\/person\/d4493b8cbea51532597fbc4685698916\",\"name\":\"BlueBlooded\",\"url\":\"https:\/\/evertonfc.cz\/index.php\/author\/admin\/\"}]}<\/script>\n<!-- \/ Yoast SEO plugin. -->","yoast_head_json":{"title":"Preview: Southampton \u2013 Everton - Official Czech &amp; Slovak Everton Supporters&#039; Club","robots":{"index":"index","follow":"follow","max-snippet":"max-snippet:-1","max-image-preview":"max-image-preview:large","max-video-preview":"max-video-preview:-1"},"canonical":"https:\/\/evertonfc.cz\/index.php\/2022\/10\/01\/preview-southampton-everton-11\/","og_locale":"cs_CZ","og_type":"article","og_title":"Preview: Southampton \u2013 Everton - Official Czech &amp; Slovak Everton Supporters&#039; Club","og_description":"Stroj sme kone\u010dne nakopli, m\u00f4\u017eeme u\u017e vypn\u00fa\u0165 s\u00fdti\u010d? Nie. Zima sa bl\u00ed\u017ei a\u00a0my nem\u00e1me e\u0161te dokopy ni\u010d nahran\u00e9. V tabu\u013eke\u00a0kolonky EFC z\u00edva len sedem bodov.","og_url":"https:\/\/evertonfc.cz\/index.php\/2022\/10\/01\/preview-southampton-everton-11\/","og_site_name":"Official Czech &amp; Slovak Everton Supporters&#039; Club","article_publisher":"https:\/\/www.facebook.com\/everton.fans.cz.sk","article_published_time":"2022-10-01T11:50:31+00:00","article_modified_time":"2022-10-01T11:55:08+00:00","og_image":[{"width":720,"height":405,"url":"https:\/\/evertonfc.cz\/wp-content\/uploads\/2020\/10\/Southampton-VS-Everton-25-10-2020.png.jpg","type":"image\/jpeg"}],"author":"BlueBlooded","twitter_card":"summary_large_image","twitter_misc":{"Napsal(a)":"BlueBlooded","Odhadovan\u00e1 doba \u010dten\u00ed":"5 minut"},"schema":{"@context":"https:\/\/schema.org","@graph":[{"@type":"Article","@id":"https:\/\/evertonfc.cz\/index.php\/2022\/10\/01\/preview-southampton-everton-11\/#article","isPartOf":{"@id":"https:\/\/evertonfc.cz\/index.php\/2022\/10\/01\/preview-southampton-everton-11\/"},"author":{"name":"BlueBlooded","@id":"https:\/\/evertonfc.cz\/#\/schema\/person\/d4493b8cbea51532597fbc4685698916"},"headline":"Preview: Southampton \u2013 Everton","datePublished":"2022-10-01T11:50:31+00:00","dateModified":"2022-10-01T11:55:08+00:00","mainEntityOfPage":{"@id":"https:\/\/evertonfc.cz\/index.php\/2022\/10\/01\/preview-southampton-everton-11\/"},"wordCount":934,"commentCount":8,"publisher":{"@id":"https:\/\/evertonfc.cz\/#organization"},"image":{"@id":"https:\/\/evertonfc.cz\/index.php\/2022\/10\/01\/preview-southampton-everton-11\/#primaryimage"},"thumbnailUrl":"https:\/\/evertonfc.cz\/wp-content\/uploads\/2020\/10\/Southampton-VS-Everton-25-10-2020.png.jpg","articleSection":["Z\u00e1pasy"],"inLanguage":"cs","potentialAction":[{"@type":"CommentAction","name":"Comment","target":["https:\/\/evertonfc.cz\/index.php\/2022\/10\/01\/preview-southampton-everton-11\/#respond"]}]},{"@type":"WebPage","@id":"https:\/\/evertonfc.cz\/index.php\/2022\/10\/01\/preview-southampton-everton-11\/","url":"https:\/\/evertonfc.cz\/index.php\/2022\/10\/01\/preview-southampton-everton-11\/","name":"Preview: Southampton \u2013 Everton - Official Czech &amp; Slovak Everton Supporters&#039; Club","isPartOf":{"@id":"https:\/\/evertonfc.cz\/#website"},"primaryImageOfPage":{"@id":"https:\/\/evertonfc.cz\/index.php\/2022\/10\/01\/preview-southampton-everton-11\/#primaryimage"},"image":{"@id":"https:\/\/evertonfc.cz\/index.php\/2022\/10\/01\/preview-southampton-everton-11\/#primaryimage"},"thumbnailUrl":"https:\/\/evertonfc.cz\/wp-content\/uploads\/2020\/10\/Southampton-VS-Everton-25-10-2020.png.jpg","datePublished":"2022-10-01T11:50:31+00:00","dateModified":"2022-10-01T11:55:08+00:00","breadcrumb":{"@id":"https:\/\/evertonfc.cz\/index.php\/2022\/10\/01\/preview-southampton-everton-11\/#breadcrumb"},"inLanguage":"cs","potentialAction":[{"@type":"ReadAction","target":["https:\/\/evertonfc.cz\/index.php\/2022\/10\/01\/preview-southampton-everton-11\/"]}]},{"@type":"ImageObject","inLanguage":"cs","@id":"https:\/\/evertonfc.cz\/index.php\/2022\/10\/01\/preview-southampton-everton-11\/#primaryimage","url":"https:\/\/evertonfc.cz\/wp-content\/uploads\/2020\/10\/Southampton-VS-Everton-25-10-2020.png.jpg","contentUrl":"https:\/\/evertonfc.cz\/wp-content\/uploads\/2020\/10\/Southampton-VS-Everton-25-10-2020.png.jpg","width":720,"height":405},{"@type":"BreadcrumbList","@id":"https:\/\/evertonfc.cz\/index.php\/2022\/10\/01\/preview-southampton-everton-11\/#breadcrumb","itemListElement":[{"@type":"ListItem","position":1,"name":"Home","item":"https:\/\/evertonfc.cz\/"},{"@type":"ListItem","position":2,"name":"Preview: Southampton \u2013 Everton"}]},{"@type":"WebSite","@id":"https:\/\/evertonfc.cz\/#website","url":"https:\/\/evertonfc.cz\/","name":"Official Czech &amp; Slovak Everton Supporters&#039; Club","description":"","publisher":{"@id":"https:\/\/evertonfc.cz\/#organization"},"potentialAction":[{"@type":"SearchAction","target":{"@type":"EntryPoint","urlTemplate":"https:\/\/evertonfc.cz\/?s={search_term_string}"},"query-input":{"@type":"PropertyValueSpecification","valueRequired":true,"valueName":"search_term_string"}}],"inLanguage":"cs"},{"@type":"Organization","@id":"https:\/\/evertonfc.cz\/#organization","name":"Official Czech & Slovak Everton Supporters' Club","url":"https:\/\/evertonfc.cz\/","logo":{"@type":"ImageObject","inLanguage":"cs","@id":"https:\/\/evertonfc.cz\/#\/schema\/logo\/image\/","url":"https:\/\/evertonfc.cz\/wp-content\/uploads\/2019\/05\/logo.png","contentUrl":"https:\/\/evertonfc.cz\/wp-content\/uploads\/2019\/05\/logo.png","width":112,"height":112,"caption":"Official Czech & Slovak Everton Supporters' Club"},"image":{"@id":"https:\/\/evertonfc.cz\/#\/schema\/logo\/image\/"},"sameAs":["https:\/\/www.facebook.com\/everton.fans.cz.sk"]},{"@type":"Person","@id":"https:\/\/evertonfc.cz\/#\/schema\/person\/d4493b8cbea51532597fbc4685698916","name":"BlueBlooded","url":"https:\/\/evertonfc.cz\/index.php\/author\/admin\/"}]}},"_links":{"self":[{"href":"https:\/\/evertonfc.cz\/index.php\/wp-json\/wp\/v2\/posts\/20010"}],"collection":[{"href":"https:\/\/evertonfc.cz\/index.php\/wp-json\/wp\/v2\/posts"}],"about":[{"href":"https:\/\/evertonfc.cz\/index.php\/wp-json\/wp\/v2\/types\/post"}],"author":[{"embeddable":true,"href":"https:\/\/evertonfc.cz\/index.php\/wp-json\/wp\/v2\/users\/1"}],"replies":[{"embeddable":true,"href":"https:\/\/evertonfc.cz\/index.php\/wp-json\/wp\/v2\/comments?post=20010"}],"version-history":[{"count":6,"href":"https:\/\/evertonfc.cz\/index.php\/wp-json\/wp\/v2\/posts\/20010\/revisions"}],"predecessor-version":[{"id":20016,"href":"https:\/\/evertonfc.cz\/index.php\/wp-json\/wp\/v2\/posts\/20010\/revisions\/20016"}],"wp:featuredmedia":[{"embeddable":true,"href":"https:\/\/evertonfc.cz\/index.php\/wp-json\/wp\/v2\/media\/12698"}],"wp:attachment":[{"href":"https:\/\/evertonfc.cz\/index.php\/wp-json\/wp\/v2\/media?parent=20010"}],"wp:term":[{"taxonomy":"category","embeddable":true,"href":"https:\/\/evertonfc.cz\/index.php\/wp-json\/wp\/v2\/categories?post=20010"},{"taxonomy":"post_tag","embeddable":true,"href":"https:\/\/evertonfc.cz\/index.php\/wp-json\/wp\/v2\/tags?post=20010"}],"curies":[{"name":"wp","href":"https:\/\/api.w.org\/{rel}","templated":true}]}}