{"id":20021,"date":"2022-10-01T22:50:38","date_gmt":"2022-10-01T20:50:38","guid":{"rendered":"https:\/\/evertonfc.cz\/?p=20021"},"modified":"2022-10-15T13:55:54","modified_gmt":"2022-10-15T11:55:54","slug":"southampton-everton-12","status":"publish","type":"post","link":"https:\/\/evertonfc.cz\/index.php\/2022\/10\/01\/southampton-everton-12\/","title":{"rendered":"Southampton &#8211; Everton 1:2"},"content":{"rendered":"<h4>Pokud n\u011bkoho zradil m\u011bch\u00fd\u0159 a nechal mo\u010d\u00edc\u00ed pauzu a\u017e na za\u010d\u00e1tek polo\u010dasu, ml\u00e1til pak hlavou o kachli\u010dky. Everton dok\u00e1zal bleskov\u011b oto\u010dit nep\u0159\u00edzniv\u00fd stav a veze dom\u016f d\u016fle\u017eit\u00e9 3 body.<\/h4>\n<p>Toffees vyrazili na jih po reprezenta\u010dn\u00ed pauze bez velk\u00e9ho po\u010dtu marod\u016f. Slibovan\u00fd n\u00e1vrat DCL se nekonal, ale uzdravil se brank\u00e1\u0159 Pickford. Asmir Begovi\u0107 i vinou v\u00fdm\u011bny na tr\u016fnu odchytal jedin\u00fd z\u00e1pas. Naopak na p\u00e1r t\u00fddn\u016f ze hry vypadl Patterson, jeho m\u00edsto podle o\u010dek\u00e1v\u00e1n\u00ed zabral kapit\u00e1n Seamus Coleman, kter\u00e9mu kryl z\u00e1da na lavi\u010dce 21let\u00fd Kyle John. Posledn\u00ed zm\u011bnou oproti prvn\u00ed v\u00fdh\u0159e byl p\u0159ekvapiv\u011b start Dwighta McNeila nam\u00edsto Anthonyho Gordona.<\/p>\n<p>V Hampshireu si patrn\u011b libuj\u00ed ve slo\u017een\u00fdch p\u0159\u00edjmen\u00edch, proto\u017ee na h\u0159i\u0161t\u011b vyb\u011bhlo hned 5 hr\u00e1\u010d\u016f s poml\u010dkou. Chorvat \u0106aleta-Car si odbyl kompletn\u00ed premi\u00e9ru v dresu The Saints, Larios a Maitland-Niles prvn\u00ed start na St. Mary\u2019s a vlastn\u011b prvn\u00ed start v z\u00e1kladu. Dal\u0161\u00edmi zm\u011bnami v z\u00e1kladn\u00ed XI oproti por\u00e1\u017ece ve Villa Parku p\u0159ed Ligou n\u00e1rod\u016f byli 3 ofenzivn\u00ed hr\u00e1\u010di: Stuart Armstrong, Joe Aribo a Sekou Mara.<\/p>\n<h4>Prvn\u00ed polo\u010das<\/h4>\n<p>P\u0159ed \u00favodn\u00edm hvizdem zahr\u00e1la kapela smutn\u011bj\u0161\u00ed verzi &#8222;The Saints Go Marching In&#8220; a \u0161lo se na v\u011bc. Nejprve u\u017e ve<br \/>\n2. minut\u011b klop\u00fdtal ve v\u00e1pn\u011b Onana a t\u0159eba\u017ee nebyl faulov\u00e1n, k identifikaci Lariosova obrann\u00e9ho z\u00e1kroku mi chyb\u011bl lep\u0161\u00ed z\u00e1b\u011br zep\u0159edu. Na druh\u00e9 stran\u011b se dostal po razantn\u00edm pr\u016fniku Stuarta Armstronga do slibn\u00e9 \u0161ance Che Adams, ale m\u00ed\u010d dostal p\u0159es Pickforda pouze mimo branku a nekopal se ani roh. Z \u00favodn\u00ed pas\u00e1\u017ee stoj\u00ed za zm\u00ednku je\u0161t\u011b \u017elut\u00e1 kosa AMN na Gueyeho.<\/p>\n<p>Toffees za\u010dali h\u0159e dominovat, ale krom\u011b rohov\u00fdch kop\u016f se k bezprost\u0159edn\u00edm atak\u016fm nedost\u00e1vali. Prvn\u00ed roh byl p\u0159\u00edli\u0161 n\u00edzk\u00fd a rozehra skon\u010dila u Pickforda, druh\u00fd se vr\u00e1til k exekutorovi Grayovi, jeho centr ale za brank\u00e1\u0159e neusm\u011brnil Coady. Gray byl ur\u010dit\u011b nejaktivn\u011bj\u0161\u00ed hr\u00e1\u010d, ve 26. minut\u011b si navedl m\u00ed\u010d z lev\u00e9 strany na st\u0159ed, ale m\u00ed\u0159il pouze do str\u00e1\u017ece br\u00e1ny. Jeho dal\u0161\u00ed pr\u016fnik po dlouh\u00e9m pase zase nedok\u00e1zal p\u0159etavit v nebezpe\u010dn\u011bj\u0161\u00ed st\u0159elu Maupay.<\/p>\n<p>Postupem \u010dasu tempo opadlo, zejm\u00e9na dom\u00e1c\u00ed vr\u0161ili jednu chybu v rozehr\u00e1vce za druhou, ale Everton toho nedok\u00e1zal moc vyu\u017e\u00edt. Iniciativu za\u010dalo p\u0159eb\u00edrat druh\u00e9 k\u0159\u00eddlo. Iwobiho centr propadl k McNeilovi, ale z jeho kopa\u010dky byly nebezpe\u010dn\u011bj\u0161\u00ed i rohov\u00e9 kopy, kter\u00e9 p\u0159evzal. Prvn\u00ed se dostal na hlavu Maupaye, ale ten v z\u00e1klonu na zadn\u00ed ty\u010di Bazunua nep\u0159ekvapil, dal\u0161\u00ed irsk\u00e9mu g\u00f3lmanovi vypadl z rukou, ale ani tak Everton nezakon\u010doval. V z\u00e1v\u011bru se dvakr\u00e1t bl\u00fdskl na druh\u00e9 stran\u011b KWP, ale jeho centr Armstrong nezu\u017eitkoval, n\u00e1sledn\u00fd st\u0159\u00edlen\u00fd centr skon\u010dil na Tarkowsk\u00e9m.<\/p>\n<h4>Druh\u00fd polo\u010das<\/h4>\n<p>Po pauze se objevili na h\u0159i\u0161ti tit\u00ed\u017e, p\u0159esto vym\u011bn\u011bn\u00ed hr\u00e1\u010di. Dom\u00e1c\u00ed najednou h\u00fd\u0159ili \u010dinnost\u00ed, Adams vybojoval po<br \/>\n6 evertonsk\u00fdch prvn\u00ed dom\u00e1c\u00ed rohov\u00fd kop. Pak se za\u010daly d\u00edt v\u011bci. N\u011bkdo p\u0159evle\u010den\u00fd za Ganu Gueyeho toti\u017e poslal nep\u0159esn\u00fd diagon\u00e1ln\u00ed pas, rychl\u00fd kontr se p\u0159es a Adamse a Lariose dostal k Aribovi, p\u0159ed n\u00edm\u017e op\u011bt Gueyeho dvojn\u00edk zavr\u00e1voral, a tak m\u011bla posila z Rangers snadn\u011bj\u0161\u00ed cestu k pr\u016fst\u0159elu na br\u00e1nu \u2013 <strong>1:0<\/strong>.<\/p>\n<p>T\u00e9me\u0159 z\u00a0rozehry byl Gray\u016fv pr\u016fnik zastaven na lev\u00e9 stran\u011b faulem. Gray rozehr\u00e1l p\u0159esn\u00fdm centrem do v\u00e1pna, kde se vyt\u00e1hl Onana a p\u0159edlo\u017eil m\u00ed\u010d na st\u0159\u00edbrn\u00e9m podnose pro Coadyho, kter\u00fd zbl\u00edzka srovnal \u2013 <strong>1:1<\/strong>. Hned ale mohlo b\u00fdt zle, proto\u017ee dom\u00e1c\u00ed se ve v\u00e1pn\u011b a jeho okol\u00ed dostali t\u0159ikr\u00e1t k odra\u017een\u00e9mu bal\u00f3nu, Adams, Armstrong a pot\u00e9 JWP na\u0161t\u011bst\u00ed jen bu\u0161ili do blok\u016f obrany Toffees.<\/p>\n<p>Jen\u017ee pak op\u011bt ude\u0159ilo. Iwobi poslal na\u010dechran\u00fd m\u00ed\u010d do v\u00e1pna. Ten sice p\u0159elet\u011bl Onanu, kter\u00fd sebou ochotn\u011b mrsknul na zem, na\u0161t\u011bst\u00ed p\u0159ist\u00e1l u McNeila, kter\u00fd prop\u00e1lil na prvn\u00ed ty\u010di Bazunua \u2013 <strong>1:2<\/strong>. Evertonians v hledi\u0161ti si mohli zazp\u00edvat zaslou\u017een\u00fd &#8222;Spirit of the Blues&#8220;\u2018.<\/p>\n<p>Pak se je\u0161t\u011b p\u0159ed hodinou hry dostal k hlavi\u010dce po dobr\u00e9m Colemanov\u011b centru Onana, ale pot\u00e9 se hra definitivn\u011b zm\u011bnila. Everton se za\u010dal soust\u0159edit na br\u00e1n\u011bn\u00ed. Maupay za\u010dal prudit obr\u00e1nce a r\u016fzn\u011b natahovat \u010das. Ralf Hassenh\u00fctl ud\u011blal 2 st\u0159\u00edd\u00e1n\u00ed a zejm\u00e9na Adam Armstrong byl v\u00e1\u017enou hrozbou.<\/p>\n<p>\u0106aleta-Car nebezpe\u010dn\u011b hlavi\u010dkoval po rohu, jejich\u017e po\u010det u dom\u00e1c\u00edch za\u010dal ut\u011b\u0161en\u011b nar\u016fstat. Pr\u00e1v\u011b nov\u00fd Armstrong loupnul pas do v\u00e1pna, kde z\u00a0voleje zakon\u010doval Adams jen vedle. Raku\u0161an poslal dal\u0161\u00edho mlad\u00e9ho partyz\u00e1na \u2013 Sama Edozieho \u2013 na zte\u010d.<\/p>\n<p>Host\u00e9 se do \u0161anc\u00ed moc nedost\u00e1vali, ale jedna zav\u00e1n\u011bla, to kdy\u017e dostal McNeil m\u00ed\u010d za obranu na Graye, ale ten zakon\u010doval ve skluzu jen do brank\u00e1\u0159e, odra\u017een\u00fd m\u00ed\u010d poslal Maupay jist\u011b dom\u016f za kan\u00e1l La Manche. Od 71. minuty p\u0159i\u0161ly dal\u0161\u00ed kru\u0161n\u00e9 chv\u00edle. Adam Armstrong se dostal ve v\u00e1pn\u011b dvakr\u00e1t do zakon\u010den\u00ed, po p\u0159ihr\u00e1vce KWP ale p\u0159est\u0159elil, po centru Adamse nechal u ty\u010de vyniknout Pickforda. Stejn\u011b dopadly pokusy ABK a KWP, to u\u017e nevydr\u017eel Frank Lampard a ud\u011blal kone\u010dn\u011b taky n\u011bjakou zm\u011bnu, Gordon a Davies nahradili McNeila s Onanou.<\/p>\n<p>Toffees nev\u011bd\u011bli, kam d\u0159\u00edv, dost\u00e1vali se \u010d\u00edm d\u00e1l v\u00edc pod tlak. Po s\u00e9rii roh\u016f, kter\u00e9 se v\u00a0slune\u010dn\u00ed z\u00e1\u0159i st\u00e1\u010dely do branky, fauloval kousek p\u0159ed v\u00e1pnem Gueye a k\u00a0exekuci p\u0159\u00edm\u00e9ho kopu se postavil ob\u00e1van\u00fd JWP. Na jeho trestn\u00fd kop si ale po\u010d\u00edhal li\u0161\u00e1k Coleman a vyhlavi\u010dkoval jej z\u00a0nebezpe\u010d\u00ed, t\u011b\u017eko \u0159\u00edct, zda by stihl Pickford na m\u00edsto u ty\u010dky doplachtit.<\/p>\n<p>Do\u0161lo i na Rond\u00f3na s Doucour\u00e9m a kdy\u017e u\u017e se zd\u00e1lo, \u017ee tlak vy\u0161um\u011bl, p\u0159i\u0161ly v nastaven\u00ed je\u0161t\u011b 2 dobr\u00e9 \u0161ance dom\u00e1c\u00edch. JWP na\u0161el po nakr\u00e1tko zahran\u00e9m nep\u0159\u00edm\u00e9m kopu \u0106aletu-Cara na zadn\u00ed ty\u010di, ale ten na\u0161t\u011bst\u00ed p\u0159ekopl, Adam Armstrong si pak nep\u0159i\u0161el na Pickforda st\u0159elou doprost\u0159ed branky.<\/p>\n<h4>Hodnocen\u00ed<\/h4>\n<p>V\u00fdkon jist\u011b nebyl bezchybn\u00fd, v prvn\u00edm polo\u010dase se naplno uk\u00e1zala bezzubost \u00fato\u010dn\u00e9 formace, kdy\u017e nedok\u00e1zali trestat soupe\u0159ovu laxnost. Ale vyhr\u00e1li jsme venku! Minulou sez\u00f3nu se to poda\u0159ilo jen dvakr\u00e1t. V\u00fdhra nad soupe\u0159em ze spodn\u00edch pater m\u016f\u017ee b\u00fdt d\u016fle\u017eit\u00e1 p\u0159i po\u010d\u00edt\u00e1n\u00ed zaj\u00edc\u016f po lovu. Nav\u00edc zp\u016fsob v\u00fdhry, zda\u0159il\u00fd obrat, udr\u017een\u00ed veden\u00ed, by\u0165 i s trochou \u0161t\u011bst\u00ed, bude m\u00edt snad pozitivn\u00ed vliv na t\u00fdm. Jde o druhou v\u00fdhru v \u0159ad\u011b, u\u017e \u0161est\u00fd z\u00e1pas bez prohry, to u\u017e tu n\u011bjakou dobu nebylo.<\/p>\n<p>Byl to sp\u00ed\u0161e t\u00fdmov\u00fd v\u00fdkon, ka\u017ed\u00e9mu by \u0161lo n\u011bco vytknout. Vyzdvihl bych op\u011bt Pickforda, n\u011bkolikr\u00e1t vykouzlil skv\u011bl\u00fd z\u00e1krok. Obrana fungovala celkem spolehliv\u011b. Z\u00e1loha v prvn\u00edm polo\u010dase dok\u00e1zala dominovat, v druh\u00e9m u\u017e ale ustoupila a dovolila soupe\u0159e mo\u017en\u00e1 a\u017e p\u0159\u00edli\u0161. Nakonec jsem hlasoval pro Connora Coadyho, vst\u0159elil d\u016fle\u017eitou rychlou vyrovn\u00e1vac\u00ed branku a v obran\u011b v\u00fdrazn\u011b nechyboval. Agiln\u00ed byl Demarai Gray, k\u00e9\u017e by se mu poda\u0159ilo z\u00edskat sebev\u011bdom\u00ed a za\u010d\u00edt st\u0159\u00edlet branky.<\/p>\n<p style=\"text-align: right;\"><span style=\"font-size: 10pt;\">foto zdroj: premierleague.com<\/span><\/p>\n<p><strong>Sest\u0159ih<\/strong>: <a href=\"https:\/\/www.evertonfc.com\/video\/2834887\/highlights-southampton-1-2-everton?tagNames=latest-video\">evertonfc.com<\/a> <strong>Hr\u00e1\u010d z\u00e1pasu redakce<\/strong>: Conor Coady<\/p>\n<p><strong>Branky<\/strong>: 49\u2018 Aribo \u2013 52\u2018 Coady, 54\u2018 McNeill<\/p>\n<p><strong>\u017dlut\u00e9 karty<\/strong>: 7\u2018 Maitland-Niles, 85\u2018 S.Armstrong \u2013 83\u2018 Gueye<\/p>\n<p><strong>Southampton FC<\/strong>: Bazunu &#8211; Walker-Peters, Bella-Kotchap, \u0106aleta-Car, Larios L\u00f3pez (60\u2018 Perraud) &#8211; Ward-Prowse, Maitland-Niles (67\u2018 Edozie), S.Armstrong (89\u2018 Ellyounoussi), Aribo \u2013 Mara (60\u2018 A.Armstrong), Adams.<\/p>\n<p><strong>Everton FC<\/strong>: Pickford &#8211; Coleman, Coady, Tarkowski, Mykolenko \u2013 Onana (74\u2018 Davies), Gueye, Iwobi \u2013 McNeil (74\u2018 Gordon), Maupay (88\u2018 Rondon), Gray (90+1\u2018 Doucour\u00e9).<\/p>\n<p><strong>Rozhod\u010d\u00ed<\/strong>: Andre Marriner <strong>Div\u00e1k\u016f<\/strong>: 30150.<\/p>\n","protected":false},"excerpt":{"rendered":"<p>Pokud n\u011bkoho zradil m\u011bch\u00fd\u0159 a nechal mo\u010d\u00edc\u00ed pauzu a\u017e na za\u010d\u00e1tek polo\u010dasu, ml\u00e1til pak hlavou o kachli\u010dky. Everton dok\u00e1zal bleskov\u011b oto\u010dit nep\u0159\u00edzniv\u00fd stav a veze dom\u016f d\u016fle\u017eit\u00e9 3 body.<\/p>\n","protected":false},"author":10,"featured_media":20020,"comment_status":"open","ping_status":"closed","sticky":false,"template":"","format":"standard","meta":{"_eb_attr":"","_monsterinsights_skip_tracking":false,"_monsterinsights_sitenote_active":false,"_monsterinsights_sitenote_note":"","_monsterinsights_sitenote_category":0,"footnotes":""},"categories":[4],"tags":[],"yoast_head":"<!-- This site is optimized with the Yoast SEO plugin v23.4 - https:\/\/yoast.com\/wordpress\/plugins\/seo\/ -->\n<title>Southampton - Everton 1:2 - Official Czech &amp; Slovak Everton Supporters&#039; Club<\/title>\n<meta name=\"robots\" content=\"index, follow, max-snippet:-1, max-image-preview:large, max-video-preview:-1\" \/>\n<link rel=\"canonical\" href=\"https:\/\/evertonfc.cz\/index.php\/2022\/10\/01\/southampton-everton-12\/\" \/>\n<meta property=\"og:locale\" content=\"cs_CZ\" \/>\n<meta property=\"og:type\" content=\"article\" \/>\n<meta property=\"og:title\" content=\"Southampton - Everton 1:2 - Official Czech &amp; Slovak Everton Supporters&#039; Club\" \/>\n<meta property=\"og:description\" content=\"Pokud n\u011bkoho zradil m\u011bch\u00fd\u0159 a nechal mo\u010d\u00edc\u00ed pauzu a\u017e na za\u010d\u00e1tek polo\u010dasu, ml\u00e1til pak hlavou o kachli\u010dky. Everton dok\u00e1zal bleskov\u011b oto\u010dit nep\u0159\u00edzniv\u00fd stav a veze dom\u016f d\u016fle\u017eit\u00e9 3 body.\" \/>\n<meta property=\"og:url\" content=\"https:\/\/evertonfc.cz\/index.php\/2022\/10\/01\/southampton-everton-12\/\" \/>\n<meta property=\"og:site_name\" content=\"Official Czech &amp; Slovak Everton Supporters&#039; Club\" \/>\n<meta property=\"article:publisher\" content=\"https:\/\/www.facebook.com\/everton.fans.cz.sk\" \/>\n<meta property=\"article:published_time\" content=\"2022-10-01T20:50:38+00:00\" \/>\n<meta property=\"article:modified_time\" content=\"2022-10-15T11:55:54+00:00\" \/>\n<meta property=\"og:image\" content=\"https:\/\/evertonfc.cz\/wp-content\/uploads\/2022\/10\/mcneil_at_stmarys.jpg\" \/>\n\t<meta property=\"og:image:width\" content=\"720\" \/>\n\t<meta property=\"og:image:height\" content=\"405\" \/>\n\t<meta property=\"og:image:type\" content=\"image\/jpeg\" \/>\n<meta name=\"author\" content=\"Fip\" \/>\n<meta name=\"twitter:card\" content=\"summary_large_image\" \/>\n<meta name=\"twitter:label1\" content=\"Napsal(a)\" \/>\n\t<meta name=\"twitter:data1\" content=\"Fip\" \/>\n\t<meta name=\"twitter:label2\" content=\"Odhadovan\u00e1 doba \u010dten\u00ed\" \/>\n\t<meta name=\"twitter:data2\" content=\"6 minut\" \/>\n<script type=\"application\/ld+json\" class=\"yoast-schema-graph\">{\"@context\":\"https:\/\/schema.org\",\"@graph\":[{\"@type\":\"Article\",\"@id\":\"https:\/\/evertonfc.cz\/index.php\/2022\/10\/01\/southampton-everton-12\/#article\",\"isPartOf\":{\"@id\":\"https:\/\/evertonfc.cz\/index.php\/2022\/10\/01\/southampton-everton-12\/\"},\"author\":{\"name\":\"Fip\",\"@id\":\"https:\/\/evertonfc.cz\/#\/schema\/person\/35904009755e8eaa0dc1a5f5f0419002\"},\"headline\":\"Southampton &#8211; Everton 1:2\",\"datePublished\":\"2022-10-01T20:50:38+00:00\",\"dateModified\":\"2022-10-15T11:55:54+00:00\",\"mainEntityOfPage\":{\"@id\":\"https:\/\/evertonfc.cz\/index.php\/2022\/10\/01\/southampton-everton-12\/\"},\"wordCount\":1432,\"commentCount\":11,\"publisher\":{\"@id\":\"https:\/\/evertonfc.cz\/#organization\"},\"image\":{\"@id\":\"https:\/\/evertonfc.cz\/index.php\/2022\/10\/01\/southampton-everton-12\/#primaryimage\"},\"thumbnailUrl\":\"https:\/\/evertonfc.cz\/wp-content\/uploads\/2022\/10\/mcneil_at_stmarys.jpg\",\"articleSection\":[\"Z\u00e1pasy\"],\"inLanguage\":\"cs\",\"potentialAction\":[{\"@type\":\"CommentAction\",\"name\":\"Comment\",\"target\":[\"https:\/\/evertonfc.cz\/index.php\/2022\/10\/01\/southampton-everton-12\/#respond\"]}]},{\"@type\":\"WebPage\",\"@id\":\"https:\/\/evertonfc.cz\/index.php\/2022\/10\/01\/southampton-everton-12\/\",\"url\":\"https:\/\/evertonfc.cz\/index.php\/2022\/10\/01\/southampton-everton-12\/\",\"name\":\"Southampton - Everton 1:2 - Official Czech &amp; Slovak Everton Supporters&#039; Club\",\"isPartOf\":{\"@id\":\"https:\/\/evertonfc.cz\/#website\"},\"primaryImageOfPage\":{\"@id\":\"https:\/\/evertonfc.cz\/index.php\/2022\/10\/01\/southampton-everton-12\/#primaryimage\"},\"image\":{\"@id\":\"https:\/\/evertonfc.cz\/index.php\/2022\/10\/01\/southampton-everton-12\/#primaryimage\"},\"thumbnailUrl\":\"https:\/\/evertonfc.cz\/wp-content\/uploads\/2022\/10\/mcneil_at_stmarys.jpg\",\"datePublished\":\"2022-10-01T20:50:38+00:00\",\"dateModified\":\"2022-10-15T11:55:54+00:00\",\"breadcrumb\":{\"@id\":\"https:\/\/evertonfc.cz\/index.php\/2022\/10\/01\/southampton-everton-12\/#breadcrumb\"},\"inLanguage\":\"cs\",\"potentialAction\":[{\"@type\":\"ReadAction\",\"target\":[\"https:\/\/evertonfc.cz\/index.php\/2022\/10\/01\/southampton-everton-12\/\"]}]},{\"@type\":\"ImageObject\",\"inLanguage\":\"cs\",\"@id\":\"https:\/\/evertonfc.cz\/index.php\/2022\/10\/01\/southampton-everton-12\/#primaryimage\",\"url\":\"https:\/\/evertonfc.cz\/wp-content\/uploads\/2022\/10\/mcneil_at_stmarys.jpg\",\"contentUrl\":\"https:\/\/evertonfc.cz\/wp-content\/uploads\/2022\/10\/mcneil_at_stmarys.jpg\",\"width\":720,\"height\":405},{\"@type\":\"BreadcrumbList\",\"@id\":\"https:\/\/evertonfc.cz\/index.php\/2022\/10\/01\/southampton-everton-12\/#breadcrumb\",\"itemListElement\":[{\"@type\":\"ListItem\",\"position\":1,\"name\":\"Home\",\"item\":\"https:\/\/evertonfc.cz\/\"},{\"@type\":\"ListItem\",\"position\":2,\"name\":\"Southampton &#8211; Everton 1:2\"}]},{\"@type\":\"WebSite\",\"@id\":\"https:\/\/evertonfc.cz\/#website\",\"url\":\"https:\/\/evertonfc.cz\/\",\"name\":\"Official Czech &amp; Slovak Everton Supporters&#039; Club\",\"description\":\"\",\"publisher\":{\"@id\":\"https:\/\/evertonfc.cz\/#organization\"},\"potentialAction\":[{\"@type\":\"SearchAction\",\"target\":{\"@type\":\"EntryPoint\",\"urlTemplate\":\"https:\/\/evertonfc.cz\/?s={search_term_string}\"},\"query-input\":{\"@type\":\"PropertyValueSpecification\",\"valueRequired\":true,\"valueName\":\"search_term_string\"}}],\"inLanguage\":\"cs\"},{\"@type\":\"Organization\",\"@id\":\"https:\/\/evertonfc.cz\/#organization\",\"name\":\"Official Czech & Slovak Everton Supporters' Club\",\"url\":\"https:\/\/evertonfc.cz\/\",\"logo\":{\"@type\":\"ImageObject\",\"inLanguage\":\"cs\",\"@id\":\"https:\/\/evertonfc.cz\/#\/schema\/logo\/image\/\",\"url\":\"https:\/\/evertonfc.cz\/wp-content\/uploads\/2019\/05\/logo.png\",\"contentUrl\":\"https:\/\/evertonfc.cz\/wp-content\/uploads\/2019\/05\/logo.png\",\"width\":112,\"height\":112,\"caption\":\"Official Czech & Slovak Everton Supporters' Club\"},\"image\":{\"@id\":\"https:\/\/evertonfc.cz\/#\/schema\/logo\/image\/\"},\"sameAs\":[\"https:\/\/www.facebook.com\/everton.fans.cz.sk\"]},{\"@type\":\"Person\",\"@id\":\"https:\/\/evertonfc.cz\/#\/schema\/person\/35904009755e8eaa0dc1a5f5f0419002\",\"name\":\"Fip\",\"url\":\"https:\/\/evertonfc.cz\/index.php\/author\/fip\/\"}]}<\/script>\n<!-- \/ Yoast SEO plugin. -->","yoast_head_json":{"title":"Southampton - Everton 1:2 - Official Czech &amp; Slovak Everton Supporters&#039; Club","robots":{"index":"index","follow":"follow","max-snippet":"max-snippet:-1","max-image-preview":"max-image-preview:large","max-video-preview":"max-video-preview:-1"},"canonical":"https:\/\/evertonfc.cz\/index.php\/2022\/10\/01\/southampton-everton-12\/","og_locale":"cs_CZ","og_type":"article","og_title":"Southampton - Everton 1:2 - Official Czech &amp; Slovak Everton Supporters&#039; Club","og_description":"Pokud n\u011bkoho zradil m\u011bch\u00fd\u0159 a nechal mo\u010d\u00edc\u00ed pauzu a\u017e na za\u010d\u00e1tek polo\u010dasu, ml\u00e1til pak hlavou o kachli\u010dky. Everton dok\u00e1zal bleskov\u011b oto\u010dit nep\u0159\u00edzniv\u00fd stav a veze dom\u016f d\u016fle\u017eit\u00e9 3 body.","og_url":"https:\/\/evertonfc.cz\/index.php\/2022\/10\/01\/southampton-everton-12\/","og_site_name":"Official Czech &amp; Slovak Everton Supporters&#039; Club","article_publisher":"https:\/\/www.facebook.com\/everton.fans.cz.sk","article_published_time":"2022-10-01T20:50:38+00:00","article_modified_time":"2022-10-15T11:55:54+00:00","og_image":[{"width":720,"height":405,"url":"https:\/\/evertonfc.cz\/wp-content\/uploads\/2022\/10\/mcneil_at_stmarys.jpg","type":"image\/jpeg"}],"author":"Fip","twitter_card":"summary_large_image","twitter_misc":{"Napsal(a)":"Fip","Odhadovan\u00e1 doba \u010dten\u00ed":"6 minut"},"schema":{"@context":"https:\/\/schema.org","@graph":[{"@type":"Article","@id":"https:\/\/evertonfc.cz\/index.php\/2022\/10\/01\/southampton-everton-12\/#article","isPartOf":{"@id":"https:\/\/evertonfc.cz\/index.php\/2022\/10\/01\/southampton-everton-12\/"},"author":{"name":"Fip","@id":"https:\/\/evertonfc.cz\/#\/schema\/person\/35904009755e8eaa0dc1a5f5f0419002"},"headline":"Southampton &#8211; Everton 1:2","datePublished":"2022-10-01T20:50:38+00:00","dateModified":"2022-10-15T11:55:54+00:00","mainEntityOfPage":{"@id":"https:\/\/evertonfc.cz\/index.php\/2022\/10\/01\/southampton-everton-12\/"},"wordCount":1432,"commentCount":11,"publisher":{"@id":"https:\/\/evertonfc.cz\/#organization"},"image":{"@id":"https:\/\/evertonfc.cz\/index.php\/2022\/10\/01\/southampton-everton-12\/#primaryimage"},"thumbnailUrl":"https:\/\/evertonfc.cz\/wp-content\/uploads\/2022\/10\/mcneil_at_stmarys.jpg","articleSection":["Z\u00e1pasy"],"inLanguage":"cs","potentialAction":[{"@type":"CommentAction","name":"Comment","target":["https:\/\/evertonfc.cz\/index.php\/2022\/10\/01\/southampton-everton-12\/#respond"]}]},{"@type":"WebPage","@id":"https:\/\/evertonfc.cz\/index.php\/2022\/10\/01\/southampton-everton-12\/","url":"https:\/\/evertonfc.cz\/index.php\/2022\/10\/01\/southampton-everton-12\/","name":"Southampton - Everton 1:2 - Official Czech &amp; Slovak Everton Supporters&#039; Club","isPartOf":{"@id":"https:\/\/evertonfc.cz\/#website"},"primaryImageOfPage":{"@id":"https:\/\/evertonfc.cz\/index.php\/2022\/10\/01\/southampton-everton-12\/#primaryimage"},"image":{"@id":"https:\/\/evertonfc.cz\/index.php\/2022\/10\/01\/southampton-everton-12\/#primaryimage"},"thumbnailUrl":"https:\/\/evertonfc.cz\/wp-content\/uploads\/2022\/10\/mcneil_at_stmarys.jpg","datePublished":"2022-10-01T20:50:38+00:00","dateModified":"2022-10-15T11:55:54+00:00","breadcrumb":{"@id":"https:\/\/evertonfc.cz\/index.php\/2022\/10\/01\/southampton-everton-12\/#breadcrumb"},"inLanguage":"cs","potentialAction":[{"@type":"ReadAction","target":["https:\/\/evertonfc.cz\/index.php\/2022\/10\/01\/southampton-everton-12\/"]}]},{"@type":"ImageObject","inLanguage":"cs","@id":"https:\/\/evertonfc.cz\/index.php\/2022\/10\/01\/southampton-everton-12\/#primaryimage","url":"https:\/\/evertonfc.cz\/wp-content\/uploads\/2022\/10\/mcneil_at_stmarys.jpg","contentUrl":"https:\/\/evertonfc.cz\/wp-content\/uploads\/2022\/10\/mcneil_at_stmarys.jpg","width":720,"height":405},{"@type":"BreadcrumbList","@id":"https:\/\/evertonfc.cz\/index.php\/2022\/10\/01\/southampton-everton-12\/#breadcrumb","itemListElement":[{"@type":"ListItem","position":1,"name":"Home","item":"https:\/\/evertonfc.cz\/"},{"@type":"ListItem","position":2,"name":"Southampton &#8211; Everton 1:2"}]},{"@type":"WebSite","@id":"https:\/\/evertonfc.cz\/#website","url":"https:\/\/evertonfc.cz\/","name":"Official Czech &amp; Slovak Everton Supporters&#039; Club","description":"","publisher":{"@id":"https:\/\/evertonfc.cz\/#organization"},"potentialAction":[{"@type":"SearchAction","target":{"@type":"EntryPoint","urlTemplate":"https:\/\/evertonfc.cz\/?s={search_term_string}"},"query-input":{"@type":"PropertyValueSpecification","valueRequired":true,"valueName":"search_term_string"}}],"inLanguage":"cs"},{"@type":"Organization","@id":"https:\/\/evertonfc.cz\/#organization","name":"Official Czech & Slovak Everton Supporters' Club","url":"https:\/\/evertonfc.cz\/","logo":{"@type":"ImageObject","inLanguage":"cs","@id":"https:\/\/evertonfc.cz\/#\/schema\/logo\/image\/","url":"https:\/\/evertonfc.cz\/wp-content\/uploads\/2019\/05\/logo.png","contentUrl":"https:\/\/evertonfc.cz\/wp-content\/uploads\/2019\/05\/logo.png","width":112,"height":112,"caption":"Official Czech & Slovak Everton Supporters' Club"},"image":{"@id":"https:\/\/evertonfc.cz\/#\/schema\/logo\/image\/"},"sameAs":["https:\/\/www.facebook.com\/everton.fans.cz.sk"]},{"@type":"Person","@id":"https:\/\/evertonfc.cz\/#\/schema\/person\/35904009755e8eaa0dc1a5f5f0419002","name":"Fip","url":"https:\/\/evertonfc.cz\/index.php\/author\/fip\/"}]}},"_links":{"self":[{"href":"https:\/\/evertonfc.cz\/index.php\/wp-json\/wp\/v2\/posts\/20021"}],"collection":[{"href":"https:\/\/evertonfc.cz\/index.php\/wp-json\/wp\/v2\/posts"}],"about":[{"href":"https:\/\/evertonfc.cz\/index.php\/wp-json\/wp\/v2\/types\/post"}],"author":[{"embeddable":true,"href":"https:\/\/evertonfc.cz\/index.php\/wp-json\/wp\/v2\/users\/10"}],"replies":[{"embeddable":true,"href":"https:\/\/evertonfc.cz\/index.php\/wp-json\/wp\/v2\/comments?post=20021"}],"version-history":[{"count":5,"href":"https:\/\/evertonfc.cz\/index.php\/wp-json\/wp\/v2\/posts\/20021\/revisions"}],"predecessor-version":[{"id":20029,"href":"https:\/\/evertonfc.cz\/index.php\/wp-json\/wp\/v2\/posts\/20021\/revisions\/20029"}],"wp:featuredmedia":[{"embeddable":true,"href":"https:\/\/evertonfc.cz\/index.php\/wp-json\/wp\/v2\/media\/20020"}],"wp:attachment":[{"href":"https:\/\/evertonfc.cz\/index.php\/wp-json\/wp\/v2\/media?parent=20021"}],"wp:term":[{"taxonomy":"category","embeddable":true,"href":"https:\/\/evertonfc.cz\/index.php\/wp-json\/wp\/v2\/categories?post=20021"},{"taxonomy":"post_tag","embeddable":true,"href":"https:\/\/evertonfc.cz\/index.php\/wp-json\/wp\/v2\/tags?post=20021"}],"curies":[{"name":"wp","href":"https:\/\/api.w.org\/{rel}","templated":true}]}}