{"id":2003,"date":"2018-07-18T19:50:41","date_gmt":"2018-07-18T17:50:41","guid":{"rendered":"http:\/\/evertonfc.cz\/?p=2003"},"modified":"2019-01-31T19:51:40","modified_gmt":"2019-01-31T18:51:40","slug":"friendly-preview-bury-everton","status":"publish","type":"post","link":"https:\/\/evertonfc.cz\/index.php\/2018\/07\/18\/friendly-preview-bury-everton\/","title":{"rendered":"Friendly Preview: Bury &#8211; Everton"},"content":{"rendered":"\n<h4 class=\"wp-block-heading\">Po proch\u00e1zce rakousk\u00fdm sadem p\u0159ich\u00e1z\u00ed trochu v\u00e1\u017en\u011bj\u0161\u00ed protivn\u00edk. Everton tentokr\u00e1t zaj\u00ed\u017ed\u00ed na nedalek\u00e9 h\u0159i\u0161t\u011b nov\u00e1\u010dka \u010dtvrt\u00e9 ligy.<\/h4>\n\n\n\n<p>A\u010d Bury FC str\u00e1vilo drtivou v\u011bt\u0161inu sv\u00e9 existence v ni\u017e\u0161\u00edch sout\u011b\u017e\u00edch, pat\u0159\u00ed k nejstar\u0161\u00edm anglick\u00fdm klub\u016fm, zalo\u017eeno bylo ji\u017e v roce 1885. Ale to u klub\u016f z liverpoolsko-manchestersk\u00e9 oblasti zas tak nep\u0159ekvap\u00ed. Po celou dobu sv\u00e9 existence hraje na stejn\u00e9m stadionu, kter\u00fd je um\u00edst\u011bn v ulici Gigg Lane. Ji\u017e v prvn\u00edm roce vlastn\u011b vznikla rivalita s Wiganem, kter\u00fd byl soupe\u0159em v \u00fapln\u011b prvn\u00edm z\u00e1pase, je\u017e Bury FC sehr\u00e1lo. V\u00fdsledek? Wigan 3:4 na Gigg Lane prohr\u00e1l. Shakers, jak se jim \u0159\u00edk\u00e1, m\u011bli nejslavn\u011bj\u0161\u00ed obdob\u00ed jednozna\u010dn\u011b v prvn\u00ed t\u0159etin\u011b minul\u00e9ho stolet\u00ed, kdy byli pravideln\u00fdmi \u00fa\u010dastn\u00edky nejvy\u0161\u0161\u00ed sout\u011b\u017ee a v letech 1900 a 1903 vyhr\u00e1li Anglick\u00fd poh\u00e1r. Zlom p\u0159i\u0161el v roce 1929 &#8211; to klub sestoupil do ligy druh\u00e9 &#8211; a od t\u00e9 doby si ji\u017e prvn\u00ed ligu, a\u0165 se jmenovala jakkoliv, nezahr\u00e1l. Od konce 60. let se pohybuj\u00ed mez\u00ed t\u0159et\u00ed a \u010dtvrtou ligou, p\u0159\u00ed\u0161t\u00ed sezonu (2018-2019) budou hr\u00e1t op\u011bt \u010dtvrtou, proto\u017ee loni se um\u00edstili na posledn\u00ed p\u0159\u00ed\u010dce.<\/p>\n\n\n\n<p>Jak\u00e9 v\u011bci a jac\u00ed lid\u00e9 spojuj\u00ed Bury a Everton? Ti fotbalov\u011b znalej\u0161\u00ed jist\u011b v\u011bd\u00ed, \u017ee se v Bury narodil a vyr\u016fstal Phil Neville, jednu dobu kapit\u00e1n Evertonu, v sou\u010dasnosti tren\u00e9r \u017eensk\u00e9 anglick\u00e9 fotbalov\u00e9 reprezentace. Tak\u00e9 za n\u011b v sou\u010dasnosti hraje b\u00fdval\u00fd Evertonian Jermaine Beckford. A p\u0159ezd\u00edvka Shakers? Poch\u00e1z\u00ed z \u00fast J. T. Ingrama, tehdej\u0161\u00edho mana\u017eera klubu. Pou\u017eil ji v r\u00e1mci motiva\u010dn\u00ed \u0159e\u010di v roce 1892 p\u0159ed fin\u00e1le Lancashire Cupu. Zjevn\u011b jim to pomohlo, Everton tento ma\u010d prohr\u00e1l.<\/p>\n\n\n\n<p>Bury t\u00e9\u017e dr\u017e\u00ed pozoruhodn\u00fd rekord. Je jedin\u00fdm klubem v Anglii, kter\u00fd v ka\u017ed\u00e9m pat\u0159e profi fotbalu (tedy prvn\u00ed \u010dty\u0159i ligy) nast\u0159\u00edlel 1000 branek.<\/p>\n\n\n\n<p><strong>Co:<\/strong>&nbsp;Bury FC &#8211; Everton FC, p\u0159\u00edpravn\u00fd z\u00e1pas<br><strong>Kdy:<\/strong>&nbsp;18. 7. 2018 od 20:45 SE\u010c<br><strong>Kde:<\/strong>&nbsp;Gigg Lane, Bury, Anglie<\/p>\n","protected":false},"excerpt":{"rendered":"<p>Po proch\u00e1zce rakousk\u00fdm sadem p\u0159ich\u00e1z\u00ed trochu v\u00e1\u017en\u011bj\u0161\u00ed protivn\u00edk. Everton tentokr\u00e1t zaj\u00ed\u017ed\u00ed na nedalek\u00e9 h\u0159i\u0161t\u011b nov\u00e1\u010dka \u010dtvrt\u00e9 ligy. A\u010d Bury FC&hellip;<\/p>\n","protected":false},"author":12,"featured_media":1963,"comment_status":"open","ping_status":"closed","sticky":false,"template":"","format":"standard","meta":{"_eb_attr":"","_monsterinsights_skip_tracking":false,"_monsterinsights_sitenote_active":false,"_monsterinsights_sitenote_note":"","_monsterinsights_sitenote_category":0,"footnotes":""},"categories":[4],"tags":[],"yoast_head":"<!-- This site is optimized with the Yoast SEO plugin v23.4 - https:\/\/yoast.com\/wordpress\/plugins\/seo\/ -->\n<title>Friendly Preview: Bury - Everton - Official Czech &amp; Slovak Everton Supporters&#039; Club<\/title>\n<meta name=\"robots\" content=\"index, follow, max-snippet:-1, max-image-preview:large, max-video-preview:-1\" \/>\n<link rel=\"canonical\" href=\"https:\/\/evertonfc.cz\/index.php\/2018\/07\/18\/friendly-preview-bury-everton\/\" \/>\n<meta property=\"og:locale\" content=\"cs_CZ\" \/>\n<meta property=\"og:type\" content=\"article\" \/>\n<meta property=\"og:title\" content=\"Friendly Preview: Bury - Everton - Official Czech &amp; Slovak Everton Supporters&#039; Club\" \/>\n<meta property=\"og:description\" content=\"Po proch\u00e1zce rakousk\u00fdm sadem p\u0159ich\u00e1z\u00ed trochu v\u00e1\u017en\u011bj\u0161\u00ed protivn\u00edk. Everton tentokr\u00e1t zaj\u00ed\u017ed\u00ed na nedalek\u00e9 h\u0159i\u0161t\u011b nov\u00e1\u010dka \u010dtvrt\u00e9 ligy. A\u010d Bury FC&hellip;\" \/>\n<meta property=\"og:url\" content=\"https:\/\/evertonfc.cz\/index.php\/2018\/07\/18\/friendly-preview-bury-everton\/\" \/>\n<meta property=\"og:site_name\" content=\"Official Czech &amp; Slovak Everton Supporters&#039; Club\" \/>\n<meta property=\"article:publisher\" content=\"https:\/\/www.facebook.com\/everton.fans.cz.sk\" \/>\n<meta property=\"article:published_time\" content=\"2018-07-18T17:50:41+00:00\" \/>\n<meta property=\"article:modified_time\" content=\"2019-01-31T18:51:40+00:00\" \/>\n<meta property=\"og:image\" content=\"https:\/\/evertonfc.cz\/wp-content\/uploads\/2019\/01\/beckford_18_7_2018.jpeg\" \/>\n\t<meta property=\"og:image:width\" content=\"720\" \/>\n\t<meta property=\"og:image:height\" content=\"405\" \/>\n\t<meta property=\"og:image:type\" content=\"image\/jpeg\" \/>\n<meta name=\"author\" content=\"Javor\" \/>\n<meta name=\"twitter:card\" content=\"summary_large_image\" \/>\n<meta name=\"twitter:creator\" content=\"@LoudinJan\" \/>\n<meta name=\"twitter:label1\" content=\"Napsal(a)\" \/>\n\t<meta name=\"twitter:data1\" content=\"Javor\" \/>\n\t<meta name=\"twitter:label2\" content=\"Odhadovan\u00e1 doba \u010dten\u00ed\" \/>\n\t<meta name=\"twitter:data2\" content=\"2 minuty\" \/>\n<script type=\"application\/ld+json\" class=\"yoast-schema-graph\">{\"@context\":\"https:\/\/schema.org\",\"@graph\":[{\"@type\":\"Article\",\"@id\":\"https:\/\/evertonfc.cz\/index.php\/2018\/07\/18\/friendly-preview-bury-everton\/#article\",\"isPartOf\":{\"@id\":\"https:\/\/evertonfc.cz\/index.php\/2018\/07\/18\/friendly-preview-bury-everton\/\"},\"author\":{\"name\":\"Javor\",\"@id\":\"https:\/\/evertonfc.cz\/#\/schema\/person\/b30daf6a5852f4811f8207a17ec1bf78\"},\"headline\":\"Friendly Preview: Bury &#8211; Everton\",\"datePublished\":\"2018-07-18T17:50:41+00:00\",\"dateModified\":\"2019-01-31T18:51:40+00:00\",\"mainEntityOfPage\":{\"@id\":\"https:\/\/evertonfc.cz\/index.php\/2018\/07\/18\/friendly-preview-bury-everton\/\"},\"wordCount\":368,\"commentCount\":0,\"publisher\":{\"@id\":\"https:\/\/evertonfc.cz\/#organization\"},\"image\":{\"@id\":\"https:\/\/evertonfc.cz\/index.php\/2018\/07\/18\/friendly-preview-bury-everton\/#primaryimage\"},\"thumbnailUrl\":\"https:\/\/evertonfc.cz\/wp-content\/uploads\/2019\/01\/beckford_18_7_2018.jpeg\",\"articleSection\":[\"Z\u00e1pasy\"],\"inLanguage\":\"cs\",\"potentialAction\":[{\"@type\":\"CommentAction\",\"name\":\"Comment\",\"target\":[\"https:\/\/evertonfc.cz\/index.php\/2018\/07\/18\/friendly-preview-bury-everton\/#respond\"]}]},{\"@type\":\"WebPage\",\"@id\":\"https:\/\/evertonfc.cz\/index.php\/2018\/07\/18\/friendly-preview-bury-everton\/\",\"url\":\"https:\/\/evertonfc.cz\/index.php\/2018\/07\/18\/friendly-preview-bury-everton\/\",\"name\":\"Friendly Preview: Bury - Everton - Official Czech &amp; Slovak Everton Supporters&#039; Club\",\"isPartOf\":{\"@id\":\"https:\/\/evertonfc.cz\/#website\"},\"primaryImageOfPage\":{\"@id\":\"https:\/\/evertonfc.cz\/index.php\/2018\/07\/18\/friendly-preview-bury-everton\/#primaryimage\"},\"image\":{\"@id\":\"https:\/\/evertonfc.cz\/index.php\/2018\/07\/18\/friendly-preview-bury-everton\/#primaryimage\"},\"thumbnailUrl\":\"https:\/\/evertonfc.cz\/wp-content\/uploads\/2019\/01\/beckford_18_7_2018.jpeg\",\"datePublished\":\"2018-07-18T17:50:41+00:00\",\"dateModified\":\"2019-01-31T18:51:40+00:00\",\"breadcrumb\":{\"@id\":\"https:\/\/evertonfc.cz\/index.php\/2018\/07\/18\/friendly-preview-bury-everton\/#breadcrumb\"},\"inLanguage\":\"cs\",\"potentialAction\":[{\"@type\":\"ReadAction\",\"target\":[\"https:\/\/evertonfc.cz\/index.php\/2018\/07\/18\/friendly-preview-bury-everton\/\"]}]},{\"@type\":\"ImageObject\",\"inLanguage\":\"cs\",\"@id\":\"https:\/\/evertonfc.cz\/index.php\/2018\/07\/18\/friendly-preview-bury-everton\/#primaryimage\",\"url\":\"https:\/\/evertonfc.cz\/wp-content\/uploads\/2019\/01\/beckford_18_7_2018.jpeg\",\"contentUrl\":\"https:\/\/evertonfc.cz\/wp-content\/uploads\/2019\/01\/beckford_18_7_2018.jpeg\",\"width\":720,\"height\":405},{\"@type\":\"BreadcrumbList\",\"@id\":\"https:\/\/evertonfc.cz\/index.php\/2018\/07\/18\/friendly-preview-bury-everton\/#breadcrumb\",\"itemListElement\":[{\"@type\":\"ListItem\",\"position\":1,\"name\":\"Home\",\"item\":\"https:\/\/evertonfc.cz\/\"},{\"@type\":\"ListItem\",\"position\":2,\"name\":\"Friendly Preview: Bury &#8211; Everton\"}]},{\"@type\":\"WebSite\",\"@id\":\"https:\/\/evertonfc.cz\/#website\",\"url\":\"https:\/\/evertonfc.cz\/\",\"name\":\"Official Czech &amp; Slovak Everton Supporters&#039; Club\",\"description\":\"\",\"publisher\":{\"@id\":\"https:\/\/evertonfc.cz\/#organization\"},\"potentialAction\":[{\"@type\":\"SearchAction\",\"target\":{\"@type\":\"EntryPoint\",\"urlTemplate\":\"https:\/\/evertonfc.cz\/?s={search_term_string}\"},\"query-input\":{\"@type\":\"PropertyValueSpecification\",\"valueRequired\":true,\"valueName\":\"search_term_string\"}}],\"inLanguage\":\"cs\"},{\"@type\":\"Organization\",\"@id\":\"https:\/\/evertonfc.cz\/#organization\",\"name\":\"Official Czech & Slovak Everton Supporters' Club\",\"url\":\"https:\/\/evertonfc.cz\/\",\"logo\":{\"@type\":\"ImageObject\",\"inLanguage\":\"cs\",\"@id\":\"https:\/\/evertonfc.cz\/#\/schema\/logo\/image\/\",\"url\":\"https:\/\/evertonfc.cz\/wp-content\/uploads\/2019\/05\/logo.png\",\"contentUrl\":\"https:\/\/evertonfc.cz\/wp-content\/uploads\/2019\/05\/logo.png\",\"width\":112,\"height\":112,\"caption\":\"Official Czech & Slovak Everton Supporters' Club\"},\"image\":{\"@id\":\"https:\/\/evertonfc.cz\/#\/schema\/logo\/image\/\"},\"sameAs\":[\"https:\/\/www.facebook.com\/everton.fans.cz.sk\"]},{\"@type\":\"Person\",\"@id\":\"https:\/\/evertonfc.cz\/#\/schema\/person\/b30daf6a5852f4811f8207a17ec1bf78\",\"name\":\"Javor\",\"sameAs\":[\"https:\/\/x.com\/LoudinJan\"],\"url\":\"https:\/\/evertonfc.cz\/index.php\/author\/javor\/\"}]}<\/script>\n<!-- \/ Yoast SEO plugin. -->","yoast_head_json":{"title":"Friendly Preview: Bury - Everton - Official Czech &amp; Slovak Everton Supporters&#039; Club","robots":{"index":"index","follow":"follow","max-snippet":"max-snippet:-1","max-image-preview":"max-image-preview:large","max-video-preview":"max-video-preview:-1"},"canonical":"https:\/\/evertonfc.cz\/index.php\/2018\/07\/18\/friendly-preview-bury-everton\/","og_locale":"cs_CZ","og_type":"article","og_title":"Friendly Preview: Bury - Everton - Official Czech &amp; Slovak Everton Supporters&#039; Club","og_description":"Po proch\u00e1zce rakousk\u00fdm sadem p\u0159ich\u00e1z\u00ed trochu v\u00e1\u017en\u011bj\u0161\u00ed protivn\u00edk. Everton tentokr\u00e1t zaj\u00ed\u017ed\u00ed na nedalek\u00e9 h\u0159i\u0161t\u011b nov\u00e1\u010dka \u010dtvrt\u00e9 ligy. A\u010d Bury FC&hellip;","og_url":"https:\/\/evertonfc.cz\/index.php\/2018\/07\/18\/friendly-preview-bury-everton\/","og_site_name":"Official Czech &amp; Slovak Everton Supporters&#039; Club","article_publisher":"https:\/\/www.facebook.com\/everton.fans.cz.sk","article_published_time":"2018-07-18T17:50:41+00:00","article_modified_time":"2019-01-31T18:51:40+00:00","og_image":[{"width":720,"height":405,"url":"https:\/\/evertonfc.cz\/wp-content\/uploads\/2019\/01\/beckford_18_7_2018.jpeg","type":"image\/jpeg"}],"author":"Javor","twitter_card":"summary_large_image","twitter_creator":"@LoudinJan","twitter_misc":{"Napsal(a)":"Javor","Odhadovan\u00e1 doba \u010dten\u00ed":"2 minuty"},"schema":{"@context":"https:\/\/schema.org","@graph":[{"@type":"Article","@id":"https:\/\/evertonfc.cz\/index.php\/2018\/07\/18\/friendly-preview-bury-everton\/#article","isPartOf":{"@id":"https:\/\/evertonfc.cz\/index.php\/2018\/07\/18\/friendly-preview-bury-everton\/"},"author":{"name":"Javor","@id":"https:\/\/evertonfc.cz\/#\/schema\/person\/b30daf6a5852f4811f8207a17ec1bf78"},"headline":"Friendly Preview: Bury &#8211; Everton","datePublished":"2018-07-18T17:50:41+00:00","dateModified":"2019-01-31T18:51:40+00:00","mainEntityOfPage":{"@id":"https:\/\/evertonfc.cz\/index.php\/2018\/07\/18\/friendly-preview-bury-everton\/"},"wordCount":368,"commentCount":0,"publisher":{"@id":"https:\/\/evertonfc.cz\/#organization"},"image":{"@id":"https:\/\/evertonfc.cz\/index.php\/2018\/07\/18\/friendly-preview-bury-everton\/#primaryimage"},"thumbnailUrl":"https:\/\/evertonfc.cz\/wp-content\/uploads\/2019\/01\/beckford_18_7_2018.jpeg","articleSection":["Z\u00e1pasy"],"inLanguage":"cs","potentialAction":[{"@type":"CommentAction","name":"Comment","target":["https:\/\/evertonfc.cz\/index.php\/2018\/07\/18\/friendly-preview-bury-everton\/#respond"]}]},{"@type":"WebPage","@id":"https:\/\/evertonfc.cz\/index.php\/2018\/07\/18\/friendly-preview-bury-everton\/","url":"https:\/\/evertonfc.cz\/index.php\/2018\/07\/18\/friendly-preview-bury-everton\/","name":"Friendly Preview: Bury - Everton - Official Czech &amp; Slovak Everton Supporters&#039; Club","isPartOf":{"@id":"https:\/\/evertonfc.cz\/#website"},"primaryImageOfPage":{"@id":"https:\/\/evertonfc.cz\/index.php\/2018\/07\/18\/friendly-preview-bury-everton\/#primaryimage"},"image":{"@id":"https:\/\/evertonfc.cz\/index.php\/2018\/07\/18\/friendly-preview-bury-everton\/#primaryimage"},"thumbnailUrl":"https:\/\/evertonfc.cz\/wp-content\/uploads\/2019\/01\/beckford_18_7_2018.jpeg","datePublished":"2018-07-18T17:50:41+00:00","dateModified":"2019-01-31T18:51:40+00:00","breadcrumb":{"@id":"https:\/\/evertonfc.cz\/index.php\/2018\/07\/18\/friendly-preview-bury-everton\/#breadcrumb"},"inLanguage":"cs","potentialAction":[{"@type":"ReadAction","target":["https:\/\/evertonfc.cz\/index.php\/2018\/07\/18\/friendly-preview-bury-everton\/"]}]},{"@type":"ImageObject","inLanguage":"cs","@id":"https:\/\/evertonfc.cz\/index.php\/2018\/07\/18\/friendly-preview-bury-everton\/#primaryimage","url":"https:\/\/evertonfc.cz\/wp-content\/uploads\/2019\/01\/beckford_18_7_2018.jpeg","contentUrl":"https:\/\/evertonfc.cz\/wp-content\/uploads\/2019\/01\/beckford_18_7_2018.jpeg","width":720,"height":405},{"@type":"BreadcrumbList","@id":"https:\/\/evertonfc.cz\/index.php\/2018\/07\/18\/friendly-preview-bury-everton\/#breadcrumb","itemListElement":[{"@type":"ListItem","position":1,"name":"Home","item":"https:\/\/evertonfc.cz\/"},{"@type":"ListItem","position":2,"name":"Friendly Preview: Bury &#8211; Everton"}]},{"@type":"WebSite","@id":"https:\/\/evertonfc.cz\/#website","url":"https:\/\/evertonfc.cz\/","name":"Official Czech &amp; Slovak Everton Supporters&#039; Club","description":"","publisher":{"@id":"https:\/\/evertonfc.cz\/#organization"},"potentialAction":[{"@type":"SearchAction","target":{"@type":"EntryPoint","urlTemplate":"https:\/\/evertonfc.cz\/?s={search_term_string}"},"query-input":{"@type":"PropertyValueSpecification","valueRequired":true,"valueName":"search_term_string"}}],"inLanguage":"cs"},{"@type":"Organization","@id":"https:\/\/evertonfc.cz\/#organization","name":"Official Czech & Slovak Everton Supporters' Club","url":"https:\/\/evertonfc.cz\/","logo":{"@type":"ImageObject","inLanguage":"cs","@id":"https:\/\/evertonfc.cz\/#\/schema\/logo\/image\/","url":"https:\/\/evertonfc.cz\/wp-content\/uploads\/2019\/05\/logo.png","contentUrl":"https:\/\/evertonfc.cz\/wp-content\/uploads\/2019\/05\/logo.png","width":112,"height":112,"caption":"Official Czech & Slovak Everton Supporters' Club"},"image":{"@id":"https:\/\/evertonfc.cz\/#\/schema\/logo\/image\/"},"sameAs":["https:\/\/www.facebook.com\/everton.fans.cz.sk"]},{"@type":"Person","@id":"https:\/\/evertonfc.cz\/#\/schema\/person\/b30daf6a5852f4811f8207a17ec1bf78","name":"Javor","sameAs":["https:\/\/x.com\/LoudinJan"],"url":"https:\/\/evertonfc.cz\/index.php\/author\/javor\/"}]}},"_links":{"self":[{"href":"https:\/\/evertonfc.cz\/index.php\/wp-json\/wp\/v2\/posts\/2003"}],"collection":[{"href":"https:\/\/evertonfc.cz\/index.php\/wp-json\/wp\/v2\/posts"}],"about":[{"href":"https:\/\/evertonfc.cz\/index.php\/wp-json\/wp\/v2\/types\/post"}],"author":[{"embeddable":true,"href":"https:\/\/evertonfc.cz\/index.php\/wp-json\/wp\/v2\/users\/12"}],"replies":[{"embeddable":true,"href":"https:\/\/evertonfc.cz\/index.php\/wp-json\/wp\/v2\/comments?post=2003"}],"version-history":[{"count":1,"href":"https:\/\/evertonfc.cz\/index.php\/wp-json\/wp\/v2\/posts\/2003\/revisions"}],"predecessor-version":[{"id":2004,"href":"https:\/\/evertonfc.cz\/index.php\/wp-json\/wp\/v2\/posts\/2003\/revisions\/2004"}],"wp:featuredmedia":[{"embeddable":true,"href":"https:\/\/evertonfc.cz\/index.php\/wp-json\/wp\/v2\/media\/1963"}],"wp:attachment":[{"href":"https:\/\/evertonfc.cz\/index.php\/wp-json\/wp\/v2\/media?parent=2003"}],"wp:term":[{"taxonomy":"category","embeddable":true,"href":"https:\/\/evertonfc.cz\/index.php\/wp-json\/wp\/v2\/categories?post=2003"},{"taxonomy":"post_tag","embeddable":true,"href":"https:\/\/evertonfc.cz\/index.php\/wp-json\/wp\/v2\/tags?post=2003"}],"curies":[{"name":"wp","href":"https:\/\/api.w.org\/{rel}","templated":true}]}}