{"id":20036,"date":"2022-10-08T14:58:04","date_gmt":"2022-10-08T12:58:04","guid":{"rendered":"https:\/\/evertonfc.cz\/?p=20036"},"modified":"2022-10-08T16:19:35","modified_gmt":"2022-10-08T14:19:35","slug":"preview-everton-manchester-united-15","status":"publish","type":"post","link":"https:\/\/evertonfc.cz\/index.php\/2022\/10\/08\/preview-everton-manchester-united-15\/","title":{"rendered":"Preview: Everton &#8211; Manchester United"},"content":{"rendered":"<h4>Everton by m\u011bl dos\u00e1hnout na dal\u0161\u00ed dom\u00e1c\u00ed v\u00fdhru. Host\u00e9 jsou sice v tabulce v\u00fd\u0161e, ale nehraj\u00ed dob\u0159e. Bilance posledn\u00edch p\u011bti utk\u00e1n\u00ed z\u00edt\u0159ej\u0161\u00edho soupe\u0159e: v\u00fdhra, prohra, v\u00fdhra, prohra, v\u00fdhra. Tak\u017ee se Everton m\u016f\u017ee t\u011b\u0161it.<\/h4>\n<p>Manchester United za\u017e\u00edv\u00e1 vskutku sinusoidn\u00ed sez\u00f3nu. Ligu za\u010dal dv\u011bma prohrami s Brightonem a s Brentfordem (0:4 v Lond\u00fdn\u011b). Pak n\u00e1sledovaly \u010dty\u0159i v\u00fdhry v \u0159ad\u011b, mj. nad vedouc\u00edm Arsenalem, kter\u00fd dosud prohr\u00e1l jen v tomto ma\u010di, v\u00fdsledky od t\u00e9 doby shrnuje perex.<\/p>\n<p>V posledn\u00edm ligov\u00e9m kole dostal \u0161estku od Manchesteru City, ve \u010dtvrtek musel v Nik\u00f3sii ot\u00e1\u010det po prohran\u00e9m prvn\u00edm polo\u010dase. V\u00fdhra ho v polovin\u011b skupinov\u00e9 f\u00e1ze Evropsk\u00e9 ligy \u0159ad\u00ed na 2. m\u00edsto \u010dty\u0159\u010dlenn\u00e9 skupiny. V Goodison Parku na sebe naraz\u00ed jeden\u00e1ct\u00ed dom\u00e1c\u00ed a \u0161est\u00ed host\u00e9. Na Old Trafford si veden\u00ed klubu rozhodn\u011b malovalo lep\u0161\u00ed v\u00fdsledky, zat\u00edm se anga\u017em\u00e1 Ten Haga asi d\u00e1 hodnotit jako m\u00edrn\u00e9 zklam\u00e1n\u00ed.<\/p>\n<p>Atmosf\u00e9ru v klubu jist\u011b ovlivnily i p\u0159edsez\u00f3nn\u00ed spekulace kolem odchodu Cristiana Ronalda. Hv\u011bzdn\u00fd Portugalec nakonec z\u016fstal, hraje pravideln\u011b, ale jeho statistick\u00fd p\u0159\u00ednos je chab\u00fd &#8211; od za\u010d\u00e1tku sez\u00f3nu m\u00e1 bilanci pouze 1+2. V minul\u00e9m ligov\u00e9m kole v\u016fbec nenastoupil, p\u0159i\u010dem\u017e je nutn\u00e9 uv\u00e9st, \u017ee je v posledn\u00edm roce dvoulet\u00e9 smlouvy.<\/p>\n<p>Ten Hag si z Ajaxu p\u0159ivedl dvojici Antony-Lisandro Martinez, na ro\u010dn\u00ed hostov\u00e1n\u00ed z\u00edskal klub slovensk\u00e9ho brank\u00e1\u0159e D\u00fabravku, \u010d\u00edm\u017e vy\u0159e\u0161il pozici brank\u00e1\u0159sk\u00e9 dvojky, zdarma p\u0159i\u0161el Eriksen z Brentfordu. Mezi odchody zmi\u0148me p\u0159estup Pogby do Juventusu Tur\u00edn, Jamese Garnera do Evertonu \u010di Nemanji Mati\u0107e do AS \u0158\u00edm.<\/p>\n<p>Do utk\u00e1n\u00ed jist\u011b nenastoup\u00ed zran\u011bn\u00ed Maguire, van de Beek a Wan-Bissaka, dlouhodob\u011bj\u0161\u00edmi absent\u00e9ry jsou Tuanzebe a Williams, k dispozici by naopak mohl b\u00fdt Varane.<\/p>\n<p>Lampard Everton zjevn\u011b stabilizoval. Zlep\u0161uj\u00ed se v\u00fdkony (d\u00edky, pane Iwobi) i v\u00fdsledky (sedm utk\u00e1n\u00ed bez por\u00e1\u017eky), poda\u0159ilo se p\u0159i absenci dobr\u00e9ho hro\u0165\u00e1ka zapojit Maupaye do akc\u00ed <a href=\"https:\/\/evertonfc.cz\/index.php\/2022\/10\/01\/southampton-everton-12\/\">a zjevn\u011b i do sk\u00f3rov\u00e1n\u00ed<\/a>, dobrou zpr\u00e1vou je zlep\u0161uj\u00edc\u00ed se kondice a n\u00e1vrat do pln\u00e9ho tr\u00e9ninku Calverta-Lewina, kter\u00fd by mohl z\u00edt\u0159ej\u0161\u00ed utk\u00e1n\u00ed stihnout. Je ale jasn\u00e9, \u017ee pokud by nastoupil, tak z lavi\u010dky. Holgate a Mina ji\u017e tr\u00e9nuj\u00ed, ale je\u0161t\u011b k dispozici nebudou, dlouhodob\u011bj\u0161\u00edmi absent\u00e9ry jsou Godfrey, Patterson a Townsend.<\/p>\n<p>P. S. Utk\u00e1n\u00ed m\u011blo b\u00fdt hr\u00e1no v sobotu od 13:30. Proto\u017ee ale host\u00e9 hraj\u00ed Evropskou ligu a musej\u00ed m\u00edt mezi z\u00e1pasy dva cel\u00e9 dny pauzy, tak se hraje v ned\u011bli, netypicky od 20:00. BT Sport, kter\u00e1 z\u00e1pas p\u0159en\u00e1\u0161\u00ed, tak zp\u016fsobila to, \u017ee se dnes od 13:30 nehraje v\u016fbec \u017e\u00e1dn\u00e9 utk\u00e1n\u00ed (rad\u011bji takto ne\u017e si vybrat jin\u00fd z\u00e1pas a do tohoto \u010dasu ho p\u0159ehodit).<\/p>\n<p><strong>Co:\u00a0<\/strong>Everton FC &#8211; Manchester United FC, 10. kolo Premier League<br \/>\n<strong>Kdy:\u00a0<\/strong>9.10. 2022 od 20:00<br \/>\n<strong>Kde:\u00a0<\/strong>Goodison Park &#8211;\u00a0Goodison Rd, Liverpool L4 4EL (kapacita: 39 572)<br \/>\n<strong>TV:\u00a0<\/strong>P\u0159\u00edm\u00fd p\u0159enos na stanici CANAL+ Sport<br \/>\n<strong>Rozhod\u010d\u00ed:\u00a0<\/strong>David Coote &#8211; Gary Beswick, Adam Nunn\u00a0 <strong>\u010ctvrt\u00fd rozhod\u010d\u00ed:\u00a0<\/strong>Anthony Taylor<br \/>\n<strong>Videorozhod\u010d\u00ed:\u00a0<\/strong>Andre Marriner\u00a0 <strong>Asistent videorozhod\u010d\u00edho<\/strong>: Marc Perry<\/p>\n","protected":false},"excerpt":{"rendered":"<p>Everton by m\u011bl dos\u00e1hnout na dal\u0161\u00ed dom\u00e1c\u00ed v\u00fdhru. Host\u00e9 jsou sice v tabulce v\u00fd\u0161e, ale nehraj\u00ed dob\u0159e. Bilance posledn\u00edch p\u011bti utk\u00e1n\u00ed z\u00edt\u0159ej\u0161\u00edho soupe\u0159e: v\u00fdhra, prohra, v\u00fdhra, prohra, v\u00fdhra. Tak\u017ee se Everton m\u016f\u017ee t\u011b\u0161it.<\/p>\n","protected":false},"author":12,"featured_media":12849,"comment_status":"open","ping_status":"closed","sticky":false,"template":"","format":"standard","meta":{"_eb_attr":"","_monsterinsights_skip_tracking":false,"_monsterinsights_sitenote_active":false,"_monsterinsights_sitenote_note":"","_monsterinsights_sitenote_category":0,"footnotes":""},"categories":[4],"tags":[],"yoast_head":"<!-- This site is optimized with the Yoast SEO plugin v23.4 - https:\/\/yoast.com\/wordpress\/plugins\/seo\/ -->\n<title>Preview: Everton - Manchester United - Official Czech &amp; Slovak Everton Supporters&#039; Club<\/title>\n<meta name=\"robots\" content=\"index, follow, max-snippet:-1, max-image-preview:large, max-video-preview:-1\" \/>\n<link rel=\"canonical\" href=\"https:\/\/evertonfc.cz\/index.php\/2022\/10\/08\/preview-everton-manchester-united-15\/\" \/>\n<meta property=\"og:locale\" content=\"cs_CZ\" \/>\n<meta property=\"og:type\" content=\"article\" \/>\n<meta property=\"og:title\" content=\"Preview: Everton - Manchester United - Official Czech &amp; Slovak Everton Supporters&#039; Club\" \/>\n<meta property=\"og:description\" content=\"Everton by m\u011bl dos\u00e1hnout na dal\u0161\u00ed dom\u00e1c\u00ed v\u00fdhru. Host\u00e9 jsou sice v tabulce v\u00fd\u0161e, ale nehraj\u00ed dob\u0159e. Bilance posledn\u00edch p\u011bti utk\u00e1n\u00ed z\u00edt\u0159ej\u0161\u00edho soupe\u0159e: v\u00fdhra, prohra, v\u00fdhra, prohra, v\u00fdhra. Tak\u017ee se Everton m\u016f\u017ee t\u011b\u0161it.\" \/>\n<meta property=\"og:url\" content=\"https:\/\/evertonfc.cz\/index.php\/2022\/10\/08\/preview-everton-manchester-united-15\/\" \/>\n<meta property=\"og:site_name\" content=\"Official Czech &amp; Slovak Everton Supporters&#039; Club\" \/>\n<meta property=\"article:publisher\" content=\"https:\/\/www.facebook.com\/everton.fans.cz.sk\" \/>\n<meta property=\"article:published_time\" content=\"2022-10-08T12:58:04+00:00\" \/>\n<meta property=\"article:modified_time\" content=\"2022-10-08T14:19:35+00:00\" \/>\n<meta property=\"og:image\" content=\"https:\/\/evertonfc.cz\/wp-content\/uploads\/2020\/11\/Everton-VS-Manchester-United-7-11-2020.jpg.jpg\" \/>\n\t<meta property=\"og:image:width\" content=\"720\" \/>\n\t<meta property=\"og:image:height\" content=\"405\" \/>\n\t<meta property=\"og:image:type\" content=\"image\/jpeg\" \/>\n<meta name=\"author\" content=\"Javor\" \/>\n<meta name=\"twitter:card\" content=\"summary_large_image\" \/>\n<meta name=\"twitter:creator\" content=\"@LoudinJan\" \/>\n<meta name=\"twitter:label1\" content=\"Napsal(a)\" \/>\n\t<meta name=\"twitter:data1\" content=\"Javor\" \/>\n\t<meta name=\"twitter:label2\" content=\"Odhadovan\u00e1 doba \u010dten\u00ed\" \/>\n\t<meta name=\"twitter:data2\" content=\"3 minuty\" \/>\n<script type=\"application\/ld+json\" class=\"yoast-schema-graph\">{\"@context\":\"https:\/\/schema.org\",\"@graph\":[{\"@type\":\"Article\",\"@id\":\"https:\/\/evertonfc.cz\/index.php\/2022\/10\/08\/preview-everton-manchester-united-15\/#article\",\"isPartOf\":{\"@id\":\"https:\/\/evertonfc.cz\/index.php\/2022\/10\/08\/preview-everton-manchester-united-15\/\"},\"author\":{\"name\":\"Javor\",\"@id\":\"https:\/\/evertonfc.cz\/#\/schema\/person\/b30daf6a5852f4811f8207a17ec1bf78\"},\"headline\":\"Preview: Everton &#8211; Manchester United\",\"datePublished\":\"2022-10-08T12:58:04+00:00\",\"dateModified\":\"2022-10-08T14:19:35+00:00\",\"mainEntityOfPage\":{\"@id\":\"https:\/\/evertonfc.cz\/index.php\/2022\/10\/08\/preview-everton-manchester-united-15\/\"},\"wordCount\":575,\"commentCount\":9,\"publisher\":{\"@id\":\"https:\/\/evertonfc.cz\/#organization\"},\"image\":{\"@id\":\"https:\/\/evertonfc.cz\/index.php\/2022\/10\/08\/preview-everton-manchester-united-15\/#primaryimage\"},\"thumbnailUrl\":\"https:\/\/evertonfc.cz\/wp-content\/uploads\/2020\/11\/Everton-VS-Manchester-United-7-11-2020.jpg.jpg\",\"articleSection\":[\"Z\u00e1pasy\"],\"inLanguage\":\"cs\",\"potentialAction\":[{\"@type\":\"CommentAction\",\"name\":\"Comment\",\"target\":[\"https:\/\/evertonfc.cz\/index.php\/2022\/10\/08\/preview-everton-manchester-united-15\/#respond\"]}]},{\"@type\":\"WebPage\",\"@id\":\"https:\/\/evertonfc.cz\/index.php\/2022\/10\/08\/preview-everton-manchester-united-15\/\",\"url\":\"https:\/\/evertonfc.cz\/index.php\/2022\/10\/08\/preview-everton-manchester-united-15\/\",\"name\":\"Preview: Everton - Manchester United - Official Czech &amp; Slovak Everton Supporters&#039; Club\",\"isPartOf\":{\"@id\":\"https:\/\/evertonfc.cz\/#website\"},\"primaryImageOfPage\":{\"@id\":\"https:\/\/evertonfc.cz\/index.php\/2022\/10\/08\/preview-everton-manchester-united-15\/#primaryimage\"},\"image\":{\"@id\":\"https:\/\/evertonfc.cz\/index.php\/2022\/10\/08\/preview-everton-manchester-united-15\/#primaryimage\"},\"thumbnailUrl\":\"https:\/\/evertonfc.cz\/wp-content\/uploads\/2020\/11\/Everton-VS-Manchester-United-7-11-2020.jpg.jpg\",\"datePublished\":\"2022-10-08T12:58:04+00:00\",\"dateModified\":\"2022-10-08T14:19:35+00:00\",\"breadcrumb\":{\"@id\":\"https:\/\/evertonfc.cz\/index.php\/2022\/10\/08\/preview-everton-manchester-united-15\/#breadcrumb\"},\"inLanguage\":\"cs\",\"potentialAction\":[{\"@type\":\"ReadAction\",\"target\":[\"https:\/\/evertonfc.cz\/index.php\/2022\/10\/08\/preview-everton-manchester-united-15\/\"]}]},{\"@type\":\"ImageObject\",\"inLanguage\":\"cs\",\"@id\":\"https:\/\/evertonfc.cz\/index.php\/2022\/10\/08\/preview-everton-manchester-united-15\/#primaryimage\",\"url\":\"https:\/\/evertonfc.cz\/wp-content\/uploads\/2020\/11\/Everton-VS-Manchester-United-7-11-2020.jpg.jpg\",\"contentUrl\":\"https:\/\/evertonfc.cz\/wp-content\/uploads\/2020\/11\/Everton-VS-Manchester-United-7-11-2020.jpg.jpg\",\"width\":720,\"height\":405},{\"@type\":\"BreadcrumbList\",\"@id\":\"https:\/\/evertonfc.cz\/index.php\/2022\/10\/08\/preview-everton-manchester-united-15\/#breadcrumb\",\"itemListElement\":[{\"@type\":\"ListItem\",\"position\":1,\"name\":\"Home\",\"item\":\"https:\/\/evertonfc.cz\/\"},{\"@type\":\"ListItem\",\"position\":2,\"name\":\"Preview: Everton &#8211; Manchester United\"}]},{\"@type\":\"WebSite\",\"@id\":\"https:\/\/evertonfc.cz\/#website\",\"url\":\"https:\/\/evertonfc.cz\/\",\"name\":\"Official Czech &amp; Slovak Everton Supporters&#039; Club\",\"description\":\"\",\"publisher\":{\"@id\":\"https:\/\/evertonfc.cz\/#organization\"},\"potentialAction\":[{\"@type\":\"SearchAction\",\"target\":{\"@type\":\"EntryPoint\",\"urlTemplate\":\"https:\/\/evertonfc.cz\/?s={search_term_string}\"},\"query-input\":{\"@type\":\"PropertyValueSpecification\",\"valueRequired\":true,\"valueName\":\"search_term_string\"}}],\"inLanguage\":\"cs\"},{\"@type\":\"Organization\",\"@id\":\"https:\/\/evertonfc.cz\/#organization\",\"name\":\"Official Czech & Slovak Everton Supporters' Club\",\"url\":\"https:\/\/evertonfc.cz\/\",\"logo\":{\"@type\":\"ImageObject\",\"inLanguage\":\"cs\",\"@id\":\"https:\/\/evertonfc.cz\/#\/schema\/logo\/image\/\",\"url\":\"https:\/\/evertonfc.cz\/wp-content\/uploads\/2019\/05\/logo.png\",\"contentUrl\":\"https:\/\/evertonfc.cz\/wp-content\/uploads\/2019\/05\/logo.png\",\"width\":112,\"height\":112,\"caption\":\"Official Czech & Slovak Everton Supporters' Club\"},\"image\":{\"@id\":\"https:\/\/evertonfc.cz\/#\/schema\/logo\/image\/\"},\"sameAs\":[\"https:\/\/www.facebook.com\/everton.fans.cz.sk\"]},{\"@type\":\"Person\",\"@id\":\"https:\/\/evertonfc.cz\/#\/schema\/person\/b30daf6a5852f4811f8207a17ec1bf78\",\"name\":\"Javor\",\"sameAs\":[\"https:\/\/x.com\/LoudinJan\"],\"url\":\"https:\/\/evertonfc.cz\/index.php\/author\/javor\/\"}]}<\/script>\n<!-- \/ Yoast SEO plugin. -->","yoast_head_json":{"title":"Preview: Everton - Manchester United - Official Czech &amp; Slovak Everton Supporters&#039; Club","robots":{"index":"index","follow":"follow","max-snippet":"max-snippet:-1","max-image-preview":"max-image-preview:large","max-video-preview":"max-video-preview:-1"},"canonical":"https:\/\/evertonfc.cz\/index.php\/2022\/10\/08\/preview-everton-manchester-united-15\/","og_locale":"cs_CZ","og_type":"article","og_title":"Preview: Everton - Manchester United - Official Czech &amp; Slovak Everton Supporters&#039; Club","og_description":"Everton by m\u011bl dos\u00e1hnout na dal\u0161\u00ed dom\u00e1c\u00ed v\u00fdhru. Host\u00e9 jsou sice v tabulce v\u00fd\u0161e, ale nehraj\u00ed dob\u0159e. Bilance posledn\u00edch p\u011bti utk\u00e1n\u00ed z\u00edt\u0159ej\u0161\u00edho soupe\u0159e: v\u00fdhra, prohra, v\u00fdhra, prohra, v\u00fdhra. Tak\u017ee se Everton m\u016f\u017ee t\u011b\u0161it.","og_url":"https:\/\/evertonfc.cz\/index.php\/2022\/10\/08\/preview-everton-manchester-united-15\/","og_site_name":"Official Czech &amp; Slovak Everton Supporters&#039; Club","article_publisher":"https:\/\/www.facebook.com\/everton.fans.cz.sk","article_published_time":"2022-10-08T12:58:04+00:00","article_modified_time":"2022-10-08T14:19:35+00:00","og_image":[{"width":720,"height":405,"url":"https:\/\/evertonfc.cz\/wp-content\/uploads\/2020\/11\/Everton-VS-Manchester-United-7-11-2020.jpg.jpg","type":"image\/jpeg"}],"author":"Javor","twitter_card":"summary_large_image","twitter_creator":"@LoudinJan","twitter_misc":{"Napsal(a)":"Javor","Odhadovan\u00e1 doba \u010dten\u00ed":"3 minuty"},"schema":{"@context":"https:\/\/schema.org","@graph":[{"@type":"Article","@id":"https:\/\/evertonfc.cz\/index.php\/2022\/10\/08\/preview-everton-manchester-united-15\/#article","isPartOf":{"@id":"https:\/\/evertonfc.cz\/index.php\/2022\/10\/08\/preview-everton-manchester-united-15\/"},"author":{"name":"Javor","@id":"https:\/\/evertonfc.cz\/#\/schema\/person\/b30daf6a5852f4811f8207a17ec1bf78"},"headline":"Preview: Everton &#8211; Manchester United","datePublished":"2022-10-08T12:58:04+00:00","dateModified":"2022-10-08T14:19:35+00:00","mainEntityOfPage":{"@id":"https:\/\/evertonfc.cz\/index.php\/2022\/10\/08\/preview-everton-manchester-united-15\/"},"wordCount":575,"commentCount":9,"publisher":{"@id":"https:\/\/evertonfc.cz\/#organization"},"image":{"@id":"https:\/\/evertonfc.cz\/index.php\/2022\/10\/08\/preview-everton-manchester-united-15\/#primaryimage"},"thumbnailUrl":"https:\/\/evertonfc.cz\/wp-content\/uploads\/2020\/11\/Everton-VS-Manchester-United-7-11-2020.jpg.jpg","articleSection":["Z\u00e1pasy"],"inLanguage":"cs","potentialAction":[{"@type":"CommentAction","name":"Comment","target":["https:\/\/evertonfc.cz\/index.php\/2022\/10\/08\/preview-everton-manchester-united-15\/#respond"]}]},{"@type":"WebPage","@id":"https:\/\/evertonfc.cz\/index.php\/2022\/10\/08\/preview-everton-manchester-united-15\/","url":"https:\/\/evertonfc.cz\/index.php\/2022\/10\/08\/preview-everton-manchester-united-15\/","name":"Preview: Everton - Manchester United - Official Czech &amp; Slovak Everton Supporters&#039; Club","isPartOf":{"@id":"https:\/\/evertonfc.cz\/#website"},"primaryImageOfPage":{"@id":"https:\/\/evertonfc.cz\/index.php\/2022\/10\/08\/preview-everton-manchester-united-15\/#primaryimage"},"image":{"@id":"https:\/\/evertonfc.cz\/index.php\/2022\/10\/08\/preview-everton-manchester-united-15\/#primaryimage"},"thumbnailUrl":"https:\/\/evertonfc.cz\/wp-content\/uploads\/2020\/11\/Everton-VS-Manchester-United-7-11-2020.jpg.jpg","datePublished":"2022-10-08T12:58:04+00:00","dateModified":"2022-10-08T14:19:35+00:00","breadcrumb":{"@id":"https:\/\/evertonfc.cz\/index.php\/2022\/10\/08\/preview-everton-manchester-united-15\/#breadcrumb"},"inLanguage":"cs","potentialAction":[{"@type":"ReadAction","target":["https:\/\/evertonfc.cz\/index.php\/2022\/10\/08\/preview-everton-manchester-united-15\/"]}]},{"@type":"ImageObject","inLanguage":"cs","@id":"https:\/\/evertonfc.cz\/index.php\/2022\/10\/08\/preview-everton-manchester-united-15\/#primaryimage","url":"https:\/\/evertonfc.cz\/wp-content\/uploads\/2020\/11\/Everton-VS-Manchester-United-7-11-2020.jpg.jpg","contentUrl":"https:\/\/evertonfc.cz\/wp-content\/uploads\/2020\/11\/Everton-VS-Manchester-United-7-11-2020.jpg.jpg","width":720,"height":405},{"@type":"BreadcrumbList","@id":"https:\/\/evertonfc.cz\/index.php\/2022\/10\/08\/preview-everton-manchester-united-15\/#breadcrumb","itemListElement":[{"@type":"ListItem","position":1,"name":"Home","item":"https:\/\/evertonfc.cz\/"},{"@type":"ListItem","position":2,"name":"Preview: Everton &#8211; Manchester United"}]},{"@type":"WebSite","@id":"https:\/\/evertonfc.cz\/#website","url":"https:\/\/evertonfc.cz\/","name":"Official Czech &amp; Slovak Everton Supporters&#039; Club","description":"","publisher":{"@id":"https:\/\/evertonfc.cz\/#organization"},"potentialAction":[{"@type":"SearchAction","target":{"@type":"EntryPoint","urlTemplate":"https:\/\/evertonfc.cz\/?s={search_term_string}"},"query-input":{"@type":"PropertyValueSpecification","valueRequired":true,"valueName":"search_term_string"}}],"inLanguage":"cs"},{"@type":"Organization","@id":"https:\/\/evertonfc.cz\/#organization","name":"Official Czech & Slovak Everton Supporters' Club","url":"https:\/\/evertonfc.cz\/","logo":{"@type":"ImageObject","inLanguage":"cs","@id":"https:\/\/evertonfc.cz\/#\/schema\/logo\/image\/","url":"https:\/\/evertonfc.cz\/wp-content\/uploads\/2019\/05\/logo.png","contentUrl":"https:\/\/evertonfc.cz\/wp-content\/uploads\/2019\/05\/logo.png","width":112,"height":112,"caption":"Official Czech & Slovak Everton Supporters' Club"},"image":{"@id":"https:\/\/evertonfc.cz\/#\/schema\/logo\/image\/"},"sameAs":["https:\/\/www.facebook.com\/everton.fans.cz.sk"]},{"@type":"Person","@id":"https:\/\/evertonfc.cz\/#\/schema\/person\/b30daf6a5852f4811f8207a17ec1bf78","name":"Javor","sameAs":["https:\/\/x.com\/LoudinJan"],"url":"https:\/\/evertonfc.cz\/index.php\/author\/javor\/"}]}},"_links":{"self":[{"href":"https:\/\/evertonfc.cz\/index.php\/wp-json\/wp\/v2\/posts\/20036"}],"collection":[{"href":"https:\/\/evertonfc.cz\/index.php\/wp-json\/wp\/v2\/posts"}],"about":[{"href":"https:\/\/evertonfc.cz\/index.php\/wp-json\/wp\/v2\/types\/post"}],"author":[{"embeddable":true,"href":"https:\/\/evertonfc.cz\/index.php\/wp-json\/wp\/v2\/users\/12"}],"replies":[{"embeddable":true,"href":"https:\/\/evertonfc.cz\/index.php\/wp-json\/wp\/v2\/comments?post=20036"}],"version-history":[{"count":5,"href":"https:\/\/evertonfc.cz\/index.php\/wp-json\/wp\/v2\/posts\/20036\/revisions"}],"predecessor-version":[{"id":20041,"href":"https:\/\/evertonfc.cz\/index.php\/wp-json\/wp\/v2\/posts\/20036\/revisions\/20041"}],"wp:featuredmedia":[{"embeddable":true,"href":"https:\/\/evertonfc.cz\/index.php\/wp-json\/wp\/v2\/media\/12849"}],"wp:attachment":[{"href":"https:\/\/evertonfc.cz\/index.php\/wp-json\/wp\/v2\/media?parent=20036"}],"wp:term":[{"taxonomy":"category","embeddable":true,"href":"https:\/\/evertonfc.cz\/index.php\/wp-json\/wp\/v2\/categories?post=20036"},{"taxonomy":"post_tag","embeddable":true,"href":"https:\/\/evertonfc.cz\/index.php\/wp-json\/wp\/v2\/tags?post=20036"}],"curies":[{"name":"wp","href":"https:\/\/api.w.org\/{rel}","templated":true}]}}