{"id":2005,"date":"2018-07-17T19:51:49","date_gmt":"2018-07-17T17:51:49","guid":{"rendered":"http:\/\/evertonfc.cz\/?p=2005"},"modified":"2019-01-31T19:52:59","modified_gmt":"2019-01-31T18:52:59","slug":"osmy-rocnik-cee-cupu-everton-prijizdi-obhajit-vitezstvi","status":"publish","type":"post","link":"https:\/\/evertonfc.cz\/index.php\/2018\/07\/17\/osmy-rocnik-cee-cupu-everton-prijizdi-obhajit-vitezstvi\/","title":{"rendered":"Osm\u00fd ro\u010dn\u00edk CEE Cupu: Everton p\u0159ij\u00ed\u017ed\u00ed obh\u00e1jit v\u00edt\u011bzstv\u00ed"},"content":{"rendered":"\n<h4 class=\"wp-block-heading\">Evertonsk\u00e1 osmn\u00e1ctka se ambicemi netaj\u00ed. I proto m\u00e1 v t\u00fdmu hv\u011bzdy jako Gordon, Simms \u010di \u017duk. A ofici\u00e1ln\u00ed str\u00e1nka klubu ned\u00e1vno uvedla, \u017ee stoper Ouzounidis podepsal prvn\u00ed profi smlouvu.<\/h4>\n\n\n\n<p>Sparta m\u011bla asi tak deset let zp\u00e1tky dobr\u00fd n\u00e1pad. Uspo\u0159\u00e1dat ka\u017edoro\u010dn\u011b na konci \u010dervence dorosteneck\u00fd turnaj. N\u00e1pad se ujal a kdo tedy chce vid\u011bt slu\u0161n\u00fd fotbal t\u00e9to v\u011bkov\u00e9 kategorie, tak ji\u017e pravideln\u011b m\u00ed\u0159\u00ed na Strahov pod\u00edvat se na budouc\u00ed hv\u011bzdy. A kdy\u017e byl Everton i letos pozv\u00e1n, tak \u0161lo o snadn\u00e9 rozhodov\u00e1n\u00ed.<\/p>\n\n\n\n<p>Pro leto\u0161ek byli Toffees za\u0159azeni do skupiny B. Jejich soupe\u0159i jsou Slavia,&nbsp;Be\u015fikta\u015f Istanbul a nakonec&nbsp;Academia De Fotbal Sport Team. Pod t\u00edmto slo\u017eit\u00fdm n\u00e1zvem se skr\u00fdvaj\u00ed fotbalist\u00e9 z Bukure\u0161ti. Ti na posledn\u00ed chv\u00edli nahradili Real Sapphire. D\u016fvod? Ten je celkem jednoduch\u00fd. Nigerijci z Lagosu nedostali v\u00edza. \u010cist\u011b pro dopln\u011bn\u00ed &#8211; skupinu A tvo\u0159\u00ed krom\u011b po\u0159\u00e1daj\u00edc\u00edho odd\u00edlu Palmeiras, Nitra a FK Sarajevo.<\/p>\n\n\n\n<p>Ni\u017e\u0161\u00ed po\u010det t\u00fdm\u016f ovlivnil samoz\u0159ejm\u011b i hern\u00ed syst\u00e9m. Co\u017e o to, ve skupin\u011b to je samoz\u0159ejm\u011b ka\u017ed\u00fd s ka\u017ed\u00fdm, ale je zru\u0161eno semifin\u00e1le. M\u00edsto n\u011bj si v\u00edt\u011bzov\u00e9 zahraj\u00ed proti sob\u011b ve fin\u00e1le, t\u00fdmy z druh\u00fdch m\u00edst o bronz atd.. Ka\u017ed\u00fd \u00fa\u010dastn\u00edk m\u00e1 tedy zaji\u0161t\u011bny \u010dty\u0159i z\u00e1pasy, kter\u00e9 budou odehr\u00e1ny v \u0161esti a\u017e sedmi dnech.<\/p>\n\n\n\n<p>Kdy a s k\u00fdm Everton ve skupin\u011b hraje? Turnaj za\u010d\u00edn\u00e1 pro Everton ma\u010dem proti Slavii ve st\u0159edu 25. \u010dervence, v\u00fdkop je ve \u010dtvrt na \u010dty\u0159i. Po dni pauzy se st\u0159etnou s jist\u011b ost\u0159e nabrou\u0161en\u00fdmi tureck\u00fdmi \u0161avlemi a skupinu zakon\u010d\u00ed utk\u00e1n\u00edm proti Rumun\u016fm. Ob\u011b utk\u00e1n\u00ed za\u010d\u00ednaj\u00ed v p\u016fl \u0161est\u00e9 a v\u0161echny z\u00e1pasy se hraj\u00ed na stadionu Ev\u017eena Ro\u0161ick\u00e9ho. Fin\u00e1le je na programu v \u00fater\u00fd 31. \u010dervence na Dannerov\u011b stadionu a je od 18 hodin vys\u00edl\u00e1no p\u0159\u00edm\u00fdm p\u0159enosem na stanici \u010cT Sport. Zbyl\u00e9 z\u00e1pasy o um\u00edst\u011bn\u00ed se hraj\u00ed o den d\u0159\u00edve na stadionu v Nebu\u0161ic\u00edch. Vstup je zdarma, pouze na fin\u00e1le stoj\u00ed l\u00edstek stovku.<\/p>\n\n\n\n<p>P. S. Cituji p\u0159\u00edmo z \u010dl\u00e1nku na ofici\u00e1ln\u00edm webu.\u00a0<em>\u201eEverton FC je jedn\u00edm z nej\u00fasp\u011b\u0161n\u011bj\u0161\u00edch britsk\u00fdch klub\u016f, kter\u00fd dok\u00e1zal vyhr\u00e1t dev\u011btkr\u00e1t Ligov\u00fd poh\u00e1r EFL, p\u011btkr\u00e1t nejvy\u0161\u0161\u00ed anglickou ligu a jednou dokonce Evropskou ligu UEFA.\u201c\u00a0<\/em>Ach tak.<\/p>\n","protected":false},"excerpt":{"rendered":"<p>Evertonsk\u00e1 osmn\u00e1ctka se ambicemi netaj\u00ed. I proto m\u00e1 v t\u00fdmu hv\u011bzdy jako Gordon, Simms \u010di \u017duk. A ofici\u00e1ln\u00ed str\u00e1nka klubu&hellip;<\/p>\n","protected":false},"author":12,"featured_media":1969,"comment_status":"open","ping_status":"closed","sticky":false,"template":"","format":"standard","meta":{"_eb_attr":"","_monsterinsights_skip_tracking":false,"_monsterinsights_sitenote_active":false,"_monsterinsights_sitenote_note":"","_monsterinsights_sitenote_category":0,"footnotes":""},"categories":[42],"tags":[],"yoast_head":"<!-- This site is optimized with the Yoast SEO plugin v23.4 - https:\/\/yoast.com\/wordpress\/plugins\/seo\/ -->\n<title>Osm\u00fd ro\u010dn\u00edk CEE Cupu: Everton p\u0159ij\u00ed\u017ed\u00ed obh\u00e1jit v\u00edt\u011bzstv\u00ed - Official Czech &amp; Slovak Everton Supporters&#039; Club<\/title>\n<meta name=\"robots\" content=\"index, follow, max-snippet:-1, max-image-preview:large, max-video-preview:-1\" \/>\n<link rel=\"canonical\" href=\"https:\/\/evertonfc.cz\/index.php\/2018\/07\/17\/osmy-rocnik-cee-cupu-everton-prijizdi-obhajit-vitezstvi\/\" \/>\n<meta property=\"og:locale\" content=\"cs_CZ\" \/>\n<meta property=\"og:type\" content=\"article\" \/>\n<meta property=\"og:title\" content=\"Osm\u00fd ro\u010dn\u00edk CEE Cupu: Everton p\u0159ij\u00ed\u017ed\u00ed obh\u00e1jit v\u00edt\u011bzstv\u00ed - Official Czech &amp; Slovak Everton Supporters&#039; Club\" \/>\n<meta property=\"og:description\" content=\"Evertonsk\u00e1 osmn\u00e1ctka se ambicemi netaj\u00ed. I proto m\u00e1 v t\u00fdmu hv\u011bzdy jako Gordon, Simms \u010di \u017duk. A ofici\u00e1ln\u00ed str\u00e1nka klubu&hellip;\" \/>\n<meta property=\"og:url\" content=\"https:\/\/evertonfc.cz\/index.php\/2018\/07\/17\/osmy-rocnik-cee-cupu-everton-prijizdi-obhajit-vitezstvi\/\" \/>\n<meta property=\"og:site_name\" content=\"Official Czech &amp; Slovak Everton Supporters&#039; Club\" \/>\n<meta property=\"article:publisher\" content=\"https:\/\/www.facebook.com\/everton.fans.cz.sk\" \/>\n<meta property=\"article:published_time\" content=\"2018-07-17T17:51:49+00:00\" \/>\n<meta property=\"article:modified_time\" content=\"2019-01-31T18:52:59+00:00\" \/>\n<meta property=\"og:image\" content=\"https:\/\/evertonfc.cz\/wp-content\/uploads\/2019\/01\/cee_17_7_2018.jpg\" \/>\n\t<meta property=\"og:image:width\" content=\"720\" \/>\n\t<meta property=\"og:image:height\" content=\"405\" \/>\n\t<meta property=\"og:image:type\" content=\"image\/jpeg\" \/>\n<meta name=\"author\" content=\"Javor\" \/>\n<meta name=\"twitter:card\" content=\"summary_large_image\" \/>\n<meta name=\"twitter:creator\" content=\"@LoudinJan\" \/>\n<meta name=\"twitter:label1\" content=\"Napsal(a)\" \/>\n\t<meta name=\"twitter:data1\" content=\"Javor\" \/>\n\t<meta name=\"twitter:label2\" content=\"Odhadovan\u00e1 doba \u010dten\u00ed\" \/>\n\t<meta name=\"twitter:data2\" content=\"2 minuty\" \/>\n<script type=\"application\/ld+json\" class=\"yoast-schema-graph\">{\"@context\":\"https:\/\/schema.org\",\"@graph\":[{\"@type\":\"Article\",\"@id\":\"https:\/\/evertonfc.cz\/index.php\/2018\/07\/17\/osmy-rocnik-cee-cupu-everton-prijizdi-obhajit-vitezstvi\/#article\",\"isPartOf\":{\"@id\":\"https:\/\/evertonfc.cz\/index.php\/2018\/07\/17\/osmy-rocnik-cee-cupu-everton-prijizdi-obhajit-vitezstvi\/\"},\"author\":{\"name\":\"Javor\",\"@id\":\"https:\/\/evertonfc.cz\/#\/schema\/person\/b30daf6a5852f4811f8207a17ec1bf78\"},\"headline\":\"Osm\u00fd ro\u010dn\u00edk CEE Cupu: Everton p\u0159ij\u00ed\u017ed\u00ed obh\u00e1jit v\u00edt\u011bzstv\u00ed\",\"datePublished\":\"2018-07-17T17:51:49+00:00\",\"dateModified\":\"2019-01-31T18:52:59+00:00\",\"mainEntityOfPage\":{\"@id\":\"https:\/\/evertonfc.cz\/index.php\/2018\/07\/17\/osmy-rocnik-cee-cupu-everton-prijizdi-obhajit-vitezstvi\/\"},\"wordCount\":466,\"commentCount\":0,\"publisher\":{\"@id\":\"https:\/\/evertonfc.cz\/#organization\"},\"image\":{\"@id\":\"https:\/\/evertonfc.cz\/index.php\/2018\/07\/17\/osmy-rocnik-cee-cupu-everton-prijizdi-obhajit-vitezstvi\/#primaryimage\"},\"thumbnailUrl\":\"https:\/\/evertonfc.cz\/wp-content\/uploads\/2019\/01\/cee_17_7_2018.jpg\",\"articleSection\":[\"Aktuality\"],\"inLanguage\":\"cs\",\"potentialAction\":[{\"@type\":\"CommentAction\",\"name\":\"Comment\",\"target\":[\"https:\/\/evertonfc.cz\/index.php\/2018\/07\/17\/osmy-rocnik-cee-cupu-everton-prijizdi-obhajit-vitezstvi\/#respond\"]}]},{\"@type\":\"WebPage\",\"@id\":\"https:\/\/evertonfc.cz\/index.php\/2018\/07\/17\/osmy-rocnik-cee-cupu-everton-prijizdi-obhajit-vitezstvi\/\",\"url\":\"https:\/\/evertonfc.cz\/index.php\/2018\/07\/17\/osmy-rocnik-cee-cupu-everton-prijizdi-obhajit-vitezstvi\/\",\"name\":\"Osm\u00fd ro\u010dn\u00edk CEE Cupu: Everton p\u0159ij\u00ed\u017ed\u00ed obh\u00e1jit v\u00edt\u011bzstv\u00ed - Official Czech &amp; Slovak Everton Supporters&#039; Club\",\"isPartOf\":{\"@id\":\"https:\/\/evertonfc.cz\/#website\"},\"primaryImageOfPage\":{\"@id\":\"https:\/\/evertonfc.cz\/index.php\/2018\/07\/17\/osmy-rocnik-cee-cupu-everton-prijizdi-obhajit-vitezstvi\/#primaryimage\"},\"image\":{\"@id\":\"https:\/\/evertonfc.cz\/index.php\/2018\/07\/17\/osmy-rocnik-cee-cupu-everton-prijizdi-obhajit-vitezstvi\/#primaryimage\"},\"thumbnailUrl\":\"https:\/\/evertonfc.cz\/wp-content\/uploads\/2019\/01\/cee_17_7_2018.jpg\",\"datePublished\":\"2018-07-17T17:51:49+00:00\",\"dateModified\":\"2019-01-31T18:52:59+00:00\",\"breadcrumb\":{\"@id\":\"https:\/\/evertonfc.cz\/index.php\/2018\/07\/17\/osmy-rocnik-cee-cupu-everton-prijizdi-obhajit-vitezstvi\/#breadcrumb\"},\"inLanguage\":\"cs\",\"potentialAction\":[{\"@type\":\"ReadAction\",\"target\":[\"https:\/\/evertonfc.cz\/index.php\/2018\/07\/17\/osmy-rocnik-cee-cupu-everton-prijizdi-obhajit-vitezstvi\/\"]}]},{\"@type\":\"ImageObject\",\"inLanguage\":\"cs\",\"@id\":\"https:\/\/evertonfc.cz\/index.php\/2018\/07\/17\/osmy-rocnik-cee-cupu-everton-prijizdi-obhajit-vitezstvi\/#primaryimage\",\"url\":\"https:\/\/evertonfc.cz\/wp-content\/uploads\/2019\/01\/cee_17_7_2018.jpg\",\"contentUrl\":\"https:\/\/evertonfc.cz\/wp-content\/uploads\/2019\/01\/cee_17_7_2018.jpg\",\"width\":720,\"height\":405},{\"@type\":\"BreadcrumbList\",\"@id\":\"https:\/\/evertonfc.cz\/index.php\/2018\/07\/17\/osmy-rocnik-cee-cupu-everton-prijizdi-obhajit-vitezstvi\/#breadcrumb\",\"itemListElement\":[{\"@type\":\"ListItem\",\"position\":1,\"name\":\"Home\",\"item\":\"https:\/\/evertonfc.cz\/\"},{\"@type\":\"ListItem\",\"position\":2,\"name\":\"Osm\u00fd ro\u010dn\u00edk CEE Cupu: Everton p\u0159ij\u00ed\u017ed\u00ed obh\u00e1jit v\u00edt\u011bzstv\u00ed\"}]},{\"@type\":\"WebSite\",\"@id\":\"https:\/\/evertonfc.cz\/#website\",\"url\":\"https:\/\/evertonfc.cz\/\",\"name\":\"Official Czech &amp; Slovak Everton Supporters&#039; Club\",\"description\":\"\",\"publisher\":{\"@id\":\"https:\/\/evertonfc.cz\/#organization\"},\"potentialAction\":[{\"@type\":\"SearchAction\",\"target\":{\"@type\":\"EntryPoint\",\"urlTemplate\":\"https:\/\/evertonfc.cz\/?s={search_term_string}\"},\"query-input\":{\"@type\":\"PropertyValueSpecification\",\"valueRequired\":true,\"valueName\":\"search_term_string\"}}],\"inLanguage\":\"cs\"},{\"@type\":\"Organization\",\"@id\":\"https:\/\/evertonfc.cz\/#organization\",\"name\":\"Official Czech & Slovak Everton Supporters' Club\",\"url\":\"https:\/\/evertonfc.cz\/\",\"logo\":{\"@type\":\"ImageObject\",\"inLanguage\":\"cs\",\"@id\":\"https:\/\/evertonfc.cz\/#\/schema\/logo\/image\/\",\"url\":\"https:\/\/evertonfc.cz\/wp-content\/uploads\/2019\/05\/logo.png\",\"contentUrl\":\"https:\/\/evertonfc.cz\/wp-content\/uploads\/2019\/05\/logo.png\",\"width\":112,\"height\":112,\"caption\":\"Official Czech & Slovak Everton Supporters' Club\"},\"image\":{\"@id\":\"https:\/\/evertonfc.cz\/#\/schema\/logo\/image\/\"},\"sameAs\":[\"https:\/\/www.facebook.com\/everton.fans.cz.sk\"]},{\"@type\":\"Person\",\"@id\":\"https:\/\/evertonfc.cz\/#\/schema\/person\/b30daf6a5852f4811f8207a17ec1bf78\",\"name\":\"Javor\",\"sameAs\":[\"https:\/\/x.com\/LoudinJan\"],\"url\":\"https:\/\/evertonfc.cz\/index.php\/author\/javor\/\"}]}<\/script>\n<!-- \/ Yoast SEO plugin. -->","yoast_head_json":{"title":"Osm\u00fd ro\u010dn\u00edk CEE Cupu: Everton p\u0159ij\u00ed\u017ed\u00ed obh\u00e1jit v\u00edt\u011bzstv\u00ed - Official Czech &amp; Slovak Everton Supporters&#039; Club","robots":{"index":"index","follow":"follow","max-snippet":"max-snippet:-1","max-image-preview":"max-image-preview:large","max-video-preview":"max-video-preview:-1"},"canonical":"https:\/\/evertonfc.cz\/index.php\/2018\/07\/17\/osmy-rocnik-cee-cupu-everton-prijizdi-obhajit-vitezstvi\/","og_locale":"cs_CZ","og_type":"article","og_title":"Osm\u00fd ro\u010dn\u00edk CEE Cupu: Everton p\u0159ij\u00ed\u017ed\u00ed obh\u00e1jit v\u00edt\u011bzstv\u00ed - Official Czech &amp; Slovak Everton Supporters&#039; Club","og_description":"Evertonsk\u00e1 osmn\u00e1ctka se ambicemi netaj\u00ed. I proto m\u00e1 v t\u00fdmu hv\u011bzdy jako Gordon, Simms \u010di \u017duk. A ofici\u00e1ln\u00ed str\u00e1nka klubu&hellip;","og_url":"https:\/\/evertonfc.cz\/index.php\/2018\/07\/17\/osmy-rocnik-cee-cupu-everton-prijizdi-obhajit-vitezstvi\/","og_site_name":"Official Czech &amp; Slovak Everton Supporters&#039; Club","article_publisher":"https:\/\/www.facebook.com\/everton.fans.cz.sk","article_published_time":"2018-07-17T17:51:49+00:00","article_modified_time":"2019-01-31T18:52:59+00:00","og_image":[{"width":720,"height":405,"url":"https:\/\/evertonfc.cz\/wp-content\/uploads\/2019\/01\/cee_17_7_2018.jpg","type":"image\/jpeg"}],"author":"Javor","twitter_card":"summary_large_image","twitter_creator":"@LoudinJan","twitter_misc":{"Napsal(a)":"Javor","Odhadovan\u00e1 doba \u010dten\u00ed":"2 minuty"},"schema":{"@context":"https:\/\/schema.org","@graph":[{"@type":"Article","@id":"https:\/\/evertonfc.cz\/index.php\/2018\/07\/17\/osmy-rocnik-cee-cupu-everton-prijizdi-obhajit-vitezstvi\/#article","isPartOf":{"@id":"https:\/\/evertonfc.cz\/index.php\/2018\/07\/17\/osmy-rocnik-cee-cupu-everton-prijizdi-obhajit-vitezstvi\/"},"author":{"name":"Javor","@id":"https:\/\/evertonfc.cz\/#\/schema\/person\/b30daf6a5852f4811f8207a17ec1bf78"},"headline":"Osm\u00fd ro\u010dn\u00edk CEE Cupu: Everton p\u0159ij\u00ed\u017ed\u00ed obh\u00e1jit v\u00edt\u011bzstv\u00ed","datePublished":"2018-07-17T17:51:49+00:00","dateModified":"2019-01-31T18:52:59+00:00","mainEntityOfPage":{"@id":"https:\/\/evertonfc.cz\/index.php\/2018\/07\/17\/osmy-rocnik-cee-cupu-everton-prijizdi-obhajit-vitezstvi\/"},"wordCount":466,"commentCount":0,"publisher":{"@id":"https:\/\/evertonfc.cz\/#organization"},"image":{"@id":"https:\/\/evertonfc.cz\/index.php\/2018\/07\/17\/osmy-rocnik-cee-cupu-everton-prijizdi-obhajit-vitezstvi\/#primaryimage"},"thumbnailUrl":"https:\/\/evertonfc.cz\/wp-content\/uploads\/2019\/01\/cee_17_7_2018.jpg","articleSection":["Aktuality"],"inLanguage":"cs","potentialAction":[{"@type":"CommentAction","name":"Comment","target":["https:\/\/evertonfc.cz\/index.php\/2018\/07\/17\/osmy-rocnik-cee-cupu-everton-prijizdi-obhajit-vitezstvi\/#respond"]}]},{"@type":"WebPage","@id":"https:\/\/evertonfc.cz\/index.php\/2018\/07\/17\/osmy-rocnik-cee-cupu-everton-prijizdi-obhajit-vitezstvi\/","url":"https:\/\/evertonfc.cz\/index.php\/2018\/07\/17\/osmy-rocnik-cee-cupu-everton-prijizdi-obhajit-vitezstvi\/","name":"Osm\u00fd ro\u010dn\u00edk CEE Cupu: Everton p\u0159ij\u00ed\u017ed\u00ed obh\u00e1jit v\u00edt\u011bzstv\u00ed - Official Czech &amp; Slovak Everton Supporters&#039; Club","isPartOf":{"@id":"https:\/\/evertonfc.cz\/#website"},"primaryImageOfPage":{"@id":"https:\/\/evertonfc.cz\/index.php\/2018\/07\/17\/osmy-rocnik-cee-cupu-everton-prijizdi-obhajit-vitezstvi\/#primaryimage"},"image":{"@id":"https:\/\/evertonfc.cz\/index.php\/2018\/07\/17\/osmy-rocnik-cee-cupu-everton-prijizdi-obhajit-vitezstvi\/#primaryimage"},"thumbnailUrl":"https:\/\/evertonfc.cz\/wp-content\/uploads\/2019\/01\/cee_17_7_2018.jpg","datePublished":"2018-07-17T17:51:49+00:00","dateModified":"2019-01-31T18:52:59+00:00","breadcrumb":{"@id":"https:\/\/evertonfc.cz\/index.php\/2018\/07\/17\/osmy-rocnik-cee-cupu-everton-prijizdi-obhajit-vitezstvi\/#breadcrumb"},"inLanguage":"cs","potentialAction":[{"@type":"ReadAction","target":["https:\/\/evertonfc.cz\/index.php\/2018\/07\/17\/osmy-rocnik-cee-cupu-everton-prijizdi-obhajit-vitezstvi\/"]}]},{"@type":"ImageObject","inLanguage":"cs","@id":"https:\/\/evertonfc.cz\/index.php\/2018\/07\/17\/osmy-rocnik-cee-cupu-everton-prijizdi-obhajit-vitezstvi\/#primaryimage","url":"https:\/\/evertonfc.cz\/wp-content\/uploads\/2019\/01\/cee_17_7_2018.jpg","contentUrl":"https:\/\/evertonfc.cz\/wp-content\/uploads\/2019\/01\/cee_17_7_2018.jpg","width":720,"height":405},{"@type":"BreadcrumbList","@id":"https:\/\/evertonfc.cz\/index.php\/2018\/07\/17\/osmy-rocnik-cee-cupu-everton-prijizdi-obhajit-vitezstvi\/#breadcrumb","itemListElement":[{"@type":"ListItem","position":1,"name":"Home","item":"https:\/\/evertonfc.cz\/"},{"@type":"ListItem","position":2,"name":"Osm\u00fd ro\u010dn\u00edk CEE Cupu: Everton p\u0159ij\u00ed\u017ed\u00ed obh\u00e1jit v\u00edt\u011bzstv\u00ed"}]},{"@type":"WebSite","@id":"https:\/\/evertonfc.cz\/#website","url":"https:\/\/evertonfc.cz\/","name":"Official Czech &amp; Slovak Everton Supporters&#039; Club","description":"","publisher":{"@id":"https:\/\/evertonfc.cz\/#organization"},"potentialAction":[{"@type":"SearchAction","target":{"@type":"EntryPoint","urlTemplate":"https:\/\/evertonfc.cz\/?s={search_term_string}"},"query-input":{"@type":"PropertyValueSpecification","valueRequired":true,"valueName":"search_term_string"}}],"inLanguage":"cs"},{"@type":"Organization","@id":"https:\/\/evertonfc.cz\/#organization","name":"Official Czech & Slovak Everton Supporters' Club","url":"https:\/\/evertonfc.cz\/","logo":{"@type":"ImageObject","inLanguage":"cs","@id":"https:\/\/evertonfc.cz\/#\/schema\/logo\/image\/","url":"https:\/\/evertonfc.cz\/wp-content\/uploads\/2019\/05\/logo.png","contentUrl":"https:\/\/evertonfc.cz\/wp-content\/uploads\/2019\/05\/logo.png","width":112,"height":112,"caption":"Official Czech & Slovak Everton Supporters' Club"},"image":{"@id":"https:\/\/evertonfc.cz\/#\/schema\/logo\/image\/"},"sameAs":["https:\/\/www.facebook.com\/everton.fans.cz.sk"]},{"@type":"Person","@id":"https:\/\/evertonfc.cz\/#\/schema\/person\/b30daf6a5852f4811f8207a17ec1bf78","name":"Javor","sameAs":["https:\/\/x.com\/LoudinJan"],"url":"https:\/\/evertonfc.cz\/index.php\/author\/javor\/"}]}},"_links":{"self":[{"href":"https:\/\/evertonfc.cz\/index.php\/wp-json\/wp\/v2\/posts\/2005"}],"collection":[{"href":"https:\/\/evertonfc.cz\/index.php\/wp-json\/wp\/v2\/posts"}],"about":[{"href":"https:\/\/evertonfc.cz\/index.php\/wp-json\/wp\/v2\/types\/post"}],"author":[{"embeddable":true,"href":"https:\/\/evertonfc.cz\/index.php\/wp-json\/wp\/v2\/users\/12"}],"replies":[{"embeddable":true,"href":"https:\/\/evertonfc.cz\/index.php\/wp-json\/wp\/v2\/comments?post=2005"}],"version-history":[{"count":1,"href":"https:\/\/evertonfc.cz\/index.php\/wp-json\/wp\/v2\/posts\/2005\/revisions"}],"predecessor-version":[{"id":2006,"href":"https:\/\/evertonfc.cz\/index.php\/wp-json\/wp\/v2\/posts\/2005\/revisions\/2006"}],"wp:featuredmedia":[{"embeddable":true,"href":"https:\/\/evertonfc.cz\/index.php\/wp-json\/wp\/v2\/media\/1969"}],"wp:attachment":[{"href":"https:\/\/evertonfc.cz\/index.php\/wp-json\/wp\/v2\/media?parent=2005"}],"wp:term":[{"taxonomy":"category","embeddable":true,"href":"https:\/\/evertonfc.cz\/index.php\/wp-json\/wp\/v2\/categories?post=2005"},{"taxonomy":"post_tag","embeddable":true,"href":"https:\/\/evertonfc.cz\/index.php\/wp-json\/wp\/v2\/tags?post=2005"}],"curies":[{"name":"wp","href":"https:\/\/api.w.org\/{rel}","templated":true}]}}