{"id":2007,"date":"2018-07-17T19:53:07","date_gmt":"2018-07-17T17:53:07","guid":{"rendered":"http:\/\/evertonfc.cz\/?p=2007"},"modified":"2021-04-20T10:01:43","modified_gmt":"2021-04-20T08:01:43","slug":"game-of-loans-ademola-lookman","status":"publish","type":"post","link":"https:\/\/evertonfc.cz\/index.php\/2018\/07\/17\/game-of-loans-ademola-lookman\/","title":{"rendered":"Game of Loans: Ademola Lookman"},"content":{"rendered":"\r\n<h4 class=\"wp-block-heading\">V minul\u00e9 sez\u00f3n\u011b byl Ademola Lookman v Evertonu odstaven na druhou kolej, a tak b\u011bhem jarn\u00ed \u010d\u00e1sti r\u00e1d ode\u0161el na hostov\u00e1n\u00ed do n\u011bmeck\u00e9ho klubu RB Lipsku, v jeho\u017e dresu nazna\u010dil sv\u016fj velk\u00fd potenci\u00e1l, z n\u011bho\u017e by r\u00e1d profitoval nov\u00fd mana\u017eer Toffees Marco Silva.<\/h4>\r\n\r\n\r\n\r\n<p>Nejen za Lookmanov\u00fdm p\u016fsoben\u00edm v\u00a0Bundeslize jsme se ohl\u00e9dli s Lan\u010f\u00e1kem a Maty\u00e1\u0161em, kte\u0159\u00ed spravuj\u00ed\u00a0<a href=\"https:\/\/www.facebook.com\/rblipsko\/\" target=\"_blank\" rel=\"noreferrer noopener\">\u010deskoslovensk\u00e9 fanou\u0161kovsk\u00e9 str\u00e1nky RB Lipska na Facebooku<\/a>.<\/p>\r\n\r\n\r\n\r\n<h4><em><span style=\"font-size: 12pt;\"><strong>RB Lipsko po sez\u00f3n\u011b 2016\/17, kdy jako nov\u00e1\u010dek Bundesligy obsadilo druh\u00e9 m\u00edsto, v ned\u00e1vno skon\u010den\u00e9 sez\u00f3n\u011b skon\u010dilo \u0161est\u00e9. Panovalo nad tabulkov\u00fdm propadem velk\u00e9 zklam\u00e1n\u00ed?<\/strong><\/span><\/em><\/h4>\r\n\r\n\r\n\r\n<p>Tak zklam\u00e1n\u00ed, to z\u00e1le\u017e\u00ed na \u00fahlu pohled\u016f\u2026 Bylo by docela \u201eneskromn\u00e9\u201c cht\u00edt po mu\u017estvu, kter\u00e9 v nejvy\u0161\u0161\u00ed n\u011bmeck\u00e9 sout\u011b\u017ei p\u016fsob\u00ed teprve druh\u00fdm rokem, obsazovat znovu ty nejvy\u0161\u0161\u00ed p\u0159\u00ed\u010dky. Ano, minul\u00fd rok by bylo v\u00edt\u011bzstv\u00ed naprost\u00e1 sv\u011btov\u00e1 senzace. Bohu\u017eel se toho nedos\u00e1hlo a tuto sez\u00f3nu byl na mu\u017estvo vyv\u00edjen nemal\u00fd tlak z mnoha stran. \u010cili sp\u00ed\u0161e ne\u017e zklam\u00e1n\u00ed oproti prvn\u00edmu p\u0159edstaven\u00ed v Bundeslize je to sp\u00ed\u0161e rozlad\u011bn\u00ed po vyda\u0159en\u011bj\u0161\u00edm podzimu. Pokud se na to pod\u00edv\u00e1me z pohledu veden\u00ed, tak to o\u010dividn\u011b spokojen\u00e9 nebylo, kdy\u017e z 6. m\u00edsta a mo\u017enosti op\u011bt hr\u00e1t evropsk\u00e9 poh\u00e1ry odvolalo tren\u00e9ra.<\/p>\r\n\r\n\r\n\r\n<h4><em><span style=\"font-size: 12pt;\"><strong>Zkuste, pros\u00edm, trochu detailn\u011bji osv\u011btlit filosofii klubu. Obecn\u011b je zn\u00e1mo, \u017ee mu\u017estvo s\u00e1z\u00ed na mlad\u00e9 hr\u00e1\u010de.<\/strong><\/span><\/em><\/h4>\r\n\r\n\r\n\r\n<p>Klub obecn\u011b pracuje jako samostatn\u011b vyd\u011bl\u00e1vaj\u00edc\u00ed subjekt. Ano, v\u0161ichni ve sv\u011bt\u011b v\u00ed, \u017ee vlastn\u00edkem je podnik Red Bull s v\u0161emo\u017en\u00fdmi finan\u010dn\u00edmi prost\u0159edky. Ale i tento \u201eodd\u00edl\u201c si mus\u00ed na sv\u00e9 \u017eivobyt\u00ed a neust\u00e1le zlep\u0161ov\u00e1n\u00ed vyd\u011blat. S t\u00edm i souvis\u00ed filosofie klubu jako takov\u00e9ho \u2013 p\u016fvodn\u00ed hr\u00e1\u010di jsou po ur\u010dit\u00e9m v\u011bku postupn\u011b nahrazov\u00e1ny mlad\u00edky.<\/p>\r\n\r\n\r\n\r\n<p>Pokud bychom se vr\u00e1tili o p\u00e1r sez\u00f3n zp\u011bt, zku\u0161enosti v podob\u011b Ilsankera, Kaisera aspol. hr\u00e1li nejv\u011bt\u0161\u00ed roli. Dnes se prakticky jedn\u00e1 (nejenom) o vyr\u016fstaj\u00edc\u00ed hv\u011bzdy. Nejv\u011bt\u0161\u00ed pod\u00edl na tom m\u00e1 dce\u0159in\u00fd celek FC RedBull Salzburg, kde se vedla, vede a povede dlouholet\u00e1 spolupr\u00e1ce a p\u0159esuny hr\u00e1\u010d\u016f v r\u00e1mci obou klub\u016f. Z\u00e1\u0159n\u00fdm p\u0159\u00edkladem je samoz\u0159ejm\u011b Naby Ke\u00efta, kter\u00fd ze Salzburgu do\u0161el p\u0159es Lipsko a\u017e do Liverpoolu moment\u00e1ln\u011b. A na tom je zalo\u017een klub. V kostce se tedy jedn\u00e1 o spolupr\u00e1ce RB t\u00fdm\u016f (Salzburg, Lipsko, pota\u017emo New York) a sh\u00e1n\u011bn\u00ed mlad\u00fdch talent\u016f, kter\u00fdm d\u00e1vaj\u00ed dost p\u0159\u00edle\u017eitost\u00ed. Lipsku ani tak nejde o jejich n\u00e1sledn\u00fd prodej, jeliko\u017e na tom vyd\u011blaj\u00ed ve v\u0161ech ohledech i bez toho. \u010cili na z\u00e1v\u011br, Lipsko nen\u00ed tak bezcitn\u00fd klub, kter\u00fd m\u00e1 b\u00fdt dle n\u011bkter\u00fdch jen strojem na pen\u00edze!<\/p>\r\n\r\n\r\n\r\n<h4><span style=\"font-size: 12pt;\"><em><strong>Zimn\u00ed odchod 20let\u00e9ho Lookmana na hostov\u00e1n\u00ed do Bundesligy mnoh\u00e9 fanou\u0161ky Evertonu zasko\u010dil. Jevilo Lipsko o hr\u00e1\u010de z\u00e1jem del\u0161\u00ed dobu?<\/strong><\/em><\/span><\/h4>\r\n\r\n\r\n\r\n<p>V zim\u011b bylo Lipsko spojov\u00e1no i s jin\u00fdmi jm\u00e9ny a zrovna Lookman byl mimo st\u0159ed pozornosti, tak\u017ee t\u011b\u017eko \u0159\u00edci, zda-li ho veden\u00ed cht\u011blo ji\u017e d\u00e9le a toto zp\u016fsobila m\u00e9dia nebo se klub rozhodl n\u011bjak znenad\u00e1n\u00ed. Ka\u017edop\u00e1dn\u011b te\u010f se pro mnoh\u00e9 (i mimo fanou\u0161ky Lipska) zviditelnil, tak\u017ee uvid\u00edme, kdo nakonec v budoucnu z\u00edsk\u00e1 jeho slu\u017eby do dal\u0161\u00edch sez\u00f3n.<\/p>\r\n\r\n\r\n\r\n<h4><em><span style=\"font-size: 12pt;\"><strong>Jak byste zhodnotili Lookmanovo anga\u017em\u00e1 v Lipsku, aklimatizoval se rychle na nov\u00e9 prost\u0159ed\u00ed, jak\u00e1 byla jeho role v t\u00fdmu? Jeho statistiky \u2013 11 odehran\u00fdch ligov\u00fdch z\u00e1pas\u016f (574 minut), 5 vst\u0159elen\u00fdch branek, 4 asistence \u2013 jsou p\u016fsobiv\u00e9.<\/strong><\/span><\/em><\/h4>\r\n\r\n\r\n\r\n<p>Dle m\u00e9ho rozhodn\u011b p\u0159ed\u010dil o\u010dek\u00e1v\u00e1n\u00ed. Dostate\u010dn\u011b rychle si zvyknul na koncept t\u00fdmu, spoluhr\u00e1\u010de i ligu. Usuzuji, \u017ee mu hostov\u00e1n\u00ed v N\u011bmecku velice pomohlo. Jeho role by se dala popsat z nejv\u011bt\u0161\u00ed \u010d\u00e1sti jako \u201e\u017eol\u00edk\u201c, tedy jako st\u0159\u00eddaj\u00edc\u00ed hr\u00e1\u010d, kter\u00fd ji\u017e m\u00e1 n\u011bjak\u00e9 kvality a je pos\u00edl\u00e1n na rozhodnut\u00ed utk\u00e1n\u00ed (zde m\u016f\u017eeme vyzdvihnout t\u0159eba\u00a0<a href=\"https:\/\/www.youtube.com\/watch?v=aIbEnbHKvMc\" target=\"_blank\" rel=\"noreferrer noopener\">z\u00e1pas proti M\u00f6nchengladbachu<\/a>). Nej\u010dast\u011bji se st\u0159\u00eddal s Forsbergem na postu lev\u00e9ho ofenzivn\u00edho z\u00e1lo\u017en\u00edka<\/p>\r\n\r\n\r\n\r\n<h4><em><span style=\"font-size: 12pt;\"><strong>Mysl\u00edte, \u017ee se b\u011bhem l\u00e9ta Lipsko je\u0161t\u011b pokus\u00ed zrealizovat p\u0159estup Lookmana? M\u00e9dii u\u017e prolet\u011bla zpr\u00e1va, \u017ee Everton p\u0159ed dv\u011bma t\u00fddny odm\u00edtl nab\u00eddku ve v\u00fd\u0161i 12 milion\u016f liber a nov\u00fd tren\u00e9r Lipska Ralf Ragnick potvrdil z\u00e1jem o hr\u00e1\u010de.<\/strong><\/span><\/em><\/h4>\r\n\r\n\r\n\r\n<p>Viz p\u0159echoz\u00ed dv\u011b ot\u00e1zky. I jemu samotn\u00e9mu toto hostov\u00e1n\u00ed velmi prosp\u011blo. A ani Everton nezah\u00e1l\u00ed, tak\u017ee pokud ho prodaj\u00ed, ur\u010dit\u011b budou cht\u00edt j\u00edt s cenou je\u0161t\u011b nahoru. Osobn\u011b si mysl\u00edm, \u017ee zrovna u Lipska v\u00ed jejich finan\u010dn\u00ed mo\u017enosti, i kdy\u017e 12 mil. liber u\u017e je taky po\u0159\u00e1dn\u00e1 suma. Tak \u010di onak bych byl r\u00e1d za jeho trval\u00fd p\u0159\u00edchod, na druhou stranu rozhodn\u011b zase ne za ka\u017edou cenu. V\u011b\u0159\u00edm ale, \u017ee se o p\u0159estup Lipsko je\u0161t\u011b pokus\u00ed.<\/p>\r\n\r\n\r\n\r\n<h4><span style=\"font-size: 12pt;\"><em><strong>Lookman nen\u00ed jedin\u00fdm mlad\u00fdm Angli\u010danem (dal\u0161\u00ed nap\u0159. Reece Oxford \u010di Jadon Sancho), kter\u00fd uznal, \u017ee mu v kari\u00e9\u0159e pom\u016f\u017ee p\u0159esun do N\u011bmecka, kde dostane v\u00edce p\u0159\u00edle\u017eitost\u00ed. \u010c\u00edm to je, \u017ee se n\u011bmeck\u00e9 kluby neboj\u00ed d\u00e1vat \u0161anci mlad\u00fdm cizinc\u016fm?<\/strong><\/em><\/span><\/h4>\r\n\r\n\r\n\r\n<p>Vskutku dobr\u00e1 ot\u00e1zka. Dle m\u00e9ho to nen\u00ed pouze v re\u017eii n\u011bmeck\u00fdch klub\u016f, av\u0161ak Bundesliga pat\u0159\u00ed mezi nejlep\u0161\u00ed sout\u011b\u017ee Evropy, pota\u017emo sv\u011bta, proto je to tak v\u0161em na o\u010d\u00edch. Podobn\u011b zaveden\u00e9 to je t\u0159eba v It\u00e1lii, ale d\u00e1le i v jin\u00fdch m\u00e9n\u011b sledovan\u00fdch zem\u00edch. Naopak v Anglii \u010di \u0160pan\u011blsku, kde je konkurence (i v evropsk\u00fdch poh\u00e1rech) bez debat v\u011bt\u0161\u00ed, se s\u00e1z\u00ed hlavn\u011b na \u201ehotov\u00e9 hr\u00e1\u010de\u201c. A jeliko\u017e pr\u00e1v\u011b v N\u011bmecku nen\u00ed takov\u00e1, neboj\u00ed se s mlad\u00fdmi cizinci pracovat a za\u0159azovat je do t\u00fdm\u016f, p\u0159esto\u017ee i v N\u011bmecku je spousta kvalitn\u00edch klub\u016f s vynikaj\u00edc\u00edm z\u00e1zem\u00edm.<\/p>\r\n","protected":false},"excerpt":{"rendered":"<p>V minul\u00e9 sez\u00f3n\u011b byl Ademola Lookman v Evertonu odstaven na druhou kolej, a tak b\u011bhem jarn\u00ed \u010d\u00e1sti r\u00e1d ode\u0161el na&hellip;<\/p>\n","protected":false},"author":6,"featured_media":1974,"comment_status":"open","ping_status":"closed","sticky":false,"template":"","format":"standard","meta":{"_eb_attr":"","_monsterinsights_skip_tracking":false,"_monsterinsights_sitenote_active":false,"_monsterinsights_sitenote_note":"","_monsterinsights_sitenote_category":0,"footnotes":""},"categories":[1],"tags":[],"yoast_head":"<!-- This site is optimized with the Yoast SEO plugin v23.4 - https:\/\/yoast.com\/wordpress\/plugins\/seo\/ -->\n<title>Game of Loans: Ademola Lookman - Official Czech &amp; Slovak Everton Supporters&#039; Club<\/title>\n<meta name=\"robots\" content=\"index, follow, max-snippet:-1, max-image-preview:large, max-video-preview:-1\" \/>\n<link rel=\"canonical\" href=\"https:\/\/evertonfc.cz\/index.php\/2018\/07\/17\/game-of-loans-ademola-lookman\/\" \/>\n<meta property=\"og:locale\" content=\"cs_CZ\" \/>\n<meta property=\"og:type\" content=\"article\" \/>\n<meta property=\"og:title\" content=\"Game of Loans: Ademola Lookman - Official Czech &amp; Slovak Everton Supporters&#039; Club\" \/>\n<meta property=\"og:description\" content=\"V minul\u00e9 sez\u00f3n\u011b byl Ademola Lookman v Evertonu odstaven na druhou kolej, a tak b\u011bhem jarn\u00ed \u010d\u00e1sti r\u00e1d ode\u0161el na&hellip;\" \/>\n<meta property=\"og:url\" content=\"https:\/\/evertonfc.cz\/index.php\/2018\/07\/17\/game-of-loans-ademola-lookman\/\" \/>\n<meta property=\"og:site_name\" content=\"Official Czech &amp; Slovak Everton Supporters&#039; Club\" \/>\n<meta property=\"article:publisher\" content=\"https:\/\/www.facebook.com\/everton.fans.cz.sk\" \/>\n<meta property=\"article:published_time\" content=\"2018-07-17T17:53:07+00:00\" \/>\n<meta property=\"article:modified_time\" content=\"2021-04-20T08:01:43+00:00\" \/>\n<meta property=\"og:image\" content=\"https:\/\/evertonfc.cz\/wp-content\/uploads\/2019\/01\/lookman_17_7_2018.jpg\" \/>\n\t<meta property=\"og:image:width\" content=\"720\" \/>\n\t<meta property=\"og:image:height\" content=\"405\" \/>\n\t<meta property=\"og:image:type\" content=\"image\/jpeg\" \/>\n<meta name=\"author\" content=\"Ri\u010di\" \/>\n<meta name=\"twitter:card\" content=\"summary_large_image\" \/>\n<meta name=\"twitter:creator\" content=\"@rbrejsa\" \/>\n<meta name=\"twitter:label1\" content=\"Napsal(a)\" \/>\n\t<meta name=\"twitter:data1\" content=\"Ri\u010di\" \/>\n\t<meta name=\"twitter:label2\" content=\"Odhadovan\u00e1 doba \u010dten\u00ed\" \/>\n\t<meta name=\"twitter:data2\" content=\"4 minuty\" \/>\n<script type=\"application\/ld+json\" class=\"yoast-schema-graph\">{\"@context\":\"https:\/\/schema.org\",\"@graph\":[{\"@type\":\"Article\",\"@id\":\"https:\/\/evertonfc.cz\/index.php\/2018\/07\/17\/game-of-loans-ademola-lookman\/#article\",\"isPartOf\":{\"@id\":\"https:\/\/evertonfc.cz\/index.php\/2018\/07\/17\/game-of-loans-ademola-lookman\/\"},\"author\":{\"name\":\"Ri\u010di\",\"@id\":\"https:\/\/evertonfc.cz\/#\/schema\/person\/f7a5daedb2ffee98480bc70e191aaef1\"},\"headline\":\"Game of Loans: Ademola Lookman\",\"datePublished\":\"2018-07-17T17:53:07+00:00\",\"dateModified\":\"2021-04-20T08:01:43+00:00\",\"mainEntityOfPage\":{\"@id\":\"https:\/\/evertonfc.cz\/index.php\/2018\/07\/17\/game-of-loans-ademola-lookman\/\"},\"wordCount\":1095,\"commentCount\":0,\"publisher\":{\"@id\":\"https:\/\/evertonfc.cz\/#organization\"},\"image\":{\"@id\":\"https:\/\/evertonfc.cz\/index.php\/2018\/07\/17\/game-of-loans-ademola-lookman\/#primaryimage\"},\"thumbnailUrl\":\"https:\/\/evertonfc.cz\/wp-content\/uploads\/2019\/01\/lookman_17_7_2018.jpg\",\"articleSection\":[\"Rozhovory\"],\"inLanguage\":\"cs\",\"potentialAction\":[{\"@type\":\"CommentAction\",\"name\":\"Comment\",\"target\":[\"https:\/\/evertonfc.cz\/index.php\/2018\/07\/17\/game-of-loans-ademola-lookman\/#respond\"]}]},{\"@type\":\"WebPage\",\"@id\":\"https:\/\/evertonfc.cz\/index.php\/2018\/07\/17\/game-of-loans-ademola-lookman\/\",\"url\":\"https:\/\/evertonfc.cz\/index.php\/2018\/07\/17\/game-of-loans-ademola-lookman\/\",\"name\":\"Game of Loans: Ademola Lookman - Official Czech &amp; Slovak Everton Supporters&#039; Club\",\"isPartOf\":{\"@id\":\"https:\/\/evertonfc.cz\/#website\"},\"primaryImageOfPage\":{\"@id\":\"https:\/\/evertonfc.cz\/index.php\/2018\/07\/17\/game-of-loans-ademola-lookman\/#primaryimage\"},\"image\":{\"@id\":\"https:\/\/evertonfc.cz\/index.php\/2018\/07\/17\/game-of-loans-ademola-lookman\/#primaryimage\"},\"thumbnailUrl\":\"https:\/\/evertonfc.cz\/wp-content\/uploads\/2019\/01\/lookman_17_7_2018.jpg\",\"datePublished\":\"2018-07-17T17:53:07+00:00\",\"dateModified\":\"2021-04-20T08:01:43+00:00\",\"breadcrumb\":{\"@id\":\"https:\/\/evertonfc.cz\/index.php\/2018\/07\/17\/game-of-loans-ademola-lookman\/#breadcrumb\"},\"inLanguage\":\"cs\",\"potentialAction\":[{\"@type\":\"ReadAction\",\"target\":[\"https:\/\/evertonfc.cz\/index.php\/2018\/07\/17\/game-of-loans-ademola-lookman\/\"]}]},{\"@type\":\"ImageObject\",\"inLanguage\":\"cs\",\"@id\":\"https:\/\/evertonfc.cz\/index.php\/2018\/07\/17\/game-of-loans-ademola-lookman\/#primaryimage\",\"url\":\"https:\/\/evertonfc.cz\/wp-content\/uploads\/2019\/01\/lookman_17_7_2018.jpg\",\"contentUrl\":\"https:\/\/evertonfc.cz\/wp-content\/uploads\/2019\/01\/lookman_17_7_2018.jpg\",\"width\":720,\"height\":405},{\"@type\":\"BreadcrumbList\",\"@id\":\"https:\/\/evertonfc.cz\/index.php\/2018\/07\/17\/game-of-loans-ademola-lookman\/#breadcrumb\",\"itemListElement\":[{\"@type\":\"ListItem\",\"position\":1,\"name\":\"Home\",\"item\":\"https:\/\/evertonfc.cz\/\"},{\"@type\":\"ListItem\",\"position\":2,\"name\":\"Game of Loans: Ademola Lookman\"}]},{\"@type\":\"WebSite\",\"@id\":\"https:\/\/evertonfc.cz\/#website\",\"url\":\"https:\/\/evertonfc.cz\/\",\"name\":\"Official Czech &amp; Slovak Everton Supporters&#039; Club\",\"description\":\"\",\"publisher\":{\"@id\":\"https:\/\/evertonfc.cz\/#organization\"},\"potentialAction\":[{\"@type\":\"SearchAction\",\"target\":{\"@type\":\"EntryPoint\",\"urlTemplate\":\"https:\/\/evertonfc.cz\/?s={search_term_string}\"},\"query-input\":{\"@type\":\"PropertyValueSpecification\",\"valueRequired\":true,\"valueName\":\"search_term_string\"}}],\"inLanguage\":\"cs\"},{\"@type\":\"Organization\",\"@id\":\"https:\/\/evertonfc.cz\/#organization\",\"name\":\"Official Czech & Slovak Everton Supporters' Club\",\"url\":\"https:\/\/evertonfc.cz\/\",\"logo\":{\"@type\":\"ImageObject\",\"inLanguage\":\"cs\",\"@id\":\"https:\/\/evertonfc.cz\/#\/schema\/logo\/image\/\",\"url\":\"https:\/\/evertonfc.cz\/wp-content\/uploads\/2019\/05\/logo.png\",\"contentUrl\":\"https:\/\/evertonfc.cz\/wp-content\/uploads\/2019\/05\/logo.png\",\"width\":112,\"height\":112,\"caption\":\"Official Czech & Slovak Everton Supporters' Club\"},\"image\":{\"@id\":\"https:\/\/evertonfc.cz\/#\/schema\/logo\/image\/\"},\"sameAs\":[\"https:\/\/www.facebook.com\/everton.fans.cz.sk\"]},{\"@type\":\"Person\",\"@id\":\"https:\/\/evertonfc.cz\/#\/schema\/person\/f7a5daedb2ffee98480bc70e191aaef1\",\"name\":\"Ri\u010di\",\"sameAs\":[\"https:\/\/x.com\/rbrejsa\"],\"url\":\"https:\/\/evertonfc.cz\/index.php\/author\/rici\/\"}]}<\/script>\n<!-- \/ Yoast SEO plugin. -->","yoast_head_json":{"title":"Game of Loans: Ademola Lookman - Official Czech &amp; Slovak Everton Supporters&#039; Club","robots":{"index":"index","follow":"follow","max-snippet":"max-snippet:-1","max-image-preview":"max-image-preview:large","max-video-preview":"max-video-preview:-1"},"canonical":"https:\/\/evertonfc.cz\/index.php\/2018\/07\/17\/game-of-loans-ademola-lookman\/","og_locale":"cs_CZ","og_type":"article","og_title":"Game of Loans: Ademola Lookman - Official Czech &amp; Slovak Everton Supporters&#039; Club","og_description":"V minul\u00e9 sez\u00f3n\u011b byl Ademola Lookman v Evertonu odstaven na druhou kolej, a tak b\u011bhem jarn\u00ed \u010d\u00e1sti r\u00e1d ode\u0161el na&hellip;","og_url":"https:\/\/evertonfc.cz\/index.php\/2018\/07\/17\/game-of-loans-ademola-lookman\/","og_site_name":"Official Czech &amp; Slovak Everton Supporters&#039; Club","article_publisher":"https:\/\/www.facebook.com\/everton.fans.cz.sk","article_published_time":"2018-07-17T17:53:07+00:00","article_modified_time":"2021-04-20T08:01:43+00:00","og_image":[{"width":720,"height":405,"url":"https:\/\/evertonfc.cz\/wp-content\/uploads\/2019\/01\/lookman_17_7_2018.jpg","type":"image\/jpeg"}],"author":"Ri\u010di","twitter_card":"summary_large_image","twitter_creator":"@rbrejsa","twitter_misc":{"Napsal(a)":"Ri\u010di","Odhadovan\u00e1 doba \u010dten\u00ed":"4 minuty"},"schema":{"@context":"https:\/\/schema.org","@graph":[{"@type":"Article","@id":"https:\/\/evertonfc.cz\/index.php\/2018\/07\/17\/game-of-loans-ademola-lookman\/#article","isPartOf":{"@id":"https:\/\/evertonfc.cz\/index.php\/2018\/07\/17\/game-of-loans-ademola-lookman\/"},"author":{"name":"Ri\u010di","@id":"https:\/\/evertonfc.cz\/#\/schema\/person\/f7a5daedb2ffee98480bc70e191aaef1"},"headline":"Game of Loans: Ademola Lookman","datePublished":"2018-07-17T17:53:07+00:00","dateModified":"2021-04-20T08:01:43+00:00","mainEntityOfPage":{"@id":"https:\/\/evertonfc.cz\/index.php\/2018\/07\/17\/game-of-loans-ademola-lookman\/"},"wordCount":1095,"commentCount":0,"publisher":{"@id":"https:\/\/evertonfc.cz\/#organization"},"image":{"@id":"https:\/\/evertonfc.cz\/index.php\/2018\/07\/17\/game-of-loans-ademola-lookman\/#primaryimage"},"thumbnailUrl":"https:\/\/evertonfc.cz\/wp-content\/uploads\/2019\/01\/lookman_17_7_2018.jpg","articleSection":["Rozhovory"],"inLanguage":"cs","potentialAction":[{"@type":"CommentAction","name":"Comment","target":["https:\/\/evertonfc.cz\/index.php\/2018\/07\/17\/game-of-loans-ademola-lookman\/#respond"]}]},{"@type":"WebPage","@id":"https:\/\/evertonfc.cz\/index.php\/2018\/07\/17\/game-of-loans-ademola-lookman\/","url":"https:\/\/evertonfc.cz\/index.php\/2018\/07\/17\/game-of-loans-ademola-lookman\/","name":"Game of Loans: Ademola Lookman - Official Czech &amp; Slovak Everton Supporters&#039; Club","isPartOf":{"@id":"https:\/\/evertonfc.cz\/#website"},"primaryImageOfPage":{"@id":"https:\/\/evertonfc.cz\/index.php\/2018\/07\/17\/game-of-loans-ademola-lookman\/#primaryimage"},"image":{"@id":"https:\/\/evertonfc.cz\/index.php\/2018\/07\/17\/game-of-loans-ademola-lookman\/#primaryimage"},"thumbnailUrl":"https:\/\/evertonfc.cz\/wp-content\/uploads\/2019\/01\/lookman_17_7_2018.jpg","datePublished":"2018-07-17T17:53:07+00:00","dateModified":"2021-04-20T08:01:43+00:00","breadcrumb":{"@id":"https:\/\/evertonfc.cz\/index.php\/2018\/07\/17\/game-of-loans-ademola-lookman\/#breadcrumb"},"inLanguage":"cs","potentialAction":[{"@type":"ReadAction","target":["https:\/\/evertonfc.cz\/index.php\/2018\/07\/17\/game-of-loans-ademola-lookman\/"]}]},{"@type":"ImageObject","inLanguage":"cs","@id":"https:\/\/evertonfc.cz\/index.php\/2018\/07\/17\/game-of-loans-ademola-lookman\/#primaryimage","url":"https:\/\/evertonfc.cz\/wp-content\/uploads\/2019\/01\/lookman_17_7_2018.jpg","contentUrl":"https:\/\/evertonfc.cz\/wp-content\/uploads\/2019\/01\/lookman_17_7_2018.jpg","width":720,"height":405},{"@type":"BreadcrumbList","@id":"https:\/\/evertonfc.cz\/index.php\/2018\/07\/17\/game-of-loans-ademola-lookman\/#breadcrumb","itemListElement":[{"@type":"ListItem","position":1,"name":"Home","item":"https:\/\/evertonfc.cz\/"},{"@type":"ListItem","position":2,"name":"Game of Loans: Ademola Lookman"}]},{"@type":"WebSite","@id":"https:\/\/evertonfc.cz\/#website","url":"https:\/\/evertonfc.cz\/","name":"Official Czech &amp; Slovak Everton Supporters&#039; Club","description":"","publisher":{"@id":"https:\/\/evertonfc.cz\/#organization"},"potentialAction":[{"@type":"SearchAction","target":{"@type":"EntryPoint","urlTemplate":"https:\/\/evertonfc.cz\/?s={search_term_string}"},"query-input":{"@type":"PropertyValueSpecification","valueRequired":true,"valueName":"search_term_string"}}],"inLanguage":"cs"},{"@type":"Organization","@id":"https:\/\/evertonfc.cz\/#organization","name":"Official Czech & Slovak Everton Supporters' Club","url":"https:\/\/evertonfc.cz\/","logo":{"@type":"ImageObject","inLanguage":"cs","@id":"https:\/\/evertonfc.cz\/#\/schema\/logo\/image\/","url":"https:\/\/evertonfc.cz\/wp-content\/uploads\/2019\/05\/logo.png","contentUrl":"https:\/\/evertonfc.cz\/wp-content\/uploads\/2019\/05\/logo.png","width":112,"height":112,"caption":"Official Czech & Slovak Everton Supporters' Club"},"image":{"@id":"https:\/\/evertonfc.cz\/#\/schema\/logo\/image\/"},"sameAs":["https:\/\/www.facebook.com\/everton.fans.cz.sk"]},{"@type":"Person","@id":"https:\/\/evertonfc.cz\/#\/schema\/person\/f7a5daedb2ffee98480bc70e191aaef1","name":"Ri\u010di","sameAs":["https:\/\/x.com\/rbrejsa"],"url":"https:\/\/evertonfc.cz\/index.php\/author\/rici\/"}]}},"_links":{"self":[{"href":"https:\/\/evertonfc.cz\/index.php\/wp-json\/wp\/v2\/posts\/2007"}],"collection":[{"href":"https:\/\/evertonfc.cz\/index.php\/wp-json\/wp\/v2\/posts"}],"about":[{"href":"https:\/\/evertonfc.cz\/index.php\/wp-json\/wp\/v2\/types\/post"}],"author":[{"embeddable":true,"href":"https:\/\/evertonfc.cz\/index.php\/wp-json\/wp\/v2\/users\/6"}],"replies":[{"embeddable":true,"href":"https:\/\/evertonfc.cz\/index.php\/wp-json\/wp\/v2\/comments?post=2007"}],"version-history":[{"count":4,"href":"https:\/\/evertonfc.cz\/index.php\/wp-json\/wp\/v2\/posts\/2007\/revisions"}],"predecessor-version":[{"id":15051,"href":"https:\/\/evertonfc.cz\/index.php\/wp-json\/wp\/v2\/posts\/2007\/revisions\/15051"}],"wp:featuredmedia":[{"embeddable":true,"href":"https:\/\/evertonfc.cz\/index.php\/wp-json\/wp\/v2\/media\/1974"}],"wp:attachment":[{"href":"https:\/\/evertonfc.cz\/index.php\/wp-json\/wp\/v2\/media?parent=2007"}],"wp:term":[{"taxonomy":"category","embeddable":true,"href":"https:\/\/evertonfc.cz\/index.php\/wp-json\/wp\/v2\/categories?post=2007"},{"taxonomy":"post_tag","embeddable":true,"href":"https:\/\/evertonfc.cz\/index.php\/wp-json\/wp\/v2\/tags?post=2007"}],"curies":[{"name":"wp","href":"https:\/\/api.w.org\/{rel}","templated":true}]}}