{"id":20071,"date":"2022-10-15T14:53:59","date_gmt":"2022-10-15T12:53:59","guid":{"rendered":"https:\/\/evertonfc.cz\/?p=20071"},"modified":"2022-10-15T16:33:48","modified_gmt":"2022-10-15T14:33:48","slug":"preview-tottenham-hotspur-everton-11","status":"publish","type":"post","link":"https:\/\/evertonfc.cz\/index.php\/2022\/10\/15\/preview-tottenham-hotspur-everton-11\/","title":{"rendered":"Preview: Tottenham Hotspur \u2013 Everton"},"content":{"rendered":"<h4>Podve\u010dern\u00ed z\u00e1pas si nese pro Evertonians jednu v\u00fdznamnou vedlej\u0161\u00ed linku. Minul\u00fd v\u00edkend se na\u0161e \u0161\u0148\u016fra p\u0159etrhla a Spurs maj\u00ed lano jako prase. Chv\u011bn\u00ed na kardiografu rozpohybuje i mil\u00e1\u010dek lo\u0148sk\u00e9 Gwladys Street.<\/h4>\n<p>V\u00a0modr\u00e9m pat\u0159il brazilsk\u00fd holoubek k\u00a0tahoun\u016fm. P\u0159esto\u017ee m\u011bl jist\u00e9 nedostatky, jeho nasazen\u00ed mu z\u00edskalo pro mnoh\u00e9 fanou\u0161ky Evertonu status novodob\u00e9ho hrdiny. P\u0159estup mu snad nikdo nevy\u010d\u00edtal, vzhledem k\u00a0okolnostem by ho bylo mo\u017en\u00e9 za\u0159adit mezi dal\u0161\u00ed z\u00a0ob\u011bt\u00ed pro klub.<\/p>\n<p>P\u0159\u00edchod na sever Lond\u00fdna mus\u00edme cht\u011b necht\u011b pova\u017eovat za kari\u00e9rn\u00ed r\u016fst. M\u00edsto na slunci ale garantov\u00e1no nebylo. Nastupoval ze za\u010d\u00e1tku z\u00a0lavi\u010dky, v\u00a0premi\u00e9\u0159e milion\u00e1\u0159sk\u00e9 sout\u011b\u017ee sice vst\u0159elil 2 branky, ale m\u00edsto v\u00a0z\u00e1kladn\u00ed XI zat\u00edm p\u0159ich\u00e1z\u00ed i z\u00e1sluhou zran\u011bn\u00ed konkurence.<\/p>\n<h4>Z\u00a0t\u00e1bora soupe\u0159e<\/h4>\n<p>V sedmi po sob\u011b jdouc\u00edch dom\u00e1c\u00edch ligov\u00fdch plus ve dvou z\u00e1pasech poh\u00e1rov\u00fdch dok\u00e1zali Kohouti na sv\u00e9m dvorku spolknout t\u0159\u00edbodov\u00e9 zrno. A nezalknout se a vyb\u011bhat slu\u0161nou porci bod\u016f i na z\u00e1letech. Antonio Conte pln\u00ed p\u0159\u00e1n\u00ed sv\u00fdch na jedni\u010dku, ale podtr\u017eenou nedostane pro selh\u00e1n\u00ed v NLD p\u0159ed 14 dny. Nav\u00edc jeho bilance proti Evertonu je odstra\u0161uj\u00edc\u00ed: 5-2-0. No ale dob\u0159e v\u011bd\u011bt, \u017ee si nezasedl jen na n\u00e1s, je\u0161t\u011b h\u016f\u0159e tr\u00fdzn\u00ed Leicester nebo Atalantu atd. Sk\u00f3re se ale st\u011b\u017e\u00ed n\u011bkdo vyrovn\u00e1 &#8211; 17:1. \u010cest DCL.<\/p>\n<p>V\u00edt\u011bznou auru kal\u00ed fakt, \u017ee ze souboj\u016f proti tzv. Sky6 to zat\u00edm na vyznamen\u00e1n\u00ed nen\u00ed. T\u00fdm nevynik\u00e1 v \u017e\u00e1dn\u00fdch \u010dinnostech. N\u011bkter\u00e9 posily si teprve sedaj\u00ed s nov\u00fdmi spoluhr\u00e1\u010di (Bisouma), ale na smrt\u00edc\u00ed klovnut\u00ed Harryho Kanea se st\u00e1le lze spolehnout. Anglick\u00fd kapit\u00e1n se v ligov\u00fdch z\u00e1pasech trefil do s\u00edt\u011b za z\u00e1dy brank\u00e1\u0159e Toffees ji\u017e 13kr\u00e1t, hrozn\u011bj\u0161\u00ed nestv\u016fry jsme poznali u\u017e jen 2. A pak je tu Son. P\u0159i vzpom\u00ednce na n\u011bj se mnoho Evertonians otv\u00edr\u00e1 v kapse minim\u00e1ln\u011b bal\u00ed\u010dek s kapesn\u00edky.<\/p>\n<p>P\u0159esto\u017ee m\u011bl s Frankfurtem men\u0161\u00ed bol\u00edstku (koleno), m\u011bl by Richarlison nastoupit od za\u010d\u00e1tku. M\u00edsto mu p\u0159enech\u00e1 zran\u011bn\u00fd Kulusevski, na tribun\u011b bude i vylou\u010den\u00fd Emerson Junior. Otazn\u00edk by visel nad startem Tangangy, ale tomu dres v kabin\u011b beztak nevis\u00ed, tak\u017ee nic.<\/p>\n<h4>Co nov\u00e9ho u n\u00e1s<\/h4>\n<p>Frank Lampard si z por\u00e1\u017eky s Man United vr\u00e1sky ned\u011bl\u00e1, a tak bychom nem\u011bli ani my. Vedle mdl\u00e9ho v\u00fdkonu st\u00e1ly body i ztr\u00e1ty ve st\u0159edu h\u0159i\u0161t\u011b, kter\u00fdm bychom se m\u011bli rad\u011bji vyh\u00fdbat. Na konferenci pokra\u010doval lodivod ve chv\u00e1le Iwobiho, p\u0159idal i n\u011bco k dobru na Jamese Garnera. Je ot\u00e1zka, zda pro n\u011bj vznikne m\u00edsto v sestav\u011b, i kdy\u017e by se pr\u00e1v\u011b Iwobi posunul do ofenzivn\u00ed trojice. Z rodinn\u00fdch strast\u00ed se navrac\u00ed Abdoulaye Doucour\u00e9, snad je tedy v\u0161e v cajku a m\u016f\u017ee tla\u010dit na m\u00edsto t\u011bch na h\u0159i\u0161ti.<\/p>\n<p>Anthony Gordon, o kter\u00e9ho Conte \u00fadajn\u011b tak\u00e9 st\u00e1l, bude zpytovat sv\u011bdom\u00ed v\u00a0pomysln\u00e9 k\u00e1znici. P\u011bt \u017elut\u00fdch v\u00a09 z\u00e1pasech, to se poda\u0159ilo letos zat\u00edm jen 4 hr\u00e1\u010d\u016fm. Snad mu pauza a domluva od tren\u00e9rsk\u00e9ho t\u00fdmu pom\u016f\u017ee nasm\u011brovat energii jinam ne\u017e do zbyte\u010dn\u011b p\u0159iost\u0159en\u00fdch souboj\u016f.<\/p>\n<p>Holgate se skoro z\u00a0probl\u00e9mu s\u00a0kolenem vyl\u00edzal, ale podobn\u011b jako u DCL se bude postupovat opatrn\u011b, mo\u017en\u00e1 a\u017e tak, \u017ee m\u00edsto Michaela Keanea na lavi\u010dce neohroz\u00ed. Dlouhodob\u011b tedy chyb\u00ed Townsend, Godfrey a Patterson. Rehabilitace Yerryho Miny se op\u011bt zpomalila.<\/p>\n<h4>Jak to bylo naposledy<\/h4>\n<p>Brr, rad\u011bji nevzpom\u00ednat.<\/p>\n<h4>Bilance<\/h4>\n<p>Ji\u017e se rozpad\u00e1 pam\u00e1tn\u00e1 \u010delenka Davida Moyese, do kter\u00e9 v letech 2006-2008 zasadil 3 kohout\u00ed p\u00e9ra za sebou za triumf\u00e1ln\u00ed poko\u0159en\u00ed je\u0161t\u011b na White Hart Lane. \u010ctvrt\u00e9 p\u0159idal a\u017e Carlo Ancelotti u\u017e v nov\u00e9m st\u00e1nku, venku tedy \u017e\u00e1dn\u00e1 sl\u00e1va. V\u00fdlety do hlavn\u00edho m\u011bsta u\u017e nejsou, co b\u00fdvaly. V\u00a0EPL to u\u017e 84 dopadlo bez bodu, vyhr\u00e1t se nepoda\u0159ilo u\u017e 7kr\u00e1t za sebou.<\/p>\n<p>\u010cty\u0159i hr\u00e1\u010di, 2 na obou stran\u00e1ch, zat\u00edm nevynechali v ro\u010dn\u00edku jedinou minutu. Piln\u00ed jsou Lloris a Dier na stran\u011b dom\u00e1c\u00edch, za Toffees se Frankov\u011b p\u0159\u00edzni t\u011b\u0161\u00ed Tarkowski s Iwobim. Nezb\u00fdv\u00e1 ne\u017e doufat, \u017ee se s n\u00edm a s n\u00e1mi v\u0161emi budou t\u011b\u0161it i dnes ve\u010der.<\/p>\n<h3 style=\"text-align: center;\"><span style=\"color: #3366ff;\"><em>COYB!<\/em><\/span><\/h3>\n<p><strong>Co<\/strong>: 11. kolo Premier League<br \/>\n<strong>Kdy<\/strong>: 15.10. 2022 od 18:30 SE\u010c<br \/>\n<strong>Kde<\/strong>: Tottenham Hotspur Stadium &#8211; 782 High Rd, Lond\u00fdn N17 0BX (k<span class=\"w8qArf\">apacita: <\/span><span class=\"LrzXr kno-fv wHYlTd z8gr9e\">62 850)<\/span><br \/>\n<strong>TV<\/strong>: na stanici Canal+ Sport od 18:25.<br \/>\n<strong>Rozhod\u010d\u00ed<\/strong>: Paul Tierney\u00a0\u00a0<strong>Postrann\u00ed<\/strong>: C. Hatzidakis, H. Lennard\u00a0 <strong>\u010ctvrt\u00fd<\/strong> <strong>rozhod\u010d\u00ed<\/strong>: S. Attwell<br \/>\n<strong>VAR<\/strong>: Andre Marriner\u00a0\u00a0<strong>Asistent<\/strong> <strong>VAR<\/strong>: Mark Scholes<\/p>\n","protected":false},"excerpt":{"rendered":"<p>Podve\u010dern\u00ed z\u00e1pas si nese pro Evertonians jednu v\u00fdznamnou vedlej\u0161\u00ed linku. Minul\u00fd v\u00edkend se sice na\u0161e \u0161\u0148\u016fra p\u0159etrhla a Spurs maj\u00ed lano jako prase. Chv\u011bn\u00ed na kardiografu rozpohybuje i mil\u00e1\u010dek lo\u0148sk\u00e9 Gwladys Street.<\/p>\n","protected":false},"author":10,"featured_media":11937,"comment_status":"open","ping_status":"closed","sticky":false,"template":"","format":"standard","meta":{"_eb_attr":"","_monsterinsights_skip_tracking":false,"_monsterinsights_sitenote_active":false,"_monsterinsights_sitenote_note":"","_monsterinsights_sitenote_category":0,"footnotes":""},"categories":[4],"tags":[],"yoast_head":"<!-- This site is optimized with the Yoast SEO plugin v23.4 - https:\/\/yoast.com\/wordpress\/plugins\/seo\/ -->\n<title>Preview: Tottenham Hotspur \u2013 Everton - Official Czech &amp; Slovak Everton Supporters&#039; Club<\/title>\n<meta name=\"robots\" content=\"index, follow, max-snippet:-1, max-image-preview:large, max-video-preview:-1\" \/>\n<link rel=\"canonical\" href=\"https:\/\/evertonfc.cz\/index.php\/2022\/10\/15\/preview-tottenham-hotspur-everton-11\/\" \/>\n<meta property=\"og:locale\" content=\"cs_CZ\" \/>\n<meta property=\"og:type\" content=\"article\" \/>\n<meta property=\"og:title\" content=\"Preview: Tottenham Hotspur \u2013 Everton - Official Czech &amp; Slovak Everton Supporters&#039; Club\" \/>\n<meta property=\"og:description\" content=\"Podve\u010dern\u00ed z\u00e1pas si nese pro Evertonians jednu v\u00fdznamnou vedlej\u0161\u00ed linku. Minul\u00fd v\u00edkend se sice na\u0161e \u0161\u0148\u016fra p\u0159etrhla a Spurs maj\u00ed lano jako prase. Chv\u011bn\u00ed na kardiografu rozpohybuje i mil\u00e1\u010dek lo\u0148sk\u00e9 Gwladys Street.\" \/>\n<meta property=\"og:url\" content=\"https:\/\/evertonfc.cz\/index.php\/2022\/10\/15\/preview-tottenham-hotspur-everton-11\/\" \/>\n<meta property=\"og:site_name\" content=\"Official Czech &amp; Slovak Everton Supporters&#039; Club\" \/>\n<meta property=\"article:publisher\" content=\"https:\/\/www.facebook.com\/everton.fans.cz.sk\" \/>\n<meta property=\"article:published_time\" content=\"2022-10-15T12:53:59+00:00\" \/>\n<meta property=\"article:modified_time\" content=\"2022-10-15T14:33:48+00:00\" \/>\n<meta property=\"og:image\" content=\"https:\/\/evertonfc.cz\/wp-content\/uploads\/2020\/09\/Tottenham-Hotspur-VS-Everton-12-9-2020.jpg\" \/>\n\t<meta property=\"og:image:width\" content=\"720\" \/>\n\t<meta property=\"og:image:height\" content=\"405\" \/>\n\t<meta property=\"og:image:type\" content=\"image\/jpeg\" \/>\n<meta name=\"author\" content=\"Fip\" \/>\n<meta name=\"twitter:card\" content=\"summary_large_image\" \/>\n<meta name=\"twitter:label1\" content=\"Napsal(a)\" \/>\n\t<meta name=\"twitter:data1\" content=\"Fip\" \/>\n\t<meta name=\"twitter:label2\" content=\"Odhadovan\u00e1 doba \u010dten\u00ed\" \/>\n\t<meta name=\"twitter:data2\" content=\"4 minuty\" \/>\n<script type=\"application\/ld+json\" class=\"yoast-schema-graph\">{\"@context\":\"https:\/\/schema.org\",\"@graph\":[{\"@type\":\"Article\",\"@id\":\"https:\/\/evertonfc.cz\/index.php\/2022\/10\/15\/preview-tottenham-hotspur-everton-11\/#article\",\"isPartOf\":{\"@id\":\"https:\/\/evertonfc.cz\/index.php\/2022\/10\/15\/preview-tottenham-hotspur-everton-11\/\"},\"author\":{\"name\":\"Fip\",\"@id\":\"https:\/\/evertonfc.cz\/#\/schema\/person\/35904009755e8eaa0dc1a5f5f0419002\"},\"headline\":\"Preview: Tottenham Hotspur \u2013 Everton\",\"datePublished\":\"2022-10-15T12:53:59+00:00\",\"dateModified\":\"2022-10-15T14:33:48+00:00\",\"mainEntityOfPage\":{\"@id\":\"https:\/\/evertonfc.cz\/index.php\/2022\/10\/15\/preview-tottenham-hotspur-everton-11\/\"},\"wordCount\":857,\"commentCount\":7,\"publisher\":{\"@id\":\"https:\/\/evertonfc.cz\/#organization\"},\"image\":{\"@id\":\"https:\/\/evertonfc.cz\/index.php\/2022\/10\/15\/preview-tottenham-hotspur-everton-11\/#primaryimage\"},\"thumbnailUrl\":\"https:\/\/evertonfc.cz\/wp-content\/uploads\/2020\/09\/Tottenham-Hotspur-VS-Everton-12-9-2020.jpg\",\"articleSection\":[\"Z\u00e1pasy\"],\"inLanguage\":\"cs\",\"potentialAction\":[{\"@type\":\"CommentAction\",\"name\":\"Comment\",\"target\":[\"https:\/\/evertonfc.cz\/index.php\/2022\/10\/15\/preview-tottenham-hotspur-everton-11\/#respond\"]}]},{\"@type\":\"WebPage\",\"@id\":\"https:\/\/evertonfc.cz\/index.php\/2022\/10\/15\/preview-tottenham-hotspur-everton-11\/\",\"url\":\"https:\/\/evertonfc.cz\/index.php\/2022\/10\/15\/preview-tottenham-hotspur-everton-11\/\",\"name\":\"Preview: Tottenham Hotspur \u2013 Everton - Official Czech &amp; Slovak Everton Supporters&#039; Club\",\"isPartOf\":{\"@id\":\"https:\/\/evertonfc.cz\/#website\"},\"primaryImageOfPage\":{\"@id\":\"https:\/\/evertonfc.cz\/index.php\/2022\/10\/15\/preview-tottenham-hotspur-everton-11\/#primaryimage\"},\"image\":{\"@id\":\"https:\/\/evertonfc.cz\/index.php\/2022\/10\/15\/preview-tottenham-hotspur-everton-11\/#primaryimage\"},\"thumbnailUrl\":\"https:\/\/evertonfc.cz\/wp-content\/uploads\/2020\/09\/Tottenham-Hotspur-VS-Everton-12-9-2020.jpg\",\"datePublished\":\"2022-10-15T12:53:59+00:00\",\"dateModified\":\"2022-10-15T14:33:48+00:00\",\"breadcrumb\":{\"@id\":\"https:\/\/evertonfc.cz\/index.php\/2022\/10\/15\/preview-tottenham-hotspur-everton-11\/#breadcrumb\"},\"inLanguage\":\"cs\",\"potentialAction\":[{\"@type\":\"ReadAction\",\"target\":[\"https:\/\/evertonfc.cz\/index.php\/2022\/10\/15\/preview-tottenham-hotspur-everton-11\/\"]}]},{\"@type\":\"ImageObject\",\"inLanguage\":\"cs\",\"@id\":\"https:\/\/evertonfc.cz\/index.php\/2022\/10\/15\/preview-tottenham-hotspur-everton-11\/#primaryimage\",\"url\":\"https:\/\/evertonfc.cz\/wp-content\/uploads\/2020\/09\/Tottenham-Hotspur-VS-Everton-12-9-2020.jpg\",\"contentUrl\":\"https:\/\/evertonfc.cz\/wp-content\/uploads\/2020\/09\/Tottenham-Hotspur-VS-Everton-12-9-2020.jpg\",\"width\":720,\"height\":405},{\"@type\":\"BreadcrumbList\",\"@id\":\"https:\/\/evertonfc.cz\/index.php\/2022\/10\/15\/preview-tottenham-hotspur-everton-11\/#breadcrumb\",\"itemListElement\":[{\"@type\":\"ListItem\",\"position\":1,\"name\":\"Home\",\"item\":\"https:\/\/evertonfc.cz\/\"},{\"@type\":\"ListItem\",\"position\":2,\"name\":\"Preview: Tottenham Hotspur \u2013 Everton\"}]},{\"@type\":\"WebSite\",\"@id\":\"https:\/\/evertonfc.cz\/#website\",\"url\":\"https:\/\/evertonfc.cz\/\",\"name\":\"Official Czech &amp; Slovak Everton Supporters&#039; Club\",\"description\":\"\",\"publisher\":{\"@id\":\"https:\/\/evertonfc.cz\/#organization\"},\"potentialAction\":[{\"@type\":\"SearchAction\",\"target\":{\"@type\":\"EntryPoint\",\"urlTemplate\":\"https:\/\/evertonfc.cz\/?s={search_term_string}\"},\"query-input\":{\"@type\":\"PropertyValueSpecification\",\"valueRequired\":true,\"valueName\":\"search_term_string\"}}],\"inLanguage\":\"cs\"},{\"@type\":\"Organization\",\"@id\":\"https:\/\/evertonfc.cz\/#organization\",\"name\":\"Official Czech & Slovak Everton Supporters' Club\",\"url\":\"https:\/\/evertonfc.cz\/\",\"logo\":{\"@type\":\"ImageObject\",\"inLanguage\":\"cs\",\"@id\":\"https:\/\/evertonfc.cz\/#\/schema\/logo\/image\/\",\"url\":\"https:\/\/evertonfc.cz\/wp-content\/uploads\/2019\/05\/logo.png\",\"contentUrl\":\"https:\/\/evertonfc.cz\/wp-content\/uploads\/2019\/05\/logo.png\",\"width\":112,\"height\":112,\"caption\":\"Official Czech & Slovak Everton Supporters' Club\"},\"image\":{\"@id\":\"https:\/\/evertonfc.cz\/#\/schema\/logo\/image\/\"},\"sameAs\":[\"https:\/\/www.facebook.com\/everton.fans.cz.sk\"]},{\"@type\":\"Person\",\"@id\":\"https:\/\/evertonfc.cz\/#\/schema\/person\/35904009755e8eaa0dc1a5f5f0419002\",\"name\":\"Fip\",\"url\":\"https:\/\/evertonfc.cz\/index.php\/author\/fip\/\"}]}<\/script>\n<!-- \/ Yoast SEO plugin. -->","yoast_head_json":{"title":"Preview: Tottenham Hotspur \u2013 Everton - Official Czech &amp; Slovak Everton Supporters&#039; Club","robots":{"index":"index","follow":"follow","max-snippet":"max-snippet:-1","max-image-preview":"max-image-preview:large","max-video-preview":"max-video-preview:-1"},"canonical":"https:\/\/evertonfc.cz\/index.php\/2022\/10\/15\/preview-tottenham-hotspur-everton-11\/","og_locale":"cs_CZ","og_type":"article","og_title":"Preview: Tottenham Hotspur \u2013 Everton - Official Czech &amp; Slovak Everton Supporters&#039; Club","og_description":"Podve\u010dern\u00ed z\u00e1pas si nese pro Evertonians jednu v\u00fdznamnou vedlej\u0161\u00ed linku. Minul\u00fd v\u00edkend se sice na\u0161e \u0161\u0148\u016fra p\u0159etrhla a Spurs maj\u00ed lano jako prase. Chv\u011bn\u00ed na kardiografu rozpohybuje i mil\u00e1\u010dek lo\u0148sk\u00e9 Gwladys Street.","og_url":"https:\/\/evertonfc.cz\/index.php\/2022\/10\/15\/preview-tottenham-hotspur-everton-11\/","og_site_name":"Official Czech &amp; Slovak Everton Supporters&#039; Club","article_publisher":"https:\/\/www.facebook.com\/everton.fans.cz.sk","article_published_time":"2022-10-15T12:53:59+00:00","article_modified_time":"2022-10-15T14:33:48+00:00","og_image":[{"width":720,"height":405,"url":"https:\/\/evertonfc.cz\/wp-content\/uploads\/2020\/09\/Tottenham-Hotspur-VS-Everton-12-9-2020.jpg","type":"image\/jpeg"}],"author":"Fip","twitter_card":"summary_large_image","twitter_misc":{"Napsal(a)":"Fip","Odhadovan\u00e1 doba \u010dten\u00ed":"4 minuty"},"schema":{"@context":"https:\/\/schema.org","@graph":[{"@type":"Article","@id":"https:\/\/evertonfc.cz\/index.php\/2022\/10\/15\/preview-tottenham-hotspur-everton-11\/#article","isPartOf":{"@id":"https:\/\/evertonfc.cz\/index.php\/2022\/10\/15\/preview-tottenham-hotspur-everton-11\/"},"author":{"name":"Fip","@id":"https:\/\/evertonfc.cz\/#\/schema\/person\/35904009755e8eaa0dc1a5f5f0419002"},"headline":"Preview: Tottenham Hotspur \u2013 Everton","datePublished":"2022-10-15T12:53:59+00:00","dateModified":"2022-10-15T14:33:48+00:00","mainEntityOfPage":{"@id":"https:\/\/evertonfc.cz\/index.php\/2022\/10\/15\/preview-tottenham-hotspur-everton-11\/"},"wordCount":857,"commentCount":7,"publisher":{"@id":"https:\/\/evertonfc.cz\/#organization"},"image":{"@id":"https:\/\/evertonfc.cz\/index.php\/2022\/10\/15\/preview-tottenham-hotspur-everton-11\/#primaryimage"},"thumbnailUrl":"https:\/\/evertonfc.cz\/wp-content\/uploads\/2020\/09\/Tottenham-Hotspur-VS-Everton-12-9-2020.jpg","articleSection":["Z\u00e1pasy"],"inLanguage":"cs","potentialAction":[{"@type":"CommentAction","name":"Comment","target":["https:\/\/evertonfc.cz\/index.php\/2022\/10\/15\/preview-tottenham-hotspur-everton-11\/#respond"]}]},{"@type":"WebPage","@id":"https:\/\/evertonfc.cz\/index.php\/2022\/10\/15\/preview-tottenham-hotspur-everton-11\/","url":"https:\/\/evertonfc.cz\/index.php\/2022\/10\/15\/preview-tottenham-hotspur-everton-11\/","name":"Preview: Tottenham Hotspur \u2013 Everton - Official Czech &amp; Slovak Everton Supporters&#039; Club","isPartOf":{"@id":"https:\/\/evertonfc.cz\/#website"},"primaryImageOfPage":{"@id":"https:\/\/evertonfc.cz\/index.php\/2022\/10\/15\/preview-tottenham-hotspur-everton-11\/#primaryimage"},"image":{"@id":"https:\/\/evertonfc.cz\/index.php\/2022\/10\/15\/preview-tottenham-hotspur-everton-11\/#primaryimage"},"thumbnailUrl":"https:\/\/evertonfc.cz\/wp-content\/uploads\/2020\/09\/Tottenham-Hotspur-VS-Everton-12-9-2020.jpg","datePublished":"2022-10-15T12:53:59+00:00","dateModified":"2022-10-15T14:33:48+00:00","breadcrumb":{"@id":"https:\/\/evertonfc.cz\/index.php\/2022\/10\/15\/preview-tottenham-hotspur-everton-11\/#breadcrumb"},"inLanguage":"cs","potentialAction":[{"@type":"ReadAction","target":["https:\/\/evertonfc.cz\/index.php\/2022\/10\/15\/preview-tottenham-hotspur-everton-11\/"]}]},{"@type":"ImageObject","inLanguage":"cs","@id":"https:\/\/evertonfc.cz\/index.php\/2022\/10\/15\/preview-tottenham-hotspur-everton-11\/#primaryimage","url":"https:\/\/evertonfc.cz\/wp-content\/uploads\/2020\/09\/Tottenham-Hotspur-VS-Everton-12-9-2020.jpg","contentUrl":"https:\/\/evertonfc.cz\/wp-content\/uploads\/2020\/09\/Tottenham-Hotspur-VS-Everton-12-9-2020.jpg","width":720,"height":405},{"@type":"BreadcrumbList","@id":"https:\/\/evertonfc.cz\/index.php\/2022\/10\/15\/preview-tottenham-hotspur-everton-11\/#breadcrumb","itemListElement":[{"@type":"ListItem","position":1,"name":"Home","item":"https:\/\/evertonfc.cz\/"},{"@type":"ListItem","position":2,"name":"Preview: Tottenham Hotspur \u2013 Everton"}]},{"@type":"WebSite","@id":"https:\/\/evertonfc.cz\/#website","url":"https:\/\/evertonfc.cz\/","name":"Official Czech &amp; Slovak Everton Supporters&#039; Club","description":"","publisher":{"@id":"https:\/\/evertonfc.cz\/#organization"},"potentialAction":[{"@type":"SearchAction","target":{"@type":"EntryPoint","urlTemplate":"https:\/\/evertonfc.cz\/?s={search_term_string}"},"query-input":{"@type":"PropertyValueSpecification","valueRequired":true,"valueName":"search_term_string"}}],"inLanguage":"cs"},{"@type":"Organization","@id":"https:\/\/evertonfc.cz\/#organization","name":"Official Czech & Slovak Everton Supporters' Club","url":"https:\/\/evertonfc.cz\/","logo":{"@type":"ImageObject","inLanguage":"cs","@id":"https:\/\/evertonfc.cz\/#\/schema\/logo\/image\/","url":"https:\/\/evertonfc.cz\/wp-content\/uploads\/2019\/05\/logo.png","contentUrl":"https:\/\/evertonfc.cz\/wp-content\/uploads\/2019\/05\/logo.png","width":112,"height":112,"caption":"Official Czech & Slovak Everton Supporters' Club"},"image":{"@id":"https:\/\/evertonfc.cz\/#\/schema\/logo\/image\/"},"sameAs":["https:\/\/www.facebook.com\/everton.fans.cz.sk"]},{"@type":"Person","@id":"https:\/\/evertonfc.cz\/#\/schema\/person\/35904009755e8eaa0dc1a5f5f0419002","name":"Fip","url":"https:\/\/evertonfc.cz\/index.php\/author\/fip\/"}]}},"_links":{"self":[{"href":"https:\/\/evertonfc.cz\/index.php\/wp-json\/wp\/v2\/posts\/20071"}],"collection":[{"href":"https:\/\/evertonfc.cz\/index.php\/wp-json\/wp\/v2\/posts"}],"about":[{"href":"https:\/\/evertonfc.cz\/index.php\/wp-json\/wp\/v2\/types\/post"}],"author":[{"embeddable":true,"href":"https:\/\/evertonfc.cz\/index.php\/wp-json\/wp\/v2\/users\/10"}],"replies":[{"embeddable":true,"href":"https:\/\/evertonfc.cz\/index.php\/wp-json\/wp\/v2\/comments?post=20071"}],"version-history":[{"count":6,"href":"https:\/\/evertonfc.cz\/index.php\/wp-json\/wp\/v2\/posts\/20071\/revisions"}],"predecessor-version":[{"id":20077,"href":"https:\/\/evertonfc.cz\/index.php\/wp-json\/wp\/v2\/posts\/20071\/revisions\/20077"}],"wp:featuredmedia":[{"embeddable":true,"href":"https:\/\/evertonfc.cz\/index.php\/wp-json\/wp\/v2\/media\/11937"}],"wp:attachment":[{"href":"https:\/\/evertonfc.cz\/index.php\/wp-json\/wp\/v2\/media?parent=20071"}],"wp:term":[{"taxonomy":"category","embeddable":true,"href":"https:\/\/evertonfc.cz\/index.php\/wp-json\/wp\/v2\/categories?post=20071"},{"taxonomy":"post_tag","embeddable":true,"href":"https:\/\/evertonfc.cz\/index.php\/wp-json\/wp\/v2\/tags?post=20071"}],"curies":[{"name":"wp","href":"https:\/\/api.w.org\/{rel}","templated":true}]}}