{"id":2009,"date":"2018-07-29T19:54:17","date_gmt":"2018-07-29T17:54:17","guid":{"rendered":"http:\/\/evertonfc.cz\/?p=2009"},"modified":"2019-01-31T19:55:13","modified_gmt":"2019-01-31T18:55:13","slug":"stade-rennais-everton-41","status":"publish","type":"post","link":"https:\/\/evertonfc.cz\/index.php\/2018\/07\/29\/stade-rennais-everton-41\/","title":{"rendered":"Stade Rennais &#8211; Everton 4:1"},"content":{"rendered":"\n<h4 class=\"wp-block-heading\">Chl\u00e1cholen\u00edm m\u00f4\u017eeme nazva\u0165 opakovan\u00e9 utvrdzovanie sa v\u00a0tom, \u017ee v\u00a0pr\u00edprave na v\u00fdsledkoch nez\u00e1le\u017e\u00ed. \u017diadne body, \u017eiadna tabu\u013eka, len poctiv\u00fdch 90 min\u00fat. Ale \u010do psychick\u00e1 kond\u00edcia?<\/h4>\n\n\n\n<p>Ja osobne sa na sez\u00f3nu 2004\/5 nepam\u00e4t\u00e1m, ani nem\u00f4\u017eem, pozn\u00e1m v\u0161ak fakty. Karamelky\u00a0 vtedy pod veden\u00edm ry\u0161av\u00e9ho \u0160k\u00f3ta prehrali v\u0161etky z\u00e1pasy letnej pr\u00edpravy. Ako by to nesta\u010dilo, predali Rooneyho do Manchesteru United a\u00a0nahradili ho Marcusom Bentom, ktor\u00fd v\u00a0kr\u00e1\u013eovskej modrej nas\u00fakal za dva roky iba 7 g\u00f3lov. Tak tomu vrav\u00edm adekv\u00e1tna n\u00e1hrada. Uh\u00e1dli by ste, ako skon\u010dil otv\u00e1rac\u00ed z\u00e1pas sez\u00f3ny? Spr\u00e1vne, Everton veru nevyhral. Pod\u013eahol vonku \u201ePost-Invincibles\u201c 1:4.<\/p>\n\n\n\n<p>Cel\u00fd tento \u00favod p\u00ed\u0161em preto, aby sme teda nestr\u00e1cali n\u00e1dej hne\u010f na za\u010diatku, vraj dlhej spolupr\u00e1ce. A&nbsp;to nep\u00ed\u0161em ironicky. Len\u017ee futbal je nevyspytate\u013en\u00fd, rovnako ako sez\u00f3na 04\/05. The Special One vtedy zobral ligov\u00fd titul \u0161mahom oligarchovej ruky a&nbsp;Moyes sa zahanbi\u0165 nedal tie\u017e, konkr\u00e9tne prekvapiv\u00fdm \u0161tvrt\u00fdm miestom, s&nbsp;miestenkou do Ligy Majstrov. Mravn\u00e9 ponau\u010denie &#8211; s\u00fa\u010f a\u017e na konci!<\/p>\n\n\n\n<p>Silva doprial min\u00faty prakticky najsilnej\u0161ej mo\u017enej zostave a&nbsp;t\u00e1 zaost\u00e1vala za svoj\u00edm pomenovan\u00edm. Cel\u00fd z\u00e1pas sa v&nbsp;podstate odv\u00edjal od s\u00fabojov v&nbsp;z\u00e1lohe, kde vznikalo a&nbsp;z\u00e1rove\u0148 zanikalo ve\u013emi ve\u013ea mo\u017enost\u00ed na z\u00e1bavu prizeraj\u00facich sa. Obidve mu\u017estv\u00e1 si nedopriali pokojn\u00fa rozohr\u00e1vku, \u010di\u017ee poh\u013eadn\u00fd futbal to rozhodne nebol. Prv\u00fd g\u00f3l padol pri \u00faniku po vystihnutej prihr\u00e1vke v&nbsp;\u00fato\u010dnej tretine. Dobr\u00e9 vystavenie do ofsajdu v\u0161ak negovalo nezakro\u010denie proti hr\u00e1\u010dovi s&nbsp;loptou, ktor\u00fd si tak po\u010dkal na pomoc z&nbsp;druhej vlny a&nbsp;mohol rozvin\u00fa\u0165 akciu do \u0161\u00edrky. Nevracaj\u00faci sa hr\u00e1\u010di, plus hypnotizuj\u00face sledovanie lopty tak viedlo k&nbsp;nezvratnej g\u00f3lovej situ\u00e1cii v&nbsp;odkrytej br\u00e1ne. Druh\u00fd g\u00f3l padol po Schneiderlinovej laxnej prihr\u00e1vke, vystihnutej s\u00faperom a&nbsp;pretavenej do \u00faspe\u0161n\u00e9ho zakon\u010denia v&nbsp;okol\u00ed mal\u00e9ho v\u00e1pna. \u010co robil Keane, respekt\u00edve nerobil, je ka\u017ed\u00e9mu jasn\u00e9. Aspo\u0148, \u017ee po akcii so Sigurdssonom zn\u00ed\u017eil debutov\u00fdm g\u00f3lom n\u00e1skok dom\u00e1cich Richarlison a&nbsp;do \u0161atn\u00ed sa mohlo od\u00eds\u0165 s&nbsp;prijate\u013en\u00fdm sk\u00f3re.<\/p>\n\n\n\n<figure class=\"wp-block-image\"><img decoding=\"async\" src=\"http:\/\/www.evertonfc.cz\/uploads\/images\/novinky\/2018\/07\/en-images-revivez-la-rencontre-rennes-everton-vitre_4.jpg\" alt=\"\"\/><\/figure>\n\n\n\n<p>Trojku po zmene str\u00e1n u\u0161tedrila \u010fal\u0161ia brejkov\u00e1 situ\u00e1cia po \u013eavej strane. Kto bol na vine? \u010c\u00edra r\u00fdchlos\u0165, alebo aspo\u0148 jej absencia v&nbsp;zadn\u00fdch radoch Evertonu, kedy jedin\u00fd hr\u00e1\u010d za pomoci nar\u00e1\u017ea\u010dky pre\u0161printoval troch obrancov v&nbsp;modrom a&nbsp;po\u013eahky zakon\u010dil. Nie v\u0161ak posledn\u00fd kr\u00e1t. Mysl\u00edm, \u017ee slovo fra\u0161ka, pou\u017eit\u00e9 na spr\u00e1vne pomenovanie hernej \u010dinnosti pri vlastne br\u00e1ne je adekv\u00e1tne. Straten\u00e1 lopta v&nbsp;strede po\u013ea, pre\u010d\u00edslen\u00edm oponenta podot\u00fdkam, viedla do op\u00e4tovn\u00e9ho \u00faniku a&nbsp;op\u00e4tovn\u00e9ho nest\u00edhania, ako fyzicky tak futbalovo. Stade Rennais 4 : Stekerlison 1.<\/p>\n\n\n\n<p><strong>G\u00f3ly:<\/strong>&nbsp;28\u00b4 Bourigeaud, 35&#8242; Siebatcheu, 45+1&#8242; Richarlison, 77&#8242; Maouassa, 79&#8242; Lea<\/p>\n\n\n\n<p><strong>Everton FC:<\/strong>&nbsp;Stekelenburg &#8211; Coleman, Jagielka, Keane, Baines; Schneiderlin, Sigurdsson, Gueye (75\u00b4 Davies), Sandro (75\u00b4 Mirallas), Tosun (75\u00b4 Niasse), Richarlison<\/p>\n","protected":false},"excerpt":{"rendered":"<p>Chl\u00e1cholen\u00edm m\u00f4\u017eeme nazva\u0165 opakovan\u00e9 utvrdzovanie sa v\u00a0tom, \u017ee v\u00a0pr\u00edprave na v\u00fdsledkoch nez\u00e1le\u017e\u00ed. \u017diadne body, \u017eiadna tabu\u013eka, len poctiv\u00fdch 90 min\u00fat.&hellip;<\/p>\n","protected":false},"author":1,"featured_media":1977,"comment_status":"open","ping_status":"closed","sticky":false,"template":"","format":"standard","meta":{"_eb_attr":"","_monsterinsights_skip_tracking":false,"_monsterinsights_sitenote_active":false,"_monsterinsights_sitenote_note":"","_monsterinsights_sitenote_category":0,"footnotes":""},"categories":[4],"tags":[],"yoast_head":"<!-- This site is optimized with the Yoast SEO plugin v23.4 - https:\/\/yoast.com\/wordpress\/plugins\/seo\/ -->\n<title>Stade Rennais - Everton 4:1 - Official Czech &amp; Slovak Everton Supporters&#039; Club<\/title>\n<meta name=\"robots\" content=\"index, follow, max-snippet:-1, max-image-preview:large, max-video-preview:-1\" \/>\n<link rel=\"canonical\" href=\"https:\/\/evertonfc.cz\/index.php\/2018\/07\/29\/stade-rennais-everton-41\/\" \/>\n<meta property=\"og:locale\" content=\"cs_CZ\" \/>\n<meta property=\"og:type\" content=\"article\" \/>\n<meta property=\"og:title\" content=\"Stade Rennais - Everton 4:1 - Official Czech &amp; Slovak Everton Supporters&#039; Club\" \/>\n<meta property=\"og:description\" content=\"Chl\u00e1cholen\u00edm m\u00f4\u017eeme nazva\u0165 opakovan\u00e9 utvrdzovanie sa v\u00a0tom, \u017ee v\u00a0pr\u00edprave na v\u00fdsledkoch nez\u00e1le\u017e\u00ed. \u017diadne body, \u017eiadna tabu\u013eka, len poctiv\u00fdch 90 min\u00fat.&hellip;\" \/>\n<meta property=\"og:url\" content=\"https:\/\/evertonfc.cz\/index.php\/2018\/07\/29\/stade-rennais-everton-41\/\" \/>\n<meta property=\"og:site_name\" content=\"Official Czech &amp; Slovak Everton Supporters&#039; Club\" \/>\n<meta property=\"article:publisher\" content=\"https:\/\/www.facebook.com\/everton.fans.cz.sk\" \/>\n<meta property=\"article:published_time\" content=\"2018-07-29T17:54:17+00:00\" \/>\n<meta property=\"article:modified_time\" content=\"2019-01-31T18:55:13+00:00\" \/>\n<meta property=\"og:image\" content=\"https:\/\/evertonfc.cz\/wp-content\/uploads\/2019\/01\/rennes_29_7_2018.jpg\" \/>\n\t<meta property=\"og:image:width\" content=\"720\" \/>\n\t<meta property=\"og:image:height\" content=\"405\" \/>\n\t<meta property=\"og:image:type\" content=\"image\/jpeg\" \/>\n<meta name=\"author\" content=\"BlueBlooded\" \/>\n<meta name=\"twitter:card\" content=\"summary_large_image\" \/>\n<meta name=\"twitter:label1\" content=\"Napsal(a)\" \/>\n\t<meta name=\"twitter:data1\" content=\"BlueBlooded\" \/>\n\t<meta name=\"twitter:label2\" content=\"Odhadovan\u00e1 doba \u010dten\u00ed\" \/>\n\t<meta name=\"twitter:data2\" content=\"3 minuty\" \/>\n<script type=\"application\/ld+json\" class=\"yoast-schema-graph\">{\"@context\":\"https:\/\/schema.org\",\"@graph\":[{\"@type\":\"Article\",\"@id\":\"https:\/\/evertonfc.cz\/index.php\/2018\/07\/29\/stade-rennais-everton-41\/#article\",\"isPartOf\":{\"@id\":\"https:\/\/evertonfc.cz\/index.php\/2018\/07\/29\/stade-rennais-everton-41\/\"},\"author\":{\"name\":\"BlueBlooded\",\"@id\":\"https:\/\/evertonfc.cz\/#\/schema\/person\/d4493b8cbea51532597fbc4685698916\"},\"headline\":\"Stade Rennais &#8211; Everton 4:1\",\"datePublished\":\"2018-07-29T17:54:17+00:00\",\"dateModified\":\"2019-01-31T18:55:13+00:00\",\"mainEntityOfPage\":{\"@id\":\"https:\/\/evertonfc.cz\/index.php\/2018\/07\/29\/stade-rennais-everton-41\/\"},\"wordCount\":564,\"commentCount\":0,\"publisher\":{\"@id\":\"https:\/\/evertonfc.cz\/#organization\"},\"image\":{\"@id\":\"https:\/\/evertonfc.cz\/index.php\/2018\/07\/29\/stade-rennais-everton-41\/#primaryimage\"},\"thumbnailUrl\":\"https:\/\/evertonfc.cz\/wp-content\/uploads\/2019\/01\/rennes_29_7_2018.jpg\",\"articleSection\":[\"Z\u00e1pasy\"],\"inLanguage\":\"cs\",\"potentialAction\":[{\"@type\":\"CommentAction\",\"name\":\"Comment\",\"target\":[\"https:\/\/evertonfc.cz\/index.php\/2018\/07\/29\/stade-rennais-everton-41\/#respond\"]}]},{\"@type\":\"WebPage\",\"@id\":\"https:\/\/evertonfc.cz\/index.php\/2018\/07\/29\/stade-rennais-everton-41\/\",\"url\":\"https:\/\/evertonfc.cz\/index.php\/2018\/07\/29\/stade-rennais-everton-41\/\",\"name\":\"Stade Rennais - Everton 4:1 - Official Czech &amp; Slovak Everton Supporters&#039; Club\",\"isPartOf\":{\"@id\":\"https:\/\/evertonfc.cz\/#website\"},\"primaryImageOfPage\":{\"@id\":\"https:\/\/evertonfc.cz\/index.php\/2018\/07\/29\/stade-rennais-everton-41\/#primaryimage\"},\"image\":{\"@id\":\"https:\/\/evertonfc.cz\/index.php\/2018\/07\/29\/stade-rennais-everton-41\/#primaryimage\"},\"thumbnailUrl\":\"https:\/\/evertonfc.cz\/wp-content\/uploads\/2019\/01\/rennes_29_7_2018.jpg\",\"datePublished\":\"2018-07-29T17:54:17+00:00\",\"dateModified\":\"2019-01-31T18:55:13+00:00\",\"breadcrumb\":{\"@id\":\"https:\/\/evertonfc.cz\/index.php\/2018\/07\/29\/stade-rennais-everton-41\/#breadcrumb\"},\"inLanguage\":\"cs\",\"potentialAction\":[{\"@type\":\"ReadAction\",\"target\":[\"https:\/\/evertonfc.cz\/index.php\/2018\/07\/29\/stade-rennais-everton-41\/\"]}]},{\"@type\":\"ImageObject\",\"inLanguage\":\"cs\",\"@id\":\"https:\/\/evertonfc.cz\/index.php\/2018\/07\/29\/stade-rennais-everton-41\/#primaryimage\",\"url\":\"https:\/\/evertonfc.cz\/wp-content\/uploads\/2019\/01\/rennes_29_7_2018.jpg\",\"contentUrl\":\"https:\/\/evertonfc.cz\/wp-content\/uploads\/2019\/01\/rennes_29_7_2018.jpg\",\"width\":720,\"height\":405},{\"@type\":\"BreadcrumbList\",\"@id\":\"https:\/\/evertonfc.cz\/index.php\/2018\/07\/29\/stade-rennais-everton-41\/#breadcrumb\",\"itemListElement\":[{\"@type\":\"ListItem\",\"position\":1,\"name\":\"Home\",\"item\":\"https:\/\/evertonfc.cz\/\"},{\"@type\":\"ListItem\",\"position\":2,\"name\":\"Stade Rennais &#8211; Everton 4:1\"}]},{\"@type\":\"WebSite\",\"@id\":\"https:\/\/evertonfc.cz\/#website\",\"url\":\"https:\/\/evertonfc.cz\/\",\"name\":\"Official Czech &amp; Slovak Everton Supporters&#039; Club\",\"description\":\"\",\"publisher\":{\"@id\":\"https:\/\/evertonfc.cz\/#organization\"},\"potentialAction\":[{\"@type\":\"SearchAction\",\"target\":{\"@type\":\"EntryPoint\",\"urlTemplate\":\"https:\/\/evertonfc.cz\/?s={search_term_string}\"},\"query-input\":{\"@type\":\"PropertyValueSpecification\",\"valueRequired\":true,\"valueName\":\"search_term_string\"}}],\"inLanguage\":\"cs\"},{\"@type\":\"Organization\",\"@id\":\"https:\/\/evertonfc.cz\/#organization\",\"name\":\"Official Czech & Slovak Everton Supporters' Club\",\"url\":\"https:\/\/evertonfc.cz\/\",\"logo\":{\"@type\":\"ImageObject\",\"inLanguage\":\"cs\",\"@id\":\"https:\/\/evertonfc.cz\/#\/schema\/logo\/image\/\",\"url\":\"https:\/\/evertonfc.cz\/wp-content\/uploads\/2019\/05\/logo.png\",\"contentUrl\":\"https:\/\/evertonfc.cz\/wp-content\/uploads\/2019\/05\/logo.png\",\"width\":112,\"height\":112,\"caption\":\"Official Czech & Slovak Everton Supporters' Club\"},\"image\":{\"@id\":\"https:\/\/evertonfc.cz\/#\/schema\/logo\/image\/\"},\"sameAs\":[\"https:\/\/www.facebook.com\/everton.fans.cz.sk\"]},{\"@type\":\"Person\",\"@id\":\"https:\/\/evertonfc.cz\/#\/schema\/person\/d4493b8cbea51532597fbc4685698916\",\"name\":\"BlueBlooded\",\"url\":\"https:\/\/evertonfc.cz\/index.php\/author\/admin\/\"}]}<\/script>\n<!-- \/ Yoast SEO plugin. -->","yoast_head_json":{"title":"Stade Rennais - Everton 4:1 - Official Czech &amp; Slovak Everton Supporters&#039; Club","robots":{"index":"index","follow":"follow","max-snippet":"max-snippet:-1","max-image-preview":"max-image-preview:large","max-video-preview":"max-video-preview:-1"},"canonical":"https:\/\/evertonfc.cz\/index.php\/2018\/07\/29\/stade-rennais-everton-41\/","og_locale":"cs_CZ","og_type":"article","og_title":"Stade Rennais - Everton 4:1 - Official Czech &amp; Slovak Everton Supporters&#039; Club","og_description":"Chl\u00e1cholen\u00edm m\u00f4\u017eeme nazva\u0165 opakovan\u00e9 utvrdzovanie sa v\u00a0tom, \u017ee v\u00a0pr\u00edprave na v\u00fdsledkoch nez\u00e1le\u017e\u00ed. \u017diadne body, \u017eiadna tabu\u013eka, len poctiv\u00fdch 90 min\u00fat.&hellip;","og_url":"https:\/\/evertonfc.cz\/index.php\/2018\/07\/29\/stade-rennais-everton-41\/","og_site_name":"Official Czech &amp; Slovak Everton Supporters&#039; Club","article_publisher":"https:\/\/www.facebook.com\/everton.fans.cz.sk","article_published_time":"2018-07-29T17:54:17+00:00","article_modified_time":"2019-01-31T18:55:13+00:00","og_image":[{"width":720,"height":405,"url":"https:\/\/evertonfc.cz\/wp-content\/uploads\/2019\/01\/rennes_29_7_2018.jpg","type":"image\/jpeg"}],"author":"BlueBlooded","twitter_card":"summary_large_image","twitter_misc":{"Napsal(a)":"BlueBlooded","Odhadovan\u00e1 doba \u010dten\u00ed":"3 minuty"},"schema":{"@context":"https:\/\/schema.org","@graph":[{"@type":"Article","@id":"https:\/\/evertonfc.cz\/index.php\/2018\/07\/29\/stade-rennais-everton-41\/#article","isPartOf":{"@id":"https:\/\/evertonfc.cz\/index.php\/2018\/07\/29\/stade-rennais-everton-41\/"},"author":{"name":"BlueBlooded","@id":"https:\/\/evertonfc.cz\/#\/schema\/person\/d4493b8cbea51532597fbc4685698916"},"headline":"Stade Rennais &#8211; Everton 4:1","datePublished":"2018-07-29T17:54:17+00:00","dateModified":"2019-01-31T18:55:13+00:00","mainEntityOfPage":{"@id":"https:\/\/evertonfc.cz\/index.php\/2018\/07\/29\/stade-rennais-everton-41\/"},"wordCount":564,"commentCount":0,"publisher":{"@id":"https:\/\/evertonfc.cz\/#organization"},"image":{"@id":"https:\/\/evertonfc.cz\/index.php\/2018\/07\/29\/stade-rennais-everton-41\/#primaryimage"},"thumbnailUrl":"https:\/\/evertonfc.cz\/wp-content\/uploads\/2019\/01\/rennes_29_7_2018.jpg","articleSection":["Z\u00e1pasy"],"inLanguage":"cs","potentialAction":[{"@type":"CommentAction","name":"Comment","target":["https:\/\/evertonfc.cz\/index.php\/2018\/07\/29\/stade-rennais-everton-41\/#respond"]}]},{"@type":"WebPage","@id":"https:\/\/evertonfc.cz\/index.php\/2018\/07\/29\/stade-rennais-everton-41\/","url":"https:\/\/evertonfc.cz\/index.php\/2018\/07\/29\/stade-rennais-everton-41\/","name":"Stade Rennais - Everton 4:1 - Official Czech &amp; Slovak Everton Supporters&#039; Club","isPartOf":{"@id":"https:\/\/evertonfc.cz\/#website"},"primaryImageOfPage":{"@id":"https:\/\/evertonfc.cz\/index.php\/2018\/07\/29\/stade-rennais-everton-41\/#primaryimage"},"image":{"@id":"https:\/\/evertonfc.cz\/index.php\/2018\/07\/29\/stade-rennais-everton-41\/#primaryimage"},"thumbnailUrl":"https:\/\/evertonfc.cz\/wp-content\/uploads\/2019\/01\/rennes_29_7_2018.jpg","datePublished":"2018-07-29T17:54:17+00:00","dateModified":"2019-01-31T18:55:13+00:00","breadcrumb":{"@id":"https:\/\/evertonfc.cz\/index.php\/2018\/07\/29\/stade-rennais-everton-41\/#breadcrumb"},"inLanguage":"cs","potentialAction":[{"@type":"ReadAction","target":["https:\/\/evertonfc.cz\/index.php\/2018\/07\/29\/stade-rennais-everton-41\/"]}]},{"@type":"ImageObject","inLanguage":"cs","@id":"https:\/\/evertonfc.cz\/index.php\/2018\/07\/29\/stade-rennais-everton-41\/#primaryimage","url":"https:\/\/evertonfc.cz\/wp-content\/uploads\/2019\/01\/rennes_29_7_2018.jpg","contentUrl":"https:\/\/evertonfc.cz\/wp-content\/uploads\/2019\/01\/rennes_29_7_2018.jpg","width":720,"height":405},{"@type":"BreadcrumbList","@id":"https:\/\/evertonfc.cz\/index.php\/2018\/07\/29\/stade-rennais-everton-41\/#breadcrumb","itemListElement":[{"@type":"ListItem","position":1,"name":"Home","item":"https:\/\/evertonfc.cz\/"},{"@type":"ListItem","position":2,"name":"Stade Rennais &#8211; Everton 4:1"}]},{"@type":"WebSite","@id":"https:\/\/evertonfc.cz\/#website","url":"https:\/\/evertonfc.cz\/","name":"Official Czech &amp; Slovak Everton Supporters&#039; Club","description":"","publisher":{"@id":"https:\/\/evertonfc.cz\/#organization"},"potentialAction":[{"@type":"SearchAction","target":{"@type":"EntryPoint","urlTemplate":"https:\/\/evertonfc.cz\/?s={search_term_string}"},"query-input":{"@type":"PropertyValueSpecification","valueRequired":true,"valueName":"search_term_string"}}],"inLanguage":"cs"},{"@type":"Organization","@id":"https:\/\/evertonfc.cz\/#organization","name":"Official Czech & Slovak Everton Supporters' Club","url":"https:\/\/evertonfc.cz\/","logo":{"@type":"ImageObject","inLanguage":"cs","@id":"https:\/\/evertonfc.cz\/#\/schema\/logo\/image\/","url":"https:\/\/evertonfc.cz\/wp-content\/uploads\/2019\/05\/logo.png","contentUrl":"https:\/\/evertonfc.cz\/wp-content\/uploads\/2019\/05\/logo.png","width":112,"height":112,"caption":"Official Czech & Slovak Everton Supporters' Club"},"image":{"@id":"https:\/\/evertonfc.cz\/#\/schema\/logo\/image\/"},"sameAs":["https:\/\/www.facebook.com\/everton.fans.cz.sk"]},{"@type":"Person","@id":"https:\/\/evertonfc.cz\/#\/schema\/person\/d4493b8cbea51532597fbc4685698916","name":"BlueBlooded","url":"https:\/\/evertonfc.cz\/index.php\/author\/admin\/"}]}},"_links":{"self":[{"href":"https:\/\/evertonfc.cz\/index.php\/wp-json\/wp\/v2\/posts\/2009"}],"collection":[{"href":"https:\/\/evertonfc.cz\/index.php\/wp-json\/wp\/v2\/posts"}],"about":[{"href":"https:\/\/evertonfc.cz\/index.php\/wp-json\/wp\/v2\/types\/post"}],"author":[{"embeddable":true,"href":"https:\/\/evertonfc.cz\/index.php\/wp-json\/wp\/v2\/users\/1"}],"replies":[{"embeddable":true,"href":"https:\/\/evertonfc.cz\/index.php\/wp-json\/wp\/v2\/comments?post=2009"}],"version-history":[{"count":1,"href":"https:\/\/evertonfc.cz\/index.php\/wp-json\/wp\/v2\/posts\/2009\/revisions"}],"predecessor-version":[{"id":2010,"href":"https:\/\/evertonfc.cz\/index.php\/wp-json\/wp\/v2\/posts\/2009\/revisions\/2010"}],"wp:featuredmedia":[{"embeddable":true,"href":"https:\/\/evertonfc.cz\/index.php\/wp-json\/wp\/v2\/media\/1977"}],"wp:attachment":[{"href":"https:\/\/evertonfc.cz\/index.php\/wp-json\/wp\/v2\/media?parent=2009"}],"wp:term":[{"taxonomy":"category","embeddable":true,"href":"https:\/\/evertonfc.cz\/index.php\/wp-json\/wp\/v2\/categories?post=2009"},{"taxonomy":"post_tag","embeddable":true,"href":"https:\/\/evertonfc.cz\/index.php\/wp-json\/wp\/v2\/tags?post=2009"}],"curies":[{"name":"wp","href":"https:\/\/api.w.org\/{rel}","templated":true}]}}