{"id":20095,"date":"2022-10-18T21:12:21","date_gmt":"2022-10-18T19:12:21","guid":{"rendered":"https:\/\/evertonfc.cz\/?p=20095"},"modified":"2022-10-19T10:43:39","modified_gmt":"2022-10-19T08:43:39","slug":"everton-w-chelsea-w-13","status":"publish","type":"post","link":"https:\/\/evertonfc.cz\/index.php\/2022\/10\/18\/everton-w-chelsea-w-13\/","title":{"rendered":"Everton W &#8211; Chelsea W 1:3"},"content":{"rendered":"<h4>\u00da\u0159aduj\u00edc\u00ed mistryn\u011b WSL dorazily v ned\u011bli na Walton Hall Park. P\u0159ekvapen\u00ed se nekonalo, po slu\u0161n\u00e9m v\u00fdkonu jsme podlehli 1:3.<\/h4>\n<p>Vyprodan\u00fd Walton Hall (2200 m\u00edst, 500 sed\u00edc\u00edch) a sir\u00e9na Z-Cars\u00a0 p\u0159iv\u00edtaly Lond\u00fd\u0148anky jak se na Merseyside slu\u0161\u00ed a pat\u0159\u00ed. Chelsea dorazila bez sv\u00e9 ji\u017e dnes legend\u00e1rn\u00ed mana\u017eerky Emmy Hayes, kter\u00e1 se zotavuje po akutn\u00ed operaci d\u011blohy pro endometri\u00f3zu. P\u011bkn\u00fdm gestem bylo triko s n\u00e1pisem &#8222;Get Well Soon, Emma&#8220;, kter\u00e9 si tento v\u00edkend obl\u00e9kly p\u0159i p\u0159edz\u00e1pasov\u00fdm\u00a0 rozcvi\u010den\u00ed nejen hr\u00e1\u010dky, ale i hr\u00e1\u010di prvn\u00edho t\u00fdmu. Zdravotn\u00ed pot\u00ed\u017ee karamel se na\u0161t\u011bst\u00ed omezily na absenci Katji Snoeijs pro drobn\u00e9 zran\u011bn\u00ed z reprezenta\u010dn\u00ed p\u0159est\u00e1vky. K dispozici naopak premi\u00e9rov\u011b byla Clare Wheeler.<\/p>\n<h4>Ne betonov\u00e9 lobby!<\/h4>\n<p>Kdo \u010dekal (jako autor t\u011bchto \u0159\u00e1dek, nap\u0159\u00edklad) taktiku zalo\u017eenou na pre\u0161ovsk\u00e9m betonu, resp. zaparkovan\u00e9m autobusu se sporadick\u00fdmi proti\u00fatoky, tak ten se \u0159\u00e1dn\u011b spletl. Od za\u010d\u00e1tku jsme se netajili snahou hr\u00e1t s lond\u00fdnsk\u00fdmi Blues fotbal jako modr\u00fd s modr\u00fdm. A je t\u0159eba \u0159\u00edci, \u017ee podstatnou \u010d\u00e1st z\u00e1pasu se n\u00e1m to i celkem da\u0159ilo. Nebylo n\u00e1hodou, \u017ee to byla branka Chelsea, nad kterou zah\u0159m\u011blo u\u017e ve t\u0159et\u00ed minut\u011b, kdy se do m\u00ed\u010de op\u0159ela Graham. Jej\u00ed st\u0159ela byla bohu\u017eel mimo a podobn\u011b se vedlo i dor\u00e1\u017ece Bennison. Za Lond\u00fdn odpov\u011bd\u011bla Harder, Brosnan v\u0161ak \u00fa\u010dinn\u011b zas\u00e1hla. Poprv\u00e9 se m\u00ed\u010d v s\u00edti zat\u0159epetal ve 13. minut\u011b po st\u0159ele Kerr, na\u0161t\u011bst\u00ed v\u0161ak pro ofsajd nebyl g\u00f3l uzn\u00e1n. Chelsea m\u011bla nad\u00e1le v\u00edce akc\u00ed, kter\u00e9 zav\u00e1n\u011bly g\u00f3lem, na\u0161e st\u0159ely pokud ne\u0161ly vedle byly obvykle v\u010das zastaven\u00e9 v\u00fdborn\u011b pracuj\u00edc\u00ed obranou hostek. Ale nevzd\u00e1vali jsme se. \u017del n\u00e1m to nebylo mnoho platn\u00e9. Ve 37. minut\u011b po zav\u00e1h\u00e1n\u00ed Graham naserv\u00edrovala Reiten m\u00ed\u010d do v\u00e1pna nejdra\u017e\u0161\u00ed hr\u00e1\u010dce sou\u010dasn\u00e9ho fotbalu. A Pernille Harder se hlavou nem\u00fdlila &#8211; <strong>0:1<\/strong>.<\/p>\n<h4>Nad\u011bje \u017eije&#8230;<\/h4>\n<p>Na rozd\u00edl od mnoha z\u00e1pas\u016f lo\u0148sk\u00e9 sez\u00f3ny jsme po g\u00f3lu neupadli do pasivity a beznad\u011bje. George a Sevecke zkusily velmi rychle odpov\u011bd\u011bt, ob\u011b st\u0159ely v\u0161ak byly zblokovan\u00e9. T\u011bsn\u011b po p\u0159est\u00e1vce je\u0161t\u011b \u010derstv\u011b dvacetilet\u00e1 Bennison zkusila marn\u011b prost\u0159elit obrannou hradbu Chelsea. Nicm\u00e9n\u011b v 53. minut\u011b p\u0159i\u0161la odm\u011bna za snahu: Hlavi\u010dku Finnigan usm\u011brnila do branky Geroge, kter\u00e9 je\u0161t\u011b pomohla te\u010d Buchanan &#8211; <strong>1:1.<\/strong><\/p>\n<h4>&#8230; i kdy\u017e n\u011bkdy marn\u00e1 b\u00fdv\u00e1<\/h4>\n<p>Radost z vyrovn\u00e1n\u00ed v\u0161ak vydr\u017eela jen do 59. minuty, kdy se ve v\u00e1pn\u011b vrhla pod nohy Reiten na\u0161e brank\u00e1\u0159ka. Zda do\u0161lo ke kontaktu nebo ne t\u011b\u017eko \u0159\u00edct. Norsk\u00e1 obr\u00e1nkyn\u011b \u0161la v ka\u017ed\u00e9m p\u0159\u00edpad\u011b\u00a0 velmi ochotn\u011b k zemi a rozhod\u010d\u00ed nekompromisn\u011b indikovala penaltu. K t\u00e9 se postavila Harder a bez probl\u00e9m\u016f vla\u017enou st\u0159elou po zemi usp\u011bla &#8211; <strong>1:2<\/strong>. Karamely v\u0161ak z\u016fstaly nezlomeny a Bennison se pokusila op\u011bt o vyrov\u00e1n\u00ed, bohu\u017eel m\u00ed\u0159ila zna\u010dn\u011b nep\u0159esn\u011b.\u00a0 St\u0159\u00edd\u00e1n\u00ed s p\u0159\u00edchodem Christiansen a Gio\u00a0 m\u011blo vl\u00edt \u010derstvou energii do na\u0161eho v\u00fdkonu a p\u0159in\u00e9st vyrovn\u00e1n\u00ed, ale postupem \u010dasu bylo vid\u011bt, \u017ee kvalita v technice je p\u0159ece jen na stran\u011b lond\u00fdnsk\u00e9ho \u017eenstva. Rychl\u00fdmi kombinacemi na jeden dotek dok\u00e1zaly pronikat na\u0161\u00ed obranou snadn\u011bji, ne\u017e n\u00e1m bylo mil\u00e9. Sk\u00f3re p\u0159esto z\u016fst\u00e1valo nezm\u011bn\u011bn\u00e9. A\u017e 95. minuta p\u0159inesla akci Charles, kter\u00e1 se dok\u00e1zala prosadit p\u0159es trojici na\u0161ich obr\u00e1nky\u0148\u00a0 a prost\u0159elit Brosnan &#8211; <strong>1:3<\/strong>. Na tento \u00fader se n\u00e1m ji\u017e odpov\u011b\u010f nal\u00e9zt nepoda\u0159ilo a z\u00e1pas skon\u010dil na\u0161\u00ed druhou leto\u0161n\u00ed prohrou.<\/p>\n<h4>M\u00edrn\u00fd optimizmus si je mo\u017en\u00e9 dovolit<\/h4>\n<p>A\u010d pora\u017eeny, p\u0159esto na\u0161e hr\u00e1\u010dky odvedly velmi slu\u0161n\u00fd t\u00fdmov\u00fd v\u00fdkon.\u00a0 \u017denstvo se zjevn\u011b sehr\u00e1v\u00e1 a zd\u00e1 se i psychicky odoln\u011bj\u0161\u00ed, ne\u017e minulou sez\u00f3nu. Pokud podobnou odolnost a bojovnost p\u0159edvedeme i proti jin\u00fdm soupe\u0159\u016fm ne\u017e jsou zrovna \u00fa\u0159aduj\u00edc\u00ed mistryn\u011b, m\u016f\u017eeme mysl\u00edm na n\u011bjak\u00e9 slu\u0161n\u00e9 v\u00fdsledky pom\u00fd\u0161let. Ozkou\u0161et bychom si to mohli ji\u017e tuto sobotu, kdy se ve 13:30 vyd\u00e1me do Midlands sehr\u00e1t utk\u00e1n\u00ed s Aston Villou. Utk\u00e1n\u00ed bude o to zaj\u00edmav\u011bj\u0161\u00ed, \u017ee Villans maj\u00ed ve sv\u00e9m k\u00e1dru p\u011bt ned\u00e1vn\u00fdch evertonsk\u00fdch hr\u00e1\u010dek. Doufejme, \u017ee jim to nebude nic platn\u00e9. <strong><span style=\"color: #0000ff;\">Come on you blue girls!<\/span><\/strong><\/p>\n<p style=\"text-align: right;\"><span style=\"font-size: 8pt;\"><em>Fotografie: Pernille Harder prom\u011b\u0148uje penaltu. Zdroj: The Guardian<\/em><\/span><\/p>\n<p><strong>Dr\u017een\u00ed m\u00ed\u010de: <\/strong>50% : 50%<strong> St\u0159ely: <\/strong>10:22, na br\u00e1nu 1:8<\/p>\n<p><strong>Branky:<\/strong> Buchanan (vlastn\u00ed, 53\u00b4) &#8211; Harder (37\u00b4, pen. 58\u00b4), Charles (90+5\u00b4)<\/p>\n<p><strong>Everton (3-4-3):<\/strong> Brosnan; Finnigan, Sevecke, Veje; Graham, Bj\u00f6rn (Galli 64\u00b4), Holmgaard (Wheeler 64\u00b4), George (Maier 80\u00b4); Park, Bennison (Gio 80\u00b4), Stenevik (Christiansen 70\u00b4)<\/p>\n<p><strong>Chelsea (3-4-1-2):<\/strong> Berger; Bright, Buchanan, Eriksson; <span class=\"sp-c-lineup-pitch__player\" data-reactid=\".1poajto5pei.0.0.0.1.$include-1.0.0.1:$panel-0.$0.0.0.1.2.0.0.1:$away-formation-row-2.$away-player-0\"><span class=\"sp-c-lineup-pitch__player__name gs-u-display-block@xs \" data-reactid=\".1poajto5pei.0.0.0.1.$include-1.0.0.1:$panel-0.$0.0.0.1.2.0.0.1:$away-formation-row-2.$away-player-0.1\">P\u00e9risset, <\/span><\/span><span class=\"sp-c-lineup-pitch__player\" data-reactid=\".1poajto5pei.0.0.0.1.$include-1.0.0.1:$panel-0.$0.0.0.1.2.0.0.1:$away-formation-row-2.$away-player-1\"><span class=\"sp-c-lineup-pitch__player__name gs-u-display-block@xs \" data-reactid=\".1poajto5pei.0.0.0.1.$include-1.0.0.1:$panel-0.$0.0.0.1.2.0.0.1:$away-formation-row-2.$away-player-1.1\">Cuthbert, <\/span><\/span><span class=\"sp-c-lineup-pitch__player\" data-reactid=\".1poajto5pei.0.0.0.1.$include-1.0.0.1:$panel-0.$0.0.0.1.2.0.0.1:$away-formation-row-2.$away-player-2\"><span class=\"sp-c-lineup-pitch__player__name gs-u-display-block@xs \" data-reactid=\".1poajto5pei.0.0.0.1.$include-1.0.0.1:$panel-0.$0.0.0.1.2.0.0.1:$away-formation-row-2.$away-player-2.1\">Fleming, <\/span><\/span><span class=\"sp-c-lineup-pitch__player\" data-reactid=\".1poajto5pei.0.0.0.1.$include-1.0.0.1:$panel-0.$0.0.0.1.2.0.0.1:$away-formation-row-2.$away-player-3\"><span class=\"sp-c-lineup-pitch__player__name gs-u-display-block@xs \" data-reactid=\".1poajto5pei.0.0.0.1.$include-1.0.0.1:$panel-0.$0.0.0.1.2.0.0.1:$away-formation-row-2.$away-player-3.1\">Reiten (Charles 77\u00b4); Harder (Rytting- Kaneryd 61\u00b4); James (Ingle 87\u00b4), Kerr (England 77\u00b4)<\/span><\/span><\/p>\n<p><strong>Rozhod\u010d\u00ed:<\/strong> Lauren Impey<\/p>\n<p><iframe loading=\"lazy\" title=\"Everton vs Chelsea 1-3 | Highlights | FA WSL Women&#039;s Super League 16-10-2022\" width=\"1140\" height=\"641\" src=\"https:\/\/www.youtube.com\/embed\/SOya_IgAsII?feature=oembed\" frameborder=\"0\" allow=\"accelerometer; autoplay; clipboard-write; encrypted-media; gyroscope; picture-in-picture\" allowfullscreen><\/iframe><\/p>\n","protected":false},"excerpt":{"rendered":"<p>\u00da\u0159aduj\u00edc\u00ed mistryn\u011b WSL dorazily v ned\u011bli na Walton Hall Park. P\u0159ekvapen\u00ed se nekonalo, po slu\u0161n\u00e9m v\u00fdkonu jsme podlehli 1:3.<\/p>\n","protected":false},"author":26,"featured_media":20104,"comment_status":"open","ping_status":"closed","sticky":false,"template":"","format":"standard","meta":{"_eb_attr":"","_monsterinsights_skip_tracking":false,"_monsterinsights_sitenote_active":false,"_monsterinsights_sitenote_note":"","_monsterinsights_sitenote_category":0,"footnotes":""},"categories":[110],"tags":[],"yoast_head":"<!-- This site is optimized with the Yoast SEO plugin v23.4 - https:\/\/yoast.com\/wordpress\/plugins\/seo\/ -->\n<title>Everton W - Chelsea W 1:3 - Official Czech &amp; Slovak Everton Supporters&#039; Club<\/title>\n<meta name=\"robots\" content=\"index, follow, max-snippet:-1, max-image-preview:large, max-video-preview:-1\" \/>\n<link rel=\"canonical\" href=\"https:\/\/evertonfc.cz\/index.php\/2022\/10\/18\/everton-w-chelsea-w-13\/\" \/>\n<meta property=\"og:locale\" content=\"cs_CZ\" \/>\n<meta property=\"og:type\" content=\"article\" \/>\n<meta property=\"og:title\" content=\"Everton W - Chelsea W 1:3 - Official Czech &amp; Slovak Everton Supporters&#039; Club\" \/>\n<meta property=\"og:description\" content=\"\u00da\u0159aduj\u00edc\u00ed mistryn\u011b WSL dorazily v ned\u011bli na Walton Hall Park. P\u0159ekvapen\u00ed se nekonalo, po slu\u0161n\u00e9m v\u00fdkonu jsme podlehli 1:3.\" \/>\n<meta property=\"og:url\" content=\"https:\/\/evertonfc.cz\/index.php\/2022\/10\/18\/everton-w-chelsea-w-13\/\" \/>\n<meta property=\"og:site_name\" content=\"Official Czech &amp; Slovak Everton Supporters&#039; Club\" \/>\n<meta property=\"article:publisher\" content=\"https:\/\/www.facebook.com\/everton.fans.cz.sk\" \/>\n<meta property=\"article:published_time\" content=\"2022-10-18T19:12:21+00:00\" \/>\n<meta property=\"article:modified_time\" content=\"2022-10-19T08:43:39+00:00\" \/>\n<meta property=\"og:image\" content=\"https:\/\/evertonfc.cz\/wp-content\/uploads\/2022\/10\/Harder-vs-Everton-16_10_22_web.jpg\" \/>\n\t<meta property=\"og:image:width\" content=\"720\" \/>\n\t<meta property=\"og:image:height\" content=\"405\" \/>\n\t<meta property=\"og:image:type\" content=\"image\/jpeg\" \/>\n<meta name=\"author\" content=\"Karamela\" \/>\n<meta name=\"twitter:card\" content=\"summary_large_image\" \/>\n<meta name=\"twitter:label1\" content=\"Napsal(a)\" \/>\n\t<meta name=\"twitter:data1\" content=\"Karamela\" \/>\n\t<meta name=\"twitter:label2\" content=\"Odhadovan\u00e1 doba \u010dten\u00ed\" \/>\n\t<meta name=\"twitter:data2\" content=\"4 minuty\" \/>\n<script type=\"application\/ld+json\" class=\"yoast-schema-graph\">{\"@context\":\"https:\/\/schema.org\",\"@graph\":[{\"@type\":\"Article\",\"@id\":\"https:\/\/evertonfc.cz\/index.php\/2022\/10\/18\/everton-w-chelsea-w-13\/#article\",\"isPartOf\":{\"@id\":\"https:\/\/evertonfc.cz\/index.php\/2022\/10\/18\/everton-w-chelsea-w-13\/\"},\"author\":{\"name\":\"Karamela\",\"@id\":\"https:\/\/evertonfc.cz\/#\/schema\/person\/e9a24a80a32efa1344dd2c4e5882185c\"},\"headline\":\"Everton W &#8211; Chelsea W 1:3\",\"datePublished\":\"2022-10-18T19:12:21+00:00\",\"dateModified\":\"2022-10-19T08:43:39+00:00\",\"mainEntityOfPage\":{\"@id\":\"https:\/\/evertonfc.cz\/index.php\/2022\/10\/18\/everton-w-chelsea-w-13\/\"},\"wordCount\":886,\"commentCount\":2,\"publisher\":{\"@id\":\"https:\/\/evertonfc.cz\/#organization\"},\"image\":{\"@id\":\"https:\/\/evertonfc.cz\/index.php\/2022\/10\/18\/everton-w-chelsea-w-13\/#primaryimage\"},\"thumbnailUrl\":\"https:\/\/evertonfc.cz\/wp-content\/uploads\/2022\/10\/Harder-vs-Everton-16_10_22_web.jpg\",\"articleSection\":[\"Everton Women\"],\"inLanguage\":\"cs\",\"potentialAction\":[{\"@type\":\"CommentAction\",\"name\":\"Comment\",\"target\":[\"https:\/\/evertonfc.cz\/index.php\/2022\/10\/18\/everton-w-chelsea-w-13\/#respond\"]}]},{\"@type\":\"WebPage\",\"@id\":\"https:\/\/evertonfc.cz\/index.php\/2022\/10\/18\/everton-w-chelsea-w-13\/\",\"url\":\"https:\/\/evertonfc.cz\/index.php\/2022\/10\/18\/everton-w-chelsea-w-13\/\",\"name\":\"Everton W - Chelsea W 1:3 - Official Czech &amp; Slovak Everton Supporters&#039; Club\",\"isPartOf\":{\"@id\":\"https:\/\/evertonfc.cz\/#website\"},\"primaryImageOfPage\":{\"@id\":\"https:\/\/evertonfc.cz\/index.php\/2022\/10\/18\/everton-w-chelsea-w-13\/#primaryimage\"},\"image\":{\"@id\":\"https:\/\/evertonfc.cz\/index.php\/2022\/10\/18\/everton-w-chelsea-w-13\/#primaryimage\"},\"thumbnailUrl\":\"https:\/\/evertonfc.cz\/wp-content\/uploads\/2022\/10\/Harder-vs-Everton-16_10_22_web.jpg\",\"datePublished\":\"2022-10-18T19:12:21+00:00\",\"dateModified\":\"2022-10-19T08:43:39+00:00\",\"breadcrumb\":{\"@id\":\"https:\/\/evertonfc.cz\/index.php\/2022\/10\/18\/everton-w-chelsea-w-13\/#breadcrumb\"},\"inLanguage\":\"cs\",\"potentialAction\":[{\"@type\":\"ReadAction\",\"target\":[\"https:\/\/evertonfc.cz\/index.php\/2022\/10\/18\/everton-w-chelsea-w-13\/\"]}]},{\"@type\":\"ImageObject\",\"inLanguage\":\"cs\",\"@id\":\"https:\/\/evertonfc.cz\/index.php\/2022\/10\/18\/everton-w-chelsea-w-13\/#primaryimage\",\"url\":\"https:\/\/evertonfc.cz\/wp-content\/uploads\/2022\/10\/Harder-vs-Everton-16_10_22_web.jpg\",\"contentUrl\":\"https:\/\/evertonfc.cz\/wp-content\/uploads\/2022\/10\/Harder-vs-Everton-16_10_22_web.jpg\",\"width\":720,\"height\":405},{\"@type\":\"BreadcrumbList\",\"@id\":\"https:\/\/evertonfc.cz\/index.php\/2022\/10\/18\/everton-w-chelsea-w-13\/#breadcrumb\",\"itemListElement\":[{\"@type\":\"ListItem\",\"position\":1,\"name\":\"Home\",\"item\":\"https:\/\/evertonfc.cz\/\"},{\"@type\":\"ListItem\",\"position\":2,\"name\":\"Everton W &#8211; Chelsea W 1:3\"}]},{\"@type\":\"WebSite\",\"@id\":\"https:\/\/evertonfc.cz\/#website\",\"url\":\"https:\/\/evertonfc.cz\/\",\"name\":\"Official Czech &amp; Slovak Everton Supporters&#039; Club\",\"description\":\"\",\"publisher\":{\"@id\":\"https:\/\/evertonfc.cz\/#organization\"},\"potentialAction\":[{\"@type\":\"SearchAction\",\"target\":{\"@type\":\"EntryPoint\",\"urlTemplate\":\"https:\/\/evertonfc.cz\/?s={search_term_string}\"},\"query-input\":{\"@type\":\"PropertyValueSpecification\",\"valueRequired\":true,\"valueName\":\"search_term_string\"}}],\"inLanguage\":\"cs\"},{\"@type\":\"Organization\",\"@id\":\"https:\/\/evertonfc.cz\/#organization\",\"name\":\"Official Czech & Slovak Everton Supporters' Club\",\"url\":\"https:\/\/evertonfc.cz\/\",\"logo\":{\"@type\":\"ImageObject\",\"inLanguage\":\"cs\",\"@id\":\"https:\/\/evertonfc.cz\/#\/schema\/logo\/image\/\",\"url\":\"https:\/\/evertonfc.cz\/wp-content\/uploads\/2019\/05\/logo.png\",\"contentUrl\":\"https:\/\/evertonfc.cz\/wp-content\/uploads\/2019\/05\/logo.png\",\"width\":112,\"height\":112,\"caption\":\"Official Czech & Slovak Everton Supporters' Club\"},\"image\":{\"@id\":\"https:\/\/evertonfc.cz\/#\/schema\/logo\/image\/\"},\"sameAs\":[\"https:\/\/www.facebook.com\/everton.fans.cz.sk\"]},{\"@type\":\"Person\",\"@id\":\"https:\/\/evertonfc.cz\/#\/schema\/person\/e9a24a80a32efa1344dd2c4e5882185c\",\"name\":\"Karamela\",\"url\":\"https:\/\/evertonfc.cz\/index.php\/author\/karamela\/\"}]}<\/script>\n<!-- \/ Yoast SEO plugin. -->","yoast_head_json":{"title":"Everton W - Chelsea W 1:3 - Official Czech &amp; Slovak Everton Supporters&#039; Club","robots":{"index":"index","follow":"follow","max-snippet":"max-snippet:-1","max-image-preview":"max-image-preview:large","max-video-preview":"max-video-preview:-1"},"canonical":"https:\/\/evertonfc.cz\/index.php\/2022\/10\/18\/everton-w-chelsea-w-13\/","og_locale":"cs_CZ","og_type":"article","og_title":"Everton W - Chelsea W 1:3 - Official Czech &amp; Slovak Everton Supporters&#039; Club","og_description":"\u00da\u0159aduj\u00edc\u00ed mistryn\u011b WSL dorazily v ned\u011bli na Walton Hall Park. P\u0159ekvapen\u00ed se nekonalo, po slu\u0161n\u00e9m v\u00fdkonu jsme podlehli 1:3.","og_url":"https:\/\/evertonfc.cz\/index.php\/2022\/10\/18\/everton-w-chelsea-w-13\/","og_site_name":"Official Czech &amp; Slovak Everton Supporters&#039; Club","article_publisher":"https:\/\/www.facebook.com\/everton.fans.cz.sk","article_published_time":"2022-10-18T19:12:21+00:00","article_modified_time":"2022-10-19T08:43:39+00:00","og_image":[{"width":720,"height":405,"url":"https:\/\/evertonfc.cz\/wp-content\/uploads\/2022\/10\/Harder-vs-Everton-16_10_22_web.jpg","type":"image\/jpeg"}],"author":"Karamela","twitter_card":"summary_large_image","twitter_misc":{"Napsal(a)":"Karamela","Odhadovan\u00e1 doba \u010dten\u00ed":"4 minuty"},"schema":{"@context":"https:\/\/schema.org","@graph":[{"@type":"Article","@id":"https:\/\/evertonfc.cz\/index.php\/2022\/10\/18\/everton-w-chelsea-w-13\/#article","isPartOf":{"@id":"https:\/\/evertonfc.cz\/index.php\/2022\/10\/18\/everton-w-chelsea-w-13\/"},"author":{"name":"Karamela","@id":"https:\/\/evertonfc.cz\/#\/schema\/person\/e9a24a80a32efa1344dd2c4e5882185c"},"headline":"Everton W &#8211; Chelsea W 1:3","datePublished":"2022-10-18T19:12:21+00:00","dateModified":"2022-10-19T08:43:39+00:00","mainEntityOfPage":{"@id":"https:\/\/evertonfc.cz\/index.php\/2022\/10\/18\/everton-w-chelsea-w-13\/"},"wordCount":886,"commentCount":2,"publisher":{"@id":"https:\/\/evertonfc.cz\/#organization"},"image":{"@id":"https:\/\/evertonfc.cz\/index.php\/2022\/10\/18\/everton-w-chelsea-w-13\/#primaryimage"},"thumbnailUrl":"https:\/\/evertonfc.cz\/wp-content\/uploads\/2022\/10\/Harder-vs-Everton-16_10_22_web.jpg","articleSection":["Everton Women"],"inLanguage":"cs","potentialAction":[{"@type":"CommentAction","name":"Comment","target":["https:\/\/evertonfc.cz\/index.php\/2022\/10\/18\/everton-w-chelsea-w-13\/#respond"]}]},{"@type":"WebPage","@id":"https:\/\/evertonfc.cz\/index.php\/2022\/10\/18\/everton-w-chelsea-w-13\/","url":"https:\/\/evertonfc.cz\/index.php\/2022\/10\/18\/everton-w-chelsea-w-13\/","name":"Everton W - Chelsea W 1:3 - Official Czech &amp; Slovak Everton Supporters&#039; Club","isPartOf":{"@id":"https:\/\/evertonfc.cz\/#website"},"primaryImageOfPage":{"@id":"https:\/\/evertonfc.cz\/index.php\/2022\/10\/18\/everton-w-chelsea-w-13\/#primaryimage"},"image":{"@id":"https:\/\/evertonfc.cz\/index.php\/2022\/10\/18\/everton-w-chelsea-w-13\/#primaryimage"},"thumbnailUrl":"https:\/\/evertonfc.cz\/wp-content\/uploads\/2022\/10\/Harder-vs-Everton-16_10_22_web.jpg","datePublished":"2022-10-18T19:12:21+00:00","dateModified":"2022-10-19T08:43:39+00:00","breadcrumb":{"@id":"https:\/\/evertonfc.cz\/index.php\/2022\/10\/18\/everton-w-chelsea-w-13\/#breadcrumb"},"inLanguage":"cs","potentialAction":[{"@type":"ReadAction","target":["https:\/\/evertonfc.cz\/index.php\/2022\/10\/18\/everton-w-chelsea-w-13\/"]}]},{"@type":"ImageObject","inLanguage":"cs","@id":"https:\/\/evertonfc.cz\/index.php\/2022\/10\/18\/everton-w-chelsea-w-13\/#primaryimage","url":"https:\/\/evertonfc.cz\/wp-content\/uploads\/2022\/10\/Harder-vs-Everton-16_10_22_web.jpg","contentUrl":"https:\/\/evertonfc.cz\/wp-content\/uploads\/2022\/10\/Harder-vs-Everton-16_10_22_web.jpg","width":720,"height":405},{"@type":"BreadcrumbList","@id":"https:\/\/evertonfc.cz\/index.php\/2022\/10\/18\/everton-w-chelsea-w-13\/#breadcrumb","itemListElement":[{"@type":"ListItem","position":1,"name":"Home","item":"https:\/\/evertonfc.cz\/"},{"@type":"ListItem","position":2,"name":"Everton W &#8211; Chelsea W 1:3"}]},{"@type":"WebSite","@id":"https:\/\/evertonfc.cz\/#website","url":"https:\/\/evertonfc.cz\/","name":"Official Czech &amp; Slovak Everton Supporters&#039; Club","description":"","publisher":{"@id":"https:\/\/evertonfc.cz\/#organization"},"potentialAction":[{"@type":"SearchAction","target":{"@type":"EntryPoint","urlTemplate":"https:\/\/evertonfc.cz\/?s={search_term_string}"},"query-input":{"@type":"PropertyValueSpecification","valueRequired":true,"valueName":"search_term_string"}}],"inLanguage":"cs"},{"@type":"Organization","@id":"https:\/\/evertonfc.cz\/#organization","name":"Official Czech & Slovak Everton Supporters' Club","url":"https:\/\/evertonfc.cz\/","logo":{"@type":"ImageObject","inLanguage":"cs","@id":"https:\/\/evertonfc.cz\/#\/schema\/logo\/image\/","url":"https:\/\/evertonfc.cz\/wp-content\/uploads\/2019\/05\/logo.png","contentUrl":"https:\/\/evertonfc.cz\/wp-content\/uploads\/2019\/05\/logo.png","width":112,"height":112,"caption":"Official Czech & Slovak Everton Supporters' Club"},"image":{"@id":"https:\/\/evertonfc.cz\/#\/schema\/logo\/image\/"},"sameAs":["https:\/\/www.facebook.com\/everton.fans.cz.sk"]},{"@type":"Person","@id":"https:\/\/evertonfc.cz\/#\/schema\/person\/e9a24a80a32efa1344dd2c4e5882185c","name":"Karamela","url":"https:\/\/evertonfc.cz\/index.php\/author\/karamela\/"}]}},"_links":{"self":[{"href":"https:\/\/evertonfc.cz\/index.php\/wp-json\/wp\/v2\/posts\/20095"}],"collection":[{"href":"https:\/\/evertonfc.cz\/index.php\/wp-json\/wp\/v2\/posts"}],"about":[{"href":"https:\/\/evertonfc.cz\/index.php\/wp-json\/wp\/v2\/types\/post"}],"author":[{"embeddable":true,"href":"https:\/\/evertonfc.cz\/index.php\/wp-json\/wp\/v2\/users\/26"}],"replies":[{"embeddable":true,"href":"https:\/\/evertonfc.cz\/index.php\/wp-json\/wp\/v2\/comments?post=20095"}],"version-history":[{"count":14,"href":"https:\/\/evertonfc.cz\/index.php\/wp-json\/wp\/v2\/posts\/20095\/revisions"}],"predecessor-version":[{"id":20130,"href":"https:\/\/evertonfc.cz\/index.php\/wp-json\/wp\/v2\/posts\/20095\/revisions\/20130"}],"wp:featuredmedia":[{"embeddable":true,"href":"https:\/\/evertonfc.cz\/index.php\/wp-json\/wp\/v2\/media\/20104"}],"wp:attachment":[{"href":"https:\/\/evertonfc.cz\/index.php\/wp-json\/wp\/v2\/media?parent=20095"}],"wp:term":[{"taxonomy":"category","embeddable":true,"href":"https:\/\/evertonfc.cz\/index.php\/wp-json\/wp\/v2\/categories?post=20095"},{"taxonomy":"post_tag","embeddable":true,"href":"https:\/\/evertonfc.cz\/index.php\/wp-json\/wp\/v2\/tags?post=20095"}],"curies":[{"name":"wp","href":"https:\/\/api.w.org\/{rel}","templated":true}]}}