{"id":20150,"date":"2022-10-23T20:15:14","date_gmt":"2022-10-23T18:15:14","guid":{"rendered":"https:\/\/evertonfc.cz\/?p=20150"},"modified":"2022-10-24T10:23:53","modified_gmt":"2022-10-24T08:23:53","slug":"aston-villa-w-everton-w-01-2","status":"publish","type":"post","link":"https:\/\/evertonfc.cz\/index.php\/2022\/10\/23\/aston-villa-w-everton-w-01-2\/","title":{"rendered":"Aston Villa W &#8211; Everton W 0:1"},"content":{"rendered":"<h4>Na Bescot Stadium jsou utk\u00e1n\u00ed v\u017edy t\u011b\u017ek\u00e1 a nejinak tomu bylo i nyn\u00ed. P\u0159esto si z Midlands vezeme t\u0159i body.<\/h4>\n<p>Minul\u00fd v\u00edkend n\u00e1m body nep\u0159inesl a rovn\u011b\u017e na\u0161e sebev\u011bdom\u00ed pot\u0159ebovalo povzbudit. Z\u00e1pas s Aston Villou mohl po t\u00e9to str\u00e1nce pomoci. Co\u017e se nakonec poda\u0159ilo, ale jednoduch\u00e9 to zrovna nebylo.<\/p>\n<h4>Kdy\u017e ned\u00e1\u0161 a ani nedostane\u0161<\/h4>\n<p>Za\u010d\u00e1tek z\u00e1pasu pat\u0159il n\u00e1m, i kdy\u017e to byly Villans, konkr\u00e9tn\u011b Daly kdo m\u011bl prvn\u00ed v\u00e1\u017enou \u0161anci. Jej\u00ed st\u0159ela zbl\u00edzka na\u0161t\u011bst\u00ed br\u00e1nu minula. Pak n\u00e1sledovaly pokusy Veje a Graham, kter\u00fdm se nevedlo o mnoho l\u00e9pe. Postupem \u010dasu se obraz hry za\u010dal m\u011bnit. Byly to hr\u00e1\u010dky Villy, kdo za\u010daly b\u00fdt aktivn\u011bj\u0161\u00ed a Everton se st\u00e1hl do sice pevn\u00e9ho, ale obrann\u00e9ho bloku. Na\u0161t\u011bst\u00ed pro n\u00e1s si dom\u00e1c\u00ed vytv\u00e1\u0159ely sp\u00ed\u0161e polo\u0161ance ne\u017e opravdov\u00e9 g\u00f3lov\u00e9 p\u0159\u00edle\u017eitosti. V\u00fdjimkou byla akce Rachel Daly, p\u0159i kter\u00e9 Brosnana v na\u0161\u00ed brance nezbylo nic jin\u00e9ho, ne\u017e se sice state\u010dn\u011b, ale riskantn\u011b vrhnout pro m\u00ed\u010d dom\u00e1c\u00ed \u00fato\u010dnici pod nohy. Na\u0161t\u011bst\u00ed byl z\u00e1krok posouzen jako \u010dist\u00fd a repr\u00edza penalty s Chelsea se nekonala. Dal\u0161\u00ed pohledn\u00e9 fotbalov\u00e9 akce u\u017e prvn\u00ed polo\u010das nep\u0159inesl.<\/p>\n<h4>Karta se obrac\u00ed<\/h4>\n<p>A dob\u00fdv\u00e1n\u00ed evertonsk\u00e9ho obrann\u00e9ho valu pokra\u010dovalo i po p\u0159est\u00e1vce. Na\u0161t\u011bst\u00ed jen do 56. minuty. Pak se u\u017e na to <span class=\"sp-c-lineup-pitch__player\" data-reactid=\".24hzjmh8bb4.0.0.0.1.$include-1.0.0.1:$panel-0.$0.0.0.1.2.0.0.1:$away-formation-row-1.$away-player-0\"><span class=\"sp-c-lineup-pitch__player__name gs-u-display-block@xs \" data-reactid=\".24hzjmh8bb4.0.0.0.1.$include-1.0.0.1:$panel-0.$0.0.0.1.2.0.0.1:$away-formation-row-1.$away-player-0.1\">B<\/span><\/span><span class=\"sp-c-lineup-pitch__player\" data-reactid=\".24hzjmh8bb4.0.0.0.1.$include-1.0.0.1:$panel-0.$0.0.0.1.2.0.0.1:$away-formation-row-1.$away-player-1\"><span class=\"sp-c-lineup-pitch__player__name gs-u-display-block@xs \" data-reactid=\".24hzjmh8bb4.0.0.0.1.$include-1.0.0.1:$panel-0.$0.0.0.1.2.0.0.1:$away-formation-row-1.$away-player-1.1\">j\u00f6rn nemohla d\u00edvat a vyvezla m\u00ed\u010d na polovinu dom\u00e1c\u00edch. Centrem na\u0161la Park, kter\u00e1 si povodila p\u00e1r soupe\u0159ek ne\u017e p\u0159ihr\u00e1la George. Ta krosem p\u0159edala nab\u00edhaj\u00edc\u00ed Graham, kter\u00e1 nekompromisn\u011b otev\u0159ela sk\u00f3re, ba dokonce m\u016f\u017eeme \u0159\u00edci, \u017ee zav\u011bsila &#8211; <strong>0:1. <\/strong>O chv\u00edli pozd\u011bji to byla naopak na\u0161e kapit\u00e1nka kdo p\u011bknou pati\u010dkou poslala dop\u0159edu Park. Jej\u00ed tvrd\u00e1 st\u0159ela byla ov\u0161em vyra\u017eena na roh. Po g\u00f3lu se obraz hry zm\u011bnil: Everton za\u010dal kontrolovat hru, i kdy\u017e do zv\u00fd\u0161en\u00ed sk\u00f3re se\u00a0 nehnal.\u00a0 Na hr\u00e1\u010dk\u00e1ch Villy patrn\u00e1 \u010d\u00edm d\u00e1l v\u011bt\u0161\u00ed frustrace, zejm\u00e9na Lehmann s Veje si pravd\u011bpodobn\u011b po z\u00e1pase dresy vz\u00e1jemn\u011b nevym\u011bnily. Brosnan v na\u0161\u00ed brance m\u011bla celkem dost pr\u00e1ce. Ne \u017ee by \u010delila n\u011bjak\u00e9 vylo\u017een\u011b g\u00f3lov\u00e9 p\u0159\u00edle\u017eitosti, ale poctiv\u011b si chodila pro centrovan\u00e9 m\u00ed\u010de do v\u00e1pna, p\u0159i\u010dem\u017e ob\u010das zbo\u0159ila n\u011bjakou ze soupe\u0159ek. Byla to jej\u00ed kolize s Daly v 85. minut\u011b, kter\u00e1 vedla k dlouh\u00e9mu o\u0161et\u0159ov\u00e1n\u00ed dom\u00e1c\u00ed hr\u00e1\u010dky, na\u0161t\u011bst\u00ed s dobr\u00fdm koncem. \u00a0Ani sedmiminutov\u00e9 prodlou\u017een\u00ed nesta\u010dilo ke zm\u011bn\u011bn sk\u00f3re a tak se m\u016f\u017eeme radovat ze t\u0159et\u00ed leto\u0161n\u00ed v\u00fdhry. Nav\u00edc bez inkasovan\u00e9ho g\u00f3lu.<\/span><\/span><\/p>\n<h4>Na za\u010d\u00e1tku dobr\u00e9 vlny?<\/h4>\n<p>Tento z\u00e1pas byl \u010dtvrt\u00fdm z\u00e1pasem v \u0159ad\u011b, kdy jsme dok\u00e1zali sk\u00f3rovat. Co\u017e \u00a0se n\u00e1m povedlo naposledy ve slibn\u00e9m roce 2020 (8x, ov\u0161em \u0159et\u011bz byl p\u0159eru\u0161en letn\u00ed pauzou). A ani leto\u0161n\u00ed sez\u00f3na se zat\u00edm nevyv\u00edj\u00ed \u0161patn\u011b ani stran v\u00fdsledk\u016f, ani stran p\u0159edv\u00e1d\u011bn\u00e9 hry. S\u00f8rensen zjevn\u011b v\u00ed, co d\u011bl\u00e1. \u0158ada hr\u00e1\u010dek se pod jeho veden\u00edm v\u00fdrazn\u011b zlep\u0161ila. Za v\u0161echny jmenujme aspo\u0148 <span class=\"sp-c-lineup-pitch__player\" data-reactid=\".24hzjmh8bb4.0.0.0.1.$include-1.0.0.1:$panel-0.$0.0.0.1.2.0.0.1:$away-formation-row-1.$away-player-0\"><span class=\"sp-c-lineup-pitch__player__name gs-u-display-block@xs \" data-reactid=\".24hzjmh8bb4.0.0.0.1.$include-1.0.0.1:$panel-0.$0.0.0.1.2.0.0.1:$away-formation-row-1.$away-player-0.1\">B<\/span><\/span><span class=\"sp-c-lineup-pitch__player\" data-reactid=\".24hzjmh8bb4.0.0.0.1.$include-1.0.0.1:$panel-0.$0.0.0.1.2.0.0.1:$away-formation-row-1.$away-player-1\"><span class=\"sp-c-lineup-pitch__player__name gs-u-display-block@xs \" data-reactid=\".24hzjmh8bb4.0.0.0.1.$include-1.0.0.1:$panel-0.$0.0.0.1.2.0.0.1:$away-formation-row-1.$away-player-1.1\">j\u00f6rn, kter\u00e1 krom\u011b defenzivn\u00ed \u010dinnosti stoj\u00ed u z\u00e1rodku \u0159ady slibn\u00fdch ofenzivn\u00edch akc\u00ed. A dva g\u00f3ly Graham v posledn\u00edch dvou z\u00e1pasech tak\u00e9 nebyly n\u00e1hodn\u00e9.\u00a0 I nov\u00e9 posily se mysl\u00edm poda\u0159ilo dob\u0159e zapracovat do hry t\u00fdmu. Nap\u0159\u00edklad Veje, Stenevik a dle m\u00e9ho n\u00e1zoru i Snoeijs si vedou velmi dob\u0159e a je opravdu \u0161koda, \u017ee Park budeme muset po sez\u00f3n\u011b vr\u00e1tit. Z\u00e1pas s Villans si zopakujeme znovu u\u017e tuto st\u0159edu, kdy na dom\u00e1c\u00ed p\u016fd\u011b s nimi od 19:30 sehrajeme prvn\u00ed z\u00e1pas leto\u0161n\u00edho ligov\u00e9ho poh\u00e1ru. <strong><span style=\"color: #0000ff;\">Come On You Blue Girls<\/span><\/strong>!<\/span><\/span><\/p>\n<p style=\"text-align: right;\"><span style=\"font-size: 10pt;\"><em>Fotografie: Lucy Graham. Zdroj: Reuters via bbc.co.uk<\/em><\/span><\/p>\n<p><strong>Dr\u017een\u00ed m\u00ed\u010de:<\/strong> 43%:57%. <strong>St\u0159ely:<\/strong> 10:9 (na br\u00e1nu 2:3) <strong>Fauly:<\/strong> 14:3<\/p>\n<p><strong>Branky:<\/strong> Graham (56\u00b4)<\/p>\n<p><strong>\u017dK: <\/strong>Corsie &#8211; <span class=\"sp-c-lineup-pitch__player\" data-reactid=\".24hzjmh8bb4.0.0.0.1.$include-1.0.0.1:$panel-0.$0.0.0.1.2.0.0.1:$away-formation-row-1.$away-player-0\"><span class=\"sp-c-lineup-pitch__player__name gs-u-display-block@xs \" data-reactid=\".24hzjmh8bb4.0.0.0.1.$include-1.0.0.1:$panel-0.$0.0.0.1.2.0.0.1:$away-formation-row-1.$away-player-0.1\">B<\/span><\/span><span class=\"sp-c-lineup-pitch__player\" data-reactid=\".24hzjmh8bb4.0.0.0.1.$include-1.0.0.1:$panel-0.$0.0.0.1.2.0.0.1:$away-formation-row-1.$away-player-1\"><span class=\"sp-c-lineup-pitch__player__name gs-u-display-block@xs \" data-reactid=\".24hzjmh8bb4.0.0.0.1.$include-1.0.0.1:$panel-0.$0.0.0.1.2.0.0.1:$away-formation-row-1.$away-player-1.1\">j\u00f6rn<\/span><\/span><\/p>\n<p><strong>Villans (4-3-3):<\/strong> Leat; <span class=\"sp-c-lineup-pitch__player\" data-reactid=\".24hzjmh8bb4.0.0.0.1.$include-1.0.0.1:$panel-0.$0.0.0.0.2.0.0.1:$home-formation-row-1.$home-player-0\"><span class=\"sp-c-lineup-pitch__player__name gs-u-display-block@xs \" data-reactid=\".24hzjmh8bb4.0.0.0.1.$include-1.0.0.1:$panel-0.$0.0.0.0.2.0.0.1:$home-formation-row-1.$home-player-0.1\">Mayling, <\/span><\/span><span class=\"sp-c-lineup-pitch__player\" data-reactid=\".24hzjmh8bb4.0.0.0.1.$include-1.0.0.1:$panel-0.$0.0.0.0.2.0.0.1:$home-formation-row-1.$home-player-1\"><span class=\"sp-c-lineup-pitch__player__name gs-u-display-block@xs \" data-reactid=\".24hzjmh8bb4.0.0.0.1.$include-1.0.0.1:$panel-0.$0.0.0.0.2.0.0.1:$home-formation-row-1.$home-player-1.1\">Patten, T<\/span><\/span><span class=\"sp-c-lineup-pitch__player\" data-reactid=\".24hzjmh8bb4.0.0.0.1.$include-1.0.0.1:$panel-0.$0.0.0.0.2.0.0.1:$home-formation-row-1.$home-player-2\"><span class=\"sp-c-lineup-pitch__player__name gs-u-display-block@xs \" data-reactid=\".24hzjmh8bb4.0.0.0.1.$include-1.0.0.1:$panel-0.$0.0.0.0.2.0.0.1:$home-formation-row-1.$home-player-2.1\">urner, <\/span><\/span><span class=\"sp-c-lineup-pitch__player\" data-reactid=\".24hzjmh8bb4.0.0.0.1.$include-1.0.0.1:$panel-0.$0.0.0.0.2.0.0.1:$home-formation-row-1.$home-player-3\"><span class=\"sp-c-lineup-pitch__player__name gs-u-display-block@xs \" data-reactid=\".24hzjmh8bb4.0.0.0.1.$include-1.0.0.1:$panel-0.$0.0.0.0.2.0.0.1:$home-formation-row-1.$home-player-3.1\">Pacheco (Gregory 88\u00b4); Blindkilde (Harding 75\u00b4), Corsie, Dali; Lehmann, Daly, Hanson (Boye-Hlorkah 75\u00b4).<\/span><\/span><\/p>\n<p><strong>Toffees (5:3:2):<\/strong> Brosnan; <span class=\"sp-c-lineup-pitch__player\" data-reactid=\".24hzjmh8bb4.0.0.0.1.$include-1.0.0.1:$panel-0.$0.0.0.1.2.0.0.1:$away-formation-row-1.$away-player-0\"><span class=\"sp-c-lineup-pitch__player__name gs-u-display-block@xs \" data-reactid=\".24hzjmh8bb4.0.0.0.1.$include-1.0.0.1:$panel-0.$0.0.0.1.2.0.0.1:$away-formation-row-1.$away-player-0.1\">Finnigan, B<\/span><\/span><span class=\"sp-c-lineup-pitch__player\" data-reactid=\".24hzjmh8bb4.0.0.0.1.$include-1.0.0.1:$panel-0.$0.0.0.1.2.0.0.1:$away-formation-row-1.$away-player-1\"><span class=\"sp-c-lineup-pitch__player__name gs-u-display-block@xs \" data-reactid=\".24hzjmh8bb4.0.0.0.1.$include-1.0.0.1:$panel-0.$0.0.0.1.2.0.0.1:$away-formation-row-1.$away-player-1.1\">j\u00f6rn, <\/span><\/span><span class=\"sp-c-lineup-pitch__player\" data-reactid=\".24hzjmh8bb4.0.0.0.1.$include-1.0.0.1:$panel-0.$0.0.0.1.2.0.0.1:$away-formation-row-1.$away-player-2\"><span class=\"sp-c-lineup-pitch__player__name gs-u-display-block@xs \" data-reactid=\".24hzjmh8bb4.0.0.0.1.$include-1.0.0.1:$panel-0.$0.0.0.1.2.0.0.1:$away-formation-row-1.$away-player-2.1\">Sevecke, <\/span><\/span><span class=\"sp-c-lineup-pitch__player\" data-reactid=\".24hzjmh8bb4.0.0.0.1.$include-1.0.0.1:$panel-0.$0.0.0.1.2.0.0.1:$away-formation-row-1.$away-player-3\"><span class=\"sp-c-lineup-pitch__player__name gs-u-display-block@xs \" data-reactid=\".24hzjmh8bb4.0.0.0.1.$include-1.0.0.1:$panel-0.$0.0.0.1.2.0.0.1:$away-formation-row-1.$away-player-3.1\">Veje, <\/span><\/span><span class=\"sp-c-lineup-pitch__player\" data-reactid=\".24hzjmh8bb4.0.0.0.1.$include-1.0.0.1:$panel-0.$0.0.0.1.2.0.0.1:$away-formation-row-1.$away-player-4\"><span class=\"sp-c-lineup-pitch__player__name gs-u-display-block@xs \" data-reactid=\".24hzjmh8bb4.0.0.0.1.$include-1.0.0.1:$panel-0.$0.0.0.1.2.0.0.1:$away-formation-row-1.$away-player-4.1\">George (Stenevik 67\u00b4); Graham, Holmgaard (Wheeler 58\u00b4), Bennison (Christiansen 58\u00b4); Snoeijs (Gio 73\u00b4), Park (Beever-Jones 73\u00b4)<\/span><\/span><\/p>\n<p><strong>Rozhod\u010d\u00ed:<\/strong> Kirsty Dowle<\/p>\n","protected":false},"excerpt":{"rendered":"<p>Na Bescot Stadium jsou utk\u00e1n\u00ed v\u017edy t\u011b\u017ek\u00e1 a nejinak tomu bylo i nyn\u00ed. P\u0159esto si z Midlands vezeme t\u0159i body.<\/p>\n","protected":false},"author":26,"featured_media":20159,"comment_status":"open","ping_status":"closed","sticky":false,"template":"","format":"standard","meta":{"_eb_attr":"","_monsterinsights_skip_tracking":false,"_monsterinsights_sitenote_active":false,"_monsterinsights_sitenote_note":"","_monsterinsights_sitenote_category":0,"footnotes":""},"categories":[110],"tags":[],"yoast_head":"<!-- This site is optimized with the Yoast SEO plugin v23.4 - https:\/\/yoast.com\/wordpress\/plugins\/seo\/ -->\n<title>Aston Villa W - Everton W 0:1 - Official Czech &amp; Slovak Everton Supporters&#039; Club<\/title>\n<meta name=\"description\" content=\"Na Bescot Stadium jsou utk\u00e1n\u00ed v\u017edy t\u011b\u017ek\u00e1 a nejinak tomu bylo i nyn\u00ed. P\u0159esto si z Midlands vezeme t\u0159i body.\" \/>\n<meta name=\"robots\" content=\"index, follow, max-snippet:-1, max-image-preview:large, max-video-preview:-1\" \/>\n<link rel=\"canonical\" href=\"https:\/\/evertonfc.cz\/index.php\/2022\/10\/23\/aston-villa-w-everton-w-01-2\/\" \/>\n<meta property=\"og:locale\" content=\"cs_CZ\" \/>\n<meta property=\"og:type\" content=\"article\" \/>\n<meta property=\"og:title\" content=\"Aston Villa W - Everton W 0:1 - Official Czech &amp; Slovak Everton Supporters&#039; Club\" \/>\n<meta property=\"og:description\" content=\"Na Bescot Stadium jsou utk\u00e1n\u00ed v\u017edy t\u011b\u017ek\u00e1 a nejinak tomu bylo i nyn\u00ed. P\u0159esto si z Midlands vezeme t\u0159i body.\" \/>\n<meta property=\"og:url\" content=\"https:\/\/evertonfc.cz\/index.php\/2022\/10\/23\/aston-villa-w-everton-w-01-2\/\" \/>\n<meta property=\"og:site_name\" content=\"Official Czech &amp; Slovak Everton Supporters&#039; Club\" \/>\n<meta property=\"article:publisher\" content=\"https:\/\/www.facebook.com\/everton.fans.cz.sk\" \/>\n<meta property=\"article:published_time\" content=\"2022-10-23T18:15:14+00:00\" \/>\n<meta property=\"article:modified_time\" content=\"2022-10-24T08:23:53+00:00\" \/>\n<meta property=\"og:image\" content=\"https:\/\/evertonfc.cz\/wp-content\/uploads\/2022\/10\/Graham-vs-Villa-22_10_22_web.jpg\" \/>\n\t<meta property=\"og:image:width\" content=\"720\" \/>\n\t<meta property=\"og:image:height\" content=\"405\" \/>\n\t<meta property=\"og:image:type\" content=\"image\/jpeg\" \/>\n<meta name=\"author\" content=\"Karamela\" \/>\n<meta name=\"twitter:card\" content=\"summary_large_image\" \/>\n<meta name=\"twitter:label1\" content=\"Napsal(a)\" \/>\n\t<meta name=\"twitter:data1\" content=\"Karamela\" \/>\n\t<meta name=\"twitter:label2\" content=\"Odhadovan\u00e1 doba \u010dten\u00ed\" \/>\n\t<meta name=\"twitter:data2\" content=\"4 minuty\" \/>\n<script type=\"application\/ld+json\" class=\"yoast-schema-graph\">{\"@context\":\"https:\/\/schema.org\",\"@graph\":[{\"@type\":\"Article\",\"@id\":\"https:\/\/evertonfc.cz\/index.php\/2022\/10\/23\/aston-villa-w-everton-w-01-2\/#article\",\"isPartOf\":{\"@id\":\"https:\/\/evertonfc.cz\/index.php\/2022\/10\/23\/aston-villa-w-everton-w-01-2\/\"},\"author\":{\"name\":\"Karamela\",\"@id\":\"https:\/\/evertonfc.cz\/#\/schema\/person\/e9a24a80a32efa1344dd2c4e5882185c\"},\"headline\":\"Aston Villa W &#8211; Everton W 0:1\",\"datePublished\":\"2022-10-23T18:15:14+00:00\",\"dateModified\":\"2022-10-24T08:23:53+00:00\",\"mainEntityOfPage\":{\"@id\":\"https:\/\/evertonfc.cz\/index.php\/2022\/10\/23\/aston-villa-w-everton-w-01-2\/\"},\"wordCount\":780,\"commentCount\":3,\"publisher\":{\"@id\":\"https:\/\/evertonfc.cz\/#organization\"},\"image\":{\"@id\":\"https:\/\/evertonfc.cz\/index.php\/2022\/10\/23\/aston-villa-w-everton-w-01-2\/#primaryimage\"},\"thumbnailUrl\":\"https:\/\/evertonfc.cz\/wp-content\/uploads\/2022\/10\/Graham-vs-Villa-22_10_22_web.jpg\",\"articleSection\":[\"Everton Women\"],\"inLanguage\":\"cs\",\"potentialAction\":[{\"@type\":\"CommentAction\",\"name\":\"Comment\",\"target\":[\"https:\/\/evertonfc.cz\/index.php\/2022\/10\/23\/aston-villa-w-everton-w-01-2\/#respond\"]}]},{\"@type\":\"WebPage\",\"@id\":\"https:\/\/evertonfc.cz\/index.php\/2022\/10\/23\/aston-villa-w-everton-w-01-2\/\",\"url\":\"https:\/\/evertonfc.cz\/index.php\/2022\/10\/23\/aston-villa-w-everton-w-01-2\/\",\"name\":\"Aston Villa W - Everton W 0:1 - Official Czech &amp; Slovak Everton Supporters&#039; Club\",\"isPartOf\":{\"@id\":\"https:\/\/evertonfc.cz\/#website\"},\"primaryImageOfPage\":{\"@id\":\"https:\/\/evertonfc.cz\/index.php\/2022\/10\/23\/aston-villa-w-everton-w-01-2\/#primaryimage\"},\"image\":{\"@id\":\"https:\/\/evertonfc.cz\/index.php\/2022\/10\/23\/aston-villa-w-everton-w-01-2\/#primaryimage\"},\"thumbnailUrl\":\"https:\/\/evertonfc.cz\/wp-content\/uploads\/2022\/10\/Graham-vs-Villa-22_10_22_web.jpg\",\"datePublished\":\"2022-10-23T18:15:14+00:00\",\"dateModified\":\"2022-10-24T08:23:53+00:00\",\"description\":\"Na Bescot Stadium jsou utk\u00e1n\u00ed v\u017edy t\u011b\u017ek\u00e1 a nejinak tomu bylo i nyn\u00ed. P\u0159esto si z Midlands vezeme t\u0159i body.\",\"breadcrumb\":{\"@id\":\"https:\/\/evertonfc.cz\/index.php\/2022\/10\/23\/aston-villa-w-everton-w-01-2\/#breadcrumb\"},\"inLanguage\":\"cs\",\"potentialAction\":[{\"@type\":\"ReadAction\",\"target\":[\"https:\/\/evertonfc.cz\/index.php\/2022\/10\/23\/aston-villa-w-everton-w-01-2\/\"]}]},{\"@type\":\"ImageObject\",\"inLanguage\":\"cs\",\"@id\":\"https:\/\/evertonfc.cz\/index.php\/2022\/10\/23\/aston-villa-w-everton-w-01-2\/#primaryimage\",\"url\":\"https:\/\/evertonfc.cz\/wp-content\/uploads\/2022\/10\/Graham-vs-Villa-22_10_22_web.jpg\",\"contentUrl\":\"https:\/\/evertonfc.cz\/wp-content\/uploads\/2022\/10\/Graham-vs-Villa-22_10_22_web.jpg\",\"width\":720,\"height\":405},{\"@type\":\"BreadcrumbList\",\"@id\":\"https:\/\/evertonfc.cz\/index.php\/2022\/10\/23\/aston-villa-w-everton-w-01-2\/#breadcrumb\",\"itemListElement\":[{\"@type\":\"ListItem\",\"position\":1,\"name\":\"Home\",\"item\":\"https:\/\/evertonfc.cz\/\"},{\"@type\":\"ListItem\",\"position\":2,\"name\":\"Aston Villa W &#8211; Everton W 0:1\"}]},{\"@type\":\"WebSite\",\"@id\":\"https:\/\/evertonfc.cz\/#website\",\"url\":\"https:\/\/evertonfc.cz\/\",\"name\":\"Official Czech &amp; Slovak Everton Supporters&#039; Club\",\"description\":\"\",\"publisher\":{\"@id\":\"https:\/\/evertonfc.cz\/#organization\"},\"potentialAction\":[{\"@type\":\"SearchAction\",\"target\":{\"@type\":\"EntryPoint\",\"urlTemplate\":\"https:\/\/evertonfc.cz\/?s={search_term_string}\"},\"query-input\":{\"@type\":\"PropertyValueSpecification\",\"valueRequired\":true,\"valueName\":\"search_term_string\"}}],\"inLanguage\":\"cs\"},{\"@type\":\"Organization\",\"@id\":\"https:\/\/evertonfc.cz\/#organization\",\"name\":\"Official Czech & Slovak Everton Supporters' Club\",\"url\":\"https:\/\/evertonfc.cz\/\",\"logo\":{\"@type\":\"ImageObject\",\"inLanguage\":\"cs\",\"@id\":\"https:\/\/evertonfc.cz\/#\/schema\/logo\/image\/\",\"url\":\"https:\/\/evertonfc.cz\/wp-content\/uploads\/2019\/05\/logo.png\",\"contentUrl\":\"https:\/\/evertonfc.cz\/wp-content\/uploads\/2019\/05\/logo.png\",\"width\":112,\"height\":112,\"caption\":\"Official Czech & Slovak Everton Supporters' Club\"},\"image\":{\"@id\":\"https:\/\/evertonfc.cz\/#\/schema\/logo\/image\/\"},\"sameAs\":[\"https:\/\/www.facebook.com\/everton.fans.cz.sk\"]},{\"@type\":\"Person\",\"@id\":\"https:\/\/evertonfc.cz\/#\/schema\/person\/e9a24a80a32efa1344dd2c4e5882185c\",\"name\":\"Karamela\",\"url\":\"https:\/\/evertonfc.cz\/index.php\/author\/karamela\/\"}]}<\/script>\n<!-- \/ Yoast SEO plugin. -->","yoast_head_json":{"title":"Aston Villa W - Everton W 0:1 - Official Czech &amp; Slovak Everton Supporters&#039; Club","description":"Na Bescot Stadium jsou utk\u00e1n\u00ed v\u017edy t\u011b\u017ek\u00e1 a nejinak tomu bylo i nyn\u00ed. P\u0159esto si z Midlands vezeme t\u0159i body.","robots":{"index":"index","follow":"follow","max-snippet":"max-snippet:-1","max-image-preview":"max-image-preview:large","max-video-preview":"max-video-preview:-1"},"canonical":"https:\/\/evertonfc.cz\/index.php\/2022\/10\/23\/aston-villa-w-everton-w-01-2\/","og_locale":"cs_CZ","og_type":"article","og_title":"Aston Villa W - Everton W 0:1 - Official Czech &amp; Slovak Everton Supporters&#039; Club","og_description":"Na Bescot Stadium jsou utk\u00e1n\u00ed v\u017edy t\u011b\u017ek\u00e1 a nejinak tomu bylo i nyn\u00ed. P\u0159esto si z Midlands vezeme t\u0159i body.","og_url":"https:\/\/evertonfc.cz\/index.php\/2022\/10\/23\/aston-villa-w-everton-w-01-2\/","og_site_name":"Official Czech &amp; Slovak Everton Supporters&#039; Club","article_publisher":"https:\/\/www.facebook.com\/everton.fans.cz.sk","article_published_time":"2022-10-23T18:15:14+00:00","article_modified_time":"2022-10-24T08:23:53+00:00","og_image":[{"width":720,"height":405,"url":"https:\/\/evertonfc.cz\/wp-content\/uploads\/2022\/10\/Graham-vs-Villa-22_10_22_web.jpg","type":"image\/jpeg"}],"author":"Karamela","twitter_card":"summary_large_image","twitter_misc":{"Napsal(a)":"Karamela","Odhadovan\u00e1 doba \u010dten\u00ed":"4 minuty"},"schema":{"@context":"https:\/\/schema.org","@graph":[{"@type":"Article","@id":"https:\/\/evertonfc.cz\/index.php\/2022\/10\/23\/aston-villa-w-everton-w-01-2\/#article","isPartOf":{"@id":"https:\/\/evertonfc.cz\/index.php\/2022\/10\/23\/aston-villa-w-everton-w-01-2\/"},"author":{"name":"Karamela","@id":"https:\/\/evertonfc.cz\/#\/schema\/person\/e9a24a80a32efa1344dd2c4e5882185c"},"headline":"Aston Villa W &#8211; Everton W 0:1","datePublished":"2022-10-23T18:15:14+00:00","dateModified":"2022-10-24T08:23:53+00:00","mainEntityOfPage":{"@id":"https:\/\/evertonfc.cz\/index.php\/2022\/10\/23\/aston-villa-w-everton-w-01-2\/"},"wordCount":780,"commentCount":3,"publisher":{"@id":"https:\/\/evertonfc.cz\/#organization"},"image":{"@id":"https:\/\/evertonfc.cz\/index.php\/2022\/10\/23\/aston-villa-w-everton-w-01-2\/#primaryimage"},"thumbnailUrl":"https:\/\/evertonfc.cz\/wp-content\/uploads\/2022\/10\/Graham-vs-Villa-22_10_22_web.jpg","articleSection":["Everton Women"],"inLanguage":"cs","potentialAction":[{"@type":"CommentAction","name":"Comment","target":["https:\/\/evertonfc.cz\/index.php\/2022\/10\/23\/aston-villa-w-everton-w-01-2\/#respond"]}]},{"@type":"WebPage","@id":"https:\/\/evertonfc.cz\/index.php\/2022\/10\/23\/aston-villa-w-everton-w-01-2\/","url":"https:\/\/evertonfc.cz\/index.php\/2022\/10\/23\/aston-villa-w-everton-w-01-2\/","name":"Aston Villa W - Everton W 0:1 - Official Czech &amp; Slovak Everton Supporters&#039; Club","isPartOf":{"@id":"https:\/\/evertonfc.cz\/#website"},"primaryImageOfPage":{"@id":"https:\/\/evertonfc.cz\/index.php\/2022\/10\/23\/aston-villa-w-everton-w-01-2\/#primaryimage"},"image":{"@id":"https:\/\/evertonfc.cz\/index.php\/2022\/10\/23\/aston-villa-w-everton-w-01-2\/#primaryimage"},"thumbnailUrl":"https:\/\/evertonfc.cz\/wp-content\/uploads\/2022\/10\/Graham-vs-Villa-22_10_22_web.jpg","datePublished":"2022-10-23T18:15:14+00:00","dateModified":"2022-10-24T08:23:53+00:00","description":"Na Bescot Stadium jsou utk\u00e1n\u00ed v\u017edy t\u011b\u017ek\u00e1 a nejinak tomu bylo i nyn\u00ed. P\u0159esto si z Midlands vezeme t\u0159i body.","breadcrumb":{"@id":"https:\/\/evertonfc.cz\/index.php\/2022\/10\/23\/aston-villa-w-everton-w-01-2\/#breadcrumb"},"inLanguage":"cs","potentialAction":[{"@type":"ReadAction","target":["https:\/\/evertonfc.cz\/index.php\/2022\/10\/23\/aston-villa-w-everton-w-01-2\/"]}]},{"@type":"ImageObject","inLanguage":"cs","@id":"https:\/\/evertonfc.cz\/index.php\/2022\/10\/23\/aston-villa-w-everton-w-01-2\/#primaryimage","url":"https:\/\/evertonfc.cz\/wp-content\/uploads\/2022\/10\/Graham-vs-Villa-22_10_22_web.jpg","contentUrl":"https:\/\/evertonfc.cz\/wp-content\/uploads\/2022\/10\/Graham-vs-Villa-22_10_22_web.jpg","width":720,"height":405},{"@type":"BreadcrumbList","@id":"https:\/\/evertonfc.cz\/index.php\/2022\/10\/23\/aston-villa-w-everton-w-01-2\/#breadcrumb","itemListElement":[{"@type":"ListItem","position":1,"name":"Home","item":"https:\/\/evertonfc.cz\/"},{"@type":"ListItem","position":2,"name":"Aston Villa W &#8211; Everton W 0:1"}]},{"@type":"WebSite","@id":"https:\/\/evertonfc.cz\/#website","url":"https:\/\/evertonfc.cz\/","name":"Official Czech &amp; Slovak Everton Supporters&#039; Club","description":"","publisher":{"@id":"https:\/\/evertonfc.cz\/#organization"},"potentialAction":[{"@type":"SearchAction","target":{"@type":"EntryPoint","urlTemplate":"https:\/\/evertonfc.cz\/?s={search_term_string}"},"query-input":{"@type":"PropertyValueSpecification","valueRequired":true,"valueName":"search_term_string"}}],"inLanguage":"cs"},{"@type":"Organization","@id":"https:\/\/evertonfc.cz\/#organization","name":"Official Czech & Slovak Everton Supporters' Club","url":"https:\/\/evertonfc.cz\/","logo":{"@type":"ImageObject","inLanguage":"cs","@id":"https:\/\/evertonfc.cz\/#\/schema\/logo\/image\/","url":"https:\/\/evertonfc.cz\/wp-content\/uploads\/2019\/05\/logo.png","contentUrl":"https:\/\/evertonfc.cz\/wp-content\/uploads\/2019\/05\/logo.png","width":112,"height":112,"caption":"Official Czech & Slovak Everton Supporters' Club"},"image":{"@id":"https:\/\/evertonfc.cz\/#\/schema\/logo\/image\/"},"sameAs":["https:\/\/www.facebook.com\/everton.fans.cz.sk"]},{"@type":"Person","@id":"https:\/\/evertonfc.cz\/#\/schema\/person\/e9a24a80a32efa1344dd2c4e5882185c","name":"Karamela","url":"https:\/\/evertonfc.cz\/index.php\/author\/karamela\/"}]}},"_links":{"self":[{"href":"https:\/\/evertonfc.cz\/index.php\/wp-json\/wp\/v2\/posts\/20150"}],"collection":[{"href":"https:\/\/evertonfc.cz\/index.php\/wp-json\/wp\/v2\/posts"}],"about":[{"href":"https:\/\/evertonfc.cz\/index.php\/wp-json\/wp\/v2\/types\/post"}],"author":[{"embeddable":true,"href":"https:\/\/evertonfc.cz\/index.php\/wp-json\/wp\/v2\/users\/26"}],"replies":[{"embeddable":true,"href":"https:\/\/evertonfc.cz\/index.php\/wp-json\/wp\/v2\/comments?post=20150"}],"version-history":[{"count":16,"href":"https:\/\/evertonfc.cz\/index.php\/wp-json\/wp\/v2\/posts\/20150\/revisions"}],"predecessor-version":[{"id":20179,"href":"https:\/\/evertonfc.cz\/index.php\/wp-json\/wp\/v2\/posts\/20150\/revisions\/20179"}],"wp:featuredmedia":[{"embeddable":true,"href":"https:\/\/evertonfc.cz\/index.php\/wp-json\/wp\/v2\/media\/20159"}],"wp:attachment":[{"href":"https:\/\/evertonfc.cz\/index.php\/wp-json\/wp\/v2\/media?parent=20150"}],"wp:term":[{"taxonomy":"category","embeddable":true,"href":"https:\/\/evertonfc.cz\/index.php\/wp-json\/wp\/v2\/categories?post=20150"},{"taxonomy":"post_tag","embeddable":true,"href":"https:\/\/evertonfc.cz\/index.php\/wp-json\/wp\/v2\/tags?post=20150"}],"curies":[{"name":"wp","href":"https:\/\/api.w.org\/{rel}","templated":true}]}}