{"id":20162,"date":"2022-10-23T07:58:39","date_gmt":"2022-10-23T05:58:39","guid":{"rendered":"https:\/\/evertonfc.cz\/?p=20162"},"modified":"2022-10-24T21:48:50","modified_gmt":"2022-10-24T19:48:50","slug":"everton-crystal-palace-30","status":"publish","type":"post","link":"https:\/\/evertonfc.cz\/index.php\/2022\/10\/23\/everton-crystal-palace-30\/","title":{"rendered":"Everton &#8211; Crystal Palace 3:0"},"content":{"rendered":"<h4>Z\u00e1pas 13. kola na Goodison Parku m\u011bl v\u0161e, co si Evertonians mohli jen p\u0159\u00e1t. P\u0159esv\u011bd\u010div\u00e9 v\u00edt\u011bzstv\u00ed, pohledn\u00e9 akce, probuzen\u00e9 st\u0159elce, \u010dist\u00e9 konto. A kdy\u017e se k tomu p\u0159id\u00e1, \u017ee u soused\u016f za plotem nic, je zad\u011bl\u00e1no na kr\u00e1sn\u00fd v\u00edkend.<\/h4>\n<p>Frank Lampard nad\u00e1le d\u016fv\u011b\u0159oval sv\u00e9 obl\u00edben\u00e9 formaci 4-3-3 a po letn\u00edm upgrade i sv\u00fdm obl\u00edben\u00fdm sv\u011b\u0159enc\u016fm. Na hrotu tak nastoupil podruh\u00e9 v z\u00e1kladu DCL, na k\u0159\u00eddlech m\u011bl Gordona s Grayem, st\u0159ed obstar\u00e1vala trojice OGI (Onana,-Gueye_Iwobi). Obrana z\u016fstala ve sv\u00e9 colemanovsk\u00e9 verzi.<\/p>\n<p>Proti na\u0161im se vinou p\u00e1t\u00e9 \u017elut\u00e9 karty nepostavil do st\u0159edu pole Cheick Doucour\u00e9, neza\u010dal p\u0159ekvapiv\u011b ani Jeffrey Schlupp, a tak poprv\u00e9 v sez\u00f3n\u011b nastoupil veter\u00e1n Luka Milivojevi\u0107. O ofenz\u00edvu se starali star\u00e9 zn\u00e1m\u00e9 ksichty Ayew a Zaha, dopl\u0148ovali je mlad\u00edci Eze a Olise, na hrotu francouzsk\u00fd st\u0159elec Edouard.<\/p>\n<h4>Prvn\u00ed polo\u010das<\/h4>\n<p>Samotn\u00fd start do z\u00e1pasu p\u0159inesl aktivn\u00ed, le\u010d opatrn\u00fd n\u00e1stup dom\u00e1c\u00edch. Zkou\u0161elo se to dlouh\u00fdmi pasy, kter\u00fdmi z\u00e1loha \u010di obrana zejm\u00e9na z\u00e1sluhou Tarkowsk\u00e9ho z\u00e1sobovala nab\u00edhaj\u00edc\u00ed \u00fato\u010dn\u00e9 trio. V\u0161echny pokusy ale z\u016fst\u00e1valy bez zakon\u010den\u00ed, v\u011bt\u0161ina centr\u016f byla nep\u0159esn\u00e1, st\u0159ely zablokovan\u00e9.<\/p>\n<p>Efektivn\u011bj\u0161\u00ed ne\u017e vlastn\u00ed kreativita se uk\u00e1zala destruktivn\u00ed s\u00edla. Nejprve p\u0159i napad\u00e1n\u00ed Gray obral kv\u016fli dobr\u00e9 pr\u00e1ci Gueyeho stahuj\u00edc\u00edho se Zahu, jeho st\u0159ela ale m\u00ed\u0159ila p\u0159\u00edmo do Guaity. Host\u00e9 se ale nedok\u00e1zali ponau\u010dit. V 11. minut\u011b v\u00fdborn\u011b presoval DCL, Milivojevi\u0107ovi vyp\u00edchl zezadu m\u00ed\u010d se dostal p\u0159es Onanu k Iwobimu. Ten na v\u00e1pn\u011b uvid\u011bl pr\u00e1v\u011b DCL, kter\u00fd si po\u010d\u00ednal znamenit\u011b. Decentn\u011b obhodil Gu\u00e9hiho, tomu se podlomila kolena, pr\u016fchodu do v\u00e1pna tedy nest\u00e1l v cest\u011b, modr\u00e1 dev\u00edtka se tv\u00e1\u0159\u00ed v tv\u00e1\u0159 g\u00f3lmanovi nem\u00fdlila \u2013 <strong>1:0<\/strong>.<\/p>\n<p>Everton hru st\u00e1le kontroloval. Gordon\u016fv sra\u017een\u00fd centr si zpracoval Gray, akrobaticky to ale zazdil. Gueye p\u0159ihr\u00e1vkou vyb\u00eddl Gordona k dal\u0161\u00edmu ataku, st\u0159ela \u0161la kousek nad b\u0159evno. Do hry se za\u010dali dost\u00e1val i host\u00e9, Coleman sice dok\u00e1zal dr\u017eet krok se Zahou, ale i tak se Pob\u0159e\u017eanoslonovinovec dostal ke st\u0159ele, na\u0161t\u011bst\u00ed ale trefil Pickforda. Podobn\u011b dopadla i hlavi\u010dka Andersona po rohu Ezeho.<\/p>\n<p>Po p\u016flhodin\u011b se srazili hlavami Milivojevi\u0107 s\u00a0Coadym, ten jen tak p\u0159ed ni\u010d\u00edm neuhne. P\u0159eru\u0161en\u00ed vyu\u017eil Vieira k\u00a0domluv\u011b sv\u00fdm hr\u00e1\u010d\u016fm. Jejich kombinace ale \u010dasto p\u016fsobila riskantn\u011b, Ward i Anderson \u010dasto marn\u011b hledali adres\u00e1ty. Zaha to zase zkusil p\u00e1dem ve v\u00e1pn\u011b, ale marn\u011b.<\/p>\n<h4>Druh\u00e1 p\u016fle<\/h4>\n<p>Coleman m\u00e1 Zahu u\u017e, zd\u00e1 se, p\u0159e\u010dten\u00e9ho, v\u00fdborn\u011b ho skluzem na posledn\u00ed chv\u00edli p\u0159ipravil o v\u0161echno. V dal\u0161\u00ed nebezpe\u010dn\u00e9 \u0161anci zablokoval Coady Edouarda, n\u00e1sledn\u00fd centr nedok\u00e1zal usm\u011brnit Olise p\u0159es Mykolenka. Everton se sna\u017eil kontrovat, ale Iwobi m\u00ed\u010d zadrbal a Gray musel zabojovat, aby pak jeho pr\u016fnik p\u0159e\u0161el do opatrn\u00e9 mezihry.<\/p>\n<p>Po hodin\u011b hry fauloval Onana, p\u0159\u00edm\u00fd kop z nebezpe\u010dn\u00e9 vzd\u00e1lenosti poslal na\u0161t\u011bst\u00ed Olise nad b\u0159evno. Od Pickforda pak za\u010dala dal\u0161\u00ed kr\u00e1sn\u00e1 reozehr\u00e1vka. Po ose Coady-Coleman-Iwobi-DCL-Iwobi-Gray-Onana doputoval m\u00ed\u010d na levou stranu k Mykolenkovi. Jeho st\u0159elu m\u00ed\u0159\u00edc\u00ed k ty\u010di vyrazil Guaita jen p\u0159ed sebe na nohy p\u0159ipraven\u00e9ho Gordona, jemu\u017e sta\u010dil st\u0159\u00eddm\u00fd, le\u010d \u0161vih\u00e1ck\u00fd dotek vn\u011bj\u0161\u00edm n\u00e1rtem \u00a0k zv\u00fd\u0161en\u00ed veden\u00ed \u2013 <strong>2:0<\/strong>. Platnost chv\u00edli zkoumalo video, proto\u017ee postrann\u00ed alibisticky zdvihl praporek, ale pro technologii nebylo ve v\u011bci sporu.<\/p>\n<p>To u\u017e na h\u0159i\u0161ti byli Schlupp a Mateta, kter\u00fdm m\u00edsto ud\u011blali Olise a Milivojevi\u0107. Eagles za\u010dali b\u00fdt nerv\u00f3zn\u011bj\u0161\u00ed, zhruba v 66. minut\u011b do\u0161lo ke strkanici, hlavn\u00edmi akt\u00e9ry byli snad Ward a Tarkowski, ale p\u0159id\u00e1vali se i dal\u0161\u00ed. Rozhod\u010d\u00ed Hooper, do t\u00e9 doby m\u00edrn\u00fd jako ber\u00e1nek, rozdal 4 \u017elut\u00e9 karty, za n\u00e1s jen Tarkowsk\u00e9mu. Ten pak zastavil mistrn\u011b Matetu, ale dal\u0161\u00ed \u017elutou si vyslou\u017eil Gray za faul na Gu\u00e9hiho. Obratem ho nahradil McNeil.<\/p>\n<p>Matet\u016fv centr vr\u00e1til Ayew p\u0159ed branku, kde zakon\u010doval dal\u0161\u00ed novic Ebiowei. Mateta byl aktivn\u00ed znovu hlavou, ale pak to p\u0159ehnal p\u0159i atakov\u00e1n\u00ed a vid\u011bl dal\u0161\u00ed \u017elutou. Na \u0159ad\u011b byla dal\u0161\u00ed par\u00e1dn\u00ed akce Toffees. McNeill se proh\u00e1\u010dkoval po lev\u00e9 stran\u011b, prostr\u010dil do v\u00e1pna na Iwobiho. Jeho pati\u010dka byla d\u016fkazem sebev\u011bdom\u00ed nig\u00e9rijsk\u00e9ho st\u0159edopola\u0159e a lah\u016fdkou pro McNeila \u2013 <strong>3:0<\/strong>. Z\u00e1pas u\u017e se pak jen dohr\u00e1val, na h\u0159i\u0161ti se objevili kr\u00e1tce i dal\u0161\u00ed n\u00e1hradn\u00edci Maupay, Davies, Doucour\u00e9 a Gardner, kter\u00fd se zapsal do z\u00e1pisu \u017elutou po faulu na Zahu. Eze z p\u0159\u00edm\u00e1ku na\u0161t\u011bst\u00ed nepokazil Pickfordovi a spol. perfektn\u00ed den.<\/p>\n<p>Everton tedy po 3 por\u00e1\u017ek\u00e1ch zabral a smetl mdl\u00e9 Palace. Lampard mohl b\u00fdt absolutn\u011b spokojen. Vyzdvihl dobrou organizaci hry, agresivitu a energii. Radost jemu i n\u00e1m ud\u011blaly p\u011bkn\u00e9 branky po dobr\u00e9 t\u00fdmov\u00e9 h\u0159e. Pr\u00e1ce ale pokra\u010duje, Frank v\u00ed, \u017ee mus\u00edme z\u016fstat nohama na zemi. Snad byl v\u00fdkon p\u0159\u00edslibem, napln\u011bn\u00edm toho, co lze od t\u011bchto hr\u00e1\u010d\u016f o\u010dek\u00e1vat. Nepr\u016fchoz\u00ed defenz\u00edva s Coadym a Tarkowsk\u00fdm, skv\u011bl\u00e1 pr\u00e1ce v z\u00e1loze od Onany, snov\u00e1 produktivita z k\u0159\u00eddel. Ze v\u0161ech skv\u011bl\u00fdch v\u00fdkon\u016f zaslou\u017e\u00ed cenu Alex Iwobi, na 2 branky p\u0159\u00edmo p\u0159ihr\u00e1l, pod\u00edlel se na rychl\u00e9m p\u0159echodu u t\u00e9 dal\u0161\u00ed. A tak to m\u00e1 b\u00fdt.<\/p>\n<p style=\"text-align: right;\"><span style=\"font-size: 8pt;\">foto zdroj: <a href=\"https:\/\/www.republicworld.com\/sports-news\/football-news\/everton-ends-3-game-skid-with-3-0-win-over-crystal-palace-articleshow.html\">republicworld.com<\/a><\/span><\/p>\n<p><strong>Branky:<\/strong> 11\u2018 Calvert-Lewin (Iwobi), 63\u2018 Gordon, 84\u2018 McNeil (Iwobi)<\/p>\n<p><strong>\u017dlut\u00e9 karty:<\/strong> 68\u2018 Zaha, 68\u2018 Gu\u00e9hi, 68\u2018 Schlupp, 80\u2018 Mateta &#8211; 68\u2018 Tarkowski, 70\u2018 Gray, 90\u2018 Garner<\/p>\n<p><strong>Everton FC:<\/strong> Pickford \u2013 Coleman, Coady, Tarkowski, Mykolenko \u2013 Gueye (86\u2018 Davies), Onana (78\u2018 Garner), Iwobi \u2013 Gordon (86\u2018 Doucour\u00e9), Gray (73\u2018 McNeil), Calvert-Lewin (78\u2018 Maupay)<\/p>\n<p><strong>Crystal Palace FC:<\/strong> Guaita \u2013 Ward, Andersen, Gu\u00e9hi, Mitchell \u2013 Milivojevic (62\u2018 Schlupp), Olise, (70\u2018 Mateta), Ayew (75\u2018 Ebiowei) \u2013 Eze, Zaha, \u00c9douard<\/p>\n<p><strong>Rozhod\u010d\u00ed:<\/strong> Simon Hooper\u00a0 <strong>Div\u00e1k\u016f:<\/strong> 38 939<\/p>\n","protected":false},"excerpt":{"rendered":"<p>Z\u00e1pas 13. kola na Goodison Park m\u011bl v\u0161e, co si Evertonians mohli jen p\u0159\u00e1t. P\u0159esv\u011bd\u010div\u00e9 v\u00edt\u011bzstv\u00ed, pohledn\u00e9 akce, probuzen\u00e9 st\u0159elce, \u010dist\u00e9 konto. A kdy\u017e se k tomu p\u0159id\u00e1, \u017ee u soused\u016f za plotem nic, je zad\u011bl\u00e1no na kr\u00e1sn\u00fd v\u00edkend.\u00a0\u00a0<\/p>\n","protected":false},"author":10,"featured_media":20163,"comment_status":"open","ping_status":"closed","sticky":false,"template":"","format":"standard","meta":{"_eb_attr":"","_monsterinsights_skip_tracking":false,"_monsterinsights_sitenote_active":false,"_monsterinsights_sitenote_note":"","_monsterinsights_sitenote_category":0,"footnotes":""},"categories":[4],"tags":[],"yoast_head":"<!-- This site is optimized with the Yoast SEO plugin v23.4 - https:\/\/yoast.com\/wordpress\/plugins\/seo\/ -->\n<title>Everton - Crystal Palace 3:0 - Official Czech &amp; Slovak Everton Supporters&#039; Club<\/title>\n<meta name=\"robots\" content=\"index, follow, max-snippet:-1, max-image-preview:large, max-video-preview:-1\" \/>\n<link rel=\"canonical\" href=\"https:\/\/evertonfc.cz\/index.php\/2022\/10\/23\/everton-crystal-palace-30\/\" \/>\n<meta property=\"og:locale\" content=\"cs_CZ\" \/>\n<meta property=\"og:type\" content=\"article\" \/>\n<meta property=\"og:title\" content=\"Everton - Crystal Palace 3:0 - Official Czech &amp; Slovak Everton Supporters&#039; Club\" \/>\n<meta property=\"og:description\" content=\"Z\u00e1pas 13. kola na Goodison Park m\u011bl v\u0161e, co si Evertonians mohli jen p\u0159\u00e1t. P\u0159esv\u011bd\u010div\u00e9 v\u00edt\u011bzstv\u00ed, pohledn\u00e9 akce, probuzen\u00e9 st\u0159elce, \u010dist\u00e9 konto. A kdy\u017e se k tomu p\u0159id\u00e1, \u017ee u soused\u016f za plotem nic, je zad\u011bl\u00e1no na kr\u00e1sn\u00fd v\u00edkend.\u00a0\u00a0\" \/>\n<meta property=\"og:url\" content=\"https:\/\/evertonfc.cz\/index.php\/2022\/10\/23\/everton-crystal-palace-30\/\" \/>\n<meta property=\"og:site_name\" content=\"Official Czech &amp; Slovak Everton Supporters&#039; Club\" \/>\n<meta property=\"article:publisher\" content=\"https:\/\/www.facebook.com\/everton.fans.cz.sk\" \/>\n<meta property=\"article:published_time\" content=\"2022-10-23T05:58:39+00:00\" \/>\n<meta property=\"article:modified_time\" content=\"2022-10-24T19:48:50+00:00\" \/>\n<meta property=\"og:image\" content=\"https:\/\/evertonfc.cz\/wp-content\/uploads\/2022\/10\/palace30.jpg\" \/>\n\t<meta property=\"og:image:width\" content=\"720\" \/>\n\t<meta property=\"og:image:height\" content=\"405\" \/>\n\t<meta property=\"og:image:type\" content=\"image\/jpeg\" \/>\n<meta name=\"author\" content=\"Fip\" \/>\n<meta name=\"twitter:card\" content=\"summary_large_image\" \/>\n<meta name=\"twitter:label1\" content=\"Napsal(a)\" \/>\n\t<meta name=\"twitter:data1\" content=\"Fip\" \/>\n\t<meta name=\"twitter:label2\" content=\"Odhadovan\u00e1 doba \u010dten\u00ed\" \/>\n\t<meta name=\"twitter:data2\" content=\"5 minut\" \/>\n<script type=\"application\/ld+json\" class=\"yoast-schema-graph\">{\"@context\":\"https:\/\/schema.org\",\"@graph\":[{\"@type\":\"Article\",\"@id\":\"https:\/\/evertonfc.cz\/index.php\/2022\/10\/23\/everton-crystal-palace-30\/#article\",\"isPartOf\":{\"@id\":\"https:\/\/evertonfc.cz\/index.php\/2022\/10\/23\/everton-crystal-palace-30\/\"},\"author\":{\"name\":\"Fip\",\"@id\":\"https:\/\/evertonfc.cz\/#\/schema\/person\/35904009755e8eaa0dc1a5f5f0419002\"},\"headline\":\"Everton &#8211; Crystal Palace 3:0\",\"datePublished\":\"2022-10-23T05:58:39+00:00\",\"dateModified\":\"2022-10-24T19:48:50+00:00\",\"mainEntityOfPage\":{\"@id\":\"https:\/\/evertonfc.cz\/index.php\/2022\/10\/23\/everton-crystal-palace-30\/\"},\"wordCount\":1062,\"commentCount\":14,\"publisher\":{\"@id\":\"https:\/\/evertonfc.cz\/#organization\"},\"image\":{\"@id\":\"https:\/\/evertonfc.cz\/index.php\/2022\/10\/23\/everton-crystal-palace-30\/#primaryimage\"},\"thumbnailUrl\":\"https:\/\/evertonfc.cz\/wp-content\/uploads\/2022\/10\/palace30.jpg\",\"articleSection\":[\"Z\u00e1pasy\"],\"inLanguage\":\"cs\",\"potentialAction\":[{\"@type\":\"CommentAction\",\"name\":\"Comment\",\"target\":[\"https:\/\/evertonfc.cz\/index.php\/2022\/10\/23\/everton-crystal-palace-30\/#respond\"]}]},{\"@type\":\"WebPage\",\"@id\":\"https:\/\/evertonfc.cz\/index.php\/2022\/10\/23\/everton-crystal-palace-30\/\",\"url\":\"https:\/\/evertonfc.cz\/index.php\/2022\/10\/23\/everton-crystal-palace-30\/\",\"name\":\"Everton - Crystal Palace 3:0 - Official Czech &amp; Slovak Everton Supporters&#039; Club\",\"isPartOf\":{\"@id\":\"https:\/\/evertonfc.cz\/#website\"},\"primaryImageOfPage\":{\"@id\":\"https:\/\/evertonfc.cz\/index.php\/2022\/10\/23\/everton-crystal-palace-30\/#primaryimage\"},\"image\":{\"@id\":\"https:\/\/evertonfc.cz\/index.php\/2022\/10\/23\/everton-crystal-palace-30\/#primaryimage\"},\"thumbnailUrl\":\"https:\/\/evertonfc.cz\/wp-content\/uploads\/2022\/10\/palace30.jpg\",\"datePublished\":\"2022-10-23T05:58:39+00:00\",\"dateModified\":\"2022-10-24T19:48:50+00:00\",\"breadcrumb\":{\"@id\":\"https:\/\/evertonfc.cz\/index.php\/2022\/10\/23\/everton-crystal-palace-30\/#breadcrumb\"},\"inLanguage\":\"cs\",\"potentialAction\":[{\"@type\":\"ReadAction\",\"target\":[\"https:\/\/evertonfc.cz\/index.php\/2022\/10\/23\/everton-crystal-palace-30\/\"]}]},{\"@type\":\"ImageObject\",\"inLanguage\":\"cs\",\"@id\":\"https:\/\/evertonfc.cz\/index.php\/2022\/10\/23\/everton-crystal-palace-30\/#primaryimage\",\"url\":\"https:\/\/evertonfc.cz\/wp-content\/uploads\/2022\/10\/palace30.jpg\",\"contentUrl\":\"https:\/\/evertonfc.cz\/wp-content\/uploads\/2022\/10\/palace30.jpg\",\"width\":720,\"height\":405},{\"@type\":\"BreadcrumbList\",\"@id\":\"https:\/\/evertonfc.cz\/index.php\/2022\/10\/23\/everton-crystal-palace-30\/#breadcrumb\",\"itemListElement\":[{\"@type\":\"ListItem\",\"position\":1,\"name\":\"Home\",\"item\":\"https:\/\/evertonfc.cz\/\"},{\"@type\":\"ListItem\",\"position\":2,\"name\":\"Everton &#8211; Crystal Palace 3:0\"}]},{\"@type\":\"WebSite\",\"@id\":\"https:\/\/evertonfc.cz\/#website\",\"url\":\"https:\/\/evertonfc.cz\/\",\"name\":\"Official Czech &amp; Slovak Everton Supporters&#039; Club\",\"description\":\"\",\"publisher\":{\"@id\":\"https:\/\/evertonfc.cz\/#organization\"},\"potentialAction\":[{\"@type\":\"SearchAction\",\"target\":{\"@type\":\"EntryPoint\",\"urlTemplate\":\"https:\/\/evertonfc.cz\/?s={search_term_string}\"},\"query-input\":{\"@type\":\"PropertyValueSpecification\",\"valueRequired\":true,\"valueName\":\"search_term_string\"}}],\"inLanguage\":\"cs\"},{\"@type\":\"Organization\",\"@id\":\"https:\/\/evertonfc.cz\/#organization\",\"name\":\"Official Czech & Slovak Everton Supporters' Club\",\"url\":\"https:\/\/evertonfc.cz\/\",\"logo\":{\"@type\":\"ImageObject\",\"inLanguage\":\"cs\",\"@id\":\"https:\/\/evertonfc.cz\/#\/schema\/logo\/image\/\",\"url\":\"https:\/\/evertonfc.cz\/wp-content\/uploads\/2019\/05\/logo.png\",\"contentUrl\":\"https:\/\/evertonfc.cz\/wp-content\/uploads\/2019\/05\/logo.png\",\"width\":112,\"height\":112,\"caption\":\"Official Czech & Slovak Everton Supporters' Club\"},\"image\":{\"@id\":\"https:\/\/evertonfc.cz\/#\/schema\/logo\/image\/\"},\"sameAs\":[\"https:\/\/www.facebook.com\/everton.fans.cz.sk\"]},{\"@type\":\"Person\",\"@id\":\"https:\/\/evertonfc.cz\/#\/schema\/person\/35904009755e8eaa0dc1a5f5f0419002\",\"name\":\"Fip\",\"url\":\"https:\/\/evertonfc.cz\/index.php\/author\/fip\/\"}]}<\/script>\n<!-- \/ Yoast SEO plugin. -->","yoast_head_json":{"title":"Everton - Crystal Palace 3:0 - Official Czech &amp; Slovak Everton Supporters&#039; Club","robots":{"index":"index","follow":"follow","max-snippet":"max-snippet:-1","max-image-preview":"max-image-preview:large","max-video-preview":"max-video-preview:-1"},"canonical":"https:\/\/evertonfc.cz\/index.php\/2022\/10\/23\/everton-crystal-palace-30\/","og_locale":"cs_CZ","og_type":"article","og_title":"Everton - Crystal Palace 3:0 - Official Czech &amp; Slovak Everton Supporters&#039; Club","og_description":"Z\u00e1pas 13. kola na Goodison Park m\u011bl v\u0161e, co si Evertonians mohli jen p\u0159\u00e1t. P\u0159esv\u011bd\u010div\u00e9 v\u00edt\u011bzstv\u00ed, pohledn\u00e9 akce, probuzen\u00e9 st\u0159elce, \u010dist\u00e9 konto. A kdy\u017e se k tomu p\u0159id\u00e1, \u017ee u soused\u016f za plotem nic, je zad\u011bl\u00e1no na kr\u00e1sn\u00fd v\u00edkend.\u00a0\u00a0","og_url":"https:\/\/evertonfc.cz\/index.php\/2022\/10\/23\/everton-crystal-palace-30\/","og_site_name":"Official Czech &amp; Slovak Everton Supporters&#039; Club","article_publisher":"https:\/\/www.facebook.com\/everton.fans.cz.sk","article_published_time":"2022-10-23T05:58:39+00:00","article_modified_time":"2022-10-24T19:48:50+00:00","og_image":[{"width":720,"height":405,"url":"https:\/\/evertonfc.cz\/wp-content\/uploads\/2022\/10\/palace30.jpg","type":"image\/jpeg"}],"author":"Fip","twitter_card":"summary_large_image","twitter_misc":{"Napsal(a)":"Fip","Odhadovan\u00e1 doba \u010dten\u00ed":"5 minut"},"schema":{"@context":"https:\/\/schema.org","@graph":[{"@type":"Article","@id":"https:\/\/evertonfc.cz\/index.php\/2022\/10\/23\/everton-crystal-palace-30\/#article","isPartOf":{"@id":"https:\/\/evertonfc.cz\/index.php\/2022\/10\/23\/everton-crystal-palace-30\/"},"author":{"name":"Fip","@id":"https:\/\/evertonfc.cz\/#\/schema\/person\/35904009755e8eaa0dc1a5f5f0419002"},"headline":"Everton &#8211; Crystal Palace 3:0","datePublished":"2022-10-23T05:58:39+00:00","dateModified":"2022-10-24T19:48:50+00:00","mainEntityOfPage":{"@id":"https:\/\/evertonfc.cz\/index.php\/2022\/10\/23\/everton-crystal-palace-30\/"},"wordCount":1062,"commentCount":14,"publisher":{"@id":"https:\/\/evertonfc.cz\/#organization"},"image":{"@id":"https:\/\/evertonfc.cz\/index.php\/2022\/10\/23\/everton-crystal-palace-30\/#primaryimage"},"thumbnailUrl":"https:\/\/evertonfc.cz\/wp-content\/uploads\/2022\/10\/palace30.jpg","articleSection":["Z\u00e1pasy"],"inLanguage":"cs","potentialAction":[{"@type":"CommentAction","name":"Comment","target":["https:\/\/evertonfc.cz\/index.php\/2022\/10\/23\/everton-crystal-palace-30\/#respond"]}]},{"@type":"WebPage","@id":"https:\/\/evertonfc.cz\/index.php\/2022\/10\/23\/everton-crystal-palace-30\/","url":"https:\/\/evertonfc.cz\/index.php\/2022\/10\/23\/everton-crystal-palace-30\/","name":"Everton - Crystal Palace 3:0 - Official Czech &amp; Slovak Everton Supporters&#039; Club","isPartOf":{"@id":"https:\/\/evertonfc.cz\/#website"},"primaryImageOfPage":{"@id":"https:\/\/evertonfc.cz\/index.php\/2022\/10\/23\/everton-crystal-palace-30\/#primaryimage"},"image":{"@id":"https:\/\/evertonfc.cz\/index.php\/2022\/10\/23\/everton-crystal-palace-30\/#primaryimage"},"thumbnailUrl":"https:\/\/evertonfc.cz\/wp-content\/uploads\/2022\/10\/palace30.jpg","datePublished":"2022-10-23T05:58:39+00:00","dateModified":"2022-10-24T19:48:50+00:00","breadcrumb":{"@id":"https:\/\/evertonfc.cz\/index.php\/2022\/10\/23\/everton-crystal-palace-30\/#breadcrumb"},"inLanguage":"cs","potentialAction":[{"@type":"ReadAction","target":["https:\/\/evertonfc.cz\/index.php\/2022\/10\/23\/everton-crystal-palace-30\/"]}]},{"@type":"ImageObject","inLanguage":"cs","@id":"https:\/\/evertonfc.cz\/index.php\/2022\/10\/23\/everton-crystal-palace-30\/#primaryimage","url":"https:\/\/evertonfc.cz\/wp-content\/uploads\/2022\/10\/palace30.jpg","contentUrl":"https:\/\/evertonfc.cz\/wp-content\/uploads\/2022\/10\/palace30.jpg","width":720,"height":405},{"@type":"BreadcrumbList","@id":"https:\/\/evertonfc.cz\/index.php\/2022\/10\/23\/everton-crystal-palace-30\/#breadcrumb","itemListElement":[{"@type":"ListItem","position":1,"name":"Home","item":"https:\/\/evertonfc.cz\/"},{"@type":"ListItem","position":2,"name":"Everton &#8211; Crystal Palace 3:0"}]},{"@type":"WebSite","@id":"https:\/\/evertonfc.cz\/#website","url":"https:\/\/evertonfc.cz\/","name":"Official Czech &amp; Slovak Everton Supporters&#039; Club","description":"","publisher":{"@id":"https:\/\/evertonfc.cz\/#organization"},"potentialAction":[{"@type":"SearchAction","target":{"@type":"EntryPoint","urlTemplate":"https:\/\/evertonfc.cz\/?s={search_term_string}"},"query-input":{"@type":"PropertyValueSpecification","valueRequired":true,"valueName":"search_term_string"}}],"inLanguage":"cs"},{"@type":"Organization","@id":"https:\/\/evertonfc.cz\/#organization","name":"Official Czech & Slovak Everton Supporters' Club","url":"https:\/\/evertonfc.cz\/","logo":{"@type":"ImageObject","inLanguage":"cs","@id":"https:\/\/evertonfc.cz\/#\/schema\/logo\/image\/","url":"https:\/\/evertonfc.cz\/wp-content\/uploads\/2019\/05\/logo.png","contentUrl":"https:\/\/evertonfc.cz\/wp-content\/uploads\/2019\/05\/logo.png","width":112,"height":112,"caption":"Official Czech & Slovak Everton Supporters' Club"},"image":{"@id":"https:\/\/evertonfc.cz\/#\/schema\/logo\/image\/"},"sameAs":["https:\/\/www.facebook.com\/everton.fans.cz.sk"]},{"@type":"Person","@id":"https:\/\/evertonfc.cz\/#\/schema\/person\/35904009755e8eaa0dc1a5f5f0419002","name":"Fip","url":"https:\/\/evertonfc.cz\/index.php\/author\/fip\/"}]}},"_links":{"self":[{"href":"https:\/\/evertonfc.cz\/index.php\/wp-json\/wp\/v2\/posts\/20162"}],"collection":[{"href":"https:\/\/evertonfc.cz\/index.php\/wp-json\/wp\/v2\/posts"}],"about":[{"href":"https:\/\/evertonfc.cz\/index.php\/wp-json\/wp\/v2\/types\/post"}],"author":[{"embeddable":true,"href":"https:\/\/evertonfc.cz\/index.php\/wp-json\/wp\/v2\/users\/10"}],"replies":[{"embeddable":true,"href":"https:\/\/evertonfc.cz\/index.php\/wp-json\/wp\/v2\/comments?post=20162"}],"version-history":[{"count":8,"href":"https:\/\/evertonfc.cz\/index.php\/wp-json\/wp\/v2\/posts\/20162\/revisions"}],"predecessor-version":[{"id":20187,"href":"https:\/\/evertonfc.cz\/index.php\/wp-json\/wp\/v2\/posts\/20162\/revisions\/20187"}],"wp:featuredmedia":[{"embeddable":true,"href":"https:\/\/evertonfc.cz\/index.php\/wp-json\/wp\/v2\/media\/20163"}],"wp:attachment":[{"href":"https:\/\/evertonfc.cz\/index.php\/wp-json\/wp\/v2\/media?parent=20162"}],"wp:term":[{"taxonomy":"category","embeddable":true,"href":"https:\/\/evertonfc.cz\/index.php\/wp-json\/wp\/v2\/categories?post=20162"},{"taxonomy":"post_tag","embeddable":true,"href":"https:\/\/evertonfc.cz\/index.php\/wp-json\/wp\/v2\/tags?post=20162"}],"curies":[{"name":"wp","href":"https:\/\/api.w.org\/{rel}","templated":true}]}}