{"id":20189,"date":"2022-10-25T14:47:08","date_gmt":"2022-10-25T12:47:08","guid":{"rendered":"https:\/\/evertonfc.cz\/?p=20189"},"modified":"2025-08-03T12:34:03","modified_gmt":"2025-08-03T10:34:03","slug":"black-history-month-a-efc","status":"publish","type":"post","link":"https:\/\/evertonfc.cz\/index.php\/2022\/10\/25\/black-history-month-a-efc\/","title":{"rendered":"Black History Month a EFC"},"content":{"rendered":"<h4>Mesiac \u010derno\u0161skej hist\u00f3rie si uctili aj fan\u00fa\u0161ikovia The Toffees, a\u00a0pri tejto pr\u00edle\u017eitosti pripravili aj transparent oslavuj\u00faci ikonick\u00fdch hr\u00e1\u010dov Evertonu tmavej pleti.<\/h4>\n<p>To je n\u00e1met, ktor\u00fd stoj\u00ed za spracovanie aj pre \u010deskoslovensk\u00fdch \u010ditate\u013eov. Dajme si v\u0161ak najsk\u00f4r trochu lekcie z hist\u00f3rie. T\u00e1to oslava africkej diasp\u00f3ry vo svete pripom\u00edna v\u00fdznamn\u00e9 osobnosti a udalosti v hist\u00f3rii, no poukazuje t\u00fdm aj na s\u00fa\u010dasnos\u0165, kde sa aj napriek v\u0161emo\u017enej snahe st\u00e1le objavuje rasizmus.<\/p>\n<p>V Spojen\u00fdch \u0161t\u00e1toch (od roku 1976) a\u00a0Kanade (od roku 1995) je oslavovan\u00fd vo febru\u00e1ri, vo Ve\u013ekej Brit\u00e1nii (od roku 1987) v okt\u00f3bri. Inici\u00e1torom my\u0161lienky v USA bol historik Carter G. Woodson, ktor\u00fd zalo\u017eil v roku 1926 T\u00fd\u017ede\u0148 \u010derno\u0161skej hist\u00f3rie v druhom febru\u00e1rovom t\u00fd\u017edni. Vtedy sa narodili dvaja v\u00fdznamn\u00ed bojovn\u00edci za zru\u0161enie otroctva &#8211; prezident Abraham Lincoln a afroamerick\u00fd reform\u00e1tor Frederick Douglass.<\/p>\n<p>Woodson si ako potomok otrokov uvedomoval, \u017ee boj za rovnopr\u00e1vnos\u0165 Afroameri\u010danov a \u00faspechy, ktor\u00e9 Afroameri\u010dania dosiahli, boli ignorovan\u00e9 alebo dezinterpretovan\u00e9. Zalo\u017eil preto Asoci\u00e1ciu pre \u0161t\u00fadium afroamerick\u00e9ho \u017eivota a\u00a0hist\u00f3rie, ktor\u00e1 podporovala sk\u00famanie afroamerickej hist\u00f3rie, vyd\u00e1vala vedeck\u00fd \u010dasopis The Journal of Negro History a nesk\u00f4r ka\u017edoro\u010dne ur\u010dovala t\u00e9mu Mesiaca \u010derno\u0161skej hist\u00f3rie.<\/p>\n<h4><strong>Iniciat\u00edva fan\u00fa\u0161ikov<\/strong><\/h4>\n<p>Premier League po\u010das dvoch t\u00fd\u017ed\u0148ov medzi 8. a\u00a016. okt\u00f3brom venuje v\u0161etky z\u00e1pasy antirasistickej kampani No Room For Racism. Skupina Evertonians in\u0161pirovan\u00e1 aj Mesiacom \u010diernej hist\u00f3rie sa preto rozhodla vyrobi\u0165 transparent na po\u010des\u0165 \u010diernych hr\u00e1\u010dov klubu, a\u00a0to ako minul\u00fdch, tak aj s\u00fa\u010dasn\u00fdch.<\/p>\n<p>Na oslavu pr\u00ednosu \u010derno\u0161sk\u00fdch futbalistov pre Everton skupina fan\u00fa\u0161ikov \u201eGwladys Street 1938\u201c starostlivo vybrala \u0161iestich hr\u00e1\u010dov na z\u00e1klade ich prelomov\u00e9ho alebo v\u00fdznamn\u00e9ho vplyvu. Tento transparent ste u\u017e mohli postrehn\u00fa\u0165 rozprestret\u00fd na Gwladys Street End po\u010das nede\u013e\u0148aj\u0161ieho duelu proti Manchesteru United.<\/p>\n<p>Zobrazuje hr\u00e1\u010dov v porad\u00ed z\u013eava Joseph Yobo, Mike Trebilcock, Kevin Campbell, Cliff Marshall, Daniel Amokachi, a Dominic Calvert-Lewin. Skupina Gwladys Street 1938 spolupracuje s klubov\u00fdm oddelen\u00edm Fan Engagement, aby bezpe\u010dne zvl\u00e1dli vyvesenie transparentu v d\u0148och z\u00e1pasov. Banner je ulo\u017een\u00fd v Goodison Parku pre bezpe\u010dn\u00e9 uchovanie s cie\u013eom op\u00e4tovn\u00e9ho pou\u017eitia v bud\u00facnosti.<\/p>\n<h4><strong>Joe zo skupiny Gwladys Street 1938, ktor\u00fd banner navrhol a vyrobil:<\/strong><\/h4>\n<blockquote><p><span style=\"font-size: 12pt;\"><em>\u201eEverton m\u00e1 bohat\u00fa hist\u00f3riu \u010diernych hr\u00e1\u010dov a mysleli sme si, \u017ee je ten spr\u00e1vny \u010das osl\u00e1vi\u0165 ich. <\/em><em>Je to\u013eko hr\u00e1\u010dov, z ktor\u00fdch sme si mohli vybera\u0165, ale podarilo sa n\u00e1m to z\u00fa\u017ei\u0165 na \u0161es\u0165, ktor\u00ed prispeli obrovsk\u00fdm sp\u00f4sobom. D\u00fafajme, \u017ee hr\u00e1\u010di, ktor\u00ed s\u00fa st\u00e1le s nami, a rodiny t\u00fdch, ktor\u00ed odi\u0161li, uvidia, \u017ee Everton ako klub a jeho fan\u00fa\u0161ikovia nezab\u00fadaj\u00fa na v\u00fdznamn\u00fd vplyv, ktor\u00fd tu zanechali.\u201c<\/em><\/span><\/p><\/blockquote>\n<p>Toto Joeovo umeleck\u00e9 dielo nie je jedin\u00e9, ktor\u00e9 m\u00e1 v\u00a0reperto\u00e1ri. Pri mnoh\u00fdch pr\u00edle\u017eitostiach si dal pr\u00e1cu, a na\u00a0Gwlady Street vystavoval s\u00fa\u010dasn\u00fdch a b\u00fdval\u00fdch hr\u00e1\u010dov Evertonu, mana\u017e\u00e9rov a ned\u00e1vno aj ikonick\u00e9 ilustr\u00e1cie sl\u00e1vnej a historickej Toffee Lady, \u010di The Beatles v modrobielych \u0161\u00e1loch. Ka\u017ed\u00fd jeden z Joeov\u00fdch transparentov je starostlivo ru\u010dne vyroben\u00fd a tento nebol in\u00fd. Ako s\u00e1m prizn\u00e1va, stoj\u00ed to ve\u013ea s\u00edl:<\/p>\n<blockquote><p><span style=\"font-size: 12pt;\"><em>\u201eJe pre m\u0148a d\u00f4le\u017eit\u00e9, aby samotn\u00e9 transparenty boli autentick\u00e9 a neboli umel\u00e9, \u010do odr\u00e1\u017ea na\u0161u fan\u00fa\u0161ikovsk\u00fa z\u00e1klad\u0148u. Ka\u017ed\u00e1 v\u00fdroba transparentu od za\u010diatku do konca m\u00f4\u017ee trva\u0165 80 a\u017e 120 hod\u00edn v z\u00e1vislosti od mno\u017estva ma\u013eby a zlo\u017eitosti n\u00e1vrhu. Za\u010dnem s materi\u00e1lom na rolke a potom ju nastrih\u00e1m na mieru, zo\u0161ijem, nanesiem n\u00e1vrh, zalep\u00edm a v\u0161etko vyzna\u010d\u00edm pred ru\u010dn\u00fdm ma\u013eovan\u00edm.\u201c<\/em><\/span><\/p><\/blockquote>\n<p>V druhej \u010dasti pod n\u00e1zvom &#8222;<a href=\"https:\/\/evertonfc.cz\/index.php\/2023\/10\/20\/cernosska-stopa-v-evertone\/\"><strong>\u010cerno\u0161sk\u00e1 stopa v\u00a0Evertone<\/strong><\/a>&#8220; sa pozrieme bli\u017e\u0161ie na vy\u0161\u0161ie spom\u00ednan\u00fdch hr\u00e1\u010dov.<\/p>\n<p style=\"text-align: right;\"><span style=\"font-size: 8pt;\">(fotozdroj: evertonfc.com)<\/span><\/p>\n","protected":false},"excerpt":{"rendered":"<p>Mesiac \u010derno\u0161skej hist\u00f3rie si uctili aj fan\u00fa\u0161ikovia The Toffees, a\u00a0pri tejto pr\u00edle\u017eitosti pripravili aj transparent oslavuj\u00faci ikonick\u00fdch hr\u00e1\u010dov Evertonu tmavej pleti.<\/p>\n","protected":false},"author":1,"featured_media":20188,"comment_status":"open","ping_status":"closed","sticky":false,"template":"","format":"standard","meta":{"_eb_attr":"","_monsterinsights_skip_tracking":false,"_monsterinsights_sitenote_active":false,"_monsterinsights_sitenote_note":"","_monsterinsights_sitenote_category":0,"footnotes":""},"categories":[39],"tags":[],"yoast_head":"<!-- This site is optimized with the Yoast SEO plugin v23.4 - https:\/\/yoast.com\/wordpress\/plugins\/seo\/ -->\n<title>Black History Month a EFC - Official Czech &amp; Slovak Everton Supporters&#039; Club<\/title>\n<meta name=\"robots\" content=\"index, follow, max-snippet:-1, max-image-preview:large, max-video-preview:-1\" \/>\n<link rel=\"canonical\" href=\"https:\/\/evertonfc.cz\/index.php\/2022\/10\/25\/black-history-month-a-efc\/\" \/>\n<meta property=\"og:locale\" content=\"cs_CZ\" \/>\n<meta property=\"og:type\" content=\"article\" \/>\n<meta property=\"og:title\" content=\"Black History Month a EFC - Official Czech &amp; Slovak Everton Supporters&#039; Club\" \/>\n<meta property=\"og:description\" content=\"Mesiac \u010derno\u0161skej hist\u00f3rie si uctili aj fan\u00fa\u0161ikovia The Toffees, a\u00a0pri tejto pr\u00edle\u017eitosti pripravili aj transparent oslavuj\u00faci ikonick\u00fdch hr\u00e1\u010dov Evertonu tmavej pleti.\" \/>\n<meta property=\"og:url\" content=\"https:\/\/evertonfc.cz\/index.php\/2022\/10\/25\/black-history-month-a-efc\/\" \/>\n<meta property=\"og:site_name\" content=\"Official Czech &amp; Slovak Everton Supporters&#039; Club\" \/>\n<meta property=\"article:publisher\" content=\"https:\/\/www.facebook.com\/everton.fans.cz.sk\" \/>\n<meta property=\"article:published_time\" content=\"2022-10-25T12:47:08+00:00\" \/>\n<meta property=\"article:modified_time\" content=\"2025-08-03T10:34:03+00:00\" \/>\n<meta property=\"og:image\" content=\"https:\/\/evertonfc.cz\/wp-content\/uploads\/2022\/10\/BHM-banner-by-efc.com-14-10-2022.jpg\" \/>\n\t<meta property=\"og:image:width\" content=\"720\" \/>\n\t<meta property=\"og:image:height\" content=\"405\" \/>\n\t<meta property=\"og:image:type\" content=\"image\/jpeg\" \/>\n<meta name=\"author\" content=\"BlueBlooded\" \/>\n<meta name=\"twitter:card\" content=\"summary_large_image\" \/>\n<meta name=\"twitter:label1\" content=\"Napsal(a)\" \/>\n\t<meta name=\"twitter:data1\" content=\"BlueBlooded\" \/>\n\t<meta name=\"twitter:label2\" content=\"Odhadovan\u00e1 doba \u010dten\u00ed\" \/>\n\t<meta name=\"twitter:data2\" content=\"3 minuty\" \/>\n<script type=\"application\/ld+json\" class=\"yoast-schema-graph\">{\"@context\":\"https:\/\/schema.org\",\"@graph\":[{\"@type\":\"Article\",\"@id\":\"https:\/\/evertonfc.cz\/index.php\/2022\/10\/25\/black-history-month-a-efc\/#article\",\"isPartOf\":{\"@id\":\"https:\/\/evertonfc.cz\/index.php\/2022\/10\/25\/black-history-month-a-efc\/\"},\"author\":{\"name\":\"BlueBlooded\",\"@id\":\"https:\/\/evertonfc.cz\/#\/schema\/person\/d4493b8cbea51532597fbc4685698916\"},\"headline\":\"Black History Month a EFC\",\"datePublished\":\"2022-10-25T12:47:08+00:00\",\"dateModified\":\"2025-08-03T10:34:03+00:00\",\"mainEntityOfPage\":{\"@id\":\"https:\/\/evertonfc.cz\/index.php\/2022\/10\/25\/black-history-month-a-efc\/\"},\"wordCount\":709,\"commentCount\":0,\"publisher\":{\"@id\":\"https:\/\/evertonfc.cz\/#organization\"},\"image\":{\"@id\":\"https:\/\/evertonfc.cz\/index.php\/2022\/10\/25\/black-history-month-a-efc\/#primaryimage\"},\"thumbnailUrl\":\"https:\/\/evertonfc.cz\/wp-content\/uploads\/2022\/10\/BHM-banner-by-efc.com-14-10-2022.jpg\",\"articleSection\":[\"Blog\"],\"inLanguage\":\"cs\",\"potentialAction\":[{\"@type\":\"CommentAction\",\"name\":\"Comment\",\"target\":[\"https:\/\/evertonfc.cz\/index.php\/2022\/10\/25\/black-history-month-a-efc\/#respond\"]}]},{\"@type\":\"WebPage\",\"@id\":\"https:\/\/evertonfc.cz\/index.php\/2022\/10\/25\/black-history-month-a-efc\/\",\"url\":\"https:\/\/evertonfc.cz\/index.php\/2022\/10\/25\/black-history-month-a-efc\/\",\"name\":\"Black History Month a EFC - Official Czech &amp; Slovak Everton Supporters&#039; Club\",\"isPartOf\":{\"@id\":\"https:\/\/evertonfc.cz\/#website\"},\"primaryImageOfPage\":{\"@id\":\"https:\/\/evertonfc.cz\/index.php\/2022\/10\/25\/black-history-month-a-efc\/#primaryimage\"},\"image\":{\"@id\":\"https:\/\/evertonfc.cz\/index.php\/2022\/10\/25\/black-history-month-a-efc\/#primaryimage\"},\"thumbnailUrl\":\"https:\/\/evertonfc.cz\/wp-content\/uploads\/2022\/10\/BHM-banner-by-efc.com-14-10-2022.jpg\",\"datePublished\":\"2022-10-25T12:47:08+00:00\",\"dateModified\":\"2025-08-03T10:34:03+00:00\",\"breadcrumb\":{\"@id\":\"https:\/\/evertonfc.cz\/index.php\/2022\/10\/25\/black-history-month-a-efc\/#breadcrumb\"},\"inLanguage\":\"cs\",\"potentialAction\":[{\"@type\":\"ReadAction\",\"target\":[\"https:\/\/evertonfc.cz\/index.php\/2022\/10\/25\/black-history-month-a-efc\/\"]}]},{\"@type\":\"ImageObject\",\"inLanguage\":\"cs\",\"@id\":\"https:\/\/evertonfc.cz\/index.php\/2022\/10\/25\/black-history-month-a-efc\/#primaryimage\",\"url\":\"https:\/\/evertonfc.cz\/wp-content\/uploads\/2022\/10\/BHM-banner-by-efc.com-14-10-2022.jpg\",\"contentUrl\":\"https:\/\/evertonfc.cz\/wp-content\/uploads\/2022\/10\/BHM-banner-by-efc.com-14-10-2022.jpg\",\"width\":720,\"height\":405},{\"@type\":\"BreadcrumbList\",\"@id\":\"https:\/\/evertonfc.cz\/index.php\/2022\/10\/25\/black-history-month-a-efc\/#breadcrumb\",\"itemListElement\":[{\"@type\":\"ListItem\",\"position\":1,\"name\":\"Home\",\"item\":\"https:\/\/evertonfc.cz\/\"},{\"@type\":\"ListItem\",\"position\":2,\"name\":\"Black History Month a EFC\"}]},{\"@type\":\"WebSite\",\"@id\":\"https:\/\/evertonfc.cz\/#website\",\"url\":\"https:\/\/evertonfc.cz\/\",\"name\":\"Official Czech &amp; Slovak Everton Supporters&#039; Club\",\"description\":\"\",\"publisher\":{\"@id\":\"https:\/\/evertonfc.cz\/#organization\"},\"potentialAction\":[{\"@type\":\"SearchAction\",\"target\":{\"@type\":\"EntryPoint\",\"urlTemplate\":\"https:\/\/evertonfc.cz\/?s={search_term_string}\"},\"query-input\":{\"@type\":\"PropertyValueSpecification\",\"valueRequired\":true,\"valueName\":\"search_term_string\"}}],\"inLanguage\":\"cs\"},{\"@type\":\"Organization\",\"@id\":\"https:\/\/evertonfc.cz\/#organization\",\"name\":\"Official Czech & Slovak Everton Supporters' Club\",\"url\":\"https:\/\/evertonfc.cz\/\",\"logo\":{\"@type\":\"ImageObject\",\"inLanguage\":\"cs\",\"@id\":\"https:\/\/evertonfc.cz\/#\/schema\/logo\/image\/\",\"url\":\"https:\/\/evertonfc.cz\/wp-content\/uploads\/2019\/05\/logo.png\",\"contentUrl\":\"https:\/\/evertonfc.cz\/wp-content\/uploads\/2019\/05\/logo.png\",\"width\":112,\"height\":112,\"caption\":\"Official Czech & Slovak Everton Supporters' Club\"},\"image\":{\"@id\":\"https:\/\/evertonfc.cz\/#\/schema\/logo\/image\/\"},\"sameAs\":[\"https:\/\/www.facebook.com\/everton.fans.cz.sk\"]},{\"@type\":\"Person\",\"@id\":\"https:\/\/evertonfc.cz\/#\/schema\/person\/d4493b8cbea51532597fbc4685698916\",\"name\":\"BlueBlooded\",\"url\":\"https:\/\/evertonfc.cz\/index.php\/author\/admin\/\"}]}<\/script>\n<!-- \/ Yoast SEO plugin. -->","yoast_head_json":{"title":"Black History Month a EFC - Official Czech &amp; Slovak Everton Supporters&#039; Club","robots":{"index":"index","follow":"follow","max-snippet":"max-snippet:-1","max-image-preview":"max-image-preview:large","max-video-preview":"max-video-preview:-1"},"canonical":"https:\/\/evertonfc.cz\/index.php\/2022\/10\/25\/black-history-month-a-efc\/","og_locale":"cs_CZ","og_type":"article","og_title":"Black History Month a EFC - Official Czech &amp; Slovak Everton Supporters&#039; Club","og_description":"Mesiac \u010derno\u0161skej hist\u00f3rie si uctili aj fan\u00fa\u0161ikovia The Toffees, a\u00a0pri tejto pr\u00edle\u017eitosti pripravili aj transparent oslavuj\u00faci ikonick\u00fdch hr\u00e1\u010dov Evertonu tmavej pleti.","og_url":"https:\/\/evertonfc.cz\/index.php\/2022\/10\/25\/black-history-month-a-efc\/","og_site_name":"Official Czech &amp; Slovak Everton Supporters&#039; Club","article_publisher":"https:\/\/www.facebook.com\/everton.fans.cz.sk","article_published_time":"2022-10-25T12:47:08+00:00","article_modified_time":"2025-08-03T10:34:03+00:00","og_image":[{"width":720,"height":405,"url":"https:\/\/evertonfc.cz\/wp-content\/uploads\/2022\/10\/BHM-banner-by-efc.com-14-10-2022.jpg","type":"image\/jpeg"}],"author":"BlueBlooded","twitter_card":"summary_large_image","twitter_misc":{"Napsal(a)":"BlueBlooded","Odhadovan\u00e1 doba \u010dten\u00ed":"3 minuty"},"schema":{"@context":"https:\/\/schema.org","@graph":[{"@type":"Article","@id":"https:\/\/evertonfc.cz\/index.php\/2022\/10\/25\/black-history-month-a-efc\/#article","isPartOf":{"@id":"https:\/\/evertonfc.cz\/index.php\/2022\/10\/25\/black-history-month-a-efc\/"},"author":{"name":"BlueBlooded","@id":"https:\/\/evertonfc.cz\/#\/schema\/person\/d4493b8cbea51532597fbc4685698916"},"headline":"Black History Month a EFC","datePublished":"2022-10-25T12:47:08+00:00","dateModified":"2025-08-03T10:34:03+00:00","mainEntityOfPage":{"@id":"https:\/\/evertonfc.cz\/index.php\/2022\/10\/25\/black-history-month-a-efc\/"},"wordCount":709,"commentCount":0,"publisher":{"@id":"https:\/\/evertonfc.cz\/#organization"},"image":{"@id":"https:\/\/evertonfc.cz\/index.php\/2022\/10\/25\/black-history-month-a-efc\/#primaryimage"},"thumbnailUrl":"https:\/\/evertonfc.cz\/wp-content\/uploads\/2022\/10\/BHM-banner-by-efc.com-14-10-2022.jpg","articleSection":["Blog"],"inLanguage":"cs","potentialAction":[{"@type":"CommentAction","name":"Comment","target":["https:\/\/evertonfc.cz\/index.php\/2022\/10\/25\/black-history-month-a-efc\/#respond"]}]},{"@type":"WebPage","@id":"https:\/\/evertonfc.cz\/index.php\/2022\/10\/25\/black-history-month-a-efc\/","url":"https:\/\/evertonfc.cz\/index.php\/2022\/10\/25\/black-history-month-a-efc\/","name":"Black History Month a EFC - Official Czech &amp; Slovak Everton Supporters&#039; Club","isPartOf":{"@id":"https:\/\/evertonfc.cz\/#website"},"primaryImageOfPage":{"@id":"https:\/\/evertonfc.cz\/index.php\/2022\/10\/25\/black-history-month-a-efc\/#primaryimage"},"image":{"@id":"https:\/\/evertonfc.cz\/index.php\/2022\/10\/25\/black-history-month-a-efc\/#primaryimage"},"thumbnailUrl":"https:\/\/evertonfc.cz\/wp-content\/uploads\/2022\/10\/BHM-banner-by-efc.com-14-10-2022.jpg","datePublished":"2022-10-25T12:47:08+00:00","dateModified":"2025-08-03T10:34:03+00:00","breadcrumb":{"@id":"https:\/\/evertonfc.cz\/index.php\/2022\/10\/25\/black-history-month-a-efc\/#breadcrumb"},"inLanguage":"cs","potentialAction":[{"@type":"ReadAction","target":["https:\/\/evertonfc.cz\/index.php\/2022\/10\/25\/black-history-month-a-efc\/"]}]},{"@type":"ImageObject","inLanguage":"cs","@id":"https:\/\/evertonfc.cz\/index.php\/2022\/10\/25\/black-history-month-a-efc\/#primaryimage","url":"https:\/\/evertonfc.cz\/wp-content\/uploads\/2022\/10\/BHM-banner-by-efc.com-14-10-2022.jpg","contentUrl":"https:\/\/evertonfc.cz\/wp-content\/uploads\/2022\/10\/BHM-banner-by-efc.com-14-10-2022.jpg","width":720,"height":405},{"@type":"BreadcrumbList","@id":"https:\/\/evertonfc.cz\/index.php\/2022\/10\/25\/black-history-month-a-efc\/#breadcrumb","itemListElement":[{"@type":"ListItem","position":1,"name":"Home","item":"https:\/\/evertonfc.cz\/"},{"@type":"ListItem","position":2,"name":"Black History Month a EFC"}]},{"@type":"WebSite","@id":"https:\/\/evertonfc.cz\/#website","url":"https:\/\/evertonfc.cz\/","name":"Official Czech &amp; Slovak Everton Supporters&#039; Club","description":"","publisher":{"@id":"https:\/\/evertonfc.cz\/#organization"},"potentialAction":[{"@type":"SearchAction","target":{"@type":"EntryPoint","urlTemplate":"https:\/\/evertonfc.cz\/?s={search_term_string}"},"query-input":{"@type":"PropertyValueSpecification","valueRequired":true,"valueName":"search_term_string"}}],"inLanguage":"cs"},{"@type":"Organization","@id":"https:\/\/evertonfc.cz\/#organization","name":"Official Czech & Slovak Everton Supporters' Club","url":"https:\/\/evertonfc.cz\/","logo":{"@type":"ImageObject","inLanguage":"cs","@id":"https:\/\/evertonfc.cz\/#\/schema\/logo\/image\/","url":"https:\/\/evertonfc.cz\/wp-content\/uploads\/2019\/05\/logo.png","contentUrl":"https:\/\/evertonfc.cz\/wp-content\/uploads\/2019\/05\/logo.png","width":112,"height":112,"caption":"Official Czech & Slovak Everton Supporters' Club"},"image":{"@id":"https:\/\/evertonfc.cz\/#\/schema\/logo\/image\/"},"sameAs":["https:\/\/www.facebook.com\/everton.fans.cz.sk"]},{"@type":"Person","@id":"https:\/\/evertonfc.cz\/#\/schema\/person\/d4493b8cbea51532597fbc4685698916","name":"BlueBlooded","url":"https:\/\/evertonfc.cz\/index.php\/author\/admin\/"}]}},"_links":{"self":[{"href":"https:\/\/evertonfc.cz\/index.php\/wp-json\/wp\/v2\/posts\/20189"}],"collection":[{"href":"https:\/\/evertonfc.cz\/index.php\/wp-json\/wp\/v2\/posts"}],"about":[{"href":"https:\/\/evertonfc.cz\/index.php\/wp-json\/wp\/v2\/types\/post"}],"author":[{"embeddable":true,"href":"https:\/\/evertonfc.cz\/index.php\/wp-json\/wp\/v2\/users\/1"}],"replies":[{"embeddable":true,"href":"https:\/\/evertonfc.cz\/index.php\/wp-json\/wp\/v2\/comments?post=20189"}],"version-history":[{"count":9,"href":"https:\/\/evertonfc.cz\/index.php\/wp-json\/wp\/v2\/posts\/20189\/revisions"}],"predecessor-version":[{"id":27173,"href":"https:\/\/evertonfc.cz\/index.php\/wp-json\/wp\/v2\/posts\/20189\/revisions\/27173"}],"wp:featuredmedia":[{"embeddable":true,"href":"https:\/\/evertonfc.cz\/index.php\/wp-json\/wp\/v2\/media\/20188"}],"wp:attachment":[{"href":"https:\/\/evertonfc.cz\/index.php\/wp-json\/wp\/v2\/media?parent=20189"}],"wp:term":[{"taxonomy":"category","embeddable":true,"href":"https:\/\/evertonfc.cz\/index.php\/wp-json\/wp\/v2\/categories?post=20189"},{"taxonomy":"post_tag","embeddable":true,"href":"https:\/\/evertonfc.cz\/index.php\/wp-json\/wp\/v2\/tags?post=20189"}],"curies":[{"name":"wp","href":"https:\/\/api.w.org\/{rel}","templated":true}]}}