{"id":20229,"date":"2022-10-30T15:13:33","date_gmt":"2022-10-30T14:13:33","guid":{"rendered":"https:\/\/evertonfc.cz\/?p=20229"},"modified":"2022-11-02T10:17:00","modified_gmt":"2022-11-02T09:17:00","slug":"fulham-everton-00-2","status":"publish","type":"post","link":"https:\/\/evertonfc.cz\/index.php\/2022\/10\/30\/fulham-everton-00-2\/","title":{"rendered":"Fulham \u2013 Everton 0:0"},"content":{"rendered":"<h4>De\u013eba bodov na tr\u00e1vniku Craven Cottage by v\u00a0minulosti mo\u017eno evokovala pocity sklamania, no v\u00a0dne\u0161n\u00fdch re\u00e1liach je to adekv\u00e1tny v\u00fdkon ku klubov\u00fdm\u00a0pomerom.<\/h4>\n<p>Ak si Everton v\u00a0nasleduj\u00facich dvoch ligov\u00fdch z\u00e1pasoch udr\u017e\u00ed s\u00fa\u010dasn\u00fd dvojz\u00e1pasov\u00fd priemer z\u00edskan\u00fdch bodov, bude to predstavova\u0165 s\u013eubn\u00fa stabiliz\u00e1ciu v\u00fdkonov. S\u00a0t\u00edmami tabu\u013ekov\u00e9ho okolia nutno zbiera\u0165 body. \u010coko\u013evek nad sa pova\u017euje za pr\u00edjemn\u00e9 prekvapenie. I\u00a0ke\u010f n\u00e1ro\u010dnej\u0161\u00ed fan\u00fa\u0161ik by ocenil aspo\u0148 na oko kraj\u0161iu ofenz\u00edvu.<\/p>\n<p>Lampardov n\u00e1protivok Silva sa nechal po\u010du\u0165, \u017ee v\u00fdsledok je vzh\u013eadom na mno\u017estvo nimi vytvoren\u00fdch \u0161anc\u00ed nespravodliv\u00fd. Na \u0161ance sa v\u0161ak futbal nehr\u00e1. To je len om\u00e1\u010dka. Nezabudol tie\u017e spomen\u00fa\u0165, \u017ee dom\u00e1cim bola odopret\u00e1 penalta. My v\u0161ak m\u00f4\u017eeme kontrova\u0165 ignor\u00e1ciou \u0161\u013eap\u00e1ku Mitrovi\u0107a, ktor\u00fd ani nemal \u00famysel hra\u0165 loptu.<\/p>\n<p>Ka\u017edop\u00e1dne, duel bol pre oko modr\u00e9ho div\u00e1ka zauj\u00edmav\u00fdm pozorovan\u00edm schopnost\u00ed nov\u00e9ho t\u00edmu b\u00fdval\u00e9ho mana\u017e\u00e9ra. A\u00a0treba podotkn\u00fa\u0165, \u017ee Everton v\u00a0jeho \u00e9re nebol ani z\u010faleka tak\u00fd z\u00e1bavn\u00fd po\u010das \u00fato\u010denia. Teraj\u0161ie Karamelky maj\u00fa in\u00e9 prednosti. \u010ci\u017ee v\u00f4bec nejak\u00e9 maj\u00fa. S\u00fa drsn\u00e9, pevn\u00e9 a\u00a0nikomu ni\u010d zadarmo nedaruj\u00fa.<\/p>\n<h4><strong>1.pol\u010das<\/strong><\/h4>\n<p>Z\u00e1pas musel te\u0161i\u0165 zraky v\u0161etk\u00fdch prihliadaj\u00facich. Hralo sa od za\u010diatku v tempe, a akcie si navz\u00e1jom menili strany. V prospech host\u00ed ich vypracov\u00e1vala rovnak\u00e1 zostavu, ak\u00fa poslal na ihrisku Frank pred t\u00fd\u017ed\u0148om. \u017diadne experimentovanie ani rot\u00e1cia sa zatia\u013e nekon\u00e1. Pre Fulham sa vr\u00e1til do zostavy Diop za Adarabioya, a Kebano nahradil Wilsona. O\u010di pre pla\u010d n\u00e1m zostali z Robinsona.<\/p>\n<p>U\u017e v\u00a0piatej min\u00fate pr\u00e1\u0161il Lenove rukavice Gray. No o\u00a0tri min\u00faty nesk\u00f4r bol v\u00a0ove\u013ea v\u00e4\u010d\u0161ej \u0161anci Willian, ktor\u00fd z hranice\u00a0p\u00e4\u0165ky nechal z\u00a0oto\u010dky vynikn\u00fa\u0165 Pickfordove skvel\u00e9 reflexy vytl\u00e1\u010daj\u00face loptu nad brvno. Mitrovi\u0107 n\u00e1sledne z\u00a0rohu tesne minul. Reed sa tie\u017e pripom\u00ednal z\u00a0dia\u013eky. Jordan v\u0161ak m\u00e1 hlave iba Majstrovstv\u00e1 sveta.<\/p>\n<p>V\u00a019. min\u00fate mali The Toffees pravdepodobne najv\u00e4\u010d\u0161iu \u0161ancu cel\u00e9ho z\u00e1pasu, ke\u010f Grayov center nevedel pre ch\u00fdbaj\u00face centimetre dorazi\u0165 do siete Calvert-Lewin na prednej, ani Gordon na zadnej ty\u010di. Za zmienku stoj\u00ed aj slab\u00fd Coadyho pokus z\u00a0prv\u00e9ho dotyku rovno na brank\u00e1ra po hlbokom centri Mykolenka.<\/p>\n<p>Ream aj Tarkowski mali hlavi\u010dkov\u00e9 pokusy zo \u0161tandardiek. Ich presnos\u0165 v\u0161ak nezodpovedala g\u00f3lov\u00fdm parametrom. Dejstvo za EFC zakon\u010doval Gordon, ale mal o\u00a0jeden dotyk viac, a\u00a0tak si loptu posunul pr\u00edli\u0161 bl\u00edzko br\u00e1ny, a\u00a0poskytol tie\u017e obrane viac \u010dasu ho dost\u00fapi\u0165. Aj v\u010faka t\u00fdmto faktorom tragicky minul.<\/p>\n<h4>\u00a0<strong>2.pol\u010das<\/strong><\/h4>\n<p>Po n\u00e1vrate z kab\u00edn sa pokra\u010dovalo v p\u00f4vodnom scen\u00e1ri. Chalup\u00e1ri hrozili, Karamelky viac br\u00e1nili. Willan ani nie min\u00fatu po prest\u00e1vke takmer zariadil pokutov\u00fd kop. Rozhodca v\u0161ak neuznal pr\u00edli\u0161 slab\u00fd kontakt na jeho p\u00e1d. Op\u00e4\u0165 sa tak slovu dostal Mitrovi\u0107, ktor\u00fd si za 90 min\u00fat na ihrisku prip\u00edsal a\u017e 10 striel na br\u00e1nu. Na\u0161\u0165astie, v\u00e4\u010d\u0161ine z nich ch\u00fdbalo presn\u00e9 umiestnenie, ktor\u00fdm by vy\u0161achoval z hry Pickforda vo skvelej forme.<\/p>\n<p>Willian taktie\u017e neprest\u00e1val zvy\u0161ova\u0165 Pickfordov kredit u\u00a0Southgatea, ale na opa\u010dnej strane to viazlo. Kopa ofsajdov od DCL, nepresved\u010div\u00e1 hra kr\u00eddiel, \u010di \u017eiadne nau\u010den\u00e9 kombin\u00e1cie, ktor\u00e9 by rezultovali v\u00a0zamestn\u00e1vanie opozi\u010dn\u00e9ho str\u00e1\u017ecu sv\u00e4tyne tak, ako jeho n\u00e1protivka. Ale t\u00e1 obrana, t\u00e1 fakt dr\u017eala.<\/p>\n<p>Iba Manchester City, Arsenal a Tottenham strelili viac ako 22 g\u00f3lov, ktor\u00e9 m\u00e1 Fulham v Premier League aktu\u00e1lne na konte. Toto treba vzia\u0165 pri bezg\u00f3lovej rem\u00edze do silnej \u00favahy. Svet bude potom vyzera\u0165 omnoho ru\u017eovej\u0161\u00ed.<\/p>\n<h4><strong>Frank Lampard po z\u00e1pase:<\/strong><\/h4>\n<blockquote><p><span style=\"font-size: 12pt;\"><em>\u201eBolo to od n\u00e1s OK, ale len OK. Mali sme svetl\u00e9 momenty, ale nie ve\u013ea. Fulham je v dobrej forme a m\u00f4\u017eete to na \u0161tadi\u00f3ne c\u00edti\u0165. Ka\u017ed\u00fd z\u00e1pas je in\u00e1 v\u00fdzva, a my sme v procese pr\u00e1ce a zlep\u0161ovania sa. Dobr\u00e1 spr\u00e1va je, \u017ee minul\u00fd rok by sme tak\u00fdto z\u00e1pas prehrali. A to nieko\u013ekog\u00f3lov\u00fdm rozdielom. Teraz v\u0161ak m\u00e1me odhodlanie br\u00e1ni\u0165 a blokova\u0165 pokusy s\u00fapera. Pre Aleksandara Mitrovi\u0107a je to \u010derven\u00e1 karta, siln\u00fd z\u00e1krok nad \u010dlenkom. Je to z\u00e1krok, za ktor\u00fd sa d\u00e1vaj\u00fa \u010derven\u00e9 karty. Mali by sme dosta\u0165 tak\u00e9 rozhodnutie. M\u00e1m r\u00e1d Mitrovi\u0107a, nehovor\u00edm, \u017ee tam bol \u00famysel, ale je to frustruj\u00face. Zmenilo by to hru. Ak rozhodca rob\u00ed svoju pr\u00e1cu d\u00f4sledne, je to \u010derven\u00e1 karta. Mohol zrani\u0165 Idrissu Gueyeho.\u201c<\/em><\/span><\/p><\/blockquote>\n<h4 style=\"text-align: center;\"><strong>\u0160tatistick\u00e9 okienko:<\/strong><\/h4>\n<ul>\n<li>Everton nevyhral v posledn\u00fdch siedmich z\u00e1pasoch Premier League proti nov\u00e1\u010dikom (D3 L4). Je to najdlh\u0161ia tak\u00e1to s\u00e9ria EFC v lige od apr\u00edla 1973 (9 z\u00e1pasov).<\/li>\n<li>Od vymenovania Franka Lamparda za mana\u017e\u00e9ra Evertonu vo febru\u00e1ri 2022 len Wolverhampton (13) a Leeds United (12) nedok\u00e1zali sk\u00f3rova\u0165 vo v\u00e4\u010d\u0161om po\u010dte z\u00e1pasov Premier League ako The Toffees (11).<\/li>\n<li>EFC nedok\u00e1zalo sk\u00f3rova\u0165 v ka\u017edom z posledn\u00fdch 3 ligov\u00fdch z\u00e1pasov vonku &#8211; prv\u00fdkr\u00e1t od rovnakej s\u00e9rie vo febru\u00e1ri a\u017e marci 2015 pod veden\u00edm Roberta Mart\u00edneza.<\/li>\n<li>Hr\u00e1\u010d s\u00fapera u\u017e nebol vyl\u00fa\u010den\u00fd v \u017eiadnom z posledn\u00fdch 101 z\u00e1pasov Evertonu vo v\u0161etk\u00fdch s\u00fa\u0165a\u017eiach.<\/li>\n<li>Everton je prv\u00fdm hos\u0165uj\u00facim t\u00edmom, ktor\u00fd si v tejto sez\u00f3ne udr\u017eal \u010dist\u00e9 konto proti Fulhamu na Craven Cottage.<\/li>\n<li>James Tarkowski zablokoval v tejto sez\u00f3ne Premier League a\u017e 30 striel \u2013 minim\u00e1lne dvojn\u00e1sobok ako ak\u00fdko\u013evek in\u00fd hr\u00e1\u010d v tomto ro\u010dn\u00edku, a u\u017e teraz viac ako ktor\u00fdko\u013evek hr\u00e1\u010d Evertonu v minulej sez\u00f3ne.<\/li>\n<\/ul>\n<h3 style=\"text-align: center;\"><span style=\"color: #3366ff;\"><em><strong>Come on you Blues !!!<\/strong><\/em><\/span><\/h3>\n<p style=\"text-align: right;\"><span style=\"font-size: 8pt;\">(fotozdroj: Sky Sports)<\/span><\/p>\n<p><strong>Zostrihy:<\/strong> <a href=\"https:\/\/hoofoot.com\/?match=Fulham_v_Everton_2022_10_29\" target=\"_blank\" rel=\"noopener\">hoofoot.com<\/a>\u00a0 <strong>Mu\u017e z\u00e1pasu redakcie:<\/strong> Vitalij Mykolenko<\/p>\n<p><strong>\u017dlt\u00e9 karty:<\/strong> 24\u00b4 Mitrovi\u0107, 58\u00b4 Reid, 64\u00b4 Onana<\/p>\n<p><strong>Fulham FC:<\/strong> Leno \u2013 Reid (76\u00b4 Tete), Diop, Ream, Robinson \u2013 Reed, Palhinha \u2013 Kebano (67\u00b4 Wilson), Pereira (76\u00b4 Cairney), Willian \u2013 Mitrovi\u0107<\/p>\n<p><strong>Everton FC:<\/strong> Pickford \u2013 Coleman (64\u00b4 Patterson), Coady, Tarkowski, Mykolenko \u2013 Gueye (65\u00b4 Garner), Onana, Iwobi \u2013 Gray (76\u00b4 McNeil), Calvert-Lewin, Gordon (86\u00b4 Maupay)<\/p>\n<p><strong>Rozhodca:<\/strong> John Brooks\u00a0 <strong>Div\u00e1ci:<\/strong> 23 534<\/p>\n","protected":false},"excerpt":{"rendered":"<p>De\u013eba bodov na tr\u00e1vniku Craven Cottage by v\u00a0minulosti mo\u017eno evokovala pocity sklamania, no v\u00a0dne\u0161n\u00fdch re\u00e1liach je to adekv\u00e1tny v\u00fdkon ku klubov\u00fdm\u00a0pomerom.\u00a0<\/p>\n","protected":false},"author":1,"featured_media":20230,"comment_status":"open","ping_status":"closed","sticky":false,"template":"","format":"standard","meta":{"_eb_attr":"","_monsterinsights_skip_tracking":false,"_monsterinsights_sitenote_active":false,"_monsterinsights_sitenote_note":"","_monsterinsights_sitenote_category":0,"footnotes":""},"categories":[4],"tags":[],"yoast_head":"<!-- This site is optimized with the Yoast SEO plugin v23.4 - https:\/\/yoast.com\/wordpress\/plugins\/seo\/ -->\n<title>Fulham \u2013 Everton 0:0 - Official Czech &amp; Slovak Everton Supporters&#039; Club<\/title>\n<meta name=\"robots\" content=\"index, follow, max-snippet:-1, max-image-preview:large, max-video-preview:-1\" \/>\n<link rel=\"canonical\" href=\"https:\/\/evertonfc.cz\/index.php\/2022\/10\/30\/fulham-everton-00-2\/\" \/>\n<meta property=\"og:locale\" content=\"cs_CZ\" \/>\n<meta property=\"og:type\" content=\"article\" \/>\n<meta property=\"og:title\" content=\"Fulham \u2013 Everton 0:0 - Official Czech &amp; Slovak Everton Supporters&#039; Club\" \/>\n<meta property=\"og:description\" content=\"De\u013eba bodov na tr\u00e1vniku Craven Cottage by v\u00a0minulosti mo\u017eno evokovala pocity sklamania, no v\u00a0dne\u0161n\u00fdch re\u00e1liach je to adekv\u00e1tny v\u00fdkon ku klubov\u00fdm\u00a0pomerom.\u00a0\" \/>\n<meta property=\"og:url\" content=\"https:\/\/evertonfc.cz\/index.php\/2022\/10\/30\/fulham-everton-00-2\/\" \/>\n<meta property=\"og:site_name\" content=\"Official Czech &amp; Slovak Everton Supporters&#039; Club\" \/>\n<meta property=\"article:publisher\" content=\"https:\/\/www.facebook.com\/everton.fans.cz.sk\" \/>\n<meta property=\"article:published_time\" content=\"2022-10-30T14:13:33+00:00\" \/>\n<meta property=\"article:modified_time\" content=\"2022-11-02T09:17:00+00:00\" \/>\n<meta property=\"og:image\" content=\"https:\/\/evertonfc.cz\/wp-content\/uploads\/2022\/10\/Fulham-0-0-Everton-Coleman-Willian-30-10-2022.jpg\" \/>\n\t<meta property=\"og:image:width\" content=\"720\" \/>\n\t<meta property=\"og:image:height\" content=\"405\" \/>\n\t<meta property=\"og:image:type\" content=\"image\/jpeg\" \/>\n<meta name=\"author\" content=\"BlueBlooded\" \/>\n<meta name=\"twitter:card\" content=\"summary_large_image\" \/>\n<meta name=\"twitter:label1\" content=\"Napsal(a)\" \/>\n\t<meta name=\"twitter:data1\" content=\"BlueBlooded\" \/>\n\t<meta name=\"twitter:label2\" content=\"Odhadovan\u00e1 doba \u010dten\u00ed\" \/>\n\t<meta name=\"twitter:data2\" content=\"5 minut\" \/>\n<script type=\"application\/ld+json\" class=\"yoast-schema-graph\">{\"@context\":\"https:\/\/schema.org\",\"@graph\":[{\"@type\":\"Article\",\"@id\":\"https:\/\/evertonfc.cz\/index.php\/2022\/10\/30\/fulham-everton-00-2\/#article\",\"isPartOf\":{\"@id\":\"https:\/\/evertonfc.cz\/index.php\/2022\/10\/30\/fulham-everton-00-2\/\"},\"author\":{\"name\":\"BlueBlooded\",\"@id\":\"https:\/\/evertonfc.cz\/#\/schema\/person\/d4493b8cbea51532597fbc4685698916\"},\"headline\":\"Fulham \u2013 Everton 0:0\",\"datePublished\":\"2022-10-30T14:13:33+00:00\",\"dateModified\":\"2022-11-02T09:17:00+00:00\",\"mainEntityOfPage\":{\"@id\":\"https:\/\/evertonfc.cz\/index.php\/2022\/10\/30\/fulham-everton-00-2\/\"},\"wordCount\":1066,\"commentCount\":0,\"publisher\":{\"@id\":\"https:\/\/evertonfc.cz\/#organization\"},\"image\":{\"@id\":\"https:\/\/evertonfc.cz\/index.php\/2022\/10\/30\/fulham-everton-00-2\/#primaryimage\"},\"thumbnailUrl\":\"https:\/\/evertonfc.cz\/wp-content\/uploads\/2022\/10\/Fulham-0-0-Everton-Coleman-Willian-30-10-2022.jpg\",\"articleSection\":[\"Z\u00e1pasy\"],\"inLanguage\":\"cs\",\"potentialAction\":[{\"@type\":\"CommentAction\",\"name\":\"Comment\",\"target\":[\"https:\/\/evertonfc.cz\/index.php\/2022\/10\/30\/fulham-everton-00-2\/#respond\"]}]},{\"@type\":\"WebPage\",\"@id\":\"https:\/\/evertonfc.cz\/index.php\/2022\/10\/30\/fulham-everton-00-2\/\",\"url\":\"https:\/\/evertonfc.cz\/index.php\/2022\/10\/30\/fulham-everton-00-2\/\",\"name\":\"Fulham \u2013 Everton 0:0 - Official Czech &amp; Slovak Everton Supporters&#039; Club\",\"isPartOf\":{\"@id\":\"https:\/\/evertonfc.cz\/#website\"},\"primaryImageOfPage\":{\"@id\":\"https:\/\/evertonfc.cz\/index.php\/2022\/10\/30\/fulham-everton-00-2\/#primaryimage\"},\"image\":{\"@id\":\"https:\/\/evertonfc.cz\/index.php\/2022\/10\/30\/fulham-everton-00-2\/#primaryimage\"},\"thumbnailUrl\":\"https:\/\/evertonfc.cz\/wp-content\/uploads\/2022\/10\/Fulham-0-0-Everton-Coleman-Willian-30-10-2022.jpg\",\"datePublished\":\"2022-10-30T14:13:33+00:00\",\"dateModified\":\"2022-11-02T09:17:00+00:00\",\"breadcrumb\":{\"@id\":\"https:\/\/evertonfc.cz\/index.php\/2022\/10\/30\/fulham-everton-00-2\/#breadcrumb\"},\"inLanguage\":\"cs\",\"potentialAction\":[{\"@type\":\"ReadAction\",\"target\":[\"https:\/\/evertonfc.cz\/index.php\/2022\/10\/30\/fulham-everton-00-2\/\"]}]},{\"@type\":\"ImageObject\",\"inLanguage\":\"cs\",\"@id\":\"https:\/\/evertonfc.cz\/index.php\/2022\/10\/30\/fulham-everton-00-2\/#primaryimage\",\"url\":\"https:\/\/evertonfc.cz\/wp-content\/uploads\/2022\/10\/Fulham-0-0-Everton-Coleman-Willian-30-10-2022.jpg\",\"contentUrl\":\"https:\/\/evertonfc.cz\/wp-content\/uploads\/2022\/10\/Fulham-0-0-Everton-Coleman-Willian-30-10-2022.jpg\",\"width\":720,\"height\":405},{\"@type\":\"BreadcrumbList\",\"@id\":\"https:\/\/evertonfc.cz\/index.php\/2022\/10\/30\/fulham-everton-00-2\/#breadcrumb\",\"itemListElement\":[{\"@type\":\"ListItem\",\"position\":1,\"name\":\"Home\",\"item\":\"https:\/\/evertonfc.cz\/\"},{\"@type\":\"ListItem\",\"position\":2,\"name\":\"Fulham \u2013 Everton 0:0\"}]},{\"@type\":\"WebSite\",\"@id\":\"https:\/\/evertonfc.cz\/#website\",\"url\":\"https:\/\/evertonfc.cz\/\",\"name\":\"Official Czech &amp; Slovak Everton Supporters&#039; Club\",\"description\":\"\",\"publisher\":{\"@id\":\"https:\/\/evertonfc.cz\/#organization\"},\"potentialAction\":[{\"@type\":\"SearchAction\",\"target\":{\"@type\":\"EntryPoint\",\"urlTemplate\":\"https:\/\/evertonfc.cz\/?s={search_term_string}\"},\"query-input\":{\"@type\":\"PropertyValueSpecification\",\"valueRequired\":true,\"valueName\":\"search_term_string\"}}],\"inLanguage\":\"cs\"},{\"@type\":\"Organization\",\"@id\":\"https:\/\/evertonfc.cz\/#organization\",\"name\":\"Official Czech & Slovak Everton Supporters' Club\",\"url\":\"https:\/\/evertonfc.cz\/\",\"logo\":{\"@type\":\"ImageObject\",\"inLanguage\":\"cs\",\"@id\":\"https:\/\/evertonfc.cz\/#\/schema\/logo\/image\/\",\"url\":\"https:\/\/evertonfc.cz\/wp-content\/uploads\/2019\/05\/logo.png\",\"contentUrl\":\"https:\/\/evertonfc.cz\/wp-content\/uploads\/2019\/05\/logo.png\",\"width\":112,\"height\":112,\"caption\":\"Official Czech & Slovak Everton Supporters' Club\"},\"image\":{\"@id\":\"https:\/\/evertonfc.cz\/#\/schema\/logo\/image\/\"},\"sameAs\":[\"https:\/\/www.facebook.com\/everton.fans.cz.sk\"]},{\"@type\":\"Person\",\"@id\":\"https:\/\/evertonfc.cz\/#\/schema\/person\/d4493b8cbea51532597fbc4685698916\",\"name\":\"BlueBlooded\",\"url\":\"https:\/\/evertonfc.cz\/index.php\/author\/admin\/\"}]}<\/script>\n<!-- \/ Yoast SEO plugin. -->","yoast_head_json":{"title":"Fulham \u2013 Everton 0:0 - Official Czech &amp; Slovak Everton Supporters&#039; Club","robots":{"index":"index","follow":"follow","max-snippet":"max-snippet:-1","max-image-preview":"max-image-preview:large","max-video-preview":"max-video-preview:-1"},"canonical":"https:\/\/evertonfc.cz\/index.php\/2022\/10\/30\/fulham-everton-00-2\/","og_locale":"cs_CZ","og_type":"article","og_title":"Fulham \u2013 Everton 0:0 - Official Czech &amp; Slovak Everton Supporters&#039; Club","og_description":"De\u013eba bodov na tr\u00e1vniku Craven Cottage by v\u00a0minulosti mo\u017eno evokovala pocity sklamania, no v\u00a0dne\u0161n\u00fdch re\u00e1liach je to adekv\u00e1tny v\u00fdkon ku klubov\u00fdm\u00a0pomerom.\u00a0","og_url":"https:\/\/evertonfc.cz\/index.php\/2022\/10\/30\/fulham-everton-00-2\/","og_site_name":"Official Czech &amp; Slovak Everton Supporters&#039; Club","article_publisher":"https:\/\/www.facebook.com\/everton.fans.cz.sk","article_published_time":"2022-10-30T14:13:33+00:00","article_modified_time":"2022-11-02T09:17:00+00:00","og_image":[{"width":720,"height":405,"url":"https:\/\/evertonfc.cz\/wp-content\/uploads\/2022\/10\/Fulham-0-0-Everton-Coleman-Willian-30-10-2022.jpg","type":"image\/jpeg"}],"author":"BlueBlooded","twitter_card":"summary_large_image","twitter_misc":{"Napsal(a)":"BlueBlooded","Odhadovan\u00e1 doba \u010dten\u00ed":"5 minut"},"schema":{"@context":"https:\/\/schema.org","@graph":[{"@type":"Article","@id":"https:\/\/evertonfc.cz\/index.php\/2022\/10\/30\/fulham-everton-00-2\/#article","isPartOf":{"@id":"https:\/\/evertonfc.cz\/index.php\/2022\/10\/30\/fulham-everton-00-2\/"},"author":{"name":"BlueBlooded","@id":"https:\/\/evertonfc.cz\/#\/schema\/person\/d4493b8cbea51532597fbc4685698916"},"headline":"Fulham \u2013 Everton 0:0","datePublished":"2022-10-30T14:13:33+00:00","dateModified":"2022-11-02T09:17:00+00:00","mainEntityOfPage":{"@id":"https:\/\/evertonfc.cz\/index.php\/2022\/10\/30\/fulham-everton-00-2\/"},"wordCount":1066,"commentCount":0,"publisher":{"@id":"https:\/\/evertonfc.cz\/#organization"},"image":{"@id":"https:\/\/evertonfc.cz\/index.php\/2022\/10\/30\/fulham-everton-00-2\/#primaryimage"},"thumbnailUrl":"https:\/\/evertonfc.cz\/wp-content\/uploads\/2022\/10\/Fulham-0-0-Everton-Coleman-Willian-30-10-2022.jpg","articleSection":["Z\u00e1pasy"],"inLanguage":"cs","potentialAction":[{"@type":"CommentAction","name":"Comment","target":["https:\/\/evertonfc.cz\/index.php\/2022\/10\/30\/fulham-everton-00-2\/#respond"]}]},{"@type":"WebPage","@id":"https:\/\/evertonfc.cz\/index.php\/2022\/10\/30\/fulham-everton-00-2\/","url":"https:\/\/evertonfc.cz\/index.php\/2022\/10\/30\/fulham-everton-00-2\/","name":"Fulham \u2013 Everton 0:0 - Official Czech &amp; Slovak Everton Supporters&#039; Club","isPartOf":{"@id":"https:\/\/evertonfc.cz\/#website"},"primaryImageOfPage":{"@id":"https:\/\/evertonfc.cz\/index.php\/2022\/10\/30\/fulham-everton-00-2\/#primaryimage"},"image":{"@id":"https:\/\/evertonfc.cz\/index.php\/2022\/10\/30\/fulham-everton-00-2\/#primaryimage"},"thumbnailUrl":"https:\/\/evertonfc.cz\/wp-content\/uploads\/2022\/10\/Fulham-0-0-Everton-Coleman-Willian-30-10-2022.jpg","datePublished":"2022-10-30T14:13:33+00:00","dateModified":"2022-11-02T09:17:00+00:00","breadcrumb":{"@id":"https:\/\/evertonfc.cz\/index.php\/2022\/10\/30\/fulham-everton-00-2\/#breadcrumb"},"inLanguage":"cs","potentialAction":[{"@type":"ReadAction","target":["https:\/\/evertonfc.cz\/index.php\/2022\/10\/30\/fulham-everton-00-2\/"]}]},{"@type":"ImageObject","inLanguage":"cs","@id":"https:\/\/evertonfc.cz\/index.php\/2022\/10\/30\/fulham-everton-00-2\/#primaryimage","url":"https:\/\/evertonfc.cz\/wp-content\/uploads\/2022\/10\/Fulham-0-0-Everton-Coleman-Willian-30-10-2022.jpg","contentUrl":"https:\/\/evertonfc.cz\/wp-content\/uploads\/2022\/10\/Fulham-0-0-Everton-Coleman-Willian-30-10-2022.jpg","width":720,"height":405},{"@type":"BreadcrumbList","@id":"https:\/\/evertonfc.cz\/index.php\/2022\/10\/30\/fulham-everton-00-2\/#breadcrumb","itemListElement":[{"@type":"ListItem","position":1,"name":"Home","item":"https:\/\/evertonfc.cz\/"},{"@type":"ListItem","position":2,"name":"Fulham \u2013 Everton 0:0"}]},{"@type":"WebSite","@id":"https:\/\/evertonfc.cz\/#website","url":"https:\/\/evertonfc.cz\/","name":"Official Czech &amp; Slovak Everton Supporters&#039; Club","description":"","publisher":{"@id":"https:\/\/evertonfc.cz\/#organization"},"potentialAction":[{"@type":"SearchAction","target":{"@type":"EntryPoint","urlTemplate":"https:\/\/evertonfc.cz\/?s={search_term_string}"},"query-input":{"@type":"PropertyValueSpecification","valueRequired":true,"valueName":"search_term_string"}}],"inLanguage":"cs"},{"@type":"Organization","@id":"https:\/\/evertonfc.cz\/#organization","name":"Official Czech & Slovak Everton Supporters' Club","url":"https:\/\/evertonfc.cz\/","logo":{"@type":"ImageObject","inLanguage":"cs","@id":"https:\/\/evertonfc.cz\/#\/schema\/logo\/image\/","url":"https:\/\/evertonfc.cz\/wp-content\/uploads\/2019\/05\/logo.png","contentUrl":"https:\/\/evertonfc.cz\/wp-content\/uploads\/2019\/05\/logo.png","width":112,"height":112,"caption":"Official Czech & Slovak Everton Supporters' Club"},"image":{"@id":"https:\/\/evertonfc.cz\/#\/schema\/logo\/image\/"},"sameAs":["https:\/\/www.facebook.com\/everton.fans.cz.sk"]},{"@type":"Person","@id":"https:\/\/evertonfc.cz\/#\/schema\/person\/d4493b8cbea51532597fbc4685698916","name":"BlueBlooded","url":"https:\/\/evertonfc.cz\/index.php\/author\/admin\/"}]}},"_links":{"self":[{"href":"https:\/\/evertonfc.cz\/index.php\/wp-json\/wp\/v2\/posts\/20229"}],"collection":[{"href":"https:\/\/evertonfc.cz\/index.php\/wp-json\/wp\/v2\/posts"}],"about":[{"href":"https:\/\/evertonfc.cz\/index.php\/wp-json\/wp\/v2\/types\/post"}],"author":[{"embeddable":true,"href":"https:\/\/evertonfc.cz\/index.php\/wp-json\/wp\/v2\/users\/1"}],"replies":[{"embeddable":true,"href":"https:\/\/evertonfc.cz\/index.php\/wp-json\/wp\/v2\/comments?post=20229"}],"version-history":[{"count":10,"href":"https:\/\/evertonfc.cz\/index.php\/wp-json\/wp\/v2\/posts\/20229\/revisions"}],"predecessor-version":[{"id":20272,"href":"https:\/\/evertonfc.cz\/index.php\/wp-json\/wp\/v2\/posts\/20229\/revisions\/20272"}],"wp:featuredmedia":[{"embeddable":true,"href":"https:\/\/evertonfc.cz\/index.php\/wp-json\/wp\/v2\/media\/20230"}],"wp:attachment":[{"href":"https:\/\/evertonfc.cz\/index.php\/wp-json\/wp\/v2\/media?parent=20229"}],"wp:term":[{"taxonomy":"category","embeddable":true,"href":"https:\/\/evertonfc.cz\/index.php\/wp-json\/wp\/v2\/categories?post=20229"},{"taxonomy":"post_tag","embeddable":true,"href":"https:\/\/evertonfc.cz\/index.php\/wp-json\/wp\/v2\/tags?post=20229"}],"curies":[{"name":"wp","href":"https:\/\/api.w.org\/{rel}","templated":true}]}}