{"id":20236,"date":"2022-10-30T20:25:41","date_gmt":"2022-10-30T19:25:41","guid":{"rendered":"https:\/\/evertonfc.cz\/?p=20236"},"modified":"2022-10-31T11:24:35","modified_gmt":"2022-10-31T10:24:35","slug":"everton-w-manchester-united-w-03","status":"publish","type":"post","link":"https:\/\/evertonfc.cz\/index.php\/2022\/10\/30\/everton-w-manchester-united-w-03\/","title":{"rendered":"Everton W &#8211; Manchester United W 0:3"},"content":{"rendered":"<h4>Dal\u0161\u00ed z\u00e1pas, ve kter\u00e9m se n\u00e1m poda\u0159ilo udr\u017eet \u010dist\u00e9 konto. Bohu\u017eel na stran\u011b vst\u0159elen\u00fdch g\u00f3l\u016f. Zato na stran\u011b p\u0159\u00edjmov\u00e9 sv\u00edt\u00ed ostudn\u00e1 trojka.<\/h4>\n<p>V\u011btrem bi\u010dovan\u00fd Walton Hall park se stal d\u011bji\u0161t\u011bm dal\u0161\u00edho kroku ve snaze United zajistit si \u00fa\u010dast v poh\u00e1rov\u00e9 Evrop\u011b. V \u0159ad\u00e1ch soupe\u0159ek jsem i dnes mohli p\u0159iv\u00edtat dv\u011b b\u00fdval\u00e9 Evertonians: Milie Turner a Nikitu Parris. Branku MUTD br\u00e1nila Mary Earps, kter\u00e1 pomohla MUTD uh\u00e1jit \u010dist\u00e9 konto\u00a0 v sedmi z posledn\u00edch osmi z\u00e1pas\u016f. Celkem se j\u00ed to ve WSL poda\u0159ilo 46kr\u00e1t, co\u017e je rekord. Dom\u00e1c\u00ed do z\u00e1pasu nastupovaly pos\u00edlen\u00e9 st\u0159ede\u010dn\u00ed v\u00fdhrou nad Villans. Oproti minul\u00e9 sestav\u011b nastoupily v z\u00e1kladu\u00a0 Clare Wheeler a Aggie Bever-Jones nam\u00edsto dua Holmgaard &#8211; Snoijs. A je\u0161t\u011b Z-Cars, rozlosov\u00e1n\u00ed stran a \u0161lo se na v\u011bc.<\/p>\n<h4>\u201eJak\u00e9si kli\u010dky neobratn\u00e9 tu prov\u00e1d\u00ed\u0161\u2026\u201c<\/h4>\n<p>Za\u010d\u00e1tek z\u00e1pasu nepat\u0159il pr\u00e1v\u011b mezi ty strhuj\u00edc\u00ed. Zpo\u010d\u00e1tku jsme se sna\u017eili dostat hostky pod tlak, ale tato snaha vzala velmi rychle za sv\u00e9. Naopak to byly \u010f\u00e1blice, kdo si po\u010d\u00ednal aktivn\u011bji. Ji\u017e v 6. minut\u011b vyst\u0159elila Toone tvrd\u011b pod b\u0159evno a \u0159\u00e1dn\u011b prot\u00e1hla Brosnan. Everton odpov\u011bd\u011bl\u00a0 p\u011bknou akc\u00ed aktivn\u00ed Jess Park vpravo, ale Earps dostat do pot\u00ed\u017e\u00ed se n\u00e1m nepoda\u0159ilo.<\/p>\n<p>Ve 13. minut\u011b n\u00e1m zasadily United prvn\u00ed r\u00e1nu, kdy\u017e hlavi\u010dku Galton doklepla do s\u00edt\u011b Parris &#8211; <strong>0:1<\/strong>. O dv\u011b minuty pozd\u011bji musela zasahovat i Earps, kter\u00e1 \u010delila z ostr\u00e9ho \u00fahlu p\u00e1l\u00edc\u00ed George. United za\u010dali dominovat v dr\u017een\u00ed m\u00ed\u010de, i kdy\u017e p\u0159\u00edmo ohrozit na\u0161\u00ed branku se jim p\u0159\u00edli\u0161 neda\u0159ilo. Na\u0161e klopotn\u00e1 snaha o \u00fatok obvykle kon\u010dila p\u0159ed fin\u00e1ln\u00ed t\u0159etinou h\u0159i\u0161t\u011b. Jen Park se i nad\u00e1le ob\u010das poda\u0159ilo prov\u011btrat zadn\u00ed \u0159ady United a Beever-Jones se prezentoval st\u0159elou s v\u011btrem zp\u016fsobenou fal\u0161\u00ed a zam\u011bstnala tak manchesterskou brank\u00e1\u0159ku.<\/p>\n<p>Zakr\u00e1tko se o dal\u0161\u00ed vzru\u0161en\u00ed op\u011bt postarala Beever-Jones, kdy\u017e po jej\u00ed st\u0159ele mo\u017en\u00e1 zahr\u00e1la rukou Blundell. Ale nemaje VARu, rozhod\u010d\u00ed situaci posoudil jako regul\u00e9rn\u00ed. Polo\u010das se prodlu\u017eoval o p\u011bt minut, ale na hr\u00e1\u010dk\u00e1ch obou stran bylo vid\u011bt, \u017ee u\u017e maj\u00ed vichru dost a r\u00e1dy by se na chv\u00edli ukryly v bezv\u011bt\u0159\u00ed \u0161aten.<\/p>\n<h4>\u201e\u2026 P\u0159\u00edle\u017eitost se tu nask\u00fdt\u00e1 k rushov\u00e9mu \u00fatoku\u2026 h\u0159i\u0161t\u011b voln\u00e9, i brank\u00e1\u0159 by oko p\u0159imhou\u0159il\u2026\u201c<\/h4>\n<p>Reds za\u010daly druhou p\u016fli v\u00fdrazn\u011b ost\u0159eji. St\u0159ela Toone byla blokovan\u00e1 a n\u00e1sledn\u011b Galton tvrd\u011b p\u00e1lila t\u011bsn\u011b nad b\u0159evno. Jestli\u017ee na konci prvn\u00edho polo\u010dasu se zd\u00e1lo, \u017ee po inkasovan\u00e9m g\u00f3lu jsme se vr\u00e1tili do z\u00e1pasu, tak nav\u00e1zat na p\u0159edp\u0159est\u00e1vkov\u00fd v\u00fdkon se n\u00e1m nepoda\u0159ilo. Vla\u017en\u00e1 st\u0159ela Graham zd\u00e1lky nep\u0159edstavovala pro Earps \u017e\u00e1dn\u00fd probl\u00e9m. Ostudnou pro celou defenzivn\u00ed \u010dinnost karamel byla 55. minuta, kdy Galton cca 30 metr\u016f od br\u00e1ny z\u00edskala m\u00ed\u010d a nik\u00fdm neatakovan\u00e1 bez probl\u00e9m\u016f dorazila do v\u00e1pna, kde bez obt\u00ed\u017e\u00ed zv\u00fd\u0161ila veden\u00ed &#8211; <strong>0:2<\/strong>.<\/p>\n<p>United t\u00edmto g\u00f3lem opanovaly z\u00e1pas. Veje v 66. minut\u011b mohla sn\u00ed\u017eit, ale jej\u00ed nad\u011bjn\u00e1 st\u0159ela byla blokov\u00e1na Blundell. O dv\u011b minuty pozd\u011bji vyp\u00e1lila z hranice v\u00e1pna Ladd. Vz\u00e1p\u011bt\u00ed se dostala k m\u00ed\u010di Garcia, kter\u00e1 jej uklidila do na\u0161\u00ed s\u00edt\u011b &#8211; <strong>0:3<\/strong>. O n\u011bkolik minut pozd\u011bji jen d\u00edky z\u00e1sahu Brosnan jsme nedostali \u010dtvrt\u00fd g\u00f3l, tentokr\u00e1t z kopa\u010dky Russo. Na druh\u00e9 stran\u011b Earps zku\u0161en\u011b vychytala nad\u011bjn\u00fd pokus Holmgaard. A ke v\u0161emu jsme posledn\u00edch deset minut hry jsme dohr\u00e1vali v deseti, kdy\u017e pro zran\u011bn\u00ed odstoupila Veje a my ji\u017e nem\u011bli voln\u00e9 st\u0159\u00edd\u00e1n\u00ed. P\u0159esto se sk\u00f3re ji\u017e d\u00e1le nem\u011bnilo.<\/p>\n<h4>Neda\u0159\u00ed se, neda\u0159\u00ed<\/h4>\n<p>Proti United se n\u00e1m dlouhodob\u011b neda\u0159\u00ed. Za dobu trv\u00e1n\u00ed WSL se n\u00e1m je je\u0161t\u011b porazit nepoda\u0159ilo. Sv\u016fj pod\u00edl na tom v dne\u0161n\u00edm z\u00e1pase m\u011blo i to, \u017ee jde moment\u00e1ln\u011b o \u017eenstvo, jeho\u017e barvy h\u00e1j\u00ed t\u0159i opory anglick\u00e9 reprezentace: Toone, Russo a Earps. Reds se tento rok netaj\u00ed t\u00edm, \u017ee pokud se neprobojuj\u00ed do p\u0159\u00ed\u0161t\u00edho ro\u010dn\u00edku Champions League, bude to ne\u00fasp\u011bch. Ale kvalita soupe\u0159e nem\u016f\u017ee b\u00fdt omluvou pro n\u00e1\u0161 b\u00eddn\u00fd v\u00fdkon v druh\u00e9 p\u016fli, kdy jsme naprosto nedok\u00e1zali se soupe\u0159kami dr\u017eet krok.<\/p>\n<p>Zat\u00edmco k\u0159ik Earps diriguj\u00edc\u00ed obranu jsme sly\u0161eli i my u po\u010d\u00edta\u010d\u016f, tak na\u0161e obrana nejen\u017ee p\u016fsobila nekoordinovan\u011b, ale nejsp\u00ed\u0161 i nekoordinovan\u00e1 byla. To, \u017ee p\u0159i trochu v\u011bt\u0161\u00edm tlaku soupe\u0159e si nejsme schopni vypracovat \u0161ance se dnes op\u011bt naplno projevilo. I mana\u017eer po z\u00e1pase\u00a0 vid\u011bl v\u011bci celkem realisticky, kdy\u017e \u0159ekl pro BBC: <em>\u201e\u2026 25 minut dobr\u00e9 hry proti t\u00fdm\u016fm jako United nesta\u010d\u00ed. Pravd\u011bpodobn\u011b na t\u00e9to \u00farovni nyn\u00ed jsme\u2026\u201c<\/em><\/p>\n<p>V\u011b\u0159me tedy, \u017ee se z t\u00e9to \u00farovn\u011b co nejrychleji dostaneme. A tak\u00e9 v\u011b\u0159me, \u017ee zran\u011bn\u00ed Katrine Veje nen\u00ed nic z\u00e1va\u017en\u00e9ho. \u00c1 propos zran\u011bn\u00ed: m\u00e1me i jednu dobrou zpr\u00e1vu. Od p\u0159\u00ed\u0161t\u00edho t\u00fddne za\u010dne Nicoline S\u00f8rensen se naplno tr\u00e9novat se zbytkem \u017eenstva. Po roce se tedy zotavila z poran\u011bn\u00ed p\u0159edn\u00edho zk\u0159\u00ed\u017een\u00e9ho vazu, co\u017e je zpr\u00e1va vynikaj\u00edc\u00ed. P\u0159\u00ed\u0161t\u00ed z\u00e1pas je v ned\u011bli 6.11. od 15:00. kdy v Lond\u00fdn\u011b budeme \u010delit rozjet\u00e9mu Tottenhamu.<\/p>\n<h4 style=\"text-align: center;\"><em><span style=\"color: #0000ff;\"><strong>Come On You Blue Girls!<\/strong><\/span><\/em><\/h4>\n<p style=\"text-align: right;\"><span style=\"font-size: 8pt;\"><em>Citace z knihy Rada, \u017d\u00e1k &#8222;Bohat\u00fdrsk\u00e1 trilogie&#8220;, St\u00e1tn\u00ed nakladatelstv\u00ed kr\u00e1sn\u00e9 literatury,\u00a0 hudby a um\u011bn\u00ed n.p., Praha 1959<br \/>\n<\/em><\/span><span style=\"font-size: 8pt;\"><em>Fotografie: Karen Holmgaard. Zdroj: Getty images<\/em><\/span><\/p>\n<p><strong>Dr\u017een\u00ed m\u00ed\u010de:<\/strong> 48%:52%\u00a0 <strong>St\u0159ely<\/strong> 4:10 (na br\u00e1nu 3:5)\u00a0 <strong>Fauly<\/strong> 8:14<\/p>\n<p><strong>Branky:<\/strong> Parris (13\u00b4), Galton (55) Ladd (68\u00b4)\u00a0 <strong>\u017dK: <\/strong>George &#8211; Blundell<\/p>\n<p><strong>Everton (3-4-3):<\/strong> Brosnan; <span class=\"sp-c-lineup-pitch__player\" data-reactid=\".2fy5c3570wu.0.0.0.1.$include-17.0.0.1:$panel-0.$0.0.0.0.2.0.0.1:$home-formation-row-1.$home-player-0\"><span class=\"sp-c-lineup-pitch__player__name gs-u-display-block@xs \" data-reactid=\".2fy5c3570wu.0.0.0.1.$include-17.0.0.1:$panel-0.$0.0.0.0.2.0.0.1:$home-formation-row-1.$home-player-0.1\">Veje, S<\/span><\/span><span class=\"sp-c-lineup-pitch__player\" data-reactid=\".2fy5c3570wu.0.0.0.1.$include-17.0.0.1:$panel-0.$0.0.0.0.2.0.0.1:$home-formation-row-1.$home-player-1\"><span class=\"sp-c-lineup-pitch__player__name gs-u-display-block@xs \" data-reactid=\".2fy5c3570wu.0.0.0.1.$include-17.0.0.1:$panel-0.$0.0.0.0.2.0.0.1:$home-formation-row-1.$home-player-1.1\">evecke, <\/span><\/span><span class=\"sp-c-lineup-pitch__player\" data-reactid=\".2fy5c3570wu.0.0.0.1.$include-17.0.0.1:$panel-0.$0.0.0.0.2.0.0.1:$home-formation-row-1.$home-player-2\"><span class=\"sp-c-lineup-pitch__player__name gs-u-display-block@xs \" data-reactid=\".2fy5c3570wu.0.0.0.1.$include-17.0.0.1:$panel-0.$0.0.0.0.2.0.0.1:$home-formation-row-1.$home-player-2.1\">Finnigan (G<span data-reactid=\".2fy5c3570wu.0.0.0.1.$include-17.0.0.1:$panel-0.$0.0.0.0.3.$3PO183028.2.$0.4\">alli 69&#8242;)<\/span>; George (Stenevik 61\u00b4), Bj\u00f6rn, Wheeler, Graham (Holmgaard 62\u00b4); Park, Bennison (Christiansen 45\u00b4), Beever-Jones (Snoeijs 45\u00b4)<\/span><\/span><\/p>\n<p><strong>Manchester United (4-1-4-1): <\/strong>Earps; <span class=\"sp-c-lineup-pitch__player\" data-reactid=\".2fy5c3570wu.0.0.0.1.$include-17.0.0.1:$panel-0.$0.0.0.1.2.0.0.1:$away-formation-row-1.$away-player-0\"><span class=\"sp-c-lineup-pitch__player__name gs-u-display-block@xs \" data-reactid=\".2fy5c3570wu.0.0.0.1.$include-17.0.0.1:$panel-0.$0.0.0.1.2.0.0.1:$away-formation-row-1.$away-player-0.1\">Blundell (Thomas 81\u00b4), <\/span><\/span><span class=\"sp-c-lineup-pitch__player\" data-reactid=\".2fy5c3570wu.0.0.0.1.$include-17.0.0.1:$panel-0.$0.0.0.1.2.0.0.1:$away-formation-row-1.$away-player-1\"><span class=\"sp-c-lineup-pitch__player__name gs-u-display-block@xs \" data-reactid=\".2fy5c3570wu.0.0.0.1.$include-17.0.0.1:$panel-0.$0.0.0.1.2.0.0.1:$away-formation-row-1.$away-player-1.1\">Le Tissier (Tounkara 86\u00b4), <\/span><\/span><span class=\"sp-c-lineup-pitch__player\" data-reactid=\".2fy5c3570wu.0.0.0.1.$include-17.0.0.1:$panel-0.$0.0.0.1.2.0.0.1:$away-formation-row-1.$away-player-2\"><span class=\"sp-c-lineup-pitch__player__name gs-u-display-block@xs \" data-reactid=\".2fy5c3570wu.0.0.0.1.$include-17.0.0.1:$panel-0.$0.0.0.1.2.0.0.1:$away-formation-row-1.$away-player-2.1\">Turner, <\/span><\/span><span class=\"sp-c-lineup-pitch__player\" data-reactid=\".2fy5c3570wu.0.0.0.1.$include-17.0.0.1:$panel-0.$0.0.0.1.2.0.0.1:$away-formation-row-1.$away-player-3\"><span class=\"sp-c-lineup-pitch__player__name gs-u-display-block@xs \" data-reactid=\".2fy5c3570wu.0.0.0.1.$include-17.0.0.1:$panel-0.$0.0.0.1.2.0.0.1:$away-formation-row-1.$away-player-3.1\">Thorisd\u00f3ttir; Zelem; Garc\u00eda (Russo 7\u00b4)<span class=\"sp-c-lineup-pitch__player__number\" data-reactid=\".2fy5c3570wu.0.0.0.1.$include-17.0.0.1:$panel-0.$0.0.0.1.2.0.0.1:$away-formation-row-3.$away-player-1.0\">, <\/span>Ladd, Toone (Stainforth 71\u00b4), Galton, Parris (B\u00f8e Risa 86\u00b4)<\/span><\/span><\/p>\n<p><strong>Rozhod\u010d\u00ed: <\/strong>Adam Herczeg\u00a0 <strong>N\u00e1v\u0161t\u011bvnost:<\/strong> 1752 div\u00e1k\u016f<\/p>\n","protected":false},"excerpt":{"rendered":"<p>Dal\u0161\u00ed z\u00e1pas, ve kter\u00e9m se n\u00e1m poda\u0159ilo udr\u017eet \u010dist\u00e9 konto. Bohu\u017eel na stran\u011b vst\u0159elen\u00fdch g\u00f3l\u016f. Zato na stran\u011b p\u0159\u00edjmov\u00e9 sv\u00edt\u00ed ostudn\u00e1 trojka.<\/p>\n","protected":false},"author":26,"featured_media":20254,"comment_status":"open","ping_status":"closed","sticky":false,"template":"","format":"standard","meta":{"_eb_attr":"","_monsterinsights_skip_tracking":false,"_monsterinsights_sitenote_active":false,"_monsterinsights_sitenote_note":"","_monsterinsights_sitenote_category":0,"footnotes":""},"categories":[110],"tags":[],"yoast_head":"<!-- This site is optimized with the Yoast SEO plugin v23.4 - https:\/\/yoast.com\/wordpress\/plugins\/seo\/ -->\n<title>Everton W - Manchester United W 0:3 - Official Czech &amp; Slovak Everton Supporters&#039; Club<\/title>\n<meta name=\"robots\" content=\"index, follow, max-snippet:-1, max-image-preview:large, max-video-preview:-1\" \/>\n<link rel=\"canonical\" href=\"https:\/\/evertonfc.cz\/index.php\/2022\/10\/30\/everton-w-manchester-united-w-03\/\" \/>\n<meta property=\"og:locale\" content=\"cs_CZ\" \/>\n<meta property=\"og:type\" content=\"article\" \/>\n<meta property=\"og:title\" content=\"Everton W - Manchester United W 0:3 - Official Czech &amp; Slovak Everton Supporters&#039; Club\" \/>\n<meta property=\"og:description\" content=\"Dal\u0161\u00ed z\u00e1pas, ve kter\u00e9m se n\u00e1m poda\u0159ilo udr\u017eet \u010dist\u00e9 konto. Bohu\u017eel na stran\u011b vst\u0159elen\u00fdch g\u00f3l\u016f. Zato na stran\u011b p\u0159\u00edjmov\u00e9 sv\u00edt\u00ed ostudn\u00e1 trojka.\" \/>\n<meta property=\"og:url\" content=\"https:\/\/evertonfc.cz\/index.php\/2022\/10\/30\/everton-w-manchester-united-w-03\/\" \/>\n<meta property=\"og:site_name\" content=\"Official Czech &amp; Slovak Everton Supporters&#039; Club\" \/>\n<meta property=\"article:publisher\" content=\"https:\/\/www.facebook.com\/everton.fans.cz.sk\" \/>\n<meta property=\"article:published_time\" content=\"2022-10-30T19:25:41+00:00\" \/>\n<meta property=\"article:modified_time\" content=\"2022-10-31T10:24:35+00:00\" \/>\n<meta property=\"og:image\" content=\"https:\/\/evertonfc.cz\/wp-content\/uploads\/2022\/10\/Holmgaard-vs-Manchester-United-W.jpg\" \/>\n\t<meta property=\"og:image:width\" content=\"1200\" \/>\n\t<meta property=\"og:image:height\" content=\"675\" \/>\n\t<meta property=\"og:image:type\" content=\"image\/jpeg\" \/>\n<meta name=\"author\" content=\"Karamela\" \/>\n<meta name=\"twitter:card\" content=\"summary_large_image\" \/>\n<meta name=\"twitter:label1\" content=\"Napsal(a)\" \/>\n\t<meta name=\"twitter:data1\" content=\"Karamela\" \/>\n\t<meta name=\"twitter:label2\" content=\"Odhadovan\u00e1 doba \u010dten\u00ed\" \/>\n\t<meta name=\"twitter:data2\" content=\"5 minut\" \/>\n<script type=\"application\/ld+json\" class=\"yoast-schema-graph\">{\"@context\":\"https:\/\/schema.org\",\"@graph\":[{\"@type\":\"Article\",\"@id\":\"https:\/\/evertonfc.cz\/index.php\/2022\/10\/30\/everton-w-manchester-united-w-03\/#article\",\"isPartOf\":{\"@id\":\"https:\/\/evertonfc.cz\/index.php\/2022\/10\/30\/everton-w-manchester-united-w-03\/\"},\"author\":{\"name\":\"Karamela\",\"@id\":\"https:\/\/evertonfc.cz\/#\/schema\/person\/e9a24a80a32efa1344dd2c4e5882185c\"},\"headline\":\"Everton W &#8211; Manchester United W 0:3\",\"datePublished\":\"2022-10-30T19:25:41+00:00\",\"dateModified\":\"2022-10-31T10:24:35+00:00\",\"mainEntityOfPage\":{\"@id\":\"https:\/\/evertonfc.cz\/index.php\/2022\/10\/30\/everton-w-manchester-united-w-03\/\"},\"wordCount\":1096,\"commentCount\":0,\"publisher\":{\"@id\":\"https:\/\/evertonfc.cz\/#organization\"},\"image\":{\"@id\":\"https:\/\/evertonfc.cz\/index.php\/2022\/10\/30\/everton-w-manchester-united-w-03\/#primaryimage\"},\"thumbnailUrl\":\"https:\/\/evertonfc.cz\/wp-content\/uploads\/2022\/10\/Holmgaard-vs-Manchester-United-W.jpg\",\"articleSection\":[\"Everton Women\"],\"inLanguage\":\"cs\",\"potentialAction\":[{\"@type\":\"CommentAction\",\"name\":\"Comment\",\"target\":[\"https:\/\/evertonfc.cz\/index.php\/2022\/10\/30\/everton-w-manchester-united-w-03\/#respond\"]}]},{\"@type\":\"WebPage\",\"@id\":\"https:\/\/evertonfc.cz\/index.php\/2022\/10\/30\/everton-w-manchester-united-w-03\/\",\"url\":\"https:\/\/evertonfc.cz\/index.php\/2022\/10\/30\/everton-w-manchester-united-w-03\/\",\"name\":\"Everton W - Manchester United W 0:3 - Official Czech &amp; Slovak Everton Supporters&#039; Club\",\"isPartOf\":{\"@id\":\"https:\/\/evertonfc.cz\/#website\"},\"primaryImageOfPage\":{\"@id\":\"https:\/\/evertonfc.cz\/index.php\/2022\/10\/30\/everton-w-manchester-united-w-03\/#primaryimage\"},\"image\":{\"@id\":\"https:\/\/evertonfc.cz\/index.php\/2022\/10\/30\/everton-w-manchester-united-w-03\/#primaryimage\"},\"thumbnailUrl\":\"https:\/\/evertonfc.cz\/wp-content\/uploads\/2022\/10\/Holmgaard-vs-Manchester-United-W.jpg\",\"datePublished\":\"2022-10-30T19:25:41+00:00\",\"dateModified\":\"2022-10-31T10:24:35+00:00\",\"breadcrumb\":{\"@id\":\"https:\/\/evertonfc.cz\/index.php\/2022\/10\/30\/everton-w-manchester-united-w-03\/#breadcrumb\"},\"inLanguage\":\"cs\",\"potentialAction\":[{\"@type\":\"ReadAction\",\"target\":[\"https:\/\/evertonfc.cz\/index.php\/2022\/10\/30\/everton-w-manchester-united-w-03\/\"]}]},{\"@type\":\"ImageObject\",\"inLanguage\":\"cs\",\"@id\":\"https:\/\/evertonfc.cz\/index.php\/2022\/10\/30\/everton-w-manchester-united-w-03\/#primaryimage\",\"url\":\"https:\/\/evertonfc.cz\/wp-content\/uploads\/2022\/10\/Holmgaard-vs-Manchester-United-W.jpg\",\"contentUrl\":\"https:\/\/evertonfc.cz\/wp-content\/uploads\/2022\/10\/Holmgaard-vs-Manchester-United-W.jpg\",\"width\":1200,\"height\":675},{\"@type\":\"BreadcrumbList\",\"@id\":\"https:\/\/evertonfc.cz\/index.php\/2022\/10\/30\/everton-w-manchester-united-w-03\/#breadcrumb\",\"itemListElement\":[{\"@type\":\"ListItem\",\"position\":1,\"name\":\"Home\",\"item\":\"https:\/\/evertonfc.cz\/\"},{\"@type\":\"ListItem\",\"position\":2,\"name\":\"Everton W &#8211; Manchester United W 0:3\"}]},{\"@type\":\"WebSite\",\"@id\":\"https:\/\/evertonfc.cz\/#website\",\"url\":\"https:\/\/evertonfc.cz\/\",\"name\":\"Official Czech &amp; Slovak Everton Supporters&#039; Club\",\"description\":\"\",\"publisher\":{\"@id\":\"https:\/\/evertonfc.cz\/#organization\"},\"potentialAction\":[{\"@type\":\"SearchAction\",\"target\":{\"@type\":\"EntryPoint\",\"urlTemplate\":\"https:\/\/evertonfc.cz\/?s={search_term_string}\"},\"query-input\":{\"@type\":\"PropertyValueSpecification\",\"valueRequired\":true,\"valueName\":\"search_term_string\"}}],\"inLanguage\":\"cs\"},{\"@type\":\"Organization\",\"@id\":\"https:\/\/evertonfc.cz\/#organization\",\"name\":\"Official Czech & Slovak Everton Supporters' Club\",\"url\":\"https:\/\/evertonfc.cz\/\",\"logo\":{\"@type\":\"ImageObject\",\"inLanguage\":\"cs\",\"@id\":\"https:\/\/evertonfc.cz\/#\/schema\/logo\/image\/\",\"url\":\"https:\/\/evertonfc.cz\/wp-content\/uploads\/2019\/05\/logo.png\",\"contentUrl\":\"https:\/\/evertonfc.cz\/wp-content\/uploads\/2019\/05\/logo.png\",\"width\":112,\"height\":112,\"caption\":\"Official Czech & Slovak Everton Supporters' Club\"},\"image\":{\"@id\":\"https:\/\/evertonfc.cz\/#\/schema\/logo\/image\/\"},\"sameAs\":[\"https:\/\/www.facebook.com\/everton.fans.cz.sk\"]},{\"@type\":\"Person\",\"@id\":\"https:\/\/evertonfc.cz\/#\/schema\/person\/e9a24a80a32efa1344dd2c4e5882185c\",\"name\":\"Karamela\",\"url\":\"https:\/\/evertonfc.cz\/index.php\/author\/karamela\/\"}]}<\/script>\n<!-- \/ Yoast SEO plugin. -->","yoast_head_json":{"title":"Everton W - Manchester United W 0:3 - Official Czech &amp; Slovak Everton Supporters&#039; Club","robots":{"index":"index","follow":"follow","max-snippet":"max-snippet:-1","max-image-preview":"max-image-preview:large","max-video-preview":"max-video-preview:-1"},"canonical":"https:\/\/evertonfc.cz\/index.php\/2022\/10\/30\/everton-w-manchester-united-w-03\/","og_locale":"cs_CZ","og_type":"article","og_title":"Everton W - Manchester United W 0:3 - Official Czech &amp; Slovak Everton Supporters&#039; Club","og_description":"Dal\u0161\u00ed z\u00e1pas, ve kter\u00e9m se n\u00e1m poda\u0159ilo udr\u017eet \u010dist\u00e9 konto. Bohu\u017eel na stran\u011b vst\u0159elen\u00fdch g\u00f3l\u016f. Zato na stran\u011b p\u0159\u00edjmov\u00e9 sv\u00edt\u00ed ostudn\u00e1 trojka.","og_url":"https:\/\/evertonfc.cz\/index.php\/2022\/10\/30\/everton-w-manchester-united-w-03\/","og_site_name":"Official Czech &amp; Slovak Everton Supporters&#039; Club","article_publisher":"https:\/\/www.facebook.com\/everton.fans.cz.sk","article_published_time":"2022-10-30T19:25:41+00:00","article_modified_time":"2022-10-31T10:24:35+00:00","og_image":[{"width":1200,"height":675,"url":"https:\/\/evertonfc.cz\/wp-content\/uploads\/2022\/10\/Holmgaard-vs-Manchester-United-W.jpg","type":"image\/jpeg"}],"author":"Karamela","twitter_card":"summary_large_image","twitter_misc":{"Napsal(a)":"Karamela","Odhadovan\u00e1 doba \u010dten\u00ed":"5 minut"},"schema":{"@context":"https:\/\/schema.org","@graph":[{"@type":"Article","@id":"https:\/\/evertonfc.cz\/index.php\/2022\/10\/30\/everton-w-manchester-united-w-03\/#article","isPartOf":{"@id":"https:\/\/evertonfc.cz\/index.php\/2022\/10\/30\/everton-w-manchester-united-w-03\/"},"author":{"name":"Karamela","@id":"https:\/\/evertonfc.cz\/#\/schema\/person\/e9a24a80a32efa1344dd2c4e5882185c"},"headline":"Everton W &#8211; Manchester United W 0:3","datePublished":"2022-10-30T19:25:41+00:00","dateModified":"2022-10-31T10:24:35+00:00","mainEntityOfPage":{"@id":"https:\/\/evertonfc.cz\/index.php\/2022\/10\/30\/everton-w-manchester-united-w-03\/"},"wordCount":1096,"commentCount":0,"publisher":{"@id":"https:\/\/evertonfc.cz\/#organization"},"image":{"@id":"https:\/\/evertonfc.cz\/index.php\/2022\/10\/30\/everton-w-manchester-united-w-03\/#primaryimage"},"thumbnailUrl":"https:\/\/evertonfc.cz\/wp-content\/uploads\/2022\/10\/Holmgaard-vs-Manchester-United-W.jpg","articleSection":["Everton Women"],"inLanguage":"cs","potentialAction":[{"@type":"CommentAction","name":"Comment","target":["https:\/\/evertonfc.cz\/index.php\/2022\/10\/30\/everton-w-manchester-united-w-03\/#respond"]}]},{"@type":"WebPage","@id":"https:\/\/evertonfc.cz\/index.php\/2022\/10\/30\/everton-w-manchester-united-w-03\/","url":"https:\/\/evertonfc.cz\/index.php\/2022\/10\/30\/everton-w-manchester-united-w-03\/","name":"Everton W - Manchester United W 0:3 - Official Czech &amp; Slovak Everton Supporters&#039; Club","isPartOf":{"@id":"https:\/\/evertonfc.cz\/#website"},"primaryImageOfPage":{"@id":"https:\/\/evertonfc.cz\/index.php\/2022\/10\/30\/everton-w-manchester-united-w-03\/#primaryimage"},"image":{"@id":"https:\/\/evertonfc.cz\/index.php\/2022\/10\/30\/everton-w-manchester-united-w-03\/#primaryimage"},"thumbnailUrl":"https:\/\/evertonfc.cz\/wp-content\/uploads\/2022\/10\/Holmgaard-vs-Manchester-United-W.jpg","datePublished":"2022-10-30T19:25:41+00:00","dateModified":"2022-10-31T10:24:35+00:00","breadcrumb":{"@id":"https:\/\/evertonfc.cz\/index.php\/2022\/10\/30\/everton-w-manchester-united-w-03\/#breadcrumb"},"inLanguage":"cs","potentialAction":[{"@type":"ReadAction","target":["https:\/\/evertonfc.cz\/index.php\/2022\/10\/30\/everton-w-manchester-united-w-03\/"]}]},{"@type":"ImageObject","inLanguage":"cs","@id":"https:\/\/evertonfc.cz\/index.php\/2022\/10\/30\/everton-w-manchester-united-w-03\/#primaryimage","url":"https:\/\/evertonfc.cz\/wp-content\/uploads\/2022\/10\/Holmgaard-vs-Manchester-United-W.jpg","contentUrl":"https:\/\/evertonfc.cz\/wp-content\/uploads\/2022\/10\/Holmgaard-vs-Manchester-United-W.jpg","width":1200,"height":675},{"@type":"BreadcrumbList","@id":"https:\/\/evertonfc.cz\/index.php\/2022\/10\/30\/everton-w-manchester-united-w-03\/#breadcrumb","itemListElement":[{"@type":"ListItem","position":1,"name":"Home","item":"https:\/\/evertonfc.cz\/"},{"@type":"ListItem","position":2,"name":"Everton W &#8211; Manchester United W 0:3"}]},{"@type":"WebSite","@id":"https:\/\/evertonfc.cz\/#website","url":"https:\/\/evertonfc.cz\/","name":"Official Czech &amp; Slovak Everton Supporters&#039; Club","description":"","publisher":{"@id":"https:\/\/evertonfc.cz\/#organization"},"potentialAction":[{"@type":"SearchAction","target":{"@type":"EntryPoint","urlTemplate":"https:\/\/evertonfc.cz\/?s={search_term_string}"},"query-input":{"@type":"PropertyValueSpecification","valueRequired":true,"valueName":"search_term_string"}}],"inLanguage":"cs"},{"@type":"Organization","@id":"https:\/\/evertonfc.cz\/#organization","name":"Official Czech & Slovak Everton Supporters' Club","url":"https:\/\/evertonfc.cz\/","logo":{"@type":"ImageObject","inLanguage":"cs","@id":"https:\/\/evertonfc.cz\/#\/schema\/logo\/image\/","url":"https:\/\/evertonfc.cz\/wp-content\/uploads\/2019\/05\/logo.png","contentUrl":"https:\/\/evertonfc.cz\/wp-content\/uploads\/2019\/05\/logo.png","width":112,"height":112,"caption":"Official Czech & Slovak Everton Supporters' Club"},"image":{"@id":"https:\/\/evertonfc.cz\/#\/schema\/logo\/image\/"},"sameAs":["https:\/\/www.facebook.com\/everton.fans.cz.sk"]},{"@type":"Person","@id":"https:\/\/evertonfc.cz\/#\/schema\/person\/e9a24a80a32efa1344dd2c4e5882185c","name":"Karamela","url":"https:\/\/evertonfc.cz\/index.php\/author\/karamela\/"}]}},"_links":{"self":[{"href":"https:\/\/evertonfc.cz\/index.php\/wp-json\/wp\/v2\/posts\/20236"}],"collection":[{"href":"https:\/\/evertonfc.cz\/index.php\/wp-json\/wp\/v2\/posts"}],"about":[{"href":"https:\/\/evertonfc.cz\/index.php\/wp-json\/wp\/v2\/types\/post"}],"author":[{"embeddable":true,"href":"https:\/\/evertonfc.cz\/index.php\/wp-json\/wp\/v2\/users\/26"}],"replies":[{"embeddable":true,"href":"https:\/\/evertonfc.cz\/index.php\/wp-json\/wp\/v2\/comments?post=20236"}],"version-history":[{"count":25,"href":"https:\/\/evertonfc.cz\/index.php\/wp-json\/wp\/v2\/posts\/20236\/revisions"}],"predecessor-version":[{"id":20265,"href":"https:\/\/evertonfc.cz\/index.php\/wp-json\/wp\/v2\/posts\/20236\/revisions\/20265"}],"wp:featuredmedia":[{"embeddable":true,"href":"https:\/\/evertonfc.cz\/index.php\/wp-json\/wp\/v2\/media\/20254"}],"wp:attachment":[{"href":"https:\/\/evertonfc.cz\/index.php\/wp-json\/wp\/v2\/media?parent=20236"}],"wp:term":[{"taxonomy":"category","embeddable":true,"href":"https:\/\/evertonfc.cz\/index.php\/wp-json\/wp\/v2\/categories?post=20236"},{"taxonomy":"post_tag","embeddable":true,"href":"https:\/\/evertonfc.cz\/index.php\/wp-json\/wp\/v2\/tags?post=20236"}],"curies":[{"name":"wp","href":"https:\/\/api.w.org\/{rel}","templated":true}]}}