{"id":20273,"date":"2022-11-03T10:37:58","date_gmt":"2022-11-03T09:37:58","guid":{"rendered":"https:\/\/evertonfc.cz\/?p=20273"},"modified":"2022-11-14T15:28:15","modified_gmt":"2022-11-14T14:28:15","slug":"prispeli-sme-na-pomoc-ukrajine","status":"publish","type":"post","link":"https:\/\/evertonfc.cz\/index.php\/2022\/11\/03\/prispeli-sme-na-pomoc-ukrajine\/","title":{"rendered":"Prispeli sme na pomoc Ukrajine"},"content":{"rendered":"<h4>3. ro\u010dn\u00edk dobro\u010dinnej dra\u017eby suven\u00edrov prebehol \u00faspe\u0161ne, a znovu sa n\u00e1m podarilo prekona\u0165 sam\u00fdch seba. Nielen na humanit\u00e1rne \u00fa\u010dely sme vyzbierali vy\u0161e 600\u20ac!<\/h4>\n<p>Veru, \u010dertovsk\u00e1 pomoc! Od tak malej skupiny \u013eud\u00ed sa priam hod\u00ed toto pomenovanie, ke\u010f\u017ee zop\u00e1r na\u0161ich \u010dlenov, ktor\u00ed p\u00f4vodn\u00fd term\u00edn na dobrovo\u013en\u00fd pr\u00edspevok prep\u00e1sli, malo zrejme zmysel pre humor (alebo biblistiku), a prvotn\u00fa sumu e\u0161te nav\u00fd\u0161ili na presne \u0161esto\u0161es\u0165desiat\u0161es\u0165 euro. A\u00a0ka\u017ed\u00fd jeden cent putoval na dobr\u00fa vec.<\/p>\n<p>Mysl\u00edm, \u017ee za cel\u00fd fanklub m\u00f4\u017eem poveda\u0165, \u017ee sme nesmierne radi aspo\u0148 tak\u00fdmto obnosom prispeli na pomoc \u013eu\u010fom, ktor\u00ed museli opusti\u0165 svoje domovy na Ukrajine. Vojna tam trv\u00e1 u\u017e 8 mesiacov. A\u00a0jej hr\u00f4zy v\u00eddame dennodenne vo v\u0161emo\u017en\u00fdch m\u00e9di\u00e1ch. Ako predseda n\u00e1\u0161ho fanklubu t\u00fdmto \u010fakujem ka\u017ed\u00e9mu, kto prispel.<\/p>\n<p>Na zabezpe\u010denie transparentnosti tie\u017e prip\u00e1jam zoznam \u013eud\u00ed aj presn\u00fd obnos pe\u0148az\u00ed od jednotliv\u00fdch darcov a dra\u017eite\u013eov, aby ste si mohli tieto inform\u00e1cie skontrolova\u0165 a overi\u0165 korektnos\u0165 celkovej sumy:<\/p>\n<table style=\"border-collapse: collapse; width: 100%;\">\n<tbody>\n<tr>\n<td style=\"width: 50%;\">\n<ul style=\"list-style-type: square;\">\n<li>BlueBlooded \u2013 35\u20ac pr\u00edspevok<\/li>\n<li>Cattyblue \u2013 35\u20ac pr\u00edspevok<\/li>\n<li>duch.abum \u2013 50\u20ac pr\u00edspevok<\/li>\n<li>Everton1878 \u2013 40\u20ac pr\u00edspevok<\/li>\n<li>Fip \u2013 55\u20ac pr\u00edspevok<\/li>\n<\/ul>\n<\/td>\n<td style=\"width: 50%;\">\n<ul style=\"list-style-type: square;\">\n<li>godison \u2013 26\u20ac pr\u00edspevok<\/li>\n<li>Karamela \u2013 80\u20ac dra\u017eba<\/li>\n<li>Petr \u2013 125\u20ac dra\u017eba<\/li>\n<li>Ri\u010di \u2013 100\u20ac dra\u017eba<\/li>\n<li>spidour \u2013 120\u20ac pr\u00edspevok<\/li>\n<\/ul>\n<\/td>\n<\/tr>\n<\/tbody>\n<\/table>\n<div id=\"attachment_20276\" style=\"width: 620px\" class=\"wp-caption alignnone\"><img loading=\"lazy\" decoding=\"async\" aria-describedby=\"caption-attachment-20276\" class=\"wp-image-20276 size-full\" src=\"https:\/\/evertonfc.cz\/wp-content\/uploads\/2022\/11\/Potvrdenie-o-dare-1-Clovek-v-ohrozeni-28-10-2022.png\" alt=\"\" width=\"610\" height=\"865\" srcset=\"https:\/\/evertonfc.cz\/wp-content\/uploads\/2022\/11\/Potvrdenie-o-dare-1-Clovek-v-ohrozeni-28-10-2022.png 610w, https:\/\/evertonfc.cz\/wp-content\/uploads\/2022\/11\/Potvrdenie-o-dare-1-Clovek-v-ohrozeni-28-10-2022-212x300.png 212w\" sizes=\"(max-width: 610px) 100vw, 610px\" \/><p id=\"caption-attachment-20276\" class=\"wp-caption-text\"><em><span style=\"font-size: 8pt;\">Z d\u00f4vodu ochrany osobn\u00fdch \u00fadajov s\u00fa podpis a \u010d\u00edslo bankov\u00e9ho \u00fa\u010dtu nezverejnen\u00e9.<\/span><\/em><\/p><\/div>\n<h4><strong>Odovzdanie finan\u010dn\u00e9ho daru<\/strong><\/h4>\n<p>Pri vyhl\u00e1sen\u00ed tohtoro\u010dnej aukcie bola na rade slovensk\u00e1 organiz\u00e1cia. Vybrali sme neziskov\u00fa organiz\u00e1ciu \u010clovek v\u00a0ohrozen\u00ed, konkr\u00e9tne jej sekciu pre pomoc Ukrajine. Po ukon\u010den\u00ed dra\u017eby a\u00a0zjednoten\u00ed v\u0161etk\u00fdch pr\u00edspevkov z\u00a0oboch na\u0161ich kraj\u00edn som ju n\u00e1sledne koncom augusta kontaktoval mailom a\u00a0obozn\u00e1mil s\u00a0na\u0161\u00edm z\u00e1merom.<\/p>\n<p>Na\u0161ou trad\u00edciou bolo v\u017edy sa zo z\u00e1stupcami danej charity stretn\u00fa\u0165, patri\u010dne zdokladova\u0165 odovzdanie daru pri poseden\u00ed v\u00a0uvo\u013enenej atmosf\u00e9re, porozpr\u00e1va\u0165 sa o t\u00e9mach pomoci, a\u00a0v\u00a0neposlednom rade aj\u00a0\u0161\u00edri\u0165 \u010falej na\u0161u symbolick\u00fa modr\u00fa osvetu menom Everton. Bohu\u017eia\u013e sa n\u00e1m ale tak\u00fdto druh stretnutia nepodaril.<\/p>\n<p>A to z kapacitn\u00fdch d\u00f4vodov na strane organiz\u00e1cie \u010clovek v ohrozen\u00ed. To v\u0161ak nebr\u00e1nilo \u00faspe\u0161n\u00e9mu darovaniu, a k 7.10. 2022 u\u017e boli v\u0161etky prostriedky preveden\u00e9 na \u00fa\u010det organiz\u00e1cie.<\/p>\n<h4 style=\"text-align: center;\"><strong>Stru\u010dn\u00fd preh\u013ead pomoci n.o. \u010clovek v ohrozen\u00ed:<\/strong><\/h4>\n<ul>\n<li>Odovzdali u\u017e viac ako 480 ton humanit\u00e1rnej pomoci.<\/li>\n<li>Na Ukrajine (v Zakarpatsku) poskytuj\u00fa humanit\u00e1rnu pomoc a psychosoci\u00e1lnu podporu, a tie\u017e spustili program \u00fapravy budov pre do\u010dasn\u00e9 ubytovanie.<\/li>\n<li>Na Slovensku poskytuj\u00fa psychosoci\u00e1lnu podporu od\u00eddenkyniam a od\u00eddencom a prev\u00e1dzkuj\u00fa kr\u00edzov\u00fa linku pomoci.<\/li>\n<li>Na Slovensku p\u00f4sobia v 4 krajoch a 13 mest\u00e1ch a obciach (v\u010faka mobiln\u00e9mu t\u00edmu pomohli aj v mnoh\u00fdch \u010fal\u0161\u00edch), na Ukrajine p\u00f4sobia v 6 raj\u00f3noch a 50 hromad\u00e1ch.<\/li>\n<li>Na Slovensku v regi\u00f3noch (mimo p\u00f4sobenia na hraniciach) pom\u00e1haj\u00fa takmer 2500 od\u00eddenkyniam a od\u00eddencom z Ukrajiny a vykonali viac ako 4000 intervenci\u00ed.<\/li>\n<li>Na Ukrajine pomohli viac ako 60 000 \u013eu\u010fom.<\/li>\n<li>V t\u00edme SOS Ukrajina pracuje viac ne\u017e 100 profesion\u00e1lnych zamestnancov, zamestnank\u00fd\u0148, dod\u00e1vate\u013eov a dod\u00e1vateliek a do pomoci tejto neziskovej organiz\u00e1cie sa zapojilo takmer 600 dobrovo\u013en\u00ed\u010dok a dobrovo\u013en\u00edkov (na Slovensku aj v Ukrajine), ktor\u00ed spolu odpracovali viac ne\u017e 8700 hod\u00edn.<\/li>\n<li>Poskytli finan\u010dn\u00fa podporu 19 organiz\u00e1ci\u00e1m, obciam a centr\u00e1m pomoci, v r\u00e1mci programu podpory miestnych iniciat\u00edv, na vyu\u017eitie pre ich aktivity pomoci na Slovensku aj na Ukrajine.<\/li>\n<li>P\u00f4sobili na 3 hrani\u010dn\u00fdch priechodoch na Slovensku a 1 na Ukrajine, kde poskytovali z\u00e1zemie, vykurovan\u00e9 stany, tepl\u00e9 n\u00e1poje, jedlo a zabezpe\u010denie chemick\u00fdch toaliet.<\/li>\n<li>Na Ukrajine priebe\u017ene zis\u0165uj\u00fa potreby tamoj\u0161\u00edch hrom\u00e1d, doteraz vykonali takmer 40 tak\u00fdchto zis\u0165ovan\u00ed.<\/li>\n<li>Svoju pomoc neust\u00e1le roz\u0161iruj\u00fa, posil\u0148uj\u00fa kapacity a reaguj\u00fa na aktu\u00e1lne potreby. Tie\u017e koordinujeme svoje aktivity s lok\u00e1lnymi a medzin\u00e1rodn\u00fdmi in\u0161tit\u00faciami a organiz\u00e1ciami, aby zabezpe\u010dili cielen\u00fa pomoc a pomohli t\u00fdm viac \u013eu\u010fom.<\/li>\n<\/ul>\n<p><img loading=\"lazy\" decoding=\"async\" class=\"alignnone size-full wp-image-20274\" src=\"https:\/\/evertonfc.cz\/wp-content\/uploads\/2022\/11\/Clovek-v-ohrozeni-n.o.-1.jpg\" alt=\"\" width=\"720\" height=\"405\" srcset=\"https:\/\/evertonfc.cz\/wp-content\/uploads\/2022\/11\/Clovek-v-ohrozeni-n.o.-1.jpg 720w, https:\/\/evertonfc.cz\/wp-content\/uploads\/2022\/11\/Clovek-v-ohrozeni-n.o.-1-300x169.jpg 300w\" sizes=\"(max-width: 720px) 100vw, 720px\" \/>Mier nie je samozrejmos\u0165. A\u00a0vojna nepozn\u00e1 z\u013eutovanie. Na z\u00e1ver preto e\u0161te raz mus\u00edm po\u010fakova\u0165 v\u0161etk\u00fdm, ktor\u00ed sa z\u00fa\u010dastnili aukcie, \u010di dobrovo\u013ene prispeli na pomoc u\u0161\u013eachtilej veci. \u0160peci\u00e1lne po\u010fakovanie patr\u00ed pani \u013duboslave \u0160est\u00e1kovej, ktor\u00e1 m\u00e1 na starosti starostlivos\u0165 o\u00a0darcov. Bez jej trpezlivosti a\u00a0\u00fastretov\u00e9mu pr\u00edstupu by sa \u010cloveku v\u00a0ohrozen\u00ed pom\u00e1halo ur\u010dite o\u00a0\u010do si \u0165a\u017e\u0161ie&#8230;<\/p>\n<p style=\"text-align: right;\"><span style=\"font-size: 8pt;\">(fotozdroj: \u010clovek v\u00a0ohrozen\u00ed, n.o.)<\/span><\/p>\n<h3 style=\"text-align: center;\"><span style=\"color: #3366ff;\"><strong><em>Up The Toffees !!!<\/em><\/strong><\/span><\/h3>\n","protected":false},"excerpt":{"rendered":"<p>3. ro\u010dn\u00edk dobro\u010dinnej dra\u017eby suven\u00edrov prebehol \u00faspe\u0161ne, a znovu sa n\u00e1m podarilo prekona\u0165 sam\u00fdch seba. Nielen na humanit\u00e1rne \u00fa\u010dely sme vyzbierali vy\u0161e 600\u20ac!<\/p>\n","protected":false},"author":1,"featured_media":20275,"comment_status":"open","ping_status":"closed","sticky":false,"template":"","format":"standard","meta":{"_eb_attr":"","_monsterinsights_skip_tracking":false,"_monsterinsights_sitenote_active":false,"_monsterinsights_sitenote_note":"","_monsterinsights_sitenote_category":0,"footnotes":""},"categories":[85],"tags":[],"yoast_head":"<!-- This site is optimized with the Yoast SEO plugin v23.4 - https:\/\/yoast.com\/wordpress\/plugins\/seo\/ -->\n<title>Prispeli sme na pomoc Ukrajine - Official Czech &amp; Slovak Everton Supporters&#039; Club<\/title>\n<meta name=\"robots\" content=\"index, follow, max-snippet:-1, max-image-preview:large, max-video-preview:-1\" \/>\n<link rel=\"canonical\" href=\"https:\/\/evertonfc.cz\/index.php\/2022\/11\/03\/prispeli-sme-na-pomoc-ukrajine\/\" \/>\n<meta property=\"og:locale\" content=\"cs_CZ\" \/>\n<meta property=\"og:type\" content=\"article\" \/>\n<meta property=\"og:title\" content=\"Prispeli sme na pomoc Ukrajine - Official Czech &amp; Slovak Everton Supporters&#039; Club\" \/>\n<meta property=\"og:description\" content=\"3. ro\u010dn\u00edk dobro\u010dinnej dra\u017eby suven\u00edrov prebehol \u00faspe\u0161ne, a znovu sa n\u00e1m podarilo prekona\u0165 sam\u00fdch seba. Nielen na humanit\u00e1rne \u00fa\u010dely sme vyzbierali vy\u0161e 600\u20ac!\" \/>\n<meta property=\"og:url\" content=\"https:\/\/evertonfc.cz\/index.php\/2022\/11\/03\/prispeli-sme-na-pomoc-ukrajine\/\" \/>\n<meta property=\"og:site_name\" content=\"Official Czech &amp; Slovak Everton Supporters&#039; Club\" \/>\n<meta property=\"article:publisher\" content=\"https:\/\/www.facebook.com\/everton.fans.cz.sk\" \/>\n<meta property=\"article:published_time\" content=\"2022-11-03T09:37:58+00:00\" \/>\n<meta property=\"article:modified_time\" content=\"2022-11-14T14:28:15+00:00\" \/>\n<meta property=\"og:image\" content=\"https:\/\/evertonfc.cz\/wp-content\/uploads\/2022\/11\/Clovek-v-ohrozeni-n.o.-2.jpg\" \/>\n\t<meta property=\"og:image:width\" content=\"720\" \/>\n\t<meta property=\"og:image:height\" content=\"405\" \/>\n\t<meta property=\"og:image:type\" content=\"image\/jpeg\" \/>\n<meta name=\"author\" content=\"BlueBlooded\" \/>\n<meta name=\"twitter:card\" content=\"summary_large_image\" \/>\n<meta name=\"twitter:label1\" content=\"Napsal(a)\" \/>\n\t<meta name=\"twitter:data1\" content=\"BlueBlooded\" \/>\n\t<meta name=\"twitter:label2\" content=\"Odhadovan\u00e1 doba \u010dten\u00ed\" \/>\n\t<meta name=\"twitter:data2\" content=\"4 minuty\" \/>\n<script type=\"application\/ld+json\" class=\"yoast-schema-graph\">{\"@context\":\"https:\/\/schema.org\",\"@graph\":[{\"@type\":\"Article\",\"@id\":\"https:\/\/evertonfc.cz\/index.php\/2022\/11\/03\/prispeli-sme-na-pomoc-ukrajine\/#article\",\"isPartOf\":{\"@id\":\"https:\/\/evertonfc.cz\/index.php\/2022\/11\/03\/prispeli-sme-na-pomoc-ukrajine\/\"},\"author\":{\"name\":\"BlueBlooded\",\"@id\":\"https:\/\/evertonfc.cz\/#\/schema\/person\/d4493b8cbea51532597fbc4685698916\"},\"headline\":\"Prispeli sme na pomoc Ukrajine\",\"datePublished\":\"2022-11-03T09:37:58+00:00\",\"dateModified\":\"2022-11-14T14:28:15+00:00\",\"mainEntityOfPage\":{\"@id\":\"https:\/\/evertonfc.cz\/index.php\/2022\/11\/03\/prispeli-sme-na-pomoc-ukrajine\/\"},\"wordCount\":785,\"commentCount\":2,\"publisher\":{\"@id\":\"https:\/\/evertonfc.cz\/#organization\"},\"image\":{\"@id\":\"https:\/\/evertonfc.cz\/index.php\/2022\/11\/03\/prispeli-sme-na-pomoc-ukrajine\/#primaryimage\"},\"thumbnailUrl\":\"https:\/\/evertonfc.cz\/wp-content\/uploads\/2022\/11\/Clovek-v-ohrozeni-n.o.-2.jpg\",\"articleSection\":[\"Supporters' Club\"],\"inLanguage\":\"cs\",\"potentialAction\":[{\"@type\":\"CommentAction\",\"name\":\"Comment\",\"target\":[\"https:\/\/evertonfc.cz\/index.php\/2022\/11\/03\/prispeli-sme-na-pomoc-ukrajine\/#respond\"]}]},{\"@type\":\"WebPage\",\"@id\":\"https:\/\/evertonfc.cz\/index.php\/2022\/11\/03\/prispeli-sme-na-pomoc-ukrajine\/\",\"url\":\"https:\/\/evertonfc.cz\/index.php\/2022\/11\/03\/prispeli-sme-na-pomoc-ukrajine\/\",\"name\":\"Prispeli sme na pomoc Ukrajine - Official Czech &amp; Slovak Everton Supporters&#039; Club\",\"isPartOf\":{\"@id\":\"https:\/\/evertonfc.cz\/#website\"},\"primaryImageOfPage\":{\"@id\":\"https:\/\/evertonfc.cz\/index.php\/2022\/11\/03\/prispeli-sme-na-pomoc-ukrajine\/#primaryimage\"},\"image\":{\"@id\":\"https:\/\/evertonfc.cz\/index.php\/2022\/11\/03\/prispeli-sme-na-pomoc-ukrajine\/#primaryimage\"},\"thumbnailUrl\":\"https:\/\/evertonfc.cz\/wp-content\/uploads\/2022\/11\/Clovek-v-ohrozeni-n.o.-2.jpg\",\"datePublished\":\"2022-11-03T09:37:58+00:00\",\"dateModified\":\"2022-11-14T14:28:15+00:00\",\"breadcrumb\":{\"@id\":\"https:\/\/evertonfc.cz\/index.php\/2022\/11\/03\/prispeli-sme-na-pomoc-ukrajine\/#breadcrumb\"},\"inLanguage\":\"cs\",\"potentialAction\":[{\"@type\":\"ReadAction\",\"target\":[\"https:\/\/evertonfc.cz\/index.php\/2022\/11\/03\/prispeli-sme-na-pomoc-ukrajine\/\"]}]},{\"@type\":\"ImageObject\",\"inLanguage\":\"cs\",\"@id\":\"https:\/\/evertonfc.cz\/index.php\/2022\/11\/03\/prispeli-sme-na-pomoc-ukrajine\/#primaryimage\",\"url\":\"https:\/\/evertonfc.cz\/wp-content\/uploads\/2022\/11\/Clovek-v-ohrozeni-n.o.-2.jpg\",\"contentUrl\":\"https:\/\/evertonfc.cz\/wp-content\/uploads\/2022\/11\/Clovek-v-ohrozeni-n.o.-2.jpg\",\"width\":720,\"height\":405},{\"@type\":\"BreadcrumbList\",\"@id\":\"https:\/\/evertonfc.cz\/index.php\/2022\/11\/03\/prispeli-sme-na-pomoc-ukrajine\/#breadcrumb\",\"itemListElement\":[{\"@type\":\"ListItem\",\"position\":1,\"name\":\"Home\",\"item\":\"https:\/\/evertonfc.cz\/\"},{\"@type\":\"ListItem\",\"position\":2,\"name\":\"Prispeli sme na pomoc Ukrajine\"}]},{\"@type\":\"WebSite\",\"@id\":\"https:\/\/evertonfc.cz\/#website\",\"url\":\"https:\/\/evertonfc.cz\/\",\"name\":\"Official Czech &amp; Slovak Everton Supporters&#039; Club\",\"description\":\"\",\"publisher\":{\"@id\":\"https:\/\/evertonfc.cz\/#organization\"},\"potentialAction\":[{\"@type\":\"SearchAction\",\"target\":{\"@type\":\"EntryPoint\",\"urlTemplate\":\"https:\/\/evertonfc.cz\/?s={search_term_string}\"},\"query-input\":{\"@type\":\"PropertyValueSpecification\",\"valueRequired\":true,\"valueName\":\"search_term_string\"}}],\"inLanguage\":\"cs\"},{\"@type\":\"Organization\",\"@id\":\"https:\/\/evertonfc.cz\/#organization\",\"name\":\"Official Czech & Slovak Everton Supporters' Club\",\"url\":\"https:\/\/evertonfc.cz\/\",\"logo\":{\"@type\":\"ImageObject\",\"inLanguage\":\"cs\",\"@id\":\"https:\/\/evertonfc.cz\/#\/schema\/logo\/image\/\",\"url\":\"https:\/\/evertonfc.cz\/wp-content\/uploads\/2019\/05\/logo.png\",\"contentUrl\":\"https:\/\/evertonfc.cz\/wp-content\/uploads\/2019\/05\/logo.png\",\"width\":112,\"height\":112,\"caption\":\"Official Czech & Slovak Everton Supporters' Club\"},\"image\":{\"@id\":\"https:\/\/evertonfc.cz\/#\/schema\/logo\/image\/\"},\"sameAs\":[\"https:\/\/www.facebook.com\/everton.fans.cz.sk\"]},{\"@type\":\"Person\",\"@id\":\"https:\/\/evertonfc.cz\/#\/schema\/person\/d4493b8cbea51532597fbc4685698916\",\"name\":\"BlueBlooded\",\"url\":\"https:\/\/evertonfc.cz\/index.php\/author\/admin\/\"}]}<\/script>\n<!-- \/ Yoast SEO plugin. -->","yoast_head_json":{"title":"Prispeli sme na pomoc Ukrajine - Official Czech &amp; Slovak Everton Supporters&#039; Club","robots":{"index":"index","follow":"follow","max-snippet":"max-snippet:-1","max-image-preview":"max-image-preview:large","max-video-preview":"max-video-preview:-1"},"canonical":"https:\/\/evertonfc.cz\/index.php\/2022\/11\/03\/prispeli-sme-na-pomoc-ukrajine\/","og_locale":"cs_CZ","og_type":"article","og_title":"Prispeli sme na pomoc Ukrajine - Official Czech &amp; Slovak Everton Supporters&#039; Club","og_description":"3. ro\u010dn\u00edk dobro\u010dinnej dra\u017eby suven\u00edrov prebehol \u00faspe\u0161ne, a znovu sa n\u00e1m podarilo prekona\u0165 sam\u00fdch seba. Nielen na humanit\u00e1rne \u00fa\u010dely sme vyzbierali vy\u0161e 600\u20ac!","og_url":"https:\/\/evertonfc.cz\/index.php\/2022\/11\/03\/prispeli-sme-na-pomoc-ukrajine\/","og_site_name":"Official Czech &amp; Slovak Everton Supporters&#039; Club","article_publisher":"https:\/\/www.facebook.com\/everton.fans.cz.sk","article_published_time":"2022-11-03T09:37:58+00:00","article_modified_time":"2022-11-14T14:28:15+00:00","og_image":[{"width":720,"height":405,"url":"https:\/\/evertonfc.cz\/wp-content\/uploads\/2022\/11\/Clovek-v-ohrozeni-n.o.-2.jpg","type":"image\/jpeg"}],"author":"BlueBlooded","twitter_card":"summary_large_image","twitter_misc":{"Napsal(a)":"BlueBlooded","Odhadovan\u00e1 doba \u010dten\u00ed":"4 minuty"},"schema":{"@context":"https:\/\/schema.org","@graph":[{"@type":"Article","@id":"https:\/\/evertonfc.cz\/index.php\/2022\/11\/03\/prispeli-sme-na-pomoc-ukrajine\/#article","isPartOf":{"@id":"https:\/\/evertonfc.cz\/index.php\/2022\/11\/03\/prispeli-sme-na-pomoc-ukrajine\/"},"author":{"name":"BlueBlooded","@id":"https:\/\/evertonfc.cz\/#\/schema\/person\/d4493b8cbea51532597fbc4685698916"},"headline":"Prispeli sme na pomoc Ukrajine","datePublished":"2022-11-03T09:37:58+00:00","dateModified":"2022-11-14T14:28:15+00:00","mainEntityOfPage":{"@id":"https:\/\/evertonfc.cz\/index.php\/2022\/11\/03\/prispeli-sme-na-pomoc-ukrajine\/"},"wordCount":785,"commentCount":2,"publisher":{"@id":"https:\/\/evertonfc.cz\/#organization"},"image":{"@id":"https:\/\/evertonfc.cz\/index.php\/2022\/11\/03\/prispeli-sme-na-pomoc-ukrajine\/#primaryimage"},"thumbnailUrl":"https:\/\/evertonfc.cz\/wp-content\/uploads\/2022\/11\/Clovek-v-ohrozeni-n.o.-2.jpg","articleSection":["Supporters' Club"],"inLanguage":"cs","potentialAction":[{"@type":"CommentAction","name":"Comment","target":["https:\/\/evertonfc.cz\/index.php\/2022\/11\/03\/prispeli-sme-na-pomoc-ukrajine\/#respond"]}]},{"@type":"WebPage","@id":"https:\/\/evertonfc.cz\/index.php\/2022\/11\/03\/prispeli-sme-na-pomoc-ukrajine\/","url":"https:\/\/evertonfc.cz\/index.php\/2022\/11\/03\/prispeli-sme-na-pomoc-ukrajine\/","name":"Prispeli sme na pomoc Ukrajine - Official Czech &amp; Slovak Everton Supporters&#039; Club","isPartOf":{"@id":"https:\/\/evertonfc.cz\/#website"},"primaryImageOfPage":{"@id":"https:\/\/evertonfc.cz\/index.php\/2022\/11\/03\/prispeli-sme-na-pomoc-ukrajine\/#primaryimage"},"image":{"@id":"https:\/\/evertonfc.cz\/index.php\/2022\/11\/03\/prispeli-sme-na-pomoc-ukrajine\/#primaryimage"},"thumbnailUrl":"https:\/\/evertonfc.cz\/wp-content\/uploads\/2022\/11\/Clovek-v-ohrozeni-n.o.-2.jpg","datePublished":"2022-11-03T09:37:58+00:00","dateModified":"2022-11-14T14:28:15+00:00","breadcrumb":{"@id":"https:\/\/evertonfc.cz\/index.php\/2022\/11\/03\/prispeli-sme-na-pomoc-ukrajine\/#breadcrumb"},"inLanguage":"cs","potentialAction":[{"@type":"ReadAction","target":["https:\/\/evertonfc.cz\/index.php\/2022\/11\/03\/prispeli-sme-na-pomoc-ukrajine\/"]}]},{"@type":"ImageObject","inLanguage":"cs","@id":"https:\/\/evertonfc.cz\/index.php\/2022\/11\/03\/prispeli-sme-na-pomoc-ukrajine\/#primaryimage","url":"https:\/\/evertonfc.cz\/wp-content\/uploads\/2022\/11\/Clovek-v-ohrozeni-n.o.-2.jpg","contentUrl":"https:\/\/evertonfc.cz\/wp-content\/uploads\/2022\/11\/Clovek-v-ohrozeni-n.o.-2.jpg","width":720,"height":405},{"@type":"BreadcrumbList","@id":"https:\/\/evertonfc.cz\/index.php\/2022\/11\/03\/prispeli-sme-na-pomoc-ukrajine\/#breadcrumb","itemListElement":[{"@type":"ListItem","position":1,"name":"Home","item":"https:\/\/evertonfc.cz\/"},{"@type":"ListItem","position":2,"name":"Prispeli sme na pomoc Ukrajine"}]},{"@type":"WebSite","@id":"https:\/\/evertonfc.cz\/#website","url":"https:\/\/evertonfc.cz\/","name":"Official Czech &amp; Slovak Everton Supporters&#039; Club","description":"","publisher":{"@id":"https:\/\/evertonfc.cz\/#organization"},"potentialAction":[{"@type":"SearchAction","target":{"@type":"EntryPoint","urlTemplate":"https:\/\/evertonfc.cz\/?s={search_term_string}"},"query-input":{"@type":"PropertyValueSpecification","valueRequired":true,"valueName":"search_term_string"}}],"inLanguage":"cs"},{"@type":"Organization","@id":"https:\/\/evertonfc.cz\/#organization","name":"Official Czech & Slovak Everton Supporters' Club","url":"https:\/\/evertonfc.cz\/","logo":{"@type":"ImageObject","inLanguage":"cs","@id":"https:\/\/evertonfc.cz\/#\/schema\/logo\/image\/","url":"https:\/\/evertonfc.cz\/wp-content\/uploads\/2019\/05\/logo.png","contentUrl":"https:\/\/evertonfc.cz\/wp-content\/uploads\/2019\/05\/logo.png","width":112,"height":112,"caption":"Official Czech & Slovak Everton Supporters' Club"},"image":{"@id":"https:\/\/evertonfc.cz\/#\/schema\/logo\/image\/"},"sameAs":["https:\/\/www.facebook.com\/everton.fans.cz.sk"]},{"@type":"Person","@id":"https:\/\/evertonfc.cz\/#\/schema\/person\/d4493b8cbea51532597fbc4685698916","name":"BlueBlooded","url":"https:\/\/evertonfc.cz\/index.php\/author\/admin\/"}]}},"_links":{"self":[{"href":"https:\/\/evertonfc.cz\/index.php\/wp-json\/wp\/v2\/posts\/20273"}],"collection":[{"href":"https:\/\/evertonfc.cz\/index.php\/wp-json\/wp\/v2\/posts"}],"about":[{"href":"https:\/\/evertonfc.cz\/index.php\/wp-json\/wp\/v2\/types\/post"}],"author":[{"embeddable":true,"href":"https:\/\/evertonfc.cz\/index.php\/wp-json\/wp\/v2\/users\/1"}],"replies":[{"embeddable":true,"href":"https:\/\/evertonfc.cz\/index.php\/wp-json\/wp\/v2\/comments?post=20273"}],"version-history":[{"count":8,"href":"https:\/\/evertonfc.cz\/index.php\/wp-json\/wp\/v2\/posts\/20273\/revisions"}],"predecessor-version":[{"id":20369,"href":"https:\/\/evertonfc.cz\/index.php\/wp-json\/wp\/v2\/posts\/20273\/revisions\/20369"}],"wp:featuredmedia":[{"embeddable":true,"href":"https:\/\/evertonfc.cz\/index.php\/wp-json\/wp\/v2\/media\/20275"}],"wp:attachment":[{"href":"https:\/\/evertonfc.cz\/index.php\/wp-json\/wp\/v2\/media?parent=20273"}],"wp:term":[{"taxonomy":"category","embeddable":true,"href":"https:\/\/evertonfc.cz\/index.php\/wp-json\/wp\/v2\/categories?post=20273"},{"taxonomy":"post_tag","embeddable":true,"href":"https:\/\/evertonfc.cz\/index.php\/wp-json\/wp\/v2\/tags?post=20273"}],"curies":[{"name":"wp","href":"https:\/\/api.w.org\/{rel}","templated":true}]}}