{"id":20315,"date":"2022-11-08T16:54:42","date_gmt":"2022-11-08T15:54:42","guid":{"rendered":"https:\/\/evertonfc.cz\/?p=20315"},"modified":"2022-11-08T18:22:32","modified_gmt":"2022-11-08T17:22:32","slug":"lc-preview-bournemouth-everton","status":"publish","type":"post","link":"https:\/\/evertonfc.cz\/index.php\/2022\/11\/08\/lc-preview-bournemouth-everton\/","title":{"rendered":"LC Preview: Bournemouth \u2013 Everton"},"content":{"rendered":"<h4>V\u00fdjazd fan\u00fa\u0161ikom na neskor\u00fd zber \u010dere\u0161n\u00ed sa oplat\u00ed. Klub im preplat\u00ed cenu l\u00edstkov, tak\u017ee mo\u017eno o\u010dak\u00e1va\u0165, \u017ee snaha na ihrisku o\u00a0patri\u010dn\u00e9 opodstatnenie sa dostav\u00ed.<\/h4>\n<p>Alebo to je len ospravedlnenie vopred? Frank by v\u00e1m povedal, \u017ee je to o\u00a0pochopen\u00ed to\u013ekej sebaobety z\u00a0radov najvernej\u0161\u00edch. On s\u00e1m u\u017e po mesiacoch \u0165a\u017ekej slu\u017eby na Merseyside ch\u00e1pe, v\u00a0\u010dom sa l\u00ed\u0161i \u017eivot na severe, od toho napr\u00edklad v\u00a0z\u00e1padnom Lond\u00fdne. Mentalita Evertonians sa do neho naplno dostala. Ch\u00e1pe, \u010do chc\u00fa, a\u00a0chce im to prinies\u0165. Dokonca sa u\u017e pova\u017euje za takmer dom\u00e1ceho. Naz\u00fdva sa MY.<\/p>\n<p>V\u00a0\u010dom sa ale zatia\u013e netransformoval, tak to s\u00fa po\u017eiadavky fan\u00fa\u0161ikov na pravideln\u00e9 poctiv\u00e9 v\u00fdkony od v\u0161etk\u00fdch. A\u017e prive\u013ea hr\u00e1\u010dov zodpovedn\u00fdch za ohrozovanie s\u00faperovej br\u00e1ny si akosi nezasl\u00fa\u017ei to\u013ek\u00fa d\u00f4veru, ak\u00fa dost\u00e1va. Treba uzna\u0165, \u017ee n\u00e1hrady s\u00fa takmer \u017eiadne. Ale to s\u00a0toleranciou podpriemernosti nem\u00f4\u017ee korelova\u0165.<\/p>\n<h4><strong>Lampard o\u00a0pr\u00edstupe k z\u00e1pasu:<\/strong><\/h4>\n<blockquote><p><span style=\"font-size: 12pt;\"><em>\u201eRozhodne to beriem v\u00e1\u017ene, a\u00a0n\u00e1\u0161 pl\u00e1n je jednoducho pok\u00fasi\u0165 sa vyhra\u0165. Taktie\u017e vid\u00edm, \u017ee ve\u013ea mana\u017e\u00e9rov je spochyb\u0148ovan\u00fdch, ke\u010f rotuj\u00fa hr\u00e1\u010dov v\u00a0t\u00fdchto z\u00e1pasoch. Ale ak dennodenne pracujete s\u00a0vy\u0161e 20 hr\u00e1\u010dmi, a ve\u013ea z\u00a0nich tr\u00e9nuje ve\u013emi tvrdo a\u00a0nehr\u00e1, sna\u017e\u00edte sa n\u00e1js\u0165 t\u00fdmto hr\u00e1\u010dom miesto a\u00a0dopria\u0165 im z\u00e1pas. Je to d\u00f4le\u017eit\u00e9 pre mu\u017estvo, a\u00a0mus\u00edte v\u00a0tom n\u00e1js\u0165 rovnov\u00e1hu.\u201c<\/em><\/span><\/p><\/blockquote>\n<p>Dne\u0161n\u00fd duel bude ur\u010dite \u0161ancou aj pre n\u00e1vrat Masona Holgatea. St\u00e1lica obrany z\u00a0\u00favodu sez\u00f3ny je u\u017e po zranen\u00ed v\u00a0Brentforde plne pripraven\u00e1, a\u00a0zrejme nebude d\u00f4vod, aby sa jej n\u00e1vrat do diania e\u0161te viac od\u010fa\u013eoval. Ke\u010f toti\u017e pr\u00eddu zranenia in\u00fdm, doteraj\u0161\u00edm st\u00e1liciam, potrebujeme hr\u00e1\u010dov s\u00a0hernou praxou a\u00a0sebavedom\u00edm.<\/p>\n<p>Na hern\u00fa prax e\u0161te st\u00e1le m\u00f4\u017ee zabudn\u00fa\u0165 Godfrey a Townsend tie\u017e. Mina sa v\u0161ak rovnako ako Holgate m\u00f4\u017ee znova zapoji\u0165. Ko\u013eko vydr\u017e\u00ed, zost\u00e1va ot\u00e1zkou. V pondelok podst\u00fapila trojica DCL, Gueye a Onana \u010fal\u0161ie vy\u0161etrenia na zistenie rozsahu ich zranen\u00ed z prehry s Leicesterom. Dominic si c\u00edtil zadn\u00fd stehenn\u00fd sval, Idrissa horn\u00fa \u010das\u0165 kvadricepsu, a Onanovi dokopali \u010dlenok, ktor\u00fd si jemne podvrtol u\u017e de\u0148 predt\u00fdm na tr\u00e9ningu. Lampard v\u0161ak citoval ich sp\u00e4tn\u00fa v\u00e4zbu ako \u201e<em>\u013eah\u0161ie svalov\u00e9 zranenia<\/em>\u201c.<\/p>\n<h4><strong>Lampard o\u00a0\u0161anci pre mlad\u00edkov:<\/strong><\/h4>\n<blockquote><p><span style=\"font-size: 12pt;\"><em>\u201eM\u00e1m v\u00a0\u00famysle dosta\u0165 nejak\u00fdch chlapcov aspo\u0148 na lavi\u010dku, aby sa c\u00edtili by\u0165 s\u00fa\u010das\u0165ou, a\u00a0mo\u017eno si aj zahraj\u00fa. R\u00e1d by som ich tam mal troch, \u0161tyroch, ale nem\u00f4\u017eem to garantova\u0165, k\u00fdm nem\u00e1me jasno zo zraneniami. Stanleymu (Mills) sa naozaj dar\u00ed, pravidelne sk\u00f3ruje, dobre hr\u00e1 a\u00a0rozv\u00edja sa, tak\u017ee bude fajn, ak im d\u00e1me mo\u017enos\u0165 pri takejto pr\u00edle\u017eitosti. (Tom) Cannon je \u010fal\u0161\u00ed, ktor\u00e9mu sa dar\u00ed. Reece Welch tie\u017e. Uvid\u00edme, ako sa to vyvinie.\u201c<\/em><\/span><\/p><\/blockquote>\n<h4><strong>Michael Ball: <em>\u201ePr\u00edli\u0161 ve\u013ea hr\u00e1\u010dov Evertonu m\u00e1 pr\u00edli\u0161 ve\u013ea zl\u00fdch dn\u00ed pr\u00edli\u0161 \u010dasto\u201c<\/em><\/strong><\/h4>\n<blockquote><p><span style=\"font-size: 12pt;\">Chcem, aby Everton hral so strachom, ale nechajte ma to vysvetli\u0165. Mysl\u00edm t\u00fdm strach, \u017ee o t\u00fd\u017ede\u0148 strat\u00edte svoje miesto. Mana\u017e\u00e9r t\u00fato sez\u00f3nu vyzval svojich hr\u00e1\u010dov, aby zdvihli svoje \u010d\u00edsla, \u010di u\u017e asistencii, striel na br\u00e1nu, alebo g\u00f3lov. A \u010d\u00edsla Demaraia Graya nie s\u00fa dos\u0165 dobr\u00e9, rovnako ako Anthonyho Gordona. <\/span><span style=\"font-size: 12pt;\">Ka\u017ed\u00fd m\u00f4\u017ee ma\u0165 zl\u00fd de\u0148.<\/span><\/p>\n<p><span style=\"font-size: 12pt;\">Ale pr\u00edli\u0161 ve\u013ea hr\u00e1\u010dov Evertonu m\u00e1 pr\u00edli\u0161 ve\u013ea zl\u00fdch dn\u00ed pr\u00edli\u0161 \u010dasto. Hr\u00e1\u010di sa musia zamyslie\u0165 nad svojimi vlastn\u00fdmi v\u00fdkonmi a sp\u00fdta\u0165 sa sami seba. Ak si za z\u00e1pas prip\u00ed\u0161ete iba dva centre, \u010d\u00edm to je? Bol dobr\u00fd obranca, alebo som nebol na spr\u00e1vnych miestach? \u010co viac som mohol spravi\u0165 pre \u0161tyri centre? <\/span><span style=\"font-size: 12pt;\">Priviedli sme do klubu kr\u00eddeln\u00edkov, ktor\u00ed si nerobia svoju pr\u00e1cu.<\/span><\/p>\n<p><span style=\"font-size: 12pt;\">Rad\u0161ej sa sna\u017eia prejs\u0165 cez hr\u00e1\u010da, ne\u017e by poslali loptu do \u0161estn\u00e1stky. A z\u00edska\u0165 na to pol metra v Premier League je \u0165a\u017ek\u00e9. Nenahradili sme Richarlisona a odohrali sme p\u00e4\u0165 z\u00e1pasov zo za\u010diatku sez\u00f3ny bez \u00fato\u010dn\u00edka. A teraz, ke\u010f je Calvert-Lewin op\u00e4\u0165 zranen\u00fd, bude obrovsk\u00fd tlak na Neala Maupaya, aby z\u00edskal svoju formu sp\u00e4\u0165. <\/span><span style=\"font-size: 12pt;\">V Evertone u\u017e dal g\u00f3l, ale ja osobne neviem, v \u010dom je dobr\u00fd.<\/span><\/p>\n<p><span style=\"font-size: 12pt;\">Mus\u00ed za\u010da\u0165 ukazova\u0165, pre\u010do sme ho do klubu priviedli. Vyzer\u00e1 siln\u00fd, m\u00f4\u017ee zabieha\u0165 za obranu? Ke\u010f pozer\u00e1te PL, a vid\u00edte tie g\u00f3ly \u2013 v\u0161etko s\u00fa to n\u00e1behy zo z\u00e1lohy, ktor\u00e9 trhaj\u00fa obrany, a \u00fato\u010dn\u00edci v poloto\u010dk\u00e1ch. Mus\u00edte sk\u00fa\u0161a\u0165 s\u00fapera. Ak nevystrel\u00edte, ned\u00e1te g\u00f3l.<\/span><\/p><\/blockquote>\n<h4><strong>The Cherries<\/strong><\/h4>\n<p>Dosta\u0165 v\u00fdprask v podobe dev\u00e4\u0165g\u00f3lovej n\u00e1dielky od Liverpoolu, \u010di od hociktor\u00e9ho in\u00e9ho t\u00edmu v\u017edy zabol\u00ed. A v Premier League to \u010dasto aj stoj\u00ed miesto mana\u017e\u00e9ra. Scott Parker v\u0161ak bol mo\u017eno aj zbyto\u010dnou obe\u0165ou. Skosi\u0165 hlavu tr\u00e9nera, ktor\u00fd v\u00e1s dostal sp\u00e4\u0165 na vrchol, a to po \u0161tyroch z\u00e1pasoch je krut\u00e9. Rovnako ako \u017ereb, ktor\u00fd im pris\u00fadil City, Arsenal a Liverpool za sebou. Bodov\u00fd zisk nula, no v\u00fdhra v \u00favode s Villans.<\/p>\n<p>Sk\u00fasi\u0165 to teda pri\u0161iel aspo\u0148 do\u010dasne O&#8217;Neil. A\u00a0sk\u00fa\u0161a u\u017e druh\u00fd mesiac. Najprv \u0161es\u0165 duelov bez prehry, a\u00a0teraz \u0161tyri v\u00a0rade. U\u017e by mal letie\u0165. No st\u00e1le sa \u010dak\u00e1 na adekv\u00e1tnu n\u00e1hradu Parkera. Vraj aby mala \u010das splyn\u00fa\u0165 s\u00a0t\u00edmom cez prest\u00e1vku Majstrovstiev. Len\u017eo meno st\u00e1le zn\u00e1me nie je, a\u00a0dom\u00e1ce talenty sa vraj vylu\u010duj\u00fa.<\/p>\n<p>Aktu\u00e1lne tabu\u013ekov\u00fd susedia z\u00a0dola sa nebud\u00fa m\u00f4c\u0165 spolahn\u00fa\u0165 na pomoc Neta v\u00a0br\u00e1ne, zast\u00fapi ho mlad\u00fd Travers. Kr\u00eddeln\u00edk Brooks aj obranca Kelly by nemali takisto nast\u00fapi\u0165. Inak by som odpor\u00fa\u010dal sledova\u0165, ak nast\u00fapia, letn\u00fa defenz\u00edvnu posilu Senesiho, \u010di kr\u00eddeln\u00edka Taverniera, ktor\u00fd pri\u0161iel z\u00a0Middlesborough.<\/p>\n<p>Naposledy sme s\u00a0\u010cere\u0161\u0148ami prehrali doma 1:3 pred pr\u00e1zdnymi trib\u00fanami na konci preru\u0161enej sez\u00f3ny 2019\/20. Na z\u00e1chranu host\u00ed to vtedy ale nesta\u010dilo, a\u00a0za dom\u00e1cich sk\u00f3roval nejak\u00fd Moise Kean. Hral aj Sigurdsson, Walcott, Bernard, Sidib\u00e9, no aj Gordon. Posledn\u00fd z\u00e1rez v\u00a0modrom drese si v\u00a0on\u00fd de\u0148 zazna\u010dil aj Leighton Baines.<\/p>\n<h4 style=\"text-align: center;\"><strong>\u0160tatistick\u00e9 okienko:<\/strong><\/h4>\n<ul>\n<li>EFC bude tento t\u00fd\u017ede\u0148 hra\u0165 s rovnak\u00fdm s\u00faperom v ligovom poh\u00e1ri aj v lige vonku v\u00a0po sebe id\u00facich z\u00e1pasoch (Bournemouth) \u2013 stalo sa tak \u0161tvrt\u00fdkr\u00e1t hist\u00f3rii klubu (Liverpool okt\u00f3ber \u2013 november 1987, Forest november 1989, West Ham december 2007).<\/li>\n<li>Anthony Gordon v tejto sez\u00f3ne Premier League vytvoril iba 6 \u0161anc\u00ed. Taktie\u017e nedok\u00e1zal vytvori\u0165 \u0161ancu v 10 z 13 ligov\u00fdch vyst\u00fapen\u00ed v tejto sez\u00f3ne, vr\u00e1tane posledn\u00fdch 7.<\/li>\n<li>Everton nedok\u00e1zal sk\u00f3rova\u0165 v 4 z posledn\u00fdch 5 z\u00e1pasov.<\/li>\n<\/ul>\n<h3 style=\"text-align: center;\"><span style=\"color: #3366ff;\"><em><strong>Up The Toffees !!!<\/strong><\/em><\/span><\/h3>\n<p><strong>\u010co:<\/strong> AFC Bournemouth \u2013 Everton FC, 3. kolo Ligov\u00e9ho poh\u00e1ra<br \/>\n<strong>Kedy:<\/strong> 8. 11. 2022 od 20:45<br \/>\n<strong>Ako:<\/strong> priamy prenos na NOVA Sport 2<br \/>\n<strong>Kde:<\/strong> Dean Court \u2013 Kings Park, Bournemouth BH7 7AF (kapacita: 11 379)<br \/>\n<strong>Rozhodca:<\/strong> Darren England <strong>Asistenti:<\/strong> J. Mainwarring, D. Leach \u00a0<strong>\u0160tvrt\u00fd rozhodca:<\/strong> S. Gill<\/p>\n","protected":false},"excerpt":{"rendered":"<p>V\u00fdjazd fan\u00fa\u0161ikom na neskor\u00fd zber \u010dere\u0161n\u00ed sa oplat\u00ed. Klub im preplat\u00ed cenu l\u00edstkov, tak\u017ee mo\u017eno o\u010dak\u00e1va\u0165, \u017ee snaha na ihrisku o\u00a0patri\u010dn\u00e9 opodstatnenie sa dostav\u00ed.<\/p>\n","protected":false},"author":1,"featured_media":20316,"comment_status":"open","ping_status":"closed","sticky":false,"template":"","format":"standard","meta":{"_eb_attr":"","_monsterinsights_skip_tracking":false,"_monsterinsights_sitenote_active":false,"_monsterinsights_sitenote_note":"","_monsterinsights_sitenote_category":0,"footnotes":""},"categories":[4],"tags":[],"yoast_head":"<!-- This site is optimized with the Yoast SEO plugin v23.4 - https:\/\/yoast.com\/wordpress\/plugins\/seo\/ -->\n<title>LC Preview: Bournemouth \u2013 Everton - Official Czech &amp; Slovak Everton Supporters&#039; Club<\/title>\n<meta name=\"robots\" content=\"index, follow, max-snippet:-1, max-image-preview:large, max-video-preview:-1\" \/>\n<link rel=\"canonical\" href=\"https:\/\/evertonfc.cz\/index.php\/2022\/11\/08\/lc-preview-bournemouth-everton\/\" \/>\n<meta property=\"og:locale\" content=\"cs_CZ\" \/>\n<meta property=\"og:type\" content=\"article\" \/>\n<meta property=\"og:title\" content=\"LC Preview: Bournemouth \u2013 Everton - Official Czech &amp; Slovak Everton Supporters&#039; Club\" \/>\n<meta property=\"og:description\" content=\"V\u00fdjazd fan\u00fa\u0161ikom na neskor\u00fd zber \u010dere\u0161n\u00ed sa oplat\u00ed. Klub im preplat\u00ed cenu l\u00edstkov, tak\u017ee mo\u017eno o\u010dak\u00e1va\u0165, \u017ee snaha na ihrisku o\u00a0patri\u010dn\u00e9 opodstatnenie sa dostav\u00ed.\" \/>\n<meta property=\"og:url\" content=\"https:\/\/evertonfc.cz\/index.php\/2022\/11\/08\/lc-preview-bournemouth-everton\/\" \/>\n<meta property=\"og:site_name\" content=\"Official Czech &amp; Slovak Everton Supporters&#039; Club\" \/>\n<meta property=\"article:publisher\" content=\"https:\/\/www.facebook.com\/everton.fans.cz.sk\" \/>\n<meta property=\"article:published_time\" content=\"2022-11-08T15:54:42+00:00\" \/>\n<meta property=\"article:modified_time\" content=\"2022-11-08T17:22:32+00:00\" \/>\n<meta property=\"og:image\" content=\"https:\/\/evertonfc.cz\/wp-content\/uploads\/2022\/11\/Bournemouth-VS-Everton.png\" \/>\n\t<meta property=\"og:image:width\" content=\"720\" \/>\n\t<meta property=\"og:image:height\" content=\"405\" \/>\n\t<meta property=\"og:image:type\" content=\"image\/png\" \/>\n<meta name=\"author\" content=\"BlueBlooded\" \/>\n<meta name=\"twitter:card\" content=\"summary_large_image\" \/>\n<meta name=\"twitter:label1\" content=\"Napsal(a)\" \/>\n\t<meta name=\"twitter:data1\" content=\"BlueBlooded\" \/>\n\t<meta name=\"twitter:label2\" content=\"Odhadovan\u00e1 doba \u010dten\u00ed\" \/>\n\t<meta name=\"twitter:data2\" content=\"6 minut\" \/>\n<script type=\"application\/ld+json\" class=\"yoast-schema-graph\">{\"@context\":\"https:\/\/schema.org\",\"@graph\":[{\"@type\":\"Article\",\"@id\":\"https:\/\/evertonfc.cz\/index.php\/2022\/11\/08\/lc-preview-bournemouth-everton\/#article\",\"isPartOf\":{\"@id\":\"https:\/\/evertonfc.cz\/index.php\/2022\/11\/08\/lc-preview-bournemouth-everton\/\"},\"author\":{\"name\":\"BlueBlooded\",\"@id\":\"https:\/\/evertonfc.cz\/#\/schema\/person\/d4493b8cbea51532597fbc4685698916\"},\"headline\":\"LC Preview: Bournemouth \u2013 Everton\",\"datePublished\":\"2022-11-08T15:54:42+00:00\",\"dateModified\":\"2022-11-08T17:22:32+00:00\",\"mainEntityOfPage\":{\"@id\":\"https:\/\/evertonfc.cz\/index.php\/2022\/11\/08\/lc-preview-bournemouth-everton\/\"},\"wordCount\":1255,\"commentCount\":28,\"publisher\":{\"@id\":\"https:\/\/evertonfc.cz\/#organization\"},\"image\":{\"@id\":\"https:\/\/evertonfc.cz\/index.php\/2022\/11\/08\/lc-preview-bournemouth-everton\/#primaryimage\"},\"thumbnailUrl\":\"https:\/\/evertonfc.cz\/wp-content\/uploads\/2022\/11\/Bournemouth-VS-Everton.png\",\"articleSection\":[\"Z\u00e1pasy\"],\"inLanguage\":\"cs\",\"potentialAction\":[{\"@type\":\"CommentAction\",\"name\":\"Comment\",\"target\":[\"https:\/\/evertonfc.cz\/index.php\/2022\/11\/08\/lc-preview-bournemouth-everton\/#respond\"]}]},{\"@type\":\"WebPage\",\"@id\":\"https:\/\/evertonfc.cz\/index.php\/2022\/11\/08\/lc-preview-bournemouth-everton\/\",\"url\":\"https:\/\/evertonfc.cz\/index.php\/2022\/11\/08\/lc-preview-bournemouth-everton\/\",\"name\":\"LC Preview: Bournemouth \u2013 Everton - Official Czech &amp; Slovak Everton Supporters&#039; Club\",\"isPartOf\":{\"@id\":\"https:\/\/evertonfc.cz\/#website\"},\"primaryImageOfPage\":{\"@id\":\"https:\/\/evertonfc.cz\/index.php\/2022\/11\/08\/lc-preview-bournemouth-everton\/#primaryimage\"},\"image\":{\"@id\":\"https:\/\/evertonfc.cz\/index.php\/2022\/11\/08\/lc-preview-bournemouth-everton\/#primaryimage\"},\"thumbnailUrl\":\"https:\/\/evertonfc.cz\/wp-content\/uploads\/2022\/11\/Bournemouth-VS-Everton.png\",\"datePublished\":\"2022-11-08T15:54:42+00:00\",\"dateModified\":\"2022-11-08T17:22:32+00:00\",\"breadcrumb\":{\"@id\":\"https:\/\/evertonfc.cz\/index.php\/2022\/11\/08\/lc-preview-bournemouth-everton\/#breadcrumb\"},\"inLanguage\":\"cs\",\"potentialAction\":[{\"@type\":\"ReadAction\",\"target\":[\"https:\/\/evertonfc.cz\/index.php\/2022\/11\/08\/lc-preview-bournemouth-everton\/\"]}]},{\"@type\":\"ImageObject\",\"inLanguage\":\"cs\",\"@id\":\"https:\/\/evertonfc.cz\/index.php\/2022\/11\/08\/lc-preview-bournemouth-everton\/#primaryimage\",\"url\":\"https:\/\/evertonfc.cz\/wp-content\/uploads\/2022\/11\/Bournemouth-VS-Everton.png\",\"contentUrl\":\"https:\/\/evertonfc.cz\/wp-content\/uploads\/2022\/11\/Bournemouth-VS-Everton.png\",\"width\":720,\"height\":405},{\"@type\":\"BreadcrumbList\",\"@id\":\"https:\/\/evertonfc.cz\/index.php\/2022\/11\/08\/lc-preview-bournemouth-everton\/#breadcrumb\",\"itemListElement\":[{\"@type\":\"ListItem\",\"position\":1,\"name\":\"Home\",\"item\":\"https:\/\/evertonfc.cz\/\"},{\"@type\":\"ListItem\",\"position\":2,\"name\":\"LC Preview: Bournemouth \u2013 Everton\"}]},{\"@type\":\"WebSite\",\"@id\":\"https:\/\/evertonfc.cz\/#website\",\"url\":\"https:\/\/evertonfc.cz\/\",\"name\":\"Official Czech &amp; Slovak Everton Supporters&#039; Club\",\"description\":\"\",\"publisher\":{\"@id\":\"https:\/\/evertonfc.cz\/#organization\"},\"potentialAction\":[{\"@type\":\"SearchAction\",\"target\":{\"@type\":\"EntryPoint\",\"urlTemplate\":\"https:\/\/evertonfc.cz\/?s={search_term_string}\"},\"query-input\":{\"@type\":\"PropertyValueSpecification\",\"valueRequired\":true,\"valueName\":\"search_term_string\"}}],\"inLanguage\":\"cs\"},{\"@type\":\"Organization\",\"@id\":\"https:\/\/evertonfc.cz\/#organization\",\"name\":\"Official Czech & Slovak Everton Supporters' Club\",\"url\":\"https:\/\/evertonfc.cz\/\",\"logo\":{\"@type\":\"ImageObject\",\"inLanguage\":\"cs\",\"@id\":\"https:\/\/evertonfc.cz\/#\/schema\/logo\/image\/\",\"url\":\"https:\/\/evertonfc.cz\/wp-content\/uploads\/2019\/05\/logo.png\",\"contentUrl\":\"https:\/\/evertonfc.cz\/wp-content\/uploads\/2019\/05\/logo.png\",\"width\":112,\"height\":112,\"caption\":\"Official Czech & Slovak Everton Supporters' Club\"},\"image\":{\"@id\":\"https:\/\/evertonfc.cz\/#\/schema\/logo\/image\/\"},\"sameAs\":[\"https:\/\/www.facebook.com\/everton.fans.cz.sk\"]},{\"@type\":\"Person\",\"@id\":\"https:\/\/evertonfc.cz\/#\/schema\/person\/d4493b8cbea51532597fbc4685698916\",\"name\":\"BlueBlooded\",\"url\":\"https:\/\/evertonfc.cz\/index.php\/author\/admin\/\"}]}<\/script>\n<!-- \/ Yoast SEO plugin. -->","yoast_head_json":{"title":"LC Preview: Bournemouth \u2013 Everton - Official Czech &amp; Slovak Everton Supporters&#039; Club","robots":{"index":"index","follow":"follow","max-snippet":"max-snippet:-1","max-image-preview":"max-image-preview:large","max-video-preview":"max-video-preview:-1"},"canonical":"https:\/\/evertonfc.cz\/index.php\/2022\/11\/08\/lc-preview-bournemouth-everton\/","og_locale":"cs_CZ","og_type":"article","og_title":"LC Preview: Bournemouth \u2013 Everton - Official Czech &amp; Slovak Everton Supporters&#039; Club","og_description":"V\u00fdjazd fan\u00fa\u0161ikom na neskor\u00fd zber \u010dere\u0161n\u00ed sa oplat\u00ed. Klub im preplat\u00ed cenu l\u00edstkov, tak\u017ee mo\u017eno o\u010dak\u00e1va\u0165, \u017ee snaha na ihrisku o\u00a0patri\u010dn\u00e9 opodstatnenie sa dostav\u00ed.","og_url":"https:\/\/evertonfc.cz\/index.php\/2022\/11\/08\/lc-preview-bournemouth-everton\/","og_site_name":"Official Czech &amp; Slovak Everton Supporters&#039; Club","article_publisher":"https:\/\/www.facebook.com\/everton.fans.cz.sk","article_published_time":"2022-11-08T15:54:42+00:00","article_modified_time":"2022-11-08T17:22:32+00:00","og_image":[{"width":720,"height":405,"url":"https:\/\/evertonfc.cz\/wp-content\/uploads\/2022\/11\/Bournemouth-VS-Everton.png","type":"image\/png"}],"author":"BlueBlooded","twitter_card":"summary_large_image","twitter_misc":{"Napsal(a)":"BlueBlooded","Odhadovan\u00e1 doba \u010dten\u00ed":"6 minut"},"schema":{"@context":"https:\/\/schema.org","@graph":[{"@type":"Article","@id":"https:\/\/evertonfc.cz\/index.php\/2022\/11\/08\/lc-preview-bournemouth-everton\/#article","isPartOf":{"@id":"https:\/\/evertonfc.cz\/index.php\/2022\/11\/08\/lc-preview-bournemouth-everton\/"},"author":{"name":"BlueBlooded","@id":"https:\/\/evertonfc.cz\/#\/schema\/person\/d4493b8cbea51532597fbc4685698916"},"headline":"LC Preview: Bournemouth \u2013 Everton","datePublished":"2022-11-08T15:54:42+00:00","dateModified":"2022-11-08T17:22:32+00:00","mainEntityOfPage":{"@id":"https:\/\/evertonfc.cz\/index.php\/2022\/11\/08\/lc-preview-bournemouth-everton\/"},"wordCount":1255,"commentCount":28,"publisher":{"@id":"https:\/\/evertonfc.cz\/#organization"},"image":{"@id":"https:\/\/evertonfc.cz\/index.php\/2022\/11\/08\/lc-preview-bournemouth-everton\/#primaryimage"},"thumbnailUrl":"https:\/\/evertonfc.cz\/wp-content\/uploads\/2022\/11\/Bournemouth-VS-Everton.png","articleSection":["Z\u00e1pasy"],"inLanguage":"cs","potentialAction":[{"@type":"CommentAction","name":"Comment","target":["https:\/\/evertonfc.cz\/index.php\/2022\/11\/08\/lc-preview-bournemouth-everton\/#respond"]}]},{"@type":"WebPage","@id":"https:\/\/evertonfc.cz\/index.php\/2022\/11\/08\/lc-preview-bournemouth-everton\/","url":"https:\/\/evertonfc.cz\/index.php\/2022\/11\/08\/lc-preview-bournemouth-everton\/","name":"LC Preview: Bournemouth \u2013 Everton - Official Czech &amp; Slovak Everton Supporters&#039; Club","isPartOf":{"@id":"https:\/\/evertonfc.cz\/#website"},"primaryImageOfPage":{"@id":"https:\/\/evertonfc.cz\/index.php\/2022\/11\/08\/lc-preview-bournemouth-everton\/#primaryimage"},"image":{"@id":"https:\/\/evertonfc.cz\/index.php\/2022\/11\/08\/lc-preview-bournemouth-everton\/#primaryimage"},"thumbnailUrl":"https:\/\/evertonfc.cz\/wp-content\/uploads\/2022\/11\/Bournemouth-VS-Everton.png","datePublished":"2022-11-08T15:54:42+00:00","dateModified":"2022-11-08T17:22:32+00:00","breadcrumb":{"@id":"https:\/\/evertonfc.cz\/index.php\/2022\/11\/08\/lc-preview-bournemouth-everton\/#breadcrumb"},"inLanguage":"cs","potentialAction":[{"@type":"ReadAction","target":["https:\/\/evertonfc.cz\/index.php\/2022\/11\/08\/lc-preview-bournemouth-everton\/"]}]},{"@type":"ImageObject","inLanguage":"cs","@id":"https:\/\/evertonfc.cz\/index.php\/2022\/11\/08\/lc-preview-bournemouth-everton\/#primaryimage","url":"https:\/\/evertonfc.cz\/wp-content\/uploads\/2022\/11\/Bournemouth-VS-Everton.png","contentUrl":"https:\/\/evertonfc.cz\/wp-content\/uploads\/2022\/11\/Bournemouth-VS-Everton.png","width":720,"height":405},{"@type":"BreadcrumbList","@id":"https:\/\/evertonfc.cz\/index.php\/2022\/11\/08\/lc-preview-bournemouth-everton\/#breadcrumb","itemListElement":[{"@type":"ListItem","position":1,"name":"Home","item":"https:\/\/evertonfc.cz\/"},{"@type":"ListItem","position":2,"name":"LC Preview: Bournemouth \u2013 Everton"}]},{"@type":"WebSite","@id":"https:\/\/evertonfc.cz\/#website","url":"https:\/\/evertonfc.cz\/","name":"Official Czech &amp; Slovak Everton Supporters&#039; Club","description":"","publisher":{"@id":"https:\/\/evertonfc.cz\/#organization"},"potentialAction":[{"@type":"SearchAction","target":{"@type":"EntryPoint","urlTemplate":"https:\/\/evertonfc.cz\/?s={search_term_string}"},"query-input":{"@type":"PropertyValueSpecification","valueRequired":true,"valueName":"search_term_string"}}],"inLanguage":"cs"},{"@type":"Organization","@id":"https:\/\/evertonfc.cz\/#organization","name":"Official Czech & Slovak Everton Supporters' Club","url":"https:\/\/evertonfc.cz\/","logo":{"@type":"ImageObject","inLanguage":"cs","@id":"https:\/\/evertonfc.cz\/#\/schema\/logo\/image\/","url":"https:\/\/evertonfc.cz\/wp-content\/uploads\/2019\/05\/logo.png","contentUrl":"https:\/\/evertonfc.cz\/wp-content\/uploads\/2019\/05\/logo.png","width":112,"height":112,"caption":"Official Czech & Slovak Everton Supporters' Club"},"image":{"@id":"https:\/\/evertonfc.cz\/#\/schema\/logo\/image\/"},"sameAs":["https:\/\/www.facebook.com\/everton.fans.cz.sk"]},{"@type":"Person","@id":"https:\/\/evertonfc.cz\/#\/schema\/person\/d4493b8cbea51532597fbc4685698916","name":"BlueBlooded","url":"https:\/\/evertonfc.cz\/index.php\/author\/admin\/"}]}},"_links":{"self":[{"href":"https:\/\/evertonfc.cz\/index.php\/wp-json\/wp\/v2\/posts\/20315"}],"collection":[{"href":"https:\/\/evertonfc.cz\/index.php\/wp-json\/wp\/v2\/posts"}],"about":[{"href":"https:\/\/evertonfc.cz\/index.php\/wp-json\/wp\/v2\/types\/post"}],"author":[{"embeddable":true,"href":"https:\/\/evertonfc.cz\/index.php\/wp-json\/wp\/v2\/users\/1"}],"replies":[{"embeddable":true,"href":"https:\/\/evertonfc.cz\/index.php\/wp-json\/wp\/v2\/comments?post=20315"}],"version-history":[{"count":8,"href":"https:\/\/evertonfc.cz\/index.php\/wp-json\/wp\/v2\/posts\/20315\/revisions"}],"predecessor-version":[{"id":20326,"href":"https:\/\/evertonfc.cz\/index.php\/wp-json\/wp\/v2\/posts\/20315\/revisions\/20326"}],"wp:featuredmedia":[{"embeddable":true,"href":"https:\/\/evertonfc.cz\/index.php\/wp-json\/wp\/v2\/media\/20316"}],"wp:attachment":[{"href":"https:\/\/evertonfc.cz\/index.php\/wp-json\/wp\/v2\/media?parent=20315"}],"wp:term":[{"taxonomy":"category","embeddable":true,"href":"https:\/\/evertonfc.cz\/index.php\/wp-json\/wp\/v2\/categories?post=20315"},{"taxonomy":"post_tag","embeddable":true,"href":"https:\/\/evertonfc.cz\/index.php\/wp-json\/wp\/v2\/tags?post=20315"}],"curies":[{"name":"wp","href":"https:\/\/api.w.org\/{rel}","templated":true}]}}