{"id":2032,"date":"2018-07-15T20:29:51","date_gmt":"2018-07-15T18:29:51","guid":{"rendered":"http:\/\/evertonfc.cz\/?p=2032"},"modified":"2019-01-31T20:31:01","modified_gmt":"2019-01-31T19:31:01","slug":"atv-irdning-everton-022","status":"publish","type":"post","link":"https:\/\/evertonfc.cz\/index.php\/2018\/07\/15\/atv-irdning-everton-022\/","title":{"rendered":"ATV Irdning &#8211; Everton 0:22"},"content":{"rendered":"\n<h4 class=\"wp-block-heading\">Toffees vo svojom prvom nes\u00fa\u0165a\u017enom z\u00e1pase pod veden\u00edm Marca Silvu vyhrali s\u00a0basketbalov\u00fdm n\u00e1skokom. Pozit\u00edva? \u010cakaj\u00fa n\u00e1s aj \u010fal\u0161ie z\u00e1pasy. D\u00fafajme, \u017ee tentoraz u\u017e &#8222;pr\u00edpravn\u00e9&#8220;.<\/h4>\n\n\n\n<p>Nie, zrak v\u00e1s neklame. Jedin\u00e9, \u010do v\u00e1s mohlo, bola tabu\u013ea ukazovate\u013ea stavu na s\u00faperovom \u0161tadi\u00f3ne, ak ho m\u00f4\u017eem s\u00faperom nazva\u0165, ktor\u00e1 mala probl\u00e9my poradi\u0165 si so sk\u00f3re v\u00e4\u010d\u0161\u00edm ako 20. Preto na konci tohto (priate\u013esk\u00e9ho?) stretnutia svietil pomer 2:2. Kie\u017e by, preto\u017ee nar\u00fdchlo n\u00e1jden\u00e9mu oponentovi diametr\u00e1lneho kalibru sme sa odv\u010fa\u010dili zahanbuj\u00facim v\u00fdsledkom a\u00a0je mi a\u017e tr\u00e1pne rozobera\u0165 ako, kedy a\u00a0pre\u010do sa tak stalo.<\/p>\n\n\n\n<p>Tak\u017ee sa nebudem prid\u00e1va\u0165 k&nbsp;omie\u013eaniu prekonan\u00e9ho 133 ro\u010dn\u00e9ho rekordu, ktor\u00fd patril v\u00fdhre z&nbsp;roku 1885 v&nbsp;Liverpool Senior Cupe nad New Ferry. Pre upresnenie, je to s\u00fa\u0165a\u017en\u00fd&nbsp;turnaj t\u00edmov z&nbsp;okolia Merseyside, v&nbsp;ktorom Everton u\u017e minim\u00e1lne v&nbsp;tomto mil\u00e9niu nasadzuje rezervn\u00e9 t\u00edmy, no aj tak sa st\u00e1le dr\u017e\u00ed na \u010dele v&nbsp;po\u010dte prvenstiev (46).<\/p>\n\n\n\n<p>Bra\u0165 do \u00favahy v\u00fdkony hr\u00e1\u010dov ned\u00e1va zmysel a&nbsp;ak si niekto odniesol nejak\u00fd poznatok, tak jedine ten, \u017ee nah\u00e1\u0148anie vlastn\u00e9ho ega uspokoj\u00ed len do\u010dasne a&nbsp;povrchovo. Silva pred z\u00e1pasom hr\u00e1\u010dom nazna\u010dil kvalitu s\u00fapera, a hoci s\u00e1m tak\u00fa n\u00edzku neo\u010dak\u00e1val,&nbsp;pripomenul, o&nbsp;\u010do m\u00e1 naozaj is\u0165 a&nbsp;teda aj&nbsp;i\u0161lo. Mo\u017eno dom\u00e1ci videli viac pozit\u00edv. Zvidite\u013enenie sa, z\u00e1\u017eitok na cel\u00fd \u017eivot, v\u00fdprask na dva. Klady pre host\u00ed z&nbsp;Anglicka? Ja osobne nevid\u00edm \u017eiadne, okrem kondi\u010dnej pr\u00edpravy cez t\u00fd\u017ede\u0148 v&nbsp;skvelom prostred\u00ed. A&nbsp;vy?<\/p>\n\n\n\n<figure class=\"wp-block-image\"><img decoding=\"async\" src=\"http:\/\/www.evertonfc.cz\/uploads\/images\/novinky\/2018\/07\/JS157488473.jpg\" alt=\"\"\/><\/figure>\n\n\n\n<p><em><strong>Up The Toffees !!!<\/strong><\/em><\/p>\n\n\n\n<p><strong>G\u00f3ly:<\/strong>&nbsp;5\u00b4 Baines, 8&#8242; Holgate, 13&#8242; Keane, 14&#8242; Tosun, 16&#8242; Tosun, 17&#8242; Lookman, 29&#8242; Lookman, 33&#8242; Tosun, 36&#8242; Lookman, 45&#8242; Tosun, 48&#8242; Mirallas, 50&#8242; Mirallas, 52&#8242; Mirallas, 59&#8242; Mirallas, 71&#8242; Niasse, 73&#8242; Vlasic, 75&#8242; Niasse, 80&#8242; Mirallas, 81&#8242; vlastn\u00fd g\u00f3l, 83&#8242; Niasse, 85&#8242; Vlasic, 89&#8242; Niasse<\/p>\n\n\n\n<p><strong>Everton FC 1.pol\u010das:<\/strong>&nbsp;Stekelenburg &#8211; Coleman, Holgate, Keane, Baines; Schneiderlin, Davies, Dowell; Sandro, Lookman, Tosun<\/p>\n\n\n\n<p><strong>Everton FC 2.pol\u010das:&nbsp;<\/strong>Hewelt \u2013 Kenny, Williams, Jagielka, Robinson, Besic, Vlasic, Connolly, Martina, Niasse, &nbsp;Mirallas<\/p>\n","protected":false},"excerpt":{"rendered":"<p>Toffees vo svojom prvom nes\u00fa\u0165a\u017enom z\u00e1pase pod veden\u00edm Marca Silvu vyhrali s\u00a0basketbalov\u00fdm n\u00e1skokom. Pozit\u00edva? \u010cakaj\u00fa n\u00e1s aj \u010fal\u0161ie z\u00e1pasy. D\u00fafajme,&hellip;<\/p>\n","protected":false},"author":1,"featured_media":2018,"comment_status":"open","ping_status":"closed","sticky":false,"template":"","format":"standard","meta":{"_eb_attr":"","_monsterinsights_skip_tracking":false,"_monsterinsights_sitenote_active":false,"_monsterinsights_sitenote_note":"","_monsterinsights_sitenote_category":0,"footnotes":""},"categories":[4],"tags":[],"yoast_head":"<!-- This site is optimized with the Yoast SEO plugin v23.4 - https:\/\/yoast.com\/wordpress\/plugins\/seo\/ -->\n<title>ATV Irdning - Everton 0:22 - Official Czech &amp; Slovak Everton Supporters&#039; Club<\/title>\n<meta name=\"robots\" content=\"index, follow, max-snippet:-1, max-image-preview:large, max-video-preview:-1\" \/>\n<link rel=\"canonical\" href=\"https:\/\/evertonfc.cz\/index.php\/2018\/07\/15\/atv-irdning-everton-022\/\" \/>\n<meta property=\"og:locale\" content=\"cs_CZ\" \/>\n<meta property=\"og:type\" content=\"article\" \/>\n<meta property=\"og:title\" content=\"ATV Irdning - Everton 0:22 - Official Czech &amp; Slovak Everton Supporters&#039; Club\" \/>\n<meta property=\"og:description\" content=\"Toffees vo svojom prvom nes\u00fa\u0165a\u017enom z\u00e1pase pod veden\u00edm Marca Silvu vyhrali s\u00a0basketbalov\u00fdm n\u00e1skokom. Pozit\u00edva? \u010cakaj\u00fa n\u00e1s aj \u010fal\u0161ie z\u00e1pasy. D\u00fafajme,&hellip;\" \/>\n<meta property=\"og:url\" content=\"https:\/\/evertonfc.cz\/index.php\/2018\/07\/15\/atv-irdning-everton-022\/\" \/>\n<meta property=\"og:site_name\" content=\"Official Czech &amp; Slovak Everton Supporters&#039; Club\" \/>\n<meta property=\"article:publisher\" content=\"https:\/\/www.facebook.com\/everton.fans.cz.sk\" \/>\n<meta property=\"article:published_time\" content=\"2018-07-15T18:29:51+00:00\" \/>\n<meta property=\"article:modified_time\" content=\"2019-01-31T19:31:01+00:00\" \/>\n<meta property=\"og:image\" content=\"https:\/\/evertonfc.cz\/wp-content\/uploads\/2019\/01\/irdning_15_7_2018.jpg\" \/>\n\t<meta property=\"og:image:width\" content=\"720\" \/>\n\t<meta property=\"og:image:height\" content=\"405\" \/>\n\t<meta property=\"og:image:type\" content=\"image\/jpeg\" \/>\n<meta name=\"author\" content=\"BlueBlooded\" \/>\n<meta name=\"twitter:card\" content=\"summary_large_image\" \/>\n<meta name=\"twitter:label1\" content=\"Napsal(a)\" \/>\n\t<meta name=\"twitter:data1\" content=\"BlueBlooded\" \/>\n\t<meta name=\"twitter:label2\" content=\"Odhadovan\u00e1 doba \u010dten\u00ed\" \/>\n\t<meta name=\"twitter:data2\" content=\"2 minuty\" \/>\n<script type=\"application\/ld+json\" class=\"yoast-schema-graph\">{\"@context\":\"https:\/\/schema.org\",\"@graph\":[{\"@type\":\"Article\",\"@id\":\"https:\/\/evertonfc.cz\/index.php\/2018\/07\/15\/atv-irdning-everton-022\/#article\",\"isPartOf\":{\"@id\":\"https:\/\/evertonfc.cz\/index.php\/2018\/07\/15\/atv-irdning-everton-022\/\"},\"author\":{\"name\":\"BlueBlooded\",\"@id\":\"https:\/\/evertonfc.cz\/#\/schema\/person\/d4493b8cbea51532597fbc4685698916\"},\"headline\":\"ATV Irdning &#8211; Everton 0:22\",\"datePublished\":\"2018-07-15T18:29:51+00:00\",\"dateModified\":\"2019-01-31T19:31:01+00:00\",\"mainEntityOfPage\":{\"@id\":\"https:\/\/evertonfc.cz\/index.php\/2018\/07\/15\/atv-irdning-everton-022\/\"},\"wordCount\":405,\"commentCount\":0,\"publisher\":{\"@id\":\"https:\/\/evertonfc.cz\/#organization\"},\"image\":{\"@id\":\"https:\/\/evertonfc.cz\/index.php\/2018\/07\/15\/atv-irdning-everton-022\/#primaryimage\"},\"thumbnailUrl\":\"https:\/\/evertonfc.cz\/wp-content\/uploads\/2019\/01\/irdning_15_7_2018.jpg\",\"articleSection\":[\"Z\u00e1pasy\"],\"inLanguage\":\"cs\",\"potentialAction\":[{\"@type\":\"CommentAction\",\"name\":\"Comment\",\"target\":[\"https:\/\/evertonfc.cz\/index.php\/2018\/07\/15\/atv-irdning-everton-022\/#respond\"]}]},{\"@type\":\"WebPage\",\"@id\":\"https:\/\/evertonfc.cz\/index.php\/2018\/07\/15\/atv-irdning-everton-022\/\",\"url\":\"https:\/\/evertonfc.cz\/index.php\/2018\/07\/15\/atv-irdning-everton-022\/\",\"name\":\"ATV Irdning - Everton 0:22 - Official Czech &amp; Slovak Everton Supporters&#039; Club\",\"isPartOf\":{\"@id\":\"https:\/\/evertonfc.cz\/#website\"},\"primaryImageOfPage\":{\"@id\":\"https:\/\/evertonfc.cz\/index.php\/2018\/07\/15\/atv-irdning-everton-022\/#primaryimage\"},\"image\":{\"@id\":\"https:\/\/evertonfc.cz\/index.php\/2018\/07\/15\/atv-irdning-everton-022\/#primaryimage\"},\"thumbnailUrl\":\"https:\/\/evertonfc.cz\/wp-content\/uploads\/2019\/01\/irdning_15_7_2018.jpg\",\"datePublished\":\"2018-07-15T18:29:51+00:00\",\"dateModified\":\"2019-01-31T19:31:01+00:00\",\"breadcrumb\":{\"@id\":\"https:\/\/evertonfc.cz\/index.php\/2018\/07\/15\/atv-irdning-everton-022\/#breadcrumb\"},\"inLanguage\":\"cs\",\"potentialAction\":[{\"@type\":\"ReadAction\",\"target\":[\"https:\/\/evertonfc.cz\/index.php\/2018\/07\/15\/atv-irdning-everton-022\/\"]}]},{\"@type\":\"ImageObject\",\"inLanguage\":\"cs\",\"@id\":\"https:\/\/evertonfc.cz\/index.php\/2018\/07\/15\/atv-irdning-everton-022\/#primaryimage\",\"url\":\"https:\/\/evertonfc.cz\/wp-content\/uploads\/2019\/01\/irdning_15_7_2018.jpg\",\"contentUrl\":\"https:\/\/evertonfc.cz\/wp-content\/uploads\/2019\/01\/irdning_15_7_2018.jpg\",\"width\":720,\"height\":405},{\"@type\":\"BreadcrumbList\",\"@id\":\"https:\/\/evertonfc.cz\/index.php\/2018\/07\/15\/atv-irdning-everton-022\/#breadcrumb\",\"itemListElement\":[{\"@type\":\"ListItem\",\"position\":1,\"name\":\"Home\",\"item\":\"https:\/\/evertonfc.cz\/\"},{\"@type\":\"ListItem\",\"position\":2,\"name\":\"ATV Irdning &#8211; Everton 0:22\"}]},{\"@type\":\"WebSite\",\"@id\":\"https:\/\/evertonfc.cz\/#website\",\"url\":\"https:\/\/evertonfc.cz\/\",\"name\":\"Official Czech &amp; Slovak Everton Supporters&#039; Club\",\"description\":\"\",\"publisher\":{\"@id\":\"https:\/\/evertonfc.cz\/#organization\"},\"potentialAction\":[{\"@type\":\"SearchAction\",\"target\":{\"@type\":\"EntryPoint\",\"urlTemplate\":\"https:\/\/evertonfc.cz\/?s={search_term_string}\"},\"query-input\":{\"@type\":\"PropertyValueSpecification\",\"valueRequired\":true,\"valueName\":\"search_term_string\"}}],\"inLanguage\":\"cs\"},{\"@type\":\"Organization\",\"@id\":\"https:\/\/evertonfc.cz\/#organization\",\"name\":\"Official Czech & Slovak Everton Supporters' Club\",\"url\":\"https:\/\/evertonfc.cz\/\",\"logo\":{\"@type\":\"ImageObject\",\"inLanguage\":\"cs\",\"@id\":\"https:\/\/evertonfc.cz\/#\/schema\/logo\/image\/\",\"url\":\"https:\/\/evertonfc.cz\/wp-content\/uploads\/2019\/05\/logo.png\",\"contentUrl\":\"https:\/\/evertonfc.cz\/wp-content\/uploads\/2019\/05\/logo.png\",\"width\":112,\"height\":112,\"caption\":\"Official Czech & Slovak Everton Supporters' Club\"},\"image\":{\"@id\":\"https:\/\/evertonfc.cz\/#\/schema\/logo\/image\/\"},\"sameAs\":[\"https:\/\/www.facebook.com\/everton.fans.cz.sk\"]},{\"@type\":\"Person\",\"@id\":\"https:\/\/evertonfc.cz\/#\/schema\/person\/d4493b8cbea51532597fbc4685698916\",\"name\":\"BlueBlooded\",\"url\":\"https:\/\/evertonfc.cz\/index.php\/author\/admin\/\"}]}<\/script>\n<!-- \/ Yoast SEO plugin. -->","yoast_head_json":{"title":"ATV Irdning - Everton 0:22 - Official Czech &amp; Slovak Everton Supporters&#039; Club","robots":{"index":"index","follow":"follow","max-snippet":"max-snippet:-1","max-image-preview":"max-image-preview:large","max-video-preview":"max-video-preview:-1"},"canonical":"https:\/\/evertonfc.cz\/index.php\/2018\/07\/15\/atv-irdning-everton-022\/","og_locale":"cs_CZ","og_type":"article","og_title":"ATV Irdning - Everton 0:22 - Official Czech &amp; Slovak Everton Supporters&#039; Club","og_description":"Toffees vo svojom prvom nes\u00fa\u0165a\u017enom z\u00e1pase pod veden\u00edm Marca Silvu vyhrali s\u00a0basketbalov\u00fdm n\u00e1skokom. Pozit\u00edva? \u010cakaj\u00fa n\u00e1s aj \u010fal\u0161ie z\u00e1pasy. D\u00fafajme,&hellip;","og_url":"https:\/\/evertonfc.cz\/index.php\/2018\/07\/15\/atv-irdning-everton-022\/","og_site_name":"Official Czech &amp; Slovak Everton Supporters&#039; Club","article_publisher":"https:\/\/www.facebook.com\/everton.fans.cz.sk","article_published_time":"2018-07-15T18:29:51+00:00","article_modified_time":"2019-01-31T19:31:01+00:00","og_image":[{"width":720,"height":405,"url":"https:\/\/evertonfc.cz\/wp-content\/uploads\/2019\/01\/irdning_15_7_2018.jpg","type":"image\/jpeg"}],"author":"BlueBlooded","twitter_card":"summary_large_image","twitter_misc":{"Napsal(a)":"BlueBlooded","Odhadovan\u00e1 doba \u010dten\u00ed":"2 minuty"},"schema":{"@context":"https:\/\/schema.org","@graph":[{"@type":"Article","@id":"https:\/\/evertonfc.cz\/index.php\/2018\/07\/15\/atv-irdning-everton-022\/#article","isPartOf":{"@id":"https:\/\/evertonfc.cz\/index.php\/2018\/07\/15\/atv-irdning-everton-022\/"},"author":{"name":"BlueBlooded","@id":"https:\/\/evertonfc.cz\/#\/schema\/person\/d4493b8cbea51532597fbc4685698916"},"headline":"ATV Irdning &#8211; Everton 0:22","datePublished":"2018-07-15T18:29:51+00:00","dateModified":"2019-01-31T19:31:01+00:00","mainEntityOfPage":{"@id":"https:\/\/evertonfc.cz\/index.php\/2018\/07\/15\/atv-irdning-everton-022\/"},"wordCount":405,"commentCount":0,"publisher":{"@id":"https:\/\/evertonfc.cz\/#organization"},"image":{"@id":"https:\/\/evertonfc.cz\/index.php\/2018\/07\/15\/atv-irdning-everton-022\/#primaryimage"},"thumbnailUrl":"https:\/\/evertonfc.cz\/wp-content\/uploads\/2019\/01\/irdning_15_7_2018.jpg","articleSection":["Z\u00e1pasy"],"inLanguage":"cs","potentialAction":[{"@type":"CommentAction","name":"Comment","target":["https:\/\/evertonfc.cz\/index.php\/2018\/07\/15\/atv-irdning-everton-022\/#respond"]}]},{"@type":"WebPage","@id":"https:\/\/evertonfc.cz\/index.php\/2018\/07\/15\/atv-irdning-everton-022\/","url":"https:\/\/evertonfc.cz\/index.php\/2018\/07\/15\/atv-irdning-everton-022\/","name":"ATV Irdning - Everton 0:22 - Official Czech &amp; Slovak Everton Supporters&#039; Club","isPartOf":{"@id":"https:\/\/evertonfc.cz\/#website"},"primaryImageOfPage":{"@id":"https:\/\/evertonfc.cz\/index.php\/2018\/07\/15\/atv-irdning-everton-022\/#primaryimage"},"image":{"@id":"https:\/\/evertonfc.cz\/index.php\/2018\/07\/15\/atv-irdning-everton-022\/#primaryimage"},"thumbnailUrl":"https:\/\/evertonfc.cz\/wp-content\/uploads\/2019\/01\/irdning_15_7_2018.jpg","datePublished":"2018-07-15T18:29:51+00:00","dateModified":"2019-01-31T19:31:01+00:00","breadcrumb":{"@id":"https:\/\/evertonfc.cz\/index.php\/2018\/07\/15\/atv-irdning-everton-022\/#breadcrumb"},"inLanguage":"cs","potentialAction":[{"@type":"ReadAction","target":["https:\/\/evertonfc.cz\/index.php\/2018\/07\/15\/atv-irdning-everton-022\/"]}]},{"@type":"ImageObject","inLanguage":"cs","@id":"https:\/\/evertonfc.cz\/index.php\/2018\/07\/15\/atv-irdning-everton-022\/#primaryimage","url":"https:\/\/evertonfc.cz\/wp-content\/uploads\/2019\/01\/irdning_15_7_2018.jpg","contentUrl":"https:\/\/evertonfc.cz\/wp-content\/uploads\/2019\/01\/irdning_15_7_2018.jpg","width":720,"height":405},{"@type":"BreadcrumbList","@id":"https:\/\/evertonfc.cz\/index.php\/2018\/07\/15\/atv-irdning-everton-022\/#breadcrumb","itemListElement":[{"@type":"ListItem","position":1,"name":"Home","item":"https:\/\/evertonfc.cz\/"},{"@type":"ListItem","position":2,"name":"ATV Irdning &#8211; Everton 0:22"}]},{"@type":"WebSite","@id":"https:\/\/evertonfc.cz\/#website","url":"https:\/\/evertonfc.cz\/","name":"Official Czech &amp; Slovak Everton Supporters&#039; Club","description":"","publisher":{"@id":"https:\/\/evertonfc.cz\/#organization"},"potentialAction":[{"@type":"SearchAction","target":{"@type":"EntryPoint","urlTemplate":"https:\/\/evertonfc.cz\/?s={search_term_string}"},"query-input":{"@type":"PropertyValueSpecification","valueRequired":true,"valueName":"search_term_string"}}],"inLanguage":"cs"},{"@type":"Organization","@id":"https:\/\/evertonfc.cz\/#organization","name":"Official Czech & Slovak Everton Supporters' Club","url":"https:\/\/evertonfc.cz\/","logo":{"@type":"ImageObject","inLanguage":"cs","@id":"https:\/\/evertonfc.cz\/#\/schema\/logo\/image\/","url":"https:\/\/evertonfc.cz\/wp-content\/uploads\/2019\/05\/logo.png","contentUrl":"https:\/\/evertonfc.cz\/wp-content\/uploads\/2019\/05\/logo.png","width":112,"height":112,"caption":"Official Czech & Slovak Everton Supporters' Club"},"image":{"@id":"https:\/\/evertonfc.cz\/#\/schema\/logo\/image\/"},"sameAs":["https:\/\/www.facebook.com\/everton.fans.cz.sk"]},{"@type":"Person","@id":"https:\/\/evertonfc.cz\/#\/schema\/person\/d4493b8cbea51532597fbc4685698916","name":"BlueBlooded","url":"https:\/\/evertonfc.cz\/index.php\/author\/admin\/"}]}},"_links":{"self":[{"href":"https:\/\/evertonfc.cz\/index.php\/wp-json\/wp\/v2\/posts\/2032"}],"collection":[{"href":"https:\/\/evertonfc.cz\/index.php\/wp-json\/wp\/v2\/posts"}],"about":[{"href":"https:\/\/evertonfc.cz\/index.php\/wp-json\/wp\/v2\/types\/post"}],"author":[{"embeddable":true,"href":"https:\/\/evertonfc.cz\/index.php\/wp-json\/wp\/v2\/users\/1"}],"replies":[{"embeddable":true,"href":"https:\/\/evertonfc.cz\/index.php\/wp-json\/wp\/v2\/comments?post=2032"}],"version-history":[{"count":1,"href":"https:\/\/evertonfc.cz\/index.php\/wp-json\/wp\/v2\/posts\/2032\/revisions"}],"predecessor-version":[{"id":2033,"href":"https:\/\/evertonfc.cz\/index.php\/wp-json\/wp\/v2\/posts\/2032\/revisions\/2033"}],"wp:featuredmedia":[{"embeddable":true,"href":"https:\/\/evertonfc.cz\/index.php\/wp-json\/wp\/v2\/media\/2018"}],"wp:attachment":[{"href":"https:\/\/evertonfc.cz\/index.php\/wp-json\/wp\/v2\/media?parent=2032"}],"wp:term":[{"taxonomy":"category","embeddable":true,"href":"https:\/\/evertonfc.cz\/index.php\/wp-json\/wp\/v2\/categories?post=2032"},{"taxonomy":"post_tag","embeddable":true,"href":"https:\/\/evertonfc.cz\/index.php\/wp-json\/wp\/v2\/tags?post=2032"}],"curies":[{"name":"wp","href":"https:\/\/api.w.org\/{rel}","templated":true}]}}