{"id":20341,"date":"2022-11-12T13:27:24","date_gmt":"2022-11-12T12:27:24","guid":{"rendered":"https:\/\/evertonfc.cz\/?p=20341"},"modified":"2022-11-12T13:27:24","modified_gmt":"2022-11-12T12:27:24","slug":"preview-bournemouth-everton-7","status":"publish","type":"post","link":"https:\/\/evertonfc.cz\/index.php\/2022\/11\/12\/preview-bournemouth-everton-7\/","title":{"rendered":"Preview: Bournemouth \u2013 Everton"},"content":{"rendered":"<h4>Neskor\u00fd zber \u010dere\u0161n\u00ed sa nekonal! A\u00a0ani sa neoplatil. Nikomu z\u00a0cestuj\u00facich na trib\u00fanach, nikomu z\u00a0modr\u00fdch pri obrazovk\u00e1ch. Tak\u017ee nasleduje repete, no s\u00a0in\u00fdmi zbera\u010dmi.<\/h4>\n<p>Bol by som rad\u0161ej, ak by som sa m\u00fdlil. Ale s\u00a0preplaten\u00edm utorkov\u00fdch l\u00edstkov ako ospravedlnen\u00edm vopred som trafil do \u010dierneho. Neuverite\u013en\u00e1 hanba a\u00a0spytovanie svedomia museli od stredy nasta\u0165 u\u00a0v\u0161etk\u00fdch z\u00fa\u010dastnen\u00fdch, vr\u00e1tane Lamparda. Dne\u0161ok predstavuje jedine\u010dn\u00fa \u0161ancu ospravedlni\u0165 sa, a\u00a0uk\u00e1za\u0165, \u017ee klub naozaj napreduje. \u017de si prizn\u00e1 chyby, vie sa z nich pou\u010di\u0165, a\u00a0dok\u00e1\u017ee sa aj zlep\u0161i\u0165.<\/p>\n<p>Frank jednoducho zariskoval. Stavil v\u0161etko a\u00a0prehral. Nemusel vylo\u017ei\u0165 tie tr\u00e1pne karty, ale chcel. Odteraz by v\u0161ak mal by\u0165 na pozore a\u00a0vedie\u0165, \u017ee na tak\u00e9to kaskad\u00e9rske k\u00fasky u\u017e nem\u00e1 rozpo\u010det. A\u00a0ak by v\u00a0nich pokra\u010doval, zachv\u00ed\u013eu by hral na dlh. Tak\u017ee tento druh\u00fd z\u00e1pas berie ako nov\u00fd za\u010diatok. Utorok sa nestal a\u00a0farby bud\u00fa h\u00e1ji\u0165 in\u00e9 charaktery. Nutno pokra\u010dova\u0165 v\u00a0rozrobenej pr\u00e1ci, a\u00a0hlavne neklesa\u0165 na duchu.<\/p>\n<h4><strong>Lampard o prehre v poh\u00e1ri:<\/strong><\/h4>\n<blockquote><p><span style=\"font-size: 12pt;\"><em>\u201eChcel som post\u00fapi\u0165 do \u010fal\u0161ieho kola Carabao Cupu, ale ke\u010f sa pozriem na mu\u017estvo po tomto z\u00e1pase, nau\u010dil som sa o \u0148om viac, ako z tr\u00e9ningu ka\u017ed\u00fd de\u0148. Dobr\u00e1 spr\u00e1va je, \u017ee v sobotu hr\u00e1me s Bournemouthom znova. Budeme vyzera\u0165 inak a budeme hra\u0165 inak. A to nehovor\u00edm o syst\u00e9me alebo form\u00e1cii. Hovor\u00edm o \u00farovni individu\u00e1lnych v\u00fdkonov.\u201c<\/em><\/span><\/p><\/blockquote>\n<p>Dobr\u00fdch spr\u00e1v je viac. Po dom\u00e1cej prehre s\u00a0Leicesterom malo zop\u00e1r hr\u00e1\u010dov \u0161r\u00e1my. Av\u0161ak na dnes s\u00fa Amadou Onana aj Idrissa Gueye k\u00a0dispoz\u00edcii. Po druhotriednom v\u00fdkone troch stop\u00e9rov z\u00a0druhej rady ostali v\u0161etky z\u00fafal\u00e9 o\u010di n\u00e1dejne upret\u00e9 na Benovi Godfreym. Ten v\u0161ak po zlomenej nohe st\u00e1le nie je fit. Ani Townsend.<\/p>\n<p>Hor\u0161ia situ\u00e1cia je v\u0161ak s\u00a0Calvertom-Lewinom. Hoc u\u017e sa zdalo, \u017ee sa op\u00e4\u0165 dost\u00e1va do formy a\u00a0streleckej pohody, v\u00a0dueli proti Newcastlu si nakr\u00e1tko vyk\u013abil rameno. To sa opakovalo aj proti Fulhamu, kde musel hra\u0165 kompletne otejpovan\u00fd. \u0160pecialista sa u\u017e na to pozrel, a\u00a0oper\u00e1cia, chvalabohu, nebude potrebn\u00e1. Okrem toho m\u00e1 v\u0161ak aj natiahnut\u00fd hamstring, a\u00a0k\u00a0tomu sa pridalo aj znovu obnoven\u00e9 zranenie kolena.<\/p>\n<h4><strong>Michael Ball: <em>\u201eEverton nehr\u00e1 na svoje siln\u00e9 str\u00e1nky\u201c<\/em><\/strong><\/h4>\n<blockquote><p><span style=\"font-size: 12pt;\">\u010co nem\u00f4\u017eem akceptova\u0165 je, ke\u010f n\u00e1s s\u00faper prevalcuje a\u00a0prebije, odtl\u00e1\u010da od lopty, a\u00a0my sa nesna\u017e\u00edme ho nap\u00e1da\u0165. Rob\u00edme to v ist\u00fdch momentoch z\u00e1pasov, ale nedr\u017e\u00edme sa toho. Z\u00e1le\u017e\u00ed na t\u00fdchto pas\u00e1\u017each hry, na lopte aj mimo nej, kde si mus\u00edte vybra\u0165 momenty, kedy budete tla\u010di\u0165 ako t\u00edm a pok\u00fasi\u0165 sa z\u00edska\u0165 loptu sp\u00e4\u0165.<\/span><\/p>\n<p><span style=\"font-size: 12pt;\">Idrissa Gueye sa vr\u00e1til a uk\u00e1zal svoju kvalitu. Ale mysl\u00edm, \u017ee by sa mal dr\u017ea\u0165 toho, v \u010dom je dobr\u00fd. Nah\u00e1\u0148a s\u00fapera, vyhr\u00e1va lopty a pos\u00fava ich niekomu in\u00e9mu. Teraz to v\u0161ak vyzer\u00e1, \u017ee sa sna\u017e\u00ed v\u0161etko robi\u0165 s\u00e1m. <\/span><span style=\"font-size: 12pt;\">No kvalita na lopte nie je jeho siln\u00e1 str\u00e1nka a\u00a0nikdy nebola. Pr\u00edli\u0161 \u010dasto ju takto str\u00e1ca, preto\u017ee sa sna\u017e\u00ed by\u0165 re\u017eis\u00e9r a\u00a0to nie jeho \u00faloha. Mus\u00ed sa vr\u00e1ti\u0165 k\u00a0z\u00e1kladom. By\u0165 t\u00fdm str\u00e1\u017enym psom, ktor\u00fd beh\u00e1 dokola a\u00a0pos\u00fava to spoluhr\u00e1\u010dom.<\/span><\/p>\n<p><span style=\"font-size: 12pt;\">Tie\u017e ma udivuje, \u017ee na\u0161i kr\u00eddeln\u00edci maj\u00fa t\u00fd\u017ede\u0148 \u010do t\u00fd\u017ede\u0148 pocit, \u017ee musia is\u0165 do s\u00faboja 1v1. Ako krajn\u00fd obranca by som bol \u00faplne nad\u0161en\u00fd, preto\u017ee ak na m\u0148a za\u010dne nabieha\u0165 kr\u00eddeln\u00edk, m\u00e1m ho presne tam, kde ho chcem, a\u00a0ver\u00edm si.<\/span><\/p>\n<p><span style=\"font-size: 12pt;\">A potom to nie je len o tom n\u00e1js\u0165 spoluhr\u00e1\u010da, ale da\u0165 mu to na striebornom podnose. Ulah\u010di\u0165 mu spracovanie. U n\u00e1s sa zd\u00e1, \u017ee to len kopneme a d\u00fafame v najlep\u0161ie. V druhom pol\u010dase bola situ\u00e1cia, ke\u010f Iwobi kopol loptu priamo do Maupaya, a trafil ho do brucha. \u010co \u010dak\u00e1te, \u017ee s t\u00fdm urob\u00ed?<\/span><\/p><\/blockquote>\n<h4><strong>Boscombe<\/strong><\/h4>\n<p>Gary O\u00b4Neil si nemysl\u00ed, \u017ee utorkov\u00e9 v\u00ed\u0165azstvo bude ma\u0165 nejak\u00fd vplyv na dne\u0161n\u00fd v\u00fdsledok. No ak ste ste mysleli, \u017ee \u010cere\u0161ne hrali v\u00fdborne, tak dnes bud\u00fa s viacer\u00fdmi hr\u00e1\u010dmi prv\u00e9ho sledu e\u0161te lep\u0161\u00ed. Oproti predch\u00e1dzaj\u00facemu ligov\u00e9mu duelu spravili dev\u00e4\u0165 zmien. Zranenia im nov\u00e9 nepribudli, ch\u00fdba\u0165 by mal iba Kelly. No vykartoval sa im v lige obranca Chris Mepham po piatich \u017elt\u00fdch kart\u00e1ch.<\/p>\n<p>Sebavedomie bude na ich strane. Hraj\u00fa doma, a\u00a0dokonca sa \u0161pekuluje, \u017ee by ich po Majstrovstv\u00e1ch sveta mohol vies\u0165 Marcelo Bielsa. To s\u00fa ve\u013emi zauj\u00edmav\u00e9 spr\u00e1vy pre trpasl\u00edka Premier League, hraj\u00faceho vo farb\u00e1ch in\u0161pirovan\u00fdch AC Mil\u00e1nom. Gary v\u0161ak m\u00e1 e\u0161te posledn\u00fd pokus vylep\u0161i\u0165 si svoje mana\u017e\u00e9rske \u0161tatistiky.<\/p>\n<p>Na hrote pravdepodobne nast\u00fapi b\u00fdval\u00fd Liverpoolu Dominic Solanke, \u00a0pr\u00edpadne bude podporova\u0165 vysok\u00e9ho Moora. S Billingom a\u00a0Tavernierom tie\u017e st\u00fapne obtia\u017enos\u0165. T\u00fa budeme musie\u0165 prekona\u0165, ak chceme pred nimi zv\u00fd\u0161i\u0165 n\u00e1\u0161 n\u00e1skok v\u00a0tabu\u013eke na viac ako jedno miesto a\u00a0poctiv\u00fd bod.<\/p>\n<h4 style=\"text-align: center;\"><strong>\u0160tatistick\u00e9 okienko:<\/strong><\/h4>\n<ul>\n<li>V\u0161etk\u00fdch 10 ligov\u00fdch stretnut\u00ed medzi t\u00fdmito s\u00fapermi sa hralo v Premier League. Oba kluby vyhrali po \u0161tyri z\u00e1pasy, s dvomi rem\u00edzami.<\/li>\n<li>Everton nezv\u00ed\u0165azil vo v\u0161etk\u00fdch piatich ligov\u00fdch z\u00e1pasoch vonku proti Bournemouthu, prip\u00edsal si len dve rem\u00edzy a tri prehry.<\/li>\n<li>Bournemouth prehral posledn\u00e9 \u0161tyri po sebe id\u00face z\u00e1pasy Premier League, pri\u010dom pod Garym O&#8217;Neilom neprehral v prv\u00fdch \u0161iestich stretnutiach.<\/li>\n<li>The Cherries s\u00fa prv\u00fdm t\u00edmom v hist\u00f3rii Premier League, ktor\u00fd prehral po sebe nasleduj\u00face z\u00e1pasy, ke\u010f viedli dvojg\u00f3lov\u00fdm rozdielom.<\/li>\n<li>Juniorovi Stanislasovi ch\u00fdba jeden z\u00e1pas do 300 ligov\u00fdch vyst\u00fapen\u00ed v kari\u00e9re. Proti Evertonu strelil p\u00e4\u0165 (najviac) kari\u00e9rnych g\u00f3lov.<\/li>\n<li>Everton prehral 16 z\u00e1pasov Premier League odkedy sa 8. febru\u00e1ra ujal vedenia Frank Lampard. Jedin\u00e9 t\u00edmy, ktor\u00e9 utrpeli viac por\u00e1\u017eok \u2013 Wolverhampton a Southampton \u2013 v tejto sez\u00f3ne u\u017e odvolali svojho mana\u017e\u00e9ra.<\/li>\n<li>The Toffees nedok\u00e1zali vyhra\u0165 \u017eiadny z posledn\u00fdch 7 ligov\u00fdch z\u00e1pasov proti nov\u00e1\u010dikom, vr\u00e1tane tohtosez\u00f3nnych rem\u00edz s Fulhamom a Nottinghamom Forest.<\/li>\n<li>EFC vyhralo iba dva z posledn\u00fdch 24 z\u00e1pasov vonku, pri\u010dom prehralo 16-kr\u00e1t.<\/li>\n<li>Karamelky by si dnes mohli prip\u00edsa\u0165 \u0161tyri po sebe id\u00face z\u00e1pasy Premier League bez g\u00f3lu, a to prv\u00fdkr\u00e1t od m\u00e1ja do septembra 2010.<\/li>\n<\/ul>\n<h3 style=\"text-align: center;\"><span style=\"color: #3366ff;\"><em><strong>Up The Toffees !!!<\/strong><\/em><\/span><\/h3>\n<p><strong>\u010co:<\/strong> AFC Bournemouth \u2013 Everton FC, 16. kolo Premier League<br \/>\n<strong>Kedy:<\/strong> 12. 11. 2022 od 16:00 SE\u010c<br \/>\n<strong>Ako:<\/strong> stream CANAL+Sport 4<br \/>\n<strong>Kde:<\/strong> Dean Court \u2013 Kings Park, Bournemouth BH7 7AF (kapacita: 11 379)<br \/>\n<strong>Rozhodca:<\/strong> Craig Pawson \u00a0<strong>Asistenti:<\/strong> M. Perry, S. Ledger<strong>\u00a0 <\/strong><strong>\u0160tvrt\u00fd rozhodca:<\/strong> S. Allison<br \/>\n<strong>VAR:<\/strong> Tony Harrington \u00a0<strong>Asistent VAR:<\/strong> Constantine Hatzidakis<\/p>\n","protected":false},"excerpt":{"rendered":"<p>Neskor\u00fd zber \u010dere\u0161n\u00ed sa nekonal! A\u00a0ani sa neoplatil. Nikomu z\u00a0cestuj\u00facich na trib\u00fanach, nikomu z\u00a0modr\u00fdch pri obrazovk\u00e1ch. Tak\u017ee nasleduje repete, no s\u00a0in\u00fdmi zbera\u010dmi.<\/p>\n","protected":false},"author":1,"featured_media":20316,"comment_status":"open","ping_status":"closed","sticky":false,"template":"","format":"standard","meta":{"_eb_attr":"","_monsterinsights_skip_tracking":false,"_monsterinsights_sitenote_active":false,"_monsterinsights_sitenote_note":"","_monsterinsights_sitenote_category":0,"footnotes":""},"categories":[4],"tags":[],"yoast_head":"<!-- This site is optimized with the Yoast SEO plugin v23.4 - https:\/\/yoast.com\/wordpress\/plugins\/seo\/ -->\n<title>Preview: Bournemouth \u2013 Everton - Official Czech &amp; Slovak Everton Supporters&#039; Club<\/title>\n<meta name=\"robots\" content=\"index, follow, max-snippet:-1, max-image-preview:large, max-video-preview:-1\" \/>\n<link rel=\"canonical\" href=\"https:\/\/evertonfc.cz\/index.php\/2022\/11\/12\/preview-bournemouth-everton-7\/\" \/>\n<meta property=\"og:locale\" content=\"cs_CZ\" \/>\n<meta property=\"og:type\" content=\"article\" \/>\n<meta property=\"og:title\" content=\"Preview: Bournemouth \u2013 Everton - Official Czech &amp; Slovak Everton Supporters&#039; Club\" \/>\n<meta property=\"og:description\" content=\"Neskor\u00fd zber \u010dere\u0161n\u00ed sa nekonal! A\u00a0ani sa neoplatil. Nikomu z\u00a0cestuj\u00facich na trib\u00fanach, nikomu z\u00a0modr\u00fdch pri obrazovk\u00e1ch. Tak\u017ee nasleduje repete, no s\u00a0in\u00fdmi zbera\u010dmi.\" \/>\n<meta property=\"og:url\" content=\"https:\/\/evertonfc.cz\/index.php\/2022\/11\/12\/preview-bournemouth-everton-7\/\" \/>\n<meta property=\"og:site_name\" content=\"Official Czech &amp; Slovak Everton Supporters&#039; Club\" \/>\n<meta property=\"article:publisher\" content=\"https:\/\/www.facebook.com\/everton.fans.cz.sk\" \/>\n<meta property=\"article:published_time\" content=\"2022-11-12T12:27:24+00:00\" \/>\n<meta property=\"og:image\" content=\"https:\/\/evertonfc.cz\/wp-content\/uploads\/2022\/11\/Bournemouth-VS-Everton.png\" \/>\n\t<meta property=\"og:image:width\" content=\"720\" \/>\n\t<meta property=\"og:image:height\" content=\"405\" \/>\n\t<meta property=\"og:image:type\" content=\"image\/png\" \/>\n<meta name=\"author\" content=\"BlueBlooded\" \/>\n<meta name=\"twitter:card\" content=\"summary_large_image\" \/>\n<meta name=\"twitter:label1\" content=\"Napsal(a)\" \/>\n\t<meta name=\"twitter:data1\" content=\"BlueBlooded\" \/>\n\t<meta name=\"twitter:label2\" content=\"Odhadovan\u00e1 doba \u010dten\u00ed\" \/>\n\t<meta name=\"twitter:data2\" content=\"6 minut\" \/>\n<script type=\"application\/ld+json\" class=\"yoast-schema-graph\">{\"@context\":\"https:\/\/schema.org\",\"@graph\":[{\"@type\":\"Article\",\"@id\":\"https:\/\/evertonfc.cz\/index.php\/2022\/11\/12\/preview-bournemouth-everton-7\/#article\",\"isPartOf\":{\"@id\":\"https:\/\/evertonfc.cz\/index.php\/2022\/11\/12\/preview-bournemouth-everton-7\/\"},\"author\":{\"name\":\"BlueBlooded\",\"@id\":\"https:\/\/evertonfc.cz\/#\/schema\/person\/d4493b8cbea51532597fbc4685698916\"},\"headline\":\"Preview: Bournemouth \u2013 Everton\",\"datePublished\":\"2022-11-12T12:27:24+00:00\",\"dateModified\":\"2022-11-12T12:27:24+00:00\",\"mainEntityOfPage\":{\"@id\":\"https:\/\/evertonfc.cz\/index.php\/2022\/11\/12\/preview-bournemouth-everton-7\/\"},\"wordCount\":1198,\"commentCount\":22,\"publisher\":{\"@id\":\"https:\/\/evertonfc.cz\/#organization\"},\"image\":{\"@id\":\"https:\/\/evertonfc.cz\/index.php\/2022\/11\/12\/preview-bournemouth-everton-7\/#primaryimage\"},\"thumbnailUrl\":\"https:\/\/evertonfc.cz\/wp-content\/uploads\/2022\/11\/Bournemouth-VS-Everton.png\",\"articleSection\":[\"Z\u00e1pasy\"],\"inLanguage\":\"cs\",\"potentialAction\":[{\"@type\":\"CommentAction\",\"name\":\"Comment\",\"target\":[\"https:\/\/evertonfc.cz\/index.php\/2022\/11\/12\/preview-bournemouth-everton-7\/#respond\"]}]},{\"@type\":\"WebPage\",\"@id\":\"https:\/\/evertonfc.cz\/index.php\/2022\/11\/12\/preview-bournemouth-everton-7\/\",\"url\":\"https:\/\/evertonfc.cz\/index.php\/2022\/11\/12\/preview-bournemouth-everton-7\/\",\"name\":\"Preview: Bournemouth \u2013 Everton - Official Czech &amp; Slovak Everton Supporters&#039; Club\",\"isPartOf\":{\"@id\":\"https:\/\/evertonfc.cz\/#website\"},\"primaryImageOfPage\":{\"@id\":\"https:\/\/evertonfc.cz\/index.php\/2022\/11\/12\/preview-bournemouth-everton-7\/#primaryimage\"},\"image\":{\"@id\":\"https:\/\/evertonfc.cz\/index.php\/2022\/11\/12\/preview-bournemouth-everton-7\/#primaryimage\"},\"thumbnailUrl\":\"https:\/\/evertonfc.cz\/wp-content\/uploads\/2022\/11\/Bournemouth-VS-Everton.png\",\"datePublished\":\"2022-11-12T12:27:24+00:00\",\"dateModified\":\"2022-11-12T12:27:24+00:00\",\"breadcrumb\":{\"@id\":\"https:\/\/evertonfc.cz\/index.php\/2022\/11\/12\/preview-bournemouth-everton-7\/#breadcrumb\"},\"inLanguage\":\"cs\",\"potentialAction\":[{\"@type\":\"ReadAction\",\"target\":[\"https:\/\/evertonfc.cz\/index.php\/2022\/11\/12\/preview-bournemouth-everton-7\/\"]}]},{\"@type\":\"ImageObject\",\"inLanguage\":\"cs\",\"@id\":\"https:\/\/evertonfc.cz\/index.php\/2022\/11\/12\/preview-bournemouth-everton-7\/#primaryimage\",\"url\":\"https:\/\/evertonfc.cz\/wp-content\/uploads\/2022\/11\/Bournemouth-VS-Everton.png\",\"contentUrl\":\"https:\/\/evertonfc.cz\/wp-content\/uploads\/2022\/11\/Bournemouth-VS-Everton.png\",\"width\":720,\"height\":405},{\"@type\":\"BreadcrumbList\",\"@id\":\"https:\/\/evertonfc.cz\/index.php\/2022\/11\/12\/preview-bournemouth-everton-7\/#breadcrumb\",\"itemListElement\":[{\"@type\":\"ListItem\",\"position\":1,\"name\":\"Home\",\"item\":\"https:\/\/evertonfc.cz\/\"},{\"@type\":\"ListItem\",\"position\":2,\"name\":\"Preview: Bournemouth \u2013 Everton\"}]},{\"@type\":\"WebSite\",\"@id\":\"https:\/\/evertonfc.cz\/#website\",\"url\":\"https:\/\/evertonfc.cz\/\",\"name\":\"Official Czech &amp; Slovak Everton Supporters&#039; Club\",\"description\":\"\",\"publisher\":{\"@id\":\"https:\/\/evertonfc.cz\/#organization\"},\"potentialAction\":[{\"@type\":\"SearchAction\",\"target\":{\"@type\":\"EntryPoint\",\"urlTemplate\":\"https:\/\/evertonfc.cz\/?s={search_term_string}\"},\"query-input\":{\"@type\":\"PropertyValueSpecification\",\"valueRequired\":true,\"valueName\":\"search_term_string\"}}],\"inLanguage\":\"cs\"},{\"@type\":\"Organization\",\"@id\":\"https:\/\/evertonfc.cz\/#organization\",\"name\":\"Official Czech & Slovak Everton Supporters' Club\",\"url\":\"https:\/\/evertonfc.cz\/\",\"logo\":{\"@type\":\"ImageObject\",\"inLanguage\":\"cs\",\"@id\":\"https:\/\/evertonfc.cz\/#\/schema\/logo\/image\/\",\"url\":\"https:\/\/evertonfc.cz\/wp-content\/uploads\/2019\/05\/logo.png\",\"contentUrl\":\"https:\/\/evertonfc.cz\/wp-content\/uploads\/2019\/05\/logo.png\",\"width\":112,\"height\":112,\"caption\":\"Official Czech & Slovak Everton Supporters' Club\"},\"image\":{\"@id\":\"https:\/\/evertonfc.cz\/#\/schema\/logo\/image\/\"},\"sameAs\":[\"https:\/\/www.facebook.com\/everton.fans.cz.sk\"]},{\"@type\":\"Person\",\"@id\":\"https:\/\/evertonfc.cz\/#\/schema\/person\/d4493b8cbea51532597fbc4685698916\",\"name\":\"BlueBlooded\",\"url\":\"https:\/\/evertonfc.cz\/index.php\/author\/admin\/\"}]}<\/script>\n<!-- \/ Yoast SEO plugin. -->","yoast_head_json":{"title":"Preview: Bournemouth \u2013 Everton - Official Czech &amp; Slovak Everton Supporters&#039; Club","robots":{"index":"index","follow":"follow","max-snippet":"max-snippet:-1","max-image-preview":"max-image-preview:large","max-video-preview":"max-video-preview:-1"},"canonical":"https:\/\/evertonfc.cz\/index.php\/2022\/11\/12\/preview-bournemouth-everton-7\/","og_locale":"cs_CZ","og_type":"article","og_title":"Preview: Bournemouth \u2013 Everton - Official Czech &amp; Slovak Everton Supporters&#039; Club","og_description":"Neskor\u00fd zber \u010dere\u0161n\u00ed sa nekonal! A\u00a0ani sa neoplatil. Nikomu z\u00a0cestuj\u00facich na trib\u00fanach, nikomu z\u00a0modr\u00fdch pri obrazovk\u00e1ch. Tak\u017ee nasleduje repete, no s\u00a0in\u00fdmi zbera\u010dmi.","og_url":"https:\/\/evertonfc.cz\/index.php\/2022\/11\/12\/preview-bournemouth-everton-7\/","og_site_name":"Official Czech &amp; Slovak Everton Supporters&#039; Club","article_publisher":"https:\/\/www.facebook.com\/everton.fans.cz.sk","article_published_time":"2022-11-12T12:27:24+00:00","og_image":[{"width":720,"height":405,"url":"https:\/\/evertonfc.cz\/wp-content\/uploads\/2022\/11\/Bournemouth-VS-Everton.png","type":"image\/png"}],"author":"BlueBlooded","twitter_card":"summary_large_image","twitter_misc":{"Napsal(a)":"BlueBlooded","Odhadovan\u00e1 doba \u010dten\u00ed":"6 minut"},"schema":{"@context":"https:\/\/schema.org","@graph":[{"@type":"Article","@id":"https:\/\/evertonfc.cz\/index.php\/2022\/11\/12\/preview-bournemouth-everton-7\/#article","isPartOf":{"@id":"https:\/\/evertonfc.cz\/index.php\/2022\/11\/12\/preview-bournemouth-everton-7\/"},"author":{"name":"BlueBlooded","@id":"https:\/\/evertonfc.cz\/#\/schema\/person\/d4493b8cbea51532597fbc4685698916"},"headline":"Preview: Bournemouth \u2013 Everton","datePublished":"2022-11-12T12:27:24+00:00","dateModified":"2022-11-12T12:27:24+00:00","mainEntityOfPage":{"@id":"https:\/\/evertonfc.cz\/index.php\/2022\/11\/12\/preview-bournemouth-everton-7\/"},"wordCount":1198,"commentCount":22,"publisher":{"@id":"https:\/\/evertonfc.cz\/#organization"},"image":{"@id":"https:\/\/evertonfc.cz\/index.php\/2022\/11\/12\/preview-bournemouth-everton-7\/#primaryimage"},"thumbnailUrl":"https:\/\/evertonfc.cz\/wp-content\/uploads\/2022\/11\/Bournemouth-VS-Everton.png","articleSection":["Z\u00e1pasy"],"inLanguage":"cs","potentialAction":[{"@type":"CommentAction","name":"Comment","target":["https:\/\/evertonfc.cz\/index.php\/2022\/11\/12\/preview-bournemouth-everton-7\/#respond"]}]},{"@type":"WebPage","@id":"https:\/\/evertonfc.cz\/index.php\/2022\/11\/12\/preview-bournemouth-everton-7\/","url":"https:\/\/evertonfc.cz\/index.php\/2022\/11\/12\/preview-bournemouth-everton-7\/","name":"Preview: Bournemouth \u2013 Everton - Official Czech &amp; Slovak Everton Supporters&#039; Club","isPartOf":{"@id":"https:\/\/evertonfc.cz\/#website"},"primaryImageOfPage":{"@id":"https:\/\/evertonfc.cz\/index.php\/2022\/11\/12\/preview-bournemouth-everton-7\/#primaryimage"},"image":{"@id":"https:\/\/evertonfc.cz\/index.php\/2022\/11\/12\/preview-bournemouth-everton-7\/#primaryimage"},"thumbnailUrl":"https:\/\/evertonfc.cz\/wp-content\/uploads\/2022\/11\/Bournemouth-VS-Everton.png","datePublished":"2022-11-12T12:27:24+00:00","dateModified":"2022-11-12T12:27:24+00:00","breadcrumb":{"@id":"https:\/\/evertonfc.cz\/index.php\/2022\/11\/12\/preview-bournemouth-everton-7\/#breadcrumb"},"inLanguage":"cs","potentialAction":[{"@type":"ReadAction","target":["https:\/\/evertonfc.cz\/index.php\/2022\/11\/12\/preview-bournemouth-everton-7\/"]}]},{"@type":"ImageObject","inLanguage":"cs","@id":"https:\/\/evertonfc.cz\/index.php\/2022\/11\/12\/preview-bournemouth-everton-7\/#primaryimage","url":"https:\/\/evertonfc.cz\/wp-content\/uploads\/2022\/11\/Bournemouth-VS-Everton.png","contentUrl":"https:\/\/evertonfc.cz\/wp-content\/uploads\/2022\/11\/Bournemouth-VS-Everton.png","width":720,"height":405},{"@type":"BreadcrumbList","@id":"https:\/\/evertonfc.cz\/index.php\/2022\/11\/12\/preview-bournemouth-everton-7\/#breadcrumb","itemListElement":[{"@type":"ListItem","position":1,"name":"Home","item":"https:\/\/evertonfc.cz\/"},{"@type":"ListItem","position":2,"name":"Preview: Bournemouth \u2013 Everton"}]},{"@type":"WebSite","@id":"https:\/\/evertonfc.cz\/#website","url":"https:\/\/evertonfc.cz\/","name":"Official Czech &amp; Slovak Everton Supporters&#039; Club","description":"","publisher":{"@id":"https:\/\/evertonfc.cz\/#organization"},"potentialAction":[{"@type":"SearchAction","target":{"@type":"EntryPoint","urlTemplate":"https:\/\/evertonfc.cz\/?s={search_term_string}"},"query-input":{"@type":"PropertyValueSpecification","valueRequired":true,"valueName":"search_term_string"}}],"inLanguage":"cs"},{"@type":"Organization","@id":"https:\/\/evertonfc.cz\/#organization","name":"Official Czech & Slovak Everton Supporters' Club","url":"https:\/\/evertonfc.cz\/","logo":{"@type":"ImageObject","inLanguage":"cs","@id":"https:\/\/evertonfc.cz\/#\/schema\/logo\/image\/","url":"https:\/\/evertonfc.cz\/wp-content\/uploads\/2019\/05\/logo.png","contentUrl":"https:\/\/evertonfc.cz\/wp-content\/uploads\/2019\/05\/logo.png","width":112,"height":112,"caption":"Official Czech & Slovak Everton Supporters' Club"},"image":{"@id":"https:\/\/evertonfc.cz\/#\/schema\/logo\/image\/"},"sameAs":["https:\/\/www.facebook.com\/everton.fans.cz.sk"]},{"@type":"Person","@id":"https:\/\/evertonfc.cz\/#\/schema\/person\/d4493b8cbea51532597fbc4685698916","name":"BlueBlooded","url":"https:\/\/evertonfc.cz\/index.php\/author\/admin\/"}]}},"_links":{"self":[{"href":"https:\/\/evertonfc.cz\/index.php\/wp-json\/wp\/v2\/posts\/20341"}],"collection":[{"href":"https:\/\/evertonfc.cz\/index.php\/wp-json\/wp\/v2\/posts"}],"about":[{"href":"https:\/\/evertonfc.cz\/index.php\/wp-json\/wp\/v2\/types\/post"}],"author":[{"embeddable":true,"href":"https:\/\/evertonfc.cz\/index.php\/wp-json\/wp\/v2\/users\/1"}],"replies":[{"embeddable":true,"href":"https:\/\/evertonfc.cz\/index.php\/wp-json\/wp\/v2\/comments?post=20341"}],"version-history":[{"count":7,"href":"https:\/\/evertonfc.cz\/index.php\/wp-json\/wp\/v2\/posts\/20341\/revisions"}],"predecessor-version":[{"id":20348,"href":"https:\/\/evertonfc.cz\/index.php\/wp-json\/wp\/v2\/posts\/20341\/revisions\/20348"}],"wp:featuredmedia":[{"embeddable":true,"href":"https:\/\/evertonfc.cz\/index.php\/wp-json\/wp\/v2\/media\/20316"}],"wp:attachment":[{"href":"https:\/\/evertonfc.cz\/index.php\/wp-json\/wp\/v2\/media?parent=20341"}],"wp:term":[{"taxonomy":"category","embeddable":true,"href":"https:\/\/evertonfc.cz\/index.php\/wp-json\/wp\/v2\/categories?post=20341"},{"taxonomy":"post_tag","embeddable":true,"href":"https:\/\/evertonfc.cz\/index.php\/wp-json\/wp\/v2\/tags?post=20341"}],"curies":[{"name":"wp","href":"https:\/\/api.w.org\/{rel}","templated":true}]}}