{"id":20361,"date":"2022-12-10T22:09:35","date_gmt":"2022-12-10T21:09:35","guid":{"rendered":"https:\/\/evertonfc.cz\/?p=20361"},"modified":"2022-12-27T13:46:57","modified_gmt":"2022-12-27T12:46:57","slug":"evertonians-na-ms-2022","status":"publish","type":"post","link":"https:\/\/evertonfc.cz\/index.php\/2022\/12\/10\/evertonians-na-ms-2022\/","title":{"rendered":"Evertonians na MS 2022"},"content":{"rendered":"<h4>Na kontroverzn\u00ed mistrovstv\u00ed sv\u011bta v Kataru byla nominov\u00e1na \u010dtve\u0159ice hr\u00e1\u010d\u016f Evertonu. V tomto aktualizovan\u00e9m \u010dl\u00e1nku najdete p\u0159ehled, jak si na \u0161ampion\u00e1tu povede.<\/h4>\n<p>Fotbalov\u00e9ho sv\u00e1tku se z\u00fa\u010dastn\u00ed 32 n\u00e1rodn\u00edm t\u00fdm\u016f, kter\u00e9 se od 20. listopadu do 18. prosince poperou o presti\u017en\u00ed titul. Z t\u00e1bora Toffees se do hork\u00e9ho Persk\u00e9ho z\u00e1livu pod\u00edvaj\u00ed Jordan Pickford, Conor Coady, Idrissa Gueye a Amadou Onana.<\/p>\n<h4>\u010ctvrtfin\u00e1le<\/h4>\n<p><em>10. 12.<\/em> \u2013 <strong>Jordan Pickford<\/strong> nebude v dobr\u00e9m vzpom\u00ednat na sv\u016fj 50. reprezenta\u010dn\u00ed start, Albion toti\u017e i p\u0159es velmi poveden\u00fd v\u00fdkon podlehl obh\u00e1jc\u016fm titulu z Francie a se \u0161ampion\u00e1tem se lou\u010d\u00ed. Sv\u011bdom\u00ed zpytuje zejm\u00e9na \u00fato\u010dn\u00edk Harry Kane, kter\u00fd neprom\u011bnil sv\u016fj druh\u00fd pokutov\u00fd kop v z\u00e1pase. Pickford nem\u011bl \u0161anci chytit ani jeden francouzsk\u00fd g\u00f3l, naopak Anglii n\u011bkolikr\u00e1t podr\u017eel, a pe\u010detil tak poveden\u00fd turnaj.<strong> Conor Coady<\/strong> prosed\u011bl na lavi\u010dce rovn\u011b\u017e \u010dtvrtfin\u00e1le, v Kataru si nezahr\u00e1l ani minutu.<\/p>\n<p><strong>Anglie &#8211; Francie 1:2 (0:1)<\/strong><br \/>\n<strong>Branky:<\/strong> 54. Harry Kane (pen.) &#8211; 17. Aur\u00e9lien Tchouam\u00e9ni, 78. Olivier Giroud<br \/>\n<strong>Anglie:<\/strong> Jordan Pickford, Kyle Walker, Harry Maguire, John Stones (90+8. Jack Grealish), Luke Shaw, Jordan Henderson (79. Mason Mount), Phil Foden (85. Marcus Rashford), Declan Rice, Bukayo Saka (79. Raheem Sterling), Jude Bellingham, Harry Kane<br \/>\n<strong>Francie:<\/strong> Hugo Lloris, Jules Kound\u00e9, Rapha\u00ebl Varane, Dayot Upamecano, Theo Hern\u00e1ndez, Adrien Rabiot, Aur\u00e9lien Tchouam\u00e9ni, Olivier Giroud, Antoine Griezmann, Kylian Mbapp\u00e9, Ousmane Demb\u00e9l\u00e9 (79. Kingsley Coman)<\/p>\n<h4>Osmifin\u00e1le<\/h4>\n<p><em>4. 12.<\/em> \u2013 Anglie si na \u00favod vy\u0159azovac\u00ed f\u00e1ze s p\u0159ehledem poradila se Senegalem, z\u00e1klad v\u00fdhry p\u0159itom polo\u017eil <strong>Jordan Pickford<\/strong> sv\u00fdm v\u00fdborn\u00fdm z\u00e1krokem v prvn\u00edm polo\u010dase. Po zbytek z\u00e1pasu si evertonsk\u00fd brank\u00e1\u0159 u\u017e p\u0159\u00edli\u0161 nezachytal, a i proto udr\u017eel t\u0159et\u00ed \u010dist\u00e9 konto v \u0159ad\u011b. <strong>Conor Coady<\/strong> z\u016fstal na lavi\u010dce a vykartovan\u00fd <strong>Idrissa Gueye<\/strong> citeln\u011b chyb\u011bl sv\u00e9mu v\u00fdb\u011bru. Ve \u010dtvrtfin\u00e1le se Albion 10. prosince utk\u00e1 s Franci\u00ed.<\/p>\n<p><strong>Anglie &#8211; Senegal 3:0 (2:0)<\/strong><br \/>\n<strong>Branky:<\/strong> 38. Jordan Henderson, 45+3. Harry Kane, 57. Bukayo Saka<br \/>\n<strong>Anglie:<\/strong> Jordan Pickford, Kyle Walker, John Stones (77. Eric Dier), Harry Maguire, Luke Shaw, Jordan Henderson (82. Kalvin Phillips), Declan Rice, Jude Bellingham (76. Mason Mount), Bukayo Saka (65. Marcus Rashford), Harry Kane, Phil Foden (65. Jack Grealish)<br \/>\n<strong>Senegal:<\/strong> \u00c9douard Mendy, Youssouf Sabaly, Kalidou Koulibaly, Abdou Diallo, Ismail Jakobs (84. Fod\u00e9 Ballo-Tour\u00e9), Path\u00e9 Ciss (46. Pape Gueye), Nampalys Mendy, Kr\u00e9pin Diatta (46. Pape Matar Sarr), Iliman Ndiaye (46. Bamba Dieng), Isma\u00efla Sarr, Boulaye Dia (72. Famara Di\u00e9dhiou)<\/p>\n<h4>Z\u00e1kladn\u00ed skupiny<\/h4>\n<p><em>1. 12.<\/em> \u2013 Belgi\u010dan\u00e9 ani ve t\u0159et\u00edm vystoupen\u00ed na mistrovstv\u00ed nevystoupili ze \u0161edi sv\u00fdch v\u00fdkon\u016f a po bezbrankov\u00e9 rem\u00edze s Chorvaty kon\u010d\u00ed coby \u010dty\u0159bodov\u00ed u\u017e v z\u00e1kladn\u00ed skupin\u011b. <strong>Amadou Onana<\/strong> v posledn\u00edm utk\u00e1n\u00ed chyb\u011bl kv\u016fli trestu za dv\u011b \u017elut\u00e9 karty. V reprezentaci se nyn\u00ed m\u016f\u017ee t\u011b\u0161it na nov\u00e9ho tren\u00e9ra, jeliko\u017e Roberto Mart\u00ednez po velk\u00e9m ne\u00fasp\u011bchu se &#8222;zlatou generac\u00ed&#8220; ukon\u010dil sv\u00e9 \u0161estilet\u00e9 p\u016fsoben\u00ed na lavi\u010dce Belgie.<\/p>\n<p><strong>Chorvatsko &#8211; Belgie 0:0 (0:0)<\/strong><br \/>\n<strong>Chorvatsko:<\/strong> Dominik Livakovi\u0107, Dejan Lovren, Borna Sosa, Josip Juranovi\u0107, Jo\u0161ko Gvardiol, Luka Modri\u0107, Ivan Peri\u0161i\u0107, Marcelo Brozovi\u0107, Andrej Kramari\u0107 (64. Mario Pa\u0161ali\u0107), Mateo Kova\u010di\u0107 (90+2. Lovro Majer), Marko Livaja (64. Bruno Petkovi\u0107)<br \/>\n<strong>Belgie:<\/strong> Thibaut Courtois, Jan Vertonghen, Toby Alderweireld, Thomas Meunier (87. Eden Hazard), Leander Dendoncker (72. Youri Tielemans), Timothy Castagne, Axel Witsel, Kevin De Bruyne, Dries Mertens (46. Romelu Lukaku), Yannick Carrasco (72. J\u00e9r\u00e9my Doku), Leandro Trossard (59. Thorgan Hazard)<\/p>\n<p><em>29. 11.<\/em> \u2013 Anglie si v ostrovn\u00edm derby lehce poradila s Walesem a se sedmi body postupuje jako v\u00edt\u011bz skupiny B do osmifin\u00e1le, v n\u011bm\u017e se st\u0159etnou se Senegalem. <strong>Jordan Pickford<\/strong> p\u0159i\u010detl druhou turnajovou nulu, na n\u00ed\u017e se op\u011bt nemusel p\u0159\u00edli\u0161 nad\u0159\u00edt. <strong>Conor Coady<\/strong> z\u016fstal i pot\u0159et\u00ed nevyu\u017eit\u00fd mezi n\u00e1hradn\u00edky.<\/p>\n<p><strong>Wales &#8211; Anglie 0:3 (0:0)<\/strong><br \/>\n<strong>Branky:<\/strong> 50. a 68. Marcus Rashford, 51. Phil Foden<br \/>\n<strong>Wales:<\/strong> Danny Ward, Neco Williams (36. Connor Roberts), Chris Mepham, Joe Rodon, Ben Davies (59. Joseff Morrell), Joe Allen (81. Rubin Colwill), Ethan Ampadu, Gareth Bale (46. Brennan Johnson), Aaron Ramsey, Daniel James (77. Harry Wilson), Kieffer Moore<br \/>\n<strong>Anglie:<\/strong> Jordan Pickford, Kyle Walker (57. Trent Alexander-Arnold), John Stones, Harry Maguire, Luke Shaw (65. Kieran Trippier), Jordan Henderson, Declan Rice (58. Kalvin Phillips), Jude Bellingham, Phil Foden, Harry Kane (57. Callum Wilson), Marcus Rashford (76. Jack Grealish)<\/p>\n<p><em>29. 11.<\/em> \u2013 Senegal zvl\u00e1dl p\u0159\u00edm\u00fd souboj o postup do osmifin\u00e1le s Ekv\u00e1dorem, kdy\u017e z\u00edskal nezbytn\u00e9 t\u0159i body.<strong> Idrissa Gueye<\/strong> byl op\u011bt jistotou ve st\u0159edu pole, obdr\u017eel ale \u017elutou kartu, kter\u00e1 je na turnaji u\u017e jeho druh\u00e1, a tak kv\u016fli trestu nebude moct nastoupit do \u00favodn\u00edho duelu vy\u0159azovac\u00ed f\u00e1ze.<\/p>\n<p><strong>Ekv\u00e1dor &#8211; Senegal 1:2 (0:1)<\/strong><br \/>\n<strong>Branky:<\/strong> 67. Mois\u00e9s Caicedo &#8211; 44. Isma\u00efla Sarr (pen.), 70. Kalidou Koulibaly<br \/>\n<strong>Ekv\u00e1dor:<\/strong> Hern\u00e1n Gal\u00edndez, Pervis Estupi\u00f1\u00e1n, F\u00e9lix Torres, Angelo Preciado (85. Jackson Porozo), Piero Hincapi\u00e9, Carlos Gruezo (46. Jos\u00e9 Cifuentes), Alan Franco (46. Jeremy Sarmiento), Gonzalo Plata, Mois\u00e9s Caicedo, Enner Valencia, Michael Estrada (64. Djorkaeff Reasco)<br \/>\n<strong>Senegal:<\/strong> \u00c9douard Mendy, Kalidou Koulibaly, Youssouf Sabaly, Abdou Diallo, Ismail Jakobs, Idrissa Gueye, Pape Gueye, Path\u00e9 Ciss (74. Nampalys Mendy), Iliman Ndiaye (75. Bamba Dieng), Isma\u00efla Sarr, Boulaye Dia (90+5. Pape Abdou Ciss\u00e9)<\/p>\n<p><em>27. 11.<\/em> \u2013 Belgie ve sv\u00e9m druh\u00e9m vystoupen\u00ed zaslou\u017een\u011b padla s Marokem a zkomplikovala si postup do osmifin\u00e1le. <strong>Amadou Onana<\/strong> si za poveden\u00fd druh\u00fd polo\u010das z \u00favodn\u00edho utk\u00e1n\u00ed vyslou\u017eil start v z\u00e1kladn\u00ed sestav\u011b a na h\u0159i\u0161ti pobyl hodinu, b\u011bhem n\u00ed\u017e se dvakr\u00e1t dostal do hlavi\u010dkov\u00e9ho zakon\u010den\u00ed z rohu, br\u00e1nu ale trefit nedok\u00e1zal, a solidn\u011b tvrdil muziku ve st\u0159edu h\u0159i\u0161t\u011b, t\u0159eba\u017ee n\u011bkolikr\u00e1t zbyte\u010dn\u011b zkazil p\u0159ihr\u00e1vku. Rozhodn\u011b v\u0161ak pat\u0159il k lep\u0161\u00edm hr\u00e1\u010d\u016fm utr\u00e1pen\u00e9ho belgick\u00e9ho t\u00fdmu. V z\u00e1v\u011bre\u010dn\u00e9m a kl\u00ed\u010dov\u00e9m vystoupen\u00ed skupiny F proti Chorvatsku si ale nezahraje, jeliko\u017e si bude odpyk\u00e1vat stopku za dv\u011b \u017elut\u00e9 karty na turnaji.<\/p>\n<p><strong>Belgie &#8211; Maroko 0:2 (0:0)<\/strong><br \/>\n<strong>Branky:<\/strong> 73. Abdelhamid Sabiri, 90+2. Zakaria Aboukhlal<br \/>\n<strong>Belgie:<\/strong> Thibaut Courtois, Thomas Meunier (81. Romelu Lukaku), Toby Alderweireld, Jan Vertonghen, Timothy Castagne, Amadou Onana (60. Youri Tielemans), Axel Witsel, Kevin De Bruyne, Eden Hazard (61. Dries Mertens), Thorgan Hazard (75. Leandro Trossard), Michy Batshuayi (75. Charles De Ketelaere)<br \/>\n<strong>Maroko:<\/strong> Munir, Achraf Hakimi (68. Yahia Attiyat Allah), Nayef Aguerd, Romain Sa\u00efss, Noussair Mazraoui, Azzedine Ounahi (78. Jawad El Yamiq), Sofyan Amrabat, Selim Amallah (68. Abdelhamid Sabiri), Hakim Ziyech, Youssef En-Nesyri (73. Abderrazak Hamdallah), Sofiane Boufal (73. Zakaria Aboukhlal)<\/p>\n<p><em>25. 11.<\/em> \u2013 Presti\u017en\u00ed duel Albionu se Spojen\u00fdmi st\u00e1ty p\u0159inesl jen nudnou bezbrankovou rem\u00edzu, kter\u00e1 v cest\u011b do vy\u0159azovac\u00edch boj\u016f vyhovuje ob\u011bma celk\u016fm.<strong> Jordan Pickford<\/strong> zaznamenal na \u0161ampion\u00e1tu prvn\u00ed \u010dist\u00e9 konto, p\u0159\u00edli\u0161 snahy ale vynalo\u017eit nemusel. <strong>Conor Coady<\/strong> op\u011bt str\u00e1vil z\u00e1pas na lavi\u010dce n\u00e1hradn\u00edk\u016f.<\/p>\n<p><strong>Anglie &#8211; USA 0:0 (0:0)<\/strong><br \/>\n<strong>Anglie:<\/strong> Jordan Pickford, Kieran Trippier, Harry Maguire, John Stones, Luke Shaw, Declan Rice, Mason Mount, Bukayo Saka (78. Marcus Rashford), Jude Bellingham (69. Jordan Henderson), Harry Kane, Raheem Sterling (68. Jack Grealish)<br \/>\n<strong>USA:<\/strong> Matt Turner, Tim Ream, Walker Zimmerman, Antonee Robinson, Sergi\u00f1o Dest (78. Shaquell Moore), Tyler Adams, Christian Pulisic, Weston McKennie (77. Brenden Aaronson), Yunus Musah, Haji Wright (83. Joshua Sargent), Timothy Weah (83. Giovanni Reyna)<\/p>\n<p><em>25. 11.<\/em> \u2013 <strong>Idrissa Gueye<\/strong> nav\u00e1zal na sv\u016fj poveden\u00fd v\u00fdkon z prvn\u00edho z\u00e1pasu a dobr\u00fdm celoplo\u0161n\u00fdm v\u00fdkonem po 90 minut p\u0159isp\u011bl k d\u016fle\u017eit\u00e9mu triumfu sv\u00e9ho t\u00fdmu nad slab\u0161\u00edm Katarem. Afri\u010dan\u00e9 tak p\u0159ed posledn\u00edm z\u00e1pasem ve skupin\u011b z\u016fstavaj\u00ed ve h\u0159e o postup do osmifin\u00e1le.<\/p>\n<p><strong>Katar &#8211; Senegal 1:3 (0:1)<\/strong><br \/>\n<strong>Branky:<\/strong> 78. Mohammed Muntari 41. Boulaye Dia, 48. Famara Di\u00e9dhiou, 84. Bamba Dieng<br \/>\n<strong>Katar:<\/strong> Meshaal Barsham, Boualem Khoukhi, Abdelkarim Hassan, Ismaeel Mohammad, Pedro Miguel (83. Mohammed Waad), Homam Ahmed (83. Tarek Salman), Karim Boudiaf (69. Abdulaziz Hatem), Assim Madibo, Hasan Al Haydos (74. Mohammed Muntari), Almoez Ali, Akram Afif<br \/>\n<strong>Senegal:<\/strong> \u00c9douard Mendy, Kalidou Koulibaly, Youssouf Sabaly, Abdou Diallo, Ismail Jakobs (77. Pape Abdou Ciss\u00e9), Idrissa Gueye, Nampalys Mendy (78. Pape Matar Sarr), Famara Di\u00e9dhiou (74. Bamba Dieng), Isma\u00efla Sarr (74. Iliman Ndiaye), Boulaye Dia, Kr\u00e9pin Diatta (64. Path\u00e9 Ciss)<\/p>\n<p><em>23. 11.<\/em> \u2013 Talentovan\u00fd <strong>Amadou Onana<\/strong> si proti Kanad\u011b p\u0159ipsal velmi poveden\u00fd debut na vrcholn\u00e9m mezin\u00e1rodn\u00edm turnaji, kdy\u017e v Al Raj\u00e1nu nasko\u010dil do druh\u00e9ho polo\u010dasu m\u00edsto nev\u00fdrazn\u00e9ho Tielemanse a sv\u00fdm dominantn\u00edm v\u00fdkonem pomohl Belgii p\u0159evz\u00edt kontrolu nad st\u0159edem h\u0159i\u0161t\u011b a proti energeticky hraj\u00edc\u00edmu soupe\u0159i uh\u00e1jit nejt\u011bsn\u011bj\u0161\u00ed veden\u00ed. Red Devils se ale budou muset zlep\u0161it do n\u00e1sleduj\u00edc\u00edch z\u00e1pas\u016f, na za\u010d\u00e1tku \u0161ampion\u00e1tu zaostali za o\u010dek\u00e1v\u00e1n\u00edm a t\u0159i body berou i d\u00edky neprom\u011bn\u011bn\u00e9 penalt\u011b Alphonsa Daviese.<\/p>\n<p><strong>Belgie &#8211; Kanada 1:0 (1:0)<\/strong><br \/>\n<strong>Branka:<\/strong> 44. Michy Batshuayi<br \/>\n<strong>Belgie:<\/strong> Thibaut Courtois, Leander Dendoncker, Toby Alderweireld, Jan Vertonghen, Timothy Castagne, Youri Tielemans (46. Amadou Onana), Axel Witsel, Eden Hazard (62. Leandro Trossard), Yannick Carrasco (46. Thomas Meunier), Michy Batshuayi (78. Lo\u00efs Openda), Kevin De Bruyne<br \/>\n<strong>Kanada:<\/strong> Milan Borjan, Alistair Johnston, Steven Vit\u00f3ria, Kamal Miller, Richmond Laryea (74. Sam Adekugbe), Atiba Hutchinson (58. Isma\u00ebl Kon\u00e9), Stephen Eust\u00e1quio (81. Jonathan Osorio), Alphonso Davies, Tajon Buchanan (81. Liam Millar), Jonathan David, Junior Hoilett (58. Cyle Larin)<\/p>\n<p><em>21. 11.<\/em> \u2013 Senegal byl v\u011bt\u0161inu utk\u00e1n\u00ed v\u00edce ne\u017e vyrovnan\u00fdm soupe\u0159em favorizovan\u00e9mu Nizozemsku, je\u017e v\u0161ak nakonec o sv\u00e9m prvenstv\u00ed rozhodlo ve fin\u00e1ln\u00ed desetiminutovce.<strong> Idrissa Gueye<\/strong> pobyl na h\u0159i\u0161ti cel\u00fdch 90 minut a na postu sta\u017een\u00e9ho re\u017eis\u00e9ra hry podal solidn\u00ed v\u00fdkon. Dokonce zahr\u00e1l i t\u0159i rohov\u00e9 kopy (ve sv\u00e9 cel\u00e9 klubov\u00e9 kari\u00e9\u0159e p\u0159itom kopnul pouze jedin\u00fd) a zaznamenal jednu nebezpe\u010dnou st\u0159elu. Ke konci \u00favodn\u00edho duelu na turnaji uvid\u011bl tak\u00e9 \u017elutou kartu.<\/p>\n<p><strong>Senegal &#8211; Nizozemsko 0:2 (0:0)<\/strong><br \/>\n<strong>Branky:<\/strong> 84. Cody Gakpo, 90+9. Davy Klaassen<br \/>\n<strong>Senegal:<\/strong> \u00c9douard Mendy, Youssouf Sabaly, Kalidou Koulibaly, Pape Abdou Ciss\u00e9, Abdou Diallo (62. Ismail Jakobs), Nampalys Mendy, Idrissa Gueye, Cheikhou Kouyat\u00e9 (73. Pape Gueye), Kr\u00e9pin Diatta (73. Nicolas Jackson), Isma\u00efla Sarr, Boulaye Dia (69. Bamba Dieng)<br \/>\n<strong>Nizozemsko:<\/strong> Andries Noppert, Denzel Dumfries, Matthijs de Ligt, Virgil van Dijk, Nathan Ak\u00e9, Daley Blind, Frenkie de Jong, Steven Berghuis (79. Teun Koopmeiners), Cody Gakpo (90+4. Marten de Roon), Vincent Janssen (62. Memphis Depay), Steven Bergwijn (79. Davy Klaassen)<\/p>\n<p><em>21. 11.<\/em> \u2013 Albion zah\u00e1jil \u0161ampion\u00e1t tenisov\u00fdm debaklem, kdy\u017e rozest\u0159\u00edlel \u00cdr\u00e1n 6:2. <strong>Jordan Pickford<\/strong> se podle o\u010dek\u00e1v\u00e1n\u00ed postavil mezi t\u0159i ty\u010de a dlouho se v z\u00e1pase nudil. Z letargie ho vytrhla a\u017e druh\u00e1 p\u016fle, b\u011bhem n\u00ed\u017e nejprve p\u0159esn\u00fdm dlouh\u00fdm n\u00e1kopem zalo\u017eil akci p\u0159i t\u0159et\u00edm g\u00f3lu Anglie a v z\u00e1v\u011bru utk\u00e1n\u00ed inkasoval dv\u011b nechytateln\u00e9 branky v\u010detn\u011b penalty, co\u017e prolo\u017eil jedn\u00edm skv\u011bl\u00fdm z\u00e1krokem. <strong>Conor Coady<\/strong> z\u016fstal jen na lavi\u010dce n\u00e1hradn\u00edk\u016f.<\/p>\n<p><strong>Anglie &#8211; \u00cdr\u00e1n 6:2 (3:0)<\/strong><br \/>\n<strong>Branky:<\/strong> 35. Jude Bellingham, 43. a 62. Bukayo Saka, 45+1. Raheem Sterling, 71. Marcus Rashford, 90. Jack Grealish &#8211; 65. Mehdi a 90+13. Mehdi Taremi (pen.)<br \/>\n<strong>Anglie:<\/strong> Jordan Pickford, Kieran Trippier, John Stones, Harry Maguire (70. Eric Dier), Luke Shaw, Jude Bellingham, Declan Rice, Bukayo Saka (70. Marcus Rashford), Mason Mount (70. Phil Foden), Raheem Sterling (70. Jack Grealish), Harry Kane (76. Callum Wilson)<br \/>\n<strong>\u00cdr\u00e1n:<\/strong> Alireza Beiranvand (20. Hossein Hosseini), Sadegh Moharrami, Rouzbeh Cheshmi (46. Mehdi Torabi), Majid Hosseini, Milad Mohammadi (63. Sardar Azmoun), Ehsan Hajsafi, Morteza Pouraliganji, Ahmad Nourollahi, Ali Karimi (46. Ali Gholizadeh), Alireza Jahanbakhsh (46. Hossein Kanani), Mehdi Taremi<\/p>\n<hr \/>\n<h4><strong>Nominov\u00e1ni <\/strong><\/h4>\n<p><strong>Idrissa Gueye, Senegal, z\u00e1lo\u017en\u00edk, 33 let, 93 z\u00e1pas\u016f za reprezentaci, 10 branek<\/strong><\/p>\n<p>Gana se po \u010dty\u0159ech letech p\u0159edstav\u00ed na sv\u00e9m druh\u00e9m mistrovstv\u00ed sv\u011bta v kari\u00e9\u0159e a se sv\u00fdm n\u00e1rodn\u00edm t\u00fdmem by tentokr\u00e1t r\u00e1d aspo\u0148 postoupil ze z\u00e1kladn\u00ed skupiny. Lions of Teranga rozhodn\u011b disponuj\u00ed kvalitami na to, aby proklouzli do play-off, nav\u00edc je \u010dek\u00e1 celkem p\u0159ijateln\u00e1 skupina v\u010detn\u011b dom\u00e1c\u00edho outsidera. Zku\u0161en\u00fd Idrissa Gueye pat\u0159\u00ed do z\u00e1kladn\u00ed sestavy Senegalu.<\/p>\n<p>Program Senegalu ve skupin\u011b A<br \/>\n21. 11. 17:00 vs. Nizozemsko<br \/>\n25. 11. 14:00 vs. Katar<br \/>\n29. 11. 16:00 vs. Ekv\u00e1dor<\/p>\n<p><strong>Jordan Pickford, Anglie, brank\u00e1\u0159, 28 let, 45 z\u00e1pas\u016f za reprezentaci, 21 \u010dist\u00fdch kont<br \/>\nConor Coady, Anglie, st\u0159edn\u00ed obr\u00e1nce, 29 let, 10 z\u00e1pas\u016f za reprezentaci, 0 branek<\/strong><\/p>\n<p>Hrd\u00fd Albion neodl\u00e9t\u00e1 do Kataru v ide\u00e1ln\u00edm rozpolo\u017een\u00ed. T\u0159eba\u017ee p\u0159ed \u010dty\u0159mi lety na mistrovstv\u00ed sv\u011bta obsadil \u010dtvrtou pozici a p\u0159ed dv\u011bma lety na mistrovstv\u00ed Evropy skon\u010dil druh\u00fd, jeho aktu\u00e1ln\u00ed forma vyvol\u00e1v\u00e1 rozpaky. Dokonce zazn\u00edvaj\u00ed hlasy o konci tren\u00e9ra Garetha Southgatea, kter\u00e9 nejsp\u00ed\u0161e budou vysly\u0161eny, pokud se Ostrovan\u00e9 nedostanou do pozd\u011bj\u0161\u00ed f\u00e1ze vy\u0159azovac\u00edch boj\u016f.<\/p>\n<p>Southgate by m\u011bl \u2013 stejn\u011b jako na obou zm\u00edn\u011bn\u00fdch turnaj\u00edch \u2013 po\u010d\u00edtat s Pickfordem jako jedni\u010dkou, i kdy\u017e britsk\u00e1 m\u00e9dia hlasit\u011b tla\u010d\u00ed do br\u00e1ny Ramsdalea, \u010di Popea. Evertonsk\u00e1 g\u00f3lman ale v reprezentaci dlouhodob\u011b p\u0159edv\u00e1d\u00ed skv\u011bl\u00e9 v\u00fdkony a t\u011b\u0161\u00ed se d\u016fv\u011b\u0159e tren\u00e9ra.<\/p>\n<p>Conor Coady se v nominac\u00edch Anglie objevuje teprve posledn\u00ed dva roky a sp\u00ed\u0161e zauj\u00edm\u00e1 pozici n\u00e1hradn\u00edka a l\u00eddra kabiny. Na Mistrovstv\u00ed Evropy 2020 neodehr\u00e1l ani minutu a ani nyn\u00ed se neo\u010dek\u00e1v\u00e1, \u017ee mu Southgate dop\u0159eje v\u011bt\u0161\u00ed prostor na h\u0159i\u0161ti.<\/p>\n<p>Program Anglie ve skupin\u011b B<br \/>\n21. 11. 14:00 vs. \u00cdr\u00e1n<br \/>\n25. 11. 20:00 vs. USA<br \/>\n29. 11. 20:00 vs. Wales<\/p>\n<p><strong>Amadou Onana, Belgie, z\u00e1lo\u017en\u00edk, 21 let, 2 z\u00e1pasy za reprezentaci, 0 branek<\/strong><\/p>\n<p>Talentovan\u00fd mlad\u00edk debutoval ve v\u00fdb\u011bru Red Devils teprve v leto\u0161n\u00edm roce a jeho nominace je tak men\u0161\u00edm p\u0159ekvapen\u00edm. Tren\u00e9r Belgi\u010dan\u016f Roberto Mart\u00ednez v\u0161ak Onanu velmi chv\u00e1l\u00ed a lze p\u0159edpokl\u00e1dat, \u017ee mu na turnaji dop\u0159eje aspo\u0148 men\u0161\u00ed \u0161anci.<\/p>\n<p>Belgi\u010dan\u00e9 obhajuj\u00ed bronzov\u00e9 medaile a \u0159ada expert\u016f je op\u011bt \u0159ad\u00ed do u\u017e\u0161\u00edho okruhu favorit\u016f.<\/p>\n<p>Program Belgie ve skupin\u011b F<br \/>\n23. 11. 20:00 vs. Kanada<br \/>\n27. 11. 14:00 vs. Maroko<br \/>\n01. 12. 16:00 vs. Chorvatsko<\/p>\n","protected":false},"excerpt":{"rendered":"<p>Na kontroverzn\u00ed mistrovstv\u00ed sv\u011bta v Kataru byla nominov\u00e1na \u010dtve\u0159ice hr\u00e1\u010d\u016f Evertonu. V tomto aktualizovan\u00e9m \u010dl\u00e1nku najdete p\u0159ehled, jak si na \u0161ampion\u00e1tu povede.<\/p>\n","protected":false},"author":6,"featured_media":20360,"comment_status":"open","ping_status":"closed","sticky":false,"template":"","format":"standard","meta":{"_eb_attr":"","_monsterinsights_skip_tracking":false,"_monsterinsights_sitenote_active":false,"_monsterinsights_sitenote_note":"","_monsterinsights_sitenote_category":0,"footnotes":""},"categories":[42],"tags":[],"yoast_head":"<!-- This site is optimized with the Yoast SEO plugin v23.4 - https:\/\/yoast.com\/wordpress\/plugins\/seo\/ -->\n<title>Evertonians na MS 2022 - Official Czech &amp; Slovak Everton Supporters&#039; Club<\/title>\n<meta name=\"description\" content=\"Na kontroverzn\u00ed mistrovstv\u00ed sv\u011bta v Kataru byla nominov\u00e1na \u010dtve\u0159ice hr\u00e1\u010d\u016f Evertonu. V tomto aktualizovan\u00e9m \u010dl\u00e1nku najdete p\u0159ehled, jak si na \u0161ampion\u00e1tu povede.\" \/>\n<meta name=\"robots\" content=\"index, follow, max-snippet:-1, max-image-preview:large, max-video-preview:-1\" \/>\n<link rel=\"canonical\" href=\"https:\/\/evertonfc.cz\/index.php\/2022\/12\/10\/evertonians-na-ms-2022\/\" \/>\n<meta property=\"og:locale\" content=\"cs_CZ\" \/>\n<meta property=\"og:type\" content=\"article\" \/>\n<meta property=\"og:title\" content=\"Evertonians na MS 2022 - Official Czech &amp; Slovak Everton Supporters&#039; Club\" \/>\n<meta property=\"og:description\" content=\"Na kontroverzn\u00ed mistrovstv\u00ed sv\u011bta v Kataru byla nominov\u00e1na \u010dtve\u0159ice hr\u00e1\u010d\u016f Evertonu. V tomto aktualizovan\u00e9m \u010dl\u00e1nku najdete p\u0159ehled, jak si na \u0161ampion\u00e1tu povede.\" \/>\n<meta property=\"og:url\" content=\"https:\/\/evertonfc.cz\/index.php\/2022\/12\/10\/evertonians-na-ms-2022\/\" \/>\n<meta property=\"og:site_name\" content=\"Official Czech &amp; Slovak Everton Supporters&#039; Club\" \/>\n<meta property=\"article:publisher\" content=\"https:\/\/www.facebook.com\/everton.fans.cz.sk\" \/>\n<meta property=\"article:published_time\" content=\"2022-12-10T21:09:35+00:00\" \/>\n<meta property=\"article:modified_time\" content=\"2022-12-27T12:46:57+00:00\" \/>\n<meta property=\"og:image\" content=\"https:\/\/evertonfc.cz\/wp-content\/uploads\/2022\/11\/pickford_14_11_2022.jpg\" \/>\n\t<meta property=\"og:image:width\" content=\"720\" \/>\n\t<meta property=\"og:image:height\" content=\"405\" \/>\n\t<meta property=\"og:image:type\" content=\"image\/jpeg\" \/>\n<meta name=\"author\" content=\"Ri\u010di\" \/>\n<meta name=\"twitter:card\" content=\"summary_large_image\" \/>\n<meta name=\"twitter:creator\" content=\"@rbrejsa\" \/>\n<meta name=\"twitter:label1\" content=\"Napsal(a)\" \/>\n\t<meta name=\"twitter:data1\" content=\"Ri\u010di\" \/>\n\t<meta name=\"twitter:label2\" content=\"Odhadovan\u00e1 doba \u010dten\u00ed\" \/>\n\t<meta name=\"twitter:data2\" content=\"12 minut\" \/>\n<script type=\"application\/ld+json\" class=\"yoast-schema-graph\">{\"@context\":\"https:\/\/schema.org\",\"@graph\":[{\"@type\":\"Article\",\"@id\":\"https:\/\/evertonfc.cz\/index.php\/2022\/12\/10\/evertonians-na-ms-2022\/#article\",\"isPartOf\":{\"@id\":\"https:\/\/evertonfc.cz\/index.php\/2022\/12\/10\/evertonians-na-ms-2022\/\"},\"author\":{\"name\":\"Ri\u010di\",\"@id\":\"https:\/\/evertonfc.cz\/#\/schema\/person\/f7a5daedb2ffee98480bc70e191aaef1\"},\"headline\":\"Evertonians na MS 2022\",\"datePublished\":\"2022-12-10T21:09:35+00:00\",\"dateModified\":\"2022-12-27T12:46:57+00:00\",\"mainEntityOfPage\":{\"@id\":\"https:\/\/evertonfc.cz\/index.php\/2022\/12\/10\/evertonians-na-ms-2022\/\"},\"wordCount\":2300,\"commentCount\":24,\"publisher\":{\"@id\":\"https:\/\/evertonfc.cz\/#organization\"},\"image\":{\"@id\":\"https:\/\/evertonfc.cz\/index.php\/2022\/12\/10\/evertonians-na-ms-2022\/#primaryimage\"},\"thumbnailUrl\":\"https:\/\/evertonfc.cz\/wp-content\/uploads\/2022\/11\/pickford_14_11_2022.jpg\",\"articleSection\":[\"Aktuality\"],\"inLanguage\":\"cs\",\"potentialAction\":[{\"@type\":\"CommentAction\",\"name\":\"Comment\",\"target\":[\"https:\/\/evertonfc.cz\/index.php\/2022\/12\/10\/evertonians-na-ms-2022\/#respond\"]}]},{\"@type\":\"WebPage\",\"@id\":\"https:\/\/evertonfc.cz\/index.php\/2022\/12\/10\/evertonians-na-ms-2022\/\",\"url\":\"https:\/\/evertonfc.cz\/index.php\/2022\/12\/10\/evertonians-na-ms-2022\/\",\"name\":\"Evertonians na MS 2022 - Official Czech &amp; Slovak Everton Supporters&#039; Club\",\"isPartOf\":{\"@id\":\"https:\/\/evertonfc.cz\/#website\"},\"primaryImageOfPage\":{\"@id\":\"https:\/\/evertonfc.cz\/index.php\/2022\/12\/10\/evertonians-na-ms-2022\/#primaryimage\"},\"image\":{\"@id\":\"https:\/\/evertonfc.cz\/index.php\/2022\/12\/10\/evertonians-na-ms-2022\/#primaryimage\"},\"thumbnailUrl\":\"https:\/\/evertonfc.cz\/wp-content\/uploads\/2022\/11\/pickford_14_11_2022.jpg\",\"datePublished\":\"2022-12-10T21:09:35+00:00\",\"dateModified\":\"2022-12-27T12:46:57+00:00\",\"description\":\"Na kontroverzn\u00ed mistrovstv\u00ed sv\u011bta v Kataru byla nominov\u00e1na \u010dtve\u0159ice hr\u00e1\u010d\u016f Evertonu. V tomto aktualizovan\u00e9m \u010dl\u00e1nku najdete p\u0159ehled, jak si na \u0161ampion\u00e1tu povede.\",\"breadcrumb\":{\"@id\":\"https:\/\/evertonfc.cz\/index.php\/2022\/12\/10\/evertonians-na-ms-2022\/#breadcrumb\"},\"inLanguage\":\"cs\",\"potentialAction\":[{\"@type\":\"ReadAction\",\"target\":[\"https:\/\/evertonfc.cz\/index.php\/2022\/12\/10\/evertonians-na-ms-2022\/\"]}]},{\"@type\":\"ImageObject\",\"inLanguage\":\"cs\",\"@id\":\"https:\/\/evertonfc.cz\/index.php\/2022\/12\/10\/evertonians-na-ms-2022\/#primaryimage\",\"url\":\"https:\/\/evertonfc.cz\/wp-content\/uploads\/2022\/11\/pickford_14_11_2022.jpg\",\"contentUrl\":\"https:\/\/evertonfc.cz\/wp-content\/uploads\/2022\/11\/pickford_14_11_2022.jpg\",\"width\":720,\"height\":405},{\"@type\":\"BreadcrumbList\",\"@id\":\"https:\/\/evertonfc.cz\/index.php\/2022\/12\/10\/evertonians-na-ms-2022\/#breadcrumb\",\"itemListElement\":[{\"@type\":\"ListItem\",\"position\":1,\"name\":\"Home\",\"item\":\"https:\/\/evertonfc.cz\/\"},{\"@type\":\"ListItem\",\"position\":2,\"name\":\"Evertonians na MS 2022\"}]},{\"@type\":\"WebSite\",\"@id\":\"https:\/\/evertonfc.cz\/#website\",\"url\":\"https:\/\/evertonfc.cz\/\",\"name\":\"Official Czech &amp; Slovak Everton Supporters&#039; Club\",\"description\":\"\",\"publisher\":{\"@id\":\"https:\/\/evertonfc.cz\/#organization\"},\"potentialAction\":[{\"@type\":\"SearchAction\",\"target\":{\"@type\":\"EntryPoint\",\"urlTemplate\":\"https:\/\/evertonfc.cz\/?s={search_term_string}\"},\"query-input\":{\"@type\":\"PropertyValueSpecification\",\"valueRequired\":true,\"valueName\":\"search_term_string\"}}],\"inLanguage\":\"cs\"},{\"@type\":\"Organization\",\"@id\":\"https:\/\/evertonfc.cz\/#organization\",\"name\":\"Official Czech & Slovak Everton Supporters' Club\",\"url\":\"https:\/\/evertonfc.cz\/\",\"logo\":{\"@type\":\"ImageObject\",\"inLanguage\":\"cs\",\"@id\":\"https:\/\/evertonfc.cz\/#\/schema\/logo\/image\/\",\"url\":\"https:\/\/evertonfc.cz\/wp-content\/uploads\/2019\/05\/logo.png\",\"contentUrl\":\"https:\/\/evertonfc.cz\/wp-content\/uploads\/2019\/05\/logo.png\",\"width\":112,\"height\":112,\"caption\":\"Official Czech & Slovak Everton Supporters' Club\"},\"image\":{\"@id\":\"https:\/\/evertonfc.cz\/#\/schema\/logo\/image\/\"},\"sameAs\":[\"https:\/\/www.facebook.com\/everton.fans.cz.sk\"]},{\"@type\":\"Person\",\"@id\":\"https:\/\/evertonfc.cz\/#\/schema\/person\/f7a5daedb2ffee98480bc70e191aaef1\",\"name\":\"Ri\u010di\",\"sameAs\":[\"https:\/\/x.com\/rbrejsa\"],\"url\":\"https:\/\/evertonfc.cz\/index.php\/author\/rici\/\"}]}<\/script>\n<!-- \/ Yoast SEO plugin. -->","yoast_head_json":{"title":"Evertonians na MS 2022 - Official Czech &amp; Slovak Everton Supporters&#039; Club","description":"Na kontroverzn\u00ed mistrovstv\u00ed sv\u011bta v Kataru byla nominov\u00e1na \u010dtve\u0159ice hr\u00e1\u010d\u016f Evertonu. V tomto aktualizovan\u00e9m \u010dl\u00e1nku najdete p\u0159ehled, jak si na \u0161ampion\u00e1tu povede.","robots":{"index":"index","follow":"follow","max-snippet":"max-snippet:-1","max-image-preview":"max-image-preview:large","max-video-preview":"max-video-preview:-1"},"canonical":"https:\/\/evertonfc.cz\/index.php\/2022\/12\/10\/evertonians-na-ms-2022\/","og_locale":"cs_CZ","og_type":"article","og_title":"Evertonians na MS 2022 - Official Czech &amp; Slovak Everton Supporters&#039; Club","og_description":"Na kontroverzn\u00ed mistrovstv\u00ed sv\u011bta v Kataru byla nominov\u00e1na \u010dtve\u0159ice hr\u00e1\u010d\u016f Evertonu. V tomto aktualizovan\u00e9m \u010dl\u00e1nku najdete p\u0159ehled, jak si na \u0161ampion\u00e1tu povede.","og_url":"https:\/\/evertonfc.cz\/index.php\/2022\/12\/10\/evertonians-na-ms-2022\/","og_site_name":"Official Czech &amp; Slovak Everton Supporters&#039; Club","article_publisher":"https:\/\/www.facebook.com\/everton.fans.cz.sk","article_published_time":"2022-12-10T21:09:35+00:00","article_modified_time":"2022-12-27T12:46:57+00:00","og_image":[{"width":720,"height":405,"url":"https:\/\/evertonfc.cz\/wp-content\/uploads\/2022\/11\/pickford_14_11_2022.jpg","type":"image\/jpeg"}],"author":"Ri\u010di","twitter_card":"summary_large_image","twitter_creator":"@rbrejsa","twitter_misc":{"Napsal(a)":"Ri\u010di","Odhadovan\u00e1 doba \u010dten\u00ed":"12 minut"},"schema":{"@context":"https:\/\/schema.org","@graph":[{"@type":"Article","@id":"https:\/\/evertonfc.cz\/index.php\/2022\/12\/10\/evertonians-na-ms-2022\/#article","isPartOf":{"@id":"https:\/\/evertonfc.cz\/index.php\/2022\/12\/10\/evertonians-na-ms-2022\/"},"author":{"name":"Ri\u010di","@id":"https:\/\/evertonfc.cz\/#\/schema\/person\/f7a5daedb2ffee98480bc70e191aaef1"},"headline":"Evertonians na MS 2022","datePublished":"2022-12-10T21:09:35+00:00","dateModified":"2022-12-27T12:46:57+00:00","mainEntityOfPage":{"@id":"https:\/\/evertonfc.cz\/index.php\/2022\/12\/10\/evertonians-na-ms-2022\/"},"wordCount":2300,"commentCount":24,"publisher":{"@id":"https:\/\/evertonfc.cz\/#organization"},"image":{"@id":"https:\/\/evertonfc.cz\/index.php\/2022\/12\/10\/evertonians-na-ms-2022\/#primaryimage"},"thumbnailUrl":"https:\/\/evertonfc.cz\/wp-content\/uploads\/2022\/11\/pickford_14_11_2022.jpg","articleSection":["Aktuality"],"inLanguage":"cs","potentialAction":[{"@type":"CommentAction","name":"Comment","target":["https:\/\/evertonfc.cz\/index.php\/2022\/12\/10\/evertonians-na-ms-2022\/#respond"]}]},{"@type":"WebPage","@id":"https:\/\/evertonfc.cz\/index.php\/2022\/12\/10\/evertonians-na-ms-2022\/","url":"https:\/\/evertonfc.cz\/index.php\/2022\/12\/10\/evertonians-na-ms-2022\/","name":"Evertonians na MS 2022 - Official Czech &amp; Slovak Everton Supporters&#039; Club","isPartOf":{"@id":"https:\/\/evertonfc.cz\/#website"},"primaryImageOfPage":{"@id":"https:\/\/evertonfc.cz\/index.php\/2022\/12\/10\/evertonians-na-ms-2022\/#primaryimage"},"image":{"@id":"https:\/\/evertonfc.cz\/index.php\/2022\/12\/10\/evertonians-na-ms-2022\/#primaryimage"},"thumbnailUrl":"https:\/\/evertonfc.cz\/wp-content\/uploads\/2022\/11\/pickford_14_11_2022.jpg","datePublished":"2022-12-10T21:09:35+00:00","dateModified":"2022-12-27T12:46:57+00:00","description":"Na kontroverzn\u00ed mistrovstv\u00ed sv\u011bta v Kataru byla nominov\u00e1na \u010dtve\u0159ice hr\u00e1\u010d\u016f Evertonu. V tomto aktualizovan\u00e9m \u010dl\u00e1nku najdete p\u0159ehled, jak si na \u0161ampion\u00e1tu povede.","breadcrumb":{"@id":"https:\/\/evertonfc.cz\/index.php\/2022\/12\/10\/evertonians-na-ms-2022\/#breadcrumb"},"inLanguage":"cs","potentialAction":[{"@type":"ReadAction","target":["https:\/\/evertonfc.cz\/index.php\/2022\/12\/10\/evertonians-na-ms-2022\/"]}]},{"@type":"ImageObject","inLanguage":"cs","@id":"https:\/\/evertonfc.cz\/index.php\/2022\/12\/10\/evertonians-na-ms-2022\/#primaryimage","url":"https:\/\/evertonfc.cz\/wp-content\/uploads\/2022\/11\/pickford_14_11_2022.jpg","contentUrl":"https:\/\/evertonfc.cz\/wp-content\/uploads\/2022\/11\/pickford_14_11_2022.jpg","width":720,"height":405},{"@type":"BreadcrumbList","@id":"https:\/\/evertonfc.cz\/index.php\/2022\/12\/10\/evertonians-na-ms-2022\/#breadcrumb","itemListElement":[{"@type":"ListItem","position":1,"name":"Home","item":"https:\/\/evertonfc.cz\/"},{"@type":"ListItem","position":2,"name":"Evertonians na MS 2022"}]},{"@type":"WebSite","@id":"https:\/\/evertonfc.cz\/#website","url":"https:\/\/evertonfc.cz\/","name":"Official Czech &amp; Slovak Everton Supporters&#039; Club","description":"","publisher":{"@id":"https:\/\/evertonfc.cz\/#organization"},"potentialAction":[{"@type":"SearchAction","target":{"@type":"EntryPoint","urlTemplate":"https:\/\/evertonfc.cz\/?s={search_term_string}"},"query-input":{"@type":"PropertyValueSpecification","valueRequired":true,"valueName":"search_term_string"}}],"inLanguage":"cs"},{"@type":"Organization","@id":"https:\/\/evertonfc.cz\/#organization","name":"Official Czech & Slovak Everton Supporters' Club","url":"https:\/\/evertonfc.cz\/","logo":{"@type":"ImageObject","inLanguage":"cs","@id":"https:\/\/evertonfc.cz\/#\/schema\/logo\/image\/","url":"https:\/\/evertonfc.cz\/wp-content\/uploads\/2019\/05\/logo.png","contentUrl":"https:\/\/evertonfc.cz\/wp-content\/uploads\/2019\/05\/logo.png","width":112,"height":112,"caption":"Official Czech & Slovak Everton Supporters' Club"},"image":{"@id":"https:\/\/evertonfc.cz\/#\/schema\/logo\/image\/"},"sameAs":["https:\/\/www.facebook.com\/everton.fans.cz.sk"]},{"@type":"Person","@id":"https:\/\/evertonfc.cz\/#\/schema\/person\/f7a5daedb2ffee98480bc70e191aaef1","name":"Ri\u010di","sameAs":["https:\/\/x.com\/rbrejsa"],"url":"https:\/\/evertonfc.cz\/index.php\/author\/rici\/"}]}},"_links":{"self":[{"href":"https:\/\/evertonfc.cz\/index.php\/wp-json\/wp\/v2\/posts\/20361"}],"collection":[{"href":"https:\/\/evertonfc.cz\/index.php\/wp-json\/wp\/v2\/posts"}],"about":[{"href":"https:\/\/evertonfc.cz\/index.php\/wp-json\/wp\/v2\/types\/post"}],"author":[{"embeddable":true,"href":"https:\/\/evertonfc.cz\/index.php\/wp-json\/wp\/v2\/users\/6"}],"replies":[{"embeddable":true,"href":"https:\/\/evertonfc.cz\/index.php\/wp-json\/wp\/v2\/comments?post=20361"}],"version-history":[{"count":25,"href":"https:\/\/evertonfc.cz\/index.php\/wp-json\/wp\/v2\/posts\/20361\/revisions"}],"predecessor-version":[{"id":20472,"href":"https:\/\/evertonfc.cz\/index.php\/wp-json\/wp\/v2\/posts\/20361\/revisions\/20472"}],"wp:featuredmedia":[{"embeddable":true,"href":"https:\/\/evertonfc.cz\/index.php\/wp-json\/wp\/v2\/media\/20360"}],"wp:attachment":[{"href":"https:\/\/evertonfc.cz\/index.php\/wp-json\/wp\/v2\/media?parent=20361"}],"wp:term":[{"taxonomy":"category","embeddable":true,"href":"https:\/\/evertonfc.cz\/index.php\/wp-json\/wp\/v2\/categories?post=20361"},{"taxonomy":"post_tag","embeddable":true,"href":"https:\/\/evertonfc.cz\/index.php\/wp-json\/wp\/v2\/tags?post=20361"}],"curies":[{"name":"wp","href":"https:\/\/api.w.org\/{rel}","templated":true}]}}