{"id":2038,"date":"2018-05-30T20:33:25","date_gmt":"2018-05-30T18:33:25","guid":{"rendered":"http:\/\/evertonfc.cz\/?p=2038"},"modified":"2019-02-10T15:43:19","modified_gmt":"2019-02-10T14:43:19","slug":"onyekuru-bude-muset-na-hostovani-i-v-nadchazejici-sezone","status":"publish","type":"post","link":"https:\/\/evertonfc.cz\/index.php\/2018\/05\/30\/onyekuru-bude-muset-na-hostovani-i-v-nadchazejici-sezone\/","title":{"rendered":"Onyekuru bude muset na hostov\u00e1n\u00ed i v nadch\u00e1zej\u00edc\u00ed sez\u00f3n\u011b"},"content":{"rendered":"\r\n<h4 class=\"wp-block-heading\">Henry Onyekuru se neve\u0161el do nominace Nig\u00e9rie na MS, a tak ani v leto\u0161n\u00edm l\u00e9t\u011b nedostane od britsk\u00fdch \u00fa\u0159ad\u016f pracovn\u00ed povolen\u00ed pot\u0159ebn\u00e9 k hr\u00e1n\u00ed v Evertonu.<\/h4>\r\n\r\n\r\n\r\n<p>V nadch\u00e1zej\u00edc\u00ed sez\u00f3n\u011b proto bude muset op\u011bt zam\u00ed\u0159it na hostov\u00e1n\u00ed.\u00a0Zat\u00edm je pouze jasn\u00e9, \u017ee se 20let\u00fd \u00fato\u010dn\u00edk nevr\u00e1t\u00ed do Anderlechtu, s n\u00edm\u017e se rozh\u00e1dal p\u0159es m\u00e9dia.<\/p>\r\n\r\n\r\n\r\n<p>Onyekuru obvinil belgick\u00fd klub, \u017ee mu p\u0159ekazil nominaci na \u0161ampion\u00e1t, jeliko\u017e ho pr\u00fd tren\u00e9r Vanhaezebrouck ke konci sez\u00f3ny z\u00e1m\u011brn\u011b nestav\u011bl do z\u00e1pas\u016f, i kdy\u017e podle vlastn\u00edch slov v t\u00e9 dob\u011b u\u017e disponoval pot\u0159ebnou kondic\u00ed, kterou nabral po uzdraven\u00ed se z\u00a0t\u011b\u017ek\u00e9ho zran\u011bn\u00ed kolena, kv\u016fli n\u011bmu\u017e absentoval od prosince. Anderlecht pop\u0159el, \u017ee by hr\u00e1\u010de z\u00e1m\u011brn\u011b ignoroval.<\/p>\r\n\r\n\r\n\r\n<p>M\u00e9dii mezit\u00edm prob\u011bhly spekulace o mo\u017en\u00e9m hostov\u00e1n\u00ed Onyekura v\u00a0n\u011bmeck\u00e9 Borussii M\u00f6nchengladbach \u010di tureck\u00e9m Besiktasi.<\/p>\r\n\r\n\r\n\r\n<p>Everton vykoupil Onyekura v\u00a0l\u00e9t\u011b 2017 z\u00a0celku KAS Eupen, v\u00a0jeho\u017e dresu se\u00a0v\u00a0ro\u010dn\u00edku 2016\/17 stal nejlep\u0161\u00edm st\u0159elcem belgick\u00e9 ligy. Kv\u016fli nespln\u011bn\u00fdm podm\u00ednk\u00e1m pro vyd\u00e1n\u00ed pracovn\u00edho povolen\u00ed ale Onyekuru nemohl za Toffees nastupovat, a tak na za\u010d\u00e1tku sez\u00f3ny 2017\/18 ode\u0161el na hostov\u00e1n\u00ed do Anderlechtu, za kter\u00fd do zm\u00edn\u011bn\u00e9ho zran\u011bn\u00ed z\u00a0prosince vst\u0159elil 10 branek v\u00a028 utk\u00e1n\u00edch.<\/p>\r\n","protected":false},"excerpt":{"rendered":"<p>Henry Onyekuru se neve\u0161el do nominace Nig\u00e9rie na MS, a tak ani v leto\u0161n\u00edm l\u00e9t\u011b nedostane od britsk\u00fdch \u00fa\u0159ad\u016f pracovn\u00ed&hellip;<\/p>\n","protected":false},"author":6,"featured_media":2019,"comment_status":"open","ping_status":"closed","sticky":false,"template":"","format":"standard","meta":{"_eb_attr":"","_monsterinsights_skip_tracking":false,"_monsterinsights_sitenote_active":false,"_monsterinsights_sitenote_note":"","_monsterinsights_sitenote_category":0,"footnotes":""},"categories":[42],"tags":[],"yoast_head":"<!-- This site is optimized with the Yoast SEO plugin v23.4 - https:\/\/yoast.com\/wordpress\/plugins\/seo\/ -->\n<title>Onyekuru bude muset na hostov\u00e1n\u00ed i v nadch\u00e1zej\u00edc\u00ed sez\u00f3n\u011b - Official Czech &amp; Slovak Everton Supporters&#039; Club<\/title>\n<meta name=\"robots\" content=\"index, follow, max-snippet:-1, max-image-preview:large, max-video-preview:-1\" \/>\n<link rel=\"canonical\" href=\"https:\/\/evertonfc.cz\/index.php\/2018\/05\/30\/onyekuru-bude-muset-na-hostovani-i-v-nadchazejici-sezone\/\" \/>\n<meta property=\"og:locale\" content=\"cs_CZ\" \/>\n<meta property=\"og:type\" content=\"article\" \/>\n<meta property=\"og:title\" content=\"Onyekuru bude muset na hostov\u00e1n\u00ed i v nadch\u00e1zej\u00edc\u00ed sez\u00f3n\u011b - Official Czech &amp; Slovak Everton Supporters&#039; Club\" \/>\n<meta property=\"og:description\" content=\"Henry Onyekuru se neve\u0161el do nominace Nig\u00e9rie na MS, a tak ani v leto\u0161n\u00edm l\u00e9t\u011b nedostane od britsk\u00fdch \u00fa\u0159ad\u016f pracovn\u00ed&hellip;\" \/>\n<meta property=\"og:url\" content=\"https:\/\/evertonfc.cz\/index.php\/2018\/05\/30\/onyekuru-bude-muset-na-hostovani-i-v-nadchazejici-sezone\/\" \/>\n<meta property=\"og:site_name\" content=\"Official Czech &amp; Slovak Everton Supporters&#039; Club\" \/>\n<meta property=\"article:publisher\" content=\"https:\/\/www.facebook.com\/everton.fans.cz.sk\" \/>\n<meta property=\"article:published_time\" content=\"2018-05-30T18:33:25+00:00\" \/>\n<meta property=\"article:modified_time\" content=\"2019-02-10T14:43:19+00:00\" \/>\n<meta property=\"og:image\" content=\"https:\/\/evertonfc.cz\/wp-content\/uploads\/2019\/01\/oneykuru_30_5_2018.jpg\" \/>\n\t<meta property=\"og:image:width\" content=\"720\" \/>\n\t<meta property=\"og:image:height\" content=\"405\" \/>\n\t<meta property=\"og:image:type\" content=\"image\/jpeg\" \/>\n<meta name=\"author\" content=\"Ri\u010di\" \/>\n<meta name=\"twitter:card\" content=\"summary_large_image\" \/>\n<meta name=\"twitter:creator\" content=\"@rbrejsa\" \/>\n<meta name=\"twitter:label1\" content=\"Napsal(a)\" \/>\n\t<meta name=\"twitter:data1\" content=\"Ri\u010di\" \/>\n\t<meta name=\"twitter:label2\" content=\"Odhadovan\u00e1 doba \u010dten\u00ed\" \/>\n\t<meta name=\"twitter:data2\" content=\"1 minuta\" \/>\n<script type=\"application\/ld+json\" class=\"yoast-schema-graph\">{\"@context\":\"https:\/\/schema.org\",\"@graph\":[{\"@type\":\"Article\",\"@id\":\"https:\/\/evertonfc.cz\/index.php\/2018\/05\/30\/onyekuru-bude-muset-na-hostovani-i-v-nadchazejici-sezone\/#article\",\"isPartOf\":{\"@id\":\"https:\/\/evertonfc.cz\/index.php\/2018\/05\/30\/onyekuru-bude-muset-na-hostovani-i-v-nadchazejici-sezone\/\"},\"author\":{\"name\":\"Ri\u010di\",\"@id\":\"https:\/\/evertonfc.cz\/#\/schema\/person\/f7a5daedb2ffee98480bc70e191aaef1\"},\"headline\":\"Onyekuru bude muset na hostov\u00e1n\u00ed i v nadch\u00e1zej\u00edc\u00ed sez\u00f3n\u011b\",\"datePublished\":\"2018-05-30T18:33:25+00:00\",\"dateModified\":\"2019-02-10T14:43:19+00:00\",\"mainEntityOfPage\":{\"@id\":\"https:\/\/evertonfc.cz\/index.php\/2018\/05\/30\/onyekuru-bude-muset-na-hostovani-i-v-nadchazejici-sezone\/\"},\"wordCount\":263,\"commentCount\":0,\"publisher\":{\"@id\":\"https:\/\/evertonfc.cz\/#organization\"},\"image\":{\"@id\":\"https:\/\/evertonfc.cz\/index.php\/2018\/05\/30\/onyekuru-bude-muset-na-hostovani-i-v-nadchazejici-sezone\/#primaryimage\"},\"thumbnailUrl\":\"https:\/\/evertonfc.cz\/wp-content\/uploads\/2019\/01\/oneykuru_30_5_2018.jpg\",\"articleSection\":[\"Aktuality\"],\"inLanguage\":\"cs\",\"potentialAction\":[{\"@type\":\"CommentAction\",\"name\":\"Comment\",\"target\":[\"https:\/\/evertonfc.cz\/index.php\/2018\/05\/30\/onyekuru-bude-muset-na-hostovani-i-v-nadchazejici-sezone\/#respond\"]}]},{\"@type\":\"WebPage\",\"@id\":\"https:\/\/evertonfc.cz\/index.php\/2018\/05\/30\/onyekuru-bude-muset-na-hostovani-i-v-nadchazejici-sezone\/\",\"url\":\"https:\/\/evertonfc.cz\/index.php\/2018\/05\/30\/onyekuru-bude-muset-na-hostovani-i-v-nadchazejici-sezone\/\",\"name\":\"Onyekuru bude muset na hostov\u00e1n\u00ed i v nadch\u00e1zej\u00edc\u00ed sez\u00f3n\u011b - Official Czech &amp; Slovak Everton Supporters&#039; Club\",\"isPartOf\":{\"@id\":\"https:\/\/evertonfc.cz\/#website\"},\"primaryImageOfPage\":{\"@id\":\"https:\/\/evertonfc.cz\/index.php\/2018\/05\/30\/onyekuru-bude-muset-na-hostovani-i-v-nadchazejici-sezone\/#primaryimage\"},\"image\":{\"@id\":\"https:\/\/evertonfc.cz\/index.php\/2018\/05\/30\/onyekuru-bude-muset-na-hostovani-i-v-nadchazejici-sezone\/#primaryimage\"},\"thumbnailUrl\":\"https:\/\/evertonfc.cz\/wp-content\/uploads\/2019\/01\/oneykuru_30_5_2018.jpg\",\"datePublished\":\"2018-05-30T18:33:25+00:00\",\"dateModified\":\"2019-02-10T14:43:19+00:00\",\"breadcrumb\":{\"@id\":\"https:\/\/evertonfc.cz\/index.php\/2018\/05\/30\/onyekuru-bude-muset-na-hostovani-i-v-nadchazejici-sezone\/#breadcrumb\"},\"inLanguage\":\"cs\",\"potentialAction\":[{\"@type\":\"ReadAction\",\"target\":[\"https:\/\/evertonfc.cz\/index.php\/2018\/05\/30\/onyekuru-bude-muset-na-hostovani-i-v-nadchazejici-sezone\/\"]}]},{\"@type\":\"ImageObject\",\"inLanguage\":\"cs\",\"@id\":\"https:\/\/evertonfc.cz\/index.php\/2018\/05\/30\/onyekuru-bude-muset-na-hostovani-i-v-nadchazejici-sezone\/#primaryimage\",\"url\":\"https:\/\/evertonfc.cz\/wp-content\/uploads\/2019\/01\/oneykuru_30_5_2018.jpg\",\"contentUrl\":\"https:\/\/evertonfc.cz\/wp-content\/uploads\/2019\/01\/oneykuru_30_5_2018.jpg\",\"width\":720,\"height\":405},{\"@type\":\"BreadcrumbList\",\"@id\":\"https:\/\/evertonfc.cz\/index.php\/2018\/05\/30\/onyekuru-bude-muset-na-hostovani-i-v-nadchazejici-sezone\/#breadcrumb\",\"itemListElement\":[{\"@type\":\"ListItem\",\"position\":1,\"name\":\"Home\",\"item\":\"https:\/\/evertonfc.cz\/\"},{\"@type\":\"ListItem\",\"position\":2,\"name\":\"Onyekuru bude muset na hostov\u00e1n\u00ed i v nadch\u00e1zej\u00edc\u00ed sez\u00f3n\u011b\"}]},{\"@type\":\"WebSite\",\"@id\":\"https:\/\/evertonfc.cz\/#website\",\"url\":\"https:\/\/evertonfc.cz\/\",\"name\":\"Official Czech &amp; Slovak Everton Supporters&#039; Club\",\"description\":\"\",\"publisher\":{\"@id\":\"https:\/\/evertonfc.cz\/#organization\"},\"potentialAction\":[{\"@type\":\"SearchAction\",\"target\":{\"@type\":\"EntryPoint\",\"urlTemplate\":\"https:\/\/evertonfc.cz\/?s={search_term_string}\"},\"query-input\":{\"@type\":\"PropertyValueSpecification\",\"valueRequired\":true,\"valueName\":\"search_term_string\"}}],\"inLanguage\":\"cs\"},{\"@type\":\"Organization\",\"@id\":\"https:\/\/evertonfc.cz\/#organization\",\"name\":\"Official Czech & Slovak Everton Supporters' Club\",\"url\":\"https:\/\/evertonfc.cz\/\",\"logo\":{\"@type\":\"ImageObject\",\"inLanguage\":\"cs\",\"@id\":\"https:\/\/evertonfc.cz\/#\/schema\/logo\/image\/\",\"url\":\"https:\/\/evertonfc.cz\/wp-content\/uploads\/2019\/05\/logo.png\",\"contentUrl\":\"https:\/\/evertonfc.cz\/wp-content\/uploads\/2019\/05\/logo.png\",\"width\":112,\"height\":112,\"caption\":\"Official Czech & Slovak Everton Supporters' Club\"},\"image\":{\"@id\":\"https:\/\/evertonfc.cz\/#\/schema\/logo\/image\/\"},\"sameAs\":[\"https:\/\/www.facebook.com\/everton.fans.cz.sk\"]},{\"@type\":\"Person\",\"@id\":\"https:\/\/evertonfc.cz\/#\/schema\/person\/f7a5daedb2ffee98480bc70e191aaef1\",\"name\":\"Ri\u010di\",\"sameAs\":[\"https:\/\/x.com\/rbrejsa\"],\"url\":\"https:\/\/evertonfc.cz\/index.php\/author\/rici\/\"}]}<\/script>\n<!-- \/ Yoast SEO plugin. -->","yoast_head_json":{"title":"Onyekuru bude muset na hostov\u00e1n\u00ed i v nadch\u00e1zej\u00edc\u00ed sez\u00f3n\u011b - Official Czech &amp; Slovak Everton Supporters&#039; Club","robots":{"index":"index","follow":"follow","max-snippet":"max-snippet:-1","max-image-preview":"max-image-preview:large","max-video-preview":"max-video-preview:-1"},"canonical":"https:\/\/evertonfc.cz\/index.php\/2018\/05\/30\/onyekuru-bude-muset-na-hostovani-i-v-nadchazejici-sezone\/","og_locale":"cs_CZ","og_type":"article","og_title":"Onyekuru bude muset na hostov\u00e1n\u00ed i v nadch\u00e1zej\u00edc\u00ed sez\u00f3n\u011b - Official Czech &amp; Slovak Everton Supporters&#039; Club","og_description":"Henry Onyekuru se neve\u0161el do nominace Nig\u00e9rie na MS, a tak ani v leto\u0161n\u00edm l\u00e9t\u011b nedostane od britsk\u00fdch \u00fa\u0159ad\u016f pracovn\u00ed&hellip;","og_url":"https:\/\/evertonfc.cz\/index.php\/2018\/05\/30\/onyekuru-bude-muset-na-hostovani-i-v-nadchazejici-sezone\/","og_site_name":"Official Czech &amp; Slovak Everton Supporters&#039; Club","article_publisher":"https:\/\/www.facebook.com\/everton.fans.cz.sk","article_published_time":"2018-05-30T18:33:25+00:00","article_modified_time":"2019-02-10T14:43:19+00:00","og_image":[{"width":720,"height":405,"url":"https:\/\/evertonfc.cz\/wp-content\/uploads\/2019\/01\/oneykuru_30_5_2018.jpg","type":"image\/jpeg"}],"author":"Ri\u010di","twitter_card":"summary_large_image","twitter_creator":"@rbrejsa","twitter_misc":{"Napsal(a)":"Ri\u010di","Odhadovan\u00e1 doba \u010dten\u00ed":"1 minuta"},"schema":{"@context":"https:\/\/schema.org","@graph":[{"@type":"Article","@id":"https:\/\/evertonfc.cz\/index.php\/2018\/05\/30\/onyekuru-bude-muset-na-hostovani-i-v-nadchazejici-sezone\/#article","isPartOf":{"@id":"https:\/\/evertonfc.cz\/index.php\/2018\/05\/30\/onyekuru-bude-muset-na-hostovani-i-v-nadchazejici-sezone\/"},"author":{"name":"Ri\u010di","@id":"https:\/\/evertonfc.cz\/#\/schema\/person\/f7a5daedb2ffee98480bc70e191aaef1"},"headline":"Onyekuru bude muset na hostov\u00e1n\u00ed i v nadch\u00e1zej\u00edc\u00ed sez\u00f3n\u011b","datePublished":"2018-05-30T18:33:25+00:00","dateModified":"2019-02-10T14:43:19+00:00","mainEntityOfPage":{"@id":"https:\/\/evertonfc.cz\/index.php\/2018\/05\/30\/onyekuru-bude-muset-na-hostovani-i-v-nadchazejici-sezone\/"},"wordCount":263,"commentCount":0,"publisher":{"@id":"https:\/\/evertonfc.cz\/#organization"},"image":{"@id":"https:\/\/evertonfc.cz\/index.php\/2018\/05\/30\/onyekuru-bude-muset-na-hostovani-i-v-nadchazejici-sezone\/#primaryimage"},"thumbnailUrl":"https:\/\/evertonfc.cz\/wp-content\/uploads\/2019\/01\/oneykuru_30_5_2018.jpg","articleSection":["Aktuality"],"inLanguage":"cs","potentialAction":[{"@type":"CommentAction","name":"Comment","target":["https:\/\/evertonfc.cz\/index.php\/2018\/05\/30\/onyekuru-bude-muset-na-hostovani-i-v-nadchazejici-sezone\/#respond"]}]},{"@type":"WebPage","@id":"https:\/\/evertonfc.cz\/index.php\/2018\/05\/30\/onyekuru-bude-muset-na-hostovani-i-v-nadchazejici-sezone\/","url":"https:\/\/evertonfc.cz\/index.php\/2018\/05\/30\/onyekuru-bude-muset-na-hostovani-i-v-nadchazejici-sezone\/","name":"Onyekuru bude muset na hostov\u00e1n\u00ed i v nadch\u00e1zej\u00edc\u00ed sez\u00f3n\u011b - Official Czech &amp; Slovak Everton Supporters&#039; Club","isPartOf":{"@id":"https:\/\/evertonfc.cz\/#website"},"primaryImageOfPage":{"@id":"https:\/\/evertonfc.cz\/index.php\/2018\/05\/30\/onyekuru-bude-muset-na-hostovani-i-v-nadchazejici-sezone\/#primaryimage"},"image":{"@id":"https:\/\/evertonfc.cz\/index.php\/2018\/05\/30\/onyekuru-bude-muset-na-hostovani-i-v-nadchazejici-sezone\/#primaryimage"},"thumbnailUrl":"https:\/\/evertonfc.cz\/wp-content\/uploads\/2019\/01\/oneykuru_30_5_2018.jpg","datePublished":"2018-05-30T18:33:25+00:00","dateModified":"2019-02-10T14:43:19+00:00","breadcrumb":{"@id":"https:\/\/evertonfc.cz\/index.php\/2018\/05\/30\/onyekuru-bude-muset-na-hostovani-i-v-nadchazejici-sezone\/#breadcrumb"},"inLanguage":"cs","potentialAction":[{"@type":"ReadAction","target":["https:\/\/evertonfc.cz\/index.php\/2018\/05\/30\/onyekuru-bude-muset-na-hostovani-i-v-nadchazejici-sezone\/"]}]},{"@type":"ImageObject","inLanguage":"cs","@id":"https:\/\/evertonfc.cz\/index.php\/2018\/05\/30\/onyekuru-bude-muset-na-hostovani-i-v-nadchazejici-sezone\/#primaryimage","url":"https:\/\/evertonfc.cz\/wp-content\/uploads\/2019\/01\/oneykuru_30_5_2018.jpg","contentUrl":"https:\/\/evertonfc.cz\/wp-content\/uploads\/2019\/01\/oneykuru_30_5_2018.jpg","width":720,"height":405},{"@type":"BreadcrumbList","@id":"https:\/\/evertonfc.cz\/index.php\/2018\/05\/30\/onyekuru-bude-muset-na-hostovani-i-v-nadchazejici-sezone\/#breadcrumb","itemListElement":[{"@type":"ListItem","position":1,"name":"Home","item":"https:\/\/evertonfc.cz\/"},{"@type":"ListItem","position":2,"name":"Onyekuru bude muset na hostov\u00e1n\u00ed i v nadch\u00e1zej\u00edc\u00ed sez\u00f3n\u011b"}]},{"@type":"WebSite","@id":"https:\/\/evertonfc.cz\/#website","url":"https:\/\/evertonfc.cz\/","name":"Official Czech &amp; Slovak Everton Supporters&#039; Club","description":"","publisher":{"@id":"https:\/\/evertonfc.cz\/#organization"},"potentialAction":[{"@type":"SearchAction","target":{"@type":"EntryPoint","urlTemplate":"https:\/\/evertonfc.cz\/?s={search_term_string}"},"query-input":{"@type":"PropertyValueSpecification","valueRequired":true,"valueName":"search_term_string"}}],"inLanguage":"cs"},{"@type":"Organization","@id":"https:\/\/evertonfc.cz\/#organization","name":"Official Czech & Slovak Everton Supporters' Club","url":"https:\/\/evertonfc.cz\/","logo":{"@type":"ImageObject","inLanguage":"cs","@id":"https:\/\/evertonfc.cz\/#\/schema\/logo\/image\/","url":"https:\/\/evertonfc.cz\/wp-content\/uploads\/2019\/05\/logo.png","contentUrl":"https:\/\/evertonfc.cz\/wp-content\/uploads\/2019\/05\/logo.png","width":112,"height":112,"caption":"Official Czech & Slovak Everton Supporters' Club"},"image":{"@id":"https:\/\/evertonfc.cz\/#\/schema\/logo\/image\/"},"sameAs":["https:\/\/www.facebook.com\/everton.fans.cz.sk"]},{"@type":"Person","@id":"https:\/\/evertonfc.cz\/#\/schema\/person\/f7a5daedb2ffee98480bc70e191aaef1","name":"Ri\u010di","sameAs":["https:\/\/x.com\/rbrejsa"],"url":"https:\/\/evertonfc.cz\/index.php\/author\/rici\/"}]}},"_links":{"self":[{"href":"https:\/\/evertonfc.cz\/index.php\/wp-json\/wp\/v2\/posts\/2038"}],"collection":[{"href":"https:\/\/evertonfc.cz\/index.php\/wp-json\/wp\/v2\/posts"}],"about":[{"href":"https:\/\/evertonfc.cz\/index.php\/wp-json\/wp\/v2\/types\/post"}],"author":[{"embeddable":true,"href":"https:\/\/evertonfc.cz\/index.php\/wp-json\/wp\/v2\/users\/6"}],"replies":[{"embeddable":true,"href":"https:\/\/evertonfc.cz\/index.php\/wp-json\/wp\/v2\/comments?post=2038"}],"version-history":[{"count":2,"href":"https:\/\/evertonfc.cz\/index.php\/wp-json\/wp\/v2\/posts\/2038\/revisions"}],"predecessor-version":[{"id":3009,"href":"https:\/\/evertonfc.cz\/index.php\/wp-json\/wp\/v2\/posts\/2038\/revisions\/3009"}],"wp:featuredmedia":[{"embeddable":true,"href":"https:\/\/evertonfc.cz\/index.php\/wp-json\/wp\/v2\/media\/2019"}],"wp:attachment":[{"href":"https:\/\/evertonfc.cz\/index.php\/wp-json\/wp\/v2\/media?parent=2038"}],"wp:term":[{"taxonomy":"category","embeddable":true,"href":"https:\/\/evertonfc.cz\/index.php\/wp-json\/wp\/v2\/categories?post=2038"},{"taxonomy":"post_tag","embeddable":true,"href":"https:\/\/evertonfc.cz\/index.php\/wp-json\/wp\/v2\/tags?post=2038"}],"curies":[{"name":"wp","href":"https:\/\/api.w.org\/{rel}","templated":true}]}}