{"id":20382,"date":"2022-11-22T22:40:40","date_gmt":"2022-11-22T21:40:40","guid":{"rendered":"https:\/\/evertonfc.cz\/?p=20382"},"modified":"2022-11-25T11:16:15","modified_gmt":"2022-11-25T10:16:15","slug":"everton-w-manchester-city-w-12-predbezna-zprava","status":"publish","type":"post","link":"https:\/\/evertonfc.cz\/index.php\/2022\/11\/22\/everton-w-manchester-city-w-12-predbezna-zprava\/","title":{"rendered":"Everton W &#8211; Manchester City W 1:2"},"content":{"rendered":"<h4>S Citizens n\u00e1m to nevy\u0161lo ani na 13. pokus a op\u011bt jsme neuhr\u00e1li ani bod. Se \u0161t\u011bst\u00edm jsme na dom\u00e1c\u00ed p\u016fd\u011b uhr\u00e1li jen opticky p\u0159ijateln\u00e9 sk\u00f3re. P\u0159esto je mana\u017eer\u00a0 nalad\u011bn m\u00edrn\u011b optimisticky.<\/h4>\n<p>Se \u017ehav\u00fdmi kandid\u00e1ty na ligov\u00e9, poh\u00e1rov\u00e9 i evropsk\u00e9 vav\u0159\u00edny n\u00e1m z\u00e1pasy nejdou. A potvrdilo to i ned\u011bln\u00ed st\u0159etnut\u00ed. Zat\u00edmco mu\u017esk\u00fd t\u00fdm Evertonu si zah\u0159\u00edv\u00e1 svaly udr\u017eovac\u00edm tr\u00e9ninkem nebo se sma\u017e\u00ed pod katarsk\u00fdm sluncem, n\u00e1\u0161 \u017eensk\u00fd t\u00fdm se \u0159\u00e1dn\u011b zapotil v listopadov\u00e9m odpoledni Walton Hall Park. Sestava byla oproti klasice pozm\u011bn\u011bna Ramsey v brance a po del\u0161\u00ed dob\u011b znovu od za\u010d\u00e1tku nastoupiv\u0161\u00ed Galli. Jak b\u00fdv\u00e1 zvykem, i v \u0159ad\u00e1ch soupe\u0159ek se objevily exevertonsk\u00e9 tv\u00e1\u0159e: mezi ty\u010de nastoupila mezi ty\u010de je\u0161t\u011b ned\u00e1vno na\u0161e MacIver a na\u0161e obrann\u00e9 \u0159ady prov\u011btr\u00e1vala Chloe Kelly. Na Merseyside obl\u00edben\u00e1 Hayley Raso byla ze sestavy vynech\u00e1na.<\/p>\n<h4>Prvn\u00ed polo\u010das<\/h4>\n<p>Od za\u010d\u00e1tku bylo jasn\u00e9, pro\u010d maj\u00ed Citizens na sv\u00e9m kont\u011b letos \u0161\u0148\u016fru p\u011bti v\u00edt\u011bzstv\u00ed a tak\u00e9, \u017ee se nechystaj\u00ed ji jen tak p\u0159eru\u0161it. \u00dato\u010dn\u00e9 duo Shaw &#8211; Blakstad bylo pro na\u0161\u00ed br\u00e1nu neust\u00e1lou hrozbou. \u010casn\u00fd z\u00e1krok Ramsey p\u0159i st\u0159ele Kelly v \u00favodu z\u00e1pasu na chv\u00edli vzbudil nad\u011bje Evertonians. Galli se ne\u00fanavn\u011b sna\u017eila zt\u011b\u017eovat \u017eivot zadn\u00edm \u0159ad\u00e1m bled\u011bmodr\u00fdch. Svoj\u00ed snahu nakonec zavr\u0161ila st\u0159elou, bohu\u017eel mimo br\u00e1nu.<\/p>\n<p>Mr\u0161tnost Emilly Ramsey v brance,\u00a0 velk\u00e1 porce \u0161t\u011bst\u00ed a p\u0159\u00edhodn\u011b postaven\u00e1 brankov\u00e1 konstrukce n\u00e1s uchr\u00e1nili od inkasovan\u00e9 branky a\u017e do 32. minuty. V tomto \u010dase vyslala Coombs dlouhou p\u0159ihr\u00e1vku Shaw, pro kterou p\u0159i absenci na\u0161\u00ed obrany nebyl probl\u00e9m dob\u011bhnout s m\u00ed\u010dem p\u0159ed v\u00e1pno. Zde krosem p\u0159enesla m\u00ed\u010d doleva na nab\u00edhaj\u00edc\u00ed Blakstad, kter\u00e1 z prvn\u00ed doklepla bal\u00f3n do moment\u00e1ln\u011b pr\u00e1zdn\u00e9 branky &#8211; <strong>0:1<\/strong>.<\/p>\n<p>Klapnut\u00ed napr\u00e1zdno na\u0161\u00ed ofsajdov\u00e9 pasti bylo t\u00e9m\u011b\u0159 sly\u0161et z reproduktor\u016f PC. Sympatick\u00e9 bylo, \u017ee jsme nepropadli panice a ve 40. minut\u011b dok\u00e1zali sn\u00ed\u017eit. Po rohu si na vyra\u017een\u00fd m\u00ed\u010d (d\u00edky, Sandy!) nasko\u010dila Sevecke a z\u00e1hadn\u00fdm zp\u016fsobem se j\u00ed hlavou poda\u0159ilo dopravit jej do br\u00e1ny &#8211; <strong>1:1<\/strong>.<\/p>\n<h4>Druh\u00fd polo\u010das<\/h4>\n<p>Po p\u0159est\u00e1vce uk\u00e1zala Shaw \u017ee i v p\u00e1t\u00e9m z\u00e1pase v \u0159ad\u011b chce st\u0159elit branku, ale protentokr\u00e1t byla vychyt\u00e1na. Nicm\u00e9n\u011b o chv\u00edli pozd\u011bji u\u017e bez v\u00e1h\u00e1n\u00ed dorazila za z\u00e1da Ramsey st\u0159elu Coombs odra\u017eenou od ty\u010de &#8211; <strong>1:2<\/strong>. Chv\u00e1lu zaslou\u017e\u00ed, \u017ee ani po tomto \u00faderu jsme se nesesypali, ale naopak se sna\u017eili sk\u00f3re zvr\u00e1tit na svoj\u00ed stranu. Bylo ov\u0161em bolestn\u011b zjevn\u00e9, \u017ee bojovnost n\u00e1m sice nechyb\u00ed, ale na \u00fa\u010dinnou akci n\u00e1m p\u0159eci jen chyb\u00ed rychlost i technick\u00e9 schopnosti. Absence Park, kter\u00e1 nemohla nastoupit proti sv\u00e9mu mate\u0159sk\u00e9mu klubu byla citeln\u00e1. Vidli jsme i st\u0159elu Kelly n\u016f\u017ekami p\u0159es hlavu, kter\u00e1 m\u00e1lem vedla ke t\u0159et\u00edmu g\u00f3lu host\u00ed. Na\u0161t\u011bst\u00ed byla Ramsey z\u00e1zrakem schopna kr\u00fdt dor\u00e1\u017eku Blakstad. Za Everton se nyn\u00ed ji\u017e ojedin\u011blou st\u0159elou na br\u00e1nu prezentovala Beever-Jones, nicm\u00e9n\u011b jej\u00ed vla\u017en\u00fd pokus skon\u010dil na zevn\u00ed stran\u011b bo\u010dn\u00ed s\u00edt\u011b.<\/p>\n<h4>Doslov<\/h4>\n<p>T\u0159i body jsme sice hostk\u00e1m nedali zadarmo, p\u0159esto n\u00e1s prohra st\u00e1la pokles na 7. m\u00edsto tabulky. Manchester City p\u0159es zav\u00e1h\u00e1n\u00ed v \u00favodn\u00edm ligov\u00e9m kole postupuje leto\u0161n\u00ed sez\u00f3nou suver\u00e9nn\u011b a moc lep\u0161\u00edch t\u00fdm\u016f letos nejsp\u00ed\u0161 nepotk\u00e1me. Co\u017e je dob\u0159e, proto\u017ee nem\u00e1me, jak se jim vyrovnat, nato\u017e pak jak je porazit. V\u00edt\u011bzstv\u00ed bychom velmi pot\u0159ebovali, nejen pro bodov\u00fd zisk. V sobotu 26. 11. hrajeme venku poh\u00e1rov\u00e9 utk\u00e1n\u00ed s Blades, kdy snad lze doufat v \u00fasp\u011bch. V lize ov\u0161em\u00a0 vz\u00e1p\u011bt\u00ed n\u00e1sleduj\u00ed ma\u010de s Arsenalem a MUTD. Jak\u00fdkoliv bodov\u00fd zisk z t\u011bchto z\u00e1pas\u016f by byl\u00a0 pro n\u00e1s \u00fasp\u011bchem. <span style=\"color: #0000ff;\"><strong>COYB!\u00a0<\/strong><\/span><\/p>\n<p style=\"text-align: right;\"><span style=\"font-size: 8pt;\"><em>Fotografie: Sevecke v rukavi\u010dk\u00fdch pr\u00e1v\u011b sk\u00f3rovala (zdroj: GettyImages)<\/em><\/span><\/p>\n<p><strong>Statistika:<\/strong> Dr\u017een\u00ed m\u00ed\u010de: 48% : 52%, st\u0159ely 7:25 (na br\u00e1nu 4:8)<\/p>\n<p><strong>Branky:<\/strong> Sevecke (40\u00b4) &#8211; Blakstad (32\u00b4), Shaw (49\u00b4)<\/p>\n<p><strong>Everton (5-3-2): <\/strong>Ramsey; <span class=\"sp-c-lineup-pitch__player\" data-reactid=\".jlqkumzexq.0.0.0.1.$include-31.0.0.1:$panel-0.$0.0.0.0.2.0.0.1:$home-formation-row-1.$home-player-0\"><span class=\"sp-c-lineup-pitch__player__name gs-u-display-block@xs \" data-reactid=\".jlqkumzexq.0.0.0.1.$include-31.0.0.1:$panel-0.$0.0.0.0.2.0.0.1:$home-formation-row-1.$home-player-0.1\">Graham, <\/span><\/span><span class=\"sp-c-lineup-pitch__player\" data-reactid=\".jlqkumzexq.0.0.0.1.$include-31.0.0.1:$panel-0.$0.0.0.0.2.0.0.1:$home-formation-row-1.$home-player-1\"><span class=\"sp-c-lineup-pitch__player__name gs-u-display-block@xs \" data-reactid=\".jlqkumzexq.0.0.0.1.$include-31.0.0.1:$panel-0.$0.0.0.0.2.0.0.1:$home-formation-row-1.$home-player-1.1\">Finnigan, <\/span><\/span><span class=\"sp-c-lineup-pitch__player\" data-reactid=\".jlqkumzexq.0.0.0.1.$include-31.0.0.1:$panel-0.$0.0.0.0.2.0.0.1:$home-formation-row-1.$home-player-2\"><span class=\"sp-c-lineup-pitch__player__name gs-u-display-block@xs \" data-reactid=\".jlqkumzexq.0.0.0.1.$include-31.0.0.1:$panel-0.$0.0.0.0.2.0.0.1:$home-formation-row-1.$home-player-2.1\">Sevecke, <\/span><\/span><span class=\"sp-c-lineup-pitch__player\" data-reactid=\".jlqkumzexq.0.0.0.1.$include-31.0.0.1:$panel-0.$0.0.0.0.2.0.0.1:$home-formation-row-1.$home-player-3\"><span class=\"sp-c-lineup-pitch__player__name gs-u-display-block@xs \" data-reactid=\".jlqkumzexq.0.0.0.1.$include-31.0.0.1:$panel-0.$0.0.0.0.2.0.0.1:$home-formation-row-1.$home-player-3.1\">George, <\/span><\/span><span class=\"sp-c-lineup-pitch__player\" data-reactid=\".jlqkumzexq.0.0.0.1.$include-31.0.0.1:$panel-0.$0.0.0.0.2.0.0.1:$home-formation-row-1.$home-player-4\"><span class=\"sp-c-lineup-pitch__player__name gs-u-display-block@xs \" data-reactid=\".jlqkumzexq.0.0.0.1.$include-31.0.0.1:$panel-0.$0.0.0.0.2.0.0.1:$home-formation-row-1.$home-player-4.1\">Stenevik (<span data-reactid=\".jlqkumzexq.0.0.0.1.$include-31.0.0.1:$panel-0.$0.0.0.0.3.$5PO226720.2.$0.4\">Majer 76&#8242;)<\/span>; Bj\u00f6rn, Holmgaard (<abbr title=\"Agnes Beever-Jones\" data-reactid=\".jlqkumzexq.0.0.0.1.$include-31.0.0.1:$panel-0.$0.0.0.0.3.$7PO212923.2.$0.2\"><span data-reactid=\".jlqkumzexq.0.0.0.1.$include-31.0.0.1:$panel-0.$0.0.0.0.3.$7PO212923.2.$0.2.0\">Beever-<\/span><\/abbr><span data-reactid=\".jlqkumzexq.0.0.0.1.$include-31.0.0.1:$panel-0.$0.0.0.0.3.$7PO212923.2.$0.4\">Jones 45&#8242;<\/span><span class=\"gs-u-vh\" data-reactid=\".jlqkumzexq.0.0.0.1.$include-31.0.0.1:$panel-0.$0.0.0.0.3.$7PO212923.2.$0.5\">)<\/span>, Galli (<abbr title=\"Gio\" data-reactid=\".jlqkumzexq.0.0.0.1.$include-31.0.0.1:$panel-0.$0.0.0.0.3.$8PO180983.2.$0.2\"><span data-reactid=\".jlqkumzexq.0.0.0.1.$include-31.0.0.1:$panel-0.$0.0.0.0.3.$8PO180983.2.$0.2.0\">Queiroz Costa <\/span><\/abbr><span data-reactid=\".jlqkumzexq.0.0.0.1.$include-31.0.0.1:$panel-0.$0.0.0.0.3.$8PO180983.2.$0.4\">\u00a066&#8242;<\/span><span class=\"gs-u-vh\" data-reactid=\".jlqkumzexq.0.0.0.1.$include-31.0.0.1:$panel-0.$0.0.0.0.3.$8PO180983.2.$0.5\">)<\/span>; Bennison (Wheeler 66\u00b4), Snoeijs<\/span><\/span><\/p>\n<p><strong>Manchester City (4-3-3): <\/strong>MacIver; <span class=\"sp-c-lineup-pitch__player\" data-reactid=\".jlqkumzexq.0.0.0.1.$include-31.0.0.1:$panel-0.$0.0.0.1.2.0.0.1:$away-formation-row-1.$away-player-0\"><span class=\"sp-c-lineup-pitch__player__name gs-u-display-block@xs \" data-reactid=\".jlqkumzexq.0.0.0.1.$include-31.0.0.1:$panel-0.$0.0.0.1.2.0.0.1:$away-formation-row-1.$away-player-0.1\">Casparij, <\/span><\/span><span class=\"sp-c-lineup-pitch__player\" data-reactid=\".jlqkumzexq.0.0.0.1.$include-31.0.0.1:$panel-0.$0.0.0.1.2.0.0.1:$away-formation-row-1.$away-player-1\"><span class=\"sp-c-lineup-pitch__player__name gs-u-display-block@xs \" data-reactid=\".jlqkumzexq.0.0.0.1.$include-31.0.0.1:$panel-0.$0.0.0.1.2.0.0.1:$away-formation-row-1.$away-player-1.1\">Aleixandri, <\/span><\/span><span class=\"sp-c-lineup-pitch__player\" data-reactid=\".jlqkumzexq.0.0.0.1.$include-31.0.0.1:$panel-0.$0.0.0.1.2.0.0.1:$away-formation-row-1.$away-player-2\"><span class=\"sp-c-lineup-pitch__player__name gs-u-display-block@xs \" data-reactid=\".jlqkumzexq.0.0.0.1.$include-31.0.0.1:$panel-0.$0.0.0.1.2.0.0.1:$away-formation-row-1.$away-player-2.1\">Morgan, <\/span><\/span><span class=\"sp-c-lineup-pitch__player\" data-reactid=\".jlqkumzexq.0.0.0.1.$include-31.0.0.1:$panel-0.$0.0.0.1.2.0.0.1:$away-formation-row-1.$away-player-3\"><span class=\"sp-c-lineup-pitch__player__name gs-u-display-block@xs \" data-reactid=\".jlqkumzexq.0.0.0.1.$include-31.0.0.1:$panel-0.$0.0.0.1.2.0.0.1:$away-formation-row-1.$away-player-3.1\">Ouahabi; Hasegawa, Castellanos, Coombs (Fowler 82\u00b4), Kelly, Shaw, Blakstad<\/span><\/span><\/p>\n<p><strong>Rozhod\u010d\u00ed:<\/strong> Emily Heaslip<\/p>\n","protected":false},"excerpt":{"rendered":"<p>S Citizens n\u00e1m to nevy\u0161lo ani na 13. pokus a op\u011bt jsme neuhr\u00e1li ani bod. Se \u0161t\u011bst\u00edm jsme na dom\u00e1c\u00ed p\u016fd\u011b uhr\u00e1li jen opticky p\u0159ijateln\u00e9 sk\u00f3re. P\u0159esto je mana\u017eer\u00a0 nalad\u011bn m\u00edrn\u011b optimisticky.<\/p>\n","protected":false},"author":26,"featured_media":20384,"comment_status":"open","ping_status":"closed","sticky":false,"template":"","format":"standard","meta":{"_eb_attr":"","_monsterinsights_skip_tracking":false,"_monsterinsights_sitenote_active":false,"_monsterinsights_sitenote_note":"","_monsterinsights_sitenote_category":0,"footnotes":""},"categories":[110],"tags":[],"yoast_head":"<!-- This site is optimized with the Yoast SEO plugin v23.4 - https:\/\/yoast.com\/wordpress\/plugins\/seo\/ -->\n<title>Everton W - Manchester City W 1:2 - Official Czech &amp; Slovak Everton Supporters&#039; Club<\/title>\n<meta name=\"robots\" content=\"index, follow, max-snippet:-1, max-image-preview:large, max-video-preview:-1\" \/>\n<link rel=\"canonical\" href=\"https:\/\/evertonfc.cz\/index.php\/2022\/11\/22\/everton-w-manchester-city-w-12-predbezna-zprava\/\" \/>\n<meta property=\"og:locale\" content=\"cs_CZ\" \/>\n<meta property=\"og:type\" content=\"article\" \/>\n<meta property=\"og:title\" content=\"Everton W - Manchester City W 1:2 - Official Czech &amp; Slovak Everton Supporters&#039; Club\" \/>\n<meta property=\"og:description\" content=\"S Citizens n\u00e1m to nevy\u0161lo ani na 13. pokus a op\u011bt jsme neuhr\u00e1li ani bod. Se \u0161t\u011bst\u00edm jsme na dom\u00e1c\u00ed p\u016fd\u011b uhr\u00e1li jen opticky p\u0159ijateln\u00e9 sk\u00f3re. P\u0159esto je mana\u017eer\u00a0 nalad\u011bn m\u00edrn\u011b optimisticky.\" \/>\n<meta property=\"og:url\" content=\"https:\/\/evertonfc.cz\/index.php\/2022\/11\/22\/everton-w-manchester-city-w-12-predbezna-zprava\/\" \/>\n<meta property=\"og:site_name\" content=\"Official Czech &amp; Slovak Everton Supporters&#039; Club\" \/>\n<meta property=\"article:publisher\" content=\"https:\/\/www.facebook.com\/everton.fans.cz.sk\" \/>\n<meta property=\"article:published_time\" content=\"2022-11-22T21:40:40+00:00\" \/>\n<meta property=\"article:modified_time\" content=\"2022-11-25T10:16:15+00:00\" \/>\n<meta property=\"og:image\" content=\"https:\/\/evertonfc.cz\/wp-content\/uploads\/2022\/11\/Everton-vs-MCFC-web-20_11_2022.jpg\" \/>\n\t<meta property=\"og:image:width\" content=\"720\" \/>\n\t<meta property=\"og:image:height\" content=\"405\" \/>\n\t<meta property=\"og:image:type\" content=\"image\/jpeg\" \/>\n<meta name=\"author\" content=\"Karamela\" \/>\n<meta name=\"twitter:card\" content=\"summary_large_image\" \/>\n<meta name=\"twitter:label1\" content=\"Napsal(a)\" \/>\n\t<meta name=\"twitter:data1\" content=\"Karamela\" \/>\n\t<meta name=\"twitter:label2\" content=\"Odhadovan\u00e1 doba \u010dten\u00ed\" \/>\n\t<meta name=\"twitter:data2\" content=\"4 minuty\" \/>\n<script type=\"application\/ld+json\" class=\"yoast-schema-graph\">{\"@context\":\"https:\/\/schema.org\",\"@graph\":[{\"@type\":\"Article\",\"@id\":\"https:\/\/evertonfc.cz\/index.php\/2022\/11\/22\/everton-w-manchester-city-w-12-predbezna-zprava\/#article\",\"isPartOf\":{\"@id\":\"https:\/\/evertonfc.cz\/index.php\/2022\/11\/22\/everton-w-manchester-city-w-12-predbezna-zprava\/\"},\"author\":{\"name\":\"Karamela\",\"@id\":\"https:\/\/evertonfc.cz\/#\/schema\/person\/e9a24a80a32efa1344dd2c4e5882185c\"},\"headline\":\"Everton W &#8211; Manchester City W 1:2\",\"datePublished\":\"2022-11-22T21:40:40+00:00\",\"dateModified\":\"2022-11-25T10:16:15+00:00\",\"mainEntityOfPage\":{\"@id\":\"https:\/\/evertonfc.cz\/index.php\/2022\/11\/22\/everton-w-manchester-city-w-12-predbezna-zprava\/\"},\"wordCount\":797,\"commentCount\":0,\"publisher\":{\"@id\":\"https:\/\/evertonfc.cz\/#organization\"},\"image\":{\"@id\":\"https:\/\/evertonfc.cz\/index.php\/2022\/11\/22\/everton-w-manchester-city-w-12-predbezna-zprava\/#primaryimage\"},\"thumbnailUrl\":\"https:\/\/evertonfc.cz\/wp-content\/uploads\/2022\/11\/Everton-vs-MCFC-web-20_11_2022.jpg\",\"articleSection\":[\"Everton Women\"],\"inLanguage\":\"cs\",\"potentialAction\":[{\"@type\":\"CommentAction\",\"name\":\"Comment\",\"target\":[\"https:\/\/evertonfc.cz\/index.php\/2022\/11\/22\/everton-w-manchester-city-w-12-predbezna-zprava\/#respond\"]}]},{\"@type\":\"WebPage\",\"@id\":\"https:\/\/evertonfc.cz\/index.php\/2022\/11\/22\/everton-w-manchester-city-w-12-predbezna-zprava\/\",\"url\":\"https:\/\/evertonfc.cz\/index.php\/2022\/11\/22\/everton-w-manchester-city-w-12-predbezna-zprava\/\",\"name\":\"Everton W - Manchester City W 1:2 - Official Czech &amp; Slovak Everton Supporters&#039; Club\",\"isPartOf\":{\"@id\":\"https:\/\/evertonfc.cz\/#website\"},\"primaryImageOfPage\":{\"@id\":\"https:\/\/evertonfc.cz\/index.php\/2022\/11\/22\/everton-w-manchester-city-w-12-predbezna-zprava\/#primaryimage\"},\"image\":{\"@id\":\"https:\/\/evertonfc.cz\/index.php\/2022\/11\/22\/everton-w-manchester-city-w-12-predbezna-zprava\/#primaryimage\"},\"thumbnailUrl\":\"https:\/\/evertonfc.cz\/wp-content\/uploads\/2022\/11\/Everton-vs-MCFC-web-20_11_2022.jpg\",\"datePublished\":\"2022-11-22T21:40:40+00:00\",\"dateModified\":\"2022-11-25T10:16:15+00:00\",\"breadcrumb\":{\"@id\":\"https:\/\/evertonfc.cz\/index.php\/2022\/11\/22\/everton-w-manchester-city-w-12-predbezna-zprava\/#breadcrumb\"},\"inLanguage\":\"cs\",\"potentialAction\":[{\"@type\":\"ReadAction\",\"target\":[\"https:\/\/evertonfc.cz\/index.php\/2022\/11\/22\/everton-w-manchester-city-w-12-predbezna-zprava\/\"]}]},{\"@type\":\"ImageObject\",\"inLanguage\":\"cs\",\"@id\":\"https:\/\/evertonfc.cz\/index.php\/2022\/11\/22\/everton-w-manchester-city-w-12-predbezna-zprava\/#primaryimage\",\"url\":\"https:\/\/evertonfc.cz\/wp-content\/uploads\/2022\/11\/Everton-vs-MCFC-web-20_11_2022.jpg\",\"contentUrl\":\"https:\/\/evertonfc.cz\/wp-content\/uploads\/2022\/11\/Everton-vs-MCFC-web-20_11_2022.jpg\",\"width\":720,\"height\":405},{\"@type\":\"BreadcrumbList\",\"@id\":\"https:\/\/evertonfc.cz\/index.php\/2022\/11\/22\/everton-w-manchester-city-w-12-predbezna-zprava\/#breadcrumb\",\"itemListElement\":[{\"@type\":\"ListItem\",\"position\":1,\"name\":\"Home\",\"item\":\"https:\/\/evertonfc.cz\/\"},{\"@type\":\"ListItem\",\"position\":2,\"name\":\"Everton W &#8211; Manchester City W 1:2\"}]},{\"@type\":\"WebSite\",\"@id\":\"https:\/\/evertonfc.cz\/#website\",\"url\":\"https:\/\/evertonfc.cz\/\",\"name\":\"Official Czech &amp; Slovak Everton Supporters&#039; Club\",\"description\":\"\",\"publisher\":{\"@id\":\"https:\/\/evertonfc.cz\/#organization\"},\"potentialAction\":[{\"@type\":\"SearchAction\",\"target\":{\"@type\":\"EntryPoint\",\"urlTemplate\":\"https:\/\/evertonfc.cz\/?s={search_term_string}\"},\"query-input\":{\"@type\":\"PropertyValueSpecification\",\"valueRequired\":true,\"valueName\":\"search_term_string\"}}],\"inLanguage\":\"cs\"},{\"@type\":\"Organization\",\"@id\":\"https:\/\/evertonfc.cz\/#organization\",\"name\":\"Official Czech & Slovak Everton Supporters' Club\",\"url\":\"https:\/\/evertonfc.cz\/\",\"logo\":{\"@type\":\"ImageObject\",\"inLanguage\":\"cs\",\"@id\":\"https:\/\/evertonfc.cz\/#\/schema\/logo\/image\/\",\"url\":\"https:\/\/evertonfc.cz\/wp-content\/uploads\/2019\/05\/logo.png\",\"contentUrl\":\"https:\/\/evertonfc.cz\/wp-content\/uploads\/2019\/05\/logo.png\",\"width\":112,\"height\":112,\"caption\":\"Official Czech & Slovak Everton Supporters' Club\"},\"image\":{\"@id\":\"https:\/\/evertonfc.cz\/#\/schema\/logo\/image\/\"},\"sameAs\":[\"https:\/\/www.facebook.com\/everton.fans.cz.sk\"]},{\"@type\":\"Person\",\"@id\":\"https:\/\/evertonfc.cz\/#\/schema\/person\/e9a24a80a32efa1344dd2c4e5882185c\",\"name\":\"Karamela\",\"url\":\"https:\/\/evertonfc.cz\/index.php\/author\/karamela\/\"}]}<\/script>\n<!-- \/ Yoast SEO plugin. -->","yoast_head_json":{"title":"Everton W - Manchester City W 1:2 - Official Czech &amp; Slovak Everton Supporters&#039; Club","robots":{"index":"index","follow":"follow","max-snippet":"max-snippet:-1","max-image-preview":"max-image-preview:large","max-video-preview":"max-video-preview:-1"},"canonical":"https:\/\/evertonfc.cz\/index.php\/2022\/11\/22\/everton-w-manchester-city-w-12-predbezna-zprava\/","og_locale":"cs_CZ","og_type":"article","og_title":"Everton W - Manchester City W 1:2 - Official Czech &amp; Slovak Everton Supporters&#039; Club","og_description":"S Citizens n\u00e1m to nevy\u0161lo ani na 13. pokus a op\u011bt jsme neuhr\u00e1li ani bod. Se \u0161t\u011bst\u00edm jsme na dom\u00e1c\u00ed p\u016fd\u011b uhr\u00e1li jen opticky p\u0159ijateln\u00e9 sk\u00f3re. P\u0159esto je mana\u017eer\u00a0 nalad\u011bn m\u00edrn\u011b optimisticky.","og_url":"https:\/\/evertonfc.cz\/index.php\/2022\/11\/22\/everton-w-manchester-city-w-12-predbezna-zprava\/","og_site_name":"Official Czech &amp; Slovak Everton Supporters&#039; Club","article_publisher":"https:\/\/www.facebook.com\/everton.fans.cz.sk","article_published_time":"2022-11-22T21:40:40+00:00","article_modified_time":"2022-11-25T10:16:15+00:00","og_image":[{"width":720,"height":405,"url":"https:\/\/evertonfc.cz\/wp-content\/uploads\/2022\/11\/Everton-vs-MCFC-web-20_11_2022.jpg","type":"image\/jpeg"}],"author":"Karamela","twitter_card":"summary_large_image","twitter_misc":{"Napsal(a)":"Karamela","Odhadovan\u00e1 doba \u010dten\u00ed":"4 minuty"},"schema":{"@context":"https:\/\/schema.org","@graph":[{"@type":"Article","@id":"https:\/\/evertonfc.cz\/index.php\/2022\/11\/22\/everton-w-manchester-city-w-12-predbezna-zprava\/#article","isPartOf":{"@id":"https:\/\/evertonfc.cz\/index.php\/2022\/11\/22\/everton-w-manchester-city-w-12-predbezna-zprava\/"},"author":{"name":"Karamela","@id":"https:\/\/evertonfc.cz\/#\/schema\/person\/e9a24a80a32efa1344dd2c4e5882185c"},"headline":"Everton W &#8211; Manchester City W 1:2","datePublished":"2022-11-22T21:40:40+00:00","dateModified":"2022-11-25T10:16:15+00:00","mainEntityOfPage":{"@id":"https:\/\/evertonfc.cz\/index.php\/2022\/11\/22\/everton-w-manchester-city-w-12-predbezna-zprava\/"},"wordCount":797,"commentCount":0,"publisher":{"@id":"https:\/\/evertonfc.cz\/#organization"},"image":{"@id":"https:\/\/evertonfc.cz\/index.php\/2022\/11\/22\/everton-w-manchester-city-w-12-predbezna-zprava\/#primaryimage"},"thumbnailUrl":"https:\/\/evertonfc.cz\/wp-content\/uploads\/2022\/11\/Everton-vs-MCFC-web-20_11_2022.jpg","articleSection":["Everton Women"],"inLanguage":"cs","potentialAction":[{"@type":"CommentAction","name":"Comment","target":["https:\/\/evertonfc.cz\/index.php\/2022\/11\/22\/everton-w-manchester-city-w-12-predbezna-zprava\/#respond"]}]},{"@type":"WebPage","@id":"https:\/\/evertonfc.cz\/index.php\/2022\/11\/22\/everton-w-manchester-city-w-12-predbezna-zprava\/","url":"https:\/\/evertonfc.cz\/index.php\/2022\/11\/22\/everton-w-manchester-city-w-12-predbezna-zprava\/","name":"Everton W - Manchester City W 1:2 - Official Czech &amp; Slovak Everton Supporters&#039; Club","isPartOf":{"@id":"https:\/\/evertonfc.cz\/#website"},"primaryImageOfPage":{"@id":"https:\/\/evertonfc.cz\/index.php\/2022\/11\/22\/everton-w-manchester-city-w-12-predbezna-zprava\/#primaryimage"},"image":{"@id":"https:\/\/evertonfc.cz\/index.php\/2022\/11\/22\/everton-w-manchester-city-w-12-predbezna-zprava\/#primaryimage"},"thumbnailUrl":"https:\/\/evertonfc.cz\/wp-content\/uploads\/2022\/11\/Everton-vs-MCFC-web-20_11_2022.jpg","datePublished":"2022-11-22T21:40:40+00:00","dateModified":"2022-11-25T10:16:15+00:00","breadcrumb":{"@id":"https:\/\/evertonfc.cz\/index.php\/2022\/11\/22\/everton-w-manchester-city-w-12-predbezna-zprava\/#breadcrumb"},"inLanguage":"cs","potentialAction":[{"@type":"ReadAction","target":["https:\/\/evertonfc.cz\/index.php\/2022\/11\/22\/everton-w-manchester-city-w-12-predbezna-zprava\/"]}]},{"@type":"ImageObject","inLanguage":"cs","@id":"https:\/\/evertonfc.cz\/index.php\/2022\/11\/22\/everton-w-manchester-city-w-12-predbezna-zprava\/#primaryimage","url":"https:\/\/evertonfc.cz\/wp-content\/uploads\/2022\/11\/Everton-vs-MCFC-web-20_11_2022.jpg","contentUrl":"https:\/\/evertonfc.cz\/wp-content\/uploads\/2022\/11\/Everton-vs-MCFC-web-20_11_2022.jpg","width":720,"height":405},{"@type":"BreadcrumbList","@id":"https:\/\/evertonfc.cz\/index.php\/2022\/11\/22\/everton-w-manchester-city-w-12-predbezna-zprava\/#breadcrumb","itemListElement":[{"@type":"ListItem","position":1,"name":"Home","item":"https:\/\/evertonfc.cz\/"},{"@type":"ListItem","position":2,"name":"Everton W &#8211; Manchester City W 1:2"}]},{"@type":"WebSite","@id":"https:\/\/evertonfc.cz\/#website","url":"https:\/\/evertonfc.cz\/","name":"Official Czech &amp; Slovak Everton Supporters&#039; Club","description":"","publisher":{"@id":"https:\/\/evertonfc.cz\/#organization"},"potentialAction":[{"@type":"SearchAction","target":{"@type":"EntryPoint","urlTemplate":"https:\/\/evertonfc.cz\/?s={search_term_string}"},"query-input":{"@type":"PropertyValueSpecification","valueRequired":true,"valueName":"search_term_string"}}],"inLanguage":"cs"},{"@type":"Organization","@id":"https:\/\/evertonfc.cz\/#organization","name":"Official Czech & Slovak Everton Supporters' Club","url":"https:\/\/evertonfc.cz\/","logo":{"@type":"ImageObject","inLanguage":"cs","@id":"https:\/\/evertonfc.cz\/#\/schema\/logo\/image\/","url":"https:\/\/evertonfc.cz\/wp-content\/uploads\/2019\/05\/logo.png","contentUrl":"https:\/\/evertonfc.cz\/wp-content\/uploads\/2019\/05\/logo.png","width":112,"height":112,"caption":"Official Czech & Slovak Everton Supporters' Club"},"image":{"@id":"https:\/\/evertonfc.cz\/#\/schema\/logo\/image\/"},"sameAs":["https:\/\/www.facebook.com\/everton.fans.cz.sk"]},{"@type":"Person","@id":"https:\/\/evertonfc.cz\/#\/schema\/person\/e9a24a80a32efa1344dd2c4e5882185c","name":"Karamela","url":"https:\/\/evertonfc.cz\/index.php\/author\/karamela\/"}]}},"_links":{"self":[{"href":"https:\/\/evertonfc.cz\/index.php\/wp-json\/wp\/v2\/posts\/20382"}],"collection":[{"href":"https:\/\/evertonfc.cz\/index.php\/wp-json\/wp\/v2\/posts"}],"about":[{"href":"https:\/\/evertonfc.cz\/index.php\/wp-json\/wp\/v2\/types\/post"}],"author":[{"embeddable":true,"href":"https:\/\/evertonfc.cz\/index.php\/wp-json\/wp\/v2\/users\/26"}],"replies":[{"embeddable":true,"href":"https:\/\/evertonfc.cz\/index.php\/wp-json\/wp\/v2\/comments?post=20382"}],"version-history":[{"count":10,"href":"https:\/\/evertonfc.cz\/index.php\/wp-json\/wp\/v2\/posts\/20382\/revisions"}],"predecessor-version":[{"id":20403,"href":"https:\/\/evertonfc.cz\/index.php\/wp-json\/wp\/v2\/posts\/20382\/revisions\/20403"}],"wp:featuredmedia":[{"embeddable":true,"href":"https:\/\/evertonfc.cz\/index.php\/wp-json\/wp\/v2\/media\/20384"}],"wp:attachment":[{"href":"https:\/\/evertonfc.cz\/index.php\/wp-json\/wp\/v2\/media?parent=20382"}],"wp:term":[{"taxonomy":"category","embeddable":true,"href":"https:\/\/evertonfc.cz\/index.php\/wp-json\/wp\/v2\/categories?post=20382"},{"taxonomy":"post_tag","embeddable":true,"href":"https:\/\/evertonfc.cz\/index.php\/wp-json\/wp\/v2\/tags?post=20382"}],"curies":[{"name":"wp","href":"https:\/\/api.w.org\/{rel}","templated":true}]}}