{"id":2042,"date":"2018-06-01T20:35:47","date_gmt":"2018-06-01T18:35:47","guid":{"rendered":"http:\/\/evertonfc.cz\/?p=2042"},"modified":"2021-07-16T11:53:47","modified_gmt":"2021-07-16T09:53:47","slug":"novy-realizacny-tim","status":"publish","type":"post","link":"https:\/\/evertonfc.cz\/index.php\/2018\/06\/01\/novy-realizacny-tim\/","title":{"rendered":"Nov\u00fd realiza\u010dn\u00fd t\u00edm"},"content":{"rendered":"\r\n<h4 class=\"wp-block-heading\">Nov\u00fd mana\u017e\u00e9r nikdy neprich\u00e1dza s\u00e1m a v\u00e4\u010d\u0161ina ostrie\u013ean\u00fdch vo fachu si ich nos\u00ed v\u0161ade so sebou ako doklady. V \u010dl\u00e1nku sa do\u010d\u00edtate o n\u00e1hrad\u00e1ch Leeho, Shakespeara a Margetsona.<\/h4>\r\n\r\n\r\n\r\n<p>Marco Silva si svojich dr\u017e\u00ed pri sebe pokia\u013e to ide a inak tomu nie je ani v jeho najnov\u0161om zamestnan\u00ed, kde sa bude na Finch Farm prech\u00e1dza\u0165 rovnak\u00fd t\u00edm, ako po prv\u00fd raz pred siedmymi rokmi v Estorile. Za t\u00fa dobu nov\u00fd boss Karameliek vystriedal p\u00e4\u0165 klubov a nasleduj\u00faci p\u00e1ni, okrem posledn\u00fdch dvoch, ho verne nasledovali po cel\u00fd \u010das.<\/p>\r\n\r\n\r\n\r\n<h4 class=\"wp-block-heading\">Asistent tr\u00e9nera:\u00a0<strong>Jo\u00e3o Pedro Sousa<\/strong><\/h4>\r\n\r\n\r\n\r\n<p>So Silvom sa spoznali v e\u0161te v roku 1998, ke\u010f hr\u00e1vali spolo\u010dne v Portugalsku za C.D. Trofense. Kari\u00e9ru tr\u00e9nera za\u010d\u00ednal ako kou\u010d U19 v Brage, a\u017e pok\u00fdm nek\u00fdvol na ponuku, ktor\u00e1 sa od star\u00e9ho priate\u013ea neodmieta.<\/p>\r\n\r\n\r\n\r\n<h4 class=\"wp-block-heading\">Tr\u00e9ner prv\u00e9ho t\u00edmu:\u00a0<strong>Pedro Concei\u00e7\u00e3o<\/strong><\/h4>\r\n\r\n\r\n\r\n<p>Pedrova tr\u00e9nerska kari\u00e9ra za\u010dala s ml\u00e1de\u017en\u00edckymi v\u00fdbermi Benficy, Sportingu Lisabon. Potom sa dostal aj k seniorsk\u00fdm poz\u00edci\u00e1m v Portimonense a Brage, odkia\u013e putoval na tri roky do Saudskej Ar\u00e1bie. Tam sa ujal najprv n\u00e1rodn\u00e9ho olympijskeho v\u00fdberu a nesk\u00f4r si ho vyhliadol bohat\u00fd prvo-ligov\u00fd klub Al-Ahli. Ke\u010f pri\u0161iel telefon\u00e1t od Marca s ponukou n\u00e1vratu domov, nev\u00e1hal a odvtedy s\u00fa nerozlu\u010dn\u00ed. Naj\u010dastej\u0161ie sa uj\u00edma rozcvi\u010diek a monitoruje za\u0165a\u017eenie hr\u00e1\u010dov, spolo\u010dne s ich kond\u00edciou.<\/p>\r\n\r\n\r\n\r\n<h4 class=\"wp-block-heading\">Tr\u00e9ner brank\u00e1rov:\u00a0<strong>Hugo Oliveira<\/strong><\/h4>\r\n\r\n\r\n\r\n<p>Popul\u00e1rny a z\u00e1bavn\u00fd 38 ro\u010dn\u00fd Portugal\u010dan m\u00e1 bohat\u00e9 sk\u00fasenosti s tr\u00e9novan\u00edm str\u00e1\u017ecov sv\u00e4t\u00fd\u0148 u\u017e p\u00e4tn\u00e1s\u0165 rokov. Okrem n\u00e1rodn\u00e9ho v\u00fdberu rodnej krajiny po\u010das africk\u00e9ho \u0161ampion\u00e1tu 2010 d\u00e1val pozor na v\u00fdvoj tak\u00fdch mien ako Julio Cesar a Jan Oblak v Benfice Lisabon, po cel\u00fdch \u0161es\u0165 rokov. N\u00e1sledne sa ozval ve\u010f vieme kto a p\u00e1n Oliveira si balil kufre do Yorkshire.<\/p>\r\n\r\n\r\n\r\n<h4 class=\"wp-block-heading\">Technick\u00fd skaut:\u00a0<strong>Antonis Lemonakis\u00a0<\/strong><\/h4>\r\n\r\n\r\n\r\n<p>Po pr\u00e1ci v PAOK Sol\u00fan sa pridal k Marcovi v sez\u00f3ne kedy vyhrali s Olympiacosom gr\u00e9cky titul. Do Hull City ho v\u0161ak 47 ro\u010dn\u00fd Gr\u00e9k nenasledoval a pripojil sa znova a\u017e pri anga\u017em\u00e1ne vo Watforde, ako d\u00e1tov\u00fd analytik.<\/p>\r\n\r\n\r\n\r\n<p>A to by sme mali sn\u00e1\u010f v\u0161etk\u00fdch. Ak som na niekoho zabudol, pros\u00edm nev\u00e1hajte reklamova\u0165 v koment\u00e1roch. E\u0161te v\u0161ak slovko o dvoch p\u00e1noch, ktor\u00e9 si svoje miesto udr\u017eali. Jedn\u00fdm z nich je Morgan Rylands, klubov\u00fd Performance Director, ktor\u00e9ho si doviedol Sam Allardyce. PhD s UEFA Pro licenciou si svoju ve\u013ek\u00fa reput\u00e1ciu v hre st\u00e1le dr\u017e\u00ed a niet d\u00f4vodu ho len tak pre zmenu vyhadzova\u0165, rovnako ako Duncana Fergusona. O \u0148om v\u0161ak samostatne nesk\u00f4r&#8230;<\/p>\r\n","protected":false},"excerpt":{"rendered":"<p>Nov\u00fd mana\u017e\u00e9r nikdy neprich\u00e1dza s\u00e1m a v\u00e4\u010d\u0161ina ostrie\u013ean\u00fdch vo fachu si ich nos\u00ed v\u0161ade so sebou ako doklady. V \u010dl\u00e1nku sa do\u010d\u00edtate o n\u00e1hrad\u00e1ch Leeho, Shakespeara a Margetsona.<\/p>\n","protected":false},"author":1,"featured_media":2017,"comment_status":"open","ping_status":"closed","sticky":false,"template":"","format":"standard","meta":{"_eb_attr":"","_monsterinsights_skip_tracking":false,"_monsterinsights_sitenote_active":false,"_monsterinsights_sitenote_note":"","_monsterinsights_sitenote_category":0,"footnotes":""},"categories":[42],"tags":[],"yoast_head":"<!-- This site is optimized with the Yoast SEO plugin v23.4 - https:\/\/yoast.com\/wordpress\/plugins\/seo\/ -->\n<title>Nov\u00fd realiza\u010dn\u00fd t\u00edm - Official Czech &amp; Slovak Everton Supporters&#039; Club<\/title>\n<meta name=\"robots\" content=\"index, follow, max-snippet:-1, max-image-preview:large, max-video-preview:-1\" \/>\n<link rel=\"canonical\" href=\"https:\/\/evertonfc.cz\/index.php\/2018\/06\/01\/novy-realizacny-tim\/\" \/>\n<meta property=\"og:locale\" content=\"cs_CZ\" \/>\n<meta property=\"og:type\" content=\"article\" \/>\n<meta property=\"og:title\" content=\"Nov\u00fd realiza\u010dn\u00fd t\u00edm - Official Czech &amp; Slovak Everton Supporters&#039; Club\" \/>\n<meta property=\"og:description\" content=\"Nov\u00fd mana\u017e\u00e9r nikdy neprich\u00e1dza s\u00e1m a v\u00e4\u010d\u0161ina ostrie\u013ean\u00fdch vo fachu si ich nos\u00ed v\u0161ade so sebou ako doklady. V \u010dl\u00e1nku sa do\u010d\u00edtate o n\u00e1hrad\u00e1ch Leeho, Shakespeara a Margetsona.\" \/>\n<meta property=\"og:url\" content=\"https:\/\/evertonfc.cz\/index.php\/2018\/06\/01\/novy-realizacny-tim\/\" \/>\n<meta property=\"og:site_name\" content=\"Official Czech &amp; Slovak Everton Supporters&#039; Club\" \/>\n<meta property=\"article:publisher\" content=\"https:\/\/www.facebook.com\/everton.fans.cz.sk\" \/>\n<meta property=\"article:published_time\" content=\"2018-06-01T18:35:47+00:00\" \/>\n<meta property=\"article:modified_time\" content=\"2021-07-16T09:53:47+00:00\" \/>\n<meta property=\"og:image\" content=\"https:\/\/evertonfc.cz\/wp-content\/uploads\/2019\/01\/gp_1_6_2018.jpg\" \/>\n\t<meta property=\"og:image:width\" content=\"720\" \/>\n\t<meta property=\"og:image:height\" content=\"405\" \/>\n\t<meta property=\"og:image:type\" content=\"image\/jpeg\" \/>\n<meta name=\"author\" content=\"BlueBlooded\" \/>\n<meta name=\"twitter:card\" content=\"summary_large_image\" \/>\n<meta name=\"twitter:label1\" content=\"Napsal(a)\" \/>\n\t<meta name=\"twitter:data1\" content=\"BlueBlooded\" \/>\n\t<meta name=\"twitter:label2\" content=\"Odhadovan\u00e1 doba \u010dten\u00ed\" \/>\n\t<meta name=\"twitter:data2\" content=\"2 minuty\" \/>\n<script type=\"application\/ld+json\" class=\"yoast-schema-graph\">{\"@context\":\"https:\/\/schema.org\",\"@graph\":[{\"@type\":\"Article\",\"@id\":\"https:\/\/evertonfc.cz\/index.php\/2018\/06\/01\/novy-realizacny-tim\/#article\",\"isPartOf\":{\"@id\":\"https:\/\/evertonfc.cz\/index.php\/2018\/06\/01\/novy-realizacny-tim\/\"},\"author\":{\"name\":\"BlueBlooded\",\"@id\":\"https:\/\/evertonfc.cz\/#\/schema\/person\/d4493b8cbea51532597fbc4685698916\"},\"headline\":\"Nov\u00fd realiza\u010dn\u00fd t\u00edm\",\"datePublished\":\"2018-06-01T18:35:47+00:00\",\"dateModified\":\"2021-07-16T09:53:47+00:00\",\"mainEntityOfPage\":{\"@id\":\"https:\/\/evertonfc.cz\/index.php\/2018\/06\/01\/novy-realizacny-tim\/\"},\"wordCount\":497,\"commentCount\":0,\"publisher\":{\"@id\":\"https:\/\/evertonfc.cz\/#organization\"},\"image\":{\"@id\":\"https:\/\/evertonfc.cz\/index.php\/2018\/06\/01\/novy-realizacny-tim\/#primaryimage\"},\"thumbnailUrl\":\"https:\/\/evertonfc.cz\/wp-content\/uploads\/2019\/01\/gp_1_6_2018.jpg\",\"articleSection\":[\"Aktuality\"],\"inLanguage\":\"cs\",\"potentialAction\":[{\"@type\":\"CommentAction\",\"name\":\"Comment\",\"target\":[\"https:\/\/evertonfc.cz\/index.php\/2018\/06\/01\/novy-realizacny-tim\/#respond\"]}]},{\"@type\":\"WebPage\",\"@id\":\"https:\/\/evertonfc.cz\/index.php\/2018\/06\/01\/novy-realizacny-tim\/\",\"url\":\"https:\/\/evertonfc.cz\/index.php\/2018\/06\/01\/novy-realizacny-tim\/\",\"name\":\"Nov\u00fd realiza\u010dn\u00fd t\u00edm - Official Czech &amp; Slovak Everton Supporters&#039; Club\",\"isPartOf\":{\"@id\":\"https:\/\/evertonfc.cz\/#website\"},\"primaryImageOfPage\":{\"@id\":\"https:\/\/evertonfc.cz\/index.php\/2018\/06\/01\/novy-realizacny-tim\/#primaryimage\"},\"image\":{\"@id\":\"https:\/\/evertonfc.cz\/index.php\/2018\/06\/01\/novy-realizacny-tim\/#primaryimage\"},\"thumbnailUrl\":\"https:\/\/evertonfc.cz\/wp-content\/uploads\/2019\/01\/gp_1_6_2018.jpg\",\"datePublished\":\"2018-06-01T18:35:47+00:00\",\"dateModified\":\"2021-07-16T09:53:47+00:00\",\"breadcrumb\":{\"@id\":\"https:\/\/evertonfc.cz\/index.php\/2018\/06\/01\/novy-realizacny-tim\/#breadcrumb\"},\"inLanguage\":\"cs\",\"potentialAction\":[{\"@type\":\"ReadAction\",\"target\":[\"https:\/\/evertonfc.cz\/index.php\/2018\/06\/01\/novy-realizacny-tim\/\"]}]},{\"@type\":\"ImageObject\",\"inLanguage\":\"cs\",\"@id\":\"https:\/\/evertonfc.cz\/index.php\/2018\/06\/01\/novy-realizacny-tim\/#primaryimage\",\"url\":\"https:\/\/evertonfc.cz\/wp-content\/uploads\/2019\/01\/gp_1_6_2018.jpg\",\"contentUrl\":\"https:\/\/evertonfc.cz\/wp-content\/uploads\/2019\/01\/gp_1_6_2018.jpg\",\"width\":720,\"height\":405},{\"@type\":\"BreadcrumbList\",\"@id\":\"https:\/\/evertonfc.cz\/index.php\/2018\/06\/01\/novy-realizacny-tim\/#breadcrumb\",\"itemListElement\":[{\"@type\":\"ListItem\",\"position\":1,\"name\":\"Home\",\"item\":\"https:\/\/evertonfc.cz\/\"},{\"@type\":\"ListItem\",\"position\":2,\"name\":\"Nov\u00fd realiza\u010dn\u00fd t\u00edm\"}]},{\"@type\":\"WebSite\",\"@id\":\"https:\/\/evertonfc.cz\/#website\",\"url\":\"https:\/\/evertonfc.cz\/\",\"name\":\"Official Czech &amp; Slovak Everton Supporters&#039; Club\",\"description\":\"\",\"publisher\":{\"@id\":\"https:\/\/evertonfc.cz\/#organization\"},\"potentialAction\":[{\"@type\":\"SearchAction\",\"target\":{\"@type\":\"EntryPoint\",\"urlTemplate\":\"https:\/\/evertonfc.cz\/?s={search_term_string}\"},\"query-input\":{\"@type\":\"PropertyValueSpecification\",\"valueRequired\":true,\"valueName\":\"search_term_string\"}}],\"inLanguage\":\"cs\"},{\"@type\":\"Organization\",\"@id\":\"https:\/\/evertonfc.cz\/#organization\",\"name\":\"Official Czech & Slovak Everton Supporters' Club\",\"url\":\"https:\/\/evertonfc.cz\/\",\"logo\":{\"@type\":\"ImageObject\",\"inLanguage\":\"cs\",\"@id\":\"https:\/\/evertonfc.cz\/#\/schema\/logo\/image\/\",\"url\":\"https:\/\/evertonfc.cz\/wp-content\/uploads\/2019\/05\/logo.png\",\"contentUrl\":\"https:\/\/evertonfc.cz\/wp-content\/uploads\/2019\/05\/logo.png\",\"width\":112,\"height\":112,\"caption\":\"Official Czech & Slovak Everton Supporters' Club\"},\"image\":{\"@id\":\"https:\/\/evertonfc.cz\/#\/schema\/logo\/image\/\"},\"sameAs\":[\"https:\/\/www.facebook.com\/everton.fans.cz.sk\"]},{\"@type\":\"Person\",\"@id\":\"https:\/\/evertonfc.cz\/#\/schema\/person\/d4493b8cbea51532597fbc4685698916\",\"name\":\"BlueBlooded\",\"url\":\"https:\/\/evertonfc.cz\/index.php\/author\/admin\/\"}]}<\/script>\n<!-- \/ Yoast SEO plugin. -->","yoast_head_json":{"title":"Nov\u00fd realiza\u010dn\u00fd t\u00edm - Official Czech &amp; Slovak Everton Supporters&#039; Club","robots":{"index":"index","follow":"follow","max-snippet":"max-snippet:-1","max-image-preview":"max-image-preview:large","max-video-preview":"max-video-preview:-1"},"canonical":"https:\/\/evertonfc.cz\/index.php\/2018\/06\/01\/novy-realizacny-tim\/","og_locale":"cs_CZ","og_type":"article","og_title":"Nov\u00fd realiza\u010dn\u00fd t\u00edm - Official Czech &amp; Slovak Everton Supporters&#039; Club","og_description":"Nov\u00fd mana\u017e\u00e9r nikdy neprich\u00e1dza s\u00e1m a v\u00e4\u010d\u0161ina ostrie\u013ean\u00fdch vo fachu si ich nos\u00ed v\u0161ade so sebou ako doklady. V \u010dl\u00e1nku sa do\u010d\u00edtate o n\u00e1hrad\u00e1ch Leeho, Shakespeara a Margetsona.","og_url":"https:\/\/evertonfc.cz\/index.php\/2018\/06\/01\/novy-realizacny-tim\/","og_site_name":"Official Czech &amp; Slovak Everton Supporters&#039; Club","article_publisher":"https:\/\/www.facebook.com\/everton.fans.cz.sk","article_published_time":"2018-06-01T18:35:47+00:00","article_modified_time":"2021-07-16T09:53:47+00:00","og_image":[{"width":720,"height":405,"url":"https:\/\/evertonfc.cz\/wp-content\/uploads\/2019\/01\/gp_1_6_2018.jpg","type":"image\/jpeg"}],"author":"BlueBlooded","twitter_card":"summary_large_image","twitter_misc":{"Napsal(a)":"BlueBlooded","Odhadovan\u00e1 doba \u010dten\u00ed":"2 minuty"},"schema":{"@context":"https:\/\/schema.org","@graph":[{"@type":"Article","@id":"https:\/\/evertonfc.cz\/index.php\/2018\/06\/01\/novy-realizacny-tim\/#article","isPartOf":{"@id":"https:\/\/evertonfc.cz\/index.php\/2018\/06\/01\/novy-realizacny-tim\/"},"author":{"name":"BlueBlooded","@id":"https:\/\/evertonfc.cz\/#\/schema\/person\/d4493b8cbea51532597fbc4685698916"},"headline":"Nov\u00fd realiza\u010dn\u00fd t\u00edm","datePublished":"2018-06-01T18:35:47+00:00","dateModified":"2021-07-16T09:53:47+00:00","mainEntityOfPage":{"@id":"https:\/\/evertonfc.cz\/index.php\/2018\/06\/01\/novy-realizacny-tim\/"},"wordCount":497,"commentCount":0,"publisher":{"@id":"https:\/\/evertonfc.cz\/#organization"},"image":{"@id":"https:\/\/evertonfc.cz\/index.php\/2018\/06\/01\/novy-realizacny-tim\/#primaryimage"},"thumbnailUrl":"https:\/\/evertonfc.cz\/wp-content\/uploads\/2019\/01\/gp_1_6_2018.jpg","articleSection":["Aktuality"],"inLanguage":"cs","potentialAction":[{"@type":"CommentAction","name":"Comment","target":["https:\/\/evertonfc.cz\/index.php\/2018\/06\/01\/novy-realizacny-tim\/#respond"]}]},{"@type":"WebPage","@id":"https:\/\/evertonfc.cz\/index.php\/2018\/06\/01\/novy-realizacny-tim\/","url":"https:\/\/evertonfc.cz\/index.php\/2018\/06\/01\/novy-realizacny-tim\/","name":"Nov\u00fd realiza\u010dn\u00fd t\u00edm - Official Czech &amp; Slovak Everton Supporters&#039; Club","isPartOf":{"@id":"https:\/\/evertonfc.cz\/#website"},"primaryImageOfPage":{"@id":"https:\/\/evertonfc.cz\/index.php\/2018\/06\/01\/novy-realizacny-tim\/#primaryimage"},"image":{"@id":"https:\/\/evertonfc.cz\/index.php\/2018\/06\/01\/novy-realizacny-tim\/#primaryimage"},"thumbnailUrl":"https:\/\/evertonfc.cz\/wp-content\/uploads\/2019\/01\/gp_1_6_2018.jpg","datePublished":"2018-06-01T18:35:47+00:00","dateModified":"2021-07-16T09:53:47+00:00","breadcrumb":{"@id":"https:\/\/evertonfc.cz\/index.php\/2018\/06\/01\/novy-realizacny-tim\/#breadcrumb"},"inLanguage":"cs","potentialAction":[{"@type":"ReadAction","target":["https:\/\/evertonfc.cz\/index.php\/2018\/06\/01\/novy-realizacny-tim\/"]}]},{"@type":"ImageObject","inLanguage":"cs","@id":"https:\/\/evertonfc.cz\/index.php\/2018\/06\/01\/novy-realizacny-tim\/#primaryimage","url":"https:\/\/evertonfc.cz\/wp-content\/uploads\/2019\/01\/gp_1_6_2018.jpg","contentUrl":"https:\/\/evertonfc.cz\/wp-content\/uploads\/2019\/01\/gp_1_6_2018.jpg","width":720,"height":405},{"@type":"BreadcrumbList","@id":"https:\/\/evertonfc.cz\/index.php\/2018\/06\/01\/novy-realizacny-tim\/#breadcrumb","itemListElement":[{"@type":"ListItem","position":1,"name":"Home","item":"https:\/\/evertonfc.cz\/"},{"@type":"ListItem","position":2,"name":"Nov\u00fd realiza\u010dn\u00fd t\u00edm"}]},{"@type":"WebSite","@id":"https:\/\/evertonfc.cz\/#website","url":"https:\/\/evertonfc.cz\/","name":"Official Czech &amp; Slovak Everton Supporters&#039; Club","description":"","publisher":{"@id":"https:\/\/evertonfc.cz\/#organization"},"potentialAction":[{"@type":"SearchAction","target":{"@type":"EntryPoint","urlTemplate":"https:\/\/evertonfc.cz\/?s={search_term_string}"},"query-input":{"@type":"PropertyValueSpecification","valueRequired":true,"valueName":"search_term_string"}}],"inLanguage":"cs"},{"@type":"Organization","@id":"https:\/\/evertonfc.cz\/#organization","name":"Official Czech & Slovak Everton Supporters' Club","url":"https:\/\/evertonfc.cz\/","logo":{"@type":"ImageObject","inLanguage":"cs","@id":"https:\/\/evertonfc.cz\/#\/schema\/logo\/image\/","url":"https:\/\/evertonfc.cz\/wp-content\/uploads\/2019\/05\/logo.png","contentUrl":"https:\/\/evertonfc.cz\/wp-content\/uploads\/2019\/05\/logo.png","width":112,"height":112,"caption":"Official Czech & Slovak Everton Supporters' Club"},"image":{"@id":"https:\/\/evertonfc.cz\/#\/schema\/logo\/image\/"},"sameAs":["https:\/\/www.facebook.com\/everton.fans.cz.sk"]},{"@type":"Person","@id":"https:\/\/evertonfc.cz\/#\/schema\/person\/d4493b8cbea51532597fbc4685698916","name":"BlueBlooded","url":"https:\/\/evertonfc.cz\/index.php\/author\/admin\/"}]}},"_links":{"self":[{"href":"https:\/\/evertonfc.cz\/index.php\/wp-json\/wp\/v2\/posts\/2042"}],"collection":[{"href":"https:\/\/evertonfc.cz\/index.php\/wp-json\/wp\/v2\/posts"}],"about":[{"href":"https:\/\/evertonfc.cz\/index.php\/wp-json\/wp\/v2\/types\/post"}],"author":[{"embeddable":true,"href":"https:\/\/evertonfc.cz\/index.php\/wp-json\/wp\/v2\/users\/1"}],"replies":[{"embeddable":true,"href":"https:\/\/evertonfc.cz\/index.php\/wp-json\/wp\/v2\/comments?post=2042"}],"version-history":[{"count":4,"href":"https:\/\/evertonfc.cz\/index.php\/wp-json\/wp\/v2\/posts\/2042\/revisions"}],"predecessor-version":[{"id":15799,"href":"https:\/\/evertonfc.cz\/index.php\/wp-json\/wp\/v2\/posts\/2042\/revisions\/15799"}],"wp:featuredmedia":[{"embeddable":true,"href":"https:\/\/evertonfc.cz\/index.php\/wp-json\/wp\/v2\/media\/2017"}],"wp:attachment":[{"href":"https:\/\/evertonfc.cz\/index.php\/wp-json\/wp\/v2\/media?parent=2042"}],"wp:term":[{"taxonomy":"category","embeddable":true,"href":"https:\/\/evertonfc.cz\/index.php\/wp-json\/wp\/v2\/categories?post=2042"},{"taxonomy":"post_tag","embeddable":true,"href":"https:\/\/evertonfc.cz\/index.php\/wp-json\/wp\/v2\/tags?post=2042"}],"curies":[{"name":"wp","href":"https:\/\/api.w.org\/{rel}","templated":true}]}}