{"id":2044,"date":"2018-06-05T20:38:48","date_gmt":"2018-06-05T18:38:48","guid":{"rendered":"http:\/\/evertonfc.cz\/?p=2044"},"modified":"2020-04-28T16:09:10","modified_gmt":"2020-04-28T14:09:10","slug":"prva-tlacovka-prvy-dojem","status":"publish","type":"post","link":"https:\/\/evertonfc.cz\/index.php\/2018\/06\/05\/prva-tlacovka-prvy-dojem\/","title":{"rendered":"Prv\u00e1 tla\u010dovka, prv\u00fd dojem"},"content":{"rendered":"\r\n<h4 class=\"wp-block-heading\">B\u00fdva d\u00f4le\u017eit\u00fd, ale nemali by sme mu priklada\u0165 d\u00f4le\u017eitos\u0165 pr\u00edli\u0161n\u00fa, hoci \u010dasto napoved\u00e1 spr\u00e1vne hne\u010f na prv\u00fd pokus. Ako zap\u00f4sobil nov\u00fd \u0161\u00e9f? Ak ste nevideli, \u010d\u00edtajte.<\/h4>\r\n\r\n\r\n\r\n<p>Mo\u017eno trochu ods\u00favam Marcela na druh\u00fa ko\u013eaj, ale on je presne ten typ, ktor\u00e9mu to nevad\u00ed a d\u00e1 sa poveda\u0165, \u017ee sa v tom vy\u017e\u00edva. Jeho \u00falohou je \u0165aha\u0165 za nitky. Pekne v pozad\u00ed, mimo zraku v\u00e4\u010d\u0161ej verejnosti a so v\u0161etkou presnos\u0165ou. Lebo to je to, \u010do ho zdob\u00ed \u2013 punti\u010dk\u00e1rstvo. Na tla\u010dov\u00fa konferenciu, mimochodom \u00faplne narvan\u00fa, pri\u0161li sn\u00e1\u010f na sekundu presne.<\/p>\r\n<h4>Profesionalita<\/h4>\r\n<p>Koeman si nepotrpel na teatr\u00e1lnosti, ale u\u017e pomaly zabudnut\u00fd re\u017eim Allardycea sa nezaobi\u0161iel bez neskor\u00fdch n\u00e1stupov a zv\u00fdraznen\u00ed vlastnej osobnej d\u00f4le\u017eitosti. T\u00edto p\u00e1ni v\u0161ak nie. Dbaj\u00fa na profesion\u00e1lnos\u0165 e\u0161te aj v zladen\u00ed oblekov. Predsa len, kult vlastnej osobnosti by sa nemal pestova\u0165 v kolekt\u00edvnom \u0161porte, nie to v \u0161t\u00e1tnom zriaden\u00ed akejko\u013evek formy. Po dlh\u0161om cvakan\u00ed v\u0161etk\u00e9ho, \u010do dok\u00e1\u017ee cvaka\u0165 sa hlavn\u00ed akt\u00e9ri kone\u010dne mohli posadi\u0165 a dosta\u0165 sa k podstatn\u00e9mu. Slovu.<\/p>\r\n\r\n\r\n\r\n<p>P\u00e1n Brands preniesol men\u0161\u00ed pr\u00edhovor v roli hostite\u013ea nov\u00e9ho mana\u017e\u00e9ra, \u010do je ve\u013emi zauj\u00edmav\u00e9 vzh\u013eadom k tomu, \u017ee on s\u00e1m je pomerne nov\u00fdm zamestnancom. Av\u0161ak ako to t\u00e1to zdanlivo nepodstatn\u00e1 drobnos\u0165 nazna\u010duje, Marcel je mu\u017e na pravom mieste. Vo svojej funkcii je doma a vie okam\u017eite od za\u010diatku, \u010do sa o\u010dak\u00e1va a ak\u00e9 m\u00e1 povinnosti. To sa n\u00e1m mus\u00ed p\u00e1\u010di\u0165. Preto\u017ee okrem p\u00e1r rozhovorov s Walshom, sme sa od b\u00fdval\u00e9ho DoF Evertonu ve\u013ea nedozvedeli, respekt\u00edve, m\u00e1lokedy sme mali to \u0161\u0165astie ho v\u00f4bec vidie\u0165.<\/p>\r\n<p>Aj Steve mal za \u00falohu \u0165aha\u0165 nitkami a robil to dokonca tak dobre, \u017ee sme o tom prakticky ni\u010d nevedeli. Av\u0161ak teraz prich\u00e1dza spolu s nov\u00fdm Holan\u010fanom aj v\u00e4\u010d\u0161ia transparentnos\u0165, \u010do je ve\u013emi v\u00edtan\u00e9. Ihne\u010f sa pasuje do role s najv\u00e4\u010d\u0161ou zodpovednos\u0165ou, a s komfortom, ak\u00fdm prejavuje v\u00f4\u013eu zmeni\u0165 fungovanie klubu k lep\u0161iemu, prakticky nem\u00e1te ma\u0165 pre\u010do pochybnosti. Ten pocit istoty sa v\u00e1m jednoducho mus\u00ed p\u00e1\u010di\u0165.<\/p>\r\n<h4>Nov\u00fd mana\u017e\u00e9r<\/h4>\r\n\r\n\r\n\r\n<p>Na rad pri\u0161iel samozrejme azda aj najo\u010dak\u00e1vanej\u0161\u00ed akt\u00e9r, Marco. Stredne vysok\u00fd Portugal\u010dan, vzh\u013eadom \u010dasto aspo\u0148 mne pripom\u00ednaj\u00faci Colina Farrella, nezaprie jazykov\u00e9 korene na juhoz\u00e1padnom c\u00edpe Pyrenejsk\u00e9ho polostrova. Jeho angli\u010dtina bola s\u00edce jednoduch\u0161ia, no o to presnej\u0161ia a darmo by ste h\u013eadali z\u00e1mienku na vy\u0161pekulovanie senz\u00e1cie. O \u010do som sa sna\u017eil ja, bolo n\u00e1js\u0165 ob\u013e\u00faben\u00fa slovn\u00fa hra\u010dku typu \u201eBut OK\u201c \u010di \u201ePhenomal\u201c. Hmm, zatia\u013e bezv\u00fdsledne.<\/p>\r\n<p>Silva vystr\u00fahal po\u010fakovanie Marcelovi a ani Moshiri s Kenwrightom neboli ukr\u00e1ten\u00ed. Zauj\u00edmavo ich pomenoval krstn\u00fdmi menami \u201ep\u00e1n Farhad\u201c a \u201ep\u00e1n Bill\u201c. Aj to m\u00f4\u017ee nie\u010do nazna\u010dova\u0165, teda hlavne d\u00f4veru, ktor\u00fa mu prejavili ako nesk\u00f4r s\u00e1m spomenul. Ak si zoberieme skuto\u010dnos\u0165, \u017ee \u017eiadni in\u00ed kandid\u00e1ti v\u00fdrazne nevyst\u00fapili do popredia, Marcel de facto nemusel ani jedn\u00fdm o\u010dkom mrkn\u00fa\u0165 na Profesiu a sta\u010dilo iba da\u0165 podp\u00edsa\u0165 vyvolen\u00e9mu. \u0160koda, ja som bol pripraven\u00fd.<\/p>\r\n<h4>Subjekt\u00edvny dojem<\/h4>\r\n\r\n\r\n\r\n<p>Teraz k veci. Nov\u00fd Boss p\u00f4sobil celkom uvo\u013enene, sna\u017eil sa \u010do najviac s\u00fastredi\u0165 a d\u00e1val si pozor, \u010do hovor\u00ed. Ak sa ho t\u00e9ma dotkla, a bolo to vidno, pou\u017e\u00edval humor ako \u0161t\u00edt proti nepr\u00edjemn\u00fdm ot\u00e1zkam novin\u00e1rov, konkr\u00e9tne od SkySports. Pr\u00edjemne som bol prekvapen\u00fd aj z jeho vidite\u013en\u00e9ho d\u00f4razu na oslovovanie istej skupiny \u013eud\u00ed. N\u00e1s. V\u0161etk\u00fdch. A pekne spolu. Lebo sme to MY, \u010do chceme nie\u010do dosiahnu\u0165. Marco, Marcel, Farhad, Bill, Duncan, Hugo, Dennise, Jimmy Martin, Ja a Ty s Vami. Proste v\u0161etci zainteresovan\u00ed v karameli.<\/p>\r\n<p>Ak sa m\u00e1 obnovi\u0165 spojenie medzi t\u00edmom a medzi t\u00fdmi, pre ktor\u00fdch t\u00edm hr\u00e1, Portugal\u010dan je na ve\u013emi dobrej ceste. Nazna\u010dil, \u017ee by r\u00e1d zostal aj na dlh\u0161ie ako dva, tri roky a stabilita po dlh\u0161om \u010dase prospeje rovnako dobre klubu, ako jemu sam\u00e9mu. Napokon, obidvaja aj s Brandsom boli presved\u010den\u00ed o tom \u010do rozpr\u00e1vaj\u00fa a ve\u013emi \u013eubozvu\u010dne sa po\u010d\u00favalo o hist\u00f3rii, ktorej s\u00fa si vedom\u00ed a cenia si ju rovnako ako si Everton cen\u00ed svoje princ\u00edpy. A viete, ktor\u00fd je ten najnov\u0161\u00ed? No predsa Spolupr\u00e1ca&#8230;<\/p>\r\n\r\n\r\n\r\n<p>Za pribli\u017ene sedemn\u00e1s\u0165 min\u00fat bolo po v\u0161etkom. Vlastne nie, po v\u0161etkom bolo pre iba m\u0148a, ale spom\u00ednan\u00ed p\u00e1ni si plnili medi\u00e1lne povinnosti e\u0161te vy\u0161e dvoch hod\u00edn. Tak nev\u00e1hajte a venujte im svoju pozornos\u0165 aj vy. Ve\u010f napokon, kto vie? Mo\u017eno kone\u010dne stoj\u00edme na prahu tak \u017eiadan\u00e9ho \u00faspechu, tak bu\u010fme mu svedkom od za\u010diatku!<\/p>\r\n","protected":false},"excerpt":{"rendered":"<p>B\u00fdva d\u00f4le\u017eit\u00fd, ale nemali by sme mu priklada\u0165 d\u00f4le\u017eitos\u0165 pr\u00edli\u0161n\u00fa, hoci \u010dasto napoved\u00e1 spr\u00e1vne hne\u010f na prv\u00fd pokus. Ako zap\u00f4sobil&hellip;<\/p>\n","protected":false},"author":1,"featured_media":2013,"comment_status":"open","ping_status":"closed","sticky":false,"template":"","format":"standard","meta":{"_eb_attr":"","_monsterinsights_skip_tracking":false,"_monsterinsights_sitenote_active":false,"_monsterinsights_sitenote_note":"","_monsterinsights_sitenote_category":0,"footnotes":""},"categories":[42],"tags":[],"yoast_head":"<!-- This site is optimized with the Yoast SEO plugin v23.4 - https:\/\/yoast.com\/wordpress\/plugins\/seo\/ -->\n<title>Prv\u00e1 tla\u010dovka, prv\u00fd dojem - Official Czech &amp; Slovak Everton Supporters&#039; Club<\/title>\n<meta name=\"robots\" content=\"index, follow, max-snippet:-1, max-image-preview:large, max-video-preview:-1\" \/>\n<link rel=\"canonical\" href=\"https:\/\/evertonfc.cz\/index.php\/2018\/06\/05\/prva-tlacovka-prvy-dojem\/\" \/>\n<meta property=\"og:locale\" content=\"cs_CZ\" \/>\n<meta property=\"og:type\" content=\"article\" \/>\n<meta property=\"og:title\" content=\"Prv\u00e1 tla\u010dovka, prv\u00fd dojem - Official Czech &amp; Slovak Everton Supporters&#039; Club\" \/>\n<meta property=\"og:description\" content=\"B\u00fdva d\u00f4le\u017eit\u00fd, ale nemali by sme mu priklada\u0165 d\u00f4le\u017eitos\u0165 pr\u00edli\u0161n\u00fa, hoci \u010dasto napoved\u00e1 spr\u00e1vne hne\u010f na prv\u00fd pokus. Ako zap\u00f4sobil&hellip;\" \/>\n<meta property=\"og:url\" content=\"https:\/\/evertonfc.cz\/index.php\/2018\/06\/05\/prva-tlacovka-prvy-dojem\/\" \/>\n<meta property=\"og:site_name\" content=\"Official Czech &amp; Slovak Everton Supporters&#039; Club\" \/>\n<meta property=\"article:publisher\" content=\"https:\/\/www.facebook.com\/everton.fans.cz.sk\" \/>\n<meta property=\"article:published_time\" content=\"2018-06-05T18:38:48+00:00\" \/>\n<meta property=\"article:modified_time\" content=\"2020-04-28T14:09:10+00:00\" \/>\n<meta property=\"og:image\" content=\"https:\/\/evertonfc.cz\/wp-content\/uploads\/2019\/01\/brands-silva_5_6_2018.jpg\" \/>\n\t<meta property=\"og:image:width\" content=\"720\" \/>\n\t<meta property=\"og:image:height\" content=\"405\" \/>\n\t<meta property=\"og:image:type\" content=\"image\/jpeg\" \/>\n<meta name=\"author\" content=\"BlueBlooded\" \/>\n<meta name=\"twitter:card\" content=\"summary_large_image\" \/>\n<meta name=\"twitter:label1\" content=\"Napsal(a)\" \/>\n\t<meta name=\"twitter:data1\" content=\"BlueBlooded\" \/>\n\t<meta name=\"twitter:label2\" content=\"Odhadovan\u00e1 doba \u010dten\u00ed\" \/>\n\t<meta name=\"twitter:data2\" content=\"4 minuty\" \/>\n<script type=\"application\/ld+json\" class=\"yoast-schema-graph\">{\"@context\":\"https:\/\/schema.org\",\"@graph\":[{\"@type\":\"Article\",\"@id\":\"https:\/\/evertonfc.cz\/index.php\/2018\/06\/05\/prva-tlacovka-prvy-dojem\/#article\",\"isPartOf\":{\"@id\":\"https:\/\/evertonfc.cz\/index.php\/2018\/06\/05\/prva-tlacovka-prvy-dojem\/\"},\"author\":{\"name\":\"BlueBlooded\",\"@id\":\"https:\/\/evertonfc.cz\/#\/schema\/person\/d4493b8cbea51532597fbc4685698916\"},\"headline\":\"Prv\u00e1 tla\u010dovka, prv\u00fd dojem\",\"datePublished\":\"2018-06-05T18:38:48+00:00\",\"dateModified\":\"2020-04-28T14:09:10+00:00\",\"mainEntityOfPage\":{\"@id\":\"https:\/\/evertonfc.cz\/index.php\/2018\/06\/05\/prva-tlacovka-prvy-dojem\/\"},\"wordCount\":869,\"commentCount\":0,\"publisher\":{\"@id\":\"https:\/\/evertonfc.cz\/#organization\"},\"image\":{\"@id\":\"https:\/\/evertonfc.cz\/index.php\/2018\/06\/05\/prva-tlacovka-prvy-dojem\/#primaryimage\"},\"thumbnailUrl\":\"https:\/\/evertonfc.cz\/wp-content\/uploads\/2019\/01\/brands-silva_5_6_2018.jpg\",\"articleSection\":[\"Aktuality\"],\"inLanguage\":\"cs\",\"potentialAction\":[{\"@type\":\"CommentAction\",\"name\":\"Comment\",\"target\":[\"https:\/\/evertonfc.cz\/index.php\/2018\/06\/05\/prva-tlacovka-prvy-dojem\/#respond\"]}]},{\"@type\":\"WebPage\",\"@id\":\"https:\/\/evertonfc.cz\/index.php\/2018\/06\/05\/prva-tlacovka-prvy-dojem\/\",\"url\":\"https:\/\/evertonfc.cz\/index.php\/2018\/06\/05\/prva-tlacovka-prvy-dojem\/\",\"name\":\"Prv\u00e1 tla\u010dovka, prv\u00fd dojem - Official Czech &amp; Slovak Everton Supporters&#039; Club\",\"isPartOf\":{\"@id\":\"https:\/\/evertonfc.cz\/#website\"},\"primaryImageOfPage\":{\"@id\":\"https:\/\/evertonfc.cz\/index.php\/2018\/06\/05\/prva-tlacovka-prvy-dojem\/#primaryimage\"},\"image\":{\"@id\":\"https:\/\/evertonfc.cz\/index.php\/2018\/06\/05\/prva-tlacovka-prvy-dojem\/#primaryimage\"},\"thumbnailUrl\":\"https:\/\/evertonfc.cz\/wp-content\/uploads\/2019\/01\/brands-silva_5_6_2018.jpg\",\"datePublished\":\"2018-06-05T18:38:48+00:00\",\"dateModified\":\"2020-04-28T14:09:10+00:00\",\"breadcrumb\":{\"@id\":\"https:\/\/evertonfc.cz\/index.php\/2018\/06\/05\/prva-tlacovka-prvy-dojem\/#breadcrumb\"},\"inLanguage\":\"cs\",\"potentialAction\":[{\"@type\":\"ReadAction\",\"target\":[\"https:\/\/evertonfc.cz\/index.php\/2018\/06\/05\/prva-tlacovka-prvy-dojem\/\"]}]},{\"@type\":\"ImageObject\",\"inLanguage\":\"cs\",\"@id\":\"https:\/\/evertonfc.cz\/index.php\/2018\/06\/05\/prva-tlacovka-prvy-dojem\/#primaryimage\",\"url\":\"https:\/\/evertonfc.cz\/wp-content\/uploads\/2019\/01\/brands-silva_5_6_2018.jpg\",\"contentUrl\":\"https:\/\/evertonfc.cz\/wp-content\/uploads\/2019\/01\/brands-silva_5_6_2018.jpg\",\"width\":720,\"height\":405},{\"@type\":\"BreadcrumbList\",\"@id\":\"https:\/\/evertonfc.cz\/index.php\/2018\/06\/05\/prva-tlacovka-prvy-dojem\/#breadcrumb\",\"itemListElement\":[{\"@type\":\"ListItem\",\"position\":1,\"name\":\"Home\",\"item\":\"https:\/\/evertonfc.cz\/\"},{\"@type\":\"ListItem\",\"position\":2,\"name\":\"Prv\u00e1 tla\u010dovka, prv\u00fd dojem\"}]},{\"@type\":\"WebSite\",\"@id\":\"https:\/\/evertonfc.cz\/#website\",\"url\":\"https:\/\/evertonfc.cz\/\",\"name\":\"Official Czech &amp; Slovak Everton Supporters&#039; Club\",\"description\":\"\",\"publisher\":{\"@id\":\"https:\/\/evertonfc.cz\/#organization\"},\"potentialAction\":[{\"@type\":\"SearchAction\",\"target\":{\"@type\":\"EntryPoint\",\"urlTemplate\":\"https:\/\/evertonfc.cz\/?s={search_term_string}\"},\"query-input\":{\"@type\":\"PropertyValueSpecification\",\"valueRequired\":true,\"valueName\":\"search_term_string\"}}],\"inLanguage\":\"cs\"},{\"@type\":\"Organization\",\"@id\":\"https:\/\/evertonfc.cz\/#organization\",\"name\":\"Official Czech & Slovak Everton Supporters' Club\",\"url\":\"https:\/\/evertonfc.cz\/\",\"logo\":{\"@type\":\"ImageObject\",\"inLanguage\":\"cs\",\"@id\":\"https:\/\/evertonfc.cz\/#\/schema\/logo\/image\/\",\"url\":\"https:\/\/evertonfc.cz\/wp-content\/uploads\/2019\/05\/logo.png\",\"contentUrl\":\"https:\/\/evertonfc.cz\/wp-content\/uploads\/2019\/05\/logo.png\",\"width\":112,\"height\":112,\"caption\":\"Official Czech & Slovak Everton Supporters' Club\"},\"image\":{\"@id\":\"https:\/\/evertonfc.cz\/#\/schema\/logo\/image\/\"},\"sameAs\":[\"https:\/\/www.facebook.com\/everton.fans.cz.sk\"]},{\"@type\":\"Person\",\"@id\":\"https:\/\/evertonfc.cz\/#\/schema\/person\/d4493b8cbea51532597fbc4685698916\",\"name\":\"BlueBlooded\",\"url\":\"https:\/\/evertonfc.cz\/index.php\/author\/admin\/\"}]}<\/script>\n<!-- \/ Yoast SEO plugin. -->","yoast_head_json":{"title":"Prv\u00e1 tla\u010dovka, prv\u00fd dojem - Official Czech &amp; Slovak Everton Supporters&#039; Club","robots":{"index":"index","follow":"follow","max-snippet":"max-snippet:-1","max-image-preview":"max-image-preview:large","max-video-preview":"max-video-preview:-1"},"canonical":"https:\/\/evertonfc.cz\/index.php\/2018\/06\/05\/prva-tlacovka-prvy-dojem\/","og_locale":"cs_CZ","og_type":"article","og_title":"Prv\u00e1 tla\u010dovka, prv\u00fd dojem - Official Czech &amp; Slovak Everton Supporters&#039; Club","og_description":"B\u00fdva d\u00f4le\u017eit\u00fd, ale nemali by sme mu priklada\u0165 d\u00f4le\u017eitos\u0165 pr\u00edli\u0161n\u00fa, hoci \u010dasto napoved\u00e1 spr\u00e1vne hne\u010f na prv\u00fd pokus. Ako zap\u00f4sobil&hellip;","og_url":"https:\/\/evertonfc.cz\/index.php\/2018\/06\/05\/prva-tlacovka-prvy-dojem\/","og_site_name":"Official Czech &amp; Slovak Everton Supporters&#039; Club","article_publisher":"https:\/\/www.facebook.com\/everton.fans.cz.sk","article_published_time":"2018-06-05T18:38:48+00:00","article_modified_time":"2020-04-28T14:09:10+00:00","og_image":[{"width":720,"height":405,"url":"https:\/\/evertonfc.cz\/wp-content\/uploads\/2019\/01\/brands-silva_5_6_2018.jpg","type":"image\/jpeg"}],"author":"BlueBlooded","twitter_card":"summary_large_image","twitter_misc":{"Napsal(a)":"BlueBlooded","Odhadovan\u00e1 doba \u010dten\u00ed":"4 minuty"},"schema":{"@context":"https:\/\/schema.org","@graph":[{"@type":"Article","@id":"https:\/\/evertonfc.cz\/index.php\/2018\/06\/05\/prva-tlacovka-prvy-dojem\/#article","isPartOf":{"@id":"https:\/\/evertonfc.cz\/index.php\/2018\/06\/05\/prva-tlacovka-prvy-dojem\/"},"author":{"name":"BlueBlooded","@id":"https:\/\/evertonfc.cz\/#\/schema\/person\/d4493b8cbea51532597fbc4685698916"},"headline":"Prv\u00e1 tla\u010dovka, prv\u00fd dojem","datePublished":"2018-06-05T18:38:48+00:00","dateModified":"2020-04-28T14:09:10+00:00","mainEntityOfPage":{"@id":"https:\/\/evertonfc.cz\/index.php\/2018\/06\/05\/prva-tlacovka-prvy-dojem\/"},"wordCount":869,"commentCount":0,"publisher":{"@id":"https:\/\/evertonfc.cz\/#organization"},"image":{"@id":"https:\/\/evertonfc.cz\/index.php\/2018\/06\/05\/prva-tlacovka-prvy-dojem\/#primaryimage"},"thumbnailUrl":"https:\/\/evertonfc.cz\/wp-content\/uploads\/2019\/01\/brands-silva_5_6_2018.jpg","articleSection":["Aktuality"],"inLanguage":"cs","potentialAction":[{"@type":"CommentAction","name":"Comment","target":["https:\/\/evertonfc.cz\/index.php\/2018\/06\/05\/prva-tlacovka-prvy-dojem\/#respond"]}]},{"@type":"WebPage","@id":"https:\/\/evertonfc.cz\/index.php\/2018\/06\/05\/prva-tlacovka-prvy-dojem\/","url":"https:\/\/evertonfc.cz\/index.php\/2018\/06\/05\/prva-tlacovka-prvy-dojem\/","name":"Prv\u00e1 tla\u010dovka, prv\u00fd dojem - Official Czech &amp; Slovak Everton Supporters&#039; Club","isPartOf":{"@id":"https:\/\/evertonfc.cz\/#website"},"primaryImageOfPage":{"@id":"https:\/\/evertonfc.cz\/index.php\/2018\/06\/05\/prva-tlacovka-prvy-dojem\/#primaryimage"},"image":{"@id":"https:\/\/evertonfc.cz\/index.php\/2018\/06\/05\/prva-tlacovka-prvy-dojem\/#primaryimage"},"thumbnailUrl":"https:\/\/evertonfc.cz\/wp-content\/uploads\/2019\/01\/brands-silva_5_6_2018.jpg","datePublished":"2018-06-05T18:38:48+00:00","dateModified":"2020-04-28T14:09:10+00:00","breadcrumb":{"@id":"https:\/\/evertonfc.cz\/index.php\/2018\/06\/05\/prva-tlacovka-prvy-dojem\/#breadcrumb"},"inLanguage":"cs","potentialAction":[{"@type":"ReadAction","target":["https:\/\/evertonfc.cz\/index.php\/2018\/06\/05\/prva-tlacovka-prvy-dojem\/"]}]},{"@type":"ImageObject","inLanguage":"cs","@id":"https:\/\/evertonfc.cz\/index.php\/2018\/06\/05\/prva-tlacovka-prvy-dojem\/#primaryimage","url":"https:\/\/evertonfc.cz\/wp-content\/uploads\/2019\/01\/brands-silva_5_6_2018.jpg","contentUrl":"https:\/\/evertonfc.cz\/wp-content\/uploads\/2019\/01\/brands-silva_5_6_2018.jpg","width":720,"height":405},{"@type":"BreadcrumbList","@id":"https:\/\/evertonfc.cz\/index.php\/2018\/06\/05\/prva-tlacovka-prvy-dojem\/#breadcrumb","itemListElement":[{"@type":"ListItem","position":1,"name":"Home","item":"https:\/\/evertonfc.cz\/"},{"@type":"ListItem","position":2,"name":"Prv\u00e1 tla\u010dovka, prv\u00fd dojem"}]},{"@type":"WebSite","@id":"https:\/\/evertonfc.cz\/#website","url":"https:\/\/evertonfc.cz\/","name":"Official Czech &amp; Slovak Everton Supporters&#039; Club","description":"","publisher":{"@id":"https:\/\/evertonfc.cz\/#organization"},"potentialAction":[{"@type":"SearchAction","target":{"@type":"EntryPoint","urlTemplate":"https:\/\/evertonfc.cz\/?s={search_term_string}"},"query-input":{"@type":"PropertyValueSpecification","valueRequired":true,"valueName":"search_term_string"}}],"inLanguage":"cs"},{"@type":"Organization","@id":"https:\/\/evertonfc.cz\/#organization","name":"Official Czech & Slovak Everton Supporters' Club","url":"https:\/\/evertonfc.cz\/","logo":{"@type":"ImageObject","inLanguage":"cs","@id":"https:\/\/evertonfc.cz\/#\/schema\/logo\/image\/","url":"https:\/\/evertonfc.cz\/wp-content\/uploads\/2019\/05\/logo.png","contentUrl":"https:\/\/evertonfc.cz\/wp-content\/uploads\/2019\/05\/logo.png","width":112,"height":112,"caption":"Official Czech & Slovak Everton Supporters' Club"},"image":{"@id":"https:\/\/evertonfc.cz\/#\/schema\/logo\/image\/"},"sameAs":["https:\/\/www.facebook.com\/everton.fans.cz.sk"]},{"@type":"Person","@id":"https:\/\/evertonfc.cz\/#\/schema\/person\/d4493b8cbea51532597fbc4685698916","name":"BlueBlooded","url":"https:\/\/evertonfc.cz\/index.php\/author\/admin\/"}]}},"_links":{"self":[{"href":"https:\/\/evertonfc.cz\/index.php\/wp-json\/wp\/v2\/posts\/2044"}],"collection":[{"href":"https:\/\/evertonfc.cz\/index.php\/wp-json\/wp\/v2\/posts"}],"about":[{"href":"https:\/\/evertonfc.cz\/index.php\/wp-json\/wp\/v2\/types\/post"}],"author":[{"embeddable":true,"href":"https:\/\/evertonfc.cz\/index.php\/wp-json\/wp\/v2\/users\/1"}],"replies":[{"embeddable":true,"href":"https:\/\/evertonfc.cz\/index.php\/wp-json\/wp\/v2\/comments?post=2044"}],"version-history":[{"count":4,"href":"https:\/\/evertonfc.cz\/index.php\/wp-json\/wp\/v2\/posts\/2044\/revisions"}],"predecessor-version":[{"id":10948,"href":"https:\/\/evertonfc.cz\/index.php\/wp-json\/wp\/v2\/posts\/2044\/revisions\/10948"}],"wp:featuredmedia":[{"embeddable":true,"href":"https:\/\/evertonfc.cz\/index.php\/wp-json\/wp\/v2\/media\/2013"}],"wp:attachment":[{"href":"https:\/\/evertonfc.cz\/index.php\/wp-json\/wp\/v2\/media?parent=2044"}],"wp:term":[{"taxonomy":"category","embeddable":true,"href":"https:\/\/evertonfc.cz\/index.php\/wp-json\/wp\/v2\/categories?post=2044"},{"taxonomy":"post_tag","embeddable":true,"href":"https:\/\/evertonfc.cz\/index.php\/wp-json\/wp\/v2\/tags?post=2044"}],"curies":[{"name":"wp","href":"https:\/\/api.w.org\/{rel}","templated":true}]}}