{"id":20449,"date":"2022-12-09T22:52:03","date_gmt":"2022-12-09T21:52:03","guid":{"rendered":"https:\/\/evertonfc.cz\/?p=20449"},"modified":"2022-12-11T09:26:18","modified_gmt":"2022-12-11T08:26:18","slug":"conti-cup-mutd-w-everton-w-42","status":"publish","type":"post","link":"https:\/\/evertonfc.cz\/index.php\/2022\/12\/09\/conti-cup-mutd-w-everton-w-42\/","title":{"rendered":"Conti Cup: MUTD W &#8211; Everton W 4:2"},"content":{"rendered":"<h4><strong>Prvn\u00ed polo\u010das se t\u0159emi g\u00f3ly v na\u0161\u00ed s\u00edti n\u00e1s vy\u0159adil\u00a0 z ligov\u00e9ho poh\u00e1ru.<\/strong><\/h4>\n<p>Na postup ze skupiny by bylo lze pom\u00fd\u0161let, pokud bychom toto utk\u00e1n\u00ed vyhr\u00e1li a Blades porazily United. Red Devils by mohly postoupit, pokud by vyhr\u00e1ly v \u0159\u00e1dn\u00e9m hrac\u00edm \u010dase a Blades porazily Villu. Proto\u017ee n\u00e1m se zv\u00edt\u011bzit nepoda\u0159ilo a Villa v Yorkshire nezav\u00e1hala, mohou se oba t\u00fdmy po tomto z\u00e1pase soust\u0159edit na ligu a \u010dasem na FA Cup. Do z\u00e1pasu zas\u00e1hla uzdraven\u00e1 Christiansen. Na lavi\u010dku se neve\u0161la Finnigan, Veje ani Wheeler, naopak Maier nastoupila od za\u010d\u00e1tku.<\/p>\n<h4>Prvn\u00ed polo\u010das<\/h4>\n<p>za\u010dal ost\u0159e. Po minut\u011b hry <span class=\"sp-c-lineup-pitch__player\" data-reactid=\".k9ykfcs30u.0.0.0.1.$include-16.0.0.1:$panel-0.$0.0.0.0.2.0.0.1:$home-formation-row-1.$home-player-3\"><span class=\"sp-c-lineup-pitch__player__name gs-u-display-block@xs \" data-reactid=\".k9ykfcs30u.0.0.0.1.$include-16.0.0.1:$panel-0.$0.0.0.0.2.0.0.1:$home-formation-row-1.$home-player-3.1\">B\u00f8e Risa hlavou zu\u017eitkovala p\u0159esnou nahr\u00e1vku Battle a nechutn\u011b brzy rozvlnila s\u00ed\u0165 za z\u00e1dy strnul\u00e9 Brosnan <strong>1:0<\/strong>. Tohle byla hodn\u011b studen\u00e1 sprcha! Ale nenechali jsme se zastra\u0161it\u00a0 a na\u0161e modr\u00e9 \u0159ady prahly po vyrovn\u00e1n\u00ed. Vyrovnanou partii jsme dok\u00e1zali hr\u00e1t jen deset minut. Ve 12. minut\u011b nezvl\u00e1dla Maier uklidit vcelku rutinn\u00ed kros do v\u00e1pna a nap\u00e1lila m\u00ed\u010d do Williams. Ta jej\u00ed chyby dok\u00e1zala pohotov\u011b vyu\u017e\u00edt &#8211; <strong>2:0<\/strong>.<\/span><\/span><\/p>\n<p><span class=\"sp-c-lineup-pitch__player\" data-reactid=\".k9ykfcs30u.0.0.0.1.$include-16.0.0.1:$panel-0.$0.0.0.0.2.0.0.1:$home-formation-row-1.$home-player-3\"><span class=\"sp-c-lineup-pitch__player__name gs-u-display-block@xs \" data-reactid=\".k9ykfcs30u.0.0.0.1.$include-16.0.0.1:$panel-0.$0.0.0.0.2.0.0.1:$home-formation-row-1.$home-player-3.1\">Ale ani potom jsme neslo\u017eili zbran\u011b. Beever Jones m\u011bla dv\u011b polo\u0161ance a aktivita Gio, Gallia nebo Bj\u00f6rn po\u0159\u00e1d d\u00e1vala nad\u011bji na kontaktn\u00ed g\u00f3l. Bohu\u017eel ve 20. minut\u011b po rychl\u00e9 akci po ose Staniforth-Thomas poslala druh\u00e1 jmenovan\u00e1 z prav\u00e9ho k\u0159\u00eddla m\u00ed\u010d do v\u00e1pna, kde z prvn\u00edho dotyku si B\u00f8e Risa p\u0159idala druh\u00fd dne\u0161n\u00ed z\u00e1\u0159ez do pa\u017eby &#8211; <strong>3:0.\u00a0 <\/strong>Nad\u011bji vyk\u0159esala o p\u011bt minut pozd\u011bji Park, kdy zu\u017eitkovala p\u011bkn\u00fd m\u00ed\u010d od Holmgaard. Dle m\u00e9ho n\u00e1zoru z ofsajdu za sebou nechala obranu Devils a p\u0159ekonala dom\u00e1c\u00ed brank\u00e1\u0159ku &#8211; <strong>3:1<\/strong>.<\/span><\/span><\/p>\n<p><span class=\"sp-c-lineup-pitch__player\" data-reactid=\".k9ykfcs30u.0.0.0.1.$include-16.0.0.1:$panel-0.$0.0.0.0.2.0.0.1:$home-formation-row-1.$home-player-3\"><span class=\"sp-c-lineup-pitch__player__name gs-u-display-block@xs \" data-reactid=\".k9ykfcs30u.0.0.0.1.$include-16.0.0.1:$panel-0.$0.0.0.0.2.0.0.1:$home-formation-row-1.$home-player-3.1\">Nad\u011bje netrvala ani dv\u011b minuty, kdy\u017e z nep\u0159ehledn\u00e9 tla\u010denice po rohu dopravila m\u00ed\u010d za brankovou \u010d\u00e1ru Moore &#8211; <strong>4:1. <\/strong>Ve sv\u011btle z\u00e1pasu Japonsko &#8211; \u0160pan\u011blsko na prob\u00edhaj\u00edc\u00edm mundialu bych r\u00e1d vid\u011bl VARovn\u00fd sn\u00edmek z brankov\u00e9 \u010d\u00e1ry, jak to doopravdy s t\u00edm objemem m\u00ed\u010de bylo. S\u00f8rensen reagoval sta\u017een\u00edm Gio a nasazen\u00edm Snoeijs, ale tristn\u00ed sk\u00f3re to nezlep\u0161ilo.<\/span><\/span><\/p>\n<h4>Druh\u00fd polo\u010das<\/h4>\n<p>jsme se pokusili nep\u0159\u00edzniv\u00fd stav zvr\u00e1tit, i kdy\u017e MUTD rozhodn\u011b neslo\u017eily ruce do kl\u00edna. P\u0159esto nad\u011bje probleskovala, i kdy\u017e s postupem \u010dasu st\u00e1le slab\u011bji a slab\u011bji. George v 56. minut\u011b vybojovala svoj\u00ed urputnost\u00ed m\u00ed\u010d pro S<span class=\"sp-c-lineup-pitch__player\" data-reactid=\".k9ykfcs30u.0.0.0.1.$include-16.0.0.1:$panel-0.$0.0.0.1.2.0.0.1:$away-formation-row-1.$away-player-3\"><span class=\"sp-c-lineup-pitch__player__name gs-u-display-block@xs \" data-reactid=\".k9ykfcs30u.0.0.0.1.$include-16.0.0.1:$panel-0.$0.0.0.1.2.0.0.1:$away-formation-row-1.$away-player-3.1\">\u00f8<\/span><\/span>rensen, kter\u00e1 te\u010dovanou st\u0159elou z d\u00e1lky \u0159\u00e1dn\u011b prot\u00e1hla Baggaley. Park oraz\u00edtkovala b\u0159evno, co\u017e se samoz\u0159ejm\u011b na sk\u00f3re neprojevilo. Na slabou n\u00e1plast jsme si museli po\u010dkat a\u017e do druh\u00e9 minuty prodlou\u017een\u00ed, kdy po rohu doklepla zbl\u00edzka m\u00ed\u010d do branky Holmgaard &#8211; <strong>4:2<\/strong>.<\/p>\n<h4>Z\u00e1v\u011br<\/h4>\n<p>Je jist\u011b pr\u00edma, \u017ee i p\u0159es por\u00e1\u017eky nen\u00ed na\u0161e hra zcela beznad\u011bjn\u00e1. Ale toto konstatov\u00e1n\u00ed se v z\u00e1v\u011brech leto\u0161n\u00edch report\u016f objevuje a\u017e p\u0159\u00edli\u0161 \u010dasto. Obrann\u00e9 lapsy (koment\u00e1tor kulantn\u011b ozna\u010dil polovinu na\u0161ich g\u00f3l\u016f jako &#8222;preventabiln\u00ed&#8220;) se hromad\u00ed na m\u016fj vkus u\u017e trochu moc. P\u0159i\u0161el \u010das na v\u00edt\u011bzstv\u00ed a na opat\u0159en\u00ed si n\u011bjak\u00fdch bod\u016f, proto\u017ee se vrac\u00ed liga. V ned\u011bli se o to m\u016f\u017eeme pokusit na p\u016fd\u011b Brighton &amp; Hove Albion. Dou\u00e1m v sebev\u011bdom\u00fd a \u00fasp\u011b\u0161n\u00fd z\u00e1pas. Bylo by kone\u010dn\u011b na \u010dase. <strong><span style=\"color: #0000ff;\">COYB!<\/span><\/strong><\/p>\n<p style=\"text-align: right;\"><span style=\"font-size: 8pt;\"><em>Fotografie: Park vs Thorisd\u00f3ttir (zdroj: Getty Images via royalbluemersey.sbnation.com)<\/em><\/span><\/p>\n<p><strong>Branky:<\/strong> <span class=\"sp-c-lineup-pitch__player\" data-reactid=\".k9ykfcs30u.0.0.0.1.$include-16.0.0.1:$panel-0.$0.0.0.0.2.0.0.1:$home-formation-row-1.$home-player-3\"><span class=\"sp-c-lineup-pitch__player__name gs-u-display-block@xs \" data-reactid=\".k9ykfcs30u.0.0.0.1.$include-16.0.0.1:$panel-0.$0.0.0.0.2.0.0.1:$home-formation-row-1.$home-player-3.1\">B\u00f8e Risa (1\u00b4, 20\u00b4), Williams (12\u00b4), Moore (27\u00b4) &#8211; Park (25 \u00b4), Holmgaard (90+2\u00b4)<\/span><\/span><\/p>\n<p><strong>\u017dK:<\/strong> Bennison<\/p>\n<p><strong>MUTD (4-2-3-1): <\/strong>Baggaley; <span class=\"sp-c-lineup-pitch__player\" data-reactid=\".k9ykfcs30u.0.0.0.1.$include-16.0.0.1:$panel-0.$0.0.0.0.2.0.0.1:$home-formation-row-1.$home-player-0\"><span class=\"sp-c-lineup-pitch__player__name gs-u-display-block@xs \" data-reactid=\".k9ykfcs30u.0.0.0.1.$include-16.0.0.1:$panel-0.$0.0.0.0.2.0.0.1:$home-formation-row-1.$home-player-0.1\">Batlle (Blundell 45\u00b4), <\/span><\/span><span class=\"sp-c-lineup-pitch__player\" data-reactid=\".k9ykfcs30u.0.0.0.1.$include-16.0.0.1:$panel-0.$0.0.0.0.2.0.0.1:$home-formation-row-1.$home-player-1\"><span class=\"sp-c-lineup-pitch__player__name gs-u-display-block@xs \" data-reactid=\".k9ykfcs30u.0.0.0.1.$include-16.0.0.1:$panel-0.$0.0.0.0.2.0.0.1:$home-formation-row-1.$home-player-1.1\">Tounkara,<\/span><\/span><span class=\"sp-c-lineup-pitch__player\" data-reactid=\".k9ykfcs30u.0.0.0.1.$include-16.0.0.1:$panel-0.$0.0.0.0.2.0.0.1:$home-formation-row-1.$home-player-2\"><span class=\"sp-c-lineup-pitch__player__name gs-u-display-block@xs \" data-reactid=\".k9ykfcs30u.0.0.0.1.$include-16.0.0.1:$panel-0.$0.0.0.0.2.0.0.1:$home-formation-row-1.$home-player-2.1\">Turner (Le Tissier 45\u00b4),<\/span><\/span><span class=\"sp-c-lineup-pitch__player\" data-reactid=\".k9ykfcs30u.0.0.0.1.$include-16.0.0.1:$panel-0.$0.0.0.0.2.0.0.1:$home-formation-row-1.$home-player-3\"><span class=\"sp-c-lineup-pitch__player__name gs-u-display-block@xs \" data-reactid=\".k9ykfcs30u.0.0.0.1.$include-16.0.0.1:$panel-0.$0.0.0.0.2.0.0.1:$home-formation-row-1.$home-player-3.1\">Thorisd\u00f3ttir; B\u00f8e Risa, Moore (Zelem 45\u00b4); Williams (Galton 84\u00b4), Staniforth, Garc\u00eda; Thomas<\/span><\/span><\/p>\n<p><strong>EFC (4-3-3): <\/strong>Brosnan; <span class=\"sp-c-lineup-pitch__player\" data-reactid=\".k9ykfcs30u.0.0.0.1.$include-16.0.0.1:$panel-0.$0.0.0.1.2.0.0.1:$away-formation-row-1.$away-player-0\"><span class=\"sp-c-lineup-pitch__player__name gs-u-display-block@xs \" data-reactid=\".k9ykfcs30u.0.0.0.1.$include-16.0.0.1:$panel-0.$0.0.0.1.2.0.0.1:$away-formation-row-1.$away-player-0.1\">Maier (Graham 45\u00b4), <\/span><\/span><span class=\"sp-c-lineup-pitch__player\" data-reactid=\".k9ykfcs30u.0.0.0.1.$include-16.0.0.1:$panel-0.$0.0.0.1.2.0.0.1:$away-formation-row-1.$away-player-1\"><span class=\"sp-c-lineup-pitch__player__name gs-u-display-block@xs \" data-reactid=\".k9ykfcs30u.0.0.0.1.$include-16.0.0.1:$panel-0.$0.0.0.1.2.0.0.1:$away-formation-row-1.$away-player-1.1\">George, S<\/span><\/span><span class=\"sp-c-lineup-pitch__player\" data-reactid=\".k9ykfcs30u.0.0.0.1.$include-16.0.0.1:$panel-0.$0.0.0.1.2.0.0.1:$away-formation-row-1.$away-player-2\"><span class=\"sp-c-lineup-pitch__player__name gs-u-display-block@xs \" data-reactid=\".k9ykfcs30u.0.0.0.1.$include-16.0.0.1:$panel-0.$0.0.0.1.2.0.0.1:$away-formation-row-1.$away-player-2.1\">evecke, <\/span><\/span><span class=\"sp-c-lineup-pitch__player\" data-reactid=\".k9ykfcs30u.0.0.0.1.$include-16.0.0.1:$panel-0.$0.0.0.1.2.0.0.1:$away-formation-row-1.$away-player-3\"><span class=\"sp-c-lineup-pitch__player__name gs-u-display-block@xs \" data-reactid=\".k9ykfcs30u.0.0.0.1.$include-16.0.0.1:$panel-0.$0.0.0.1.2.0.0.1:$away-formation-row-1.$away-player-3.1\">Galli; Holmgaard, Bennison (Christiansen 63\u00b4), Bj\u00f6rn; Park, Queiroz Costa (Snoeijs 29\u00b4), Beever-Jones (S\u00f8rensen 45\u00b4)\u00a0<\/span><\/span><\/p>\n<p><strong>Rozhod\u010d\u00ed:<\/strong> Simon Mather\u00a0 \u00a0<strong>Div\u00e1ci:<\/strong> 1519<\/p>\n<p><iframe loading=\"lazy\" title=\"Man Utd vs Everton FA Women&#039;s League Cup Highlights | Group A\" width=\"1140\" height=\"641\" src=\"https:\/\/www.youtube.com\/embed\/snk-TQT-0lg?feature=oembed\" frameborder=\"0\" allow=\"accelerometer; autoplay; clipboard-write; encrypted-media; gyroscope; picture-in-picture\" allowfullscreen><\/iframe><\/p>\n","protected":false},"excerpt":{"rendered":"<p>Prvn\u00ed polo\u010das se t\u0159emi g\u00f3ly v na\u0161\u00ed s\u00edti n\u00e1s vy\u0159adil\u00a0 z ligov\u00e9ho poh\u00e1ru.<\/p>\n","protected":false},"author":26,"featured_media":20451,"comment_status":"open","ping_status":"closed","sticky":false,"template":"","format":"standard","meta":{"_eb_attr":"","_monsterinsights_skip_tracking":false,"_monsterinsights_sitenote_active":false,"_monsterinsights_sitenote_note":"","_monsterinsights_sitenote_category":0,"footnotes":""},"categories":[110],"tags":[],"yoast_head":"<!-- This site is optimized with the Yoast SEO plugin v23.4 - https:\/\/yoast.com\/wordpress\/plugins\/seo\/ -->\n<title>Conti Cup: MUTD W - Everton W 4:2 - Official Czech &amp; Slovak Everton Supporters&#039; Club<\/title>\n<meta name=\"robots\" content=\"index, follow, max-snippet:-1, max-image-preview:large, max-video-preview:-1\" \/>\n<link rel=\"canonical\" href=\"https:\/\/evertonfc.cz\/index.php\/2022\/12\/09\/conti-cup-mutd-w-everton-w-42\/\" \/>\n<meta property=\"og:locale\" content=\"cs_CZ\" \/>\n<meta property=\"og:type\" content=\"article\" \/>\n<meta property=\"og:title\" content=\"Conti Cup: MUTD W - Everton W 4:2 - Official Czech &amp; Slovak Everton Supporters&#039; Club\" \/>\n<meta property=\"og:description\" content=\"Prvn\u00ed polo\u010das se t\u0159emi g\u00f3ly v na\u0161\u00ed s\u00edti n\u00e1s vy\u0159adil\u00a0 z ligov\u00e9ho poh\u00e1ru.\" \/>\n<meta property=\"og:url\" content=\"https:\/\/evertonfc.cz\/index.php\/2022\/12\/09\/conti-cup-mutd-w-everton-w-42\/\" \/>\n<meta property=\"og:site_name\" content=\"Official Czech &amp; Slovak Everton Supporters&#039; Club\" \/>\n<meta property=\"article:publisher\" content=\"https:\/\/www.facebook.com\/everton.fans.cz.sk\" \/>\n<meta property=\"article:published_time\" content=\"2022-12-09T21:52:03+00:00\" \/>\n<meta property=\"article:modified_time\" content=\"2022-12-11T08:26:18+00:00\" \/>\n<meta property=\"og:image\" content=\"https:\/\/evertonfc.cz\/wp-content\/uploads\/2022\/12\/Park-vs-MUTD-web-7_12_2022.jpg\" \/>\n\t<meta property=\"og:image:width\" content=\"720\" \/>\n\t<meta property=\"og:image:height\" content=\"405\" \/>\n\t<meta property=\"og:image:type\" content=\"image\/jpeg\" \/>\n<meta name=\"author\" content=\"Karamela\" \/>\n<meta name=\"twitter:card\" content=\"summary_large_image\" \/>\n<meta name=\"twitter:label1\" content=\"Napsal(a)\" \/>\n\t<meta name=\"twitter:data1\" content=\"Karamela\" \/>\n\t<meta name=\"twitter:label2\" content=\"Odhadovan\u00e1 doba \u010dten\u00ed\" \/>\n\t<meta name=\"twitter:data2\" content=\"3 minuty\" \/>\n<script type=\"application\/ld+json\" class=\"yoast-schema-graph\">{\"@context\":\"https:\/\/schema.org\",\"@graph\":[{\"@type\":\"Article\",\"@id\":\"https:\/\/evertonfc.cz\/index.php\/2022\/12\/09\/conti-cup-mutd-w-everton-w-42\/#article\",\"isPartOf\":{\"@id\":\"https:\/\/evertonfc.cz\/index.php\/2022\/12\/09\/conti-cup-mutd-w-everton-w-42\/\"},\"author\":{\"name\":\"Karamela\",\"@id\":\"https:\/\/evertonfc.cz\/#\/schema\/person\/e9a24a80a32efa1344dd2c4e5882185c\"},\"headline\":\"Conti Cup: MUTD W &#8211; Everton W 4:2\",\"datePublished\":\"2022-12-09T21:52:03+00:00\",\"dateModified\":\"2022-12-11T08:26:18+00:00\",\"mainEntityOfPage\":{\"@id\":\"https:\/\/evertonfc.cz\/index.php\/2022\/12\/09\/conti-cup-mutd-w-everton-w-42\/\"},\"wordCount\":696,\"commentCount\":0,\"publisher\":{\"@id\":\"https:\/\/evertonfc.cz\/#organization\"},\"image\":{\"@id\":\"https:\/\/evertonfc.cz\/index.php\/2022\/12\/09\/conti-cup-mutd-w-everton-w-42\/#primaryimage\"},\"thumbnailUrl\":\"https:\/\/evertonfc.cz\/wp-content\/uploads\/2022\/12\/Park-vs-MUTD-web-7_12_2022.jpg\",\"articleSection\":[\"Everton Women\"],\"inLanguage\":\"cs\",\"potentialAction\":[{\"@type\":\"CommentAction\",\"name\":\"Comment\",\"target\":[\"https:\/\/evertonfc.cz\/index.php\/2022\/12\/09\/conti-cup-mutd-w-everton-w-42\/#respond\"]}]},{\"@type\":\"WebPage\",\"@id\":\"https:\/\/evertonfc.cz\/index.php\/2022\/12\/09\/conti-cup-mutd-w-everton-w-42\/\",\"url\":\"https:\/\/evertonfc.cz\/index.php\/2022\/12\/09\/conti-cup-mutd-w-everton-w-42\/\",\"name\":\"Conti Cup: MUTD W - Everton W 4:2 - Official Czech &amp; Slovak Everton Supporters&#039; Club\",\"isPartOf\":{\"@id\":\"https:\/\/evertonfc.cz\/#website\"},\"primaryImageOfPage\":{\"@id\":\"https:\/\/evertonfc.cz\/index.php\/2022\/12\/09\/conti-cup-mutd-w-everton-w-42\/#primaryimage\"},\"image\":{\"@id\":\"https:\/\/evertonfc.cz\/index.php\/2022\/12\/09\/conti-cup-mutd-w-everton-w-42\/#primaryimage\"},\"thumbnailUrl\":\"https:\/\/evertonfc.cz\/wp-content\/uploads\/2022\/12\/Park-vs-MUTD-web-7_12_2022.jpg\",\"datePublished\":\"2022-12-09T21:52:03+00:00\",\"dateModified\":\"2022-12-11T08:26:18+00:00\",\"breadcrumb\":{\"@id\":\"https:\/\/evertonfc.cz\/index.php\/2022\/12\/09\/conti-cup-mutd-w-everton-w-42\/#breadcrumb\"},\"inLanguage\":\"cs\",\"potentialAction\":[{\"@type\":\"ReadAction\",\"target\":[\"https:\/\/evertonfc.cz\/index.php\/2022\/12\/09\/conti-cup-mutd-w-everton-w-42\/\"]}]},{\"@type\":\"ImageObject\",\"inLanguage\":\"cs\",\"@id\":\"https:\/\/evertonfc.cz\/index.php\/2022\/12\/09\/conti-cup-mutd-w-everton-w-42\/#primaryimage\",\"url\":\"https:\/\/evertonfc.cz\/wp-content\/uploads\/2022\/12\/Park-vs-MUTD-web-7_12_2022.jpg\",\"contentUrl\":\"https:\/\/evertonfc.cz\/wp-content\/uploads\/2022\/12\/Park-vs-MUTD-web-7_12_2022.jpg\",\"width\":720,\"height\":405},{\"@type\":\"BreadcrumbList\",\"@id\":\"https:\/\/evertonfc.cz\/index.php\/2022\/12\/09\/conti-cup-mutd-w-everton-w-42\/#breadcrumb\",\"itemListElement\":[{\"@type\":\"ListItem\",\"position\":1,\"name\":\"Home\",\"item\":\"https:\/\/evertonfc.cz\/\"},{\"@type\":\"ListItem\",\"position\":2,\"name\":\"Conti Cup: MUTD W &#8211; Everton W 4:2\"}]},{\"@type\":\"WebSite\",\"@id\":\"https:\/\/evertonfc.cz\/#website\",\"url\":\"https:\/\/evertonfc.cz\/\",\"name\":\"Official Czech &amp; Slovak Everton Supporters&#039; Club\",\"description\":\"\",\"publisher\":{\"@id\":\"https:\/\/evertonfc.cz\/#organization\"},\"potentialAction\":[{\"@type\":\"SearchAction\",\"target\":{\"@type\":\"EntryPoint\",\"urlTemplate\":\"https:\/\/evertonfc.cz\/?s={search_term_string}\"},\"query-input\":{\"@type\":\"PropertyValueSpecification\",\"valueRequired\":true,\"valueName\":\"search_term_string\"}}],\"inLanguage\":\"cs\"},{\"@type\":\"Organization\",\"@id\":\"https:\/\/evertonfc.cz\/#organization\",\"name\":\"Official Czech & Slovak Everton Supporters' Club\",\"url\":\"https:\/\/evertonfc.cz\/\",\"logo\":{\"@type\":\"ImageObject\",\"inLanguage\":\"cs\",\"@id\":\"https:\/\/evertonfc.cz\/#\/schema\/logo\/image\/\",\"url\":\"https:\/\/evertonfc.cz\/wp-content\/uploads\/2019\/05\/logo.png\",\"contentUrl\":\"https:\/\/evertonfc.cz\/wp-content\/uploads\/2019\/05\/logo.png\",\"width\":112,\"height\":112,\"caption\":\"Official Czech & Slovak Everton Supporters' Club\"},\"image\":{\"@id\":\"https:\/\/evertonfc.cz\/#\/schema\/logo\/image\/\"},\"sameAs\":[\"https:\/\/www.facebook.com\/everton.fans.cz.sk\"]},{\"@type\":\"Person\",\"@id\":\"https:\/\/evertonfc.cz\/#\/schema\/person\/e9a24a80a32efa1344dd2c4e5882185c\",\"name\":\"Karamela\",\"url\":\"https:\/\/evertonfc.cz\/index.php\/author\/karamela\/\"}]}<\/script>\n<!-- \/ Yoast SEO plugin. -->","yoast_head_json":{"title":"Conti Cup: MUTD W - Everton W 4:2 - Official Czech &amp; Slovak Everton Supporters&#039; Club","robots":{"index":"index","follow":"follow","max-snippet":"max-snippet:-1","max-image-preview":"max-image-preview:large","max-video-preview":"max-video-preview:-1"},"canonical":"https:\/\/evertonfc.cz\/index.php\/2022\/12\/09\/conti-cup-mutd-w-everton-w-42\/","og_locale":"cs_CZ","og_type":"article","og_title":"Conti Cup: MUTD W - Everton W 4:2 - Official Czech &amp; Slovak Everton Supporters&#039; Club","og_description":"Prvn\u00ed polo\u010das se t\u0159emi g\u00f3ly v na\u0161\u00ed s\u00edti n\u00e1s vy\u0159adil\u00a0 z ligov\u00e9ho poh\u00e1ru.","og_url":"https:\/\/evertonfc.cz\/index.php\/2022\/12\/09\/conti-cup-mutd-w-everton-w-42\/","og_site_name":"Official Czech &amp; Slovak Everton Supporters&#039; Club","article_publisher":"https:\/\/www.facebook.com\/everton.fans.cz.sk","article_published_time":"2022-12-09T21:52:03+00:00","article_modified_time":"2022-12-11T08:26:18+00:00","og_image":[{"width":720,"height":405,"url":"https:\/\/evertonfc.cz\/wp-content\/uploads\/2022\/12\/Park-vs-MUTD-web-7_12_2022.jpg","type":"image\/jpeg"}],"author":"Karamela","twitter_card":"summary_large_image","twitter_misc":{"Napsal(a)":"Karamela","Odhadovan\u00e1 doba \u010dten\u00ed":"3 minuty"},"schema":{"@context":"https:\/\/schema.org","@graph":[{"@type":"Article","@id":"https:\/\/evertonfc.cz\/index.php\/2022\/12\/09\/conti-cup-mutd-w-everton-w-42\/#article","isPartOf":{"@id":"https:\/\/evertonfc.cz\/index.php\/2022\/12\/09\/conti-cup-mutd-w-everton-w-42\/"},"author":{"name":"Karamela","@id":"https:\/\/evertonfc.cz\/#\/schema\/person\/e9a24a80a32efa1344dd2c4e5882185c"},"headline":"Conti Cup: MUTD W &#8211; Everton W 4:2","datePublished":"2022-12-09T21:52:03+00:00","dateModified":"2022-12-11T08:26:18+00:00","mainEntityOfPage":{"@id":"https:\/\/evertonfc.cz\/index.php\/2022\/12\/09\/conti-cup-mutd-w-everton-w-42\/"},"wordCount":696,"commentCount":0,"publisher":{"@id":"https:\/\/evertonfc.cz\/#organization"},"image":{"@id":"https:\/\/evertonfc.cz\/index.php\/2022\/12\/09\/conti-cup-mutd-w-everton-w-42\/#primaryimage"},"thumbnailUrl":"https:\/\/evertonfc.cz\/wp-content\/uploads\/2022\/12\/Park-vs-MUTD-web-7_12_2022.jpg","articleSection":["Everton Women"],"inLanguage":"cs","potentialAction":[{"@type":"CommentAction","name":"Comment","target":["https:\/\/evertonfc.cz\/index.php\/2022\/12\/09\/conti-cup-mutd-w-everton-w-42\/#respond"]}]},{"@type":"WebPage","@id":"https:\/\/evertonfc.cz\/index.php\/2022\/12\/09\/conti-cup-mutd-w-everton-w-42\/","url":"https:\/\/evertonfc.cz\/index.php\/2022\/12\/09\/conti-cup-mutd-w-everton-w-42\/","name":"Conti Cup: MUTD W - Everton W 4:2 - Official Czech &amp; Slovak Everton Supporters&#039; Club","isPartOf":{"@id":"https:\/\/evertonfc.cz\/#website"},"primaryImageOfPage":{"@id":"https:\/\/evertonfc.cz\/index.php\/2022\/12\/09\/conti-cup-mutd-w-everton-w-42\/#primaryimage"},"image":{"@id":"https:\/\/evertonfc.cz\/index.php\/2022\/12\/09\/conti-cup-mutd-w-everton-w-42\/#primaryimage"},"thumbnailUrl":"https:\/\/evertonfc.cz\/wp-content\/uploads\/2022\/12\/Park-vs-MUTD-web-7_12_2022.jpg","datePublished":"2022-12-09T21:52:03+00:00","dateModified":"2022-12-11T08:26:18+00:00","breadcrumb":{"@id":"https:\/\/evertonfc.cz\/index.php\/2022\/12\/09\/conti-cup-mutd-w-everton-w-42\/#breadcrumb"},"inLanguage":"cs","potentialAction":[{"@type":"ReadAction","target":["https:\/\/evertonfc.cz\/index.php\/2022\/12\/09\/conti-cup-mutd-w-everton-w-42\/"]}]},{"@type":"ImageObject","inLanguage":"cs","@id":"https:\/\/evertonfc.cz\/index.php\/2022\/12\/09\/conti-cup-mutd-w-everton-w-42\/#primaryimage","url":"https:\/\/evertonfc.cz\/wp-content\/uploads\/2022\/12\/Park-vs-MUTD-web-7_12_2022.jpg","contentUrl":"https:\/\/evertonfc.cz\/wp-content\/uploads\/2022\/12\/Park-vs-MUTD-web-7_12_2022.jpg","width":720,"height":405},{"@type":"BreadcrumbList","@id":"https:\/\/evertonfc.cz\/index.php\/2022\/12\/09\/conti-cup-mutd-w-everton-w-42\/#breadcrumb","itemListElement":[{"@type":"ListItem","position":1,"name":"Home","item":"https:\/\/evertonfc.cz\/"},{"@type":"ListItem","position":2,"name":"Conti Cup: MUTD W &#8211; Everton W 4:2"}]},{"@type":"WebSite","@id":"https:\/\/evertonfc.cz\/#website","url":"https:\/\/evertonfc.cz\/","name":"Official Czech &amp; Slovak Everton Supporters&#039; Club","description":"","publisher":{"@id":"https:\/\/evertonfc.cz\/#organization"},"potentialAction":[{"@type":"SearchAction","target":{"@type":"EntryPoint","urlTemplate":"https:\/\/evertonfc.cz\/?s={search_term_string}"},"query-input":{"@type":"PropertyValueSpecification","valueRequired":true,"valueName":"search_term_string"}}],"inLanguage":"cs"},{"@type":"Organization","@id":"https:\/\/evertonfc.cz\/#organization","name":"Official Czech & Slovak Everton Supporters' Club","url":"https:\/\/evertonfc.cz\/","logo":{"@type":"ImageObject","inLanguage":"cs","@id":"https:\/\/evertonfc.cz\/#\/schema\/logo\/image\/","url":"https:\/\/evertonfc.cz\/wp-content\/uploads\/2019\/05\/logo.png","contentUrl":"https:\/\/evertonfc.cz\/wp-content\/uploads\/2019\/05\/logo.png","width":112,"height":112,"caption":"Official Czech & Slovak Everton Supporters' Club"},"image":{"@id":"https:\/\/evertonfc.cz\/#\/schema\/logo\/image\/"},"sameAs":["https:\/\/www.facebook.com\/everton.fans.cz.sk"]},{"@type":"Person","@id":"https:\/\/evertonfc.cz\/#\/schema\/person\/e9a24a80a32efa1344dd2c4e5882185c","name":"Karamela","url":"https:\/\/evertonfc.cz\/index.php\/author\/karamela\/"}]}},"_links":{"self":[{"href":"https:\/\/evertonfc.cz\/index.php\/wp-json\/wp\/v2\/posts\/20449"}],"collection":[{"href":"https:\/\/evertonfc.cz\/index.php\/wp-json\/wp\/v2\/posts"}],"about":[{"href":"https:\/\/evertonfc.cz\/index.php\/wp-json\/wp\/v2\/types\/post"}],"author":[{"embeddable":true,"href":"https:\/\/evertonfc.cz\/index.php\/wp-json\/wp\/v2\/users\/26"}],"replies":[{"embeddable":true,"href":"https:\/\/evertonfc.cz\/index.php\/wp-json\/wp\/v2\/comments?post=20449"}],"version-history":[{"count":14,"href":"https:\/\/evertonfc.cz\/index.php\/wp-json\/wp\/v2\/posts\/20449\/revisions"}],"predecessor-version":[{"id":20468,"href":"https:\/\/evertonfc.cz\/index.php\/wp-json\/wp\/v2\/posts\/20449\/revisions\/20468"}],"wp:featuredmedia":[{"embeddable":true,"href":"https:\/\/evertonfc.cz\/index.php\/wp-json\/wp\/v2\/media\/20451"}],"wp:attachment":[{"href":"https:\/\/evertonfc.cz\/index.php\/wp-json\/wp\/v2\/media?parent=20449"}],"wp:term":[{"taxonomy":"category","embeddable":true,"href":"https:\/\/evertonfc.cz\/index.php\/wp-json\/wp\/v2\/categories?post=20449"},{"taxonomy":"post_tag","embeddable":true,"href":"https:\/\/evertonfc.cz\/index.php\/wp-json\/wp\/v2\/tags?post=20449"}],"curies":[{"name":"wp","href":"https:\/\/api.w.org\/{rel}","templated":true}]}}