{"id":2046,"date":"2018-06-09T20:40:20","date_gmt":"2018-06-09T18:40:20","guid":{"rendered":"http:\/\/evertonfc.cz\/?p=2046"},"modified":"2021-04-20T09:54:02","modified_gmt":"2021-04-20T07:54:02","slug":"game-of-loans-kieran-dowell","status":"publish","type":"post","link":"https:\/\/evertonfc.cz\/index.php\/2018\/06\/09\/game-of-loans-kieran-dowell\/","title":{"rendered":"Game of Loans: Kieran Dowell"},"content":{"rendered":"\r\n<h4 class=\"wp-block-heading\">Rod\u00e1k z Ormskirku a vych\u00e1dzaj\u00faca hviezdi\u010dka akad\u00e9mie. Ako sa darilo v drese Nottinghamu Forest \u010d\u00edslu 20, sa dozviete v rozhovore priamo od samotn\u00fdch Tricky Trees.<\/h4>\r\n\r\n\r\n\r\n<p>Pam\u00e4t\u00e1te sa? Ja som v\u00e1s varoval a u\u017e ho tu m\u00e1me. Redakcii toti\u017e ned\u00e1 sp\u00e1va\u0165. Ch\u00fdry sa \u0161\u00edrili r\u00fdchlos\u0165ou internetov\u00e9ho pripojenia a ospevn\u00e9 hlasy z druhej ligy referovali, u\u017e n\u00e1m zn\u00e1me poznatky. Len\u017ee ka\u017ed\u00e1 minca m\u00e1 dve strany. Podobne ako sez\u00f3na v Championship. I tie temn\u00e9 z\u00e1kutia Dowellovho hos\u0165ovania s poh\u013eadu najpoverenej\u0161ieho, n\u00e1m objasn\u00ed Viktor. \u010clovek, ktor\u00fd stoj\u00ed za dom\u00e9nou\u00a0<a href=\"http:\/\/nottinghamforest.cz\/\" target=\"_blank\" rel=\"noreferrer noopener\">NottinghamForest.cz<\/a>!<\/p>\r\n\r\n\r\n\r\n<h4><em><span style=\"font-size: 12pt;\"><strong>V prvom rade Ti chcem po\u010fakova\u0165, \u017ee si prijal moju ponuku na tento rozhovor. Sna\u017e\u00edme sa \u010dl\u00e1nky robi\u0165 zauj\u00edmavej\u0161\u00edmi a mysl\u00edm si, \u017ee za\u010dlenenie perspekt\u00edvy z prvej l\u00ednie je v\u017edy o\u017eivuj\u00face. Preto som mal u\u013eah\u010den\u00fa pr\u00e1cu, ke\u010f\u017ee na webe disponujeme odkazom na nottinghamsk\u00fd klub, ktor\u00fd rozhodne patr\u00ed medzi najsympatickej\u0161ie a i ke\u010f \u010derven\u00fa farbu z princ\u00edpu nemus\u00edm, t\u00fa Va\u0161u rozhodne znesiem. Dokonca aj na na\u0161om hr\u00e1\u010dovi. Ako si sa pros\u00edm \u0165a dostal k fandeniu The \u201ebetter\u201c Reds a k webu, ktor\u00fd prev\u00e1dzkuje\u0161?<\/strong><\/span><\/em><\/h4>\r\n\r\n\r\n\r\n<p>J\u00e1 zase d\u011bkuji za projeven\u00fd z\u00e1jem o m\u00e9 n\u00e1zory. Nejprve k t\u00e9 \u010derven\u00e9 barv\u011b, samoz\u0159ejm\u011b ch\u00e1pu, kam m\u00ed\u0159\u00ed\u0161. Je t\u0159eba si uv\u011bdomit, \u017ee Forest jsou ti prav\u00ed Reds, doslova The Original Reds. Jako prvn\u00ed fotbalov\u00fd klub v Anglii (a tedy i na sv\u011bt\u011b) za\u010dali pou\u017e\u00edvat \u010dervenou barvu. A j\u00e1 osobn\u011b, stejn\u011b jako drtiv\u00e1 v\u011bt\u0161ina dal\u0161\u00edch fans Forest, ten \u010derven\u00fd klub z m\u011bsta, kde s\u00eddl\u00ed Everton, nem\u00e1m r\u00e1d. M\u00e9 fand\u011bn\u00ed Nottinghamu trv\u00e1 doslova n\u011bkolik des\u00edtek let, byl jsem kdysi fascinov\u00e1n mana\u017eerem Brianem Cloughem a \u00fasp\u011bchy, kter\u00e9 tento provin\u010dn\u00ed klub dok\u00e1zal pod veden\u00edm tohoto skute\u010dn\u00e9ho fotbalov\u00e9ho g\u00e9nia dos\u00e1hnout. Jen o Cloughovi bychom se mohli bavit n\u011bkolik hodin.<\/p>\r\n<p>Samoz\u0159ejm\u011b v \u010dasech \u017eelezn\u00e9 opony to bylo slo\u017eit\u011bj\u0161\u00ed, informac\u00ed moc nebylo. Ale se zm\u011bnou spole\u010densk\u00fdch pom\u011br\u016f jsem si na\u0161el kamar\u00e1dy v Anglii a v Irsku, uskute\u010dnil jsem n\u011bkolik n\u00e1v\u0161t\u011bv na Ostrovech a vid\u011bl jsem asi p\u0159es 40 z\u00e1pas\u016f Forest. Proto\u017ee jsem ji\u017e nestihl Reds v Premier League, nav\u0161t\u00edvil jsem krom\u011b na\u0161eho City Ground z\u00e1pasy nap\u0159. na stadionech v Coventry, Sheffieldu, Leedsu, Oldhamu nebo Wolverhamptonu. Byl jsem i na v\u00fdjezdu na letn\u00ed p\u0159\u00edprav\u011b v N\u011bmecku. Od roku 2003 provozuji web, na kter\u00fd se \u201enalepilo\u201c n\u011bkolik dal\u0161\u00edch \u010desk\u00fdch a slovensk\u00fdch fanou\u0161k\u016f, s \u0159adou z nich udr\u017eujeme pravideln\u00e9 kontakty. Bohu\u017eel mus\u00edm uznat, \u017ee se webov\u00fdm str\u00e1nk\u00e1m posledn\u00ed dobou nev\u011bnuji tolik, kolik by si zasluhovaly. Ale vypl\u00fdv\u00e1 to i z jist\u00e9 frustrace z d\u011bn\u00ed v klubu v posledn\u00edch sezon\u00e1ch.<\/p>\r\n\r\n\r\n\r\n<h4><em><span style=\"font-size: 12pt;\"><strong>Klob\u00fak dole. Tak\u00fato kapacitu nespoved\u00e1me ka\u017ed\u00fd de\u0148 a nie ka\u017ed\u00fd sa m\u00f4\u017ee pochv\u00e1li\u0165 tak\u00fdmito z\u00e1\u017eitkami. Ale k\u013e\u00fa\u010dov\u00e1 ot\u00e1zka mus\u00ed pr\u00eds\u0165, aby \u010ditatelia neodch\u00e1dzali namos\u00faren\u00ed. \u010co ty a Everton? Hovor\u00ed ti nie\u010do futbalov\u00e9 pozadie na Merseyside, pr\u00edpadne n\u00e1jde\u0161 nejak\u00e9 sympatie?<\/strong><\/span><\/em><\/h4>\r\n\r\n\r\n\r\n<p>Proto\u017ee ji\u017e toho pamatuju docela dost, vybavuje se mi zlat\u00e1 \u00e9ra klubu v polovin\u011b 80. let a jm\u00e9na jako Southall, Steven, Stevens. Jeden rok za v\u00e1s hr\u00e1l i Lineker, \u017ee? Vzpom\u00edn\u00e1m si docela dob\u0159e na z\u00e1pas s Bayernem v Poh\u00e1ru v\u00edt\u011bz\u016f, kter\u00fd Everton vyhr\u00e1l mysl\u00edm 3:1 a j\u00e1 se na to d\u00edval v z\u00e1padon\u011bmeck\u00e9 televizi, kterou jsme za komou\u0161\u016f v pohrani\u010d\u00ed bez probl\u00e9m\u016f chytali. Byl to \u00fachvatn\u00fd ma\u010d.<\/p>\r\n<p>A pak fin\u00e1le proti Rapidu V\u00edde\u0148, za kter\u00fd tehdy hr\u00e1l Tonda Panenka. M\u00e1me z t\u00e9 doby n\u011bco spole\u010dn\u00e9ho. Forest se ve druh\u00e9 polovin\u011b 80. let pravideln\u011b umis\u0165ovali v pop\u0159ed\u00ed tabulky a dvakr\u00e1t vyhr\u00e1li League Cup. Stejn\u011b jako Everton jsme byli po\u0161kozeni trestem od UEFA za \u0159\u00e1d\u011bn\u00ed fand\u016f Liverpoolu v Bruselu. Jakkoliv je m\u016fj vztah k Evertonu celkem neutr\u00e1ln\u00ed, porovn\u00e1m-li to s LFC\u2026 tady vlastn\u011b nen\u00ed co porovn\u00e1vat.<\/p>\r\n<p>Sympatie jsou jasn\u011b na modr\u00e9 stran\u011b. Oce\u0148uju to, \u017ee jste snad \u0161edes\u00e1t let nesestoupili z ligy a velice si mi l\u00edb\u00ed v\u00e1\u0161 tradi\u010dn\u00ed stadion Goodison Park. V\u00e1\u0161 web Evertonu ob\u010das sleduji, l\u00edb\u00ed se mi jeho tradi\u010dn\u00ed pojet\u00ed i design a tak\u00e9 oce\u0148uji jeho \u201edlouholetost\u201c. Zvl\u00e1\u0161\u0165 dnes, kdy soci\u00e1ln\u00ed s\u00edt\u011b norm\u00e1ln\u00ed weby v\u00e1lcuj\u00ed, je to t\u0159eba ocenit.<em><br \/><\/em><\/p>\r\n\r\n\r\n\r\n<h4><span style=\"font-size: 12pt;\"><em><strong>Ajaj\u00e1j, teraz si si n\u00e1ramne \u0161plhol. A m\u00e1\u0161 pravdu, Gary to s nami potiahol len jednu sez\u00f3nu pr\u00e1ve kv\u00f4li spom\u00ednan\u00e9mu trestu, ktor\u00fd doteraz v\u00e4\u010d\u0161ina s n\u00e1s nevie pred\u00fdcha\u0165. Hoci sme sa nestretli na tr\u00e1vniku takmer dvadsa\u0165 rokov, nie\u010do m\u00e1me spolo\u010dn\u00e9. Aj ako kluby a aj ako fan\u00fa\u0161ikovia, ktor\u00ed fandia zahrani\u010dn\u00e9mu klubu, vzdialen\u00e9mu takmer tis\u00edc m\u00ed\u013e, nie to e\u0161te kilometrov. Tradi\u010dn\u00fd klub bez novodob\u00e9ho \u00faspechu, v na\u0161ich kon\u010din\u00e1ch celkom raritn\u00e1 \u00fachylka. Ako vn\u00edma\u0161 dlhodob\u00e9 str\u00e1danie bez v\u00e4\u010d\u0161\u00edch \u00faspechov, ktor\u00e9 tr\u00e1pi oba na\u0161e t\u00e1bory? Je \u0165a\u017ek\u00e9 n\u00e1js\u0165 v \u010cech\u00e1ch a na Slovensku \u010fal\u0161\u00edch vyzn\u00e1va\u010dov \u201eLesa\u201c? Lebo Karamelky na stromoch tie\u017e zrovna nerast\u00fa&#8230;<\/strong><\/em><\/span><\/h4>\r\n\r\n\r\n\r\n<p>Moc n\u00e1s nen\u00ed, ale daj\u00ed se naj\u00edt. Fandov\u00e9 Forest jsou v\u011bt\u0161inou star\u0161\u00ed kluci, kte\u0159\u00ed pamatuj\u00ed \u00e9ru Briana Clougha nebo aspo\u0148 polovinu 90. let, kdy za n\u00e1s hr\u00e1l Collymore, byli jsme t\u0159et\u00ed v PL a dostali jsme se do \u010dtvrtfin\u00e1le Poh\u00e1ru UEFA. To u\u017e je ale d\u00e1vno pry\u010d. M\u00e1\u0161 pravdu, fandit klubu, kter\u00fd nem\u00e1 v posledn\u00ed dob\u011b trofeje, je podivn\u00e9 a snad je to i \u00fachylka. N\u011bkdy to nen\u00ed jednoduch\u00e9, kdy\u017e jaksi nen\u00ed vid\u011bt ani sv\u011btlo na konci tunelu a po kr\u00e1tkodob\u00e9m vzepjet\u00ed zase spadne\u0161 do bahna. Na druhou stranu je to dobr\u00fd test loajality.<\/p>\r\n<p>Fand\u00ed se zkr\u00e1tka a dob\u0159e jen jednomu klubu. M\u016f\u017ee\u0161 zm\u011bnit \u017eenu, pr\u00e1ci, auto \u2013 ale nikdy klub, kter\u00e9mu fand\u00ed\u0161. Je\u0161t\u011b upozorn\u00edm, \u017ee klub nen\u00ed Forest jako \u201eles\u201c, to je \u010dast\u00e1 z\u00e1m\u011bna. Forest se pojmenovali podle h\u0159i\u0161t\u011b Forest Recreation Ground, kde sehr\u00e1li na ja\u0159e 1866 sv\u016fj historicky prvn\u00ed z\u00e1pas proti Notts County. Tak\u017ee nikoliv Les nebo Lesn\u00edci, jak se n\u00e1m v \u010cesku a na Slovensku ob\u010das \u0159\u00edk\u00e1. My jsme prost\u011b Reds nebo Forest, ale zkr\u00e1tka ne jako les, no&#8230;<\/p>\r\n\r\n\r\n\r\n<h4><em><span style=\"font-size: 12pt;\"><strong>Ou, tak to sa mus\u00edm hne\u010f aj ospravedlni\u0165. Viem, \u017ee aj my sme h\u00e1kliv\u00ed na tak\u00e9to veci. Ka\u017edop\u00e1dne, nikto kto si pre\u010d\u00edta tento u\u017e skvel\u00fd rozhovor, neod\u00edde bez pocitu zados\u0165u\u010dinenia z nadobudnut\u00fdch poznatkov. Collymore? Hrie\u0161nik jeden&#8230; Ja osobne som celkom s\u010d\u00edtan\u00fd na va\u0161ej dom\u00e9ne, av\u0161ak to ist\u00e9 nem\u00f4\u017eem poveda\u0165 o druh\u00fdch. Ur\u010dite im to ale viem odporu\u010di\u0165. \u010clovek by povedal, \u017ee nie je pr\u00e1ve v\u00fdhra \u00eds\u0165 od rodiny Al-Hasawi k Marinakisovi. M\u00f4\u017ee\u0161 n\u00e1m pros\u00edm \u0165a osvetli\u0165 s\u00fa\u010dasn\u00fa situ\u00e1ciu Nottinghamu Forest a d\u00f4vod, pre\u010do nebojujete v play-off o Premier League pravidelne vy, ale Derby County?<\/strong><\/span><\/em><\/h4>\r\n\r\n\r\n\r\n<p>Pod\u00edvej, tv\u00e1 \u00favaha stran majitel\u016f je myln\u00e1. Al-Hasawi, to byla naprost\u00e1 katastrofa! Ano, kdy\u017e v l\u00e9t\u011b 2012 klub koupil, d\u00e1 se \u0159\u00edct, \u017ee ho zachr\u00e1nil. Ale jeho dal\u0161\u00ed kroky, to byl chaos, zmatek nad zmatek. Pozdn\u00ed placen\u00ed faktur, opo\u017ed\u011bn\u00e9 platby za p\u0159estupy, vyhazovy schopn\u00fdch zam\u011bstnanc\u016f v klubu, neust\u00e1l\u00e9 v\u00fdm\u011bny mana\u017eer\u016f. Nakonec to dopadlo tak, \u017ee \u0159ada d\u016fle\u017eit\u00fdch pozic ve veden\u00ed nebyla v\u016fbec obsazena. Na poli p\u0159estup\u016f to bylo taky \u0161patn\u00e9, vyhodilo se ukrutn\u00e9 mno\u017estv\u00ed pen\u011bz \u010dasto za hr\u00e1\u010de, kte\u0159\u00ed v\u016fbec nem\u011bli kvalitu a d\u0159\u00edv nebo pozd\u011bji \u0161li stejn\u011b pry\u010d.<\/p>\r\n<p>Pozitivem bylo, \u017ee zainvestoval do akademie, kter\u00e1 produkuje docela solidn\u00ed fotbalisty. Ano, Marinakis je ur\u010dit\u011b kovboj, zpr\u00e1vy z \u0158ecka jsou \u010dasto dost zvl\u00e1\u0161tn\u00ed, na druhou stranu je to chlap, co o fotbale n\u011bco v\u00ed a n\u011bco v n\u011bm dok\u00e1zal. Snad bude cht\u00edt n\u011bco dok\u00e1zat i v Anglii. Klub zbavil dluh\u016f, sehnal kvalitn\u00ed lidi do veden\u00ed, tak\u017ee uvid\u00edme.<\/p>\r\n<p>Bohu\u017eel na h\u0159i\u0161ti to st\u00e1le ne\u0161lape. Kv\u016fli Al-Hasawimu utr\u00e1cen\u00ed na n\u00e1s p\u0159ed p\u00e1r lety uvalili embargo vypl\u00fdvaj\u00edc\u00ed z FFP (by\u0165 osobn\u011b toto pravidlo pova\u017euju za \u0161patn\u00e9, pop\u00edr\u00e1 kapitalismus voln\u00e9 sout\u011b\u017ee, ale Z\u00e1pad je dnes celkov\u011b prolezl\u00fd v\u0161emo\u017en\u00fdmi regulacemi, tak se asi nen\u00ed co divit), tak\u017ee jsme asi rok nemohli d\u011blat p\u0159estupy. Neust\u00e1le se m\u011bnili mana\u017ee\u0159i, ka\u017ed\u00fd z nich m\u011bl jin\u00e9 pojet\u00ed fotbalu, a tak z toho v\u0161eho byl jen chaos. V Derby t\u00e9 stability bylo v\u00edc, a tak je n\u00e1\u0161 rival posledn\u00ed dobou lep\u0161\u00ed. Ale koneckonc\u016f tak\u00e9 to nikam nevedlo.<\/p>\r\n\r\n\r\n\r\n<h4><em><span style=\"font-size: 12pt;\"><strong>Ja som z\u00e1stanca my\u0161lienky, \u017ee klub maj\u00fa vlastni\u0165 fan\u00fa\u0161ikovia, no nie v\u017edy sa to d\u00e1, v\u0161ak? Nebol som nad\u0161en\u00fd ani ke\u010f Moshiri prevzal opraty, ale zatia\u013e to je sk\u00f4r spasite\u013e ne\u017e nutn\u00e9 zlo. Mark Warburton cez leto uk\u00e1zal prstom pr\u00e1ve na na\u0161u mlad\u00fa n\u00e1dej, ktor\u00fa priviedol na ro\u010dn\u00e9 hos\u0165ovanie. Kieran mal vtedy st\u00e1le 19 rokov a bol pova\u017eovan\u00fd za \u010fal\u0161iu vych\u00e1dzaj\u00facu hviezdu akad\u00e9mie po Rossovi Barkleym, \u010di Wayneom Rooneym. Vedel si o koho ide? Ja sa prizn\u00e1m, ja som mal dobr\u00fa predtuchu. Videl som typologick\u00e9 n\u00e1kupy a tu\u0161il som, \u017ee \u0161t\u00fdl ex-mana\u017e\u00e9ra Rangers mu sadne.<\/strong><\/span><\/em><\/h4>\r\n\r\n\r\n\r\n<p>Zjistil jsem si o n\u011bm informace a\u017e ve chv\u00edli, kdy p\u0159ich\u00e1zel. Byla to ur\u010dit\u011b dobr\u00e1 volba, a\u0165 pro Dowella, nebo pro Forest. Warburton preferuje kombina\u010dn\u00ed styl, do n\u011bho\u017e Kieran dob\u0159e zapadl, nav\u00edc je to velice dobr\u00fd exekutor standardn\u00edch situac\u00ed. Warburton\u016fv fotbal je ale z\u00e1rove\u0148 i trochu naivn\u00ed. Je to prost\u011b \u201ep\u0159ihr\u00e1vka za ka\u017edou cenu\u201c. A kdy\u017e na to nen\u00ed hr\u00e1\u010dsk\u00e1 kvalita, jde to do kopru. Tak se taky st\u00e1valo, \u017ee jsme se up\u0159ihr\u00e1vkovali a\u017e k vlastn\u00edmu velk\u00e9mu v\u00e1pnu, m\u00edsto odkopu p\u0159i\u0161la chyba, nahr\u00e1vka soupe\u0159i a inkasovan\u00fd g\u00f3l. Defenzivn\u00ed \u010dinnost byla pod Warburtonem jedn\u00edm slovem zoufal\u00e1.<\/p>\r\n\r\n\r\n\r\n<h4><span style=\"font-size: 12pt;\"><em><strong>Jeho mal\u00e9 dobrodru\u017estvo v druhej lige som jedn\u00fdm o\u010dkom sledoval a \u00faprimne, ne\u010dakal som a\u017e tak\u00fa priam strhuj\u00facu polku kampane v jeho podan\u00ed. Predpoklad\u00e1m, \u017ee ani ty. Vie\u0161 n\u00e1m poveda\u0165, v \u010dom vynikal a pre\u010do si V\u00e1s z\u00edskal? Zvyknem ho toti\u017e aj fam\u00edliarne naz\u00fdva\u0165 \u201eP\u00e1n Prv\u00fd Dotyk\u201c \u010di \u201e\u013dav\u00e1 Noha Diabla\u201c.<\/strong><\/em><\/span><\/h4>\r\n\r\n\r\n\r\n<p>Vynikaj\u00edc\u00ed cit pro p\u0159ihr\u00e1vku, velmi dobr\u00e9 zpracov\u00e1n\u00ed m\u00ed\u010de, solidn\u00ed st\u0159elba. Rozhodn\u011b to byla kvalitn\u00ed posila. P\u0159ekvapila m\u011b i jeho st\u0159eleck\u00e1 \u00fasp\u011b\u0161nost. A i kdy\u017e je to takov\u00fd \u201echroust\u201c, popasoval se slu\u0161n\u011b i s fyzicky vysp\u011blej\u0161\u00edmi protihr\u00e1\u010di v z\u00e1lo\u017en\u00edch \u0159ad\u00e1ch soupe\u0159\u016f. Jako fandov\u00e9 jsme si ho velmi obl\u00edbili, samoz\u0159ejm\u011b n\u00e1m bylo l\u00edto, \u017ee to nen\u00ed n\u00e1\u0161 hr\u00e1\u010d, ale z hostova\u010dek v posledn\u00edch letech byl Kieran jeden z nejlep\u0161\u00edch.<\/p>\r\n\r\n\r\n\r\n<h4><em><span style=\"font-size: 12pt;\"><strong>Potom v\u0161ak pri\u0161la drsn\u00e1 zima s jej n\u00e1valom z\u00e1pasov, v\u00fdmena tr\u00e9nera a zd\u00e1 sa, \u017ee Dowella to celkom zasko\u010dilo. Ve\u013ea sa vrav\u00ed o strate jeho sebavedomia. Kde bol pod\u013ea teba probl\u00e9m? Posadil ho u\u017e Warburton, alebo pri\u0161iel \u00fatlm po n\u00e1stupe \u0160paniela? Vrav\u00ed sa toti\u017e, \u017ee Karanka je pr\u00e1ve poctivo defenz\u00edvny a viem si predstavi\u0165, ako znechutene Kieran vyklus\u00e1val z\u00e1pasy na perif\u00e9rii diania.<\/strong><\/span><\/em><\/h4>\r\n\r\n\r\n\r\n<p>Nem\u00e1 cenu zd\u016fraz\u0148ovat, jak je Championship t\u011b\u017ek\u00e1 sout\u011b\u017e. Zvl\u00e1\u0161\u0165 pro mlad\u00e9 hr\u00e1\u010de (ale i pro mnoho kluk\u016f t\u0159eba z francouzsk\u00e9 nebo holandsk\u00e9 ligy, ti \u010dasto v\u016fbec nech\u00e1pou, co se d\u011bje&#8230;) a Dowell to asi trochu poc\u00edtil. Warburton mu v\u011b\u0159il, ale mysl\u00edm, \u017ee u\u017e za n\u011bj ob\u010das sed\u011bl. Spr\u00e1vn\u011b p\u0159ipom\u00edn\u00e1\u0161, \u017ee Karanka preferuje jin\u00fd fotbal, je zalo\u017een\u00fd na defenziv\u011b. Na Kieran\u016fv post si po\u0159\u00eddil na hostov\u00e1n\u00ed Tomlina z Cardiffu, ten se hned od za\u010d\u00e1tku chytil, a tak dost\u00e1val jednozna\u010dn\u011b p\u0159ednost.<\/p>\r\n\r\n\r\n\r\n<h4><em><span style=\"font-size: 12pt;\"><strong>My tu m\u00e1me za to, \u017ee jeho v\u00fdlet na City Ground bol \u00faspe\u0161n\u00fd \u0165ah, ako pre klub, tak pre hr\u00e1\u010da. Ty m\u00e1\u0161 z toho ak\u00fd pocit? Ak si zosumarizuje\u0161 sez\u00f3nu celkovo, mysl\u00ed\u0161, \u017ee by bol jeho pr\u00ednos nahradite\u013en\u00fd? Aj Aitor a Mark sa nechali po\u010du\u0165, \u017ee chlapec m\u00e1, respekt\u00edve m\u00f4\u017ee ma\u0165 pred sebou ve\u013ek\u00fa a svetl\u00fa bud\u00facnos\u0165.<\/strong><\/span><\/em><\/h4>\r\n\r\n\r\n\r\n<p>Ano, opakuji, \u017ee to bylo oboustrann\u011b prosp\u011b\u0161n\u00e9. Zvl\u00e1\u0161\u0165 v prvn\u00ed polovin\u011b sezony jsme mohli Dowella ozna\u010dit za jednoho z tahoun\u016f t\u00fdmu, tro\u0161ku mu \u010dasem u\u0161kodila jist\u00e1 liknavost v defenziv\u011b, kter\u00e1 ale souvis\u00ed i s nezku\u0161enost\u00ed. P\u0159i\u0161la i ztr\u00e1ta formy. T\u011b\u017eko se to celkov\u011b hodnot\u00ed, proto\u017ee do\u0161lo ke zm\u011bn\u011b tren\u00e9ra a ke zm\u011bn\u011b stylu.<\/p>\r\n<p>Nepochybuji, \u017ee by ho i Karanka dok\u00e1zal do t\u00fdmu zapracovat. Technicky bychom t\u011b\u017eko hledali lep\u0161\u00edho fotbalistu v k\u00e1dru Forest, to hovo\u0159\u00ed za v\u0161e. Nav\u00edc je to takov\u00fd pozitivn\u00ed typ. M\u00e1 p\u0159ed sebou ur\u010dit\u011b skv\u011blou budoucnost, jen mus\u00ed dostat \u0161anci a pravideln\u011b hr\u00e1t.<\/p>\r\n\r\n\r\n\r\n<h4><span style=\"font-size: 12pt;\"><em><strong>Zapeklit\u00e1 ot\u00e1zka nesmie ch\u00fdba\u0165. Bral by si Dowella na hos\u0165ovanie aj na bud\u00facu sez\u00f3nu? Ja nepredpoklad\u00e1m, \u017ee mu Silva poskytne komfort u\u010denia sa za pochodu. Nie som si ist\u00fd, \u010di e\u0161te m\u00e1 na pravideln\u00fa d\u00e1vku min\u00fat na najvy\u0161\u0161om leveli a ak by mal vysed\u00e1va\u0165 dieru do drah\u00fdch po\u0165ahov, to rad\u0161ej m\u00f4\u017ee znova pom\u00f4c\u0165 Forest. Ne\u0161pekulovalo sa vo va\u0161ich kulo\u00e1roch aj o mo\u017enej k\u00fape?<\/strong><\/em><\/span><\/h4>\r\n\r\n\r\n\r\n<p>O koupi se moc nemluvilo, karty byly rozdan\u00e9. Pochybuji, \u017ee by Everton prodal tak perspektivn\u00edho hr\u00e1\u010de. Na nejvy\u0161\u0161\u00ed sout\u011b\u017e a pravideln\u00e9 starty v n\u00ed to je\u0161t\u011b asi nen\u00ed, a tak hostov\u00e1n\u00ed je dost pravd\u011bpodobn\u00e9. J\u00e1 bych ho na dal\u0161\u00ed rok ur\u010dit\u011b bral.<\/p>\r\n\r\n\r\n\r\n<h4><strong><span style=\"font-size: 12pt;\"><em>Nikdy nehovor nikdy. Ak sme schopn\u00ed posla\u0165 hos\u0165ova\u0165 do Bundes Ligy Lookmana (neuverite\u013en\u00fd talent, ktor\u00fd n\u00e1s st\u00e1l s bonusmi takmer 11 mili\u00f3nov libier!), ja na va\u0161om mieste by som to rozhodne aspo\u0148 vysk\u00fa\u0161al. Ale po\u010fme sp\u00e4\u0165. Posledn\u00e9 riadky znova venujem v\u00e1\u0161mu klubov\u00e9mu dianiu. Ak\u00e9 s\u00fa vyhliadky pre Nottingham Forest? Ja mi jasn\u00e9, \u017ee posledn\u00e9 roky to je o zostupovom t\u0155pnut\u00ed, ale to sa men\u00ed behom p\u00e1r mesiacov. Je realistick\u00e9 o\u010dak\u00e1va\u0165 lep\u0161ie \u010dasy po zmene re\u017eimu? R\u00e1d by som toti\u017e videl legendu anglickej kopanej sp\u00e4\u0165 na najvy\u0161\u0161om leveli<\/em><\/span>.<\/strong><\/h4>\r\n\r\n\r\n\r\n<p>D\u00edky za takov\u00e1 slova podpory. Letos je to u\u017e 20 let od na\u0161eho posledn\u00edho postupu do Premier League, a to je, jak jist\u011b uzn\u00e1\u0161, velice dlouh\u00e1 doba. Z Championship chce postoupit ka\u017ed\u00fd rok asi tak patn\u00e1ct mu\u017estev, prodrat se nahoru je ka\u017ed\u00fd rok t\u011b\u017e\u0161\u00ed. Ani ex-ligisti to nezvl\u00e1daj\u00ed, pod\u00edvej se na Aston Villu nebo Middlesbrough, Sunderland dokonce sestoupil do League One. N\u00e1\u0161 klub m\u00e1 obavy utr\u00e1cet v\u011bt\u0161\u00ed mno\u017estv\u00ed pen\u011bz za posily, proto\u017ee si v\u0161ichni dob\u0159e uv\u011bdomuj\u00ed hrozbu pravidla FFP.<\/p>\r\n<p>N\u011bkdo na to nehled\u00ed, napere miliony do posil a douf\u00e1, \u017ee to vyjde \u2013 to je t\u0159eba p\u0159\u00edklad Wolverhamptonu, jemu\u017e se to poda\u0159ilo. Ale t\u0159eba QPR nebo Derby se takov\u00e1 taktika nevyplatila a te\u010f maj\u00ed finan\u010dn\u00ed probl\u00e9my. V Championship je nav\u00edc nerovn\u00e1 startovn\u00ed \u010d\u00e1ra \u2013 kluby, kter\u00e9 sestoupily z Premier League, mohou d\u00edky Parachute Payments utr\u00e1cet v\u00edc, ostatn\u00ed se musej\u00ed krotit. Ale i tak to jde \u2013 t\u0159eba Cardiff to letos zvl\u00e1dl (s postupov\u00fdm specialistou mana\u017eerem Neilem Warnockem).<\/p>\r\n<p>Jistou nad\u011bji vid\u00edm v tom, \u017ee Aitor Karanka, n\u00e1\u0161 hrd\u00fd Bask, dok\u00e1zal ned\u00e1vno o\u017eivit Middlesbrough a postoupil s n\u00edm. Tak\u017ee u\u017e s t\u00edm m\u00e1 zku\u0161enost. D\u011blal asistenta Mourinhovi v Realu Madrid, tak\u017ee ur\u010dit\u011b chce b\u00fdt co nejv\u00fd\u0161. Na druhou stranu k\u00e1dr v sou\u010dasn\u00e9 dob\u011b tak dobr\u00fd nen\u00ed, pot\u0159ebuje pos\u00edlit, a to hlavn\u011b v \u00fatoku a na obou kraj\u00edch obrany.<\/p>\r\n\r\n\r\n\r\n<h4><span style=\"font-size: 12pt;\"><em><strong>Utrpenie je na konci. Ve\u013emi pekne ti za cel\u00fd Ofici\u00e1lny \u010cesko-Slovensk\u00fd klub podporovate\u013eov Evertonu \u010fakujem. Ver\u00edm, \u017ee o Tricky Trees (skvel\u00fd nickname mimochodom) budeme e\u0161te po\u010du\u0165 a som r\u00e1d, \u017ee tak\u00e1to medzi-fanklubov\u00e1 spolupr\u00e1ca funguje. A to ur\u010dite nie som s\u00e1m, \u010di\u017ee \u201eForest-friendly\u201c koment\u00e1re <\/strong><\/em><strong>bud\u00fa <\/strong><em><strong>v\u00edtan\u00e9. D\u00fafam teda, \u017ee sa \u010doskoro z\u00eddeme pri \u010fal\u0161om spovedan\u00ed, tentoraz kv\u00f4li z\u00e1pasov\u00fdm povinnostiam. U\u017e by aj bolo na \u010dase&#8230;<\/strong><\/em><\/span><\/h4>\r\n\r\n\r\n\r\n<p>D\u00edky za skv\u011bl\u00e9 ot\u00e1zky a a\u0165 se Evertonu v nov\u00e9 sezon\u011b da\u0159\u00ed!<\/p>\r\n","protected":false},"excerpt":{"rendered":"<p>Rod\u00e1k z Ormskirku a vych\u00e1dzaj\u00faca hviezdi\u010dka akad\u00e9mie. Ako sa darilo v drese Nottinghamu Forest \u010d\u00edslu 20, sa dozviete v rozhovore&hellip;<\/p>\n","protected":false},"author":1,"featured_media":2014,"comment_status":"open","ping_status":"closed","sticky":false,"template":"","format":"standard","meta":{"_eb_attr":"","_monsterinsights_skip_tracking":false,"_monsterinsights_sitenote_active":false,"_monsterinsights_sitenote_note":"","_monsterinsights_sitenote_category":0,"footnotes":""},"categories":[1],"tags":[],"yoast_head":"<!-- This site is optimized with the Yoast SEO plugin v23.4 - https:\/\/yoast.com\/wordpress\/plugins\/seo\/ -->\n<title>Game of Loans: Kieran Dowell - Official Czech &amp; Slovak Everton Supporters&#039; Club<\/title>\n<meta name=\"robots\" content=\"index, follow, max-snippet:-1, max-image-preview:large, max-video-preview:-1\" \/>\n<link rel=\"canonical\" href=\"https:\/\/evertonfc.cz\/index.php\/2018\/06\/09\/game-of-loans-kieran-dowell\/\" \/>\n<meta property=\"og:locale\" content=\"cs_CZ\" \/>\n<meta property=\"og:type\" content=\"article\" \/>\n<meta property=\"og:title\" content=\"Game of Loans: Kieran Dowell - Official Czech &amp; Slovak Everton Supporters&#039; Club\" \/>\n<meta property=\"og:description\" content=\"Rod\u00e1k z Ormskirku a vych\u00e1dzaj\u00faca hviezdi\u010dka akad\u00e9mie. Ako sa darilo v drese Nottinghamu Forest \u010d\u00edslu 20, sa dozviete v rozhovore&hellip;\" \/>\n<meta property=\"og:url\" content=\"https:\/\/evertonfc.cz\/index.php\/2018\/06\/09\/game-of-loans-kieran-dowell\/\" \/>\n<meta property=\"og:site_name\" content=\"Official Czech &amp; Slovak Everton Supporters&#039; Club\" \/>\n<meta property=\"article:publisher\" content=\"https:\/\/www.facebook.com\/everton.fans.cz.sk\" \/>\n<meta property=\"article:published_time\" content=\"2018-06-09T18:40:20+00:00\" \/>\n<meta property=\"article:modified_time\" content=\"2021-04-20T07:54:02+00:00\" \/>\n<meta property=\"og:image\" content=\"https:\/\/evertonfc.cz\/wp-content\/uploads\/2019\/01\/dowell_9_6_2018.jpg\" \/>\n\t<meta property=\"og:image:width\" content=\"720\" \/>\n\t<meta property=\"og:image:height\" content=\"405\" \/>\n\t<meta property=\"og:image:type\" content=\"image\/jpeg\" \/>\n<meta name=\"author\" content=\"BlueBlooded\" \/>\n<meta name=\"twitter:card\" content=\"summary_large_image\" \/>\n<meta name=\"twitter:label1\" content=\"Napsal(a)\" \/>\n\t<meta name=\"twitter:data1\" content=\"BlueBlooded\" \/>\n\t<meta name=\"twitter:label2\" content=\"Odhadovan\u00e1 doba \u010dten\u00ed\" \/>\n\t<meta name=\"twitter:data2\" content=\"11 minut\" \/>\n<script type=\"application\/ld+json\" class=\"yoast-schema-graph\">{\"@context\":\"https:\/\/schema.org\",\"@graph\":[{\"@type\":\"Article\",\"@id\":\"https:\/\/evertonfc.cz\/index.php\/2018\/06\/09\/game-of-loans-kieran-dowell\/#article\",\"isPartOf\":{\"@id\":\"https:\/\/evertonfc.cz\/index.php\/2018\/06\/09\/game-of-loans-kieran-dowell\/\"},\"author\":{\"name\":\"BlueBlooded\",\"@id\":\"https:\/\/evertonfc.cz\/#\/schema\/person\/d4493b8cbea51532597fbc4685698916\"},\"headline\":\"Game of Loans: Kieran Dowell\",\"datePublished\":\"2018-06-09T18:40:20+00:00\",\"dateModified\":\"2021-04-20T07:54:02+00:00\",\"mainEntityOfPage\":{\"@id\":\"https:\/\/evertonfc.cz\/index.php\/2018\/06\/09\/game-of-loans-kieran-dowell\/\"},\"wordCount\":2948,\"commentCount\":0,\"publisher\":{\"@id\":\"https:\/\/evertonfc.cz\/#organization\"},\"image\":{\"@id\":\"https:\/\/evertonfc.cz\/index.php\/2018\/06\/09\/game-of-loans-kieran-dowell\/#primaryimage\"},\"thumbnailUrl\":\"https:\/\/evertonfc.cz\/wp-content\/uploads\/2019\/01\/dowell_9_6_2018.jpg\",\"articleSection\":[\"Rozhovory\"],\"inLanguage\":\"cs\",\"potentialAction\":[{\"@type\":\"CommentAction\",\"name\":\"Comment\",\"target\":[\"https:\/\/evertonfc.cz\/index.php\/2018\/06\/09\/game-of-loans-kieran-dowell\/#respond\"]}]},{\"@type\":\"WebPage\",\"@id\":\"https:\/\/evertonfc.cz\/index.php\/2018\/06\/09\/game-of-loans-kieran-dowell\/\",\"url\":\"https:\/\/evertonfc.cz\/index.php\/2018\/06\/09\/game-of-loans-kieran-dowell\/\",\"name\":\"Game of Loans: Kieran Dowell - Official Czech &amp; Slovak Everton Supporters&#039; Club\",\"isPartOf\":{\"@id\":\"https:\/\/evertonfc.cz\/#website\"},\"primaryImageOfPage\":{\"@id\":\"https:\/\/evertonfc.cz\/index.php\/2018\/06\/09\/game-of-loans-kieran-dowell\/#primaryimage\"},\"image\":{\"@id\":\"https:\/\/evertonfc.cz\/index.php\/2018\/06\/09\/game-of-loans-kieran-dowell\/#primaryimage\"},\"thumbnailUrl\":\"https:\/\/evertonfc.cz\/wp-content\/uploads\/2019\/01\/dowell_9_6_2018.jpg\",\"datePublished\":\"2018-06-09T18:40:20+00:00\",\"dateModified\":\"2021-04-20T07:54:02+00:00\",\"breadcrumb\":{\"@id\":\"https:\/\/evertonfc.cz\/index.php\/2018\/06\/09\/game-of-loans-kieran-dowell\/#breadcrumb\"},\"inLanguage\":\"cs\",\"potentialAction\":[{\"@type\":\"ReadAction\",\"target\":[\"https:\/\/evertonfc.cz\/index.php\/2018\/06\/09\/game-of-loans-kieran-dowell\/\"]}]},{\"@type\":\"ImageObject\",\"inLanguage\":\"cs\",\"@id\":\"https:\/\/evertonfc.cz\/index.php\/2018\/06\/09\/game-of-loans-kieran-dowell\/#primaryimage\",\"url\":\"https:\/\/evertonfc.cz\/wp-content\/uploads\/2019\/01\/dowell_9_6_2018.jpg\",\"contentUrl\":\"https:\/\/evertonfc.cz\/wp-content\/uploads\/2019\/01\/dowell_9_6_2018.jpg\",\"width\":720,\"height\":405},{\"@type\":\"BreadcrumbList\",\"@id\":\"https:\/\/evertonfc.cz\/index.php\/2018\/06\/09\/game-of-loans-kieran-dowell\/#breadcrumb\",\"itemListElement\":[{\"@type\":\"ListItem\",\"position\":1,\"name\":\"Home\",\"item\":\"https:\/\/evertonfc.cz\/\"},{\"@type\":\"ListItem\",\"position\":2,\"name\":\"Game of Loans: Kieran Dowell\"}]},{\"@type\":\"WebSite\",\"@id\":\"https:\/\/evertonfc.cz\/#website\",\"url\":\"https:\/\/evertonfc.cz\/\",\"name\":\"Official Czech &amp; Slovak Everton Supporters&#039; Club\",\"description\":\"\",\"publisher\":{\"@id\":\"https:\/\/evertonfc.cz\/#organization\"},\"potentialAction\":[{\"@type\":\"SearchAction\",\"target\":{\"@type\":\"EntryPoint\",\"urlTemplate\":\"https:\/\/evertonfc.cz\/?s={search_term_string}\"},\"query-input\":{\"@type\":\"PropertyValueSpecification\",\"valueRequired\":true,\"valueName\":\"search_term_string\"}}],\"inLanguage\":\"cs\"},{\"@type\":\"Organization\",\"@id\":\"https:\/\/evertonfc.cz\/#organization\",\"name\":\"Official Czech & Slovak Everton Supporters' Club\",\"url\":\"https:\/\/evertonfc.cz\/\",\"logo\":{\"@type\":\"ImageObject\",\"inLanguage\":\"cs\",\"@id\":\"https:\/\/evertonfc.cz\/#\/schema\/logo\/image\/\",\"url\":\"https:\/\/evertonfc.cz\/wp-content\/uploads\/2019\/05\/logo.png\",\"contentUrl\":\"https:\/\/evertonfc.cz\/wp-content\/uploads\/2019\/05\/logo.png\",\"width\":112,\"height\":112,\"caption\":\"Official Czech & Slovak Everton Supporters' Club\"},\"image\":{\"@id\":\"https:\/\/evertonfc.cz\/#\/schema\/logo\/image\/\"},\"sameAs\":[\"https:\/\/www.facebook.com\/everton.fans.cz.sk\"]},{\"@type\":\"Person\",\"@id\":\"https:\/\/evertonfc.cz\/#\/schema\/person\/d4493b8cbea51532597fbc4685698916\",\"name\":\"BlueBlooded\",\"url\":\"https:\/\/evertonfc.cz\/index.php\/author\/admin\/\"}]}<\/script>\n<!-- \/ Yoast SEO plugin. -->","yoast_head_json":{"title":"Game of Loans: Kieran Dowell - Official Czech &amp; Slovak Everton Supporters&#039; Club","robots":{"index":"index","follow":"follow","max-snippet":"max-snippet:-1","max-image-preview":"max-image-preview:large","max-video-preview":"max-video-preview:-1"},"canonical":"https:\/\/evertonfc.cz\/index.php\/2018\/06\/09\/game-of-loans-kieran-dowell\/","og_locale":"cs_CZ","og_type":"article","og_title":"Game of Loans: Kieran Dowell - Official Czech &amp; Slovak Everton Supporters&#039; Club","og_description":"Rod\u00e1k z Ormskirku a vych\u00e1dzaj\u00faca hviezdi\u010dka akad\u00e9mie. Ako sa darilo v drese Nottinghamu Forest \u010d\u00edslu 20, sa dozviete v rozhovore&hellip;","og_url":"https:\/\/evertonfc.cz\/index.php\/2018\/06\/09\/game-of-loans-kieran-dowell\/","og_site_name":"Official Czech &amp; Slovak Everton Supporters&#039; Club","article_publisher":"https:\/\/www.facebook.com\/everton.fans.cz.sk","article_published_time":"2018-06-09T18:40:20+00:00","article_modified_time":"2021-04-20T07:54:02+00:00","og_image":[{"width":720,"height":405,"url":"https:\/\/evertonfc.cz\/wp-content\/uploads\/2019\/01\/dowell_9_6_2018.jpg","type":"image\/jpeg"}],"author":"BlueBlooded","twitter_card":"summary_large_image","twitter_misc":{"Napsal(a)":"BlueBlooded","Odhadovan\u00e1 doba \u010dten\u00ed":"11 minut"},"schema":{"@context":"https:\/\/schema.org","@graph":[{"@type":"Article","@id":"https:\/\/evertonfc.cz\/index.php\/2018\/06\/09\/game-of-loans-kieran-dowell\/#article","isPartOf":{"@id":"https:\/\/evertonfc.cz\/index.php\/2018\/06\/09\/game-of-loans-kieran-dowell\/"},"author":{"name":"BlueBlooded","@id":"https:\/\/evertonfc.cz\/#\/schema\/person\/d4493b8cbea51532597fbc4685698916"},"headline":"Game of Loans: Kieran Dowell","datePublished":"2018-06-09T18:40:20+00:00","dateModified":"2021-04-20T07:54:02+00:00","mainEntityOfPage":{"@id":"https:\/\/evertonfc.cz\/index.php\/2018\/06\/09\/game-of-loans-kieran-dowell\/"},"wordCount":2948,"commentCount":0,"publisher":{"@id":"https:\/\/evertonfc.cz\/#organization"},"image":{"@id":"https:\/\/evertonfc.cz\/index.php\/2018\/06\/09\/game-of-loans-kieran-dowell\/#primaryimage"},"thumbnailUrl":"https:\/\/evertonfc.cz\/wp-content\/uploads\/2019\/01\/dowell_9_6_2018.jpg","articleSection":["Rozhovory"],"inLanguage":"cs","potentialAction":[{"@type":"CommentAction","name":"Comment","target":["https:\/\/evertonfc.cz\/index.php\/2018\/06\/09\/game-of-loans-kieran-dowell\/#respond"]}]},{"@type":"WebPage","@id":"https:\/\/evertonfc.cz\/index.php\/2018\/06\/09\/game-of-loans-kieran-dowell\/","url":"https:\/\/evertonfc.cz\/index.php\/2018\/06\/09\/game-of-loans-kieran-dowell\/","name":"Game of Loans: Kieran Dowell - Official Czech &amp; Slovak Everton Supporters&#039; Club","isPartOf":{"@id":"https:\/\/evertonfc.cz\/#website"},"primaryImageOfPage":{"@id":"https:\/\/evertonfc.cz\/index.php\/2018\/06\/09\/game-of-loans-kieran-dowell\/#primaryimage"},"image":{"@id":"https:\/\/evertonfc.cz\/index.php\/2018\/06\/09\/game-of-loans-kieran-dowell\/#primaryimage"},"thumbnailUrl":"https:\/\/evertonfc.cz\/wp-content\/uploads\/2019\/01\/dowell_9_6_2018.jpg","datePublished":"2018-06-09T18:40:20+00:00","dateModified":"2021-04-20T07:54:02+00:00","breadcrumb":{"@id":"https:\/\/evertonfc.cz\/index.php\/2018\/06\/09\/game-of-loans-kieran-dowell\/#breadcrumb"},"inLanguage":"cs","potentialAction":[{"@type":"ReadAction","target":["https:\/\/evertonfc.cz\/index.php\/2018\/06\/09\/game-of-loans-kieran-dowell\/"]}]},{"@type":"ImageObject","inLanguage":"cs","@id":"https:\/\/evertonfc.cz\/index.php\/2018\/06\/09\/game-of-loans-kieran-dowell\/#primaryimage","url":"https:\/\/evertonfc.cz\/wp-content\/uploads\/2019\/01\/dowell_9_6_2018.jpg","contentUrl":"https:\/\/evertonfc.cz\/wp-content\/uploads\/2019\/01\/dowell_9_6_2018.jpg","width":720,"height":405},{"@type":"BreadcrumbList","@id":"https:\/\/evertonfc.cz\/index.php\/2018\/06\/09\/game-of-loans-kieran-dowell\/#breadcrumb","itemListElement":[{"@type":"ListItem","position":1,"name":"Home","item":"https:\/\/evertonfc.cz\/"},{"@type":"ListItem","position":2,"name":"Game of Loans: Kieran Dowell"}]},{"@type":"WebSite","@id":"https:\/\/evertonfc.cz\/#website","url":"https:\/\/evertonfc.cz\/","name":"Official Czech &amp; Slovak Everton Supporters&#039; Club","description":"","publisher":{"@id":"https:\/\/evertonfc.cz\/#organization"},"potentialAction":[{"@type":"SearchAction","target":{"@type":"EntryPoint","urlTemplate":"https:\/\/evertonfc.cz\/?s={search_term_string}"},"query-input":{"@type":"PropertyValueSpecification","valueRequired":true,"valueName":"search_term_string"}}],"inLanguage":"cs"},{"@type":"Organization","@id":"https:\/\/evertonfc.cz\/#organization","name":"Official Czech & Slovak Everton Supporters' Club","url":"https:\/\/evertonfc.cz\/","logo":{"@type":"ImageObject","inLanguage":"cs","@id":"https:\/\/evertonfc.cz\/#\/schema\/logo\/image\/","url":"https:\/\/evertonfc.cz\/wp-content\/uploads\/2019\/05\/logo.png","contentUrl":"https:\/\/evertonfc.cz\/wp-content\/uploads\/2019\/05\/logo.png","width":112,"height":112,"caption":"Official Czech & Slovak Everton Supporters' Club"},"image":{"@id":"https:\/\/evertonfc.cz\/#\/schema\/logo\/image\/"},"sameAs":["https:\/\/www.facebook.com\/everton.fans.cz.sk"]},{"@type":"Person","@id":"https:\/\/evertonfc.cz\/#\/schema\/person\/d4493b8cbea51532597fbc4685698916","name":"BlueBlooded","url":"https:\/\/evertonfc.cz\/index.php\/author\/admin\/"}]}},"_links":{"self":[{"href":"https:\/\/evertonfc.cz\/index.php\/wp-json\/wp\/v2\/posts\/2046"}],"collection":[{"href":"https:\/\/evertonfc.cz\/index.php\/wp-json\/wp\/v2\/posts"}],"about":[{"href":"https:\/\/evertonfc.cz\/index.php\/wp-json\/wp\/v2\/types\/post"}],"author":[{"embeddable":true,"href":"https:\/\/evertonfc.cz\/index.php\/wp-json\/wp\/v2\/users\/1"}],"replies":[{"embeddable":true,"href":"https:\/\/evertonfc.cz\/index.php\/wp-json\/wp\/v2\/comments?post=2046"}],"version-history":[{"count":4,"href":"https:\/\/evertonfc.cz\/index.php\/wp-json\/wp\/v2\/posts\/2046\/revisions"}],"predecessor-version":[{"id":15047,"href":"https:\/\/evertonfc.cz\/index.php\/wp-json\/wp\/v2\/posts\/2046\/revisions\/15047"}],"wp:featuredmedia":[{"embeddable":true,"href":"https:\/\/evertonfc.cz\/index.php\/wp-json\/wp\/v2\/media\/2014"}],"wp:attachment":[{"href":"https:\/\/evertonfc.cz\/index.php\/wp-json\/wp\/v2\/media?parent=2046"}],"wp:term":[{"taxonomy":"category","embeddable":true,"href":"https:\/\/evertonfc.cz\/index.php\/wp-json\/wp\/v2\/categories?post=2046"},{"taxonomy":"post_tag","embeddable":true,"href":"https:\/\/evertonfc.cz\/index.php\/wp-json\/wp\/v2\/tags?post=2046"}],"curies":[{"name":"wp","href":"https:\/\/api.w.org\/{rel}","templated":true}]}}