{"id":20474,"date":"2022-12-16T22:04:41","date_gmt":"2022-12-16T21:04:41","guid":{"rendered":"https:\/\/evertonfc.cz\/?p=20474"},"modified":"2022-12-17T19:24:18","modified_gmt":"2022-12-17T18:24:18","slug":"tottenham-w-everton-w-03","status":"publish","type":"post","link":"https:\/\/evertonfc.cz\/index.php\/2022\/12\/16\/tottenham-w-everton-w-03\/","title":{"rendered":"Tottenham Hotspur W &#8211; Everton W 0:3"},"content":{"rendered":"<h4>V\u00fdlet do Lond\u00fdna a s n\u00edm i posledn\u00ed leto\u0161n\u00ed ligov\u00fd z\u00e1pas Evertonu skon\u010dil po p\u011bkn\u00e9m v\u00fdkonu na\u0161\u00edm v\u00edtezstv\u00edm 3:0.<\/h4>\n<p>Na zmrzl\u00e9m h\u0159i\u0161ti Leytonu Orient lemovan\u00e9m hromadami odhrnut\u00e9ho sn\u011bhu (my\u0161leno h\u0159i\u0161t\u011b, ne Orient) usiloval Tottenham o posun tabulkou hned za paty Velk\u00e9 \u010dty\u0159ky. \u010c\u00edm\u017e by mohl d\u00e1t zapomenout na dosavadn\u00ed pr\u016fb\u011bh sez\u00f3ny, kter\u00fd je vzdor masivn\u00edmu letn\u00edmu posilov\u00e1n\u00ed k\u00e1dru zat\u00edm za o\u010dek\u00e1v\u00e1n\u00edm. My jsme cht\u011bli ukon\u010dit nelichotivou \u0161\u0148\u016fru \u010dty\u0159 proher v \u0159ad\u011b. Vzhledem k tomu, \u017ee\u00a0 jsme druh\u00fd nejm\u00e9n\u011b sk\u00f3ruj\u00edc\u00ed t\u00fdm WSL \u0161lo o gigantick\u00fd \u00fakol. K dispozici jsme m\u011bli v\u0161echny sv\u00e9 opory. Nico <span class=\"sp-c-lineup-pitch__player\" data-reactid=\".1dxe1c9ppbq.0.0.0.1.$include-17.0.0.1:$panel-0.$0.0.0.1.2.0.0.1:$away-formation-row-1.$away-player-3\"><span class=\"sp-c-lineup-pitch__player__name gs-u-display-block@xs \" data-reactid=\".1dxe1c9ppbq.0.0.0.1.$include-17.0.0.1:$panel-0.$0.0.0.1.2.0.0.1:$away-formation-row-1.$away-player-3.1\">S\u00f8rensen poprv\u00e9 v t\u00e9to sez\u00f3n\u011b nastoupila do z\u00e1kladn\u00ed sestavy.\u00a0<\/span><\/span><\/p>\n<h4>Prvn\u00ed polo\u010das<\/h4>\n<p>se prakticky od t\u0159et\u00ed minuty hr\u00e1l v na\u0161\u00ed \u0159e\u017eii. V z\u00e1loze s p\u0159ehledem rozd\u011bovala m\u00ed\u010de Bennison, obrana byla pevn\u00e1, jen s minimem zav\u00e1h\u00e1n\u00ed (Sevecke) a <span class=\"sp-c-lineup-pitch__player\" data-reactid=\".1dxe1c9ppbq.0.0.0.1.$include-17.0.0.1:$panel-0.$0.0.0.1.2.0.0.1:$away-formation-row-1.$away-player-3\"><span class=\"sp-c-lineup-pitch__player__name gs-u-display-block@xs \" data-reactid=\".1dxe1c9ppbq.0.0.0.1.$include-17.0.0.1:$panel-0.$0.0.0.1.2.0.0.1:$away-formation-row-1.$away-player-3.1\">S\u00f8rensen dokazovala, \u017ee ani v\u00edce ne\u017e ro\u010dn\u00ed pauza j\u00ed nezbavila rychlosti a schopnosti inteligentn\u011b p\u0159ihr\u00e1t. Pak u\u017e jsme \u00fa\u0159adovali my. V 8. minut\u011b S\u00f8rensen na\u0161la t\u011bsn\u011b p\u0159ed br\u00e1nu nab\u00edhaj\u00edc\u00ed Snoeijs, kter\u00e1 prost\u0159elila Spencer v brance dom\u00e1c\u00edch &#8211; <strong>0:1<\/strong>. P\u0159i sporadick\u00fdch, ale p\u0159esto nebezpe\u010dn\u00fd zav\u00e1h\u00e1n\u00edch n\u00e1s podr\u017eela Ramsey.\u00a0 Asi nejv\u00edce g\u00f3lem zav\u00e1n\u011bla st\u0159ela Spence z 25. minuty, ale m\u00ed\u010d skon\u010dil v jist\u00e9 n\u00e1ru\u010di na\u0161\u00ed brank\u00e1\u0159ky. Evertonsk\u00e1 l\u00e9taj\u00edc\u00ed D\u00e1nka p\u0159idala je\u0161t\u011b n\u011bkolik p\u011bkn\u00fdch pas\u016f do v\u00e1pna, ale ty z\u016fstaly nevyu\u017eit\u00e9. V 36. minut\u011b se brank\u00e1\u0159ka dom\u00e1c\u00edch p\u0159i rozehr\u00e1n\u00ed pom\u011brn\u011b ambici\u00f3zn\u011b pokusila obej\u00edt Park, co\u017e nebyl nejlep\u0161\u00ed n\u00e1pad. Nejen, \u017ee se j\u00ed to nepovedlo, ale p\u0159ed Park byla r\u00e1zem pr\u00e1zdn\u00e1 br\u00e1na a v takov\u00fdchto situac\u00edch se Jess nem\u00fdl\u00ed &#8211;<strong> 0:2<\/strong>. A kdyby se je\u0161t\u011b ujala bomba George po p\u011bkn\u00e9 p\u0159ihr\u00e1vce Bennison, mohlo b\u00fdt p\u0159ed p\u0159est\u00e1vkou o g\u00f3l v\u00edc.<\/span><\/span><\/p>\n<h4>Druh\u00fd polo\u010das<\/h4>\n<p>p\u0159inesl kr\u00e1tkodech\u00e9 o\u017eiven\u00ed hry Spurs, ale z\u00e1hy z\u00e1pas op\u011bt p\u0159e\u0161el do zab\u011bhan\u00fdch kolej\u00ed. Snaha Evertonu ov\u0161em dlouhou dobu ke g\u00f3lu nevedla. P\u011bkn\u00e1 akce Beever-Jones sice nakonec skon\u010dila t\u0159epet\u00e1n\u00edm m\u00ed\u010de v s\u00edti dom\u00e1c\u00edch, nicm\u00e9n\u011b se z toho nakonec vyklubal ofsajd. A neujal se ani druh\u00fd slibn\u00fd pokus stejn\u00e9 hr\u00e1\u010dky po hodin\u011b a \u010dtvrt hry. Kr\u00e1tce na to za ovac\u00ed hrstky Evertonians opustila h\u0159i\u0161t\u011b <span class=\"sp-c-lineup-pitch__player\" data-reactid=\".1dxe1c9ppbq.0.0.0.1.$include-17.0.0.1:$panel-0.$0.0.0.1.2.0.0.1:$away-formation-row-1.$away-player-3\"><span class=\"sp-c-lineup-pitch__player__name gs-u-display-block@xs \" data-reactid=\".1dxe1c9ppbq.0.0.0.1.$include-17.0.0.1:$panel-0.$0.0.0.1.2.0.0.1:$away-formation-row-1.$away-player-3.1\"> S\u00f8rensen a na ledov\u00fd pa\u017eit p\u0159ibruslila Gio. Byla to pr\u00e1v\u011b Brazilka, kdo zajistil t\u0159et\u00ed a posledn\u00ed g\u00f3l Evertonu. Je\u0161t\u011b p\u0159edt\u00edm byla ale faulovan\u00e1 Neville, kter\u00e1 si za sv\u016fj z\u00e1krok vyslou\u017eila \u010dervenou. V 5. minut\u011b nastaven\u00ed Gio nezav\u00e1hala a vyu\u017eila nab\u00eddnut\u00e9 \u0161ance: hrudn\u00edkem si zpracovala p\u0159ihr\u00e1vku George a tvrdou st\u0159elou spe\u010detila sk\u00f3re &#8211; 0:3.<\/span><\/span><\/p>\n<h4><strong>Shrnut\u00ed<\/strong><\/h4>\n<p>Po proh\u0159e s Arsenalem konstatoval <span class=\"sp-c-lineup-pitch__player\" data-reactid=\".1dxe1c9ppbq.0.0.0.1.$include-17.0.0.1:$panel-0.$0.0.0.1.2.0.0.1:$away-formation-row-1.$away-player-3\"><span class=\"sp-c-lineup-pitch__player__name gs-u-display-block@xs \" data-reactid=\".1dxe1c9ppbq.0.0.0.1.$include-17.0.0.1:$panel-0.$0.0.0.1.2.0.0.1:$away-formation-row-1.$away-player-3.1\">S\u00f8rensen, \u017ee na nejlep\u0161\u00ed t\u00fdmy ligy zat\u00edm nem\u00e1me a \u017ee a\u017e n\u00e1sleduj\u00edc\u00ed z\u00e1pasy by m\u011bly uk\u00e1zat na\u0161\u00ed re\u00e1lnou s\u00edlu. Co\u017e se nyn\u00ed poda\u0159ilo v m\u00ed\u0159e vrchovat\u00e9. Pokud by n\u00e1m forma vydr\u017eela nejm\u00e9n\u011b i na n\u00e1sleduj\u00edc\u00ed ma\u010de s Durhamem, Hammers a Readingem, bylo by to pot\u011b\u0161iteln\u00e9. V sobotu 17.12. n\u00e1\u0161 \u010dek\u00e1 z\u00e1pas ligov\u00e9ho poh\u00e1ru (ze kter\u00e9ho jsme ji\u017e venku) s Durhamem a pak m\u00e1me a\u017e do 15. ledna (Reading doma) volno. V ka\u017ed\u00e9m p\u0159\u00edpad\u011b <strong><span style=\"color: #0000ff;\">COYB!<\/span><\/strong><\/span><\/span><\/p>\n<p>P.S.: Ty r\u016f\u017eov\u00e9 dresy mysl\u00edm holk\u00e1m fakt slu\u0161\u00ed.<\/p>\n<p style=\"text-align: right;\"><span style=\"font-size: 8pt;\"><em>Fotografie: Snoeijs slav\u00ed prvn\u00ed branku (zdroj: bbc.com)<\/em><\/span><\/p>\n<p><b>Statistiky: <\/b>Dr\u017een\u00ed m\u00ed\u010de: 52%:48%, st\u0159ely 7:16 (na branku 4:8)<\/p>\n<p><b>Branky: <\/b><span class=\"sp-c-lineup-pitch__player\" data-reactid=\".1dxe1c9ppbq.0.0.0.1.$include-17.0.0.1:$panel-0.$0.0.0.1.2.0.0.1:$away-formation-row-1.$away-player-3\"><span class=\"sp-c-lineup-pitch__player__name gs-u-display-block@xs \" data-reactid=\".1dxe1c9ppbq.0.0.0.1.$include-17.0.0.1:$panel-0.$0.0.0.1.2.0.0.1:$away-formation-row-1.$away-player-3.1\">Snoeijs (8\u00b4), Park (36\u00b4), Gio (90+5\u00b4)<\/span><\/span><\/p>\n<p><strong>\u017dK:<\/strong> Summanen, Naz &#8211; Beever-Jones\u00a0 <strong>\u010cK:<\/strong> Neville<\/p>\n<p><strong>Spurs (4-2-3-1): <\/strong>Spencer; <span class=\"sp-c-lineup-pitch__player\" data-reactid=\".1dxe1c9ppbq.0.0.0.1.$include-17.0.0.1:$panel-0.$0.0.0.0.2.0.0.1:$home-formation-row-1.$home-player-0\"><span class=\"sp-c-lineup-pitch__player__name gs-u-display-block@xs \" data-reactid=\".1dxe1c9ppbq.0.0.0.1.$include-17.0.0.1:$panel-0.$0.0.0.0.2.0.0.1:$home-formation-row-1.$home-player-0.1\">Turner, <\/span><\/span><span class=\"sp-c-lineup-pitch__player\" data-reactid=\".1dxe1c9ppbq.0.0.0.1.$include-17.0.0.1:$panel-0.$0.0.0.0.2.0.0.1:$home-formation-row-1.$home-player-1\"><span class=\"sp-c-lineup-pitch__player__name gs-u-display-block@xs \" data-reactid=\".1dxe1c9ppbq.0.0.0.1.$include-17.0.0.1:$panel-0.$0.0.0.0.2.0.0.1:$home-formation-row-1.$home-player-1.1\">Bartrip, <\/span><\/span><span class=\"sp-c-lineup-pitch__player\" data-reactid=\".1dxe1c9ppbq.0.0.0.1.$include-17.0.0.1:$panel-0.$0.0.0.0.2.0.0.1:$home-formation-row-1.$home-player-2\"><span class=\"sp-c-lineup-pitch__player__name gs-u-display-block@xs \" data-reactid=\".1dxe1c9ppbq.0.0.0.1.$include-17.0.0.1:$panel-0.$0.0.0.0.2.0.0.1:$home-formation-row-1.$home-player-2.1\">Zadorsky, <\/span><\/span><span class=\"sp-c-lineup-pitch__player\" data-reactid=\".1dxe1c9ppbq.0.0.0.1.$include-17.0.0.1:$panel-0.$0.0.0.0.2.0.0.1:$home-formation-row-1.$home-player-3\"><span class=\"sp-c-lineup-pitch__player__name gs-u-display-block@xs \" data-reactid=\".1dxe1c9ppbq.0.0.0.1.$include-17.0.0.1:$panel-0.$0.0.0.0.2.0.0.1:$home-formation-row-1.$home-player-3.1\">Ale (Ubogagu 82\u00b4); Cho (James 45\u00b4), Summanen; Neville, Spence, Ayane; Karczewska (Naz 45\u00b4, Ildhus\u00f8y 75\u00b4)<\/span><\/span><\/p>\n<p><strong>Teffees (4-3-3):<\/strong> Ramsey; <span class=\"sp-c-lineup-pitch__player\" data-reactid=\".1dxe1c9ppbq.0.0.0.1.$include-17.0.0.1:$panel-0.$0.0.0.1.2.0.0.1:$away-formation-row-1.$away-player-0\"><span class=\"sp-c-lineup-pitch__player__name gs-u-display-block@xs \" data-reactid=\".1dxe1c9ppbq.0.0.0.1.$include-17.0.0.1:$panel-0.$0.0.0.1.2.0.0.1:$away-formation-row-1.$away-player-0.1\">Graham, <\/span><\/span><span class=\"sp-c-lineup-pitch__player\" data-reactid=\".1dxe1c9ppbq.0.0.0.1.$include-17.0.0.1:$panel-0.$0.0.0.1.2.0.0.1:$away-formation-row-1.$away-player-1\"><span class=\"sp-c-lineup-pitch__player__name gs-u-display-block@xs \" data-reactid=\".1dxe1c9ppbq.0.0.0.1.$include-17.0.0.1:$panel-0.$0.0.0.1.2.0.0.1:$away-formation-row-1.$away-player-1.1\">Bj\u00f6rn, <\/span><\/span><span class=\"sp-c-lineup-pitch__player\" data-reactid=\".1dxe1c9ppbq.0.0.0.1.$include-17.0.0.1:$panel-0.$0.0.0.1.2.0.0.1:$away-formation-row-1.$away-player-2\"><span class=\"sp-c-lineup-pitch__player__name gs-u-display-block@xs \" data-reactid=\".1dxe1c9ppbq.0.0.0.1.$include-17.0.0.1:$panel-0.$0.0.0.1.2.0.0.1:$away-formation-row-1.$away-player-2.1\">Sevecke, <\/span><\/span><span class=\"sp-c-lineup-pitch__player\" data-reactid=\".1dxe1c9ppbq.0.0.0.1.$include-17.0.0.1:$panel-0.$0.0.0.1.2.0.0.1:$away-formation-row-1.$away-player-3\"><span class=\"sp-c-lineup-pitch__player__name gs-u-display-block@xs \" data-reactid=\".1dxe1c9ppbq.0.0.0.1.$include-17.0.0.1:$panel-0.$0.0.0.1.2.0.0.1:$away-formation-row-1.$away-player-3.1\">George; Bennison (Christiansen 84\u00b4), Holmgaard, Galli; S\u00f8rensen (Gio 77\u00b4) , Snoeijs (Beever-Jones 59\u00b4), Park<\/span><\/span><\/p>\n<p><strong>Rozhod\u010d\u00ed:<\/strong> Kirsty Dowle\u00a0 <strong>Div\u00e1ci:<\/strong> 303<\/p>\n<p><iframe loading=\"lazy\" title=\"Tottenham Hotspur vs Everton 0-3 Ext\u0435nd\u0435d H\u0456ghl\u0456ghts &amp; Goals 2022 | FA Women&#039;s Super League\" width=\"1140\" height=\"641\" src=\"https:\/\/www.youtube.com\/embed\/eYuRblAy7Ag?feature=oembed\" frameborder=\"0\" allow=\"accelerometer; autoplay; clipboard-write; encrypted-media; gyroscope; picture-in-picture\" allowfullscreen><\/iframe><\/p>\n","protected":false},"excerpt":{"rendered":"<p>V\u00fdlet do Lond\u00fdna a s n\u00edm i posledn\u00ed p\u0159edv\u00e1no\u010dn\u00ed ligov\u00fd z\u00e1pas Evertonu skon\u010dil po p\u011bkn\u00e9m v\u00fdkonu na\u0161\u00edm v\u00edtezstv\u00edm 3:0.<\/p>\n","protected":false},"author":26,"featured_media":20476,"comment_status":"open","ping_status":"closed","sticky":false,"template":"","format":"standard","meta":{"_eb_attr":"","_monsterinsights_skip_tracking":false,"_monsterinsights_sitenote_active":false,"_monsterinsights_sitenote_note":"","_monsterinsights_sitenote_category":0,"footnotes":""},"categories":[110],"tags":[],"yoast_head":"<!-- This site is optimized with the Yoast SEO plugin v23.4 - https:\/\/yoast.com\/wordpress\/plugins\/seo\/ -->\n<title>Tottenham Hotspur W - Everton W 0:3 - Official Czech &amp; Slovak Everton Supporters&#039; Club<\/title>\n<meta name=\"robots\" content=\"index, follow, max-snippet:-1, max-image-preview:large, max-video-preview:-1\" \/>\n<link rel=\"canonical\" href=\"https:\/\/evertonfc.cz\/index.php\/2022\/12\/16\/tottenham-w-everton-w-03\/\" \/>\n<meta property=\"og:locale\" content=\"cs_CZ\" \/>\n<meta property=\"og:type\" content=\"article\" \/>\n<meta property=\"og:title\" content=\"Tottenham Hotspur W - Everton W 0:3 - Official Czech &amp; Slovak Everton Supporters&#039; Club\" \/>\n<meta property=\"og:description\" content=\"V\u00fdlet do Lond\u00fdna a s n\u00edm i posledn\u00ed p\u0159edv\u00e1no\u010dn\u00ed ligov\u00fd z\u00e1pas Evertonu skon\u010dil po p\u011bkn\u00e9m v\u00fdkonu na\u0161\u00edm v\u00edtezstv\u00edm 3:0.\" \/>\n<meta property=\"og:url\" content=\"https:\/\/evertonfc.cz\/index.php\/2022\/12\/16\/tottenham-w-everton-w-03\/\" \/>\n<meta property=\"og:site_name\" content=\"Official Czech &amp; Slovak Everton Supporters&#039; Club\" \/>\n<meta property=\"article:publisher\" content=\"https:\/\/www.facebook.com\/everton.fans.cz.sk\" \/>\n<meta property=\"article:published_time\" content=\"2022-12-16T21:04:41+00:00\" \/>\n<meta property=\"article:modified_time\" content=\"2022-12-17T18:24:18+00:00\" \/>\n<meta property=\"og:image\" content=\"https:\/\/evertonfc.cz\/wp-content\/uploads\/2022\/12\/Katja-Snoeijs_vs_Tottenham_web_14_12_2022.jpg\" \/>\n\t<meta property=\"og:image:width\" content=\"720\" \/>\n\t<meta property=\"og:image:height\" content=\"405\" \/>\n\t<meta property=\"og:image:type\" content=\"image\/jpeg\" \/>\n<meta name=\"author\" content=\"Karamela\" \/>\n<meta name=\"twitter:card\" content=\"summary_large_image\" \/>\n<meta name=\"twitter:label1\" content=\"Napsal(a)\" \/>\n\t<meta name=\"twitter:data1\" content=\"Karamela\" \/>\n\t<meta name=\"twitter:label2\" content=\"Odhadovan\u00e1 doba \u010dten\u00ed\" \/>\n\t<meta name=\"twitter:data2\" content=\"3 minuty\" \/>\n<script type=\"application\/ld+json\" class=\"yoast-schema-graph\">{\"@context\":\"https:\/\/schema.org\",\"@graph\":[{\"@type\":\"Article\",\"@id\":\"https:\/\/evertonfc.cz\/index.php\/2022\/12\/16\/tottenham-w-everton-w-03\/#article\",\"isPartOf\":{\"@id\":\"https:\/\/evertonfc.cz\/index.php\/2022\/12\/16\/tottenham-w-everton-w-03\/\"},\"author\":{\"name\":\"Karamela\",\"@id\":\"https:\/\/evertonfc.cz\/#\/schema\/person\/e9a24a80a32efa1344dd2c4e5882185c\"},\"headline\":\"Tottenham Hotspur W &#8211; Everton W 0:3\",\"datePublished\":\"2022-12-16T21:04:41+00:00\",\"dateModified\":\"2022-12-17T18:24:18+00:00\",\"mainEntityOfPage\":{\"@id\":\"https:\/\/evertonfc.cz\/index.php\/2022\/12\/16\/tottenham-w-everton-w-03\/\"},\"wordCount\":753,\"commentCount\":1,\"publisher\":{\"@id\":\"https:\/\/evertonfc.cz\/#organization\"},\"image\":{\"@id\":\"https:\/\/evertonfc.cz\/index.php\/2022\/12\/16\/tottenham-w-everton-w-03\/#primaryimage\"},\"thumbnailUrl\":\"https:\/\/evertonfc.cz\/wp-content\/uploads\/2022\/12\/Katja-Snoeijs_vs_Tottenham_web_14_12_2022.jpg\",\"articleSection\":[\"Everton Women\"],\"inLanguage\":\"cs\",\"potentialAction\":[{\"@type\":\"CommentAction\",\"name\":\"Comment\",\"target\":[\"https:\/\/evertonfc.cz\/index.php\/2022\/12\/16\/tottenham-w-everton-w-03\/#respond\"]}]},{\"@type\":\"WebPage\",\"@id\":\"https:\/\/evertonfc.cz\/index.php\/2022\/12\/16\/tottenham-w-everton-w-03\/\",\"url\":\"https:\/\/evertonfc.cz\/index.php\/2022\/12\/16\/tottenham-w-everton-w-03\/\",\"name\":\"Tottenham Hotspur W - Everton W 0:3 - Official Czech &amp; Slovak Everton Supporters&#039; Club\",\"isPartOf\":{\"@id\":\"https:\/\/evertonfc.cz\/#website\"},\"primaryImageOfPage\":{\"@id\":\"https:\/\/evertonfc.cz\/index.php\/2022\/12\/16\/tottenham-w-everton-w-03\/#primaryimage\"},\"image\":{\"@id\":\"https:\/\/evertonfc.cz\/index.php\/2022\/12\/16\/tottenham-w-everton-w-03\/#primaryimage\"},\"thumbnailUrl\":\"https:\/\/evertonfc.cz\/wp-content\/uploads\/2022\/12\/Katja-Snoeijs_vs_Tottenham_web_14_12_2022.jpg\",\"datePublished\":\"2022-12-16T21:04:41+00:00\",\"dateModified\":\"2022-12-17T18:24:18+00:00\",\"breadcrumb\":{\"@id\":\"https:\/\/evertonfc.cz\/index.php\/2022\/12\/16\/tottenham-w-everton-w-03\/#breadcrumb\"},\"inLanguage\":\"cs\",\"potentialAction\":[{\"@type\":\"ReadAction\",\"target\":[\"https:\/\/evertonfc.cz\/index.php\/2022\/12\/16\/tottenham-w-everton-w-03\/\"]}]},{\"@type\":\"ImageObject\",\"inLanguage\":\"cs\",\"@id\":\"https:\/\/evertonfc.cz\/index.php\/2022\/12\/16\/tottenham-w-everton-w-03\/#primaryimage\",\"url\":\"https:\/\/evertonfc.cz\/wp-content\/uploads\/2022\/12\/Katja-Snoeijs_vs_Tottenham_web_14_12_2022.jpg\",\"contentUrl\":\"https:\/\/evertonfc.cz\/wp-content\/uploads\/2022\/12\/Katja-Snoeijs_vs_Tottenham_web_14_12_2022.jpg\",\"width\":720,\"height\":405},{\"@type\":\"BreadcrumbList\",\"@id\":\"https:\/\/evertonfc.cz\/index.php\/2022\/12\/16\/tottenham-w-everton-w-03\/#breadcrumb\",\"itemListElement\":[{\"@type\":\"ListItem\",\"position\":1,\"name\":\"Home\",\"item\":\"https:\/\/evertonfc.cz\/\"},{\"@type\":\"ListItem\",\"position\":2,\"name\":\"Tottenham Hotspur W &#8211; Everton W 0:3\"}]},{\"@type\":\"WebSite\",\"@id\":\"https:\/\/evertonfc.cz\/#website\",\"url\":\"https:\/\/evertonfc.cz\/\",\"name\":\"Official Czech &amp; Slovak Everton Supporters&#039; Club\",\"description\":\"\",\"publisher\":{\"@id\":\"https:\/\/evertonfc.cz\/#organization\"},\"potentialAction\":[{\"@type\":\"SearchAction\",\"target\":{\"@type\":\"EntryPoint\",\"urlTemplate\":\"https:\/\/evertonfc.cz\/?s={search_term_string}\"},\"query-input\":{\"@type\":\"PropertyValueSpecification\",\"valueRequired\":true,\"valueName\":\"search_term_string\"}}],\"inLanguage\":\"cs\"},{\"@type\":\"Organization\",\"@id\":\"https:\/\/evertonfc.cz\/#organization\",\"name\":\"Official Czech & Slovak Everton Supporters' Club\",\"url\":\"https:\/\/evertonfc.cz\/\",\"logo\":{\"@type\":\"ImageObject\",\"inLanguage\":\"cs\",\"@id\":\"https:\/\/evertonfc.cz\/#\/schema\/logo\/image\/\",\"url\":\"https:\/\/evertonfc.cz\/wp-content\/uploads\/2019\/05\/logo.png\",\"contentUrl\":\"https:\/\/evertonfc.cz\/wp-content\/uploads\/2019\/05\/logo.png\",\"width\":112,\"height\":112,\"caption\":\"Official Czech & Slovak Everton Supporters' Club\"},\"image\":{\"@id\":\"https:\/\/evertonfc.cz\/#\/schema\/logo\/image\/\"},\"sameAs\":[\"https:\/\/www.facebook.com\/everton.fans.cz.sk\"]},{\"@type\":\"Person\",\"@id\":\"https:\/\/evertonfc.cz\/#\/schema\/person\/e9a24a80a32efa1344dd2c4e5882185c\",\"name\":\"Karamela\",\"url\":\"https:\/\/evertonfc.cz\/index.php\/author\/karamela\/\"}]}<\/script>\n<!-- \/ Yoast SEO plugin. -->","yoast_head_json":{"title":"Tottenham Hotspur W - Everton W 0:3 - Official Czech &amp; Slovak Everton Supporters&#039; Club","robots":{"index":"index","follow":"follow","max-snippet":"max-snippet:-1","max-image-preview":"max-image-preview:large","max-video-preview":"max-video-preview:-1"},"canonical":"https:\/\/evertonfc.cz\/index.php\/2022\/12\/16\/tottenham-w-everton-w-03\/","og_locale":"cs_CZ","og_type":"article","og_title":"Tottenham Hotspur W - Everton W 0:3 - Official Czech &amp; Slovak Everton Supporters&#039; Club","og_description":"V\u00fdlet do Lond\u00fdna a s n\u00edm i posledn\u00ed p\u0159edv\u00e1no\u010dn\u00ed ligov\u00fd z\u00e1pas Evertonu skon\u010dil po p\u011bkn\u00e9m v\u00fdkonu na\u0161\u00edm v\u00edtezstv\u00edm 3:0.","og_url":"https:\/\/evertonfc.cz\/index.php\/2022\/12\/16\/tottenham-w-everton-w-03\/","og_site_name":"Official Czech &amp; Slovak Everton Supporters&#039; Club","article_publisher":"https:\/\/www.facebook.com\/everton.fans.cz.sk","article_published_time":"2022-12-16T21:04:41+00:00","article_modified_time":"2022-12-17T18:24:18+00:00","og_image":[{"width":720,"height":405,"url":"https:\/\/evertonfc.cz\/wp-content\/uploads\/2022\/12\/Katja-Snoeijs_vs_Tottenham_web_14_12_2022.jpg","type":"image\/jpeg"}],"author":"Karamela","twitter_card":"summary_large_image","twitter_misc":{"Napsal(a)":"Karamela","Odhadovan\u00e1 doba \u010dten\u00ed":"3 minuty"},"schema":{"@context":"https:\/\/schema.org","@graph":[{"@type":"Article","@id":"https:\/\/evertonfc.cz\/index.php\/2022\/12\/16\/tottenham-w-everton-w-03\/#article","isPartOf":{"@id":"https:\/\/evertonfc.cz\/index.php\/2022\/12\/16\/tottenham-w-everton-w-03\/"},"author":{"name":"Karamela","@id":"https:\/\/evertonfc.cz\/#\/schema\/person\/e9a24a80a32efa1344dd2c4e5882185c"},"headline":"Tottenham Hotspur W &#8211; Everton W 0:3","datePublished":"2022-12-16T21:04:41+00:00","dateModified":"2022-12-17T18:24:18+00:00","mainEntityOfPage":{"@id":"https:\/\/evertonfc.cz\/index.php\/2022\/12\/16\/tottenham-w-everton-w-03\/"},"wordCount":753,"commentCount":1,"publisher":{"@id":"https:\/\/evertonfc.cz\/#organization"},"image":{"@id":"https:\/\/evertonfc.cz\/index.php\/2022\/12\/16\/tottenham-w-everton-w-03\/#primaryimage"},"thumbnailUrl":"https:\/\/evertonfc.cz\/wp-content\/uploads\/2022\/12\/Katja-Snoeijs_vs_Tottenham_web_14_12_2022.jpg","articleSection":["Everton Women"],"inLanguage":"cs","potentialAction":[{"@type":"CommentAction","name":"Comment","target":["https:\/\/evertonfc.cz\/index.php\/2022\/12\/16\/tottenham-w-everton-w-03\/#respond"]}]},{"@type":"WebPage","@id":"https:\/\/evertonfc.cz\/index.php\/2022\/12\/16\/tottenham-w-everton-w-03\/","url":"https:\/\/evertonfc.cz\/index.php\/2022\/12\/16\/tottenham-w-everton-w-03\/","name":"Tottenham Hotspur W - Everton W 0:3 - Official Czech &amp; Slovak Everton Supporters&#039; Club","isPartOf":{"@id":"https:\/\/evertonfc.cz\/#website"},"primaryImageOfPage":{"@id":"https:\/\/evertonfc.cz\/index.php\/2022\/12\/16\/tottenham-w-everton-w-03\/#primaryimage"},"image":{"@id":"https:\/\/evertonfc.cz\/index.php\/2022\/12\/16\/tottenham-w-everton-w-03\/#primaryimage"},"thumbnailUrl":"https:\/\/evertonfc.cz\/wp-content\/uploads\/2022\/12\/Katja-Snoeijs_vs_Tottenham_web_14_12_2022.jpg","datePublished":"2022-12-16T21:04:41+00:00","dateModified":"2022-12-17T18:24:18+00:00","breadcrumb":{"@id":"https:\/\/evertonfc.cz\/index.php\/2022\/12\/16\/tottenham-w-everton-w-03\/#breadcrumb"},"inLanguage":"cs","potentialAction":[{"@type":"ReadAction","target":["https:\/\/evertonfc.cz\/index.php\/2022\/12\/16\/tottenham-w-everton-w-03\/"]}]},{"@type":"ImageObject","inLanguage":"cs","@id":"https:\/\/evertonfc.cz\/index.php\/2022\/12\/16\/tottenham-w-everton-w-03\/#primaryimage","url":"https:\/\/evertonfc.cz\/wp-content\/uploads\/2022\/12\/Katja-Snoeijs_vs_Tottenham_web_14_12_2022.jpg","contentUrl":"https:\/\/evertonfc.cz\/wp-content\/uploads\/2022\/12\/Katja-Snoeijs_vs_Tottenham_web_14_12_2022.jpg","width":720,"height":405},{"@type":"BreadcrumbList","@id":"https:\/\/evertonfc.cz\/index.php\/2022\/12\/16\/tottenham-w-everton-w-03\/#breadcrumb","itemListElement":[{"@type":"ListItem","position":1,"name":"Home","item":"https:\/\/evertonfc.cz\/"},{"@type":"ListItem","position":2,"name":"Tottenham Hotspur W &#8211; Everton W 0:3"}]},{"@type":"WebSite","@id":"https:\/\/evertonfc.cz\/#website","url":"https:\/\/evertonfc.cz\/","name":"Official Czech &amp; Slovak Everton Supporters&#039; Club","description":"","publisher":{"@id":"https:\/\/evertonfc.cz\/#organization"},"potentialAction":[{"@type":"SearchAction","target":{"@type":"EntryPoint","urlTemplate":"https:\/\/evertonfc.cz\/?s={search_term_string}"},"query-input":{"@type":"PropertyValueSpecification","valueRequired":true,"valueName":"search_term_string"}}],"inLanguage":"cs"},{"@type":"Organization","@id":"https:\/\/evertonfc.cz\/#organization","name":"Official Czech & Slovak Everton Supporters' Club","url":"https:\/\/evertonfc.cz\/","logo":{"@type":"ImageObject","inLanguage":"cs","@id":"https:\/\/evertonfc.cz\/#\/schema\/logo\/image\/","url":"https:\/\/evertonfc.cz\/wp-content\/uploads\/2019\/05\/logo.png","contentUrl":"https:\/\/evertonfc.cz\/wp-content\/uploads\/2019\/05\/logo.png","width":112,"height":112,"caption":"Official Czech & Slovak Everton Supporters' Club"},"image":{"@id":"https:\/\/evertonfc.cz\/#\/schema\/logo\/image\/"},"sameAs":["https:\/\/www.facebook.com\/everton.fans.cz.sk"]},{"@type":"Person","@id":"https:\/\/evertonfc.cz\/#\/schema\/person\/e9a24a80a32efa1344dd2c4e5882185c","name":"Karamela","url":"https:\/\/evertonfc.cz\/index.php\/author\/karamela\/"}]}},"_links":{"self":[{"href":"https:\/\/evertonfc.cz\/index.php\/wp-json\/wp\/v2\/posts\/20474"}],"collection":[{"href":"https:\/\/evertonfc.cz\/index.php\/wp-json\/wp\/v2\/posts"}],"about":[{"href":"https:\/\/evertonfc.cz\/index.php\/wp-json\/wp\/v2\/types\/post"}],"author":[{"embeddable":true,"href":"https:\/\/evertonfc.cz\/index.php\/wp-json\/wp\/v2\/users\/26"}],"replies":[{"embeddable":true,"href":"https:\/\/evertonfc.cz\/index.php\/wp-json\/wp\/v2\/comments?post=20474"}],"version-history":[{"count":6,"href":"https:\/\/evertonfc.cz\/index.php\/wp-json\/wp\/v2\/posts\/20474\/revisions"}],"predecessor-version":[{"id":20498,"href":"https:\/\/evertonfc.cz\/index.php\/wp-json\/wp\/v2\/posts\/20474\/revisions\/20498"}],"wp:featuredmedia":[{"embeddable":true,"href":"https:\/\/evertonfc.cz\/index.php\/wp-json\/wp\/v2\/media\/20476"}],"wp:attachment":[{"href":"https:\/\/evertonfc.cz\/index.php\/wp-json\/wp\/v2\/media?parent=20474"}],"wp:term":[{"taxonomy":"category","embeddable":true,"href":"https:\/\/evertonfc.cz\/index.php\/wp-json\/wp\/v2\/categories?post=20474"},{"taxonomy":"post_tag","embeddable":true,"href":"https:\/\/evertonfc.cz\/index.php\/wp-json\/wp\/v2\/tags?post=20474"}],"curies":[{"name":"wp","href":"https:\/\/api.w.org\/{rel}","templated":true}]}}