{"id":20491,"date":"2022-12-17T18:23:36","date_gmt":"2022-12-17T17:23:36","guid":{"rendered":"https:\/\/evertonfc.cz\/?p=20491"},"modified":"2022-12-17T19:10:53","modified_gmt":"2022-12-17T18:10:53","slug":"rondon-v-efc-predcasne-skoncil","status":"publish","type":"post","link":"https:\/\/evertonfc.cz\/index.php\/2022\/12\/17\/rondon-v-efc-predcasne-skoncil\/","title":{"rendered":"Rond\u00f3n v EFC pred\u010dasne skon\u010dil"},"content":{"rendered":"<h4>Venezuelsk\u00fd reprezenta\u010dn\u00fd \u00fato\u010dn\u00edk, ktor\u00e9ho do klubu priviedol Rafael Ben\u00edtez ako vo\u013en\u00e9ho hr\u00e1\u010da, sa dohodol s veden\u00edm na rozviazan\u00ed zmluvy. T\u00e1 by skon\u010dila v lete.<\/h4>\n<p>Everton bol vo svojom vyjadren\u00ed ve\u013emi stru\u010dn\u00fd. Ale d\u00e1 sa predpoklada\u0165, \u017ee hlavn\u00fa iniciat\u00edcu vyvinul samotn\u00fd hr\u00e1\u010d, ktor\u00fd je od pr\u00edchodu Franka Lamparda len perif\u00e9rnym figurantom. Klub sa samozrejme nebr\u00e1nil, ke\u010f\u017ee u\u0161etr\u00ed jeho plat a\u00a0nebude mrha\u0165 \u010das zbyto\u010dn\u00fdmi na\u0165ahova\u010dkami v\u00a0janu\u00e1ri, kedy by mu aj tak h\u013eadal nov\u00fd domov.<\/p>\n<p>Treba e\u0161te raz pripomen\u00fa\u0165, \u017ee Rond\u00f3n predstavoval o\u010dak\u00e1van\u00fa \u201eposilu\u201c Ben\u00edteza od b\u00fdval\u00e9ho zamestn\u00e1vate\u013ea hr\u00e1\u010da aj tr\u00e9nera. Ten nev\u00e1hal pre jeho ist\u00fd pr\u00edchod zadarmo z \u010d\u00ednskeho Dalianu Professional neob\u0165a\u017eova\u0165 sa in\u00fdmi cie\u013emi, a tak \u010dakal cel\u00e9 leto. Hr\u00e1\u010d toti\u017eto pri\u0161iel a\u017e na deadline day, a e\u0161te k tomu absol\u00fatne nepripraven\u00fd po fyzickej str\u00e1nke, \u010do sa v Premier League okam\u017eite prejavilo absol\u00fatnou neschopnos\u0165ou ovplyvni\u0165 dianie z\u00e1pasov.<\/p>\n<p>Na jeho prv\u00fd a posledn\u00fd ligov\u00fd g\u00f3l v modrom drese sa \u010dakalo a\u017e do decembra, kedy vsietil pri prehre vonku proti Crystal Palace. Zvy\u0161n\u00e9 dva si prip\u00edsal na jar, v piatom kole poh\u00e1ra FA. S\u00faper bol piatoligista, \u010do hovor\u00ed asi za v\u0161etko. Jeho celkov\u00e1 bilancia za Karamelky tak \u010din\u00ed 31 z\u00e1pasov, 1226 min\u00fat, 3 g\u00f3ly, 1 asistencia, 2 \u017elt\u00e9 a 1 \u010derven\u00e1 karta. A za t\u00fa si vysl\u00fa\u017eil na konci sez\u00f3ny trojz\u00e1pasov\u00fa stopku, \u00faplne zbyto\u010dn\u00fa pri snahe o z\u00e1chranu.<\/p>\n<h4><strong>Everton bude h\u013eada\u0165 n\u00e1hradu<\/strong><\/h4>\n<p>Lampard v tejto aj minulej sez\u00f3ne vyu\u017e\u00edval 33-ro\u010dn\u00e9ho Salom\u00f3na v\u00fdhradne len ako \u017eol\u00edka z lavi\u010dky, no aj to je mo\u017eno siln\u00e9 pomenovanie. Na za\u010diatku ligovej sez\u00f3ny, e\u0161te pred prestupom Maupaya, hral Frank dokonca rad\u0161ej bez \u00fato\u010dn\u00edka. A to aj napriek letnej snahe Rond\u00f3na, sna\u017eiaceho sa by\u0165 tentoraz fit v\u010das. Neskoro a m\u00e1rne.<\/p>\n<p>V\u00a0posledn\u00fdch t\u00fd\u017ed\u0148och pred \u0161ampion\u00e1tom v\u00a0Katare ho \u010dasto predbehli v\u00a0zostave aj mlad\u0161\u00ed hr\u00e1\u010di akad\u00e9mie, menovite skvele hraj\u00faci Tom Cannon. Na turnaj do Sydney tie\u017e necestoval. The Toffees sa tak v\u00a0janu\u00e1ri plne m\u00f4\u017eu s\u00fastredi\u0165 na zh\u00e1\u0148anie nov\u00e9ho \u00fato\u010dn\u00edka. Najlep\u0161ie tak\u00e9ho, ktor\u00fd nielen\u017ee nahrad\u00ed Rond\u00f3na, ale aj pred\u010d\u00ed sna\u017eenie a\u00a0\u00faspe\u0161nos\u0165 spom\u00ednan\u00e9ho, zatia\u013e nev\u00fdrazn\u00e9ho Maupaya.<\/p>\n<p>Aktu\u00e1lne sa spom\u00edna meno 23-ro\u010dn\u00e9ho Braz\u00edl\u010dana, Matheusa Cunhu. Toho Tite vcelku prekvapivo vynechal z\u00a0nomin\u00e1cie do Kataru. \u00dato\u010dn\u00edk Atl\u00e9tica Madrid, ktor\u00fd do \u0160panielska prest\u00fapil za 30 mili\u00f3nov eur aj s\u00a0bonusmi, ani z\u010faleko nehr\u00e1va pln\u00fa minut\u00e1\u017e a\u00a0o\u010dak\u00e1va sa jeho prestup na ostrovy. Seri\u00f3zny z\u00e1ujem jav\u00ed Wolverhampton a Leeds, ale cenovka m\u00f4\u017ee robi\u0165 probl\u00e9my i\u00a0Evertonu.<\/p>\n<p style=\"text-align: right;\"><span style=\"font-size: 8pt;\">(fotozdroj: George Wood\/GettyImages)<\/span><\/p>\n","protected":false},"excerpt":{"rendered":"<p>Venezuelsk\u00fd reprezenta\u010dn\u00fd \u00fato\u010dn\u00edk, ktor\u00e9ho do klubu priviedol Rafael Ben\u00edtez ako vo\u013en\u00e9ho hr\u00e1\u010da, sa dohodol s\u00a0veden\u00edm na rozviazan\u00ed zmluvy. T\u00e1 by skon\u010dila v\u00a0lete.<\/p>\n","protected":false},"author":1,"featured_media":20490,"comment_status":"open","ping_status":"closed","sticky":false,"template":"","format":"standard","meta":{"_eb_attr":"","_monsterinsights_skip_tracking":false,"_monsterinsights_sitenote_active":false,"_monsterinsights_sitenote_note":"","_monsterinsights_sitenote_category":0,"footnotes":""},"categories":[41],"tags":[],"yoast_head":"<!-- This site is optimized with the Yoast SEO plugin v23.4 - https:\/\/yoast.com\/wordpress\/plugins\/seo\/ -->\n<title>Rond\u00f3n v EFC pred\u010dasne skon\u010dil - Official Czech &amp; Slovak Everton Supporters&#039; Club<\/title>\n<meta name=\"robots\" content=\"index, follow, max-snippet:-1, max-image-preview:large, max-video-preview:-1\" \/>\n<link rel=\"canonical\" href=\"https:\/\/evertonfc.cz\/index.php\/2022\/12\/17\/rondon-v-efc-predcasne-skoncil\/\" \/>\n<meta property=\"og:locale\" content=\"cs_CZ\" \/>\n<meta property=\"og:type\" content=\"article\" \/>\n<meta property=\"og:title\" content=\"Rond\u00f3n v EFC pred\u010dasne skon\u010dil - Official Czech &amp; Slovak Everton Supporters&#039; Club\" \/>\n<meta property=\"og:description\" content=\"Venezuelsk\u00fd reprezenta\u010dn\u00fd \u00fato\u010dn\u00edk, ktor\u00e9ho do klubu priviedol Rafael Ben\u00edtez ako vo\u013en\u00e9ho hr\u00e1\u010da, sa dohodol s\u00a0veden\u00edm na rozviazan\u00ed zmluvy. T\u00e1 by skon\u010dila v\u00a0lete.\" \/>\n<meta property=\"og:url\" content=\"https:\/\/evertonfc.cz\/index.php\/2022\/12\/17\/rondon-v-efc-predcasne-skoncil\/\" \/>\n<meta property=\"og:site_name\" content=\"Official Czech &amp; Slovak Everton Supporters&#039; Club\" \/>\n<meta property=\"article:publisher\" content=\"https:\/\/www.facebook.com\/everton.fans.cz.sk\" \/>\n<meta property=\"article:published_time\" content=\"2022-12-17T17:23:36+00:00\" \/>\n<meta property=\"article:modified_time\" content=\"2022-12-17T18:10:53+00:00\" \/>\n<meta property=\"og:image\" content=\"https:\/\/evertonfc.cz\/wp-content\/uploads\/2022\/12\/Solomon-Rondon-by-George-Wood-GettyImages-17-12-2022.jpg\" \/>\n\t<meta property=\"og:image:width\" content=\"720\" \/>\n\t<meta property=\"og:image:height\" content=\"405\" \/>\n\t<meta property=\"og:image:type\" content=\"image\/jpeg\" \/>\n<meta name=\"author\" content=\"BlueBlooded\" \/>\n<meta name=\"twitter:card\" content=\"summary_large_image\" \/>\n<meta name=\"twitter:label1\" content=\"Napsal(a)\" \/>\n\t<meta name=\"twitter:data1\" content=\"BlueBlooded\" \/>\n\t<meta name=\"twitter:label2\" content=\"Odhadovan\u00e1 doba \u010dten\u00ed\" \/>\n\t<meta name=\"twitter:data2\" content=\"3 minuty\" \/>\n<script type=\"application\/ld+json\" class=\"yoast-schema-graph\">{\"@context\":\"https:\/\/schema.org\",\"@graph\":[{\"@type\":\"Article\",\"@id\":\"https:\/\/evertonfc.cz\/index.php\/2022\/12\/17\/rondon-v-efc-predcasne-skoncil\/#article\",\"isPartOf\":{\"@id\":\"https:\/\/evertonfc.cz\/index.php\/2022\/12\/17\/rondon-v-efc-predcasne-skoncil\/\"},\"author\":{\"name\":\"BlueBlooded\",\"@id\":\"https:\/\/evertonfc.cz\/#\/schema\/person\/d4493b8cbea51532597fbc4685698916\"},\"headline\":\"Rond\u00f3n v EFC pred\u010dasne skon\u010dil\",\"datePublished\":\"2022-12-17T17:23:36+00:00\",\"dateModified\":\"2022-12-17T18:10:53+00:00\",\"mainEntityOfPage\":{\"@id\":\"https:\/\/evertonfc.cz\/index.php\/2022\/12\/17\/rondon-v-efc-predcasne-skoncil\/\"},\"wordCount\":519,\"commentCount\":10,\"publisher\":{\"@id\":\"https:\/\/evertonfc.cz\/#organization\"},\"image\":{\"@id\":\"https:\/\/evertonfc.cz\/index.php\/2022\/12\/17\/rondon-v-efc-predcasne-skoncil\/#primaryimage\"},\"thumbnailUrl\":\"https:\/\/evertonfc.cz\/wp-content\/uploads\/2022\/12\/Solomon-Rondon-by-George-Wood-GettyImages-17-12-2022.jpg\",\"articleSection\":[\"P\u0159estupy\"],\"inLanguage\":\"cs\",\"potentialAction\":[{\"@type\":\"CommentAction\",\"name\":\"Comment\",\"target\":[\"https:\/\/evertonfc.cz\/index.php\/2022\/12\/17\/rondon-v-efc-predcasne-skoncil\/#respond\"]}]},{\"@type\":\"WebPage\",\"@id\":\"https:\/\/evertonfc.cz\/index.php\/2022\/12\/17\/rondon-v-efc-predcasne-skoncil\/\",\"url\":\"https:\/\/evertonfc.cz\/index.php\/2022\/12\/17\/rondon-v-efc-predcasne-skoncil\/\",\"name\":\"Rond\u00f3n v EFC pred\u010dasne skon\u010dil - Official Czech &amp; Slovak Everton Supporters&#039; Club\",\"isPartOf\":{\"@id\":\"https:\/\/evertonfc.cz\/#website\"},\"primaryImageOfPage\":{\"@id\":\"https:\/\/evertonfc.cz\/index.php\/2022\/12\/17\/rondon-v-efc-predcasne-skoncil\/#primaryimage\"},\"image\":{\"@id\":\"https:\/\/evertonfc.cz\/index.php\/2022\/12\/17\/rondon-v-efc-predcasne-skoncil\/#primaryimage\"},\"thumbnailUrl\":\"https:\/\/evertonfc.cz\/wp-content\/uploads\/2022\/12\/Solomon-Rondon-by-George-Wood-GettyImages-17-12-2022.jpg\",\"datePublished\":\"2022-12-17T17:23:36+00:00\",\"dateModified\":\"2022-12-17T18:10:53+00:00\",\"breadcrumb\":{\"@id\":\"https:\/\/evertonfc.cz\/index.php\/2022\/12\/17\/rondon-v-efc-predcasne-skoncil\/#breadcrumb\"},\"inLanguage\":\"cs\",\"potentialAction\":[{\"@type\":\"ReadAction\",\"target\":[\"https:\/\/evertonfc.cz\/index.php\/2022\/12\/17\/rondon-v-efc-predcasne-skoncil\/\"]}]},{\"@type\":\"ImageObject\",\"inLanguage\":\"cs\",\"@id\":\"https:\/\/evertonfc.cz\/index.php\/2022\/12\/17\/rondon-v-efc-predcasne-skoncil\/#primaryimage\",\"url\":\"https:\/\/evertonfc.cz\/wp-content\/uploads\/2022\/12\/Solomon-Rondon-by-George-Wood-GettyImages-17-12-2022.jpg\",\"contentUrl\":\"https:\/\/evertonfc.cz\/wp-content\/uploads\/2022\/12\/Solomon-Rondon-by-George-Wood-GettyImages-17-12-2022.jpg\",\"width\":720,\"height\":405},{\"@type\":\"BreadcrumbList\",\"@id\":\"https:\/\/evertonfc.cz\/index.php\/2022\/12\/17\/rondon-v-efc-predcasne-skoncil\/#breadcrumb\",\"itemListElement\":[{\"@type\":\"ListItem\",\"position\":1,\"name\":\"Home\",\"item\":\"https:\/\/evertonfc.cz\/\"},{\"@type\":\"ListItem\",\"position\":2,\"name\":\"Rond\u00f3n v EFC pred\u010dasne skon\u010dil\"}]},{\"@type\":\"WebSite\",\"@id\":\"https:\/\/evertonfc.cz\/#website\",\"url\":\"https:\/\/evertonfc.cz\/\",\"name\":\"Official Czech &amp; Slovak Everton Supporters&#039; Club\",\"description\":\"\",\"publisher\":{\"@id\":\"https:\/\/evertonfc.cz\/#organization\"},\"potentialAction\":[{\"@type\":\"SearchAction\",\"target\":{\"@type\":\"EntryPoint\",\"urlTemplate\":\"https:\/\/evertonfc.cz\/?s={search_term_string}\"},\"query-input\":{\"@type\":\"PropertyValueSpecification\",\"valueRequired\":true,\"valueName\":\"search_term_string\"}}],\"inLanguage\":\"cs\"},{\"@type\":\"Organization\",\"@id\":\"https:\/\/evertonfc.cz\/#organization\",\"name\":\"Official Czech & Slovak Everton Supporters' Club\",\"url\":\"https:\/\/evertonfc.cz\/\",\"logo\":{\"@type\":\"ImageObject\",\"inLanguage\":\"cs\",\"@id\":\"https:\/\/evertonfc.cz\/#\/schema\/logo\/image\/\",\"url\":\"https:\/\/evertonfc.cz\/wp-content\/uploads\/2019\/05\/logo.png\",\"contentUrl\":\"https:\/\/evertonfc.cz\/wp-content\/uploads\/2019\/05\/logo.png\",\"width\":112,\"height\":112,\"caption\":\"Official Czech & Slovak Everton Supporters' Club\"},\"image\":{\"@id\":\"https:\/\/evertonfc.cz\/#\/schema\/logo\/image\/\"},\"sameAs\":[\"https:\/\/www.facebook.com\/everton.fans.cz.sk\"]},{\"@type\":\"Person\",\"@id\":\"https:\/\/evertonfc.cz\/#\/schema\/person\/d4493b8cbea51532597fbc4685698916\",\"name\":\"BlueBlooded\",\"url\":\"https:\/\/evertonfc.cz\/index.php\/author\/admin\/\"}]}<\/script>\n<!-- \/ Yoast SEO plugin. -->","yoast_head_json":{"title":"Rond\u00f3n v EFC pred\u010dasne skon\u010dil - Official Czech &amp; Slovak Everton Supporters&#039; Club","robots":{"index":"index","follow":"follow","max-snippet":"max-snippet:-1","max-image-preview":"max-image-preview:large","max-video-preview":"max-video-preview:-1"},"canonical":"https:\/\/evertonfc.cz\/index.php\/2022\/12\/17\/rondon-v-efc-predcasne-skoncil\/","og_locale":"cs_CZ","og_type":"article","og_title":"Rond\u00f3n v EFC pred\u010dasne skon\u010dil - Official Czech &amp; Slovak Everton Supporters&#039; Club","og_description":"Venezuelsk\u00fd reprezenta\u010dn\u00fd \u00fato\u010dn\u00edk, ktor\u00e9ho do klubu priviedol Rafael Ben\u00edtez ako vo\u013en\u00e9ho hr\u00e1\u010da, sa dohodol s\u00a0veden\u00edm na rozviazan\u00ed zmluvy. T\u00e1 by skon\u010dila v\u00a0lete.","og_url":"https:\/\/evertonfc.cz\/index.php\/2022\/12\/17\/rondon-v-efc-predcasne-skoncil\/","og_site_name":"Official Czech &amp; Slovak Everton Supporters&#039; Club","article_publisher":"https:\/\/www.facebook.com\/everton.fans.cz.sk","article_published_time":"2022-12-17T17:23:36+00:00","article_modified_time":"2022-12-17T18:10:53+00:00","og_image":[{"width":720,"height":405,"url":"https:\/\/evertonfc.cz\/wp-content\/uploads\/2022\/12\/Solomon-Rondon-by-George-Wood-GettyImages-17-12-2022.jpg","type":"image\/jpeg"}],"author":"BlueBlooded","twitter_card":"summary_large_image","twitter_misc":{"Napsal(a)":"BlueBlooded","Odhadovan\u00e1 doba \u010dten\u00ed":"3 minuty"},"schema":{"@context":"https:\/\/schema.org","@graph":[{"@type":"Article","@id":"https:\/\/evertonfc.cz\/index.php\/2022\/12\/17\/rondon-v-efc-predcasne-skoncil\/#article","isPartOf":{"@id":"https:\/\/evertonfc.cz\/index.php\/2022\/12\/17\/rondon-v-efc-predcasne-skoncil\/"},"author":{"name":"BlueBlooded","@id":"https:\/\/evertonfc.cz\/#\/schema\/person\/d4493b8cbea51532597fbc4685698916"},"headline":"Rond\u00f3n v EFC pred\u010dasne skon\u010dil","datePublished":"2022-12-17T17:23:36+00:00","dateModified":"2022-12-17T18:10:53+00:00","mainEntityOfPage":{"@id":"https:\/\/evertonfc.cz\/index.php\/2022\/12\/17\/rondon-v-efc-predcasne-skoncil\/"},"wordCount":519,"commentCount":10,"publisher":{"@id":"https:\/\/evertonfc.cz\/#organization"},"image":{"@id":"https:\/\/evertonfc.cz\/index.php\/2022\/12\/17\/rondon-v-efc-predcasne-skoncil\/#primaryimage"},"thumbnailUrl":"https:\/\/evertonfc.cz\/wp-content\/uploads\/2022\/12\/Solomon-Rondon-by-George-Wood-GettyImages-17-12-2022.jpg","articleSection":["P\u0159estupy"],"inLanguage":"cs","potentialAction":[{"@type":"CommentAction","name":"Comment","target":["https:\/\/evertonfc.cz\/index.php\/2022\/12\/17\/rondon-v-efc-predcasne-skoncil\/#respond"]}]},{"@type":"WebPage","@id":"https:\/\/evertonfc.cz\/index.php\/2022\/12\/17\/rondon-v-efc-predcasne-skoncil\/","url":"https:\/\/evertonfc.cz\/index.php\/2022\/12\/17\/rondon-v-efc-predcasne-skoncil\/","name":"Rond\u00f3n v EFC pred\u010dasne skon\u010dil - Official Czech &amp; Slovak Everton Supporters&#039; Club","isPartOf":{"@id":"https:\/\/evertonfc.cz\/#website"},"primaryImageOfPage":{"@id":"https:\/\/evertonfc.cz\/index.php\/2022\/12\/17\/rondon-v-efc-predcasne-skoncil\/#primaryimage"},"image":{"@id":"https:\/\/evertonfc.cz\/index.php\/2022\/12\/17\/rondon-v-efc-predcasne-skoncil\/#primaryimage"},"thumbnailUrl":"https:\/\/evertonfc.cz\/wp-content\/uploads\/2022\/12\/Solomon-Rondon-by-George-Wood-GettyImages-17-12-2022.jpg","datePublished":"2022-12-17T17:23:36+00:00","dateModified":"2022-12-17T18:10:53+00:00","breadcrumb":{"@id":"https:\/\/evertonfc.cz\/index.php\/2022\/12\/17\/rondon-v-efc-predcasne-skoncil\/#breadcrumb"},"inLanguage":"cs","potentialAction":[{"@type":"ReadAction","target":["https:\/\/evertonfc.cz\/index.php\/2022\/12\/17\/rondon-v-efc-predcasne-skoncil\/"]}]},{"@type":"ImageObject","inLanguage":"cs","@id":"https:\/\/evertonfc.cz\/index.php\/2022\/12\/17\/rondon-v-efc-predcasne-skoncil\/#primaryimage","url":"https:\/\/evertonfc.cz\/wp-content\/uploads\/2022\/12\/Solomon-Rondon-by-George-Wood-GettyImages-17-12-2022.jpg","contentUrl":"https:\/\/evertonfc.cz\/wp-content\/uploads\/2022\/12\/Solomon-Rondon-by-George-Wood-GettyImages-17-12-2022.jpg","width":720,"height":405},{"@type":"BreadcrumbList","@id":"https:\/\/evertonfc.cz\/index.php\/2022\/12\/17\/rondon-v-efc-predcasne-skoncil\/#breadcrumb","itemListElement":[{"@type":"ListItem","position":1,"name":"Home","item":"https:\/\/evertonfc.cz\/"},{"@type":"ListItem","position":2,"name":"Rond\u00f3n v EFC pred\u010dasne skon\u010dil"}]},{"@type":"WebSite","@id":"https:\/\/evertonfc.cz\/#website","url":"https:\/\/evertonfc.cz\/","name":"Official Czech &amp; Slovak Everton Supporters&#039; Club","description":"","publisher":{"@id":"https:\/\/evertonfc.cz\/#organization"},"potentialAction":[{"@type":"SearchAction","target":{"@type":"EntryPoint","urlTemplate":"https:\/\/evertonfc.cz\/?s={search_term_string}"},"query-input":{"@type":"PropertyValueSpecification","valueRequired":true,"valueName":"search_term_string"}}],"inLanguage":"cs"},{"@type":"Organization","@id":"https:\/\/evertonfc.cz\/#organization","name":"Official Czech & Slovak Everton Supporters' Club","url":"https:\/\/evertonfc.cz\/","logo":{"@type":"ImageObject","inLanguage":"cs","@id":"https:\/\/evertonfc.cz\/#\/schema\/logo\/image\/","url":"https:\/\/evertonfc.cz\/wp-content\/uploads\/2019\/05\/logo.png","contentUrl":"https:\/\/evertonfc.cz\/wp-content\/uploads\/2019\/05\/logo.png","width":112,"height":112,"caption":"Official Czech & Slovak Everton Supporters' Club"},"image":{"@id":"https:\/\/evertonfc.cz\/#\/schema\/logo\/image\/"},"sameAs":["https:\/\/www.facebook.com\/everton.fans.cz.sk"]},{"@type":"Person","@id":"https:\/\/evertonfc.cz\/#\/schema\/person\/d4493b8cbea51532597fbc4685698916","name":"BlueBlooded","url":"https:\/\/evertonfc.cz\/index.php\/author\/admin\/"}]}},"_links":{"self":[{"href":"https:\/\/evertonfc.cz\/index.php\/wp-json\/wp\/v2\/posts\/20491"}],"collection":[{"href":"https:\/\/evertonfc.cz\/index.php\/wp-json\/wp\/v2\/posts"}],"about":[{"href":"https:\/\/evertonfc.cz\/index.php\/wp-json\/wp\/v2\/types\/post"}],"author":[{"embeddable":true,"href":"https:\/\/evertonfc.cz\/index.php\/wp-json\/wp\/v2\/users\/1"}],"replies":[{"embeddable":true,"href":"https:\/\/evertonfc.cz\/index.php\/wp-json\/wp\/v2\/comments?post=20491"}],"version-history":[{"count":6,"href":"https:\/\/evertonfc.cz\/index.php\/wp-json\/wp\/v2\/posts\/20491\/revisions"}],"predecessor-version":[{"id":20497,"href":"https:\/\/evertonfc.cz\/index.php\/wp-json\/wp\/v2\/posts\/20491\/revisions\/20497"}],"wp:featuredmedia":[{"embeddable":true,"href":"https:\/\/evertonfc.cz\/index.php\/wp-json\/wp\/v2\/media\/20490"}],"wp:attachment":[{"href":"https:\/\/evertonfc.cz\/index.php\/wp-json\/wp\/v2\/media?parent=20491"}],"wp:term":[{"taxonomy":"category","embeddable":true,"href":"https:\/\/evertonfc.cz\/index.php\/wp-json\/wp\/v2\/categories?post=20491"},{"taxonomy":"post_tag","embeddable":true,"href":"https:\/\/evertonfc.cz\/index.php\/wp-json\/wp\/v2\/tags?post=20491"}],"curies":[{"name":"wp","href":"https:\/\/api.w.org\/{rel}","templated":true}]}}