{"id":20499,"date":"2022-12-21T15:18:43","date_gmt":"2022-12-21T14:18:43","guid":{"rendered":"https:\/\/evertonfc.cz\/?p=20499"},"modified":"2022-12-24T13:40:23","modified_gmt":"2022-12-24T12:40:23","slug":"suhrn-medzisezonnej-prestavky","status":"publish","type":"post","link":"https:\/\/evertonfc.cz\/index.php\/2022\/12\/21\/suhrn-medzisezonnej-prestavky\/","title":{"rendered":"S\u00fahrn medzisez\u00f3nnej prest\u00e1vky"},"content":{"rendered":"<h4>Za\u010dala sa v\u00fdletom k protino\u017ecom, ktor\u00fd znamenal sprestenie odluky od EFC po\u010das Majstrovstiev v Katare. A \u0161ancu zabudn\u00fa\u0165 na opakovan\u00e9 trag\u00e9die v Bournemouthe.<\/h4>\n<p>Odlet na ju\u017en\u00fa pologulu sa konal prakticky ihne\u010f, v stredu 16. novembra. Len tri dni po poslednom ligovom z\u00e1pase, ktor\u00fd tu rad\u0161ej nebudeme bli\u017e\u0161ie spom\u00edna\u0165. No tamoj\u0161\u00ed fan\u00fa\u0161ikovia sa mali na \u010do te\u0161i\u0165. Everton Supporters&#8216; Club Australia spolupracoval s t\u00edmom Club&#8217;s Fan Engagement na organizovan\u00ed mno\u017estva podujat\u00ed veden\u00fdch fan\u00fa\u0161ikmi na oslavu n\u00e1v\u0161tevy The Toffees v Sydney.<\/p>\n<p>Everton za\u010dal pr\u00edpravu na Superpoh\u00e1r v Sydney rozcvi\u010dkou na svetozn\u00e1mej pl\u00e1\u017ei Bondi Beach. Po pr\u00edlete do Austr\u00e1lie v stredu ve\u010der t\u00edm Franka Lamparda nasleduj\u00face r\u00e1no nav\u0161t\u00edvil tento turistick\u00fd hotspot, a pred prv\u00fdm tr\u00e9ningom nesk\u00f4r v priebehu d\u0148a si pre\u0161iel svalov\u00fdmi stre\u010dingami. Nasleduj\u00faci de\u0148, piatok, mal Everton pre verejnos\u0165 otvoren\u00fd tr\u00e9ning na Accor Stadium. Toto podujatie pon\u00fakalo cestuj\u00facim fan\u00fa\u0161ikom aj austr\u00e1lskym Blues \u0161ancu z\u00edska\u0165 jedine\u010dn\u00fd poh\u013ead na tr\u00e9ningov\u00fd re\u017eim hr\u00e1\u010dov Premier League.<\/p>\n<ul>\n<li><strong>22 hr\u00e1\u010dov, ktor\u00ed odcestovali do Austr\u00e1lie:<br \/>\n<\/strong>Joe Anderson, Asmir Begovi\u0107, Tom Cannon, Billy Crellin, Tom Davies, Abdoulaye Doucour\u00e9, Anthony Gordon, Demarai Gray, Mason Holgate, Michael Keane, Andy Lonergan, Neal Maupay, Dwight McNeil, Stanley Mills, Yerry Mina, Vitalii Mykolenko, Nathan Patterson, Isaac Price, Seb Quirk, James Tarkowski, Ruben Vinagre, Reece Welch<\/li>\n<li><strong>12 hr\u00e1\u010dov, ktor\u00ed necestovali:<\/strong><br \/>\nAlex Iwobi, Jordan Pickford, Conor Coady, Amadou Onana, Eldin Jakupovi\u0107, Ben Godfrey, S\u00e9amus Coleman, Idrissa Gueye, James Garner, Calvert-Lewin, Andros Townsend, Salom\u00f3n Rond\u00f3n<\/li>\n<\/ul>\n<p>Napriek tomu, \u017ee nieko\u013eko star\u0161\u00edch st\u00e1lic nebolo dostupn\u00fdch na v\u00fdlet do Austr\u00e1lie kv\u00f4li kombin\u00e1cii reprezenta\u010dn\u00fdch z\u00e1v\u00e4zkov a zraneni\u00ed, zostava Evertonu bola st\u00e1le nabit\u00e1 sk\u00fasenos\u0165ami. Aj napriek po\u010detn\u00e9mu z\u00e1stupu hr\u00e1\u010dov z akad\u00e9mie Finch Farm. Ne\u0161\u0165astie sa prihodilo Daviesovi. Ten s\u00edce nast\u00fapil na let do Sydney, ale zranenie kolena, ktor\u00e9 utrpel na tr\u00e9ningu v predve\u010der z\u00e1pasu na \u0161tadi\u00f3ne Accor proti Celticu, ho vyradilo z oboch z\u00e1pasov na miniturnaj. Hr\u00e1\u010d preto pred\u010dasne opustil turn\u00e9 a podrobil sa vy\u0161etreniam sp\u00e4\u0165 v Liverpoole.<\/p>\n<h4 style=\"text-align: center;\"><em><strong>Everton \u2013 Celtic 0:0 (4:2 p)<\/strong><\/em><\/h4>\n<p><strong>Penalty:<\/strong> Keane, Cannon, Patterson, Mills (x), Gordon<\/p>\n<p><strong>\u017dlt\u00e9 karty:<\/strong> 44\u00b4 Patterson<\/p>\n<p><strong>Everton FC:<\/strong> Begovi\u0107 \u2013 Patterson, Keane, Mina (46\u00b4 Holgate), Tarkowski, Mykolenko (67\u00b4 Vinagre) \u2013 Doucour\u00e9 (46\u00b4 McNeil), Price \u2013 Gordon, Maupay (75\u00b4 Cannon), Gray (75\u00b4 Mills)<\/p>\n<p><strong>Celtic FC:<\/strong> Hart \u2013 Ralston, Jenz, Starfelt, Taylor \u2013 Turnbull (85\u00b4 Vata), O\u00b4Riley (85\u00b4 Abildgaard), Hatate \u2013 Haksabanovic (60\u00b4 Abada), Furuhashi (71\u00b4 Giakoumakis), Jota (71\u00b4 Forrest)<\/p>\n<p><strong>Rozhodca:<\/strong> Jarred Gillett \u00a0<strong>Div\u00e1ci:<\/strong> 41 121 (Accor Stadium)<\/p>\n<p><iframe loading=\"lazy\" title=\"BLUES DEFEAT CELTIC 4-2 ON PENALTIES IN THE SYDNEY SUPER CUP! HIGHLIGHTS: CELTIC 0-0 EVERTON\" width=\"1140\" height=\"641\" src=\"https:\/\/www.youtube.com\/embed\/eUlvmF_1qDo?feature=oembed\" frameborder=\"0\" allow=\"accelerometer; autoplay; clipboard-write; encrypted-media; gyroscope; picture-in-picture\" allowfullscreen><\/iframe><\/p>\n<h4 style=\"text-align: center;\"><em><strong>Everton \u2013 WS Wanderers 5:1<\/strong><\/em><\/h4>\n<p><strong>G\u00f3ly:<\/strong> 14\u00b4 Maupay (Patterson), 17\u00b4 Najjarine (Krpic), 30\u00b4 Gordon (Doucour\u00e9), 59\u00b4 Gordon, 66\u00b4 Cannon, 90\u00b4 Gordon (McNeil)<\/p>\n<p><strong>\u017dlt\u00e9 karty:<\/strong> 55\u00b4 Lopane, 57\u00b4 Price, 83\u00b4 Cleur<\/p>\n<p><strong>Everton FC:<\/strong> Begovi\u0107 (46\u00b4 Lonergan) \u2013 Patterson, Tarkowski (46\u00b4 Keane), Holgate (69\u00b4 Welch), Vinagre (75\u00b4 Anderson) \u2013 Doucour\u00e9 (75\u00b4 Quirk), Price, McNeil \u2013 Gordon, Maupay (64\u00b4 Cannon), Gray (64\u00b4 Mills)<\/p>\n<p><strong>WS Wanderers:<\/strong> Margush \u2013 Cleur, Mrcela (68\u00b4 Marcelo), Tongyik, Wilmering (72\u00b4 Traor\u00e9) \u2013 Najjarine (78\u00b4 Bonetig), Nieuwenhof, Lopane, N\u00b4Gbakoto (46\u00b4 Amalfitano) \u2013 Krpic (88\u00b4 Sapsford), Yengi (63\u00b4 Borrello)<\/p>\n<p><strong>Rozhodca:<\/strong> Adam Kersey \u00a0<strong>Div\u00e1ci:<\/strong> 14 522 (CommBank Stadium)<\/p>\n<p><iframe loading=\"lazy\" title=\"ANTHONY GORDON NETS HAT-TRICK! | WESTERN SYDNEY WANDERERS 1-5 EVERTON\" width=\"1140\" height=\"641\" src=\"https:\/\/www.youtube.com\/embed\/WJA4j3IDBzc?feature=oembed\" frameborder=\"0\" allow=\"accelerometer; autoplay; clipboard-write; encrypted-media; gyroscope; picture-in-picture\" allowfullscreen><\/iframe><\/p>\n<p>Po n\u00e1vrate z\u00a0ju\u017enej pologule sa n\u00e1m dostalo aj aktualiz\u00e1cie o\u00a0lazaroch. Jamesa Garnera vyradilo z\u00a0turnaja zranenie chrbta, ktor\u00e9 si vy\u017eiada zhruba dva mesiace. Tak\u017ee ho uvid\u00edme najsk\u00f4r na konci\u00a0janu\u00e1ra, resp. za\u010diatku febru\u00e1ra. Z\u00a0Austr\u00e1lie pred\u010dasne od\u00edden\u00fd Tom Davies sa u\u017e aktu\u00e1lne vr\u00e1til do tr\u00e9ningu. Rovnako ako Yerry Mina. Kolumbij\u010danov hamstring vydr\u017eal proti Celticu iba prv\u00fd pol\u010das.<\/p>\n<h4><strong>Ponau\u010denia z\u00a0turnajov\u00fdch z\u00e1pasov<\/strong><\/h4>\n<p>Isaac Price bol Lampardom ozna\u010den\u00fd za &#8222;najlep\u0161ieho hr\u00e1\u010da na ihrisku&#8220; po tom, \u010do \u0161tartoval v z\u00e1kladnej zostave pri v\u00fdhre v penaltovom rozstrele nad Celticom. O tri dni nesk\u00f4r bol Price op\u00e4\u0165 menovan\u00fd do z\u00e1kladnej jeden\u00e1stky v s\u00faboji s Western Sydney Wanderers. Absolvoval cel\u00fd z\u00e1pas v hlb\u0161ej \u00falohe \u010d\u00edsla 6 v strede po\u013ea. 19-ro\u010dn\u00fd hr\u00e1\u010d, ktor\u00fd je v klube od svojich siedmich rokov, op\u00e4\u0165 zaujal vyrovnanos\u0165ou a pozitivitou v dr\u017ean\u00ed lopty, ako aj potrebnou pohotovos\u0165ou a h\u00fa\u017eevnatos\u0165ou v obrane.<\/p>\n<p>Povzbudzuj\u00face je, \u017ee Price nebol jedin\u00fdm mlad\u00edkom, ktor\u00fd skvelo vyu\u017eil tento jedine\u010dn\u00fd v\u00fdlet v polovici sez\u00f3ny. Everton dohral z\u00e1pas proti Western Sydney Wanderers so siedmimi hr\u00e1\u010dmi na ihrisku, ktor\u00fdch vyprodukovala klubov\u00e1 akad\u00e9mia. Tom Cannon ako n\u00e1hradn\u00edk v druhom pol\u010dase vsietil svoj prv\u00fd seniorsk\u00fd g\u00f3l proti t\u00edmu z A-League, zatia\u013e \u010do Stanley Mills op\u00e4\u0165 vy\u0165a\u017eil maximum z min\u00fat v prvom t\u00edme.<\/p>\n<p>Ako s\u00e1m priznal, Anthony Gordon bol v poslednom \u010dase z formy. Za z\u00e1sluhy mu teda patr\u00ed nielen brut\u00e1lna \u00faprimnos\u0165, ale aj to, \u017ee sa chopil pr\u00edle\u017eitosti na znovuz\u00edskanie sebavedomia. Presne to sa mu podarilo, ke\u010f strelil v\u00ed\u0165azn\u00fa penaltu pri triumfe v rozstrele nad Celticom, a tie\u017e ke\u010f n\u00e1sledne dosiahol hetrik proti WS Wanderers.<\/p>\n<h4><strong>Pripomenul sa Holgate a\u00a0McNeil sk\u00fa\u0161al nov\u00fa poz\u00edciu<\/strong><\/h4>\n<p>Frank Lampard zaru\u010dene bude \u010deli\u0165 aspo\u0148 jednej dileme, ke\u010f sa vr\u00e1ti do akcie Premier League n\u00e1v\u0161tevou Wolves na Boxing Day. Ke\u010f\u017ee Conor Coady nebude sp\u00f4sobil\u00fd \u010deli\u0165 svojmu matersk\u00e9mu klubu po\u010das hos\u0165ovania z t\u00edmu z Black Country, partnerstvo, ktor\u00e9 29-ro\u010dn\u00fd hr\u00e1\u010d nadviazal s kolegom Jamesom Tarkowskim, bude aspo\u0148 do\u010dasne preru\u0161en\u00e9. Mason Holgate v\u0161ak nijako neu\u0161kodil svoj\u00edm \u0161anciam na z\u00edskanie d\u00f4very dvojicou vynikaj\u00facich v\u00fdkonov v Sydney Super Cup. 26-ro\u010dn\u00fd stop\u00e9r sa predstavil v pol\u010dase proti Celticu, a absolvoval aj 69 min\u00fat v druhom z\u00e1pase proti Sydney.<\/p>\n<p>Michael Keane bude tie\u017e bojova\u0165 o miesto v z\u00e1kladnej zostave po z\u00edskan\u00ed cenn\u00fdch min\u00fat po\u010das prest\u00e1vky. To v\u0161ak neplat\u00ed pre Godfreyho. Ten sa po prekonan\u00ed zlomeniny l\u00fdtkovej kosti v \u00favodnom z\u00e1pase tejto sez\u00f3ny proti Chelsea na\u010falej e\u0161te len dost\u00e1va do plnej kond\u00edcie. Preto ani do jedn\u00e9ho duelu v\u00a0Sydney Super Cup nezasiahol.<\/p>\n<p>Evertonians od letn\u00e9ho prestupu z Burnley zvykli sledova\u0165, ako Dwight McNeil operuje z oboch str\u00e1n ihriska, ale \u0161\u00e9f lavi\u010dky The Toffees sa rozhodol na druh\u00fd z\u00e1pas nasadi\u0165 23-ro\u010dn\u00e9ho hr\u00e1\u010da na poz\u00edciu stredn\u00e9ho z\u00e1lo\u017en\u00edka. Bol to experiment, ktor\u00fd poskytol zauj\u00edmav\u00fd podnet na zamyslenie. Od McNeila v\u00a0tejto roli tu bolo viac pozit\u00edvnych sign\u00e1lov, a Lampard ver\u00ed, \u017ee Everton bude m\u00f4c\u0165 naplno \u0165a\u017ei\u0165 z jeho kval\u00edt po usaden\u00ed sa v novom prostred\u00ed. Po z\u00e1pase sa nechal po\u010du\u0165:<\/p>\n<blockquote><p><span style=\"font-size: 12pt;\">\u201e<em>Dwight bol naozaj dobr\u00fd. Mysl\u00edm, \u017ee naozaj do toho zapadol. Urobil nieko\u013eko skvel\u00fdch prihr\u00e1vok, uk\u00e1zal ve\u013ek\u00fa energiu a viem, \u017ee dok\u00e1\u017ee hra\u0165 \u00fastrednej\u0161iu rolu. M\u00f4\u017ee by\u0165 osmi\u010dka. Hral tam predt\u00fdm, ke\u010f bol mlad\u0161\u00ed vo svojej kari\u00e9re. Je to nie\u010do, na \u010do sa m\u00f4\u017eeme pozera\u0165 \u00fato\u010dn\u00fdm sp\u00f4sobom. Dwight toho ve\u013ea nabeh\u00e1. Mysl\u00edm, \u017ee niekedy sp\u00f4sobom, ak\u00fdm sa pohybuje, \u013eudia presne nevn\u00edmaj\u00fa, ko\u013eko ihriska pokr\u00fdva, ale pokr\u00fdva ve\u013ea.\u201c<\/em><\/span><\/p><\/blockquote>\n<h4><strong>N\u00e1vrat do tr\u00e9ningu na Finch Farm<\/strong><\/h4>\n<p>Hr\u00e1\u010di po n\u00e1vrate z Austr\u00e1lie dostali p\u00e1r t\u00fd\u017ed\u0148ov vo\u013eno. Netreba za t\u00fdm ni\u010d hlada\u0165. robila tak \u00a0v\u00e4\u010d\u0161ina klubov, hoci niektor\u00e9 v inom porad\u00ed, \u010do sa particip\u00e1cie turnajov a priate\u013esk\u00fdch z\u00e1pasov t\u00fdka. Piatok 9. decembra sa v\u0161ak v\u0161etci, ktor\u00ed u\u017e nemali reprezenta\u010dn\u00e9 povinnosti hl\u00e1sili v halewoodskom stredisku. Z \u00fa\u010dastn\u00edkov Majstrovstiev sveta sa hl\u00e1sil sp\u00e4\u0165 iba Onana. Av\u0161ak pribudla aj nov\u00e1 tv\u00e1r. N\u00e1dejn\u00fd obranca Matthew Mallon sa zapojil do pr\u00edpravy s prv\u00fdm t\u00edmom. T\u00edned\u017eer podp\u00edsal s klubom v lete dvojro\u010dn\u00fa zmluvu po tom, \u010do p\u00f4vodne pl\u00e1noval prest\u00fapi\u0165 do Blackburn Rovers, ke\u010f sa zdalo, \u017ee nedostane \u0161ancu pokra\u010dova\u0165 v EFC. V klube toti\u017e p\u00f4sob\u00ed od \u0161tyroch rokov.<\/p>\n<p>V \u0161tvrtok 15. decembra cestoval t\u00edm do manchestersk\u00e9ho Carringtonu, kde m\u00e1 s\u00eddlo tr\u00e9ningov\u00fd komplex \u010derven\u00fdch koleogov. Tam sa odohral tr\u00e9ningov\u00fd z\u00e1pas za zatvoren\u00fdmi dverami s United, ktor\u00fd skon\u010dil rem\u00edzov 1:1. \u017diadne \u010fal\u0161ie podrobnosti bohu\u017eia\u013e zverejnen\u00e9 neboli. Ale minim\u00e1lne e\u0161te jeden tak\u00fdto duel by mali Karamelky pred n\u00e1vratom do ostrek akcie s niek\u00fdm absolovova\u0165.<\/p>\n<h4><strong>Aktualiz\u00e1cia 22.12.2022: Everton &#8211; Aston Villa 2:0<\/strong><\/h4>\n<p>A t\u00fdm niek\u00fdm boli Villans, pod veden\u00edm nov\u00e9ho tr\u00e9nera Unaia Emeryho. Tr\u00e9ningov\u00fd z\u00e1pas za zatvoren\u00fdmi dverami v Goodison Parku sa odohral v stredu 21. decembra. Skor\u00e9 g\u00f3ly od Anthonyho Gordona a Neala Maupaya preuk\u00e1zali jasn\u00fd rozdiel od s\u00fapera v p\u00f4sobivom v\u00fdkone t\u00edmu Franka Lamparda. Z reprezent\u00e1cie vracaj\u00faci sa Jordan Pickford v prvom pol\u010dase tie\u017e predviedol dva z\u00e1kroky najvy\u0161\u0161ej kvality.<\/p>\n<p>The Toffees sa ujali vedenia po \u00f4smich min\u00fatach, ke\u010f Nathan Patterson z prav\u00e9ho kr\u00eddla nahral Gordonovi, ktor\u00fd zasadil presn\u00fa strelu do prav\u00e9ho doln\u00e9ho rohu. Vedenie sa zdvojn\u00e1sobilo o p\u00e4\u0165 min\u00fat nesk\u00f4r, ke\u010f s\u00edce bol roh Demaraia Graya odvr\u00e1ten\u00fd, ale Alex Iwobi p\u00e4tou vr\u00e1til loptu sp\u00e4\u0165 do nebezpe\u010dn\u00e9ho priestoru a Maupay z tesnej bl\u00edzkosti rozvlnil sie\u0165 za brank\u00e1rom host\u00ed.<\/p>\n<p>Pickford \u2013 \u010derstvo po svojich vynikaj\u00facich vyst\u00fapeniach za Anglicko na Majstrovstv\u00e1ch sveta v Katare \u2013 potom dokonal\u00fdm z\u00e1krokom zabr\u00e1nil g\u00f3lu Ludwiga Augustinssona. Po nej r\u00fdchlo nasledoval blok Jamesa Tarkowsk\u00e9ho na Johna McGinna, a na konci pol\u010dasu zru\u0161il Jordan aj Boubacara Kamaru.<\/p>\n<p>V druhom pol\u010dase bol bl\u00edzko nav\u00fd\u0161eniu sk\u00f3re op\u00e4\u0165 Gordon a Tarkowski hlavi\u010dkoval roh na vrch siete, zatia\u013e \u010do Frank Lampard poskytol hrac\u00ed \u010das v\u00e4\u010d\u0161ine svojho mu\u017estva. Stanley Mills mal tie\u017e jednu zablokovan\u00fa strelu na \u010diare na konci z\u00e1pasu po dobrej pr\u00e1ci na \u013eavom kr\u00eddle od Dwighta McNeila.<\/p>\n<h4>Odpor\u00fa\u010dame pozrie\u0165 aj vide\u00e1:<\/h4>\n<ul>\n<li><a href=\"https:\/\/www.youtube.com\/watch?v=klGdkrEnY9A\" target=\"_blank\" rel=\"noopener\"><strong>Tr\u00e9ningy Evertonu v Austr\u00e1lii<\/strong><\/a><\/li>\n<li><a href=\"https:\/\/www.youtube.com\/watch?v=ASRuA-qOfO4\" target=\"_blank\" rel=\"noopener\"><strong>Gordon GoPro tr\u00e9ning<\/strong><\/a><\/li>\n<li><a href=\"https:\/\/www.youtube.com\/watch?v=sR8Y1TWza_U\" target=\"_blank\" rel=\"noopener\"><strong>Z\u00e1kulisie vs Celtic<\/strong><\/a><\/li>\n<li><a href=\"https:\/\/www.youtube.com\/watch?v=oAehDPVKnMc\" target=\"_blank\" rel=\"noopener\"><strong>Z\u00e1kulisie vs WS Wanderers<\/strong><\/a><\/li>\n<li><a href=\"https:\/\/www.youtube.com\/watch?v=WtKAxp5hKis\" target=\"_blank\" rel=\"noopener\"><strong>Z\u00e1kulisn\u00fd zostrih z v\u00fdletu<\/strong><\/a><\/li>\n<li><a href=\"https:\/\/www.youtube.com\/watch?v=PzIPFsb7r2Y\" target=\"_blank\" rel=\"noopener\"><strong>N\u00e1vrat hr\u00e1\u010dov na Finch Farm<\/strong><\/a><\/li>\n<li><a href=\"https:\/\/www.youtube.com\/watch?v=p05ZxPlAfAE\" target=\"_blank\" rel=\"noopener\"><strong>Tr\u00e9ning v zimn\u00fdch podmienkach<\/strong><\/a><\/li>\n<\/ul>\n<p style=\"text-align: right;\"><span style=\"font-size: 8pt;\">(fotozdroj: evertonfc.com)<\/span><\/p>\n","protected":false},"excerpt":{"rendered":"<p>Za\u010dala sa v\u00fdletom k protino\u017ecom, ktor\u00fd znamenal sprestenie odluky od EFC po\u010das Majstrovstiev v Katare. A \u0161ancu zabudn\u00fa\u0165 na opakovan\u00e9 trag\u00e9die v Bournemouthe.<\/p>\n","protected":false},"author":1,"featured_media":20500,"comment_status":"open","ping_status":"closed","sticky":false,"template":"","format":"standard","meta":{"_eb_attr":"","_monsterinsights_skip_tracking":false,"_monsterinsights_sitenote_active":false,"_monsterinsights_sitenote_note":"","_monsterinsights_sitenote_category":0,"footnotes":""},"categories":[42],"tags":[],"yoast_head":"<!-- This site is optimized with the Yoast SEO plugin v23.4 - https:\/\/yoast.com\/wordpress\/plugins\/seo\/ -->\n<title>S\u00fahrn medzisez\u00f3nnej prest\u00e1vky - Official Czech &amp; Slovak Everton Supporters&#039; Club<\/title>\n<meta name=\"robots\" content=\"index, follow, max-snippet:-1, max-image-preview:large, max-video-preview:-1\" \/>\n<link rel=\"canonical\" href=\"https:\/\/evertonfc.cz\/index.php\/2022\/12\/21\/suhrn-medzisezonnej-prestavky\/\" \/>\n<meta property=\"og:locale\" content=\"cs_CZ\" \/>\n<meta property=\"og:type\" content=\"article\" \/>\n<meta property=\"og:title\" content=\"S\u00fahrn medzisez\u00f3nnej prest\u00e1vky - Official Czech &amp; Slovak Everton Supporters&#039; Club\" \/>\n<meta property=\"og:description\" content=\"Za\u010dala sa v\u00fdletom k protino\u017ecom, ktor\u00fd znamenal sprestenie odluky od EFC po\u010das Majstrovstiev v Katare. A \u0161ancu zabudn\u00fa\u0165 na opakovan\u00e9 trag\u00e9die v Bournemouthe.\" \/>\n<meta property=\"og:url\" content=\"https:\/\/evertonfc.cz\/index.php\/2022\/12\/21\/suhrn-medzisezonnej-prestavky\/\" \/>\n<meta property=\"og:site_name\" content=\"Official Czech &amp; Slovak Everton Supporters&#039; Club\" \/>\n<meta property=\"article:publisher\" content=\"https:\/\/www.facebook.com\/everton.fans.cz.sk\" \/>\n<meta property=\"article:published_time\" content=\"2022-12-21T14:18:43+00:00\" \/>\n<meta property=\"article:modified_time\" content=\"2022-12-24T12:40:23+00:00\" \/>\n<meta property=\"og:image\" content=\"https:\/\/evertonfc.cz\/wp-content\/uploads\/2022\/12\/Everton-in-Australia-by-efc.com-21-12-2022.jpg\" \/>\n\t<meta property=\"og:image:width\" content=\"720\" \/>\n\t<meta property=\"og:image:height\" content=\"405\" \/>\n\t<meta property=\"og:image:type\" content=\"image\/jpeg\" \/>\n<meta name=\"author\" content=\"BlueBlooded\" \/>\n<meta name=\"twitter:card\" content=\"summary_large_image\" \/>\n<meta name=\"twitter:label1\" content=\"Napsal(a)\" \/>\n\t<meta name=\"twitter:data1\" content=\"BlueBlooded\" \/>\n\t<meta name=\"twitter:label2\" content=\"Odhadovan\u00e1 doba \u010dten\u00ed\" \/>\n\t<meta name=\"twitter:data2\" content=\"8 minut\" \/>\n<script type=\"application\/ld+json\" class=\"yoast-schema-graph\">{\"@context\":\"https:\/\/schema.org\",\"@graph\":[{\"@type\":\"Article\",\"@id\":\"https:\/\/evertonfc.cz\/index.php\/2022\/12\/21\/suhrn-medzisezonnej-prestavky\/#article\",\"isPartOf\":{\"@id\":\"https:\/\/evertonfc.cz\/index.php\/2022\/12\/21\/suhrn-medzisezonnej-prestavky\/\"},\"author\":{\"name\":\"BlueBlooded\",\"@id\":\"https:\/\/evertonfc.cz\/#\/schema\/person\/d4493b8cbea51532597fbc4685698916\"},\"headline\":\"S\u00fahrn medzisez\u00f3nnej prest\u00e1vky\",\"datePublished\":\"2022-12-21T14:18:43+00:00\",\"dateModified\":\"2022-12-24T12:40:23+00:00\",\"mainEntityOfPage\":{\"@id\":\"https:\/\/evertonfc.cz\/index.php\/2022\/12\/21\/suhrn-medzisezonnej-prestavky\/\"},\"wordCount\":1754,\"commentCount\":0,\"publisher\":{\"@id\":\"https:\/\/evertonfc.cz\/#organization\"},\"image\":{\"@id\":\"https:\/\/evertonfc.cz\/index.php\/2022\/12\/21\/suhrn-medzisezonnej-prestavky\/#primaryimage\"},\"thumbnailUrl\":\"https:\/\/evertonfc.cz\/wp-content\/uploads\/2022\/12\/Everton-in-Australia-by-efc.com-21-12-2022.jpg\",\"articleSection\":[\"Aktuality\"],\"inLanguage\":\"cs\",\"potentialAction\":[{\"@type\":\"CommentAction\",\"name\":\"Comment\",\"target\":[\"https:\/\/evertonfc.cz\/index.php\/2022\/12\/21\/suhrn-medzisezonnej-prestavky\/#respond\"]}]},{\"@type\":\"WebPage\",\"@id\":\"https:\/\/evertonfc.cz\/index.php\/2022\/12\/21\/suhrn-medzisezonnej-prestavky\/\",\"url\":\"https:\/\/evertonfc.cz\/index.php\/2022\/12\/21\/suhrn-medzisezonnej-prestavky\/\",\"name\":\"S\u00fahrn medzisez\u00f3nnej prest\u00e1vky - Official Czech &amp; Slovak Everton Supporters&#039; Club\",\"isPartOf\":{\"@id\":\"https:\/\/evertonfc.cz\/#website\"},\"primaryImageOfPage\":{\"@id\":\"https:\/\/evertonfc.cz\/index.php\/2022\/12\/21\/suhrn-medzisezonnej-prestavky\/#primaryimage\"},\"image\":{\"@id\":\"https:\/\/evertonfc.cz\/index.php\/2022\/12\/21\/suhrn-medzisezonnej-prestavky\/#primaryimage\"},\"thumbnailUrl\":\"https:\/\/evertonfc.cz\/wp-content\/uploads\/2022\/12\/Everton-in-Australia-by-efc.com-21-12-2022.jpg\",\"datePublished\":\"2022-12-21T14:18:43+00:00\",\"dateModified\":\"2022-12-24T12:40:23+00:00\",\"breadcrumb\":{\"@id\":\"https:\/\/evertonfc.cz\/index.php\/2022\/12\/21\/suhrn-medzisezonnej-prestavky\/#breadcrumb\"},\"inLanguage\":\"cs\",\"potentialAction\":[{\"@type\":\"ReadAction\",\"target\":[\"https:\/\/evertonfc.cz\/index.php\/2022\/12\/21\/suhrn-medzisezonnej-prestavky\/\"]}]},{\"@type\":\"ImageObject\",\"inLanguage\":\"cs\",\"@id\":\"https:\/\/evertonfc.cz\/index.php\/2022\/12\/21\/suhrn-medzisezonnej-prestavky\/#primaryimage\",\"url\":\"https:\/\/evertonfc.cz\/wp-content\/uploads\/2022\/12\/Everton-in-Australia-by-efc.com-21-12-2022.jpg\",\"contentUrl\":\"https:\/\/evertonfc.cz\/wp-content\/uploads\/2022\/12\/Everton-in-Australia-by-efc.com-21-12-2022.jpg\",\"width\":720,\"height\":405},{\"@type\":\"BreadcrumbList\",\"@id\":\"https:\/\/evertonfc.cz\/index.php\/2022\/12\/21\/suhrn-medzisezonnej-prestavky\/#breadcrumb\",\"itemListElement\":[{\"@type\":\"ListItem\",\"position\":1,\"name\":\"Home\",\"item\":\"https:\/\/evertonfc.cz\/\"},{\"@type\":\"ListItem\",\"position\":2,\"name\":\"S\u00fahrn medzisez\u00f3nnej prest\u00e1vky\"}]},{\"@type\":\"WebSite\",\"@id\":\"https:\/\/evertonfc.cz\/#website\",\"url\":\"https:\/\/evertonfc.cz\/\",\"name\":\"Official Czech &amp; Slovak Everton Supporters&#039; Club\",\"description\":\"\",\"publisher\":{\"@id\":\"https:\/\/evertonfc.cz\/#organization\"},\"potentialAction\":[{\"@type\":\"SearchAction\",\"target\":{\"@type\":\"EntryPoint\",\"urlTemplate\":\"https:\/\/evertonfc.cz\/?s={search_term_string}\"},\"query-input\":{\"@type\":\"PropertyValueSpecification\",\"valueRequired\":true,\"valueName\":\"search_term_string\"}}],\"inLanguage\":\"cs\"},{\"@type\":\"Organization\",\"@id\":\"https:\/\/evertonfc.cz\/#organization\",\"name\":\"Official Czech & Slovak Everton Supporters' Club\",\"url\":\"https:\/\/evertonfc.cz\/\",\"logo\":{\"@type\":\"ImageObject\",\"inLanguage\":\"cs\",\"@id\":\"https:\/\/evertonfc.cz\/#\/schema\/logo\/image\/\",\"url\":\"https:\/\/evertonfc.cz\/wp-content\/uploads\/2019\/05\/logo.png\",\"contentUrl\":\"https:\/\/evertonfc.cz\/wp-content\/uploads\/2019\/05\/logo.png\",\"width\":112,\"height\":112,\"caption\":\"Official Czech & Slovak Everton Supporters' Club\"},\"image\":{\"@id\":\"https:\/\/evertonfc.cz\/#\/schema\/logo\/image\/\"},\"sameAs\":[\"https:\/\/www.facebook.com\/everton.fans.cz.sk\"]},{\"@type\":\"Person\",\"@id\":\"https:\/\/evertonfc.cz\/#\/schema\/person\/d4493b8cbea51532597fbc4685698916\",\"name\":\"BlueBlooded\",\"url\":\"https:\/\/evertonfc.cz\/index.php\/author\/admin\/\"}]}<\/script>\n<!-- \/ Yoast SEO plugin. -->","yoast_head_json":{"title":"S\u00fahrn medzisez\u00f3nnej prest\u00e1vky - Official Czech &amp; Slovak Everton Supporters&#039; Club","robots":{"index":"index","follow":"follow","max-snippet":"max-snippet:-1","max-image-preview":"max-image-preview:large","max-video-preview":"max-video-preview:-1"},"canonical":"https:\/\/evertonfc.cz\/index.php\/2022\/12\/21\/suhrn-medzisezonnej-prestavky\/","og_locale":"cs_CZ","og_type":"article","og_title":"S\u00fahrn medzisez\u00f3nnej prest\u00e1vky - Official Czech &amp; Slovak Everton Supporters&#039; Club","og_description":"Za\u010dala sa v\u00fdletom k protino\u017ecom, ktor\u00fd znamenal sprestenie odluky od EFC po\u010das Majstrovstiev v Katare. A \u0161ancu zabudn\u00fa\u0165 na opakovan\u00e9 trag\u00e9die v Bournemouthe.","og_url":"https:\/\/evertonfc.cz\/index.php\/2022\/12\/21\/suhrn-medzisezonnej-prestavky\/","og_site_name":"Official Czech &amp; Slovak Everton Supporters&#039; Club","article_publisher":"https:\/\/www.facebook.com\/everton.fans.cz.sk","article_published_time":"2022-12-21T14:18:43+00:00","article_modified_time":"2022-12-24T12:40:23+00:00","og_image":[{"width":720,"height":405,"url":"https:\/\/evertonfc.cz\/wp-content\/uploads\/2022\/12\/Everton-in-Australia-by-efc.com-21-12-2022.jpg","type":"image\/jpeg"}],"author":"BlueBlooded","twitter_card":"summary_large_image","twitter_misc":{"Napsal(a)":"BlueBlooded","Odhadovan\u00e1 doba \u010dten\u00ed":"8 minut"},"schema":{"@context":"https:\/\/schema.org","@graph":[{"@type":"Article","@id":"https:\/\/evertonfc.cz\/index.php\/2022\/12\/21\/suhrn-medzisezonnej-prestavky\/#article","isPartOf":{"@id":"https:\/\/evertonfc.cz\/index.php\/2022\/12\/21\/suhrn-medzisezonnej-prestavky\/"},"author":{"name":"BlueBlooded","@id":"https:\/\/evertonfc.cz\/#\/schema\/person\/d4493b8cbea51532597fbc4685698916"},"headline":"S\u00fahrn medzisez\u00f3nnej prest\u00e1vky","datePublished":"2022-12-21T14:18:43+00:00","dateModified":"2022-12-24T12:40:23+00:00","mainEntityOfPage":{"@id":"https:\/\/evertonfc.cz\/index.php\/2022\/12\/21\/suhrn-medzisezonnej-prestavky\/"},"wordCount":1754,"commentCount":0,"publisher":{"@id":"https:\/\/evertonfc.cz\/#organization"},"image":{"@id":"https:\/\/evertonfc.cz\/index.php\/2022\/12\/21\/suhrn-medzisezonnej-prestavky\/#primaryimage"},"thumbnailUrl":"https:\/\/evertonfc.cz\/wp-content\/uploads\/2022\/12\/Everton-in-Australia-by-efc.com-21-12-2022.jpg","articleSection":["Aktuality"],"inLanguage":"cs","potentialAction":[{"@type":"CommentAction","name":"Comment","target":["https:\/\/evertonfc.cz\/index.php\/2022\/12\/21\/suhrn-medzisezonnej-prestavky\/#respond"]}]},{"@type":"WebPage","@id":"https:\/\/evertonfc.cz\/index.php\/2022\/12\/21\/suhrn-medzisezonnej-prestavky\/","url":"https:\/\/evertonfc.cz\/index.php\/2022\/12\/21\/suhrn-medzisezonnej-prestavky\/","name":"S\u00fahrn medzisez\u00f3nnej prest\u00e1vky - Official Czech &amp; Slovak Everton Supporters&#039; Club","isPartOf":{"@id":"https:\/\/evertonfc.cz\/#website"},"primaryImageOfPage":{"@id":"https:\/\/evertonfc.cz\/index.php\/2022\/12\/21\/suhrn-medzisezonnej-prestavky\/#primaryimage"},"image":{"@id":"https:\/\/evertonfc.cz\/index.php\/2022\/12\/21\/suhrn-medzisezonnej-prestavky\/#primaryimage"},"thumbnailUrl":"https:\/\/evertonfc.cz\/wp-content\/uploads\/2022\/12\/Everton-in-Australia-by-efc.com-21-12-2022.jpg","datePublished":"2022-12-21T14:18:43+00:00","dateModified":"2022-12-24T12:40:23+00:00","breadcrumb":{"@id":"https:\/\/evertonfc.cz\/index.php\/2022\/12\/21\/suhrn-medzisezonnej-prestavky\/#breadcrumb"},"inLanguage":"cs","potentialAction":[{"@type":"ReadAction","target":["https:\/\/evertonfc.cz\/index.php\/2022\/12\/21\/suhrn-medzisezonnej-prestavky\/"]}]},{"@type":"ImageObject","inLanguage":"cs","@id":"https:\/\/evertonfc.cz\/index.php\/2022\/12\/21\/suhrn-medzisezonnej-prestavky\/#primaryimage","url":"https:\/\/evertonfc.cz\/wp-content\/uploads\/2022\/12\/Everton-in-Australia-by-efc.com-21-12-2022.jpg","contentUrl":"https:\/\/evertonfc.cz\/wp-content\/uploads\/2022\/12\/Everton-in-Australia-by-efc.com-21-12-2022.jpg","width":720,"height":405},{"@type":"BreadcrumbList","@id":"https:\/\/evertonfc.cz\/index.php\/2022\/12\/21\/suhrn-medzisezonnej-prestavky\/#breadcrumb","itemListElement":[{"@type":"ListItem","position":1,"name":"Home","item":"https:\/\/evertonfc.cz\/"},{"@type":"ListItem","position":2,"name":"S\u00fahrn medzisez\u00f3nnej prest\u00e1vky"}]},{"@type":"WebSite","@id":"https:\/\/evertonfc.cz\/#website","url":"https:\/\/evertonfc.cz\/","name":"Official Czech &amp; Slovak Everton Supporters&#039; Club","description":"","publisher":{"@id":"https:\/\/evertonfc.cz\/#organization"},"potentialAction":[{"@type":"SearchAction","target":{"@type":"EntryPoint","urlTemplate":"https:\/\/evertonfc.cz\/?s={search_term_string}"},"query-input":{"@type":"PropertyValueSpecification","valueRequired":true,"valueName":"search_term_string"}}],"inLanguage":"cs"},{"@type":"Organization","@id":"https:\/\/evertonfc.cz\/#organization","name":"Official Czech & Slovak Everton Supporters' Club","url":"https:\/\/evertonfc.cz\/","logo":{"@type":"ImageObject","inLanguage":"cs","@id":"https:\/\/evertonfc.cz\/#\/schema\/logo\/image\/","url":"https:\/\/evertonfc.cz\/wp-content\/uploads\/2019\/05\/logo.png","contentUrl":"https:\/\/evertonfc.cz\/wp-content\/uploads\/2019\/05\/logo.png","width":112,"height":112,"caption":"Official Czech & Slovak Everton Supporters' Club"},"image":{"@id":"https:\/\/evertonfc.cz\/#\/schema\/logo\/image\/"},"sameAs":["https:\/\/www.facebook.com\/everton.fans.cz.sk"]},{"@type":"Person","@id":"https:\/\/evertonfc.cz\/#\/schema\/person\/d4493b8cbea51532597fbc4685698916","name":"BlueBlooded","url":"https:\/\/evertonfc.cz\/index.php\/author\/admin\/"}]}},"_links":{"self":[{"href":"https:\/\/evertonfc.cz\/index.php\/wp-json\/wp\/v2\/posts\/20499"}],"collection":[{"href":"https:\/\/evertonfc.cz\/index.php\/wp-json\/wp\/v2\/posts"}],"about":[{"href":"https:\/\/evertonfc.cz\/index.php\/wp-json\/wp\/v2\/types\/post"}],"author":[{"embeddable":true,"href":"https:\/\/evertonfc.cz\/index.php\/wp-json\/wp\/v2\/users\/1"}],"replies":[{"embeddable":true,"href":"https:\/\/evertonfc.cz\/index.php\/wp-json\/wp\/v2\/comments?post=20499"}],"version-history":[{"count":14,"href":"https:\/\/evertonfc.cz\/index.php\/wp-json\/wp\/v2\/posts\/20499\/revisions"}],"predecessor-version":[{"id":20524,"href":"https:\/\/evertonfc.cz\/index.php\/wp-json\/wp\/v2\/posts\/20499\/revisions\/20524"}],"wp:featuredmedia":[{"embeddable":true,"href":"https:\/\/evertonfc.cz\/index.php\/wp-json\/wp\/v2\/media\/20500"}],"wp:attachment":[{"href":"https:\/\/evertonfc.cz\/index.php\/wp-json\/wp\/v2\/media?parent=20499"}],"wp:term":[{"taxonomy":"category","embeddable":true,"href":"https:\/\/evertonfc.cz\/index.php\/wp-json\/wp\/v2\/categories?post=20499"},{"taxonomy":"post_tag","embeddable":true,"href":"https:\/\/evertonfc.cz\/index.php\/wp-json\/wp\/v2\/tags?post=20499"}],"curies":[{"name":"wp","href":"https:\/\/api.w.org\/{rel}","templated":true}]}}