{"id":2050,"date":"2018-06-14T20:44:39","date_gmt":"2018-06-14T18:44:39","guid":{"rendered":"http:\/\/evertonfc.cz\/?p=2050"},"modified":"2020-04-28T16:04:46","modified_gmt":"2020-04-28T14:04:46","slug":"zreb-premier-league-2018-19","status":"publish","type":"post","link":"https:\/\/evertonfc.cz\/index.php\/2018\/06\/14\/zreb-premier-league-2018-19\/","title":{"rendered":"\u017dreb Premier League 2018\/19"},"content":{"rendered":"\r\n<h4 class=\"wp-block-heading\">Aktu\u00e1lna sez\u00f3na e\u0161te ani poriadne neskon\u010dila a\u00a0my u\u017e vieme, ako t\u00e1 nasleduj\u00faca za\u010dne a\u00a0s\u00a0k\u00fdm aj skon\u010d\u00ed. Mal\u00fd preh\u013ead o\u00a0tom v\u00e1m prin\u00e1\u0161a tento \u010dl\u00e1nok.<\/h4>\r\n\r\n\r\n\r\n<p>Mailov\u00fa schr\u00e1nku n\u00e1m op\u00e4\u0165 bombarduj\u00fa notifik\u00e1cie a\u00a0tak je \u0165a\u017eko pr\u00eds\u0165 o\u00a0podstatn\u00e9 inform\u00e1cie. A\u00a0nem\u00f4\u017eeme sa s\u0165a\u017eova\u0165, ve\u010f kto by u\u017e chcel prest\u00e1vku od koloto\u010da klubov\u00e9ho futbalu? \u010ci je to n\u00e1hoda alebo vedom\u00e9 kradnutie k\u00faska pozornosti nevieme, vylosovanie v\u0161ak bolo zverejnen\u00e9 v\u00a0rovnak\u00fd de\u0148, ako za\u010diatok futbalov\u00e9ho \u0161ampion\u00e1tu v\u00a0Rusku. \u010ci\u017ee e\u0161te predt\u00fdm, ne\u017e sa pust\u00edme do skautingu doposia\u013e nepoznan\u00fdch talentov, pozrime sa, proti komu a\u00a0kedy by n\u00e1m mohli obozretn\u00e9 n\u00e1kupy pom\u00f4c\u0165.<\/p>\r\n\r\n\r\n\r\n<p>Mimochodom, viete o tom, \u017ee tento takzvan\u00fd \u017ereb, nie je vlastne celkom o \u017erebovan\u00ed? Je to hotov\u00e1 politika a zasl\u00fa\u017eila by si mo\u017eno aj vlastn\u00fd \u010dl\u00e1nok. Len\u017ee to u\u017e nie je v na\u0161ich ruk\u00e1ch, ale vo va\u0161ich.<\/p>\r\n\r\n\r\n\r\n<p>Na cestu ro\u010dn\u00edkom 18\/19 sa vyd\u00e1me 11. augusta a\u00a0vyzveme na Molineux dom\u00e1cich Vlkov. T\u00ed bezprecedentne vyhrali Championship a\u00a0po \u0161iestich rokoch sa znova vracaj\u00fa na sc\u00e9nu. N\u00e1\u0161 posledn\u00fd z\u00e1pas s\u00a0t\u00fdmto s\u00faperom sa datuje na jar 2012, kedy sme pod veden\u00edm Davida Moyesa dok\u00e1zali na s\u00faperovom tr\u00e1vniku len remizova\u0165 0:0.<\/p>\r\n\r\n\r\n\r\n<p>V\u00e1\u017enej\u0161\u00ed oponent n\u00e1s bude \u010daka\u0165 a\u017e 22. septembra, ke\u010f zav\u00edtame na ob\u013e\u00faben\u00fd Emirates. Potom si budeme musie\u0165 znova po\u010dka\u0165 vy\u0161e mesiaca na n\u00e1v\u0161tevu Old Trafford a\u00a0takmer hne\u010f po, znova vycestujeme za Top 6 s\u00faperom, n\u00e1s bude o\u010dak\u00e1va\u0165 zatia\u013e Conteho Chelsea. December nabit\u00fd siedmymi z\u00e1pasmi na\u010dneme s\u00a0Derby Day na Anfielde a\u00a0neminie n\u00e1s ani \u0165a\u017ek\u00fd dvojz\u00e1pas s\u00a0\u00faraduj\u00facimi \u0161ampi\u00f3nmi vonku, s\u00a0vizitou Spurs v tesnom z\u00e1vese. Janu\u00e1r a\u00a0febru\u00e1r bude pokludnej\u0161\u00ed, a\u017e na dom\u00e1cu odvetu so Citizens.<\/p>\r\n\r\n\r\n\r\n<p>Marec si zna\u010dte do kalend\u00e1ra. Dom\u00e1ce derby je napl\u00e1novan\u00e9 na druh\u00e9ho a Chelsea v jeho polovici n\u00e1s m\u00e1 na\u017ehavi\u0165 na z\u00e1ver sez\u00f3ny. Ten budeme dohr\u00e1va\u0165 v Goodison Parku s Gunners a United, a ako \u010dere\u0161ni\u010dku na torte sa p\u00f4jdeme 12. m\u00e1ja pozrie\u0165 na nov\u00fd \u0161tadi\u00f3n lond\u00fdnskych Koh\u00fatov. Ak niekto doteraz nest\u00edhal vn\u00edma\u0165, nech sa p\u00e1\u010di!<\/p>\r\n<h4>Rozpis z\u00e1pasov Evertonu:<\/h4>\r\n\r\n\r\n\r\n<table class=\"wp-block-table\">\r\n<tbody>\r\n<tr>\r\n<td><strong>August:<\/strong><\/td>\r\n<td><strong>Janu\u00e1r:<\/strong><\/td>\r\n<\/tr>\r\n<tr>\r\n<td><em>11. Wolverhampton (v)<\/em><\/td>\r\n<td><em>1. Leicester City (d)<\/em><\/td>\r\n<\/tr>\r\n<tr>\r\n<td><em>18. Southampton (d)<\/em><\/td>\r\n<td><em>12. Bournemouth (d)<\/em><\/td>\r\n<\/tr>\r\n<tr>\r\n<td><em>25. Bournemouth (v)<\/em><\/td>\r\n<td><em>19. Southampton (v)<\/em><\/td>\r\n<\/tr>\r\n<tr>\r\n<td><strong>September:<\/strong><\/td>\r\n<td><em>29. Huddersfield Town (v)<\/em><\/td>\r\n<\/tr>\r\n<tr>\r\n<td><em>1. Huddersfield Town (d)<\/em><\/td>\r\n<td><strong>Febru\u00e1r:<\/strong><\/td>\r\n<\/tr>\r\n<tr>\r\n<td><em>15. West Ham United (d)<\/em><\/td>\r\n<td><em>2. Wolverhampton (d)<\/em><\/td>\r\n<\/tr>\r\n<tr>\r\n<td><em>22. Arsenal (v)<\/em><\/td>\r\n<td><em>9. Watford (v)<\/em><\/td>\r\n<\/tr>\r\n<tr>\r\n<td><em>29. Fulham (d)<\/em><\/td>\r\n<td><em>23. Manchester City (d)<\/em><\/td>\r\n<\/tr>\r\n<tr>\r\n<td><strong>Okt\u00f3ber:<\/strong><\/td>\r\n<td><em>26. Cardiff City (v)<\/em><\/td>\r\n<\/tr>\r\n<tr>\r\n<td><em>6. Leicester City (v)<\/em><\/td>\r\n<td><strong>Marec:<\/strong><\/td>\r\n<\/tr>\r\n<tr>\r\n<td><em>20. Crystal Palace (d)<\/em><\/td>\r\n<td><em>2. Liverpool (d)<\/em><\/td>\r\n<\/tr>\r\n<tr>\r\n<td><em>27. Manchester United (v)<\/em><\/td>\r\n<td><em>9. Newcastle United (v)<\/em><\/td>\r\n<\/tr>\r\n<tr>\r\n<td><strong>November:<\/strong><\/td>\r\n<td><em>16. Chelsea (d)<\/em><\/td>\r\n<\/tr>\r\n<tr>\r\n<td><em>3. Brighton (d)<\/em><\/td>\r\n<td><em>30. West Ham United (v)<\/em><\/td>\r\n<\/tr>\r\n<tr>\r\n<td><em>10. Chelsea (v)<\/em><\/td>\r\n<td><strong>Apr\u00edl:<\/strong><\/td>\r\n<\/tr>\r\n<tr>\r\n<td><em>24. Cardiff City (d)<\/em><\/td>\r\n<td><em>6. Arsenal (d)<\/em><\/td>\r\n<\/tr>\r\n<tr>\r\n<td><strong>December:<\/strong><\/td>\r\n<td><em>13. Fulham (v)<\/em><\/td>\r\n<\/tr>\r\n<tr>\r\n<td><em>1. Liverpool (v)<\/em><\/td>\r\n<td><em>20. Manchester United (d)<\/em><\/td>\r\n<\/tr>\r\n<tr>\r\n<td><em>5. Newcastle United (d)<\/em><\/td>\r\n<td><em>27. Crystal Palace (v)<\/em><\/td>\r\n<\/tr>\r\n<tr>\r\n<td><em>8. Watford (d)<\/em><\/td>\r\n<td><strong>M\u00e1j:<\/strong><\/td>\r\n<\/tr>\r\n<tr>\r\n<td><em>15. Manchester City (v)<\/em><\/td>\r\n<td><em>4. Burnley (d)<\/em><\/td>\r\n<\/tr>\r\n<tr>\r\n<td><em>22. Tottenham Hotspur (d)<\/em><\/td>\r\n<td><em>12. Tottenham Hotspur (v)<\/em><\/td>\r\n<\/tr>\r\n<tr>\r\n<td><em>26. Burnley (v)<\/em><\/td>\r\n<\/tr>\r\n<tr>\r\n<td><em>29. Brighton (v)<\/em><\/td>\r\n<\/tr>\r\n<\/tbody>\r\n<\/table>\r\n\r\n\r\n\r\n<p>Aby sme neboli pova\u017eovan\u00ed za ignorantov, aspo\u0148 nie \u00fapln\u00fdch, spomenieme aj \u0161ir\u0161ie dianie. N\u00e1stupcu Wengerovho tr\u00f3nu \u010dak\u00e1 \u0165a\u017ek\u00e1 sk\u00fa\u0161ka v\u00a0dom\u00e1com st\u00e1nku. Na \u00favod sez\u00f3ny sa im toti\u017e postav\u00ed obhajca titulu na \u010dele s\u00a0Guardiolom. A\u00a0nesmie zah\u00e1la\u0165, preto\u017ee o\u00a0t\u00fd\u017ede\u0148 na to ich popo\u017eenie vonku Chelsea. Aby sme ostali v\u00a0Lond\u00fdne, nesmiem zabudn\u00fa\u0165 play-off nov\u00e1\u010dika Fulham. T\u00ed priv\u00edtaj\u00fa na za\u010diatok Crystal Palace a\u00a0n\u00e1sledne sa bud\u00fa sna\u017ei\u0165 nenecha\u0165 zahanbi\u0165 Tottenhamom. Postupuj\u00faci z\u00a0druh\u00e9ho miesta Championship, teda Cardiff veden\u00fd Neilom Warnockom, sa prv\u00fdkr\u00e1t predstav\u00ed u\u00a0Eddieho Howea v\u00a0Bournemouthe. Prv\u00e9 manchestersk\u00e9 derby je na programe desiateho novembra a\u00a0v\u00a0rovnak\u00fd de\u0148 ako prv\u00e9 Merseyside derby, \u010di\u017ee prv\u00fd december, sa bude z\u00e1poli\u0165 aj v tom derby severolond\u00fdnskom. Ak som nespomenul nie\u010do d\u00f4le\u017eit\u00e9, alebo som toho spomenul a\u017e pr\u00edli\u0161, pros\u00edm, neb\u00e1\u0165 sa reklamova\u0165 v koment\u00e1roch.<\/p>\r\n\r\n\r\n\r\n<p>Do futbalovania priatelia&#8230;\u00a0<strong>COYB!<\/strong><\/p>\r\n","protected":false},"excerpt":{"rendered":"<p>Aktu\u00e1lna sez\u00f3na e\u0161te ani poriadne neskon\u010dila a\u00a0my u\u017e vieme, ako t\u00e1 nasleduj\u00faca za\u010dne a\u00a0s\u00a0k\u00fdm aj skon\u010d\u00ed. Mal\u00fd preh\u013ead o\u00a0tom v\u00e1m&hellip;<\/p>\n","protected":false},"author":1,"featured_media":2011,"comment_status":"open","ping_status":"closed","sticky":false,"template":"","format":"standard","meta":{"_eb_attr":"","_monsterinsights_skip_tracking":false,"_monsterinsights_sitenote_active":false,"_monsterinsights_sitenote_note":"","_monsterinsights_sitenote_category":0,"footnotes":""},"categories":[42],"tags":[],"yoast_head":"<!-- This site is optimized with the Yoast SEO plugin v23.4 - https:\/\/yoast.com\/wordpress\/plugins\/seo\/ -->\n<title>\u017dreb Premier League 2018\/19 - Official Czech &amp; Slovak Everton Supporters&#039; Club<\/title>\n<meta name=\"robots\" content=\"index, follow, max-snippet:-1, max-image-preview:large, max-video-preview:-1\" \/>\n<link rel=\"canonical\" href=\"https:\/\/evertonfc.cz\/index.php\/2018\/06\/14\/zreb-premier-league-2018-19\/\" \/>\n<meta property=\"og:locale\" content=\"cs_CZ\" \/>\n<meta property=\"og:type\" content=\"article\" \/>\n<meta property=\"og:title\" content=\"\u017dreb Premier League 2018\/19 - Official Czech &amp; Slovak Everton Supporters&#039; Club\" \/>\n<meta property=\"og:description\" content=\"Aktu\u00e1lna sez\u00f3na e\u0161te ani poriadne neskon\u010dila a\u00a0my u\u017e vieme, ako t\u00e1 nasleduj\u00faca za\u010dne a\u00a0s\u00a0k\u00fdm aj skon\u010d\u00ed. Mal\u00fd preh\u013ead o\u00a0tom v\u00e1m&hellip;\" \/>\n<meta property=\"og:url\" content=\"https:\/\/evertonfc.cz\/index.php\/2018\/06\/14\/zreb-premier-league-2018-19\/\" \/>\n<meta property=\"og:site_name\" content=\"Official Czech &amp; Slovak Everton Supporters&#039; Club\" \/>\n<meta property=\"article:publisher\" content=\"https:\/\/www.facebook.com\/everton.fans.cz.sk\" \/>\n<meta property=\"article:published_time\" content=\"2018-06-14T18:44:39+00:00\" \/>\n<meta property=\"article:modified_time\" content=\"2020-04-28T14:04:46+00:00\" \/>\n<meta property=\"og:image\" content=\"https:\/\/evertonfc.cz\/wp-content\/uploads\/2019\/01\/pl_14_6_2018.jpeg\" \/>\n\t<meta property=\"og:image:width\" content=\"720\" \/>\n\t<meta property=\"og:image:height\" content=\"405\" \/>\n\t<meta property=\"og:image:type\" content=\"image\/jpeg\" \/>\n<meta name=\"author\" content=\"BlueBlooded\" \/>\n<meta name=\"twitter:card\" content=\"summary_large_image\" \/>\n<meta name=\"twitter:label1\" content=\"Napsal(a)\" \/>\n\t<meta name=\"twitter:data1\" content=\"BlueBlooded\" \/>\n\t<meta name=\"twitter:label2\" content=\"Odhadovan\u00e1 doba \u010dten\u00ed\" \/>\n\t<meta name=\"twitter:data2\" content=\"3 minuty\" \/>\n<script type=\"application\/ld+json\" class=\"yoast-schema-graph\">{\"@context\":\"https:\/\/schema.org\",\"@graph\":[{\"@type\":\"Article\",\"@id\":\"https:\/\/evertonfc.cz\/index.php\/2018\/06\/14\/zreb-premier-league-2018-19\/#article\",\"isPartOf\":{\"@id\":\"https:\/\/evertonfc.cz\/index.php\/2018\/06\/14\/zreb-premier-league-2018-19\/\"},\"author\":{\"name\":\"BlueBlooded\",\"@id\":\"https:\/\/evertonfc.cz\/#\/schema\/person\/d4493b8cbea51532597fbc4685698916\"},\"headline\":\"\u017dreb Premier League 2018\/19\",\"datePublished\":\"2018-06-14T18:44:39+00:00\",\"dateModified\":\"2020-04-28T14:04:46+00:00\",\"mainEntityOfPage\":{\"@id\":\"https:\/\/evertonfc.cz\/index.php\/2018\/06\/14\/zreb-premier-league-2018-19\/\"},\"wordCount\":702,\"commentCount\":0,\"publisher\":{\"@id\":\"https:\/\/evertonfc.cz\/#organization\"},\"image\":{\"@id\":\"https:\/\/evertonfc.cz\/index.php\/2018\/06\/14\/zreb-premier-league-2018-19\/#primaryimage\"},\"thumbnailUrl\":\"https:\/\/evertonfc.cz\/wp-content\/uploads\/2019\/01\/pl_14_6_2018.jpeg\",\"articleSection\":[\"Aktuality\"],\"inLanguage\":\"cs\",\"potentialAction\":[{\"@type\":\"CommentAction\",\"name\":\"Comment\",\"target\":[\"https:\/\/evertonfc.cz\/index.php\/2018\/06\/14\/zreb-premier-league-2018-19\/#respond\"]}]},{\"@type\":\"WebPage\",\"@id\":\"https:\/\/evertonfc.cz\/index.php\/2018\/06\/14\/zreb-premier-league-2018-19\/\",\"url\":\"https:\/\/evertonfc.cz\/index.php\/2018\/06\/14\/zreb-premier-league-2018-19\/\",\"name\":\"\u017dreb Premier League 2018\/19 - Official Czech &amp; Slovak Everton Supporters&#039; Club\",\"isPartOf\":{\"@id\":\"https:\/\/evertonfc.cz\/#website\"},\"primaryImageOfPage\":{\"@id\":\"https:\/\/evertonfc.cz\/index.php\/2018\/06\/14\/zreb-premier-league-2018-19\/#primaryimage\"},\"image\":{\"@id\":\"https:\/\/evertonfc.cz\/index.php\/2018\/06\/14\/zreb-premier-league-2018-19\/#primaryimage\"},\"thumbnailUrl\":\"https:\/\/evertonfc.cz\/wp-content\/uploads\/2019\/01\/pl_14_6_2018.jpeg\",\"datePublished\":\"2018-06-14T18:44:39+00:00\",\"dateModified\":\"2020-04-28T14:04:46+00:00\",\"breadcrumb\":{\"@id\":\"https:\/\/evertonfc.cz\/index.php\/2018\/06\/14\/zreb-premier-league-2018-19\/#breadcrumb\"},\"inLanguage\":\"cs\",\"potentialAction\":[{\"@type\":\"ReadAction\",\"target\":[\"https:\/\/evertonfc.cz\/index.php\/2018\/06\/14\/zreb-premier-league-2018-19\/\"]}]},{\"@type\":\"ImageObject\",\"inLanguage\":\"cs\",\"@id\":\"https:\/\/evertonfc.cz\/index.php\/2018\/06\/14\/zreb-premier-league-2018-19\/#primaryimage\",\"url\":\"https:\/\/evertonfc.cz\/wp-content\/uploads\/2019\/01\/pl_14_6_2018.jpeg\",\"contentUrl\":\"https:\/\/evertonfc.cz\/wp-content\/uploads\/2019\/01\/pl_14_6_2018.jpeg\",\"width\":720,\"height\":405},{\"@type\":\"BreadcrumbList\",\"@id\":\"https:\/\/evertonfc.cz\/index.php\/2018\/06\/14\/zreb-premier-league-2018-19\/#breadcrumb\",\"itemListElement\":[{\"@type\":\"ListItem\",\"position\":1,\"name\":\"Home\",\"item\":\"https:\/\/evertonfc.cz\/\"},{\"@type\":\"ListItem\",\"position\":2,\"name\":\"\u017dreb Premier League 2018\/19\"}]},{\"@type\":\"WebSite\",\"@id\":\"https:\/\/evertonfc.cz\/#website\",\"url\":\"https:\/\/evertonfc.cz\/\",\"name\":\"Official Czech &amp; Slovak Everton Supporters&#039; Club\",\"description\":\"\",\"publisher\":{\"@id\":\"https:\/\/evertonfc.cz\/#organization\"},\"potentialAction\":[{\"@type\":\"SearchAction\",\"target\":{\"@type\":\"EntryPoint\",\"urlTemplate\":\"https:\/\/evertonfc.cz\/?s={search_term_string}\"},\"query-input\":{\"@type\":\"PropertyValueSpecification\",\"valueRequired\":true,\"valueName\":\"search_term_string\"}}],\"inLanguage\":\"cs\"},{\"@type\":\"Organization\",\"@id\":\"https:\/\/evertonfc.cz\/#organization\",\"name\":\"Official Czech & Slovak Everton Supporters' Club\",\"url\":\"https:\/\/evertonfc.cz\/\",\"logo\":{\"@type\":\"ImageObject\",\"inLanguage\":\"cs\",\"@id\":\"https:\/\/evertonfc.cz\/#\/schema\/logo\/image\/\",\"url\":\"https:\/\/evertonfc.cz\/wp-content\/uploads\/2019\/05\/logo.png\",\"contentUrl\":\"https:\/\/evertonfc.cz\/wp-content\/uploads\/2019\/05\/logo.png\",\"width\":112,\"height\":112,\"caption\":\"Official Czech & Slovak Everton Supporters' Club\"},\"image\":{\"@id\":\"https:\/\/evertonfc.cz\/#\/schema\/logo\/image\/\"},\"sameAs\":[\"https:\/\/www.facebook.com\/everton.fans.cz.sk\"]},{\"@type\":\"Person\",\"@id\":\"https:\/\/evertonfc.cz\/#\/schema\/person\/d4493b8cbea51532597fbc4685698916\",\"name\":\"BlueBlooded\",\"url\":\"https:\/\/evertonfc.cz\/index.php\/author\/admin\/\"}]}<\/script>\n<!-- \/ Yoast SEO plugin. -->","yoast_head_json":{"title":"\u017dreb Premier League 2018\/19 - Official Czech &amp; Slovak Everton Supporters&#039; Club","robots":{"index":"index","follow":"follow","max-snippet":"max-snippet:-1","max-image-preview":"max-image-preview:large","max-video-preview":"max-video-preview:-1"},"canonical":"https:\/\/evertonfc.cz\/index.php\/2018\/06\/14\/zreb-premier-league-2018-19\/","og_locale":"cs_CZ","og_type":"article","og_title":"\u017dreb Premier League 2018\/19 - Official Czech &amp; Slovak Everton Supporters&#039; Club","og_description":"Aktu\u00e1lna sez\u00f3na e\u0161te ani poriadne neskon\u010dila a\u00a0my u\u017e vieme, ako t\u00e1 nasleduj\u00faca za\u010dne a\u00a0s\u00a0k\u00fdm aj skon\u010d\u00ed. Mal\u00fd preh\u013ead o\u00a0tom v\u00e1m&hellip;","og_url":"https:\/\/evertonfc.cz\/index.php\/2018\/06\/14\/zreb-premier-league-2018-19\/","og_site_name":"Official Czech &amp; Slovak Everton Supporters&#039; Club","article_publisher":"https:\/\/www.facebook.com\/everton.fans.cz.sk","article_published_time":"2018-06-14T18:44:39+00:00","article_modified_time":"2020-04-28T14:04:46+00:00","og_image":[{"width":720,"height":405,"url":"https:\/\/evertonfc.cz\/wp-content\/uploads\/2019\/01\/pl_14_6_2018.jpeg","type":"image\/jpeg"}],"author":"BlueBlooded","twitter_card":"summary_large_image","twitter_misc":{"Napsal(a)":"BlueBlooded","Odhadovan\u00e1 doba \u010dten\u00ed":"3 minuty"},"schema":{"@context":"https:\/\/schema.org","@graph":[{"@type":"Article","@id":"https:\/\/evertonfc.cz\/index.php\/2018\/06\/14\/zreb-premier-league-2018-19\/#article","isPartOf":{"@id":"https:\/\/evertonfc.cz\/index.php\/2018\/06\/14\/zreb-premier-league-2018-19\/"},"author":{"name":"BlueBlooded","@id":"https:\/\/evertonfc.cz\/#\/schema\/person\/d4493b8cbea51532597fbc4685698916"},"headline":"\u017dreb Premier League 2018\/19","datePublished":"2018-06-14T18:44:39+00:00","dateModified":"2020-04-28T14:04:46+00:00","mainEntityOfPage":{"@id":"https:\/\/evertonfc.cz\/index.php\/2018\/06\/14\/zreb-premier-league-2018-19\/"},"wordCount":702,"commentCount":0,"publisher":{"@id":"https:\/\/evertonfc.cz\/#organization"},"image":{"@id":"https:\/\/evertonfc.cz\/index.php\/2018\/06\/14\/zreb-premier-league-2018-19\/#primaryimage"},"thumbnailUrl":"https:\/\/evertonfc.cz\/wp-content\/uploads\/2019\/01\/pl_14_6_2018.jpeg","articleSection":["Aktuality"],"inLanguage":"cs","potentialAction":[{"@type":"CommentAction","name":"Comment","target":["https:\/\/evertonfc.cz\/index.php\/2018\/06\/14\/zreb-premier-league-2018-19\/#respond"]}]},{"@type":"WebPage","@id":"https:\/\/evertonfc.cz\/index.php\/2018\/06\/14\/zreb-premier-league-2018-19\/","url":"https:\/\/evertonfc.cz\/index.php\/2018\/06\/14\/zreb-premier-league-2018-19\/","name":"\u017dreb Premier League 2018\/19 - Official Czech &amp; Slovak Everton Supporters&#039; Club","isPartOf":{"@id":"https:\/\/evertonfc.cz\/#website"},"primaryImageOfPage":{"@id":"https:\/\/evertonfc.cz\/index.php\/2018\/06\/14\/zreb-premier-league-2018-19\/#primaryimage"},"image":{"@id":"https:\/\/evertonfc.cz\/index.php\/2018\/06\/14\/zreb-premier-league-2018-19\/#primaryimage"},"thumbnailUrl":"https:\/\/evertonfc.cz\/wp-content\/uploads\/2019\/01\/pl_14_6_2018.jpeg","datePublished":"2018-06-14T18:44:39+00:00","dateModified":"2020-04-28T14:04:46+00:00","breadcrumb":{"@id":"https:\/\/evertonfc.cz\/index.php\/2018\/06\/14\/zreb-premier-league-2018-19\/#breadcrumb"},"inLanguage":"cs","potentialAction":[{"@type":"ReadAction","target":["https:\/\/evertonfc.cz\/index.php\/2018\/06\/14\/zreb-premier-league-2018-19\/"]}]},{"@type":"ImageObject","inLanguage":"cs","@id":"https:\/\/evertonfc.cz\/index.php\/2018\/06\/14\/zreb-premier-league-2018-19\/#primaryimage","url":"https:\/\/evertonfc.cz\/wp-content\/uploads\/2019\/01\/pl_14_6_2018.jpeg","contentUrl":"https:\/\/evertonfc.cz\/wp-content\/uploads\/2019\/01\/pl_14_6_2018.jpeg","width":720,"height":405},{"@type":"BreadcrumbList","@id":"https:\/\/evertonfc.cz\/index.php\/2018\/06\/14\/zreb-premier-league-2018-19\/#breadcrumb","itemListElement":[{"@type":"ListItem","position":1,"name":"Home","item":"https:\/\/evertonfc.cz\/"},{"@type":"ListItem","position":2,"name":"\u017dreb Premier League 2018\/19"}]},{"@type":"WebSite","@id":"https:\/\/evertonfc.cz\/#website","url":"https:\/\/evertonfc.cz\/","name":"Official Czech &amp; Slovak Everton Supporters&#039; Club","description":"","publisher":{"@id":"https:\/\/evertonfc.cz\/#organization"},"potentialAction":[{"@type":"SearchAction","target":{"@type":"EntryPoint","urlTemplate":"https:\/\/evertonfc.cz\/?s={search_term_string}"},"query-input":{"@type":"PropertyValueSpecification","valueRequired":true,"valueName":"search_term_string"}}],"inLanguage":"cs"},{"@type":"Organization","@id":"https:\/\/evertonfc.cz\/#organization","name":"Official Czech & Slovak Everton Supporters' Club","url":"https:\/\/evertonfc.cz\/","logo":{"@type":"ImageObject","inLanguage":"cs","@id":"https:\/\/evertonfc.cz\/#\/schema\/logo\/image\/","url":"https:\/\/evertonfc.cz\/wp-content\/uploads\/2019\/05\/logo.png","contentUrl":"https:\/\/evertonfc.cz\/wp-content\/uploads\/2019\/05\/logo.png","width":112,"height":112,"caption":"Official Czech & Slovak Everton Supporters' Club"},"image":{"@id":"https:\/\/evertonfc.cz\/#\/schema\/logo\/image\/"},"sameAs":["https:\/\/www.facebook.com\/everton.fans.cz.sk"]},{"@type":"Person","@id":"https:\/\/evertonfc.cz\/#\/schema\/person\/d4493b8cbea51532597fbc4685698916","name":"BlueBlooded","url":"https:\/\/evertonfc.cz\/index.php\/author\/admin\/"}]}},"_links":{"self":[{"href":"https:\/\/evertonfc.cz\/index.php\/wp-json\/wp\/v2\/posts\/2050"}],"collection":[{"href":"https:\/\/evertonfc.cz\/index.php\/wp-json\/wp\/v2\/posts"}],"about":[{"href":"https:\/\/evertonfc.cz\/index.php\/wp-json\/wp\/v2\/types\/post"}],"author":[{"embeddable":true,"href":"https:\/\/evertonfc.cz\/index.php\/wp-json\/wp\/v2\/users\/1"}],"replies":[{"embeddable":true,"href":"https:\/\/evertonfc.cz\/index.php\/wp-json\/wp\/v2\/comments?post=2050"}],"version-history":[{"count":3,"href":"https:\/\/evertonfc.cz\/index.php\/wp-json\/wp\/v2\/posts\/2050\/revisions"}],"predecessor-version":[{"id":10946,"href":"https:\/\/evertonfc.cz\/index.php\/wp-json\/wp\/v2\/posts\/2050\/revisions\/10946"}],"wp:featuredmedia":[{"embeddable":true,"href":"https:\/\/evertonfc.cz\/index.php\/wp-json\/wp\/v2\/media\/2011"}],"wp:attachment":[{"href":"https:\/\/evertonfc.cz\/index.php\/wp-json\/wp\/v2\/media?parent=2050"}],"wp:term":[{"taxonomy":"category","embeddable":true,"href":"https:\/\/evertonfc.cz\/index.php\/wp-json\/wp\/v2\/categories?post=2050"},{"taxonomy":"post_tag","embeddable":true,"href":"https:\/\/evertonfc.cz\/index.php\/wp-json\/wp\/v2\/tags?post=2050"}],"curies":[{"name":"wp","href":"https:\/\/api.w.org\/{rel}","templated":true}]}}