{"id":20530,"date":"2022-12-26T13:34:38","date_gmt":"2022-12-26T12:34:38","guid":{"rendered":"https:\/\/evertonfc.cz\/?p=20530"},"modified":"2022-12-26T13:34:38","modified_gmt":"2022-12-26T12:34:38","slug":"preview-everton-wolverhampton-wanderers-6","status":"publish","type":"post","link":"https:\/\/evertonfc.cz\/index.php\/2022\/12\/26\/preview-everton-wolverhampton-wanderers-6\/","title":{"rendered":"Preview: Everton \u2013 Wolverhampton Wanderers"},"content":{"rendered":"<h4>Na tret\u00ed de\u0148 chut\u00ed zemiakov\u00fd \u0161al\u00e1t najlep\u0161ie s\u00a0anglick\u00fdm futbalom. Kon\u0161tatovanie faktu sprev\u00e1dza aj \u017eelanie, \u017ee aspo\u0148 na tie sviatky by n\u00e1s mohlo EFC pote\u0161i\u0165.<\/h4>\n<p>Ke\u010f sme boli na konci\u00a0 jesene odtrhnut\u00ed od sebazni\u010duj\u00facej m\u00e1nie kv\u00f4li v\u00fddobytkom uh\u013eovod\u00edkov\u00fdch pe\u0148az\u00ed, mnoh\u00ed z n\u00e1s si priali, aby sa Karamelky vr\u00e1tili na sc\u00e9nu rad\u0161ej u\u017e v novej sez\u00f3ne. Preto\u017ee t\u00e1to u\u017e naberala star\u00e9 zn\u00e1me a absurdn\u00e9 kont\u00fary. Ako inak by ste po\u010dastovali dva v\u00fdprasky v jednom t\u00fd\u017edni od toho ist\u00e9ho, samozrejme papierov\u00e9ho outsajdera, a to v pomer 1:7? No predsa hanba v lige aj poh\u00e1ri.<\/p>\n<p>Mo\u017eno aj preto zastavenie koloto\u010du Premier League d\u00e1valo ove\u013ea v\u00e4\u010d\u0161\u00ed zmysel pre The Toffees, ako by si mo\u017eno priali, \u010di predpokladali pred sez\u00f3nou. Bola to pr\u00edle\u017eitos\u0165 zastavi\u0165, prefacka\u0165 sa, zamyslie\u0165 sa nielen nad sebou sam\u00fdm, a\u00a0hlavne da\u0165 si potrebn\u00fd odstup a\u00a0zanalyzova\u0165 famili\u00e1rne probl\u00e9my bez zdanliv\u00e9ho rie\u0161enia.<\/p>\n<h4><strong>Status Quo<\/strong><\/h4>\n<p>The Toffees sa preberaj\u00fa zo \u0161ampion\u00e1tov\u00e9ho sp\u00e1nku na 17. mieste. Chab\u00fdch 14 bodov je pripomienkou trendu negat\u00edvneho z\u00e1pasov\u00e9ho zberu, ktor\u00fd na ju\u017enom pobre\u017e\u00ed eruptoval do nepr\u00edjemn\u00fdch sc\u00e9n slovn\u00fdch v\u00fdmen medzi hr\u00e1\u010dmi a\u00a0fan\u00fa\u0161ikmi. Nie po prv\u00fd raz za posledn\u00e9 roky. Nepr\u00edjemn\u00fa trad\u00edciu by bolo preto treba zarazi\u0165.<\/p>\n<p>\u0164a\u017eko hodnoti\u0165, \u010di v\u00fdlet do Austr\u00e1lie nie\u010do dramaticky zmenil. Odohral sa toti\u017e pred mesiacom. To u\u017e sk\u00f4r sa mus\u00edme spolieha\u0165 na priazniv\u00fd vplyv p\u00e1rty\u017ed\u0148ovej ment\u00e1lnej aj fyzickej prest\u00e1vky, \u010di ned\u00e1vne tr\u00e9ningov\u00e9 z\u00e1pasy s\u00a0ligov\u00fdmi oponentami, ktor\u00e9 skon\u010dili rem\u00edzou 1:1 proti Manchesteru United a\u00a0v\u00fdhrou 2:0 nad Aston Villou.<\/p>\n<p>Frank sa mo\u017eno bude chie\u0165 vr\u00e1ti\u0165 k\u00a0pragmatickej\u0161iemu pr\u00edstupu. Predsa len, bl\u00ed\u017eime sa k\u00a0polovici marat\u00f3nu, a\u00a0na tabu\u013ekov\u00e9 dvere op\u00e4\u0165 neklope britsk\u00fd Santa, ale star\u00fd zn\u00e1my boj o\u00a0z\u00e1chranu. \u017diadny t\u00edm si nepr\u00edp\u00fa\u0161\u0165a viac strie\u013e na br\u00e1nu (29) po strate lopty na vlastnej polovici. \u010co to znamen\u00e1? Za\u010dneme nakop\u00e1va\u0165?<\/p>\n<h4><strong>Novinky z\u00a0Finch Farm<\/strong><\/h4>\n<p>Asi najp\u00e1l\u010divej\u0161ia ot\u00e1zka sa v\u017edy t\u00fdka \u00fatoku. Bude DCL zdrav\u00fd a pripraven\u00fd nast\u00fapi\u0165? Zdrav\u00fd hej, ale pripraven\u00fd pravdepodobne nie. No ne\u010dudoval by sme sa, ak by nejak\u00fdm sp\u00f4sobom do stretnutia predsa len zasiahol. To sa v\u0161ak st\u00e1le net\u00fdka Townsenda, ktor\u00fd si privodil men\u0161ie komplik\u00e1cie kolena pri snahe o n\u00e1vrat, a tak sa ten odklad\u00e1. Spolu s Garnerov\u00fdm bo\u013eav\u00fdm chrbtom s\u00fa to jedin\u00e9 zdravotn\u00e9 v\u00fdnimky. V\u0161etci ostatn\u00ed s\u00fa k dispoz\u00edcii, a\u017e na hos\u0165uj\u00faceho Coadyho. Proti kme\u0148ov\u00e9mu klubu na tr\u00e1vnik nesmie. Pokyn teda znie jasne &#8211; k\u00fapi\u0165!<\/p>\n<p>Predt\u00fdm, ne\u017e sa otvor\u00ed janu\u00e1rov\u00e9 okno prestupov\u00e9ho \u0161ialenstva, sa mus\u00ed EFC spolieha\u0165 na star\u00fd zoznam hr\u00e1\u010dov m\u00ednus Rond\u00f3n. Ten si to rozmyslel a\u00a0rozviazal zmluvu. Podobn\u00fd osud by mal \u010daka\u0165 Eldina Jakupovi\u0107a, ktor\u00e9mu viazanos\u0165 na Merseyside kon\u010d\u00ed na Silvestra. Klub sa naopak v\u0161emo\u017en\u00fdmi silami sna\u017e\u00ed udr\u017ea\u0165 Pickforda, Iwobiho a\u00a0Gordona. Dohody na nov\u00fdch zmluv\u00e1ch s\u00fa vraj bl\u00edzko, preto sa pozornos\u0165 upriamuje na posily.<\/p>\n<h4><strong>Lampard o\u00a0prestupov\u00fdch mo\u017enostiach:<\/strong><\/h4>\n<blockquote><p><span style=\"font-size: 12pt;\"><em>\u201eV janu\u00e1ri chceme pom\u00f4c\u0165 mu\u017estvu, chceme ma\u0165 viac mo\u017enosti v\u00a0\u00fatoku. Ak bud\u00fa tak\u00ed hr\u00e1\u010di k\u00a0dispoz\u00edcii, tak sa budeme sna\u017ei\u0165 posilni\u0165. Preto\u017ee Dominica sme mali v\u00e4\u010d\u0161inu sez\u00f3ny zranen\u00e9ho a\u00a0v\u00a0tejto oblasti chceme viac. Mus\u00edme by\u0165 \u0161ikovn\u00fd, na\u0161a situ\u00e1cia je jasn\u00e1. Ostatn\u00e9 kluby sa posiluj\u00fa po svojom, a\u00a0my mus\u00edme by\u0165 vynaliezav\u00ed.\u201c<\/em><\/span><\/p><\/blockquote>\n<h4><strong>Hladn\u00ed Vlci<\/strong><\/h4>\n<p>Duel s posledn\u00fdm nikdy nie je o papierov\u00fdch predpokladoch. \u0160tvorbodov\u00fd rozdiel \u0161tyroch prie\u010dok v tabu\u013eke m\u00f4\u017eu predstavova\u0165 dve smoln\u00e9 rozhodnutia rozhodcu, \u010di \u0161\u0165astena opret\u00e1 o br\u00e1nkov\u00fa kon\u0161trukciu. Lagemu sa podarilo po vyhadzove Santa znovu svorku rozvr\u010da\u0165, ale cez leto sa zrejme dali na samot\u00e1rskke chodn\u00ed\u010dky, kde hierarchia nefunguje, a tak be\u017en\u00fd lov ostal ot\u00e1zkou sporadickej n\u00e1hody.<\/p>\n<p>Zjednoti\u0165 tlupu pri\u0161iel 56-ro\u010dn\u00fd \u0160paniel Julen Lopetegui, ktor\u00fd si meno spravil pri dom\u00e1cej reprezent\u00e1cii. Pobudol v Porte, sk\u00fa\u0161al Madrid, ale a\u017e Seville pri\u0161iel v\u00fdraznej\u0161\u00ed \u00faspech v podobe v\u00ed\u0165azstva v Eur\u00f3pskej lige. V okt\u00f3bri tohto roku ho v\u0161ak aj odtia\u013e vyhodili pre neuspokojiv\u00e9 v\u00fdsledky. Wolves ho t\u00fato jese\u0148 oslovili dokonca dvakr\u00e1t, a\u017e napokon prijal. A s nov\u00fdm klubom u\u017e stihol podst\u00fapi\u0165 do \u0161tvr\u0165fin\u00e1le ligov\u00e9ho poh\u00e1ru cez Gillingham (4. liga).<\/p>\n<p>Za \u00falohu m\u00e1 rozstriela\u0165 t\u00edm, ktor\u00fd to z celej krajiny zabudol najviac (len 8 ligov\u00fdch g\u00f3lov). A ak hra\u0165, tak s loptou, preto\u017ee bez nej to nevedia. Zdola\u0165 Everton je vynikaj\u00faca mo\u017enos\u0165 ako sa e\u0161te st\u00e1le dosta\u0165 sp\u00e4\u0165 do boja, a nepadn\u00fa\u0165 hlb\u0161ie. No nepom\u00f4\u017ee im v tom zdravotne indisponovan\u00fd Pedro Neto a Kalajd\u017ei\u0107. Takisto nov\u00e1 posila z Atl\u00e9tica, Braz\u00edlsky \u00fato\u010dn\u00edk Cunha, ktor\u00fd hos\u0165uje z povinnos\u0165ou k\u00fapy za potenci\u00e1lnych \u00a3 35m, bude registrovan\u00fd a\u017e od janu\u00e1ra. O jeden cie\u013e pre Everton menej. Ten prvorad\u00fd s\u00fa tri body. Tak\u017ee rem\u00edzka?<\/p>\n<h4 style=\"text-align: center;\"><strong>\u0160tatistick\u00e9 okienko:<\/strong><\/h4>\n<ul>\n<li>Wolves zaknihovali v minulej sez\u00f3ne nad Evertonom double a\u00a0mohli by vyhra\u0165 tri po sebe id\u00face ligov\u00e9 z\u00e1pasy prv\u00fdkr\u00e1t od s\u00e9rie piatich v rokoch 1957 a\u017e 1960.<\/li>\n<li>Toto je piate ligov\u00e9 stretnutie na Boxing Day medzi t\u00fdmito klubmi, ale prv\u00e9, ktor\u00e9 host\u00ed Everton doma.<\/li>\n<li>Wanderers prehrali 7 z posledn\u00fdch 9 z\u00e1pasov Premier League a z\u00edskali len 1 bod z posledn\u00fdch 15 mo\u017en\u00fdch.<\/li>\n<li>T\u00edm Franka Lamparda vyhral iba jeden z posledn\u00fdch siedmich ligov\u00fdch z\u00e1pasov (D1, L5), pri\u010dom nedok\u00e1zal sk\u00f3rova\u0165 v piatich z posledn\u00fdch \u0161iestich.<\/li>\n<li>Vlci v tejto sez\u00f3ne e\u0161te nevyhrali vonku v najvy\u0161\u0161ej s\u00fa\u0165a\u017ei. Ich bilancia dvoch bodov zo siedmich vonkaj\u0161\u00edch z\u00e1pasov je spolo\u010dne najni\u017e\u0161ia v lige.<\/li>\n<li>Everton je na 17. mieste, \u010do je jeho najni\u017e\u0161ia ligov\u00e1 poz\u00edcia na Vianoce od ro\u010dn\u00edka 1997\/98, ke\u010f bol predposledn\u00fd. V tej sez\u00f3ne sme sa vyhli zostupu len na rozdiel g\u00f3lu.<\/li>\n<li>Wolves si v tejto kampani PL udr\u017eali len jedno \u010dist\u00e9 konto mimo domova a v posledn\u00fdch siedmich z\u00e1pasoch na Boxing Day nevyhrali od posledn\u00e9ho v\u00ed\u0165azstva nad Birminghamom 2:1 v roku 1978 (D2, L5).<\/li>\n<li>Goodison Park bol v\u00a0tomto ro\u010dn\u00edku svedkom iba 12 g\u00f3lov, \u010do je menej ako na ktoromko\u013evek inom \u0161tadi\u00f3ne. A \u0161es\u0165 dom\u00e1cich g\u00f3lov Evertonu v tejto kampani Premier League strelilo a\u017e \u0161es\u0165 r\u00f4znych hr\u00e1\u010dov.<\/li>\n<li>Julen Lopetegui m\u00f4\u017ee by\u0165 prv\u00fdm mana\u017e\u00e9rom Wolverhamptonu, ktor\u00fd vyhral svoj \u00favodn\u00fd z\u00e1pas najvy\u0161\u0161ej s\u00fa\u0165a\u017ee od Johna Barnwella v novembri 1978.<\/li>\n<li>The Toffees prehrali v roku 2022 u\u017e 20 ligov\u00fdch z\u00e1pasov, \u010do je viac ako ktor\u00fdko\u013evek in\u00fd t\u00edm najvy\u0161\u0161ej s\u00fa\u0165a\u017ee. \u010eal\u0161ia prehra by vyrovnala klubov\u00fd rekord 21 prehier z roku 1997, ktor\u00fd sa podaril vyrovna\u0165 aj v roku 2005.<\/li>\n<\/ul>\n<h3 style=\"text-align: center;\"><span style=\"color: #3366ff;\"><em><strong>Up The Toffees !!!<\/strong><\/em><\/span><\/h3>\n<p><strong>\u010co:<\/strong> Everton FC \u2013 Wolverhampton Wanderers FC, 17. kolo Premier League<br \/>\n<strong>Kedy:<\/strong> 26.12. 2022 od 16:00 SE\u010c<br \/>\n<strong>Ako:<\/strong> Stream na CANAL+ Sport 4<br \/>\n<strong>Kde:<\/strong> Goodison Park \u2013 Goodison Rd, Liverpool L4 4EL (kapacita: 39 572)<br \/>\n<strong>Rozhodca:<\/strong> Craig Pawson\u00a0 <strong>Asistenti:<\/strong> D. Cook, D. Robathan\u00a0 <strong>\u0160tvrt\u00fd rozhodca:<\/strong> A. Taylor<br \/>\n<strong>VAR: <\/strong>Andre Marriner\u00a0 <strong>Asistent VAR: <\/strong>Derek Eaton<\/p>\n","protected":false},"excerpt":{"rendered":"<p>Na tret\u00ed de\u0148 chut\u00ed zemiakov\u00fd \u0161al\u00e1t najlep\u0161ie s\u00a0anglick\u00fdm futbalom. Kon\u0161tatovanie faktu sprev\u00e1dza aj \u017eelanie, \u017ee aspo\u0148 na tie sviatky by n\u00e1s mohlo EFC pote\u0161i\u0165.<\/p>\n","protected":false},"author":1,"featured_media":15370,"comment_status":"open","ping_status":"closed","sticky":false,"template":"","format":"standard","meta":{"_eb_attr":"","_monsterinsights_skip_tracking":false,"_monsterinsights_sitenote_active":false,"_monsterinsights_sitenote_note":"","_monsterinsights_sitenote_category":0,"footnotes":""},"categories":[4],"tags":[],"yoast_head":"<!-- This site is optimized with the Yoast SEO plugin v23.4 - https:\/\/yoast.com\/wordpress\/plugins\/seo\/ -->\n<title>Preview: Everton \u2013 Wolverhampton Wanderers - Official Czech &amp; Slovak Everton Supporters&#039; Club<\/title>\n<meta name=\"robots\" content=\"index, follow, max-snippet:-1, max-image-preview:large, max-video-preview:-1\" \/>\n<link rel=\"canonical\" href=\"https:\/\/evertonfc.cz\/index.php\/2022\/12\/26\/preview-everton-wolverhampton-wanderers-6\/\" \/>\n<meta property=\"og:locale\" content=\"cs_CZ\" \/>\n<meta property=\"og:type\" content=\"article\" \/>\n<meta property=\"og:title\" content=\"Preview: Everton \u2013 Wolverhampton Wanderers - Official Czech &amp; Slovak Everton Supporters&#039; Club\" \/>\n<meta property=\"og:description\" content=\"Na tret\u00ed de\u0148 chut\u00ed zemiakov\u00fd \u0161al\u00e1t najlep\u0161ie s\u00a0anglick\u00fdm futbalom. Kon\u0161tatovanie faktu sprev\u00e1dza aj \u017eelanie, \u017ee aspo\u0148 na tie sviatky by n\u00e1s mohlo EFC pote\u0161i\u0165.\" \/>\n<meta property=\"og:url\" content=\"https:\/\/evertonfc.cz\/index.php\/2022\/12\/26\/preview-everton-wolverhampton-wanderers-6\/\" \/>\n<meta property=\"og:site_name\" content=\"Official Czech &amp; Slovak Everton Supporters&#039; Club\" \/>\n<meta property=\"article:publisher\" content=\"https:\/\/www.facebook.com\/everton.fans.cz.sk\" \/>\n<meta property=\"article:published_time\" content=\"2022-12-26T12:34:38+00:00\" \/>\n<meta property=\"og:image\" content=\"https:\/\/evertonfc.cz\/wp-content\/uploads\/2021\/05\/Everton-VS-Wolverhampton-Wanderers.png\" \/>\n\t<meta property=\"og:image:width\" content=\"720\" \/>\n\t<meta property=\"og:image:height\" content=\"405\" \/>\n\t<meta property=\"og:image:type\" content=\"image\/png\" \/>\n<meta name=\"author\" content=\"BlueBlooded\" \/>\n<meta name=\"twitter:card\" content=\"summary_large_image\" \/>\n<meta name=\"twitter:label1\" content=\"Napsal(a)\" \/>\n\t<meta name=\"twitter:data1\" content=\"BlueBlooded\" \/>\n\t<meta name=\"twitter:label2\" content=\"Odhadovan\u00e1 doba \u010dten\u00ed\" \/>\n\t<meta name=\"twitter:data2\" content=\"6 minut\" \/>\n<script type=\"application\/ld+json\" class=\"yoast-schema-graph\">{\"@context\":\"https:\/\/schema.org\",\"@graph\":[{\"@type\":\"Article\",\"@id\":\"https:\/\/evertonfc.cz\/index.php\/2022\/12\/26\/preview-everton-wolverhampton-wanderers-6\/#article\",\"isPartOf\":{\"@id\":\"https:\/\/evertonfc.cz\/index.php\/2022\/12\/26\/preview-everton-wolverhampton-wanderers-6\/\"},\"author\":{\"name\":\"BlueBlooded\",\"@id\":\"https:\/\/evertonfc.cz\/#\/schema\/person\/d4493b8cbea51532597fbc4685698916\"},\"headline\":\"Preview: Everton \u2013 Wolverhampton Wanderers\",\"datePublished\":\"2022-12-26T12:34:38+00:00\",\"dateModified\":\"2022-12-26T12:34:38+00:00\",\"mainEntityOfPage\":{\"@id\":\"https:\/\/evertonfc.cz\/index.php\/2022\/12\/26\/preview-everton-wolverhampton-wanderers-6\/\"},\"wordCount\":1274,\"commentCount\":26,\"publisher\":{\"@id\":\"https:\/\/evertonfc.cz\/#organization\"},\"image\":{\"@id\":\"https:\/\/evertonfc.cz\/index.php\/2022\/12\/26\/preview-everton-wolverhampton-wanderers-6\/#primaryimage\"},\"thumbnailUrl\":\"https:\/\/evertonfc.cz\/wp-content\/uploads\/2021\/05\/Everton-VS-Wolverhampton-Wanderers.png\",\"articleSection\":[\"Z\u00e1pasy\"],\"inLanguage\":\"cs\",\"potentialAction\":[{\"@type\":\"CommentAction\",\"name\":\"Comment\",\"target\":[\"https:\/\/evertonfc.cz\/index.php\/2022\/12\/26\/preview-everton-wolverhampton-wanderers-6\/#respond\"]}]},{\"@type\":\"WebPage\",\"@id\":\"https:\/\/evertonfc.cz\/index.php\/2022\/12\/26\/preview-everton-wolverhampton-wanderers-6\/\",\"url\":\"https:\/\/evertonfc.cz\/index.php\/2022\/12\/26\/preview-everton-wolverhampton-wanderers-6\/\",\"name\":\"Preview: Everton \u2013 Wolverhampton Wanderers - Official Czech &amp; Slovak Everton Supporters&#039; Club\",\"isPartOf\":{\"@id\":\"https:\/\/evertonfc.cz\/#website\"},\"primaryImageOfPage\":{\"@id\":\"https:\/\/evertonfc.cz\/index.php\/2022\/12\/26\/preview-everton-wolverhampton-wanderers-6\/#primaryimage\"},\"image\":{\"@id\":\"https:\/\/evertonfc.cz\/index.php\/2022\/12\/26\/preview-everton-wolverhampton-wanderers-6\/#primaryimage\"},\"thumbnailUrl\":\"https:\/\/evertonfc.cz\/wp-content\/uploads\/2021\/05\/Everton-VS-Wolverhampton-Wanderers.png\",\"datePublished\":\"2022-12-26T12:34:38+00:00\",\"dateModified\":\"2022-12-26T12:34:38+00:00\",\"breadcrumb\":{\"@id\":\"https:\/\/evertonfc.cz\/index.php\/2022\/12\/26\/preview-everton-wolverhampton-wanderers-6\/#breadcrumb\"},\"inLanguage\":\"cs\",\"potentialAction\":[{\"@type\":\"ReadAction\",\"target\":[\"https:\/\/evertonfc.cz\/index.php\/2022\/12\/26\/preview-everton-wolverhampton-wanderers-6\/\"]}]},{\"@type\":\"ImageObject\",\"inLanguage\":\"cs\",\"@id\":\"https:\/\/evertonfc.cz\/index.php\/2022\/12\/26\/preview-everton-wolverhampton-wanderers-6\/#primaryimage\",\"url\":\"https:\/\/evertonfc.cz\/wp-content\/uploads\/2021\/05\/Everton-VS-Wolverhampton-Wanderers.png\",\"contentUrl\":\"https:\/\/evertonfc.cz\/wp-content\/uploads\/2021\/05\/Everton-VS-Wolverhampton-Wanderers.png\",\"width\":720,\"height\":405},{\"@type\":\"BreadcrumbList\",\"@id\":\"https:\/\/evertonfc.cz\/index.php\/2022\/12\/26\/preview-everton-wolverhampton-wanderers-6\/#breadcrumb\",\"itemListElement\":[{\"@type\":\"ListItem\",\"position\":1,\"name\":\"Home\",\"item\":\"https:\/\/evertonfc.cz\/\"},{\"@type\":\"ListItem\",\"position\":2,\"name\":\"Preview: Everton \u2013 Wolverhampton Wanderers\"}]},{\"@type\":\"WebSite\",\"@id\":\"https:\/\/evertonfc.cz\/#website\",\"url\":\"https:\/\/evertonfc.cz\/\",\"name\":\"Official Czech &amp; Slovak Everton Supporters&#039; Club\",\"description\":\"\",\"publisher\":{\"@id\":\"https:\/\/evertonfc.cz\/#organization\"},\"potentialAction\":[{\"@type\":\"SearchAction\",\"target\":{\"@type\":\"EntryPoint\",\"urlTemplate\":\"https:\/\/evertonfc.cz\/?s={search_term_string}\"},\"query-input\":{\"@type\":\"PropertyValueSpecification\",\"valueRequired\":true,\"valueName\":\"search_term_string\"}}],\"inLanguage\":\"cs\"},{\"@type\":\"Organization\",\"@id\":\"https:\/\/evertonfc.cz\/#organization\",\"name\":\"Official Czech & Slovak Everton Supporters' Club\",\"url\":\"https:\/\/evertonfc.cz\/\",\"logo\":{\"@type\":\"ImageObject\",\"inLanguage\":\"cs\",\"@id\":\"https:\/\/evertonfc.cz\/#\/schema\/logo\/image\/\",\"url\":\"https:\/\/evertonfc.cz\/wp-content\/uploads\/2019\/05\/logo.png\",\"contentUrl\":\"https:\/\/evertonfc.cz\/wp-content\/uploads\/2019\/05\/logo.png\",\"width\":112,\"height\":112,\"caption\":\"Official Czech & Slovak Everton Supporters' Club\"},\"image\":{\"@id\":\"https:\/\/evertonfc.cz\/#\/schema\/logo\/image\/\"},\"sameAs\":[\"https:\/\/www.facebook.com\/everton.fans.cz.sk\"]},{\"@type\":\"Person\",\"@id\":\"https:\/\/evertonfc.cz\/#\/schema\/person\/d4493b8cbea51532597fbc4685698916\",\"name\":\"BlueBlooded\",\"url\":\"https:\/\/evertonfc.cz\/index.php\/author\/admin\/\"}]}<\/script>\n<!-- \/ Yoast SEO plugin. -->","yoast_head_json":{"title":"Preview: Everton \u2013 Wolverhampton Wanderers - Official Czech &amp; Slovak Everton Supporters&#039; Club","robots":{"index":"index","follow":"follow","max-snippet":"max-snippet:-1","max-image-preview":"max-image-preview:large","max-video-preview":"max-video-preview:-1"},"canonical":"https:\/\/evertonfc.cz\/index.php\/2022\/12\/26\/preview-everton-wolverhampton-wanderers-6\/","og_locale":"cs_CZ","og_type":"article","og_title":"Preview: Everton \u2013 Wolverhampton Wanderers - Official Czech &amp; Slovak Everton Supporters&#039; Club","og_description":"Na tret\u00ed de\u0148 chut\u00ed zemiakov\u00fd \u0161al\u00e1t najlep\u0161ie s\u00a0anglick\u00fdm futbalom. Kon\u0161tatovanie faktu sprev\u00e1dza aj \u017eelanie, \u017ee aspo\u0148 na tie sviatky by n\u00e1s mohlo EFC pote\u0161i\u0165.","og_url":"https:\/\/evertonfc.cz\/index.php\/2022\/12\/26\/preview-everton-wolverhampton-wanderers-6\/","og_site_name":"Official Czech &amp; Slovak Everton Supporters&#039; Club","article_publisher":"https:\/\/www.facebook.com\/everton.fans.cz.sk","article_published_time":"2022-12-26T12:34:38+00:00","og_image":[{"width":720,"height":405,"url":"https:\/\/evertonfc.cz\/wp-content\/uploads\/2021\/05\/Everton-VS-Wolverhampton-Wanderers.png","type":"image\/png"}],"author":"BlueBlooded","twitter_card":"summary_large_image","twitter_misc":{"Napsal(a)":"BlueBlooded","Odhadovan\u00e1 doba \u010dten\u00ed":"6 minut"},"schema":{"@context":"https:\/\/schema.org","@graph":[{"@type":"Article","@id":"https:\/\/evertonfc.cz\/index.php\/2022\/12\/26\/preview-everton-wolverhampton-wanderers-6\/#article","isPartOf":{"@id":"https:\/\/evertonfc.cz\/index.php\/2022\/12\/26\/preview-everton-wolverhampton-wanderers-6\/"},"author":{"name":"BlueBlooded","@id":"https:\/\/evertonfc.cz\/#\/schema\/person\/d4493b8cbea51532597fbc4685698916"},"headline":"Preview: Everton \u2013 Wolverhampton Wanderers","datePublished":"2022-12-26T12:34:38+00:00","dateModified":"2022-12-26T12:34:38+00:00","mainEntityOfPage":{"@id":"https:\/\/evertonfc.cz\/index.php\/2022\/12\/26\/preview-everton-wolverhampton-wanderers-6\/"},"wordCount":1274,"commentCount":26,"publisher":{"@id":"https:\/\/evertonfc.cz\/#organization"},"image":{"@id":"https:\/\/evertonfc.cz\/index.php\/2022\/12\/26\/preview-everton-wolverhampton-wanderers-6\/#primaryimage"},"thumbnailUrl":"https:\/\/evertonfc.cz\/wp-content\/uploads\/2021\/05\/Everton-VS-Wolverhampton-Wanderers.png","articleSection":["Z\u00e1pasy"],"inLanguage":"cs","potentialAction":[{"@type":"CommentAction","name":"Comment","target":["https:\/\/evertonfc.cz\/index.php\/2022\/12\/26\/preview-everton-wolverhampton-wanderers-6\/#respond"]}]},{"@type":"WebPage","@id":"https:\/\/evertonfc.cz\/index.php\/2022\/12\/26\/preview-everton-wolverhampton-wanderers-6\/","url":"https:\/\/evertonfc.cz\/index.php\/2022\/12\/26\/preview-everton-wolverhampton-wanderers-6\/","name":"Preview: Everton \u2013 Wolverhampton Wanderers - Official Czech &amp; Slovak Everton Supporters&#039; Club","isPartOf":{"@id":"https:\/\/evertonfc.cz\/#website"},"primaryImageOfPage":{"@id":"https:\/\/evertonfc.cz\/index.php\/2022\/12\/26\/preview-everton-wolverhampton-wanderers-6\/#primaryimage"},"image":{"@id":"https:\/\/evertonfc.cz\/index.php\/2022\/12\/26\/preview-everton-wolverhampton-wanderers-6\/#primaryimage"},"thumbnailUrl":"https:\/\/evertonfc.cz\/wp-content\/uploads\/2021\/05\/Everton-VS-Wolverhampton-Wanderers.png","datePublished":"2022-12-26T12:34:38+00:00","dateModified":"2022-12-26T12:34:38+00:00","breadcrumb":{"@id":"https:\/\/evertonfc.cz\/index.php\/2022\/12\/26\/preview-everton-wolverhampton-wanderers-6\/#breadcrumb"},"inLanguage":"cs","potentialAction":[{"@type":"ReadAction","target":["https:\/\/evertonfc.cz\/index.php\/2022\/12\/26\/preview-everton-wolverhampton-wanderers-6\/"]}]},{"@type":"ImageObject","inLanguage":"cs","@id":"https:\/\/evertonfc.cz\/index.php\/2022\/12\/26\/preview-everton-wolverhampton-wanderers-6\/#primaryimage","url":"https:\/\/evertonfc.cz\/wp-content\/uploads\/2021\/05\/Everton-VS-Wolverhampton-Wanderers.png","contentUrl":"https:\/\/evertonfc.cz\/wp-content\/uploads\/2021\/05\/Everton-VS-Wolverhampton-Wanderers.png","width":720,"height":405},{"@type":"BreadcrumbList","@id":"https:\/\/evertonfc.cz\/index.php\/2022\/12\/26\/preview-everton-wolverhampton-wanderers-6\/#breadcrumb","itemListElement":[{"@type":"ListItem","position":1,"name":"Home","item":"https:\/\/evertonfc.cz\/"},{"@type":"ListItem","position":2,"name":"Preview: Everton \u2013 Wolverhampton Wanderers"}]},{"@type":"WebSite","@id":"https:\/\/evertonfc.cz\/#website","url":"https:\/\/evertonfc.cz\/","name":"Official Czech &amp; Slovak Everton Supporters&#039; Club","description":"","publisher":{"@id":"https:\/\/evertonfc.cz\/#organization"},"potentialAction":[{"@type":"SearchAction","target":{"@type":"EntryPoint","urlTemplate":"https:\/\/evertonfc.cz\/?s={search_term_string}"},"query-input":{"@type":"PropertyValueSpecification","valueRequired":true,"valueName":"search_term_string"}}],"inLanguage":"cs"},{"@type":"Organization","@id":"https:\/\/evertonfc.cz\/#organization","name":"Official Czech & Slovak Everton Supporters' Club","url":"https:\/\/evertonfc.cz\/","logo":{"@type":"ImageObject","inLanguage":"cs","@id":"https:\/\/evertonfc.cz\/#\/schema\/logo\/image\/","url":"https:\/\/evertonfc.cz\/wp-content\/uploads\/2019\/05\/logo.png","contentUrl":"https:\/\/evertonfc.cz\/wp-content\/uploads\/2019\/05\/logo.png","width":112,"height":112,"caption":"Official Czech & Slovak Everton Supporters' Club"},"image":{"@id":"https:\/\/evertonfc.cz\/#\/schema\/logo\/image\/"},"sameAs":["https:\/\/www.facebook.com\/everton.fans.cz.sk"]},{"@type":"Person","@id":"https:\/\/evertonfc.cz\/#\/schema\/person\/d4493b8cbea51532597fbc4685698916","name":"BlueBlooded","url":"https:\/\/evertonfc.cz\/index.php\/author\/admin\/"}]}},"_links":{"self":[{"href":"https:\/\/evertonfc.cz\/index.php\/wp-json\/wp\/v2\/posts\/20530"}],"collection":[{"href":"https:\/\/evertonfc.cz\/index.php\/wp-json\/wp\/v2\/posts"}],"about":[{"href":"https:\/\/evertonfc.cz\/index.php\/wp-json\/wp\/v2\/types\/post"}],"author":[{"embeddable":true,"href":"https:\/\/evertonfc.cz\/index.php\/wp-json\/wp\/v2\/users\/1"}],"replies":[{"embeddable":true,"href":"https:\/\/evertonfc.cz\/index.php\/wp-json\/wp\/v2\/comments?post=20530"}],"version-history":[{"count":8,"href":"https:\/\/evertonfc.cz\/index.php\/wp-json\/wp\/v2\/posts\/20530\/revisions"}],"predecessor-version":[{"id":20538,"href":"https:\/\/evertonfc.cz\/index.php\/wp-json\/wp\/v2\/posts\/20530\/revisions\/20538"}],"wp:featuredmedia":[{"embeddable":true,"href":"https:\/\/evertonfc.cz\/index.php\/wp-json\/wp\/v2\/media\/15370"}],"wp:attachment":[{"href":"https:\/\/evertonfc.cz\/index.php\/wp-json\/wp\/v2\/media?parent=20530"}],"wp:term":[{"taxonomy":"category","embeddable":true,"href":"https:\/\/evertonfc.cz\/index.php\/wp-json\/wp\/v2\/categories?post=20530"},{"taxonomy":"post_tag","embeddable":true,"href":"https:\/\/evertonfc.cz\/index.php\/wp-json\/wp\/v2\/tags?post=20530"}],"curies":[{"name":"wp","href":"https:\/\/api.w.org\/{rel}","templated":true}]}}