{"id":2054,"date":"2018-06-28T20:47:00","date_gmt":"2018-06-28T18:47:00","guid":{"rendered":"http:\/\/evertonfc.cz\/?p=2054"},"modified":"2019-01-31T20:47:46","modified_gmt":"2019-01-31T19:47:46","slug":"odchadza-uz-zase","status":"publish","type":"post","link":"https:\/\/evertonfc.cz\/index.php\/2018\/06\/28\/odchadza-uz-zase\/","title":{"rendered":"Odch\u00e1dza&#8230; u\u017e zase"},"content":{"rendered":"\n<h4 class=\"wp-block-heading\">Ak niekto veril v \u0161\u0165astn\u00fd zvrat situ\u00e1cie okolo prestupovej s\u00e1gy Waynea Rooneyho, do\u010dkal sa nemil\u00e9ho rozuzlenia. Wazza napokon naozaj odch\u00e1dza na futbalov\u00fd d\u00f4chodok do USA.<\/h4>\n\n\n\n<p>N\u00e1\u0161 odchovanec, legenda anglickej reprezent\u00e1cie a hlavne Manchesteru United, si n\u00fatene rozmyslela ako a kde str\u00e1vi posledn\u00e9 roky akt\u00edvnej hr\u00e1\u010dskej kari\u00e9ry. Ned\u00e1 sa poveda\u0165, \u017ee jeho n\u00e1vrat domov dopadol ako fiasko, len\u017ee Everton toho za posledn\u00e9 dve sez\u00f3ny ve\u013ea dopredu nenamyslel a veci sa kask\u00e1dovito zosyp\u00e1vaj\u00fa do probl\u00e9mov, ktor\u00e9 by mo\u017eno ani nikto neo\u010dak\u00e1val.<\/p>\n\n\n\n<p>Preto s pr\u00edchodom nov\u00e9ho re\u017eimu, a to doslova, za\u010d\u00ednaj\u00fa pada\u0165 nevyhnutn\u00e9 kroky potrebn\u00e9 na \u00fapln\u00fd re\u0161tart. Preto m\u00f4\u017eeme Rooneyho odchod pova\u017eova\u0165 za prv\u00fa obe\u0165 platov\u00e9ho stropu, ktor\u00fd by mal by\u0165 dlhodobo udr\u017eate\u013en\u00fd. Samozrejme obeta tak\u00e9ho mena nem\u00f4\u017ee by\u0165 len z jedn\u00e9ho d\u00f4vodu a tak je jasn\u00e9, \u017ee hoci Marco Silva mal dvere pre Waynea otvoren\u00e9, bolo to sk\u00f4r smerom von ako dnu. Sumariz\u00e1ciou jeho druh\u00e9ho kr\u00e1tkeho p\u00f4sobenia je 40 odohran\u00fdch z\u00e1pasov a vsieten\u00fdch 11 g\u00f3lov.<\/p>\n\n\n\n<p>Koluj\u00fa zvesti o tom, \u017ee prv\u00fd kontakt s DC United podnikol dokonca proakt\u00edvny Everton, ale kde bola pravda sa op\u00e4\u0165 dozvieme asi len z pam\u00e4t\u00ed po rokoch. Dnes to bolo \u00faplne jasn\u00e9, ke\u010f s\u00e1m hr\u00e1\u010d zverejnil tweet o lete do Spojen\u00fdch \u0160t\u00e1tov a klub to o nieko\u013eko hod\u00edn potvrdil na svojich ofici\u00e1lnych str\u00e1nkach. Dohoda je tak\u00e1, \u017ee sa u\u017e b\u00fdval\u00e1 evertonsk\u00e1 desiatka ofici\u00e1lne pripoj\u00ed 10. j\u00fala za nezverejnen\u00fa prestupov\u00fa sumu a s kontraktom na tri a pol roka. Po skon\u010den\u00ed by sa mal Wazza vr\u00e1ti\u0165 na Merseyside a za\u010da\u0165 v Evertone tr\u00e9nova\u0165, ale \u010di je aj to s\u00fa\u010das\u0165ou zmluvy, ako m\u00e9di\u00e1 nazna\u010duj\u00fa, je za\u0165a\u017eko potvrdi\u0165. V jeho novom p\u00f4sobisku veria, \u017ee sa stane \u0165ah\u00fa\u0148om t\u00edmu a najm\u00e4 ikonou v novopostavenom Audi Field Stadium. Nov\u00e9 \u010d\u00edslo dresu? Dev\u00e4\u0165.<\/p>\n","protected":false},"excerpt":{"rendered":"<p>Ak niekto veril v \u0161\u0165astn\u00fd zvrat situ\u00e1cie okolo prestupovej s\u00e1gy Waynea Rooneyho, do\u010dkal sa nemil\u00e9ho rozuzlenia. Wazza napokon naozaj odch\u00e1dza&hellip;<\/p>\n","protected":false},"author":1,"featured_media":2022,"comment_status":"open","ping_status":"closed","sticky":false,"template":"","format":"standard","meta":{"_eb_attr":"","_monsterinsights_skip_tracking":false,"_monsterinsights_sitenote_active":false,"_monsterinsights_sitenote_note":"","_monsterinsights_sitenote_category":0,"footnotes":""},"categories":[41],"tags":[],"yoast_head":"<!-- This site is optimized with the Yoast SEO plugin v23.4 - https:\/\/yoast.com\/wordpress\/plugins\/seo\/ -->\n<title>Odch\u00e1dza... u\u017e zase - Official Czech &amp; Slovak Everton Supporters&#039; Club<\/title>\n<meta name=\"robots\" content=\"index, follow, max-snippet:-1, max-image-preview:large, max-video-preview:-1\" \/>\n<link rel=\"canonical\" href=\"https:\/\/evertonfc.cz\/index.php\/2018\/06\/28\/odchadza-uz-zase\/\" \/>\n<meta property=\"og:locale\" content=\"cs_CZ\" \/>\n<meta property=\"og:type\" content=\"article\" \/>\n<meta property=\"og:title\" content=\"Odch\u00e1dza... u\u017e zase - Official Czech &amp; Slovak Everton Supporters&#039; Club\" \/>\n<meta property=\"og:description\" content=\"Ak niekto veril v \u0161\u0165astn\u00fd zvrat situ\u00e1cie okolo prestupovej s\u00e1gy Waynea Rooneyho, do\u010dkal sa nemil\u00e9ho rozuzlenia. Wazza napokon naozaj odch\u00e1dza&hellip;\" \/>\n<meta property=\"og:url\" content=\"https:\/\/evertonfc.cz\/index.php\/2018\/06\/28\/odchadza-uz-zase\/\" \/>\n<meta property=\"og:site_name\" content=\"Official Czech &amp; Slovak Everton Supporters&#039; Club\" \/>\n<meta property=\"article:publisher\" content=\"https:\/\/www.facebook.com\/everton.fans.cz.sk\" \/>\n<meta property=\"article:published_time\" content=\"2018-06-28T18:47:00+00:00\" \/>\n<meta property=\"article:modified_time\" content=\"2019-01-31T19:47:46+00:00\" \/>\n<meta property=\"og:image\" content=\"https:\/\/evertonfc.cz\/wp-content\/uploads\/2019\/01\/rooney_28_6_2018.jpg\" \/>\n\t<meta property=\"og:image:width\" content=\"720\" \/>\n\t<meta property=\"og:image:height\" content=\"405\" \/>\n\t<meta property=\"og:image:type\" content=\"image\/jpeg\" \/>\n<meta name=\"author\" content=\"BlueBlooded\" \/>\n<meta name=\"twitter:card\" content=\"summary_large_image\" \/>\n<meta name=\"twitter:label1\" content=\"Napsal(a)\" \/>\n\t<meta name=\"twitter:data1\" content=\"BlueBlooded\" \/>\n\t<meta name=\"twitter:label2\" content=\"Odhadovan\u00e1 doba \u010dten\u00ed\" \/>\n\t<meta name=\"twitter:data2\" content=\"2 minuty\" \/>\n<script type=\"application\/ld+json\" class=\"yoast-schema-graph\">{\"@context\":\"https:\/\/schema.org\",\"@graph\":[{\"@type\":\"Article\",\"@id\":\"https:\/\/evertonfc.cz\/index.php\/2018\/06\/28\/odchadza-uz-zase\/#article\",\"isPartOf\":{\"@id\":\"https:\/\/evertonfc.cz\/index.php\/2018\/06\/28\/odchadza-uz-zase\/\"},\"author\":{\"name\":\"BlueBlooded\",\"@id\":\"https:\/\/evertonfc.cz\/#\/schema\/person\/d4493b8cbea51532597fbc4685698916\"},\"headline\":\"Odch\u00e1dza&#8230; u\u017e zase\",\"datePublished\":\"2018-06-28T18:47:00+00:00\",\"dateModified\":\"2019-01-31T19:47:46+00:00\",\"mainEntityOfPage\":{\"@id\":\"https:\/\/evertonfc.cz\/index.php\/2018\/06\/28\/odchadza-uz-zase\/\"},\"wordCount\":352,\"commentCount\":0,\"publisher\":{\"@id\":\"https:\/\/evertonfc.cz\/#organization\"},\"image\":{\"@id\":\"https:\/\/evertonfc.cz\/index.php\/2018\/06\/28\/odchadza-uz-zase\/#primaryimage\"},\"thumbnailUrl\":\"https:\/\/evertonfc.cz\/wp-content\/uploads\/2019\/01\/rooney_28_6_2018.jpg\",\"articleSection\":[\"P\u0159estupy\"],\"inLanguage\":\"cs\",\"potentialAction\":[{\"@type\":\"CommentAction\",\"name\":\"Comment\",\"target\":[\"https:\/\/evertonfc.cz\/index.php\/2018\/06\/28\/odchadza-uz-zase\/#respond\"]}]},{\"@type\":\"WebPage\",\"@id\":\"https:\/\/evertonfc.cz\/index.php\/2018\/06\/28\/odchadza-uz-zase\/\",\"url\":\"https:\/\/evertonfc.cz\/index.php\/2018\/06\/28\/odchadza-uz-zase\/\",\"name\":\"Odch\u00e1dza... u\u017e zase - Official Czech &amp; Slovak Everton Supporters&#039; Club\",\"isPartOf\":{\"@id\":\"https:\/\/evertonfc.cz\/#website\"},\"primaryImageOfPage\":{\"@id\":\"https:\/\/evertonfc.cz\/index.php\/2018\/06\/28\/odchadza-uz-zase\/#primaryimage\"},\"image\":{\"@id\":\"https:\/\/evertonfc.cz\/index.php\/2018\/06\/28\/odchadza-uz-zase\/#primaryimage\"},\"thumbnailUrl\":\"https:\/\/evertonfc.cz\/wp-content\/uploads\/2019\/01\/rooney_28_6_2018.jpg\",\"datePublished\":\"2018-06-28T18:47:00+00:00\",\"dateModified\":\"2019-01-31T19:47:46+00:00\",\"breadcrumb\":{\"@id\":\"https:\/\/evertonfc.cz\/index.php\/2018\/06\/28\/odchadza-uz-zase\/#breadcrumb\"},\"inLanguage\":\"cs\",\"potentialAction\":[{\"@type\":\"ReadAction\",\"target\":[\"https:\/\/evertonfc.cz\/index.php\/2018\/06\/28\/odchadza-uz-zase\/\"]}]},{\"@type\":\"ImageObject\",\"inLanguage\":\"cs\",\"@id\":\"https:\/\/evertonfc.cz\/index.php\/2018\/06\/28\/odchadza-uz-zase\/#primaryimage\",\"url\":\"https:\/\/evertonfc.cz\/wp-content\/uploads\/2019\/01\/rooney_28_6_2018.jpg\",\"contentUrl\":\"https:\/\/evertonfc.cz\/wp-content\/uploads\/2019\/01\/rooney_28_6_2018.jpg\",\"width\":720,\"height\":405},{\"@type\":\"BreadcrumbList\",\"@id\":\"https:\/\/evertonfc.cz\/index.php\/2018\/06\/28\/odchadza-uz-zase\/#breadcrumb\",\"itemListElement\":[{\"@type\":\"ListItem\",\"position\":1,\"name\":\"Home\",\"item\":\"https:\/\/evertonfc.cz\/\"},{\"@type\":\"ListItem\",\"position\":2,\"name\":\"Odch\u00e1dza&#8230; u\u017e zase\"}]},{\"@type\":\"WebSite\",\"@id\":\"https:\/\/evertonfc.cz\/#website\",\"url\":\"https:\/\/evertonfc.cz\/\",\"name\":\"Official Czech &amp; Slovak Everton Supporters&#039; Club\",\"description\":\"\",\"publisher\":{\"@id\":\"https:\/\/evertonfc.cz\/#organization\"},\"potentialAction\":[{\"@type\":\"SearchAction\",\"target\":{\"@type\":\"EntryPoint\",\"urlTemplate\":\"https:\/\/evertonfc.cz\/?s={search_term_string}\"},\"query-input\":{\"@type\":\"PropertyValueSpecification\",\"valueRequired\":true,\"valueName\":\"search_term_string\"}}],\"inLanguage\":\"cs\"},{\"@type\":\"Organization\",\"@id\":\"https:\/\/evertonfc.cz\/#organization\",\"name\":\"Official Czech & Slovak Everton Supporters' Club\",\"url\":\"https:\/\/evertonfc.cz\/\",\"logo\":{\"@type\":\"ImageObject\",\"inLanguage\":\"cs\",\"@id\":\"https:\/\/evertonfc.cz\/#\/schema\/logo\/image\/\",\"url\":\"https:\/\/evertonfc.cz\/wp-content\/uploads\/2019\/05\/logo.png\",\"contentUrl\":\"https:\/\/evertonfc.cz\/wp-content\/uploads\/2019\/05\/logo.png\",\"width\":112,\"height\":112,\"caption\":\"Official Czech & Slovak Everton Supporters' Club\"},\"image\":{\"@id\":\"https:\/\/evertonfc.cz\/#\/schema\/logo\/image\/\"},\"sameAs\":[\"https:\/\/www.facebook.com\/everton.fans.cz.sk\"]},{\"@type\":\"Person\",\"@id\":\"https:\/\/evertonfc.cz\/#\/schema\/person\/d4493b8cbea51532597fbc4685698916\",\"name\":\"BlueBlooded\",\"url\":\"https:\/\/evertonfc.cz\/index.php\/author\/admin\/\"}]}<\/script>\n<!-- \/ Yoast SEO plugin. -->","yoast_head_json":{"title":"Odch\u00e1dza... u\u017e zase - Official Czech &amp; Slovak Everton Supporters&#039; Club","robots":{"index":"index","follow":"follow","max-snippet":"max-snippet:-1","max-image-preview":"max-image-preview:large","max-video-preview":"max-video-preview:-1"},"canonical":"https:\/\/evertonfc.cz\/index.php\/2018\/06\/28\/odchadza-uz-zase\/","og_locale":"cs_CZ","og_type":"article","og_title":"Odch\u00e1dza... u\u017e zase - Official Czech &amp; Slovak Everton Supporters&#039; Club","og_description":"Ak niekto veril v \u0161\u0165astn\u00fd zvrat situ\u00e1cie okolo prestupovej s\u00e1gy Waynea Rooneyho, do\u010dkal sa nemil\u00e9ho rozuzlenia. Wazza napokon naozaj odch\u00e1dza&hellip;","og_url":"https:\/\/evertonfc.cz\/index.php\/2018\/06\/28\/odchadza-uz-zase\/","og_site_name":"Official Czech &amp; Slovak Everton Supporters&#039; Club","article_publisher":"https:\/\/www.facebook.com\/everton.fans.cz.sk","article_published_time":"2018-06-28T18:47:00+00:00","article_modified_time":"2019-01-31T19:47:46+00:00","og_image":[{"width":720,"height":405,"url":"https:\/\/evertonfc.cz\/wp-content\/uploads\/2019\/01\/rooney_28_6_2018.jpg","type":"image\/jpeg"}],"author":"BlueBlooded","twitter_card":"summary_large_image","twitter_misc":{"Napsal(a)":"BlueBlooded","Odhadovan\u00e1 doba \u010dten\u00ed":"2 minuty"},"schema":{"@context":"https:\/\/schema.org","@graph":[{"@type":"Article","@id":"https:\/\/evertonfc.cz\/index.php\/2018\/06\/28\/odchadza-uz-zase\/#article","isPartOf":{"@id":"https:\/\/evertonfc.cz\/index.php\/2018\/06\/28\/odchadza-uz-zase\/"},"author":{"name":"BlueBlooded","@id":"https:\/\/evertonfc.cz\/#\/schema\/person\/d4493b8cbea51532597fbc4685698916"},"headline":"Odch\u00e1dza&#8230; u\u017e zase","datePublished":"2018-06-28T18:47:00+00:00","dateModified":"2019-01-31T19:47:46+00:00","mainEntityOfPage":{"@id":"https:\/\/evertonfc.cz\/index.php\/2018\/06\/28\/odchadza-uz-zase\/"},"wordCount":352,"commentCount":0,"publisher":{"@id":"https:\/\/evertonfc.cz\/#organization"},"image":{"@id":"https:\/\/evertonfc.cz\/index.php\/2018\/06\/28\/odchadza-uz-zase\/#primaryimage"},"thumbnailUrl":"https:\/\/evertonfc.cz\/wp-content\/uploads\/2019\/01\/rooney_28_6_2018.jpg","articleSection":["P\u0159estupy"],"inLanguage":"cs","potentialAction":[{"@type":"CommentAction","name":"Comment","target":["https:\/\/evertonfc.cz\/index.php\/2018\/06\/28\/odchadza-uz-zase\/#respond"]}]},{"@type":"WebPage","@id":"https:\/\/evertonfc.cz\/index.php\/2018\/06\/28\/odchadza-uz-zase\/","url":"https:\/\/evertonfc.cz\/index.php\/2018\/06\/28\/odchadza-uz-zase\/","name":"Odch\u00e1dza... u\u017e zase - Official Czech &amp; Slovak Everton Supporters&#039; Club","isPartOf":{"@id":"https:\/\/evertonfc.cz\/#website"},"primaryImageOfPage":{"@id":"https:\/\/evertonfc.cz\/index.php\/2018\/06\/28\/odchadza-uz-zase\/#primaryimage"},"image":{"@id":"https:\/\/evertonfc.cz\/index.php\/2018\/06\/28\/odchadza-uz-zase\/#primaryimage"},"thumbnailUrl":"https:\/\/evertonfc.cz\/wp-content\/uploads\/2019\/01\/rooney_28_6_2018.jpg","datePublished":"2018-06-28T18:47:00+00:00","dateModified":"2019-01-31T19:47:46+00:00","breadcrumb":{"@id":"https:\/\/evertonfc.cz\/index.php\/2018\/06\/28\/odchadza-uz-zase\/#breadcrumb"},"inLanguage":"cs","potentialAction":[{"@type":"ReadAction","target":["https:\/\/evertonfc.cz\/index.php\/2018\/06\/28\/odchadza-uz-zase\/"]}]},{"@type":"ImageObject","inLanguage":"cs","@id":"https:\/\/evertonfc.cz\/index.php\/2018\/06\/28\/odchadza-uz-zase\/#primaryimage","url":"https:\/\/evertonfc.cz\/wp-content\/uploads\/2019\/01\/rooney_28_6_2018.jpg","contentUrl":"https:\/\/evertonfc.cz\/wp-content\/uploads\/2019\/01\/rooney_28_6_2018.jpg","width":720,"height":405},{"@type":"BreadcrumbList","@id":"https:\/\/evertonfc.cz\/index.php\/2018\/06\/28\/odchadza-uz-zase\/#breadcrumb","itemListElement":[{"@type":"ListItem","position":1,"name":"Home","item":"https:\/\/evertonfc.cz\/"},{"@type":"ListItem","position":2,"name":"Odch\u00e1dza&#8230; u\u017e zase"}]},{"@type":"WebSite","@id":"https:\/\/evertonfc.cz\/#website","url":"https:\/\/evertonfc.cz\/","name":"Official Czech &amp; Slovak Everton Supporters&#039; Club","description":"","publisher":{"@id":"https:\/\/evertonfc.cz\/#organization"},"potentialAction":[{"@type":"SearchAction","target":{"@type":"EntryPoint","urlTemplate":"https:\/\/evertonfc.cz\/?s={search_term_string}"},"query-input":{"@type":"PropertyValueSpecification","valueRequired":true,"valueName":"search_term_string"}}],"inLanguage":"cs"},{"@type":"Organization","@id":"https:\/\/evertonfc.cz\/#organization","name":"Official Czech & Slovak Everton Supporters' Club","url":"https:\/\/evertonfc.cz\/","logo":{"@type":"ImageObject","inLanguage":"cs","@id":"https:\/\/evertonfc.cz\/#\/schema\/logo\/image\/","url":"https:\/\/evertonfc.cz\/wp-content\/uploads\/2019\/05\/logo.png","contentUrl":"https:\/\/evertonfc.cz\/wp-content\/uploads\/2019\/05\/logo.png","width":112,"height":112,"caption":"Official Czech & Slovak Everton Supporters' Club"},"image":{"@id":"https:\/\/evertonfc.cz\/#\/schema\/logo\/image\/"},"sameAs":["https:\/\/www.facebook.com\/everton.fans.cz.sk"]},{"@type":"Person","@id":"https:\/\/evertonfc.cz\/#\/schema\/person\/d4493b8cbea51532597fbc4685698916","name":"BlueBlooded","url":"https:\/\/evertonfc.cz\/index.php\/author\/admin\/"}]}},"_links":{"self":[{"href":"https:\/\/evertonfc.cz\/index.php\/wp-json\/wp\/v2\/posts\/2054"}],"collection":[{"href":"https:\/\/evertonfc.cz\/index.php\/wp-json\/wp\/v2\/posts"}],"about":[{"href":"https:\/\/evertonfc.cz\/index.php\/wp-json\/wp\/v2\/types\/post"}],"author":[{"embeddable":true,"href":"https:\/\/evertonfc.cz\/index.php\/wp-json\/wp\/v2\/users\/1"}],"replies":[{"embeddable":true,"href":"https:\/\/evertonfc.cz\/index.php\/wp-json\/wp\/v2\/comments?post=2054"}],"version-history":[{"count":1,"href":"https:\/\/evertonfc.cz\/index.php\/wp-json\/wp\/v2\/posts\/2054\/revisions"}],"predecessor-version":[{"id":2055,"href":"https:\/\/evertonfc.cz\/index.php\/wp-json\/wp\/v2\/posts\/2054\/revisions\/2055"}],"wp:featuredmedia":[{"embeddable":true,"href":"https:\/\/evertonfc.cz\/index.php\/wp-json\/wp\/v2\/media\/2022"}],"wp:attachment":[{"href":"https:\/\/evertonfc.cz\/index.php\/wp-json\/wp\/v2\/media?parent=2054"}],"wp:term":[{"taxonomy":"category","embeddable":true,"href":"https:\/\/evertonfc.cz\/index.php\/wp-json\/wp\/v2\/categories?post=2054"},{"taxonomy":"post_tag","embeddable":true,"href":"https:\/\/evertonfc.cz\/index.php\/wp-json\/wp\/v2\/tags?post=2054"}],"curies":[{"name":"wp","href":"https:\/\/api.w.org\/{rel}","templated":true}]}}