{"id":20548,"date":"2023-02-01T13:38:29","date_gmt":"2023-02-01T12:38:29","guid":{"rendered":"https:\/\/evertonfc.cz\/?p=20548"},"modified":"2023-12-31T13:27:06","modified_gmt":"2023-12-31T12:27:06","slug":"prestupova-zima-2023","status":"publish","type":"post","link":"https:\/\/evertonfc.cz\/index.php\/2023\/02\/01\/prestupova-zima-2023\/","title":{"rendered":"P\u0159estupov\u00e1 zima 2023"},"content":{"rendered":"<h4>S \u00faderem nov\u00e9ho roku 2023 se na m\u011bs\u00edc otev\u0159e p\u0159estupov\u00e9 okno, b\u011bhem n\u011bho\u017e Everton pot\u0159ebuje akutn\u011b pos\u00edlit, aby si udr\u017eel \u0161ance na z\u00e1chranu v lize.<\/h4>\n<h4>P\u0159ed p\u0159estupov\u00fdm oknem<\/h4>\n<p>P\u0159ed mana\u017eerem Frankem Lampardem (pokud nebude b\u011bhem ledna vyhozen), sportovn\u00edm \u0159editelem Kevin Thelwellem a p\u0159edsedou Billem Kenwrightem stoj\u00ed tak\u0159ka sisyfovsk\u00e1 pr\u00e1ce, a to op\u011bt co mo\u017en\u00e1 nejlevn\u011bji pos\u00edlit, kter\u00fd dlouhodob\u011b postr\u00e1d\u00e1 pot\u0159ebnou kvalitu.<\/p>\n<p>Toffees nutn\u011b pot\u0159ebuj\u00ed osv\u011b\u017eit ofenzivu, ov\u0161em kv\u016fli \u0161patn\u00e9mu hospoda\u0159en\u00ed a finan\u010dn\u00edm pravidl\u016fm si nemohou dovolit kupovat hr\u00e1\u010de za vy\u0161\u0161\u00ed \u010d\u00e1stky. Porozhl\u00ed\u017eet se tak budou po hostov\u00e1n\u00edch, p\u0159estupech s rozlo\u017een\u00fdmi spl\u00e1tky do n\u00e1sleduj\u00edc\u00edch let, nebo po p\u0159estupech hr\u00e1\u010d\u016f tzv. \u201edruh\u00e9 kategorie\u201c, kterou mohu b\u00fdt hr\u00e1\u010di z druh\u00e9 anglick\u00e9 ligy (nap\u0159. Viktor Gy\u00f6keres z Coventry City \u010di Ben Brereton D\u00edaz z Blackburnu Rovers).<\/p>\n<p>Everton by se tak\u00e9 mohl zbavit n\u011bkter\u00fdch fotbalist\u016f, jim\u017e v l\u00e9t\u011b kon\u010d\u00ed smlouva (Mina, Davies, Doucour\u00e9).<\/p>\n<p>Zimn\u00ed p\u0159estupov\u00e9 okno se uzav\u0159e s\u00a0uplynut\u00edm 31. ledna st\u0159edoevropsk\u00e9ho \u010dasu.<\/p>\n<h4><strong>P\u0159\u00edchody<\/strong><\/h4>\n<ul>\n<li><a href=\"https:\/\/evertonfc.cz\/index.php\/2023\/01\/02\/bude-simms-stacit\/\"><strong>Ellis Simms<\/strong> (Sunderland \u2013 n\u00e1vrat z hostov\u00e1n\u00ed)<\/a> <sup>01. 01.<\/sup><\/li>\n<li><a href=\"https:\/\/evertonfc.cz\/index.php\/news\/nkounkou-meni-posobisko\/\"><strong>Niels Nkounkou <\/strong>(Cardiff City \u2013 n\u00e1vrat z hostov\u00e1n\u00ed)<\/a> <sup>14. 01.<\/sup><\/li>\n<li><a href=\"https:\/\/evertonfc.cz\/index.php\/news\/onyango-se-vratil-do-evertonu\/\"><strong>Tyler Onyango <\/strong>(Burton Albion \u2013 n\u00e1vrat z hostov\u00e1n\u00ed)<\/a> <sup>18. 01.<\/sup><\/li>\n<\/ul>\n<h4><strong>Odchody<\/strong><\/h4>\n<ul>\n<li><a href=\"https:\/\/evertonfc.cz\/index.php\/2022\/12\/17\/rondon-v-efc-predcasne-skoncil\/\"><strong>Salom\u00f3n Rond\u00f3n<\/strong> (konec smlouvy)<\/a>\u00a0<sup>16. 12.<\/sup><\/li>\n<li><a href=\"https:\/\/evertonfc.cz\/index.php\/news\/broadhead-nadobro-opousti-toffees\/\"><b>Nathan Broadhead <\/b>(Ipswich Town \u2013 nezve\u0159ejn\u011bn\u00e1 \u010d\u00e1stka, podle m\u00e9di\u00ed \u00a31,5+1,5m)<\/a> <sup>09. 01.<\/sup><\/li>\n<li><a href=\"https:\/\/evertonfc.cz\/index.php\/news\/jakupovic-odchazi-po-ctyrech-mesicich\/\"><strong>Eldin Jakupovi\u0107<\/strong> (Los Angeles \u2013 voln\u00fd hr\u00e1\u010d)<\/a> <sup>09. 01.<\/sup><\/li>\n<li><a href=\"https:\/\/evertonfc.cz\/index.php\/news\/cannon-hostuje-v-prestonu\/\"><strong>Tom Cannon<\/strong> (Preston North End \u2013 hostov\u00e1n\u00ed)<\/a> <sup>10. 01.<\/sup><\/li>\n<li><a href=\"https:\/\/evertonfc.cz\/index.php\/news\/nkounkou-meni-posobisko\/\"><strong>Niels Nkounkou <\/strong>(Saint-\u00c9tienne \u2013 hostov\u00e1n\u00ed)<\/a> <sup>14. 01.<\/sup><\/li>\n<li><a href=\"https:\/\/evertonfc.cz\/index.php\/news\/mlady-quirk-opousti-everton\/\"><strong>Sebastian Quirk <\/strong>(Accrington Stanley \u2013 nezve\u0159ejn\u011bn\u00e1 \u010d\u00e1stka)<\/a> <sup>19. 01.<\/sup><\/li>\n<li><a href=\"https:\/\/evertonfc.cz\/index.php\/news\/onyango-bude-hrat-pod-fergusonem\/\"><strong>Tyler Onyango <\/strong>(Forest Green Rovers \u2013 hostov\u00e1n\u00ed)<\/a> <sup>27. 01.<\/sup><\/li>\n<li><a href=\"https:\/\/evertonfc.cz\/index.php\/2023\/01\/29\/gordon-si-vytrucoval-prestup-do-newcastlu\/\"><b>Anthony Gordon <\/b>(Newcastle United \u2013 nezve\u0159ejn\u011bn\u00e1 \u010d\u00e1stka, podle m\u00e9di\u00ed \u00a340+5m)<\/a> <sup>29. 01<\/sup><\/li>\n<li><a href=\"https:\/\/evertonfc.cz\/index.php\/news\/anderson-se-upsal-sunderlandu\/\"><b>Joe Anderson <\/b>(Sunderland \u2013 nezve\u0159ejn\u011bn\u00e1 \u010d\u00e1stka)<\/a> <sup>31. 01<\/sup><\/li>\n<\/ul>\n","protected":false},"excerpt":{"rendered":"<p>S \u00faderem nov\u00e9ho roku 2023 se na m\u011bs\u00edc otev\u0159e p\u0159estupov\u00e9 okno, b\u011bhem n\u011bho\u017e Everton pot\u0159ebuje akutn\u011b pos\u00edlit, aby si udr\u017eel \u0161ance na z\u00e1chranu v lize.<\/p>\n","protected":false},"author":6,"featured_media":8425,"comment_status":"open","ping_status":"closed","sticky":false,"template":"","format":"standard","meta":{"_eb_attr":"","_monsterinsights_skip_tracking":false,"_monsterinsights_sitenote_active":false,"_monsterinsights_sitenote_note":"","_monsterinsights_sitenote_category":0,"footnotes":""},"categories":[41],"tags":[],"yoast_head":"<!-- This site is optimized with the Yoast SEO plugin v23.4 - https:\/\/yoast.com\/wordpress\/plugins\/seo\/ -->\n<title>P\u0159estupov\u00e1 zima 2023 - Official Czech &amp; Slovak Everton Supporters&#039; Club<\/title>\n<meta name=\"robots\" content=\"index, follow, max-snippet:-1, max-image-preview:large, max-video-preview:-1\" \/>\n<link rel=\"canonical\" href=\"https:\/\/evertonfc.cz\/index.php\/2023\/02\/01\/prestupova-zima-2023\/\" \/>\n<meta property=\"og:locale\" content=\"cs_CZ\" \/>\n<meta property=\"og:type\" content=\"article\" \/>\n<meta property=\"og:title\" content=\"P\u0159estupov\u00e1 zima 2023 - Official Czech &amp; Slovak Everton Supporters&#039; Club\" \/>\n<meta property=\"og:description\" content=\"S \u00faderem nov\u00e9ho roku 2023 se na m\u011bs\u00edc otev\u0159e p\u0159estupov\u00e9 okno, b\u011bhem n\u011bho\u017e Everton pot\u0159ebuje akutn\u011b pos\u00edlit, aby si udr\u017eel \u0161ance na z\u00e1chranu v lize.\" \/>\n<meta property=\"og:url\" content=\"https:\/\/evertonfc.cz\/index.php\/2023\/02\/01\/prestupova-zima-2023\/\" \/>\n<meta property=\"og:site_name\" content=\"Official Czech &amp; Slovak Everton Supporters&#039; Club\" \/>\n<meta property=\"article:publisher\" content=\"https:\/\/www.facebook.com\/everton.fans.cz.sk\" \/>\n<meta property=\"article:published_time\" content=\"2023-02-01T12:38:29+00:00\" \/>\n<meta property=\"article:modified_time\" content=\"2023-12-31T12:27:06+00:00\" \/>\n<meta property=\"og:image\" content=\"https:\/\/evertonfc.cz\/wp-content\/uploads\/2019\/07\/Transfer-12-7-2019.png\" \/>\n\t<meta property=\"og:image:width\" content=\"720\" \/>\n\t<meta property=\"og:image:height\" content=\"405\" \/>\n\t<meta property=\"og:image:type\" content=\"image\/png\" \/>\n<meta name=\"author\" content=\"Ri\u010di\" \/>\n<meta name=\"twitter:card\" content=\"summary_large_image\" \/>\n<meta name=\"twitter:creator\" content=\"@rbrejsa\" \/>\n<meta name=\"twitter:label1\" content=\"Napsal(a)\" \/>\n\t<meta name=\"twitter:data1\" content=\"Ri\u010di\" \/>\n\t<meta name=\"twitter:label2\" content=\"Odhadovan\u00e1 doba \u010dten\u00ed\" \/>\n\t<meta name=\"twitter:data2\" content=\"2 minuty\" \/>\n<script type=\"application\/ld+json\" class=\"yoast-schema-graph\">{\"@context\":\"https:\/\/schema.org\",\"@graph\":[{\"@type\":\"Article\",\"@id\":\"https:\/\/evertonfc.cz\/index.php\/2023\/02\/01\/prestupova-zima-2023\/#article\",\"isPartOf\":{\"@id\":\"https:\/\/evertonfc.cz\/index.php\/2023\/02\/01\/prestupova-zima-2023\/\"},\"author\":{\"name\":\"Ri\u010di\",\"@id\":\"https:\/\/evertonfc.cz\/#\/schema\/person\/f7a5daedb2ffee98480bc70e191aaef1\"},\"headline\":\"P\u0159estupov\u00e1 zima 2023\",\"datePublished\":\"2023-02-01T12:38:29+00:00\",\"dateModified\":\"2023-12-31T12:27:06+00:00\",\"mainEntityOfPage\":{\"@id\":\"https:\/\/evertonfc.cz\/index.php\/2023\/02\/01\/prestupova-zima-2023\/\"},\"wordCount\":310,\"commentCount\":99,\"publisher\":{\"@id\":\"https:\/\/evertonfc.cz\/#organization\"},\"image\":{\"@id\":\"https:\/\/evertonfc.cz\/index.php\/2023\/02\/01\/prestupova-zima-2023\/#primaryimage\"},\"thumbnailUrl\":\"https:\/\/evertonfc.cz\/wp-content\/uploads\/2019\/07\/Transfer-12-7-2019.png\",\"articleSection\":[\"P\u0159estupy\"],\"inLanguage\":\"cs\",\"potentialAction\":[{\"@type\":\"CommentAction\",\"name\":\"Comment\",\"target\":[\"https:\/\/evertonfc.cz\/index.php\/2023\/02\/01\/prestupova-zima-2023\/#respond\"]}]},{\"@type\":\"WebPage\",\"@id\":\"https:\/\/evertonfc.cz\/index.php\/2023\/02\/01\/prestupova-zima-2023\/\",\"url\":\"https:\/\/evertonfc.cz\/index.php\/2023\/02\/01\/prestupova-zima-2023\/\",\"name\":\"P\u0159estupov\u00e1 zima 2023 - Official Czech &amp; Slovak Everton Supporters&#039; Club\",\"isPartOf\":{\"@id\":\"https:\/\/evertonfc.cz\/#website\"},\"primaryImageOfPage\":{\"@id\":\"https:\/\/evertonfc.cz\/index.php\/2023\/02\/01\/prestupova-zima-2023\/#primaryimage\"},\"image\":{\"@id\":\"https:\/\/evertonfc.cz\/index.php\/2023\/02\/01\/prestupova-zima-2023\/#primaryimage\"},\"thumbnailUrl\":\"https:\/\/evertonfc.cz\/wp-content\/uploads\/2019\/07\/Transfer-12-7-2019.png\",\"datePublished\":\"2023-02-01T12:38:29+00:00\",\"dateModified\":\"2023-12-31T12:27:06+00:00\",\"breadcrumb\":{\"@id\":\"https:\/\/evertonfc.cz\/index.php\/2023\/02\/01\/prestupova-zima-2023\/#breadcrumb\"},\"inLanguage\":\"cs\",\"potentialAction\":[{\"@type\":\"ReadAction\",\"target\":[\"https:\/\/evertonfc.cz\/index.php\/2023\/02\/01\/prestupova-zima-2023\/\"]}]},{\"@type\":\"ImageObject\",\"inLanguage\":\"cs\",\"@id\":\"https:\/\/evertonfc.cz\/index.php\/2023\/02\/01\/prestupova-zima-2023\/#primaryimage\",\"url\":\"https:\/\/evertonfc.cz\/wp-content\/uploads\/2019\/07\/Transfer-12-7-2019.png\",\"contentUrl\":\"https:\/\/evertonfc.cz\/wp-content\/uploads\/2019\/07\/Transfer-12-7-2019.png\",\"width\":720,\"height\":405},{\"@type\":\"BreadcrumbList\",\"@id\":\"https:\/\/evertonfc.cz\/index.php\/2023\/02\/01\/prestupova-zima-2023\/#breadcrumb\",\"itemListElement\":[{\"@type\":\"ListItem\",\"position\":1,\"name\":\"Home\",\"item\":\"https:\/\/evertonfc.cz\/\"},{\"@type\":\"ListItem\",\"position\":2,\"name\":\"P\u0159estupov\u00e1 zima 2023\"}]},{\"@type\":\"WebSite\",\"@id\":\"https:\/\/evertonfc.cz\/#website\",\"url\":\"https:\/\/evertonfc.cz\/\",\"name\":\"Official Czech &amp; Slovak Everton Supporters&#039; Club\",\"description\":\"\",\"publisher\":{\"@id\":\"https:\/\/evertonfc.cz\/#organization\"},\"potentialAction\":[{\"@type\":\"SearchAction\",\"target\":{\"@type\":\"EntryPoint\",\"urlTemplate\":\"https:\/\/evertonfc.cz\/?s={search_term_string}\"},\"query-input\":{\"@type\":\"PropertyValueSpecification\",\"valueRequired\":true,\"valueName\":\"search_term_string\"}}],\"inLanguage\":\"cs\"},{\"@type\":\"Organization\",\"@id\":\"https:\/\/evertonfc.cz\/#organization\",\"name\":\"Official Czech & Slovak Everton Supporters' Club\",\"url\":\"https:\/\/evertonfc.cz\/\",\"logo\":{\"@type\":\"ImageObject\",\"inLanguage\":\"cs\",\"@id\":\"https:\/\/evertonfc.cz\/#\/schema\/logo\/image\/\",\"url\":\"https:\/\/evertonfc.cz\/wp-content\/uploads\/2019\/05\/logo.png\",\"contentUrl\":\"https:\/\/evertonfc.cz\/wp-content\/uploads\/2019\/05\/logo.png\",\"width\":112,\"height\":112,\"caption\":\"Official Czech & Slovak Everton Supporters' Club\"},\"image\":{\"@id\":\"https:\/\/evertonfc.cz\/#\/schema\/logo\/image\/\"},\"sameAs\":[\"https:\/\/www.facebook.com\/everton.fans.cz.sk\"]},{\"@type\":\"Person\",\"@id\":\"https:\/\/evertonfc.cz\/#\/schema\/person\/f7a5daedb2ffee98480bc70e191aaef1\",\"name\":\"Ri\u010di\",\"sameAs\":[\"https:\/\/x.com\/rbrejsa\"],\"url\":\"https:\/\/evertonfc.cz\/index.php\/author\/rici\/\"}]}<\/script>\n<!-- \/ Yoast SEO plugin. -->","yoast_head_json":{"title":"P\u0159estupov\u00e1 zima 2023 - Official Czech &amp; Slovak Everton Supporters&#039; Club","robots":{"index":"index","follow":"follow","max-snippet":"max-snippet:-1","max-image-preview":"max-image-preview:large","max-video-preview":"max-video-preview:-1"},"canonical":"https:\/\/evertonfc.cz\/index.php\/2023\/02\/01\/prestupova-zima-2023\/","og_locale":"cs_CZ","og_type":"article","og_title":"P\u0159estupov\u00e1 zima 2023 - Official Czech &amp; Slovak Everton Supporters&#039; Club","og_description":"S \u00faderem nov\u00e9ho roku 2023 se na m\u011bs\u00edc otev\u0159e p\u0159estupov\u00e9 okno, b\u011bhem n\u011bho\u017e Everton pot\u0159ebuje akutn\u011b pos\u00edlit, aby si udr\u017eel \u0161ance na z\u00e1chranu v lize.","og_url":"https:\/\/evertonfc.cz\/index.php\/2023\/02\/01\/prestupova-zima-2023\/","og_site_name":"Official Czech &amp; Slovak Everton Supporters&#039; Club","article_publisher":"https:\/\/www.facebook.com\/everton.fans.cz.sk","article_published_time":"2023-02-01T12:38:29+00:00","article_modified_time":"2023-12-31T12:27:06+00:00","og_image":[{"width":720,"height":405,"url":"https:\/\/evertonfc.cz\/wp-content\/uploads\/2019\/07\/Transfer-12-7-2019.png","type":"image\/png"}],"author":"Ri\u010di","twitter_card":"summary_large_image","twitter_creator":"@rbrejsa","twitter_misc":{"Napsal(a)":"Ri\u010di","Odhadovan\u00e1 doba \u010dten\u00ed":"2 minuty"},"schema":{"@context":"https:\/\/schema.org","@graph":[{"@type":"Article","@id":"https:\/\/evertonfc.cz\/index.php\/2023\/02\/01\/prestupova-zima-2023\/#article","isPartOf":{"@id":"https:\/\/evertonfc.cz\/index.php\/2023\/02\/01\/prestupova-zima-2023\/"},"author":{"name":"Ri\u010di","@id":"https:\/\/evertonfc.cz\/#\/schema\/person\/f7a5daedb2ffee98480bc70e191aaef1"},"headline":"P\u0159estupov\u00e1 zima 2023","datePublished":"2023-02-01T12:38:29+00:00","dateModified":"2023-12-31T12:27:06+00:00","mainEntityOfPage":{"@id":"https:\/\/evertonfc.cz\/index.php\/2023\/02\/01\/prestupova-zima-2023\/"},"wordCount":310,"commentCount":99,"publisher":{"@id":"https:\/\/evertonfc.cz\/#organization"},"image":{"@id":"https:\/\/evertonfc.cz\/index.php\/2023\/02\/01\/prestupova-zima-2023\/#primaryimage"},"thumbnailUrl":"https:\/\/evertonfc.cz\/wp-content\/uploads\/2019\/07\/Transfer-12-7-2019.png","articleSection":["P\u0159estupy"],"inLanguage":"cs","potentialAction":[{"@type":"CommentAction","name":"Comment","target":["https:\/\/evertonfc.cz\/index.php\/2023\/02\/01\/prestupova-zima-2023\/#respond"]}]},{"@type":"WebPage","@id":"https:\/\/evertonfc.cz\/index.php\/2023\/02\/01\/prestupova-zima-2023\/","url":"https:\/\/evertonfc.cz\/index.php\/2023\/02\/01\/prestupova-zima-2023\/","name":"P\u0159estupov\u00e1 zima 2023 - Official Czech &amp; Slovak Everton Supporters&#039; Club","isPartOf":{"@id":"https:\/\/evertonfc.cz\/#website"},"primaryImageOfPage":{"@id":"https:\/\/evertonfc.cz\/index.php\/2023\/02\/01\/prestupova-zima-2023\/#primaryimage"},"image":{"@id":"https:\/\/evertonfc.cz\/index.php\/2023\/02\/01\/prestupova-zima-2023\/#primaryimage"},"thumbnailUrl":"https:\/\/evertonfc.cz\/wp-content\/uploads\/2019\/07\/Transfer-12-7-2019.png","datePublished":"2023-02-01T12:38:29+00:00","dateModified":"2023-12-31T12:27:06+00:00","breadcrumb":{"@id":"https:\/\/evertonfc.cz\/index.php\/2023\/02\/01\/prestupova-zima-2023\/#breadcrumb"},"inLanguage":"cs","potentialAction":[{"@type":"ReadAction","target":["https:\/\/evertonfc.cz\/index.php\/2023\/02\/01\/prestupova-zima-2023\/"]}]},{"@type":"ImageObject","inLanguage":"cs","@id":"https:\/\/evertonfc.cz\/index.php\/2023\/02\/01\/prestupova-zima-2023\/#primaryimage","url":"https:\/\/evertonfc.cz\/wp-content\/uploads\/2019\/07\/Transfer-12-7-2019.png","contentUrl":"https:\/\/evertonfc.cz\/wp-content\/uploads\/2019\/07\/Transfer-12-7-2019.png","width":720,"height":405},{"@type":"BreadcrumbList","@id":"https:\/\/evertonfc.cz\/index.php\/2023\/02\/01\/prestupova-zima-2023\/#breadcrumb","itemListElement":[{"@type":"ListItem","position":1,"name":"Home","item":"https:\/\/evertonfc.cz\/"},{"@type":"ListItem","position":2,"name":"P\u0159estupov\u00e1 zima 2023"}]},{"@type":"WebSite","@id":"https:\/\/evertonfc.cz\/#website","url":"https:\/\/evertonfc.cz\/","name":"Official Czech &amp; Slovak Everton Supporters&#039; Club","description":"","publisher":{"@id":"https:\/\/evertonfc.cz\/#organization"},"potentialAction":[{"@type":"SearchAction","target":{"@type":"EntryPoint","urlTemplate":"https:\/\/evertonfc.cz\/?s={search_term_string}"},"query-input":{"@type":"PropertyValueSpecification","valueRequired":true,"valueName":"search_term_string"}}],"inLanguage":"cs"},{"@type":"Organization","@id":"https:\/\/evertonfc.cz\/#organization","name":"Official Czech & Slovak Everton Supporters' Club","url":"https:\/\/evertonfc.cz\/","logo":{"@type":"ImageObject","inLanguage":"cs","@id":"https:\/\/evertonfc.cz\/#\/schema\/logo\/image\/","url":"https:\/\/evertonfc.cz\/wp-content\/uploads\/2019\/05\/logo.png","contentUrl":"https:\/\/evertonfc.cz\/wp-content\/uploads\/2019\/05\/logo.png","width":112,"height":112,"caption":"Official Czech & Slovak Everton Supporters' Club"},"image":{"@id":"https:\/\/evertonfc.cz\/#\/schema\/logo\/image\/"},"sameAs":["https:\/\/www.facebook.com\/everton.fans.cz.sk"]},{"@type":"Person","@id":"https:\/\/evertonfc.cz\/#\/schema\/person\/f7a5daedb2ffee98480bc70e191aaef1","name":"Ri\u010di","sameAs":["https:\/\/x.com\/rbrejsa"],"url":"https:\/\/evertonfc.cz\/index.php\/author\/rici\/"}]}},"_links":{"self":[{"href":"https:\/\/evertonfc.cz\/index.php\/wp-json\/wp\/v2\/posts\/20548"}],"collection":[{"href":"https:\/\/evertonfc.cz\/index.php\/wp-json\/wp\/v2\/posts"}],"about":[{"href":"https:\/\/evertonfc.cz\/index.php\/wp-json\/wp\/v2\/types\/post"}],"author":[{"embeddable":true,"href":"https:\/\/evertonfc.cz\/index.php\/wp-json\/wp\/v2\/users\/6"}],"replies":[{"embeddable":true,"href":"https:\/\/evertonfc.cz\/index.php\/wp-json\/wp\/v2\/comments?post=20548"}],"version-history":[{"count":17,"href":"https:\/\/evertonfc.cz\/index.php\/wp-json\/wp\/v2\/posts\/20548\/revisions"}],"predecessor-version":[{"id":23592,"href":"https:\/\/evertonfc.cz\/index.php\/wp-json\/wp\/v2\/posts\/20548\/revisions\/23592"}],"wp:featuredmedia":[{"embeddable":true,"href":"https:\/\/evertonfc.cz\/index.php\/wp-json\/wp\/v2\/media\/8425"}],"wp:attachment":[{"href":"https:\/\/evertonfc.cz\/index.php\/wp-json\/wp\/v2\/media?parent=20548"}],"wp:term":[{"taxonomy":"category","embeddable":true,"href":"https:\/\/evertonfc.cz\/index.php\/wp-json\/wp\/v2\/categories?post=20548"},{"taxonomy":"post_tag","embeddable":true,"href":"https:\/\/evertonfc.cz\/index.php\/wp-json\/wp\/v2\/tags?post=20548"}],"curies":[{"name":"wp","href":"https:\/\/api.w.org\/{rel}","templated":true}]}}