{"id":20555,"date":"2022-12-31T14:05:25","date_gmt":"2022-12-31T13:05:25","guid":{"rendered":"https:\/\/evertonfc.cz\/?p=20555"},"modified":"2022-12-31T15:29:02","modified_gmt":"2022-12-31T14:29:02","slug":"preview-manchester-city-everton-13","status":"publish","type":"post","link":"https:\/\/evertonfc.cz\/index.php\/2022\/12\/31\/preview-manchester-city-everton-13\/","title":{"rendered":"Preview: Manchester City \u2013 Everton"},"content":{"rendered":"<h4>Posledn\u00ed den v roce je automaticky pro v\u011bt\u0161inu lid\u00ed d\u016fvod k bujar\u00fdm oslav\u00e1m. Evertonians nemaj\u00ed za sebou dobr\u00fd rok, ale pokud by to dnes vy\u0161lo, pro\u010d ne?<\/h4>\n<p>Nechci v\u00e1m n\u011bco slibovat nebo d\u00e1vat fale\u0161n\u00e9 nad\u011bje, v\u0161ak i bod\u00edk by byl na pomysln\u00fd oh\u0148ostroj. Po z\u00e1pasech proti City u\u017e jste se tady desetkr\u00e1t za sebou mohli ujistit, \u017ee Everton na City nevyzr\u00e1l. Tak\u017ee i proto jsem si intuitivn\u011b vybral pr\u00e1vo ps\u00e1t p\u0159ed z\u00e1pasem, ne a\u017e po n\u011bm.<\/p>\n<p>Jak v\u0161ichni v\u00edme, Manchester City je pro Everton u\u017e n\u011bjakou dobu nerozlousknuteln\u00fd o\u0159\u00ed\u0161ek. Letos se ale op\u011bt posunuli na dal\u0161\u00ed \u00farove\u0148, a to kv\u016fli st\u0159elci Haalandovi. Norsk\u00e1 ma\u0161ina dok\u00e1zala nast\u0159\u00edlet ve 14 z\u00e1pasech 20 branek. Celi\u010dk\u00fd Everton by si musel vz\u00edt na pomoc posledn\u00edch 6 z\u00e1pas\u016f minul\u00e9 sez\u00f3ny, aby se na toto \u010d\u00edslo dostal. J\u00e1 osobn\u011b jsem Erlinga p\u0159ed p\u00e1r t\u00fddny demonstrativn\u011b vyjmul ze sv\u00e9ho t\u00fdmu ve fantasy, ale od t\u00e9 doby jsem se tam ned\u00edval, zapomn\u011bl heslo a vlastn\u011b m\u016f\u017eu rovnou i odinstalovat aplikaci.<\/p>\n<h4>Z\u00a0obou t\u00e1bor\u016f<\/h4>\n<p>Toffees nejsou ve form\u011b, ostatn\u011b minul\u00e9 kolo podlehli doma posledn\u00edmu t\u00fdmu tabulky. Na druhou stranu, absolutn\u00ed koncentrace na defenz\u00edvu s minimem ofenzivn\u00edch hr\u00e1\u010d\u016f by mohla t\u00fdmu sv\u011bd\u010dit. Kdy\u017e nemaj\u00ed Citizens den a soupe\u0159 hraje v kompaktn\u00edm bloku, je ur\u010dit\u00e1 nad\u011bje. Na druhou stranu, bez vst\u0159elen\u00e9 branky to asi nep\u016fjde. Udr\u017eet \u010dist\u00e9 konto jsme jaksi pozapomn\u011bli.<\/p>\n<p>Bohu\u017eel tady neobstoj\u00ed ani nad\u011bje, \u017ee Guardiola bude n\u011bkter\u00e9 hv\u011bzdy \u0161et\u0159it. Liga mistr\u016f bude asi leto\u0161n\u00ed priorita, ale ta se do konce \u00fanora nekon\u00e1. I hr\u00e1\u010di z lavi\u010dky jsou extrat\u0159\u00edda, kter\u00e1 nic nevypou\u0161t\u00ed. To, \u017ee hr\u00e1li sv\u016fj posledn\u00ed z\u00e1pas o 2 dny pozd\u011bji ne\u017e Everton, asi tak\u00e9 velkou roli hr\u00e1t nebude. Pro zran\u011bn\u00ed budou chyb\u011bt jen slav\u00edc\u00ed mistr sv\u011bta Alvarez a zran\u011bn\u00fd Ruben Dias.<\/p>\n<p>Frank Lampard je\u0161t\u011b ur\u010dit\u011b neodhazuje flintu do \u017eita, nav\u00edc pozitivn\u00ed zpr\u00e1va je uzdraven\u00ed Calverta-Lewina, p\u0159esto\u017ee na z\u00e1kladn\u00ed XI to je\u0161t\u011b nebude. Zv\u00fd\u0161en\u00ed konkurence v t\u00fdmu je povol\u00e1n\u00ed Ellise Simmse zp\u011bt z hostov\u00e1n\u00ed. Ale dnes z toho taky nic nebude. Krom\u011b dlouhodob\u011b zran\u011bn\u00fdch Garnera s Townsendem je nejist\u00fd start Yerryho Miny: v posledn\u00edm z\u00e1pase sta\u010dila nep\u0159esn\u00e1 p\u0159ihr\u00e1vka dozadu, Kolumbijec musel hr\u00e1bnout a stehenn\u00ed svaly se op\u011bt ozvaly. P\u0159esto bych \u010dekal, \u017ee krom\u011b navracej\u00edc\u00edho se Coadyho se v z\u00e1kladu je\u0161t\u011b jeden obr\u00e1nce nav\u00edc objev\u00ed. Nejsp\u00ed\u0161 uzdraven\u00fd Ben Godfrey.<\/p>\n<h4>Bilance a zaj\u00edmavosti<\/h4>\n<p>Prvn\u00ed vz\u00e1jemn\u00e9 z\u00e1pasy na Etihad stadium n\u00e1m p\u0159in\u00e1\u0161ely nez\u0159\u00eddka radost, ale od posledn\u00edho \u00fasp\u011bchu uplynulo 12 let a 11 dn\u00ed. Tenkr\u00e1t se o v\u00fdhru postarali Cahill a Baines. Nostalgie. V n\u00e1sleduj\u00edc\u00edch 12 z\u00e1pasech n\u00e1m tady odbavili dom\u016f jen 4 body. Z t\u011bch naho\u0159e zm\u00edn\u011bn\u00fdch deseti proher m\u00e1me i \u0161\u0148\u016fru 4 z\u00e1pas\u016f bez vst\u0159elen\u00e9 branky, ty posledn\u00ed je\u0161t\u011b za Ancelottiho obstaral Richarlison, ale takov\u00e9ho hr\u00e1\u010de asi n\u011bjakou dobu zase v na\u0161em dresu neuvid\u00edme.<\/p>\n<p>City p\u0159i\u0161li proti Brentfordu o \u0161\u0148\u016fru 11 v\u00fdher a na Silvestra se jim neda\u0159\u00ed, nevyhr\u00e1li 4kr\u00e1t za sebou. Everton naopak neprohr\u00e1l na Silvestra u\u017e 6kr\u00e1t za sebou, ale posledn\u00ed duel byl v\u00a0roce 2005.<\/p>\n<p>Zaj\u00edmav\u00e9 je \u010d\u00edslo 50. Oba t\u00fdmy spolu u\u017e sehr\u00e1ly v EPL 50 z\u00e1pas\u016f (23-9-18 pro City), sou\u010dasn\u011b Anthony Gordon \u010dek\u00e1 na sv\u016fj 50. start za Everton, Demarai Gray zase na sv\u016fj 50. z\u00e1pas (v z\u00e1kladu 43kr\u00e1t). Hodn\u011b \u0161t\u011bst\u00ed, ho\u0161i.<\/p>\n<p>Sv\u011btlemod\u0159\u00ed nast\u0159\u00edleli letos v\u00a0lize 43 branek (!), v\u00a0jejich z\u00e1pasech jich padlo u\u017e 58. Achich ouvej.<\/p>\n<p>Mod\u0159\u00ed, ale dnes mo\u017en\u00e1 sp\u00ed\u0161e r\u016f\u017eov\u00ed nebo \u017elut\u00ed, v roce 2022 v EPL nasb\u00edrali u\u017e 21 proher a to je vyrovn\u00e1n\u00ed maxima z let 1997 a 2005. Vyrovn\u00e1n\u00ed rekordu proher na h\u0159i\u0161t\u00edch soupe\u0159e je tak\u00e9 na dosah, na 13 z roku 1999 chyb\u00ed jedin\u00e1. Co tu m\u00e1me d\u00e1l? Je tu hroz\u00edc\u00ed vyrovn\u00e1n\u00ed s\u00e9ri\u00ed proher v \u0159ad\u011b (5 ve v\u0161ech sout\u011b\u017e\u00edch poprv\u00e9 od 2017) a bezbrankov\u00e1 na venkovn\u00edch ligov\u00fdch h\u0159i\u0161t\u00edch (5 v roce 1994).<\/p>\n<p>Ale tohle v\u0161echno mus\u00ed jednou skon\u010dit, proto bych v\u00e1m v\u0161em cht\u011bl jm\u00e9nem redakce pop\u0159\u00e1t v\u0161echno nejlep\u0161\u00ed do roku 2023. A\u0165 n\u00e1m v\u0161em Everton d\u011bl\u00e1 co nejv\u00edc radosti!<\/p>\n<p><strong>Co<\/strong>: Manchester City \u2013 Everton, 18. kolo Premier League<br \/>\n<strong>Kdy<\/strong>: sobota 31.12.2022, od 16:00 SE\u010c<br \/>\n<strong>Kde:<\/strong> Etihad Stadium &#8211; Etihad Campus, Manchester, M11 3FF (kapacita: 53 400 )<br \/>\n<strong>TV<\/strong>: od 15:55 na Canal+ Sport (1)<br \/>\n<strong>Rozhod\u010d\u00ed<\/strong>: Andy Madley\u00a0 <strong>Postrann\u00ed<\/strong>: Simon Bennett, Timothy Wood\u00a0 <strong>\u010ctvrt\u00fd rozhod\u010d\u00ed<\/strong>: Josh Smith<br \/>\n<strong>VAR<\/strong>: Lee Mason\u00a0 <strong>Asistent VAR<\/strong>: Nick Hopton<\/p>\n","protected":false},"excerpt":{"rendered":"<p>Posledn\u00ed den v\u00a0roce je tak n\u011bjak automaticky pro v\u011bt\u0161inu lid\u00ed d\u016fvod k\u00a0bujar\u00fdm oslav\u00e1m. Evertonians nemaj\u00ed za sebou dobr\u00fd rok, ale kdy\u017e by to dnes vy\u0161lo, pro\u010d ne?<\/p>\n","protected":false},"author":10,"featured_media":14182,"comment_status":"open","ping_status":"closed","sticky":false,"template":"","format":"standard","meta":{"_eb_attr":"","_monsterinsights_skip_tracking":false,"_monsterinsights_sitenote_active":false,"_monsterinsights_sitenote_note":"","_monsterinsights_sitenote_category":0,"footnotes":""},"categories":[4],"tags":[],"yoast_head":"<!-- This site is optimized with the Yoast SEO plugin v23.4 - https:\/\/yoast.com\/wordpress\/plugins\/seo\/ -->\n<title>Preview: Manchester City \u2013 Everton - Official Czech &amp; Slovak Everton Supporters&#039; Club<\/title>\n<meta name=\"robots\" content=\"index, follow, max-snippet:-1, max-image-preview:large, max-video-preview:-1\" \/>\n<link rel=\"canonical\" href=\"https:\/\/evertonfc.cz\/index.php\/2022\/12\/31\/preview-manchester-city-everton-13\/\" \/>\n<meta property=\"og:locale\" content=\"cs_CZ\" \/>\n<meta property=\"og:type\" content=\"article\" \/>\n<meta property=\"og:title\" content=\"Preview: Manchester City \u2013 Everton - Official Czech &amp; Slovak Everton Supporters&#039; Club\" \/>\n<meta property=\"og:description\" content=\"Posledn\u00ed den v\u00a0roce je tak n\u011bjak automaticky pro v\u011bt\u0161inu lid\u00ed d\u016fvod k\u00a0bujar\u00fdm oslav\u00e1m. Evertonians nemaj\u00ed za sebou dobr\u00fd rok, ale kdy\u017e by to dnes vy\u0161lo, pro\u010d ne?\" \/>\n<meta property=\"og:url\" content=\"https:\/\/evertonfc.cz\/index.php\/2022\/12\/31\/preview-manchester-city-everton-13\/\" \/>\n<meta property=\"og:site_name\" content=\"Official Czech &amp; Slovak Everton Supporters&#039; Club\" \/>\n<meta property=\"article:publisher\" content=\"https:\/\/www.facebook.com\/everton.fans.cz.sk\" \/>\n<meta property=\"article:published_time\" content=\"2022-12-31T13:05:25+00:00\" \/>\n<meta property=\"article:modified_time\" content=\"2022-12-31T14:29:02+00:00\" \/>\n<meta property=\"og:image\" content=\"https:\/\/evertonfc.cz\/wp-content\/uploads\/2021\/02\/Manchester-City-VS-Everton.jpg\" \/>\n\t<meta property=\"og:image:width\" content=\"720\" \/>\n\t<meta property=\"og:image:height\" content=\"405\" \/>\n\t<meta property=\"og:image:type\" content=\"image\/jpeg\" \/>\n<meta name=\"author\" content=\"Fip\" \/>\n<meta name=\"twitter:card\" content=\"summary_large_image\" \/>\n<meta name=\"twitter:label1\" content=\"Napsal(a)\" \/>\n\t<meta name=\"twitter:data1\" content=\"Fip\" \/>\n\t<meta name=\"twitter:label2\" content=\"Odhadovan\u00e1 doba \u010dten\u00ed\" \/>\n\t<meta name=\"twitter:data2\" content=\"4 minuty\" \/>\n<script type=\"application\/ld+json\" class=\"yoast-schema-graph\">{\"@context\":\"https:\/\/schema.org\",\"@graph\":[{\"@type\":\"Article\",\"@id\":\"https:\/\/evertonfc.cz\/index.php\/2022\/12\/31\/preview-manchester-city-everton-13\/#article\",\"isPartOf\":{\"@id\":\"https:\/\/evertonfc.cz\/index.php\/2022\/12\/31\/preview-manchester-city-everton-13\/\"},\"author\":{\"name\":\"Fip\",\"@id\":\"https:\/\/evertonfc.cz\/#\/schema\/person\/35904009755e8eaa0dc1a5f5f0419002\"},\"headline\":\"Preview: Manchester City \u2013 Everton\",\"datePublished\":\"2022-12-31T13:05:25+00:00\",\"dateModified\":\"2022-12-31T14:29:02+00:00\",\"mainEntityOfPage\":{\"@id\":\"https:\/\/evertonfc.cz\/index.php\/2022\/12\/31\/preview-manchester-city-everton-13\/\"},\"wordCount\":853,\"commentCount\":7,\"publisher\":{\"@id\":\"https:\/\/evertonfc.cz\/#organization\"},\"image\":{\"@id\":\"https:\/\/evertonfc.cz\/index.php\/2022\/12\/31\/preview-manchester-city-everton-13\/#primaryimage\"},\"thumbnailUrl\":\"https:\/\/evertonfc.cz\/wp-content\/uploads\/2021\/02\/Manchester-City-VS-Everton.jpg\",\"articleSection\":[\"Z\u00e1pasy\"],\"inLanguage\":\"cs\",\"potentialAction\":[{\"@type\":\"CommentAction\",\"name\":\"Comment\",\"target\":[\"https:\/\/evertonfc.cz\/index.php\/2022\/12\/31\/preview-manchester-city-everton-13\/#respond\"]}]},{\"@type\":\"WebPage\",\"@id\":\"https:\/\/evertonfc.cz\/index.php\/2022\/12\/31\/preview-manchester-city-everton-13\/\",\"url\":\"https:\/\/evertonfc.cz\/index.php\/2022\/12\/31\/preview-manchester-city-everton-13\/\",\"name\":\"Preview: Manchester City \u2013 Everton - Official Czech &amp; Slovak Everton Supporters&#039; Club\",\"isPartOf\":{\"@id\":\"https:\/\/evertonfc.cz\/#website\"},\"primaryImageOfPage\":{\"@id\":\"https:\/\/evertonfc.cz\/index.php\/2022\/12\/31\/preview-manchester-city-everton-13\/#primaryimage\"},\"image\":{\"@id\":\"https:\/\/evertonfc.cz\/index.php\/2022\/12\/31\/preview-manchester-city-everton-13\/#primaryimage\"},\"thumbnailUrl\":\"https:\/\/evertonfc.cz\/wp-content\/uploads\/2021\/02\/Manchester-City-VS-Everton.jpg\",\"datePublished\":\"2022-12-31T13:05:25+00:00\",\"dateModified\":\"2022-12-31T14:29:02+00:00\",\"breadcrumb\":{\"@id\":\"https:\/\/evertonfc.cz\/index.php\/2022\/12\/31\/preview-manchester-city-everton-13\/#breadcrumb\"},\"inLanguage\":\"cs\",\"potentialAction\":[{\"@type\":\"ReadAction\",\"target\":[\"https:\/\/evertonfc.cz\/index.php\/2022\/12\/31\/preview-manchester-city-everton-13\/\"]}]},{\"@type\":\"ImageObject\",\"inLanguage\":\"cs\",\"@id\":\"https:\/\/evertonfc.cz\/index.php\/2022\/12\/31\/preview-manchester-city-everton-13\/#primaryimage\",\"url\":\"https:\/\/evertonfc.cz\/wp-content\/uploads\/2021\/02\/Manchester-City-VS-Everton.jpg\",\"contentUrl\":\"https:\/\/evertonfc.cz\/wp-content\/uploads\/2021\/02\/Manchester-City-VS-Everton.jpg\",\"width\":720,\"height\":405},{\"@type\":\"BreadcrumbList\",\"@id\":\"https:\/\/evertonfc.cz\/index.php\/2022\/12\/31\/preview-manchester-city-everton-13\/#breadcrumb\",\"itemListElement\":[{\"@type\":\"ListItem\",\"position\":1,\"name\":\"Home\",\"item\":\"https:\/\/evertonfc.cz\/\"},{\"@type\":\"ListItem\",\"position\":2,\"name\":\"Preview: Manchester City \u2013 Everton\"}]},{\"@type\":\"WebSite\",\"@id\":\"https:\/\/evertonfc.cz\/#website\",\"url\":\"https:\/\/evertonfc.cz\/\",\"name\":\"Official Czech &amp; Slovak Everton Supporters&#039; Club\",\"description\":\"\",\"publisher\":{\"@id\":\"https:\/\/evertonfc.cz\/#organization\"},\"potentialAction\":[{\"@type\":\"SearchAction\",\"target\":{\"@type\":\"EntryPoint\",\"urlTemplate\":\"https:\/\/evertonfc.cz\/?s={search_term_string}\"},\"query-input\":{\"@type\":\"PropertyValueSpecification\",\"valueRequired\":true,\"valueName\":\"search_term_string\"}}],\"inLanguage\":\"cs\"},{\"@type\":\"Organization\",\"@id\":\"https:\/\/evertonfc.cz\/#organization\",\"name\":\"Official Czech & Slovak Everton Supporters' Club\",\"url\":\"https:\/\/evertonfc.cz\/\",\"logo\":{\"@type\":\"ImageObject\",\"inLanguage\":\"cs\",\"@id\":\"https:\/\/evertonfc.cz\/#\/schema\/logo\/image\/\",\"url\":\"https:\/\/evertonfc.cz\/wp-content\/uploads\/2019\/05\/logo.png\",\"contentUrl\":\"https:\/\/evertonfc.cz\/wp-content\/uploads\/2019\/05\/logo.png\",\"width\":112,\"height\":112,\"caption\":\"Official Czech & Slovak Everton Supporters' Club\"},\"image\":{\"@id\":\"https:\/\/evertonfc.cz\/#\/schema\/logo\/image\/\"},\"sameAs\":[\"https:\/\/www.facebook.com\/everton.fans.cz.sk\"]},{\"@type\":\"Person\",\"@id\":\"https:\/\/evertonfc.cz\/#\/schema\/person\/35904009755e8eaa0dc1a5f5f0419002\",\"name\":\"Fip\",\"url\":\"https:\/\/evertonfc.cz\/index.php\/author\/fip\/\"}]}<\/script>\n<!-- \/ Yoast SEO plugin. -->","yoast_head_json":{"title":"Preview: Manchester City \u2013 Everton - Official Czech &amp; Slovak Everton Supporters&#039; Club","robots":{"index":"index","follow":"follow","max-snippet":"max-snippet:-1","max-image-preview":"max-image-preview:large","max-video-preview":"max-video-preview:-1"},"canonical":"https:\/\/evertonfc.cz\/index.php\/2022\/12\/31\/preview-manchester-city-everton-13\/","og_locale":"cs_CZ","og_type":"article","og_title":"Preview: Manchester City \u2013 Everton - Official Czech &amp; Slovak Everton Supporters&#039; Club","og_description":"Posledn\u00ed den v\u00a0roce je tak n\u011bjak automaticky pro v\u011bt\u0161inu lid\u00ed d\u016fvod k\u00a0bujar\u00fdm oslav\u00e1m. Evertonians nemaj\u00ed za sebou dobr\u00fd rok, ale kdy\u017e by to dnes vy\u0161lo, pro\u010d ne?","og_url":"https:\/\/evertonfc.cz\/index.php\/2022\/12\/31\/preview-manchester-city-everton-13\/","og_site_name":"Official Czech &amp; Slovak Everton Supporters&#039; Club","article_publisher":"https:\/\/www.facebook.com\/everton.fans.cz.sk","article_published_time":"2022-12-31T13:05:25+00:00","article_modified_time":"2022-12-31T14:29:02+00:00","og_image":[{"width":720,"height":405,"url":"https:\/\/evertonfc.cz\/wp-content\/uploads\/2021\/02\/Manchester-City-VS-Everton.jpg","type":"image\/jpeg"}],"author":"Fip","twitter_card":"summary_large_image","twitter_misc":{"Napsal(a)":"Fip","Odhadovan\u00e1 doba \u010dten\u00ed":"4 minuty"},"schema":{"@context":"https:\/\/schema.org","@graph":[{"@type":"Article","@id":"https:\/\/evertonfc.cz\/index.php\/2022\/12\/31\/preview-manchester-city-everton-13\/#article","isPartOf":{"@id":"https:\/\/evertonfc.cz\/index.php\/2022\/12\/31\/preview-manchester-city-everton-13\/"},"author":{"name":"Fip","@id":"https:\/\/evertonfc.cz\/#\/schema\/person\/35904009755e8eaa0dc1a5f5f0419002"},"headline":"Preview: Manchester City \u2013 Everton","datePublished":"2022-12-31T13:05:25+00:00","dateModified":"2022-12-31T14:29:02+00:00","mainEntityOfPage":{"@id":"https:\/\/evertonfc.cz\/index.php\/2022\/12\/31\/preview-manchester-city-everton-13\/"},"wordCount":853,"commentCount":7,"publisher":{"@id":"https:\/\/evertonfc.cz\/#organization"},"image":{"@id":"https:\/\/evertonfc.cz\/index.php\/2022\/12\/31\/preview-manchester-city-everton-13\/#primaryimage"},"thumbnailUrl":"https:\/\/evertonfc.cz\/wp-content\/uploads\/2021\/02\/Manchester-City-VS-Everton.jpg","articleSection":["Z\u00e1pasy"],"inLanguage":"cs","potentialAction":[{"@type":"CommentAction","name":"Comment","target":["https:\/\/evertonfc.cz\/index.php\/2022\/12\/31\/preview-manchester-city-everton-13\/#respond"]}]},{"@type":"WebPage","@id":"https:\/\/evertonfc.cz\/index.php\/2022\/12\/31\/preview-manchester-city-everton-13\/","url":"https:\/\/evertonfc.cz\/index.php\/2022\/12\/31\/preview-manchester-city-everton-13\/","name":"Preview: Manchester City \u2013 Everton - Official Czech &amp; Slovak Everton Supporters&#039; Club","isPartOf":{"@id":"https:\/\/evertonfc.cz\/#website"},"primaryImageOfPage":{"@id":"https:\/\/evertonfc.cz\/index.php\/2022\/12\/31\/preview-manchester-city-everton-13\/#primaryimage"},"image":{"@id":"https:\/\/evertonfc.cz\/index.php\/2022\/12\/31\/preview-manchester-city-everton-13\/#primaryimage"},"thumbnailUrl":"https:\/\/evertonfc.cz\/wp-content\/uploads\/2021\/02\/Manchester-City-VS-Everton.jpg","datePublished":"2022-12-31T13:05:25+00:00","dateModified":"2022-12-31T14:29:02+00:00","breadcrumb":{"@id":"https:\/\/evertonfc.cz\/index.php\/2022\/12\/31\/preview-manchester-city-everton-13\/#breadcrumb"},"inLanguage":"cs","potentialAction":[{"@type":"ReadAction","target":["https:\/\/evertonfc.cz\/index.php\/2022\/12\/31\/preview-manchester-city-everton-13\/"]}]},{"@type":"ImageObject","inLanguage":"cs","@id":"https:\/\/evertonfc.cz\/index.php\/2022\/12\/31\/preview-manchester-city-everton-13\/#primaryimage","url":"https:\/\/evertonfc.cz\/wp-content\/uploads\/2021\/02\/Manchester-City-VS-Everton.jpg","contentUrl":"https:\/\/evertonfc.cz\/wp-content\/uploads\/2021\/02\/Manchester-City-VS-Everton.jpg","width":720,"height":405},{"@type":"BreadcrumbList","@id":"https:\/\/evertonfc.cz\/index.php\/2022\/12\/31\/preview-manchester-city-everton-13\/#breadcrumb","itemListElement":[{"@type":"ListItem","position":1,"name":"Home","item":"https:\/\/evertonfc.cz\/"},{"@type":"ListItem","position":2,"name":"Preview: Manchester City \u2013 Everton"}]},{"@type":"WebSite","@id":"https:\/\/evertonfc.cz\/#website","url":"https:\/\/evertonfc.cz\/","name":"Official Czech &amp; Slovak Everton Supporters&#039; Club","description":"","publisher":{"@id":"https:\/\/evertonfc.cz\/#organization"},"potentialAction":[{"@type":"SearchAction","target":{"@type":"EntryPoint","urlTemplate":"https:\/\/evertonfc.cz\/?s={search_term_string}"},"query-input":{"@type":"PropertyValueSpecification","valueRequired":true,"valueName":"search_term_string"}}],"inLanguage":"cs"},{"@type":"Organization","@id":"https:\/\/evertonfc.cz\/#organization","name":"Official Czech & Slovak Everton Supporters' Club","url":"https:\/\/evertonfc.cz\/","logo":{"@type":"ImageObject","inLanguage":"cs","@id":"https:\/\/evertonfc.cz\/#\/schema\/logo\/image\/","url":"https:\/\/evertonfc.cz\/wp-content\/uploads\/2019\/05\/logo.png","contentUrl":"https:\/\/evertonfc.cz\/wp-content\/uploads\/2019\/05\/logo.png","width":112,"height":112,"caption":"Official Czech & Slovak Everton Supporters' Club"},"image":{"@id":"https:\/\/evertonfc.cz\/#\/schema\/logo\/image\/"},"sameAs":["https:\/\/www.facebook.com\/everton.fans.cz.sk"]},{"@type":"Person","@id":"https:\/\/evertonfc.cz\/#\/schema\/person\/35904009755e8eaa0dc1a5f5f0419002","name":"Fip","url":"https:\/\/evertonfc.cz\/index.php\/author\/fip\/"}]}},"_links":{"self":[{"href":"https:\/\/evertonfc.cz\/index.php\/wp-json\/wp\/v2\/posts\/20555"}],"collection":[{"href":"https:\/\/evertonfc.cz\/index.php\/wp-json\/wp\/v2\/posts"}],"about":[{"href":"https:\/\/evertonfc.cz\/index.php\/wp-json\/wp\/v2\/types\/post"}],"author":[{"embeddable":true,"href":"https:\/\/evertonfc.cz\/index.php\/wp-json\/wp\/v2\/users\/10"}],"replies":[{"embeddable":true,"href":"https:\/\/evertonfc.cz\/index.php\/wp-json\/wp\/v2\/comments?post=20555"}],"version-history":[{"count":5,"href":"https:\/\/evertonfc.cz\/index.php\/wp-json\/wp\/v2\/posts\/20555\/revisions"}],"predecessor-version":[{"id":20560,"href":"https:\/\/evertonfc.cz\/index.php\/wp-json\/wp\/v2\/posts\/20555\/revisions\/20560"}],"wp:featuredmedia":[{"embeddable":true,"href":"https:\/\/evertonfc.cz\/index.php\/wp-json\/wp\/v2\/media\/14182"}],"wp:attachment":[{"href":"https:\/\/evertonfc.cz\/index.php\/wp-json\/wp\/v2\/media?parent=20555"}],"wp:term":[{"taxonomy":"category","embeddable":true,"href":"https:\/\/evertonfc.cz\/index.php\/wp-json\/wp\/v2\/categories?post=20555"},{"taxonomy":"post_tag","embeddable":true,"href":"https:\/\/evertonfc.cz\/index.php\/wp-json\/wp\/v2\/tags?post=20555"}],"curies":[{"name":"wp","href":"https:\/\/api.w.org\/{rel}","templated":true}]}}