{"id":2056,"date":"2018-07-02T20:47:52","date_gmt":"2018-07-02T18:47:52","guid":{"rendered":"http:\/\/evertonfc.cz\/?p=2056"},"modified":"2020-05-14T12:33:04","modified_gmt":"2020-05-14T10:33:04","slug":"prvy-den-noveho-rezimu","status":"publish","type":"post","link":"https:\/\/evertonfc.cz\/index.php\/2018\/07\/02\/prvy-den-noveho-rezimu\/","title":{"rendered":"Prv\u00fd de\u0148 nov\u00e9ho re\u017eimu"},"content":{"rendered":"\r\n<h4 class=\"wp-block-heading\">Klubov\u00e1 sc\u00e9na znovu pomaly o\u017e\u00edva a nereprezentuj\u00faci hr\u00e1\u010di sa vracaj\u00fa na predsez\u00f3nnu pr\u00edpravu. Marco Silva tak kone\u010dne dost\u00e1va mo\u017enos\u0165 zapo\u010da\u0165 tr\u00e9ning svojich nov\u00fdch zverencov.<\/h4>\r\n\r\n\r\n\r\n<p>Niekomu pr\u00e1zdniny za\u010d\u00ednaj\u00fa, niekomu pr\u00e1ve skon\u010dili. Kto sa m\u00e1 lep\u0161ie, pos\u00fa\u010fte sami. Predstava pr\u00eds\u0165 miesto \u0161kolsk\u00fdch lav\u00edc do posil\u0148ovne po dovolenke, hoci nie je dvojmesa\u010dn\u00e1, mi pr\u00edde kraj\u0161ia ako be\u017en\u00e1 rutina \u0161kolopovinn\u00fdch. Av\u0161ak bez vzdelania by sme len \u0165a\u017eko \u010d\u00edtali \u010di p\u00edsali tieto riadky. Tak\u017ee nebudem \u0161kodoradostn\u00fd a zhrniem v\u00e1m dianie na Finch Farm.<\/p>\r\n\r\n\r\n\r\n<p>S prebiehaj\u00facim svetov\u00fdm \u0161ampion\u00e1tom sa n\u00e1m okruh hr\u00e1\u010dov, ktor\u00fdch povinnos\u0165 n\u00fati hl\u00e1si\u0165 sa druh\u00e9ho j\u00fala v tr\u00e9ningovom centre s adresou v Halewood, zni\u017euje. Netreba pripom\u00edna\u0165, \u010dlenmi k\u00e1dra u\u017e nie s\u00fa Ramiro Funes Mori, Wayne Rooney a Joel Robles, tak\u017ee ani t\u00fdch na fotk\u00e1ch z prv\u00fdch fitnes testov neuvid\u00edme. Ve\u013emi \u0165a\u017eko tie\u017e predpoklada\u0165, \u017ee sa na nie\u010do viac zm\u00f4\u017eu v\u00e1\u017enej\u0161ie zranen\u00ed James McCarthy a Ashley Williams.<\/p>\r\n<p>\u00cdr sa na\u010falej rehabilituje po zahojen\u00ed dvojitej zlomeniny nohy a nasledovn\u00e9 t\u00fd\u017edne sa do ni\u010doho odv\u00e1\u017enej\u0161ieho ne\u017e fyzioterapia zrejme nepust\u00ed. Dobudovanie stratenej svalovej hmoty, znovuz\u00edskanie reflexov a pohybov\u00fdch n\u00e1vykov bude e\u0161te nejak\u00fd ten \u010das trva\u0165, aj napriek optimistick\u00fdm progn\u00f3zam klubov\u00e9ho person\u00e1lu. Nako\u013eko sa dal dokopy Walesan po zlomen\u00fdch rebr\u00e1ch a pneumotoraxe zatia\u013e nie je zn\u00e1me, ale pr\u00edtomn\u00fd dnes bol, podobne ako Macca.<\/p>\r\n<h4>Hr\u00e1\u010di k dispoz\u00edcii<\/h4>\r\n\r\n\r\n\r\n\r\n\r\n<p>Samozrejme, doch\u00e1dzku si splnili aj hr\u00e1\u010di na hos\u0165ovaniach, niektor\u00ed ve\u013emi prekvapivo. Kieran Dowell, Ademola Lookman, Brendan Galloway, Callum Connolly, Antonee Robinson, Matthew Pennington, Tyias Browning, Joe Williams, Kevin Mirallas, Sandro Ramirez a Muhamed Be\u0161i\u010d. T\u00ed v\u0161etci sa dostavili po osobnom vo\u013ene\/ml\u00e1de\u017en\u00edckej reprezent\u00e1cii a v\u00e4\u010d\u0161ina z nich je aj k videniu na ofici\u00e1lnych str\u00e1nkach monitoruj\u00facich dne\u0161n\u00fd de\u0148.<\/p>\r\n\r\n\r\n\r\n<p>U\u017e len treba tvrdo maka\u0165. Preto\u017ee tvrd\u00e1 pr\u00e1ca poraz\u00ed talent, ak talent tvrdo nepracuje. Vie to Baines a vlastne preto skon\u010dil svoje dovolenkovanie v USA sk\u00f4r, aby sa vr\u00e1til na Finch Farm e\u0161te pred ofici\u00e1lnym za\u010diatkom letnej pr\u00edpravy. V \u010fal\u0161ej sez\u00f3ne si v jeho veku nem\u00f4\u017ee dovoli\u0165 zav\u00e1hania a podobn\u00fd pr\u00edklad by si mali bra\u0165 aj ostatn\u00ed. Ale bez oh\u013eadu na vek. S oh\u013eadom na Everton&#8230;<\/p>\r\n\r\n\r\n\r\n\r\n\r\n<p>N\u00e1vrat Sigurdssona spolo\u010dne s Gueyem, ktor\u00ed spolo\u010dne na Majstrovstv\u00e1ch sveta skon\u010dili u\u017e v skupinovej f\u00e1ze, sa pl\u00e1nuje po ich dodato\u010dnom vo\u013ene. To by sa malo skon\u010di\u0165 tesne pred v\u00fdletom do Portugalska. Kedy sa pripoj\u00ed Pickford, to je len a len na anglickej dru\u017eine, ktorej je z\u00e1kladn\u00fdm kame\u0148om. Na z\u00e1ver nezab\u00fadame pripoji\u0165 ani program na leto s pozn\u00e1mkou, \u017ee z\u00e1pas s Gor Mahia, v\u00ed\u0165azom SportPesa Cup, ktor\u00e9ho minuloro\u010dn\u00e1 repr\u00edza sa odohr\u00e1 v Goodison Parku, nem\u00e1 st\u00e1le presne stanoven\u00fd d\u00e1tum.<\/p>\r\n\r\n\r\n\r\n<p><em><strong>Pondelok, 2. j\u00fal, 2018<\/strong>\u00a0\u2013 \u0160tart letnej pr\u00edpravy<\/em><br \/><br \/><em><strong>Nede\u013ea, 15. j\u00fal, 2018<\/strong>\u00a0\u2013 Koniec majstrovstiev sveta vo futbale 2018<\/em><br \/><br \/><em><strong>Streda, 18. j\u00fal, 2018<\/strong>\u00a0\u2013 Bury host\u00ed Everton (priate\u013esk\u00fd z\u00e1pas)<\/em><br \/><br \/><em><strong>Sobota, 21. j\u00fal, 2018<\/strong>\u00a0\u2013 Everton vs LOSC Lille (priate\u013esk\u00fd z\u00e1pas, Algarve Cup, Algarve)<\/em><br \/><br \/><em><strong>Nede\u013ea, 22. j\u00fal, 2018<\/strong>\u00a0\u2013 Everton vs FC Porto (priate\u013esk\u00fd z\u00e1pas, Algarve Cup, Algarve)<\/em><br \/><br \/><em><strong>\u0160tvrtok, 26. j\u00fal, 2018<\/strong>\u00a0\u2013 Blackburn Rovers host\u00ed Everton (priate\u013esk\u00fd z\u00e1pas)<\/em><br \/><br \/><em><strong>Sobota, 4. august, 2018<\/strong>\u00a0\u2013 Everton host\u00ed Valenciu (priate\u013esk\u00fd z\u00e1pas)<\/em><br \/><br \/><em><strong>\u0160tvrtok, 9. august, 2018<\/strong>\u00a0\u2013 Zatv\u00e1ra sa prestupov\u00e9 okno Premier League<\/em><br \/><br \/><em><strong>Piatok, 10. august, 2018<\/strong>\u00a0\u2013 Wolverhampton Wanderers host\u00ed Everton (Premier League)<\/em><br \/><br \/><em><strong>Sobota, 18. august, 2018<\/strong>\u00a0\u2013 Everton host\u00ed Southampton (Premier League)<\/em><br \/><br \/><em><strong>Sobota, 25. august, 2018<\/strong>\u00a0\u2013 Bournemouth host\u00ed Everton (Premier League)<\/em><br \/><br \/><em><strong>Piatok, 31. august, 2018<\/strong>\u00a0\u2013 Zatv\u00e1ra sa prestupov\u00e9 okno FIFA.<\/em><\/p>\r\n","protected":false},"excerpt":{"rendered":"<p>Klubov\u00e1 sc\u00e9na znovu pomaly o\u017e\u00edva a nereprezentuj\u00faci hr\u00e1\u010di sa vracaj\u00fa na predsez\u00f3nnu pr\u00edpravu. Marco Silva tak kone\u010dne dost\u00e1va mo\u017enos\u0165 zapo\u010da\u0165&hellip;<\/p>\n","protected":false},"author":1,"featured_media":2024,"comment_status":"open","ping_status":"closed","sticky":false,"template":"","format":"standard","meta":{"_eb_attr":"","_monsterinsights_skip_tracking":false,"_monsterinsights_sitenote_active":false,"_monsterinsights_sitenote_note":"","_monsterinsights_sitenote_category":0,"footnotes":""},"categories":[42],"tags":[],"yoast_head":"<!-- This site is optimized with the Yoast SEO plugin v23.4 - https:\/\/yoast.com\/wordpress\/plugins\/seo\/ -->\n<title>Prv\u00fd de\u0148 nov\u00e9ho re\u017eimu - Official Czech &amp; Slovak Everton Supporters&#039; Club<\/title>\n<meta name=\"robots\" content=\"index, follow, max-snippet:-1, max-image-preview:large, max-video-preview:-1\" \/>\n<link rel=\"canonical\" href=\"https:\/\/evertonfc.cz\/index.php\/2018\/07\/02\/prvy-den-noveho-rezimu\/\" \/>\n<meta property=\"og:locale\" content=\"cs_CZ\" \/>\n<meta property=\"og:type\" content=\"article\" \/>\n<meta property=\"og:title\" content=\"Prv\u00fd de\u0148 nov\u00e9ho re\u017eimu - Official Czech &amp; Slovak Everton Supporters&#039; Club\" \/>\n<meta property=\"og:description\" content=\"Klubov\u00e1 sc\u00e9na znovu pomaly o\u017e\u00edva a nereprezentuj\u00faci hr\u00e1\u010di sa vracaj\u00fa na predsez\u00f3nnu pr\u00edpravu. Marco Silva tak kone\u010dne dost\u00e1va mo\u017enos\u0165 zapo\u010da\u0165&hellip;\" \/>\n<meta property=\"og:url\" content=\"https:\/\/evertonfc.cz\/index.php\/2018\/07\/02\/prvy-den-noveho-rezimu\/\" \/>\n<meta property=\"og:site_name\" content=\"Official Czech &amp; Slovak Everton Supporters&#039; Club\" \/>\n<meta property=\"article:publisher\" content=\"https:\/\/www.facebook.com\/everton.fans.cz.sk\" \/>\n<meta property=\"article:published_time\" content=\"2018-07-02T18:47:52+00:00\" \/>\n<meta property=\"article:modified_time\" content=\"2020-05-14T10:33:04+00:00\" \/>\n<meta property=\"og:image\" content=\"https:\/\/evertonfc.cz\/wp-content\/uploads\/2019\/01\/silva_2_7_2018.jpg\" \/>\n\t<meta property=\"og:image:width\" content=\"720\" \/>\n\t<meta property=\"og:image:height\" content=\"405\" \/>\n\t<meta property=\"og:image:type\" content=\"image\/jpeg\" \/>\n<meta name=\"author\" content=\"BlueBlooded\" \/>\n<meta name=\"twitter:card\" content=\"summary_large_image\" \/>\n<meta name=\"twitter:label1\" content=\"Napsal(a)\" \/>\n\t<meta name=\"twitter:data1\" content=\"BlueBlooded\" \/>\n\t<meta name=\"twitter:label2\" content=\"Odhadovan\u00e1 doba \u010dten\u00ed\" \/>\n\t<meta name=\"twitter:data2\" content=\"3 minuty\" \/>\n<script type=\"application\/ld+json\" class=\"yoast-schema-graph\">{\"@context\":\"https:\/\/schema.org\",\"@graph\":[{\"@type\":\"Article\",\"@id\":\"https:\/\/evertonfc.cz\/index.php\/2018\/07\/02\/prvy-den-noveho-rezimu\/#article\",\"isPartOf\":{\"@id\":\"https:\/\/evertonfc.cz\/index.php\/2018\/07\/02\/prvy-den-noveho-rezimu\/\"},\"author\":{\"name\":\"BlueBlooded\",\"@id\":\"https:\/\/evertonfc.cz\/#\/schema\/person\/d4493b8cbea51532597fbc4685698916\"},\"headline\":\"Prv\u00fd de\u0148 nov\u00e9ho re\u017eimu\",\"datePublished\":\"2018-07-02T18:47:52+00:00\",\"dateModified\":\"2020-05-14T10:33:04+00:00\",\"mainEntityOfPage\":{\"@id\":\"https:\/\/evertonfc.cz\/index.php\/2018\/07\/02\/prvy-den-noveho-rezimu\/\"},\"wordCount\":663,\"commentCount\":0,\"publisher\":{\"@id\":\"https:\/\/evertonfc.cz\/#organization\"},\"image\":{\"@id\":\"https:\/\/evertonfc.cz\/index.php\/2018\/07\/02\/prvy-den-noveho-rezimu\/#primaryimage\"},\"thumbnailUrl\":\"https:\/\/evertonfc.cz\/wp-content\/uploads\/2019\/01\/silva_2_7_2018.jpg\",\"articleSection\":[\"Aktuality\"],\"inLanguage\":\"cs\",\"potentialAction\":[{\"@type\":\"CommentAction\",\"name\":\"Comment\",\"target\":[\"https:\/\/evertonfc.cz\/index.php\/2018\/07\/02\/prvy-den-noveho-rezimu\/#respond\"]}]},{\"@type\":\"WebPage\",\"@id\":\"https:\/\/evertonfc.cz\/index.php\/2018\/07\/02\/prvy-den-noveho-rezimu\/\",\"url\":\"https:\/\/evertonfc.cz\/index.php\/2018\/07\/02\/prvy-den-noveho-rezimu\/\",\"name\":\"Prv\u00fd de\u0148 nov\u00e9ho re\u017eimu - Official Czech &amp; Slovak Everton Supporters&#039; Club\",\"isPartOf\":{\"@id\":\"https:\/\/evertonfc.cz\/#website\"},\"primaryImageOfPage\":{\"@id\":\"https:\/\/evertonfc.cz\/index.php\/2018\/07\/02\/prvy-den-noveho-rezimu\/#primaryimage\"},\"image\":{\"@id\":\"https:\/\/evertonfc.cz\/index.php\/2018\/07\/02\/prvy-den-noveho-rezimu\/#primaryimage\"},\"thumbnailUrl\":\"https:\/\/evertonfc.cz\/wp-content\/uploads\/2019\/01\/silva_2_7_2018.jpg\",\"datePublished\":\"2018-07-02T18:47:52+00:00\",\"dateModified\":\"2020-05-14T10:33:04+00:00\",\"breadcrumb\":{\"@id\":\"https:\/\/evertonfc.cz\/index.php\/2018\/07\/02\/prvy-den-noveho-rezimu\/#breadcrumb\"},\"inLanguage\":\"cs\",\"potentialAction\":[{\"@type\":\"ReadAction\",\"target\":[\"https:\/\/evertonfc.cz\/index.php\/2018\/07\/02\/prvy-den-noveho-rezimu\/\"]}]},{\"@type\":\"ImageObject\",\"inLanguage\":\"cs\",\"@id\":\"https:\/\/evertonfc.cz\/index.php\/2018\/07\/02\/prvy-den-noveho-rezimu\/#primaryimage\",\"url\":\"https:\/\/evertonfc.cz\/wp-content\/uploads\/2019\/01\/silva_2_7_2018.jpg\",\"contentUrl\":\"https:\/\/evertonfc.cz\/wp-content\/uploads\/2019\/01\/silva_2_7_2018.jpg\",\"width\":720,\"height\":405},{\"@type\":\"BreadcrumbList\",\"@id\":\"https:\/\/evertonfc.cz\/index.php\/2018\/07\/02\/prvy-den-noveho-rezimu\/#breadcrumb\",\"itemListElement\":[{\"@type\":\"ListItem\",\"position\":1,\"name\":\"Home\",\"item\":\"https:\/\/evertonfc.cz\/\"},{\"@type\":\"ListItem\",\"position\":2,\"name\":\"Prv\u00fd de\u0148 nov\u00e9ho re\u017eimu\"}]},{\"@type\":\"WebSite\",\"@id\":\"https:\/\/evertonfc.cz\/#website\",\"url\":\"https:\/\/evertonfc.cz\/\",\"name\":\"Official Czech &amp; Slovak Everton Supporters&#039; Club\",\"description\":\"\",\"publisher\":{\"@id\":\"https:\/\/evertonfc.cz\/#organization\"},\"potentialAction\":[{\"@type\":\"SearchAction\",\"target\":{\"@type\":\"EntryPoint\",\"urlTemplate\":\"https:\/\/evertonfc.cz\/?s={search_term_string}\"},\"query-input\":{\"@type\":\"PropertyValueSpecification\",\"valueRequired\":true,\"valueName\":\"search_term_string\"}}],\"inLanguage\":\"cs\"},{\"@type\":\"Organization\",\"@id\":\"https:\/\/evertonfc.cz\/#organization\",\"name\":\"Official Czech & Slovak Everton Supporters' Club\",\"url\":\"https:\/\/evertonfc.cz\/\",\"logo\":{\"@type\":\"ImageObject\",\"inLanguage\":\"cs\",\"@id\":\"https:\/\/evertonfc.cz\/#\/schema\/logo\/image\/\",\"url\":\"https:\/\/evertonfc.cz\/wp-content\/uploads\/2019\/05\/logo.png\",\"contentUrl\":\"https:\/\/evertonfc.cz\/wp-content\/uploads\/2019\/05\/logo.png\",\"width\":112,\"height\":112,\"caption\":\"Official Czech & Slovak Everton Supporters' Club\"},\"image\":{\"@id\":\"https:\/\/evertonfc.cz\/#\/schema\/logo\/image\/\"},\"sameAs\":[\"https:\/\/www.facebook.com\/everton.fans.cz.sk\"]},{\"@type\":\"Person\",\"@id\":\"https:\/\/evertonfc.cz\/#\/schema\/person\/d4493b8cbea51532597fbc4685698916\",\"name\":\"BlueBlooded\",\"url\":\"https:\/\/evertonfc.cz\/index.php\/author\/admin\/\"}]}<\/script>\n<!-- \/ Yoast SEO plugin. -->","yoast_head_json":{"title":"Prv\u00fd de\u0148 nov\u00e9ho re\u017eimu - Official Czech &amp; Slovak Everton Supporters&#039; Club","robots":{"index":"index","follow":"follow","max-snippet":"max-snippet:-1","max-image-preview":"max-image-preview:large","max-video-preview":"max-video-preview:-1"},"canonical":"https:\/\/evertonfc.cz\/index.php\/2018\/07\/02\/prvy-den-noveho-rezimu\/","og_locale":"cs_CZ","og_type":"article","og_title":"Prv\u00fd de\u0148 nov\u00e9ho re\u017eimu - Official Czech &amp; Slovak Everton Supporters&#039; Club","og_description":"Klubov\u00e1 sc\u00e9na znovu pomaly o\u017e\u00edva a nereprezentuj\u00faci hr\u00e1\u010di sa vracaj\u00fa na predsez\u00f3nnu pr\u00edpravu. Marco Silva tak kone\u010dne dost\u00e1va mo\u017enos\u0165 zapo\u010da\u0165&hellip;","og_url":"https:\/\/evertonfc.cz\/index.php\/2018\/07\/02\/prvy-den-noveho-rezimu\/","og_site_name":"Official Czech &amp; Slovak Everton Supporters&#039; Club","article_publisher":"https:\/\/www.facebook.com\/everton.fans.cz.sk","article_published_time":"2018-07-02T18:47:52+00:00","article_modified_time":"2020-05-14T10:33:04+00:00","og_image":[{"width":720,"height":405,"url":"https:\/\/evertonfc.cz\/wp-content\/uploads\/2019\/01\/silva_2_7_2018.jpg","type":"image\/jpeg"}],"author":"BlueBlooded","twitter_card":"summary_large_image","twitter_misc":{"Napsal(a)":"BlueBlooded","Odhadovan\u00e1 doba \u010dten\u00ed":"3 minuty"},"schema":{"@context":"https:\/\/schema.org","@graph":[{"@type":"Article","@id":"https:\/\/evertonfc.cz\/index.php\/2018\/07\/02\/prvy-den-noveho-rezimu\/#article","isPartOf":{"@id":"https:\/\/evertonfc.cz\/index.php\/2018\/07\/02\/prvy-den-noveho-rezimu\/"},"author":{"name":"BlueBlooded","@id":"https:\/\/evertonfc.cz\/#\/schema\/person\/d4493b8cbea51532597fbc4685698916"},"headline":"Prv\u00fd de\u0148 nov\u00e9ho re\u017eimu","datePublished":"2018-07-02T18:47:52+00:00","dateModified":"2020-05-14T10:33:04+00:00","mainEntityOfPage":{"@id":"https:\/\/evertonfc.cz\/index.php\/2018\/07\/02\/prvy-den-noveho-rezimu\/"},"wordCount":663,"commentCount":0,"publisher":{"@id":"https:\/\/evertonfc.cz\/#organization"},"image":{"@id":"https:\/\/evertonfc.cz\/index.php\/2018\/07\/02\/prvy-den-noveho-rezimu\/#primaryimage"},"thumbnailUrl":"https:\/\/evertonfc.cz\/wp-content\/uploads\/2019\/01\/silva_2_7_2018.jpg","articleSection":["Aktuality"],"inLanguage":"cs","potentialAction":[{"@type":"CommentAction","name":"Comment","target":["https:\/\/evertonfc.cz\/index.php\/2018\/07\/02\/prvy-den-noveho-rezimu\/#respond"]}]},{"@type":"WebPage","@id":"https:\/\/evertonfc.cz\/index.php\/2018\/07\/02\/prvy-den-noveho-rezimu\/","url":"https:\/\/evertonfc.cz\/index.php\/2018\/07\/02\/prvy-den-noveho-rezimu\/","name":"Prv\u00fd de\u0148 nov\u00e9ho re\u017eimu - Official Czech &amp; Slovak Everton Supporters&#039; Club","isPartOf":{"@id":"https:\/\/evertonfc.cz\/#website"},"primaryImageOfPage":{"@id":"https:\/\/evertonfc.cz\/index.php\/2018\/07\/02\/prvy-den-noveho-rezimu\/#primaryimage"},"image":{"@id":"https:\/\/evertonfc.cz\/index.php\/2018\/07\/02\/prvy-den-noveho-rezimu\/#primaryimage"},"thumbnailUrl":"https:\/\/evertonfc.cz\/wp-content\/uploads\/2019\/01\/silva_2_7_2018.jpg","datePublished":"2018-07-02T18:47:52+00:00","dateModified":"2020-05-14T10:33:04+00:00","breadcrumb":{"@id":"https:\/\/evertonfc.cz\/index.php\/2018\/07\/02\/prvy-den-noveho-rezimu\/#breadcrumb"},"inLanguage":"cs","potentialAction":[{"@type":"ReadAction","target":["https:\/\/evertonfc.cz\/index.php\/2018\/07\/02\/prvy-den-noveho-rezimu\/"]}]},{"@type":"ImageObject","inLanguage":"cs","@id":"https:\/\/evertonfc.cz\/index.php\/2018\/07\/02\/prvy-den-noveho-rezimu\/#primaryimage","url":"https:\/\/evertonfc.cz\/wp-content\/uploads\/2019\/01\/silva_2_7_2018.jpg","contentUrl":"https:\/\/evertonfc.cz\/wp-content\/uploads\/2019\/01\/silva_2_7_2018.jpg","width":720,"height":405},{"@type":"BreadcrumbList","@id":"https:\/\/evertonfc.cz\/index.php\/2018\/07\/02\/prvy-den-noveho-rezimu\/#breadcrumb","itemListElement":[{"@type":"ListItem","position":1,"name":"Home","item":"https:\/\/evertonfc.cz\/"},{"@type":"ListItem","position":2,"name":"Prv\u00fd de\u0148 nov\u00e9ho re\u017eimu"}]},{"@type":"WebSite","@id":"https:\/\/evertonfc.cz\/#website","url":"https:\/\/evertonfc.cz\/","name":"Official Czech &amp; Slovak Everton Supporters&#039; Club","description":"","publisher":{"@id":"https:\/\/evertonfc.cz\/#organization"},"potentialAction":[{"@type":"SearchAction","target":{"@type":"EntryPoint","urlTemplate":"https:\/\/evertonfc.cz\/?s={search_term_string}"},"query-input":{"@type":"PropertyValueSpecification","valueRequired":true,"valueName":"search_term_string"}}],"inLanguage":"cs"},{"@type":"Organization","@id":"https:\/\/evertonfc.cz\/#organization","name":"Official Czech & Slovak Everton Supporters' Club","url":"https:\/\/evertonfc.cz\/","logo":{"@type":"ImageObject","inLanguage":"cs","@id":"https:\/\/evertonfc.cz\/#\/schema\/logo\/image\/","url":"https:\/\/evertonfc.cz\/wp-content\/uploads\/2019\/05\/logo.png","contentUrl":"https:\/\/evertonfc.cz\/wp-content\/uploads\/2019\/05\/logo.png","width":112,"height":112,"caption":"Official Czech & Slovak Everton Supporters' Club"},"image":{"@id":"https:\/\/evertonfc.cz\/#\/schema\/logo\/image\/"},"sameAs":["https:\/\/www.facebook.com\/everton.fans.cz.sk"]},{"@type":"Person","@id":"https:\/\/evertonfc.cz\/#\/schema\/person\/d4493b8cbea51532597fbc4685698916","name":"BlueBlooded","url":"https:\/\/evertonfc.cz\/index.php\/author\/admin\/"}]}},"_links":{"self":[{"href":"https:\/\/evertonfc.cz\/index.php\/wp-json\/wp\/v2\/posts\/2056"}],"collection":[{"href":"https:\/\/evertonfc.cz\/index.php\/wp-json\/wp\/v2\/posts"}],"about":[{"href":"https:\/\/evertonfc.cz\/index.php\/wp-json\/wp\/v2\/types\/post"}],"author":[{"embeddable":true,"href":"https:\/\/evertonfc.cz\/index.php\/wp-json\/wp\/v2\/users\/1"}],"replies":[{"embeddable":true,"href":"https:\/\/evertonfc.cz\/index.php\/wp-json\/wp\/v2\/comments?post=2056"}],"version-history":[{"count":4,"href":"https:\/\/evertonfc.cz\/index.php\/wp-json\/wp\/v2\/posts\/2056\/revisions"}],"predecessor-version":[{"id":10916,"href":"https:\/\/evertonfc.cz\/index.php\/wp-json\/wp\/v2\/posts\/2056\/revisions\/10916"}],"wp:featuredmedia":[{"embeddable":true,"href":"https:\/\/evertonfc.cz\/index.php\/wp-json\/wp\/v2\/media\/2024"}],"wp:attachment":[{"href":"https:\/\/evertonfc.cz\/index.php\/wp-json\/wp\/v2\/media?parent=2056"}],"wp:term":[{"taxonomy":"category","embeddable":true,"href":"https:\/\/evertonfc.cz\/index.php\/wp-json\/wp\/v2\/categories?post=2056"},{"taxonomy":"post_tag","embeddable":true,"href":"https:\/\/evertonfc.cz\/index.php\/wp-json\/wp\/v2\/tags?post=2056"}],"curies":[{"name":"wp","href":"https:\/\/api.w.org\/{rel}","templated":true}]}}