{"id":20563,"date":"2023-01-01T19:37:01","date_gmt":"2023-01-01T18:37:01","guid":{"rendered":"https:\/\/evertonfc.cz\/?p=20563"},"modified":"2023-01-01T19:42:42","modified_gmt":"2023-01-01T18:42:42","slug":"manchester-city-everton-11-4","status":"publish","type":"post","link":"https:\/\/evertonfc.cz\/index.php\/2023\/01\/01\/manchester-city-everton-11-4\/","title":{"rendered":"Manchester City \u2013 Everton 1:1"},"content":{"rendered":"<h4>Demarai Gray sa stal Lampardov\u00fdm hrdinom, ke\u010f zaknihoval v\u00f4bec prv\u00fd g\u00f3lovo \u00faspe\u0161n\u00fd brejk v\u00a0tejto sez\u00f3ne. Frank tak z\u00edskal trpezlivos\u0165 na dvoch pr\u00edvetiv\u00fdch s\u00faperov.<\/h4>\n<p>\u00d3 \u00e1no, op\u00e4\u0165 raz ovplyv\u0148ujeme boj o\u00a0titul v\u00a0Anglicku! Sme nepredv\u00eddate\u013en\u00e1 hybnos\u0165 na v\u00e1\u017ekach \u0165a\u017ekoton\u00e1\u017enych kolosov, ktor\u00e9 pri vlastnej samozrejmosti zab\u00fadaj\u00fa na tak\u00e9 mal\u00e9, no d\u00f4le\u017eit\u00e9 detaily ako je Everton. Potom sa st\u00e1va, \u017ee zrazu nech\u00e1pete, pre\u010do to nejde samo od seba, a\u00a0h\u013ead\u00e1te v\u00fdhovorky pre vlastn\u00fa v\u00fdkonov\u00fa sublim\u00e1ciu.<\/p>\n<p>Karamelky i\u0161li do z\u00e1pasu celkom pochopite\u013ene s\u00a0obmenou form\u00e1cie, kde v\u00a0obrane pribudla n\u00f3rska poistka Godfrey, a\u00a0Minu vystriedal Coady. Mina toti\u017e chytil chr\u00edpku, ako rovnako indisponovan\u00fd Gordon. Pod\u013ea vyjadren\u00ed e\u0161te v piatok mierne nachladnut\u00e9ho Lamparda sa d\u00e1 o\u010dak\u00e1va\u0165, \u017ee do utorka to e\u0161te niekoho ovplyvn\u00ed. Tre\u0165ou zmenou bol Gray na hrote s\u00a0Calvertom-Lewinom, ktor\u00fd posadil Maupaya.<\/p>\n<h4><strong>1.pol\u010das<\/strong><\/h4>\n<p>Hralo sa, ako inak, takmer v\u00fdhradne na polovici host\u00ed. Ale ani nie z\u00a0don\u00fatenia, sk\u00f4r z\u00a0nedostatku presved\u010denia vlastn\u00fdmi schopnos\u0165ami. Lamentova\u0165 v\u0161ak nad zbyto\u010dn\u00fdm vz\u00fdvan\u00edm tlaku v\u00a0hrnci netreba, vieme toti\u017e, kde za\u010d\u00ednaj\u00fa a kon\u010dia ment\u00e1lne hranice tohto mu\u017estva. Preto oslavujme, \u017ee sme sa po 24 min\u00fatach nezosypali.<\/p>\n<p>Vtedy akur\u00e1t Mahrez vycvi\u010dil Mykolenka, aby mohol prihra\u0165 uvo\u013enujuc\u00e9mu sa Haalandovi, ktor\u00fd aj so \u0161\u0165ast\u00edm zakon\u010dil. Pickford toti\u017e ne\u0161\u0165astne te\u010doval loptu o centimetra ved\u013ea. A Coadyho chystan\u00fd odkop z \u010diary sa minul \u00fa\u010dinku. <strong>1:0<\/strong>, \u0161koda. Na vzt\u00fd\u010den\u00fd detstk\u00fd hrebeniok Haalanda sa pozeralo len s\u00a0ve\u013ekou nechu\u0165ou. A\u00a0u\u010desa\u0165 ho do \u0161atne tesne pre prest\u00e1vkou sa neodv\u00e1\u017eil ani rozhodca. Za skosenie Mykolenka zozadu bez lopty a\u00a0n\u00e1sledn\u00fd \u00fanik pred ru\u017eov\u00fdm protestantmi. Zbabelec!<\/p>\n<h4>\u00a0<strong>2.pol\u010das<\/strong><\/h4>\n<p>Druh\u00fd pol\u010das hral EFC do kar\u00e1t. Dejstvo spomalili dlhotrvaj\u00face technick\u00e9 postrann\u00e9ho rozhodcu, po\u010das ktor\u00fdch s\u00faper nevedel zaradi\u0165 vy\u0161\u0161ie obr\u00e1tky. Ako po\u010das cel\u00e9ho stretnutia. To sa mu stalo osudn\u00fdm, ke\u010f\u017ee Everton u\u017e aj v\u00a0prvom pol\u010dase nach\u00e1dzal \u0161tipky odvahy na \u00faseky loptovej dominancie. T\u00e1 v\u0161ak neniesla \u00fato\u010dn\u00fa hrozbu.<\/p>\n<p>Naopak, r\u00fdchle kontry boli presved\u010divej\u0161ie. Ako t\u00e1 zo 64. min\u00faty. Gueye na vlastnej polovici zachytil prihr\u00e1vku Rodriho, a\u00a0nev\u00e1hal vysun\u00fa\u0165 p\u00fdtaj\u00faceho sa Graya do matematicky nepresved\u010div\u00e9ho \u00faniku dva na \u0161tyri. Ten si pomohol Mykolenkov\u00fdm n\u00e1behom na zakrytie skuto\u010dn\u00fdch \u00famyslov. Dramatick\u00e9 po\u0161myknutie pre div\u00e1kov korunoval \u0161tip\u013eav\u00fdm zakon\u010den\u00edm pod brvno na <strong>1:1<\/strong>.<\/p>\n<p>Zvy\u0161ok duelu sme postr\u00e1\u017eili v r\u00e9\u017eii Pickforda. Ten si dal pozor pri centri na Mahreza v sedemdesiatej, aj pri jeho strele v osemdesiatej druhej min\u00fate. Do konca riadnej hracej doby a aj dvan\u00e1s\u0165min\u00fatov\u00e9ho nadstavenia sa toho moc neudialo. Svoje si v\u0161ak uznanlivo odbr\u00e1nili poctivo Iwobi s Grayom, ke\u010f aj v z\u00e1vere vynikali v snahe a s\u00fastredenosti. Na z\u00e1ver e\u0161te kon\u0161tatujeme, \u017ee Onana si Brighton odsed\u00ed za naakumulovan\u00fdch p\u00e4\u0165 \u017elt\u00fdch kariet, a ak niekto nevedel, Keane nebol na lavi\u010dke kv\u00f4li zraneniu kolena v rozvi\u010dke.<\/p>\n<h4><strong>Frank Lampard po z\u00e1pase:<\/strong><\/h4>\n<blockquote><p><span style=\"font-size: 12pt;\"><em>\u201ePok\u00fa\u0161ame \u0161\u0165astenu. Minul\u00fd t\u00fd\u017ede\u0148 sme si vo v\u00fdsledku zasl\u00fa\u017eili viac. Niekedy sa v\u00e1m futbal odv\u010fa\u010d\u00ed r\u00f4znymi sp\u00f4sobmi. M\u00e1me dva dom\u00e1ce z\u00e1pasy v lige a mus\u00edme z\u00edska\u0165 nejak\u00e9 body. Ale mus\u00edme bojova\u0165 o ka\u017ed\u00fd k\u00fasok. Toto je pre n\u00e1s ve\u013ek\u00fd bod. Zostali sme v hre a dostali, \u010do sme si zasl\u00fa\u017eili. \u013dudia od n\u00e1s o\u010dak\u00e1vali reakciu, tak\u017ee sme sa museli obh\u00e1ji\u0165 v\u00fdkonom. Zatia\u013e sme ni\u010d nedosiahli, ale proti Brightonu mus\u00edme tento v\u00fdsledok posun\u00fa\u0165 \u010falej.\u201c<\/em><\/span><\/p><\/blockquote>\n<h4 style=\"text-align: center;\"><strong>\u0160tatistick\u00e9 okienko:<\/strong><\/h4>\n<ul>\n<li>Everton z\u00edskal svoj prv\u00fd na ihrisku The Citizens v lige od augusta 2017 (1:1), pri\u010dom je to prv\u00fdkr\u00e1t, \u010do sa vyhol por\u00e1\u017eke, ke\u010f musel do\u0165ahova\u0165 na Etihad sk\u00f3re.<\/li>\n<li>G\u00f3l Demaraia Graya proti Manchestru City bol prv\u00fdm g\u00f3lom, ktor\u00fd Everton strelil z proti\u00fatoku v Premier League v tejto sez\u00f3ne.<\/li>\n<li>T\u00e1to rem\u00edza ukon\u010dila proti City s\u00e9riu 10 prehier za sebou vo v\u0161etk\u00fdch s\u00fa\u0165a\u017eiach.<\/li>\n<li>Everton dovolil Haalandovi iba 2 strely v\u00a0z\u00e1pase. Obe v\u00a01. pol\u010dase (1 g\u00f3l, 1 strela mimo). Haaland mal v druhom dokonca iba 3 dotyky v \u0161estn\u00e1stke EFC, z toho 1 v ofsajde.<\/li>\n<\/ul>\n<h3 style=\"text-align: center;\"><span style=\"color: #3366ff;\"><em><strong>Come on you Blues !!!<\/strong><\/em><\/span><\/h3>\n<p style=\"text-align: right;\"><span style=\"font-size: 8pt;\">(fotozdroj: evertonfc.com)<\/span><\/p>\n<p><strong>Zostrihy + z\u00e1pas:<\/strong> <a href=\"https:\/\/footyfull.com\/premier-league\/manchester-city-vs-everton-31-12-2022\/\" target=\"_blank\" rel=\"noopener\">footyfull.com<\/a>\u00a0 <strong>Mu\u017e z\u00e1pasu redakcie:<\/strong> Demarai Gray<\/p>\n<p><strong>G\u00f3ly:<\/strong> 24\u00b4 Haaland (Mahrez), 64\u00b4 Gray (Gueye)<\/p>\n<p><strong>\u017dlt\u00e9 karty:<\/strong> 16\u00b4 Silva, 30\u00b4 De Bruyne, 33\u00b4 Patterson, 44\u00b4 Haaland, 45\u00b4 Tarkowski, 63\u00b4 Onana.<\/p>\n<p>90+10\u00b4 Maupay<\/p>\n<p><strong>Manchester City FC:<\/strong> Ederson \u2013 Stones, Akanji, Ak\u00e9 \u2013 Lewis (87\u00b4 G\u00fcndo\u011fan), De Bruyne, Rodri, Silva (87\u00b4 \u00c1lvarez) \u2013 Mahrez, Haaland, Grealish (87\u00b4 Foden)<\/p>\n<p><strong>Everton FC:<\/strong> Pickford \u2013 Patterson (70\u00b4 Coleman), Godfrey (90+2\u00b4 Doucour\u00e9), Coady, Tarkowski, Mykolenko \u2013 Gueye (78\u00b4 Davies), Onana, Iwobi \u2013 Gray, Calvert-Lewin (70\u00b4 Maupay)<\/p>\n<p><strong>Rozhodca:<\/strong> Andrew Madley\u00a0 <strong>Div\u00e1ci:<\/strong> 53 444<\/p>\n","protected":false},"excerpt":{"rendered":"<p>Demarai Gray sa stal Lampardov\u00fdm hrdinom, ke\u010f zaknihoval v\u00f4bec prv\u00fd g\u00f3lovo \u00faspe\u0161n\u00fd brejk v\u00a0tejto sez\u00f3ne. Frank tak z\u00edskal trpezlivos\u0165 na dvoch pr\u00edvetiv\u00fdch s\u00faperov.<\/p>\n","protected":false},"author":1,"featured_media":20564,"comment_status":"open","ping_status":"closed","sticky":false,"template":"","format":"standard","meta":{"_eb_attr":"","_monsterinsights_skip_tracking":false,"_monsterinsights_sitenote_active":false,"_monsterinsights_sitenote_note":"","_monsterinsights_sitenote_category":0,"footnotes":""},"categories":[4],"tags":[],"yoast_head":"<!-- This site is optimized with the Yoast SEO plugin v23.4 - https:\/\/yoast.com\/wordpress\/plugins\/seo\/ -->\n<title>Manchester City \u2013 Everton 1:1 - Official Czech &amp; Slovak Everton Supporters&#039; Club<\/title>\n<meta name=\"robots\" content=\"index, follow, max-snippet:-1, max-image-preview:large, max-video-preview:-1\" \/>\n<link rel=\"canonical\" href=\"https:\/\/evertonfc.cz\/index.php\/2023\/01\/01\/manchester-city-everton-11-4\/\" \/>\n<meta property=\"og:locale\" content=\"cs_CZ\" \/>\n<meta property=\"og:type\" content=\"article\" \/>\n<meta property=\"og:title\" content=\"Manchester City \u2013 Everton 1:1 - Official Czech &amp; Slovak Everton Supporters&#039; Club\" \/>\n<meta property=\"og:description\" content=\"Demarai Gray sa stal Lampardov\u00fdm hrdinom, ke\u010f zaknihoval v\u00f4bec prv\u00fd g\u00f3lovo \u00faspe\u0161n\u00fd brejk v\u00a0tejto sez\u00f3ne. Frank tak z\u00edskal trpezlivos\u0165 na dvoch pr\u00edvetiv\u00fdch s\u00faperov.\" \/>\n<meta property=\"og:url\" content=\"https:\/\/evertonfc.cz\/index.php\/2023\/01\/01\/manchester-city-everton-11-4\/\" \/>\n<meta property=\"og:site_name\" content=\"Official Czech &amp; Slovak Everton Supporters&#039; Club\" \/>\n<meta property=\"article:publisher\" content=\"https:\/\/www.facebook.com\/everton.fans.cz.sk\" \/>\n<meta property=\"article:published_time\" content=\"2023-01-01T18:37:01+00:00\" \/>\n<meta property=\"article:modified_time\" content=\"2023-01-01T18:42:42+00:00\" \/>\n<meta property=\"og:image\" content=\"https:\/\/evertonfc.cz\/wp-content\/uploads\/2023\/01\/Demarai-Gray-2-vs-Manchester-City-1-1-2023.jpg\" \/>\n\t<meta property=\"og:image:width\" content=\"720\" \/>\n\t<meta property=\"og:image:height\" content=\"405\" \/>\n\t<meta property=\"og:image:type\" content=\"image\/jpeg\" \/>\n<meta name=\"author\" content=\"BlueBlooded\" \/>\n<meta name=\"twitter:card\" content=\"summary_large_image\" \/>\n<meta name=\"twitter:label1\" content=\"Napsal(a)\" \/>\n\t<meta name=\"twitter:data1\" content=\"BlueBlooded\" \/>\n\t<meta name=\"twitter:label2\" content=\"Odhadovan\u00e1 doba \u010dten\u00ed\" \/>\n\t<meta name=\"twitter:data2\" content=\"4 minuty\" \/>\n<script type=\"application\/ld+json\" class=\"yoast-schema-graph\">{\"@context\":\"https:\/\/schema.org\",\"@graph\":[{\"@type\":\"Article\",\"@id\":\"https:\/\/evertonfc.cz\/index.php\/2023\/01\/01\/manchester-city-everton-11-4\/#article\",\"isPartOf\":{\"@id\":\"https:\/\/evertonfc.cz\/index.php\/2023\/01\/01\/manchester-city-everton-11-4\/\"},\"author\":{\"name\":\"BlueBlooded\",\"@id\":\"https:\/\/evertonfc.cz\/#\/schema\/person\/d4493b8cbea51532597fbc4685698916\"},\"headline\":\"Manchester City \u2013 Everton 1:1\",\"datePublished\":\"2023-01-01T18:37:01+00:00\",\"dateModified\":\"2023-01-01T18:42:42+00:00\",\"mainEntityOfPage\":{\"@id\":\"https:\/\/evertonfc.cz\/index.php\/2023\/01\/01\/manchester-city-everton-11-4\/\"},\"wordCount\":854,\"commentCount\":0,\"publisher\":{\"@id\":\"https:\/\/evertonfc.cz\/#organization\"},\"image\":{\"@id\":\"https:\/\/evertonfc.cz\/index.php\/2023\/01\/01\/manchester-city-everton-11-4\/#primaryimage\"},\"thumbnailUrl\":\"https:\/\/evertonfc.cz\/wp-content\/uploads\/2023\/01\/Demarai-Gray-2-vs-Manchester-City-1-1-2023.jpg\",\"articleSection\":[\"Z\u00e1pasy\"],\"inLanguage\":\"cs\",\"potentialAction\":[{\"@type\":\"CommentAction\",\"name\":\"Comment\",\"target\":[\"https:\/\/evertonfc.cz\/index.php\/2023\/01\/01\/manchester-city-everton-11-4\/#respond\"]}]},{\"@type\":\"WebPage\",\"@id\":\"https:\/\/evertonfc.cz\/index.php\/2023\/01\/01\/manchester-city-everton-11-4\/\",\"url\":\"https:\/\/evertonfc.cz\/index.php\/2023\/01\/01\/manchester-city-everton-11-4\/\",\"name\":\"Manchester City \u2013 Everton 1:1 - Official Czech &amp; Slovak Everton Supporters&#039; Club\",\"isPartOf\":{\"@id\":\"https:\/\/evertonfc.cz\/#website\"},\"primaryImageOfPage\":{\"@id\":\"https:\/\/evertonfc.cz\/index.php\/2023\/01\/01\/manchester-city-everton-11-4\/#primaryimage\"},\"image\":{\"@id\":\"https:\/\/evertonfc.cz\/index.php\/2023\/01\/01\/manchester-city-everton-11-4\/#primaryimage\"},\"thumbnailUrl\":\"https:\/\/evertonfc.cz\/wp-content\/uploads\/2023\/01\/Demarai-Gray-2-vs-Manchester-City-1-1-2023.jpg\",\"datePublished\":\"2023-01-01T18:37:01+00:00\",\"dateModified\":\"2023-01-01T18:42:42+00:00\",\"breadcrumb\":{\"@id\":\"https:\/\/evertonfc.cz\/index.php\/2023\/01\/01\/manchester-city-everton-11-4\/#breadcrumb\"},\"inLanguage\":\"cs\",\"potentialAction\":[{\"@type\":\"ReadAction\",\"target\":[\"https:\/\/evertonfc.cz\/index.php\/2023\/01\/01\/manchester-city-everton-11-4\/\"]}]},{\"@type\":\"ImageObject\",\"inLanguage\":\"cs\",\"@id\":\"https:\/\/evertonfc.cz\/index.php\/2023\/01\/01\/manchester-city-everton-11-4\/#primaryimage\",\"url\":\"https:\/\/evertonfc.cz\/wp-content\/uploads\/2023\/01\/Demarai-Gray-2-vs-Manchester-City-1-1-2023.jpg\",\"contentUrl\":\"https:\/\/evertonfc.cz\/wp-content\/uploads\/2023\/01\/Demarai-Gray-2-vs-Manchester-City-1-1-2023.jpg\",\"width\":720,\"height\":405},{\"@type\":\"BreadcrumbList\",\"@id\":\"https:\/\/evertonfc.cz\/index.php\/2023\/01\/01\/manchester-city-everton-11-4\/#breadcrumb\",\"itemListElement\":[{\"@type\":\"ListItem\",\"position\":1,\"name\":\"Home\",\"item\":\"https:\/\/evertonfc.cz\/\"},{\"@type\":\"ListItem\",\"position\":2,\"name\":\"Manchester City \u2013 Everton 1:1\"}]},{\"@type\":\"WebSite\",\"@id\":\"https:\/\/evertonfc.cz\/#website\",\"url\":\"https:\/\/evertonfc.cz\/\",\"name\":\"Official Czech &amp; Slovak Everton Supporters&#039; Club\",\"description\":\"\",\"publisher\":{\"@id\":\"https:\/\/evertonfc.cz\/#organization\"},\"potentialAction\":[{\"@type\":\"SearchAction\",\"target\":{\"@type\":\"EntryPoint\",\"urlTemplate\":\"https:\/\/evertonfc.cz\/?s={search_term_string}\"},\"query-input\":{\"@type\":\"PropertyValueSpecification\",\"valueRequired\":true,\"valueName\":\"search_term_string\"}}],\"inLanguage\":\"cs\"},{\"@type\":\"Organization\",\"@id\":\"https:\/\/evertonfc.cz\/#organization\",\"name\":\"Official Czech & Slovak Everton Supporters' Club\",\"url\":\"https:\/\/evertonfc.cz\/\",\"logo\":{\"@type\":\"ImageObject\",\"inLanguage\":\"cs\",\"@id\":\"https:\/\/evertonfc.cz\/#\/schema\/logo\/image\/\",\"url\":\"https:\/\/evertonfc.cz\/wp-content\/uploads\/2019\/05\/logo.png\",\"contentUrl\":\"https:\/\/evertonfc.cz\/wp-content\/uploads\/2019\/05\/logo.png\",\"width\":112,\"height\":112,\"caption\":\"Official Czech & Slovak Everton Supporters' Club\"},\"image\":{\"@id\":\"https:\/\/evertonfc.cz\/#\/schema\/logo\/image\/\"},\"sameAs\":[\"https:\/\/www.facebook.com\/everton.fans.cz.sk\"]},{\"@type\":\"Person\",\"@id\":\"https:\/\/evertonfc.cz\/#\/schema\/person\/d4493b8cbea51532597fbc4685698916\",\"name\":\"BlueBlooded\",\"url\":\"https:\/\/evertonfc.cz\/index.php\/author\/admin\/\"}]}<\/script>\n<!-- \/ Yoast SEO plugin. -->","yoast_head_json":{"title":"Manchester City \u2013 Everton 1:1 - Official Czech &amp; Slovak Everton Supporters&#039; Club","robots":{"index":"index","follow":"follow","max-snippet":"max-snippet:-1","max-image-preview":"max-image-preview:large","max-video-preview":"max-video-preview:-1"},"canonical":"https:\/\/evertonfc.cz\/index.php\/2023\/01\/01\/manchester-city-everton-11-4\/","og_locale":"cs_CZ","og_type":"article","og_title":"Manchester City \u2013 Everton 1:1 - Official Czech &amp; Slovak Everton Supporters&#039; Club","og_description":"Demarai Gray sa stal Lampardov\u00fdm hrdinom, ke\u010f zaknihoval v\u00f4bec prv\u00fd g\u00f3lovo \u00faspe\u0161n\u00fd brejk v\u00a0tejto sez\u00f3ne. Frank tak z\u00edskal trpezlivos\u0165 na dvoch pr\u00edvetiv\u00fdch s\u00faperov.","og_url":"https:\/\/evertonfc.cz\/index.php\/2023\/01\/01\/manchester-city-everton-11-4\/","og_site_name":"Official Czech &amp; Slovak Everton Supporters&#039; Club","article_publisher":"https:\/\/www.facebook.com\/everton.fans.cz.sk","article_published_time":"2023-01-01T18:37:01+00:00","article_modified_time":"2023-01-01T18:42:42+00:00","og_image":[{"width":720,"height":405,"url":"https:\/\/evertonfc.cz\/wp-content\/uploads\/2023\/01\/Demarai-Gray-2-vs-Manchester-City-1-1-2023.jpg","type":"image\/jpeg"}],"author":"BlueBlooded","twitter_card":"summary_large_image","twitter_misc":{"Napsal(a)":"BlueBlooded","Odhadovan\u00e1 doba \u010dten\u00ed":"4 minuty"},"schema":{"@context":"https:\/\/schema.org","@graph":[{"@type":"Article","@id":"https:\/\/evertonfc.cz\/index.php\/2023\/01\/01\/manchester-city-everton-11-4\/#article","isPartOf":{"@id":"https:\/\/evertonfc.cz\/index.php\/2023\/01\/01\/manchester-city-everton-11-4\/"},"author":{"name":"BlueBlooded","@id":"https:\/\/evertonfc.cz\/#\/schema\/person\/d4493b8cbea51532597fbc4685698916"},"headline":"Manchester City \u2013 Everton 1:1","datePublished":"2023-01-01T18:37:01+00:00","dateModified":"2023-01-01T18:42:42+00:00","mainEntityOfPage":{"@id":"https:\/\/evertonfc.cz\/index.php\/2023\/01\/01\/manchester-city-everton-11-4\/"},"wordCount":854,"commentCount":0,"publisher":{"@id":"https:\/\/evertonfc.cz\/#organization"},"image":{"@id":"https:\/\/evertonfc.cz\/index.php\/2023\/01\/01\/manchester-city-everton-11-4\/#primaryimage"},"thumbnailUrl":"https:\/\/evertonfc.cz\/wp-content\/uploads\/2023\/01\/Demarai-Gray-2-vs-Manchester-City-1-1-2023.jpg","articleSection":["Z\u00e1pasy"],"inLanguage":"cs","potentialAction":[{"@type":"CommentAction","name":"Comment","target":["https:\/\/evertonfc.cz\/index.php\/2023\/01\/01\/manchester-city-everton-11-4\/#respond"]}]},{"@type":"WebPage","@id":"https:\/\/evertonfc.cz\/index.php\/2023\/01\/01\/manchester-city-everton-11-4\/","url":"https:\/\/evertonfc.cz\/index.php\/2023\/01\/01\/manchester-city-everton-11-4\/","name":"Manchester City \u2013 Everton 1:1 - Official Czech &amp; Slovak Everton Supporters&#039; Club","isPartOf":{"@id":"https:\/\/evertonfc.cz\/#website"},"primaryImageOfPage":{"@id":"https:\/\/evertonfc.cz\/index.php\/2023\/01\/01\/manchester-city-everton-11-4\/#primaryimage"},"image":{"@id":"https:\/\/evertonfc.cz\/index.php\/2023\/01\/01\/manchester-city-everton-11-4\/#primaryimage"},"thumbnailUrl":"https:\/\/evertonfc.cz\/wp-content\/uploads\/2023\/01\/Demarai-Gray-2-vs-Manchester-City-1-1-2023.jpg","datePublished":"2023-01-01T18:37:01+00:00","dateModified":"2023-01-01T18:42:42+00:00","breadcrumb":{"@id":"https:\/\/evertonfc.cz\/index.php\/2023\/01\/01\/manchester-city-everton-11-4\/#breadcrumb"},"inLanguage":"cs","potentialAction":[{"@type":"ReadAction","target":["https:\/\/evertonfc.cz\/index.php\/2023\/01\/01\/manchester-city-everton-11-4\/"]}]},{"@type":"ImageObject","inLanguage":"cs","@id":"https:\/\/evertonfc.cz\/index.php\/2023\/01\/01\/manchester-city-everton-11-4\/#primaryimage","url":"https:\/\/evertonfc.cz\/wp-content\/uploads\/2023\/01\/Demarai-Gray-2-vs-Manchester-City-1-1-2023.jpg","contentUrl":"https:\/\/evertonfc.cz\/wp-content\/uploads\/2023\/01\/Demarai-Gray-2-vs-Manchester-City-1-1-2023.jpg","width":720,"height":405},{"@type":"BreadcrumbList","@id":"https:\/\/evertonfc.cz\/index.php\/2023\/01\/01\/manchester-city-everton-11-4\/#breadcrumb","itemListElement":[{"@type":"ListItem","position":1,"name":"Home","item":"https:\/\/evertonfc.cz\/"},{"@type":"ListItem","position":2,"name":"Manchester City \u2013 Everton 1:1"}]},{"@type":"WebSite","@id":"https:\/\/evertonfc.cz\/#website","url":"https:\/\/evertonfc.cz\/","name":"Official Czech &amp; Slovak Everton Supporters&#039; Club","description":"","publisher":{"@id":"https:\/\/evertonfc.cz\/#organization"},"potentialAction":[{"@type":"SearchAction","target":{"@type":"EntryPoint","urlTemplate":"https:\/\/evertonfc.cz\/?s={search_term_string}"},"query-input":{"@type":"PropertyValueSpecification","valueRequired":true,"valueName":"search_term_string"}}],"inLanguage":"cs"},{"@type":"Organization","@id":"https:\/\/evertonfc.cz\/#organization","name":"Official Czech & Slovak Everton Supporters' Club","url":"https:\/\/evertonfc.cz\/","logo":{"@type":"ImageObject","inLanguage":"cs","@id":"https:\/\/evertonfc.cz\/#\/schema\/logo\/image\/","url":"https:\/\/evertonfc.cz\/wp-content\/uploads\/2019\/05\/logo.png","contentUrl":"https:\/\/evertonfc.cz\/wp-content\/uploads\/2019\/05\/logo.png","width":112,"height":112,"caption":"Official Czech & Slovak Everton Supporters' Club"},"image":{"@id":"https:\/\/evertonfc.cz\/#\/schema\/logo\/image\/"},"sameAs":["https:\/\/www.facebook.com\/everton.fans.cz.sk"]},{"@type":"Person","@id":"https:\/\/evertonfc.cz\/#\/schema\/person\/d4493b8cbea51532597fbc4685698916","name":"BlueBlooded","url":"https:\/\/evertonfc.cz\/index.php\/author\/admin\/"}]}},"_links":{"self":[{"href":"https:\/\/evertonfc.cz\/index.php\/wp-json\/wp\/v2\/posts\/20563"}],"collection":[{"href":"https:\/\/evertonfc.cz\/index.php\/wp-json\/wp\/v2\/posts"}],"about":[{"href":"https:\/\/evertonfc.cz\/index.php\/wp-json\/wp\/v2\/types\/post"}],"author":[{"embeddable":true,"href":"https:\/\/evertonfc.cz\/index.php\/wp-json\/wp\/v2\/users\/1"}],"replies":[{"embeddable":true,"href":"https:\/\/evertonfc.cz\/index.php\/wp-json\/wp\/v2\/comments?post=20563"}],"version-history":[{"count":3,"href":"https:\/\/evertonfc.cz\/index.php\/wp-json\/wp\/v2\/posts\/20563\/revisions"}],"predecessor-version":[{"id":20567,"href":"https:\/\/evertonfc.cz\/index.php\/wp-json\/wp\/v2\/posts\/20563\/revisions\/20567"}],"wp:featuredmedia":[{"embeddable":true,"href":"https:\/\/evertonfc.cz\/index.php\/wp-json\/wp\/v2\/media\/20564"}],"wp:attachment":[{"href":"https:\/\/evertonfc.cz\/index.php\/wp-json\/wp\/v2\/media?parent=20563"}],"wp:term":[{"taxonomy":"category","embeddable":true,"href":"https:\/\/evertonfc.cz\/index.php\/wp-json\/wp\/v2\/categories?post=20563"},{"taxonomy":"post_tag","embeddable":true,"href":"https:\/\/evertonfc.cz\/index.php\/wp-json\/wp\/v2\/tags?post=20563"}],"curies":[{"name":"wp","href":"https:\/\/api.w.org\/{rel}","templated":true}]}}