{"id":2058,"date":"2018-07-05T20:48:58","date_gmt":"2018-07-05T18:48:58","guid":{"rendered":"http:\/\/evertonfc.cz\/?p=2058"},"modified":"2019-02-01T12:46:04","modified_gmt":"2019-02-01T11:46:04","slug":"robles-podepsal-smlouvu-s-betisem","status":"publish","type":"post","link":"https:\/\/evertonfc.cz\/index.php\/2018\/07\/05\/robles-podepsal-smlouvu-s-betisem\/","title":{"rendered":"Robles podepsal smlouvu s Betisem"},"content":{"rendered":"\n<p>Brank\u00e1\u0159 Joel Robles se p\u011bkn\u00fdm gestem rozlou\u010dil s Evertonem a z\u00e1hy nato byl p\u0159edstaven jako posila \u0161pan\u011blsk\u00e9ho Betisu, s n\u00edm\u017e podepsal smlouvu na \u010dty\u0159i roky.<\/p>\n\n\n\n<p>28let\u00e9mu g\u00f3lmanovi vypr\u0161el v Evertonu p\u011btilet\u00fd kontrakt, a tak do Betisu&nbsp;zam\u00ed\u0159il jako voln\u00fd hr\u00e1\u010d.<\/p>\n\n\n\n<p>Robles, jedna z&nbsp;prvn\u00edch posil mana\u017eera Roberta Mart\u00edneze, p\u0159ich\u00e1zel do Evertonu s ambicemi z\u00edskat pozici jedni\u010dky, co\u017e se mu v\u0161ak na del\u0161\u00ed dobu poda\u0159ilo jenom v sez\u00f3n\u011b 2016\/17, kdy vyu\u017eil zran\u011bn\u00ed Maartena Stekelenburga a m\u00edsto mezi t\u0159emi ty\u010demi obsazoval ve druh\u00e9 polovin\u011b ro\u010dn\u00edku. Po lo\u0148sk\u00e9m n\u00e1kupu Jordana Pickforda ale op\u011bt usedl na lavi\u010dku n\u00e1hradn\u00edk\u016f.<\/p>\n\n\n\n<p>V d\u0159\u00edv\u011bj\u0161\u00ed f\u00e1zi p\u016fsoben\u00ed na Goodison Parku pro zm\u011bnu jistil z\u00e1da Timu Howardovi, t\u0159eba\u017ee v sez\u00f3n\u00e1ch 2014\/15 a 2015\/16 si p\u0159i st\u00e1le vrtkav\u011bj\u0161\u00ed form\u011b Ameri\u010dana vyslou\u017eil \u0161ance v n\u011bkolika po sob\u011b jdouc\u00edch z\u00e1pasech.<\/p>\n\n\n\n<p>Celkem za Toffees odchytal 65 utk\u00e1n\u00ed a zaznamenal 25 \u010dist\u00fdch kont.<\/p>\n\n\n\n<p>I p\u0159es ne\u00fasp\u011b\u0161nou snahu st\u00e1t se dlouhodobou branka\u0159skou oporou ale pat\u0159il mezi obl\u00edbence Evertonians. Popularitu si vyslou\u017eil za profesion\u00e1ln\u00ed p\u0159\u00edstup a neskr\u00fdvanou oddanost ke klubov\u00fdm barv\u00e1m. Tato slova jenom deklaruje jeho dne\u0161n\u00ed rozlou\u010den\u00ed p\u0159es soci\u00e1ln\u00ed s\u00edt\u011b:<\/p>\n\n\n\n<p><em>\u201eDrah\u00e1 evertonsk\u00e1 rodino,<\/em><\/p>\n\n\n\n<p><em>c\u00edt\u00edm se poct\u011bn, \u017ee jsem m\u011bl p\u0159\u00edle\u017eitost obl\u00e9kat dres tak skv\u011bl\u00e9ho klubu, jak\u00fdm je Everton, a \u017ee jsem mohl p\u011bt let nastupovat p\u0159ed skv\u011bl\u00fdmi fanou\u0161ky&nbsp;na Goodison Parku.<\/em><\/p>\n\n\n\n<p><em>Pro\u017eil jsem p\u011bt nezapomenuteln\u00fdch sez\u00f3n, b\u011bhem nich\u017e jsem tvrd\u011b pracoval, abych se v&nbsp;z\u00e1pasech neust\u00e1le zdokonaloval a abych reprezentoval velikost klubu.<\/em><\/p>\n\n\n\n<p><em>V\u011bzte, \u017ee na ka\u017ed\u00fd odchytan\u00fd z\u00e1pas v Evertonu bude vzpom\u00ednat se ct\u00ed a hrdost\u00ed. Tak\u00e9 bych r\u00e1d zm\u00ednil \u00fa\u017easn\u00e9 zach\u00e1zen\u00ed, kter\u00e9 se mi po celou dobu dost\u00e1valo od p\u0159edsedy, mana\u017eer\u016f, realiza\u010dn\u00edho t\u00fdmu, spoluhr\u00e1\u010d\u016f a klubov\u00fdch pracovn\u00edk\u016f.<\/em><\/p>\n\n\n\n<p><em>Ka\u017ed\u00e9mu z v\u00e1s bych ale p\u0159edev\u0161\u00edm r\u00e1d pod\u011bkoval, \u017ee jsem si p\u0159ipadal jako jeden z va\u0161ich vlastn\u00edch.\u201c<\/em><\/p>\n\n\n\n<p>V Betisu se m\u016f\u017ee t\u011b\u0161it na Evropskou ligu, kterou si sevillsk\u00fd celek zajistil d\u00edky \u0161est\u00e9mu m\u00edstu v lo\u0148sk\u00e9 sez\u00f3n\u011b La Ligy.<\/p>\n\n\n\n<p>Zat\u00edm nen\u00ed jasn\u00e9, zda sportovn\u00ed \u0159editel Brands a mana\u017eer Silva budou na Robles\u016fv odchod n\u011bjak reagovat, \u010di si do nadch\u00e1zej\u00edc\u00edho ro\u010dn\u00edku vysta\u010d\u00ed s g\u00f3lmanskou dvojic\u00ed Pickford-Stekelenburg.<br><\/p>\n","protected":false},"excerpt":{"rendered":"<p>Brank\u00e1\u0159 Joel Robles se p\u011bkn\u00fdm gestem rozlou\u010dil s Evertonem a z\u00e1hy nato byl p\u0159edstaven jako posila \u0161pan\u011blsk\u00e9ho Betisu, s n\u00edm\u017e&hellip;<\/p>\n","protected":false},"author":6,"featured_media":2021,"comment_status":"open","ping_status":"closed","sticky":false,"template":"","format":"standard","meta":{"_eb_attr":"","_monsterinsights_skip_tracking":false,"_monsterinsights_sitenote_active":false,"_monsterinsights_sitenote_note":"","_monsterinsights_sitenote_category":0,"footnotes":""},"categories":[41],"tags":[],"yoast_head":"<!-- This site is optimized with the Yoast SEO plugin v23.4 - https:\/\/yoast.com\/wordpress\/plugins\/seo\/ -->\n<title>Robles podepsal smlouvu s Betisem - Official Czech &amp; Slovak Everton Supporters&#039; Club<\/title>\n<meta name=\"robots\" content=\"index, follow, max-snippet:-1, max-image-preview:large, max-video-preview:-1\" \/>\n<link rel=\"canonical\" href=\"https:\/\/evertonfc.cz\/index.php\/2018\/07\/05\/robles-podepsal-smlouvu-s-betisem\/\" \/>\n<meta property=\"og:locale\" content=\"cs_CZ\" \/>\n<meta property=\"og:type\" content=\"article\" \/>\n<meta property=\"og:title\" content=\"Robles podepsal smlouvu s Betisem - Official Czech &amp; Slovak Everton Supporters&#039; Club\" \/>\n<meta property=\"og:description\" content=\"Brank\u00e1\u0159 Joel Robles se p\u011bkn\u00fdm gestem rozlou\u010dil s Evertonem a z\u00e1hy nato byl p\u0159edstaven jako posila \u0161pan\u011blsk\u00e9ho Betisu, s n\u00edm\u017e&hellip;\" \/>\n<meta property=\"og:url\" content=\"https:\/\/evertonfc.cz\/index.php\/2018\/07\/05\/robles-podepsal-smlouvu-s-betisem\/\" \/>\n<meta property=\"og:site_name\" content=\"Official Czech &amp; Slovak Everton Supporters&#039; Club\" \/>\n<meta property=\"article:publisher\" content=\"https:\/\/www.facebook.com\/everton.fans.cz.sk\" \/>\n<meta property=\"article:published_time\" content=\"2018-07-05T18:48:58+00:00\" \/>\n<meta property=\"article:modified_time\" content=\"2019-02-01T11:46:04+00:00\" \/>\n<meta property=\"og:image\" content=\"https:\/\/evertonfc.cz\/wp-content\/uploads\/2019\/01\/robles_5_7_2018.jpg\" \/>\n\t<meta property=\"og:image:width\" content=\"720\" \/>\n\t<meta property=\"og:image:height\" content=\"405\" \/>\n\t<meta property=\"og:image:type\" content=\"image\/jpeg\" \/>\n<meta name=\"author\" content=\"Ri\u010di\" \/>\n<meta name=\"twitter:card\" content=\"summary_large_image\" \/>\n<meta name=\"twitter:creator\" content=\"@rbrejsa\" \/>\n<meta name=\"twitter:label1\" content=\"Napsal(a)\" \/>\n\t<meta name=\"twitter:data1\" content=\"Ri\u010di\" \/>\n\t<meta name=\"twitter:label2\" content=\"Odhadovan\u00e1 doba \u010dten\u00ed\" \/>\n\t<meta name=\"twitter:data2\" content=\"2 minuty\" \/>\n<script type=\"application\/ld+json\" class=\"yoast-schema-graph\">{\"@context\":\"https:\/\/schema.org\",\"@graph\":[{\"@type\":\"Article\",\"@id\":\"https:\/\/evertonfc.cz\/index.php\/2018\/07\/05\/robles-podepsal-smlouvu-s-betisem\/#article\",\"isPartOf\":{\"@id\":\"https:\/\/evertonfc.cz\/index.php\/2018\/07\/05\/robles-podepsal-smlouvu-s-betisem\/\"},\"author\":{\"name\":\"Ri\u010di\",\"@id\":\"https:\/\/evertonfc.cz\/#\/schema\/person\/f7a5daedb2ffee98480bc70e191aaef1\"},\"headline\":\"Robles podepsal smlouvu s Betisem\",\"datePublished\":\"2018-07-05T18:48:58+00:00\",\"dateModified\":\"2019-02-01T11:46:04+00:00\",\"mainEntityOfPage\":{\"@id\":\"https:\/\/evertonfc.cz\/index.php\/2018\/07\/05\/robles-podepsal-smlouvu-s-betisem\/\"},\"wordCount\":470,\"commentCount\":0,\"publisher\":{\"@id\":\"https:\/\/evertonfc.cz\/#organization\"},\"image\":{\"@id\":\"https:\/\/evertonfc.cz\/index.php\/2018\/07\/05\/robles-podepsal-smlouvu-s-betisem\/#primaryimage\"},\"thumbnailUrl\":\"https:\/\/evertonfc.cz\/wp-content\/uploads\/2019\/01\/robles_5_7_2018.jpg\",\"articleSection\":[\"P\u0159estupy\"],\"inLanguage\":\"cs\",\"potentialAction\":[{\"@type\":\"CommentAction\",\"name\":\"Comment\",\"target\":[\"https:\/\/evertonfc.cz\/index.php\/2018\/07\/05\/robles-podepsal-smlouvu-s-betisem\/#respond\"]}]},{\"@type\":\"WebPage\",\"@id\":\"https:\/\/evertonfc.cz\/index.php\/2018\/07\/05\/robles-podepsal-smlouvu-s-betisem\/\",\"url\":\"https:\/\/evertonfc.cz\/index.php\/2018\/07\/05\/robles-podepsal-smlouvu-s-betisem\/\",\"name\":\"Robles podepsal smlouvu s Betisem - Official Czech &amp; Slovak Everton Supporters&#039; Club\",\"isPartOf\":{\"@id\":\"https:\/\/evertonfc.cz\/#website\"},\"primaryImageOfPage\":{\"@id\":\"https:\/\/evertonfc.cz\/index.php\/2018\/07\/05\/robles-podepsal-smlouvu-s-betisem\/#primaryimage\"},\"image\":{\"@id\":\"https:\/\/evertonfc.cz\/index.php\/2018\/07\/05\/robles-podepsal-smlouvu-s-betisem\/#primaryimage\"},\"thumbnailUrl\":\"https:\/\/evertonfc.cz\/wp-content\/uploads\/2019\/01\/robles_5_7_2018.jpg\",\"datePublished\":\"2018-07-05T18:48:58+00:00\",\"dateModified\":\"2019-02-01T11:46:04+00:00\",\"breadcrumb\":{\"@id\":\"https:\/\/evertonfc.cz\/index.php\/2018\/07\/05\/robles-podepsal-smlouvu-s-betisem\/#breadcrumb\"},\"inLanguage\":\"cs\",\"potentialAction\":[{\"@type\":\"ReadAction\",\"target\":[\"https:\/\/evertonfc.cz\/index.php\/2018\/07\/05\/robles-podepsal-smlouvu-s-betisem\/\"]}]},{\"@type\":\"ImageObject\",\"inLanguage\":\"cs\",\"@id\":\"https:\/\/evertonfc.cz\/index.php\/2018\/07\/05\/robles-podepsal-smlouvu-s-betisem\/#primaryimage\",\"url\":\"https:\/\/evertonfc.cz\/wp-content\/uploads\/2019\/01\/robles_5_7_2018.jpg\",\"contentUrl\":\"https:\/\/evertonfc.cz\/wp-content\/uploads\/2019\/01\/robles_5_7_2018.jpg\",\"width\":720,\"height\":405},{\"@type\":\"BreadcrumbList\",\"@id\":\"https:\/\/evertonfc.cz\/index.php\/2018\/07\/05\/robles-podepsal-smlouvu-s-betisem\/#breadcrumb\",\"itemListElement\":[{\"@type\":\"ListItem\",\"position\":1,\"name\":\"Home\",\"item\":\"https:\/\/evertonfc.cz\/\"},{\"@type\":\"ListItem\",\"position\":2,\"name\":\"Robles podepsal smlouvu s Betisem\"}]},{\"@type\":\"WebSite\",\"@id\":\"https:\/\/evertonfc.cz\/#website\",\"url\":\"https:\/\/evertonfc.cz\/\",\"name\":\"Official Czech &amp; Slovak Everton Supporters&#039; Club\",\"description\":\"\",\"publisher\":{\"@id\":\"https:\/\/evertonfc.cz\/#organization\"},\"potentialAction\":[{\"@type\":\"SearchAction\",\"target\":{\"@type\":\"EntryPoint\",\"urlTemplate\":\"https:\/\/evertonfc.cz\/?s={search_term_string}\"},\"query-input\":{\"@type\":\"PropertyValueSpecification\",\"valueRequired\":true,\"valueName\":\"search_term_string\"}}],\"inLanguage\":\"cs\"},{\"@type\":\"Organization\",\"@id\":\"https:\/\/evertonfc.cz\/#organization\",\"name\":\"Official Czech & Slovak Everton Supporters' Club\",\"url\":\"https:\/\/evertonfc.cz\/\",\"logo\":{\"@type\":\"ImageObject\",\"inLanguage\":\"cs\",\"@id\":\"https:\/\/evertonfc.cz\/#\/schema\/logo\/image\/\",\"url\":\"https:\/\/evertonfc.cz\/wp-content\/uploads\/2019\/05\/logo.png\",\"contentUrl\":\"https:\/\/evertonfc.cz\/wp-content\/uploads\/2019\/05\/logo.png\",\"width\":112,\"height\":112,\"caption\":\"Official Czech & Slovak Everton Supporters' Club\"},\"image\":{\"@id\":\"https:\/\/evertonfc.cz\/#\/schema\/logo\/image\/\"},\"sameAs\":[\"https:\/\/www.facebook.com\/everton.fans.cz.sk\"]},{\"@type\":\"Person\",\"@id\":\"https:\/\/evertonfc.cz\/#\/schema\/person\/f7a5daedb2ffee98480bc70e191aaef1\",\"name\":\"Ri\u010di\",\"sameAs\":[\"https:\/\/x.com\/rbrejsa\"],\"url\":\"https:\/\/evertonfc.cz\/index.php\/author\/rici\/\"}]}<\/script>\n<!-- \/ Yoast SEO plugin. -->","yoast_head_json":{"title":"Robles podepsal smlouvu s Betisem - Official Czech &amp; Slovak Everton Supporters&#039; Club","robots":{"index":"index","follow":"follow","max-snippet":"max-snippet:-1","max-image-preview":"max-image-preview:large","max-video-preview":"max-video-preview:-1"},"canonical":"https:\/\/evertonfc.cz\/index.php\/2018\/07\/05\/robles-podepsal-smlouvu-s-betisem\/","og_locale":"cs_CZ","og_type":"article","og_title":"Robles podepsal smlouvu s Betisem - Official Czech &amp; Slovak Everton Supporters&#039; Club","og_description":"Brank\u00e1\u0159 Joel Robles se p\u011bkn\u00fdm gestem rozlou\u010dil s Evertonem a z\u00e1hy nato byl p\u0159edstaven jako posila \u0161pan\u011blsk\u00e9ho Betisu, s n\u00edm\u017e&hellip;","og_url":"https:\/\/evertonfc.cz\/index.php\/2018\/07\/05\/robles-podepsal-smlouvu-s-betisem\/","og_site_name":"Official Czech &amp; Slovak Everton Supporters&#039; Club","article_publisher":"https:\/\/www.facebook.com\/everton.fans.cz.sk","article_published_time":"2018-07-05T18:48:58+00:00","article_modified_time":"2019-02-01T11:46:04+00:00","og_image":[{"width":720,"height":405,"url":"https:\/\/evertonfc.cz\/wp-content\/uploads\/2019\/01\/robles_5_7_2018.jpg","type":"image\/jpeg"}],"author":"Ri\u010di","twitter_card":"summary_large_image","twitter_creator":"@rbrejsa","twitter_misc":{"Napsal(a)":"Ri\u010di","Odhadovan\u00e1 doba \u010dten\u00ed":"2 minuty"},"schema":{"@context":"https:\/\/schema.org","@graph":[{"@type":"Article","@id":"https:\/\/evertonfc.cz\/index.php\/2018\/07\/05\/robles-podepsal-smlouvu-s-betisem\/#article","isPartOf":{"@id":"https:\/\/evertonfc.cz\/index.php\/2018\/07\/05\/robles-podepsal-smlouvu-s-betisem\/"},"author":{"name":"Ri\u010di","@id":"https:\/\/evertonfc.cz\/#\/schema\/person\/f7a5daedb2ffee98480bc70e191aaef1"},"headline":"Robles podepsal smlouvu s Betisem","datePublished":"2018-07-05T18:48:58+00:00","dateModified":"2019-02-01T11:46:04+00:00","mainEntityOfPage":{"@id":"https:\/\/evertonfc.cz\/index.php\/2018\/07\/05\/robles-podepsal-smlouvu-s-betisem\/"},"wordCount":470,"commentCount":0,"publisher":{"@id":"https:\/\/evertonfc.cz\/#organization"},"image":{"@id":"https:\/\/evertonfc.cz\/index.php\/2018\/07\/05\/robles-podepsal-smlouvu-s-betisem\/#primaryimage"},"thumbnailUrl":"https:\/\/evertonfc.cz\/wp-content\/uploads\/2019\/01\/robles_5_7_2018.jpg","articleSection":["P\u0159estupy"],"inLanguage":"cs","potentialAction":[{"@type":"CommentAction","name":"Comment","target":["https:\/\/evertonfc.cz\/index.php\/2018\/07\/05\/robles-podepsal-smlouvu-s-betisem\/#respond"]}]},{"@type":"WebPage","@id":"https:\/\/evertonfc.cz\/index.php\/2018\/07\/05\/robles-podepsal-smlouvu-s-betisem\/","url":"https:\/\/evertonfc.cz\/index.php\/2018\/07\/05\/robles-podepsal-smlouvu-s-betisem\/","name":"Robles podepsal smlouvu s Betisem - Official Czech &amp; Slovak Everton Supporters&#039; Club","isPartOf":{"@id":"https:\/\/evertonfc.cz\/#website"},"primaryImageOfPage":{"@id":"https:\/\/evertonfc.cz\/index.php\/2018\/07\/05\/robles-podepsal-smlouvu-s-betisem\/#primaryimage"},"image":{"@id":"https:\/\/evertonfc.cz\/index.php\/2018\/07\/05\/robles-podepsal-smlouvu-s-betisem\/#primaryimage"},"thumbnailUrl":"https:\/\/evertonfc.cz\/wp-content\/uploads\/2019\/01\/robles_5_7_2018.jpg","datePublished":"2018-07-05T18:48:58+00:00","dateModified":"2019-02-01T11:46:04+00:00","breadcrumb":{"@id":"https:\/\/evertonfc.cz\/index.php\/2018\/07\/05\/robles-podepsal-smlouvu-s-betisem\/#breadcrumb"},"inLanguage":"cs","potentialAction":[{"@type":"ReadAction","target":["https:\/\/evertonfc.cz\/index.php\/2018\/07\/05\/robles-podepsal-smlouvu-s-betisem\/"]}]},{"@type":"ImageObject","inLanguage":"cs","@id":"https:\/\/evertonfc.cz\/index.php\/2018\/07\/05\/robles-podepsal-smlouvu-s-betisem\/#primaryimage","url":"https:\/\/evertonfc.cz\/wp-content\/uploads\/2019\/01\/robles_5_7_2018.jpg","contentUrl":"https:\/\/evertonfc.cz\/wp-content\/uploads\/2019\/01\/robles_5_7_2018.jpg","width":720,"height":405},{"@type":"BreadcrumbList","@id":"https:\/\/evertonfc.cz\/index.php\/2018\/07\/05\/robles-podepsal-smlouvu-s-betisem\/#breadcrumb","itemListElement":[{"@type":"ListItem","position":1,"name":"Home","item":"https:\/\/evertonfc.cz\/"},{"@type":"ListItem","position":2,"name":"Robles podepsal smlouvu s Betisem"}]},{"@type":"WebSite","@id":"https:\/\/evertonfc.cz\/#website","url":"https:\/\/evertonfc.cz\/","name":"Official Czech &amp; Slovak Everton Supporters&#039; Club","description":"","publisher":{"@id":"https:\/\/evertonfc.cz\/#organization"},"potentialAction":[{"@type":"SearchAction","target":{"@type":"EntryPoint","urlTemplate":"https:\/\/evertonfc.cz\/?s={search_term_string}"},"query-input":{"@type":"PropertyValueSpecification","valueRequired":true,"valueName":"search_term_string"}}],"inLanguage":"cs"},{"@type":"Organization","@id":"https:\/\/evertonfc.cz\/#organization","name":"Official Czech & Slovak Everton Supporters' Club","url":"https:\/\/evertonfc.cz\/","logo":{"@type":"ImageObject","inLanguage":"cs","@id":"https:\/\/evertonfc.cz\/#\/schema\/logo\/image\/","url":"https:\/\/evertonfc.cz\/wp-content\/uploads\/2019\/05\/logo.png","contentUrl":"https:\/\/evertonfc.cz\/wp-content\/uploads\/2019\/05\/logo.png","width":112,"height":112,"caption":"Official Czech & Slovak Everton Supporters' Club"},"image":{"@id":"https:\/\/evertonfc.cz\/#\/schema\/logo\/image\/"},"sameAs":["https:\/\/www.facebook.com\/everton.fans.cz.sk"]},{"@type":"Person","@id":"https:\/\/evertonfc.cz\/#\/schema\/person\/f7a5daedb2ffee98480bc70e191aaef1","name":"Ri\u010di","sameAs":["https:\/\/x.com\/rbrejsa"],"url":"https:\/\/evertonfc.cz\/index.php\/author\/rici\/"}]}},"_links":{"self":[{"href":"https:\/\/evertonfc.cz\/index.php\/wp-json\/wp\/v2\/posts\/2058"}],"collection":[{"href":"https:\/\/evertonfc.cz\/index.php\/wp-json\/wp\/v2\/posts"}],"about":[{"href":"https:\/\/evertonfc.cz\/index.php\/wp-json\/wp\/v2\/types\/post"}],"author":[{"embeddable":true,"href":"https:\/\/evertonfc.cz\/index.php\/wp-json\/wp\/v2\/users\/6"}],"replies":[{"embeddable":true,"href":"https:\/\/evertonfc.cz\/index.php\/wp-json\/wp\/v2\/comments?post=2058"}],"version-history":[{"count":2,"href":"https:\/\/evertonfc.cz\/index.php\/wp-json\/wp\/v2\/posts\/2058\/revisions"}],"predecessor-version":[{"id":2119,"href":"https:\/\/evertonfc.cz\/index.php\/wp-json\/wp\/v2\/posts\/2058\/revisions\/2119"}],"wp:featuredmedia":[{"embeddable":true,"href":"https:\/\/evertonfc.cz\/index.php\/wp-json\/wp\/v2\/media\/2021"}],"wp:attachment":[{"href":"https:\/\/evertonfc.cz\/index.php\/wp-json\/wp\/v2\/media?parent=2058"}],"wp:term":[{"taxonomy":"category","embeddable":true,"href":"https:\/\/evertonfc.cz\/index.php\/wp-json\/wp\/v2\/categories?post=2058"},{"taxonomy":"post_tag","embeddable":true,"href":"https:\/\/evertonfc.cz\/index.php\/wp-json\/wp\/v2\/tags?post=2058"}],"curies":[{"name":"wp","href":"https:\/\/api.w.org\/{rel}","templated":true}]}}